{"id":7512,"date":"2023-09-23T21:21:00","date_gmt":"2023-09-23T19:21:00","guid":{"rendered":"https:\/\/www.bechmann.org\/amphibium\/?p=7512"},"modified":"2024-03-13T19:55:26","modified_gmt":"2024-03-13T18:55:26","slug":"cabrio-tour-spanien-iii-estepona-marbella","status":"publish","type":"post","link":"https:\/\/www.bechmann.org\/amphibium\/cabrio-tour-spanien-iii-estepona-marbella\/","title":{"rendered":"Cabrio-Tour Spanien I\/III: Estepona &#038; Marbella"},"content":{"rendered":"\n<figure data-wp-context=\"{&quot;imageId&quot;:&quot;69f1e834c9fd4&quot;}\" data-wp-interactive=\"core\/image\" data-wp-key=\"69f1e834c9fd4\" class=\"wp-block-image size-large wp-lightbox-container\"><img data-recalc-dims=\"1\" loading=\"lazy\" decoding=\"async\" width=\"625\" height=\"469\" data-attachment-id=\"7377\" data-permalink=\"https:\/\/www.bechmann.org\/amphibium\/20230923_182338\/\" data-orig-file=\"https:\/\/i0.wp.com\/www.bechmann.org\/amphibium\/wp-content\/uploads\/20230923_182338-scaled.jpg?fit=2560%2C1920&amp;ssl=1\" data-orig-size=\"2560,1920\" data-comments-opened=\"0\" data-image-meta=\"{&quot;aperture&quot;:&quot;2.8&quot;,&quot;credit&quot;:&quot;&quot;,&quot;camera&quot;:&quot;XQ-CT54&quot;,&quot;caption&quot;:&quot;&quot;,&quot;created_timestamp&quot;:&quot;1695493418&quot;,&quot;copyright&quot;:&quot;&quot;,&quot;focal_length&quot;:&quot;14.5&quot;,&quot;iso&quot;:&quot;32&quot;,&quot;shutter_speed&quot;:&quot;0.0015625&quot;,&quot;title&quot;:&quot;&quot;,&quot;orientation&quot;:&quot;1&quot;}\" data-image-title=\"\" data-image-description=\"\" data-image-caption=\"\" data-large-file=\"https:\/\/i0.wp.com\/www.bechmann.org\/amphibium\/wp-content\/uploads\/20230923_182338-scaled.jpg?fit=625%2C469&amp;ssl=1\" data-wp-class--hide=\"state.isContentHidden\" data-wp-class--show=\"state.isContentVisible\" data-wp-init=\"callbacks.setButtonStyles\" data-wp-on--click=\"actions.showLightbox\" data-wp-on--load=\"callbacks.setButtonStyles\" data-wp-on-window--resize=\"callbacks.setButtonStyles\" src=\"https:\/\/i0.wp.com\/www.bechmann.org\/amphibium\/wp-content\/uploads\/20230923_182338.jpg?resize=625%2C469&#038;ssl=1\" alt=\"\" class=\"wp-image-7377\" srcset=\"https:\/\/i0.wp.com\/www.bechmann.org\/amphibium\/wp-content\/uploads\/20230923_182338-scaled.jpg?resize=1024%2C768&amp;ssl=1 1024w, https:\/\/i0.wp.com\/www.bechmann.org\/amphibium\/wp-content\/uploads\/20230923_182338-scaled.jpg?resize=300%2C225&amp;ssl=1 300w, https:\/\/i0.wp.com\/www.bechmann.org\/amphibium\/wp-content\/uploads\/20230923_182338-scaled.jpg?resize=768%2C576&amp;ssl=1 768w, https:\/\/i0.wp.com\/www.bechmann.org\/amphibium\/wp-content\/uploads\/20230923_182338-scaled.jpg?resize=1536%2C1152&amp;ssl=1 1536w, https:\/\/i0.wp.com\/www.bechmann.org\/amphibium\/wp-content\/uploads\/20230923_182338-scaled.jpg?resize=2048%2C1536&amp;ssl=1 2048w, https:\/\/i0.wp.com\/www.bechmann.org\/amphibium\/wp-content\/uploads\/20230923_182338-scaled.jpg?resize=624%2C468&amp;ssl=1 624w, https:\/\/i0.wp.com\/www.bechmann.org\/amphibium\/wp-content\/uploads\/20230923_182338-scaled.jpg?w=1250&amp;ssl=1 1250w, https:\/\/i0.wp.com\/www.bechmann.org\/amphibium\/wp-content\/uploads\/20230923_182338-scaled.jpg?w=1875&amp;ssl=1 1875w\" sizes=\"auto, (max-width: 625px) 100vw, 625px\" \/><button\n\t\t\tclass=\"lightbox-trigger\"\n\t\t\ttype=\"button\"\n\t\t\taria-haspopup=\"dialog\"\n\t\t\taria-label=\"Vergr\u00f6\u00dfern\"\n\t\t\tdata-wp-init=\"callbacks.initTriggerButton\"\n\t\t\tdata-wp-on--click=\"actions.showLightbox\"\n\t\t\tdata-wp-style--right=\"state.imageButtonRight\"\n\t\t\tdata-wp-style--top=\"state.imageButtonTop\"\n\t\t>\n\t\t\t<svg xmlns=\"http:\/\/www.w3.org\/2000\/svg\" width=\"12\" height=\"12\" fill=\"none\" viewBox=\"0 0 12 12\">\n\t\t\t\t<path fill=\"#fff\" d=\"M2 0a2 2 0 0 0-2 2v2h1.5V2a.5.5 0 0 1 .5-.5h2V0H2Zm2 10.5H2a.5.5 0 0 1-.5-.5V8H0v2a2 2 0 0 0 2 2h2v-1.5ZM8 12v-1.5h2a.5.5 0 0 0 .5-.5V8H12v2a2 2 0 0 1-2 2H8Zm2-12a2 2 0 0 1 2 2v2h-1.5V2a.5.5 0 0 0-.5-.5H8V0h2Z\" \/>\n\t\t\t<\/svg>\n\t\t<\/button><\/figure>\n\n\n\n<p>Einige Kilometer die Mittelmeerk\u00fcste hoch pr\u00e4sentiert sich <a href=\"https:\/\/de.wikipedia.org\/wiki\/Estepona\" data-type=\"link\" data-id=\"https:\/\/de.wikipedia.org\/wiki\/Estepona\">Estepona <\/a>h\u00fcbsch und farbenfroh attraktiv f\u00fcr Touristen und dennoch &#8211; im September zumindest &#8211; recht ruhig und zur\u00fcckhaltend. In der Nebensaison also ertr\u00e4glich. In den Wohnseitgassen hinter der Uferpromenade sogar weitgehend ohne Touristen. Herausgeputzt, aber fast nat\u00fcrlich; es scheinen hier tats\u00e4chlich einfach Menschen zu wohnen.<\/p>\n\n\n\n<p>Aber windig heute. Und das Wasser ist bei 21 Grad\u2026 da sind kaum Leute im Meer. Abends essen wir auf einer <em>Plaza <\/em>mit Springbrunnen und einer lauten M\u00e4nner-Gesellschaft aus Briten und Amis am Nebentisch. Und einem &#8211; spanischen &#8211; Ober aus Kassel, der flie\u00dfend und akzentfrei deutsch spricht. Der meint, dass er nur seinem Bruder (oder Cousin?) in dessen Gesch\u00e4ft aushilft.<\/p>\n\n\n\n<!--more-->\n\n\n\n<p><em>(Aufs Bild klicken, um eine gro\u00dfe Version mit Bildbeschreibung zu sehen&#8230;)<\/em><\/p>\n\n\n\n<div class=\"wp-block-jetpack-tiled-gallery aligncenter is-style-rectangular\"><div class=\"tiled-gallery__gallery\"><div class=\"tiled-gallery__row\"><div class=\"tiled-gallery__col\" style=\"flex-basis:46.86099%\"><figure class=\"tiled-gallery__item\"><img decoding=\"async\" data-attachment-id=\"7374\" data-permalink=\"https:\/\/www.bechmann.org\/amphibium\/20230921_180506-edit\/\" data-orig-file=\"https:\/\/i0.wp.com\/www.bechmann.org\/amphibium\/wp-content\/uploads\/20230921_180506-EDIT-scaled.jpg?fit=2560%2C1920&amp;ssl=1\" data-orig-size=\"2560,1920\" data-comments-opened=\"0\" data-image-meta=\"{&quot;aperture&quot;:&quot;0&quot;,&quot;credit&quot;:&quot;&quot;,&quot;camera&quot;:&quot;&quot;,&quot;caption&quot;:&quot;&quot;,&quot;created_timestamp&quot;:&quot;0&quot;,&quot;copyright&quot;:&quot;&quot;,&quot;focal_length&quot;:&quot;0&quot;,&quot;iso&quot;:&quot;0&quot;,&quot;shutter_speed&quot;:&quot;0&quot;,&quot;title&quot;:&quot;&quot;,&quot;orientation&quot;:&quot;0&quot;}\" data-image-title=\"\" data-image-description=\"\" data-image-caption=\"&lt;p&gt;Biti an der Strandpromenade&lt;\/p&gt;\n\" data-large-file=\"https:\/\/i0.wp.com\/www.bechmann.org\/amphibium\/wp-content\/uploads\/20230921_180506-EDIT-scaled.jpg?fit=625%2C469&amp;ssl=1\" data-attachment-id=\"7374\" data-permalink=\"https:\/\/www.bechmann.org\/amphibium\/20230921_180506-edit\/\" data-orig-file=\"https:\/\/i0.wp.com\/www.bechmann.org\/amphibium\/wp-content\/uploads\/20230921_180506-EDIT-scaled.jpg?fit=2560%2C1920&amp;ssl=1\" data-orig-size=\"2560,1920\" data-comments-opened=\"0\" data-image-meta=\"{&quot;aperture&quot;:&quot;0&quot;,&quot;credit&quot;:&quot;&quot;,&quot;camera&quot;:&quot;&quot;,&quot;caption&quot;:&quot;&quot;,&quot;created_timestamp&quot;:&quot;0&quot;,&quot;copyright&quot;:&quot;&quot;,&quot;focal_length&quot;:&quot;0&quot;,&quot;iso&quot;:&quot;0&quot;,&quot;shutter_speed&quot;:&quot;0&quot;,&quot;title&quot;:&quot;&quot;,&quot;orientation&quot;:&quot;0&quot;}\" data-image-title=\"\" data-image-description=\"\" data-image-caption=\"&lt;p&gt;Biti an der Strandpromenade&lt;\/p&gt;\n\" data-large-file=\"https:\/\/i0.wp.com\/www.bechmann.org\/amphibium\/wp-content\/uploads\/20230921_180506-EDIT-scaled.jpg?fit=625%2C469&amp;ssl=1\" role=\"button\" tabindex=\"0\" aria-label=\"Bild\u00a01 von 5 im Vollbildmodus \u00f6ffnen\"srcset=\"https:\/\/i2.wp.com\/www.bechmann.org\/amphibium\/wp-content\/uploads\/20230921_180506-EDIT-1024x768.jpg?strip=info&#038;w=600&#038;ssl=1 600w,https:\/\/i2.wp.com\/www.bechmann.org\/amphibium\/wp-content\/uploads\/20230921_180506-EDIT-1024x768.jpg?strip=info&#038;w=900&#038;ssl=1 900w,https:\/\/i2.wp.com\/www.bechmann.org\/amphibium\/wp-content\/uploads\/20230921_180506-EDIT-1024x768.jpg?strip=info&#038;w=1200&#038;ssl=1 1200w,https:\/\/i2.wp.com\/www.bechmann.org\/amphibium\/wp-content\/uploads\/20230921_180506-EDIT-1024x768.jpg?strip=info&#038;w=1500&#038;ssl=1 1500w,https:\/\/i2.wp.com\/www.bechmann.org\/amphibium\/wp-content\/uploads\/20230921_180506-EDIT-1024x768.jpg?strip=info&#038;w=1800&#038;ssl=1 1800w,https:\/\/i2.wp.com\/www.bechmann.org\/amphibium\/wp-content\/uploads\/20230921_180506-EDIT-1024x768.jpg?strip=info&#038;w=2000&#038;ssl=1 2000w\" alt=\"\" data-height=\"1920\" data-id=\"7374\" data-link=\"https:\/\/www.bechmann.org\/amphibium\/20230921_180506-edit\/\" data-url=\"https:\/\/www.bechmann.org\/amphibium\/wp-content\/uploads\/20230921_180506-EDIT-1024x768.jpg\" data-width=\"2560\" src=\"https:\/\/i2.wp.com\/www.bechmann.org\/amphibium\/wp-content\/uploads\/20230921_180506-EDIT-1024x768.jpg?ssl=1\" data-amp-layout=\"responsive\"\/><\/figure><figure class=\"tiled-gallery__item\"><img decoding=\"async\" data-attachment-id=\"7371\" data-permalink=\"https:\/\/www.bechmann.org\/amphibium\/20230921_163702\/\" data-orig-file=\"https:\/\/i0.wp.com\/www.bechmann.org\/amphibium\/wp-content\/uploads\/20230921_163702-scaled.jpg?fit=2560%2C1920&amp;ssl=1\" data-orig-size=\"2560,1920\" data-comments-opened=\"0\" data-image-meta=\"{&quot;aperture&quot;:&quot;2.3&quot;,&quot;credit&quot;:&quot;&quot;,&quot;camera&quot;:&quot;XQ-CT54&quot;,&quot;caption&quot;:&quot;&quot;,&quot;created_timestamp&quot;:&quot;1695314222&quot;,&quot;copyright&quot;:&quot;&quot;,&quot;focal_length&quot;:&quot;10.22&quot;,&quot;iso&quot;:&quot;50&quot;,&quot;shutter_speed&quot;:&quot;0.001&quot;,&quot;title&quot;:&quot;&quot;,&quot;orientation&quot;:&quot;1&quot;}\" data-image-title=\"\" data-image-description=\"\" data-image-caption=\"&lt;p&gt;Gasse in Estepona&lt;\/p&gt;\n\" data-large-file=\"https:\/\/i0.wp.com\/www.bechmann.org\/amphibium\/wp-content\/uploads\/20230921_163702-scaled.jpg?fit=625%2C469&amp;ssl=1\" data-attachment-id=\"7371\" data-permalink=\"https:\/\/www.bechmann.org\/amphibium\/20230921_163702\/\" data-orig-file=\"https:\/\/i0.wp.com\/www.bechmann.org\/amphibium\/wp-content\/uploads\/20230921_163702-scaled.jpg?fit=2560%2C1920&amp;ssl=1\" data-orig-size=\"2560,1920\" data-comments-opened=\"0\" data-image-meta=\"{&quot;aperture&quot;:&quot;2.3&quot;,&quot;credit&quot;:&quot;&quot;,&quot;camera&quot;:&quot;XQ-CT54&quot;,&quot;caption&quot;:&quot;&quot;,&quot;created_timestamp&quot;:&quot;1695314222&quot;,&quot;copyright&quot;:&quot;&quot;,&quot;focal_length&quot;:&quot;10.22&quot;,&quot;iso&quot;:&quot;50&quot;,&quot;shutter_speed&quot;:&quot;0.001&quot;,&quot;title&quot;:&quot;&quot;,&quot;orientation&quot;:&quot;1&quot;}\" data-image-title=\"\" data-image-description=\"\" data-image-caption=\"&lt;p&gt;Gasse in Estepona&lt;\/p&gt;\n\" data-large-file=\"https:\/\/i0.wp.com\/www.bechmann.org\/amphibium\/wp-content\/uploads\/20230921_163702-scaled.jpg?fit=625%2C469&amp;ssl=1\" role=\"button\" tabindex=\"0\" aria-label=\"Bild\u00a02 von 5 im Vollbildmodus \u00f6ffnen\"srcset=\"https:\/\/i1.wp.com\/www.bechmann.org\/amphibium\/wp-content\/uploads\/20230921_163702-1024x768.jpg?strip=info&#038;w=600&#038;ssl=1 600w,https:\/\/i1.wp.com\/www.bechmann.org\/amphibium\/wp-content\/uploads\/20230921_163702-1024x768.jpg?strip=info&#038;w=900&#038;ssl=1 900w,https:\/\/i1.wp.com\/www.bechmann.org\/amphibium\/wp-content\/uploads\/20230921_163702-1024x768.jpg?strip=info&#038;w=1200&#038;ssl=1 1200w,https:\/\/i1.wp.com\/www.bechmann.org\/amphibium\/wp-content\/uploads\/20230921_163702-1024x768.jpg?strip=info&#038;w=1500&#038;ssl=1 1500w,https:\/\/i1.wp.com\/www.bechmann.org\/amphibium\/wp-content\/uploads\/20230921_163702-1024x768.jpg?strip=info&#038;w=1800&#038;ssl=1 1800w,https:\/\/i1.wp.com\/www.bechmann.org\/amphibium\/wp-content\/uploads\/20230921_163702-1024x768.jpg?strip=info&#038;w=2000&#038;ssl=1 2000w\" alt=\"\" data-height=\"1920\" data-id=\"7371\" data-link=\"https:\/\/www.bechmann.org\/amphibium\/20230921_163702\/\" data-url=\"https:\/\/www.bechmann.org\/amphibium\/wp-content\/uploads\/20230921_163702-1024x768.jpg\" data-width=\"2560\" src=\"https:\/\/i1.wp.com\/www.bechmann.org\/amphibium\/wp-content\/uploads\/20230921_163702-1024x768.jpg?ssl=1\" data-amp-layout=\"responsive\"\/><\/figure><\/div><div class=\"tiled-gallery__col\" style=\"flex-basis:53.13901%\"><figure class=\"tiled-gallery__item\"><img decoding=\"async\" data-attachment-id=\"7373\" data-permalink=\"https:\/\/www.bechmann.org\/amphibium\/20230921_170145\/\" data-orig-file=\"https:\/\/i0.wp.com\/www.bechmann.org\/amphibium\/wp-content\/uploads\/20230921_170145-scaled.jpg?fit=1920%2C2560&amp;ssl=1\" data-orig-size=\"1920,2560\" data-comments-opened=\"0\" data-image-meta=\"{&quot;aperture&quot;:&quot;1.7&quot;,&quot;credit&quot;:&quot;&quot;,&quot;camera&quot;:&quot;XQ-CT54&quot;,&quot;caption&quot;:&quot;&quot;,&quot;created_timestamp&quot;:&quot;1695315705&quot;,&quot;copyright&quot;:&quot;&quot;,&quot;focal_length&quot;:&quot;5.11&quot;,&quot;iso&quot;:&quot;64&quot;,&quot;shutter_speed&quot;:&quot;0.0005&quot;,&quot;title&quot;:&quot;&quot;,&quot;orientation&quot;:&quot;1&quot;}\" data-image-title=\"\" data-image-description=\"\" data-image-caption=\"&lt;p&gt;Gedicht von Antonio Machado&lt;\/p&gt;\n\" data-large-file=\"https:\/\/i0.wp.com\/www.bechmann.org\/amphibium\/wp-content\/uploads\/20230921_170145-scaled.jpg?fit=625%2C833&amp;ssl=1\" data-attachment-id=\"7373\" data-permalink=\"https:\/\/www.bechmann.org\/amphibium\/20230921_170145\/\" data-orig-file=\"https:\/\/i0.wp.com\/www.bechmann.org\/amphibium\/wp-content\/uploads\/20230921_170145-scaled.jpg?fit=1920%2C2560&amp;ssl=1\" data-orig-size=\"1920,2560\" data-comments-opened=\"0\" data-image-meta=\"{&quot;aperture&quot;:&quot;1.7&quot;,&quot;credit&quot;:&quot;&quot;,&quot;camera&quot;:&quot;XQ-CT54&quot;,&quot;caption&quot;:&quot;&quot;,&quot;created_timestamp&quot;:&quot;1695315705&quot;,&quot;copyright&quot;:&quot;&quot;,&quot;focal_length&quot;:&quot;5.11&quot;,&quot;iso&quot;:&quot;64&quot;,&quot;shutter_speed&quot;:&quot;0.0005&quot;,&quot;title&quot;:&quot;&quot;,&quot;orientation&quot;:&quot;1&quot;}\" data-image-title=\"\" data-image-description=\"\" data-image-caption=\"&lt;p&gt;Gedicht von Antonio Machado&lt;\/p&gt;\n\" data-large-file=\"https:\/\/i0.wp.com\/www.bechmann.org\/amphibium\/wp-content\/uploads\/20230921_170145-scaled.jpg?fit=625%2C833&amp;ssl=1\" role=\"button\" tabindex=\"0\" aria-label=\"Bild\u00a03 von 5 im Vollbildmodus \u00f6ffnen\"srcset=\"https:\/\/i0.wp.com\/www.bechmann.org\/amphibium\/wp-content\/uploads\/20230921_170145-768x1024.jpg?strip=info&#038;w=600&#038;ssl=1 600w,https:\/\/i0.wp.com\/www.bechmann.org\/amphibium\/wp-content\/uploads\/20230921_170145-768x1024.jpg?strip=info&#038;w=900&#038;ssl=1 900w,https:\/\/i0.wp.com\/www.bechmann.org\/amphibium\/wp-content\/uploads\/20230921_170145-768x1024.jpg?strip=info&#038;w=1200&#038;ssl=1 1200w,https:\/\/i0.wp.com\/www.bechmann.org\/amphibium\/wp-content\/uploads\/20230921_170145-768x1024.jpg?strip=info&#038;w=1500&#038;ssl=1 1500w,https:\/\/i0.wp.com\/www.bechmann.org\/amphibium\/wp-content\/uploads\/20230921_170145-768x1024.jpg?strip=info&#038;w=1800&#038;ssl=1 1800w,https:\/\/i0.wp.com\/www.bechmann.org\/amphibium\/wp-content\/uploads\/20230921_170145-768x1024.jpg?strip=info&#038;w=1920&#038;ssl=1 1920w\" alt=\"\" data-height=\"2560\" data-id=\"7373\" data-link=\"https:\/\/www.bechmann.org\/amphibium\/20230921_170145\/\" data-url=\"https:\/\/www.bechmann.org\/amphibium\/wp-content\/uploads\/20230921_170145-768x1024.jpg\" data-width=\"1920\" src=\"https:\/\/i0.wp.com\/www.bechmann.org\/amphibium\/wp-content\/uploads\/20230921_170145-768x1024.jpg?ssl=1\" data-amp-layout=\"responsive\"\/><\/figure><\/div><\/div><div class=\"tiled-gallery__row\"><div class=\"tiled-gallery__col\" style=\"flex-basis:50.00000%\"><figure class=\"tiled-gallery__item\"><img decoding=\"async\" data-attachment-id=\"7370\" data-permalink=\"https:\/\/www.bechmann.org\/amphibium\/20230921_162457\/\" data-orig-file=\"https:\/\/i0.wp.com\/www.bechmann.org\/amphibium\/wp-content\/uploads\/20230921_162457-scaled.jpg?fit=1920%2C2560&amp;ssl=1\" data-orig-size=\"1920,2560\" data-comments-opened=\"0\" data-image-meta=\"{&quot;aperture&quot;:&quot;2.3&quot;,&quot;credit&quot;:&quot;&quot;,&quot;camera&quot;:&quot;XQ-CT54&quot;,&quot;caption&quot;:&quot;&quot;,&quot;created_timestamp&quot;:&quot;1695313497&quot;,&quot;copyright&quot;:&quot;&quot;,&quot;focal_length&quot;:&quot;10.22&quot;,&quot;iso&quot;:&quot;32&quot;,&quot;shutter_speed&quot;:&quot;0.004&quot;,&quot;title&quot;:&quot;&quot;,&quot;orientation&quot;:&quot;1&quot;}\" data-image-title=\"\" data-image-description=\"\" data-image-caption=\"&lt;p&gt;Schmuckes Haus in Estepona&lt;\/p&gt;\n\" data-large-file=\"https:\/\/i0.wp.com\/www.bechmann.org\/amphibium\/wp-content\/uploads\/20230921_162457-scaled.jpg?fit=625%2C833&amp;ssl=1\" data-attachment-id=\"7370\" data-permalink=\"https:\/\/www.bechmann.org\/amphibium\/20230921_162457\/\" data-orig-file=\"https:\/\/i0.wp.com\/www.bechmann.org\/amphibium\/wp-content\/uploads\/20230921_162457-scaled.jpg?fit=1920%2C2560&amp;ssl=1\" data-orig-size=\"1920,2560\" data-comments-opened=\"0\" data-image-meta=\"{&quot;aperture&quot;:&quot;2.3&quot;,&quot;credit&quot;:&quot;&quot;,&quot;camera&quot;:&quot;XQ-CT54&quot;,&quot;caption&quot;:&quot;&quot;,&quot;created_timestamp&quot;:&quot;1695313497&quot;,&quot;copyright&quot;:&quot;&quot;,&quot;focal_length&quot;:&quot;10.22&quot;,&quot;iso&quot;:&quot;32&quot;,&quot;shutter_speed&quot;:&quot;0.004&quot;,&quot;title&quot;:&quot;&quot;,&quot;orientation&quot;:&quot;1&quot;}\" data-image-title=\"\" data-image-description=\"\" data-image-caption=\"&lt;p&gt;Schmuckes Haus in Estepona&lt;\/p&gt;\n\" data-large-file=\"https:\/\/i0.wp.com\/www.bechmann.org\/amphibium\/wp-content\/uploads\/20230921_162457-scaled.jpg?fit=625%2C833&amp;ssl=1\" role=\"button\" tabindex=\"0\" aria-label=\"Bild\u00a04 von 5 im Vollbildmodus \u00f6ffnen\"srcset=\"https:\/\/i1.wp.com\/www.bechmann.org\/amphibium\/wp-content\/uploads\/20230921_162457-768x1024.jpg?strip=info&#038;w=600&#038;ssl=1 600w,https:\/\/i1.wp.com\/www.bechmann.org\/amphibium\/wp-content\/uploads\/20230921_162457-768x1024.jpg?strip=info&#038;w=900&#038;ssl=1 900w,https:\/\/i1.wp.com\/www.bechmann.org\/amphibium\/wp-content\/uploads\/20230921_162457-768x1024.jpg?strip=info&#038;w=1200&#038;ssl=1 1200w,https:\/\/i1.wp.com\/www.bechmann.org\/amphibium\/wp-content\/uploads\/20230921_162457-768x1024.jpg?strip=info&#038;w=1500&#038;ssl=1 1500w,https:\/\/i1.wp.com\/www.bechmann.org\/amphibium\/wp-content\/uploads\/20230921_162457-768x1024.jpg?strip=info&#038;w=1800&#038;ssl=1 1800w,https:\/\/i1.wp.com\/www.bechmann.org\/amphibium\/wp-content\/uploads\/20230921_162457-768x1024.jpg?strip=info&#038;w=1920&#038;ssl=1 1920w\" alt=\"\" data-height=\"2560\" data-id=\"7370\" data-link=\"https:\/\/www.bechmann.org\/amphibium\/20230921_162457\/\" data-url=\"https:\/\/www.bechmann.org\/amphibium\/wp-content\/uploads\/20230921_162457-768x1024.jpg\" data-width=\"1920\" src=\"https:\/\/i1.wp.com\/www.bechmann.org\/amphibium\/wp-content\/uploads\/20230921_162457-768x1024.jpg?ssl=1\" data-amp-layout=\"responsive\"\/><\/figure><\/div><div class=\"tiled-gallery__col\" style=\"flex-basis:50.00000%\"><figure class=\"tiled-gallery__item\"><img decoding=\"async\" data-attachment-id=\"7372\" data-permalink=\"https:\/\/www.bechmann.org\/amphibium\/20230921_164341\/\" data-orig-file=\"https:\/\/i0.wp.com\/www.bechmann.org\/amphibium\/wp-content\/uploads\/20230921_164341-scaled.jpg?fit=1920%2C2560&amp;ssl=1\" data-orig-size=\"1920,2560\" data-comments-opened=\"0\" data-image-meta=\"{&quot;aperture&quot;:&quot;2.8&quot;,&quot;credit&quot;:&quot;&quot;,&quot;camera&quot;:&quot;XQ-CT54&quot;,&quot;caption&quot;:&quot;&quot;,&quot;created_timestamp&quot;:&quot;1695314621&quot;,&quot;copyright&quot;:&quot;&quot;,&quot;focal_length&quot;:&quot;14.5&quot;,&quot;iso&quot;:&quot;32&quot;,&quot;shutter_speed&quot;:&quot;0.001&quot;,&quot;title&quot;:&quot;&quot;,&quot;orientation&quot;:&quot;1&quot;}\" data-image-title=\"\" data-image-description=\"\" data-image-caption=\"&lt;p&gt;Estepona: Haus-Detail&lt;\/p&gt;\n\" data-large-file=\"https:\/\/i0.wp.com\/www.bechmann.org\/amphibium\/wp-content\/uploads\/20230921_164341-scaled.jpg?fit=625%2C833&amp;ssl=1\" data-attachment-id=\"7372\" data-permalink=\"https:\/\/www.bechmann.org\/amphibium\/20230921_164341\/\" data-orig-file=\"https:\/\/i0.wp.com\/www.bechmann.org\/amphibium\/wp-content\/uploads\/20230921_164341-scaled.jpg?fit=1920%2C2560&amp;ssl=1\" data-orig-size=\"1920,2560\" data-comments-opened=\"0\" data-image-meta=\"{&quot;aperture&quot;:&quot;2.8&quot;,&quot;credit&quot;:&quot;&quot;,&quot;camera&quot;:&quot;XQ-CT54&quot;,&quot;caption&quot;:&quot;&quot;,&quot;created_timestamp&quot;:&quot;1695314621&quot;,&quot;copyright&quot;:&quot;&quot;,&quot;focal_length&quot;:&quot;14.5&quot;,&quot;iso&quot;:&quot;32&quot;,&quot;shutter_speed&quot;:&quot;0.001&quot;,&quot;title&quot;:&quot;&quot;,&quot;orientation&quot;:&quot;1&quot;}\" data-image-title=\"\" data-image-description=\"\" data-image-caption=\"&lt;p&gt;Estepona: Haus-Detail&lt;\/p&gt;\n\" data-large-file=\"https:\/\/i0.wp.com\/www.bechmann.org\/amphibium\/wp-content\/uploads\/20230921_164341-scaled.jpg?fit=625%2C833&amp;ssl=1\" role=\"button\" tabindex=\"0\" aria-label=\"Bild\u00a05 von 5 im Vollbildmodus \u00f6ffnen\"srcset=\"https:\/\/i0.wp.com\/www.bechmann.org\/amphibium\/wp-content\/uploads\/20230921_164341-768x1024.jpg?strip=info&#038;w=600&#038;ssl=1 600w,https:\/\/i0.wp.com\/www.bechmann.org\/amphibium\/wp-content\/uploads\/20230921_164341-768x1024.jpg?strip=info&#038;w=900&#038;ssl=1 900w,https:\/\/i0.wp.com\/www.bechmann.org\/amphibium\/wp-content\/uploads\/20230921_164341-768x1024.jpg?strip=info&#038;w=1200&#038;ssl=1 1200w,https:\/\/i0.wp.com\/www.bechmann.org\/amphibium\/wp-content\/uploads\/20230921_164341-768x1024.jpg?strip=info&#038;w=1500&#038;ssl=1 1500w,https:\/\/i0.wp.com\/www.bechmann.org\/amphibium\/wp-content\/uploads\/20230921_164341-768x1024.jpg?strip=info&#038;w=1800&#038;ssl=1 1800w,https:\/\/i0.wp.com\/www.bechmann.org\/amphibium\/wp-content\/uploads\/20230921_164341-768x1024.jpg?strip=info&#038;w=1920&#038;ssl=1 1920w\" alt=\"\" data-height=\"2560\" data-id=\"7372\" data-link=\"https:\/\/www.bechmann.org\/amphibium\/20230921_164341\/\" data-url=\"https:\/\/www.bechmann.org\/amphibium\/wp-content\/uploads\/20230921_164341-768x1024.jpg\" data-width=\"1920\" src=\"https:\/\/i0.wp.com\/www.bechmann.org\/amphibium\/wp-content\/uploads\/20230921_164341-768x1024.jpg?ssl=1\" data-amp-layout=\"responsive\"\/><\/figure><\/div><\/div><\/div><\/div>\n\n\n\n<p>Ganz anders dann Marbella, mehr noch Hochburg vor allem britischer trinkfreudiger B\u00fcrger: Wir durchfahren eine zugebaute K\u00fcste mit einer Abf\u00fcllstation nach der anderen. Unser <a href=\"https:\/\/hotelkuve.es\/\" data-type=\"link\" data-id=\"https:\/\/hotelkuve.es\/\"><em>boutique-chic<\/em>-Design-Hotel<\/a> versucht sich davon bunt abzuheben, liegt aber abseits im Gewerbegebiet gegen\u00fcber einem Getr\u00e4nke-Gro\u00dfhandel, der f\u00fcr den in den Kaschemmen n\u00f6tigen Nachschub sorgt.<\/p>\n\n\n\n<p>Allerdings: Die umliegenden Kfz-Werkst\u00e4tten sind nachts ruhig, der Getr\u00e4nke-Gro\u00dfhandel nicht. Da fahren, blinken und hupen die Gabelstapler noch bis nach 23 Uhr und dieseln die umparkenden Limo-Laster\u2026 und das styl<a href=\"https:\/\/hotelkuve.es\/\" data-type=\"link\" data-id=\"https:\/\/hotelkuve.es\/\">i<\/a>sches Kuve-Hotel hat obendrein eine helle LED-Leiste, die \u00fcber unser Fenster f\u00fchrt. Also: entweder frische Luft oder L\u00e4rm. Oder Ohropax.<\/p>\n\n\n\n<figure class=\"wp-block-embed is-type-video is-provider-youtube wp-block-embed-youtube wp-embed-aspect-16-9 wp-has-aspect-ratio\"><div class=\"wp-block-embed__wrapper\">\n<span class=\"embed-youtube\" style=\"text-align:center; display: block;\"><iframe loading=\"lazy\" class=\"youtube-player\" width=\"625\" height=\"352\" src=\"https:\/\/www.youtube.com\/embed\/9VozqZ9F1V4?version=3&#038;rel=1&#038;showsearch=0&#038;showinfo=1&#038;iv_load_policy=1&#038;fs=1&#038;hl=de-DE&#038;autohide=2&#038;wmode=transparent\" allowfullscreen=\"true\" style=\"border:0;\" sandbox=\"allow-scripts allow-same-origin allow-popups allow-presentation allow-popups-to-escape-sandbox\"><\/iframe><\/span>\n<\/div><figcaption class=\"wp-element-caption\">Ausblick vom Hotel Kuve<\/figcaption><\/figure>\n\n\n\n<p>Tags\u00fcber erwarten uns fette Zombiet\u00e4towierte, dazwischen \u00fcberraschend spanische Elegrazien. Wusste nicht, dass Marbella voll in britischer Proll-Hand ist (liegt das an der N\u00e4he zu Gibraltar? Wo doch die Briten irgendwann aufgewacht sind und gemerkt haben, dass sie mit dem Brexit f\u00fcr einen Alptraum gestimmt haben&#8230;). Louis-Vuitton-Schwarzafrikaner dazwischen, dazu der typische selbsternannte Parkw\u00e4chter am Sztand auf Abzocke. <\/p>\n\n\n\n<figure class=\"wp-block-embed is-type-video is-provider-youtube wp-block-embed-youtube wp-embed-aspect-16-9 wp-has-aspect-ratio\"><div class=\"wp-block-embed__wrapper\">\n<span class=\"embed-youtube\" style=\"text-align:center; display: block;\"><iframe loading=\"lazy\" class=\"youtube-player\" width=\"625\" height=\"352\" src=\"https:\/\/www.youtube.com\/embed\/XXDdPGHAd3Y?version=3&#038;rel=1&#038;showsearch=0&#038;showinfo=1&#038;iv_load_policy=1&#038;fs=1&#038;hl=de-DE&#038;autohide=2&#038;wmode=transparent\" allowfullscreen=\"true\" style=\"border:0;\" sandbox=\"allow-scripts allow-same-origin allow-popups allow-presentation allow-popups-to-escape-sandbox\"><\/iframe><\/span>\n<\/div><\/figure>\n\n\n\n<p>Sp\u00e4ter runter zum Strand, in eines der nahen Restaurants in einer schmalen Gasse, wo nicht so viel Rummel ist wie im Zentrum. <em>Una paella de mariscos<\/em> am Rande der Laufstrecke! Jedenfalls wird da abends nicht nur flaniert, sondern auch nicht wenig gejoggt. St\u00e4ndig kommt also jemand eng am Teller vorbeigeschwitzt&#8230;<\/p>\n\n\n\n<p>Der postcenale Spaziergang durch den Ort f\u00fchrt durch Rummel, mehr Rummel und noch mehr Rummel. <em>Ok, now you know \/ ahora lo se sabe. <\/em>Marbella samt Kuve brauchen wir wohl nicht mehr. Egal, ob <em>stylish<\/em>.<\/p>\n\n\n\n<p><em>(Aufs Bild klicken, um eine gro\u00dfe Version mit Bildbeschreibung zu sehen&#8230;)<\/em><\/p>\n\n\n\n<div class=\"wp-block-jetpack-tiled-gallery aligncenter is-style-rectangular\"><div class=\"tiled-gallery__gallery\"><div class=\"tiled-gallery__row\"><div class=\"tiled-gallery__col\" style=\"flex-basis:67.34167%\"><figure class=\"tiled-gallery__item\"><img decoding=\"async\" data-attachment-id=\"7376\" data-permalink=\"https:\/\/www.bechmann.org\/amphibium\/20230923_0852442\/\" data-orig-file=\"https:\/\/i0.wp.com\/www.bechmann.org\/amphibium\/wp-content\/uploads\/20230923_0852442-scaled.jpg?fit=2560%2C1865&amp;ssl=1\" data-orig-size=\"2560,1865\" data-comments-opened=\"0\" data-image-meta=\"{&quot;aperture&quot;:&quot;1.7&quot;,&quot;credit&quot;:&quot;&quot;,&quot;camera&quot;:&quot;XQ-CT54&quot;,&quot;caption&quot;:&quot;&quot;,&quot;created_timestamp&quot;:&quot;1695459164&quot;,&quot;copyright&quot;:&quot;&quot;,&quot;focal_length&quot;:&quot;5.11&quot;,&quot;iso&quot;:&quot;64&quot;,&quot;shutter_speed&quot;:&quot;0.0008&quot;,&quot;title&quot;:&quot;&quot;,&quot;orientation&quot;:&quot;1&quot;}\" data-image-title=\"\" data-image-description=\"\" data-image-caption=\"&lt;p&gt;Blick vom Hotel Kuve in Marbella&lt;\/p&gt;\n\" data-large-file=\"https:\/\/i0.wp.com\/www.bechmann.org\/amphibium\/wp-content\/uploads\/20230923_0852442-scaled.jpg?fit=625%2C455&amp;ssl=1\" data-attachment-id=\"7376\" data-permalink=\"https:\/\/www.bechmann.org\/amphibium\/20230923_0852442\/\" data-orig-file=\"https:\/\/i0.wp.com\/www.bechmann.org\/amphibium\/wp-content\/uploads\/20230923_0852442-scaled.jpg?fit=2560%2C1865&amp;ssl=1\" data-orig-size=\"2560,1865\" data-comments-opened=\"0\" data-image-meta=\"{&quot;aperture&quot;:&quot;1.7&quot;,&quot;credit&quot;:&quot;&quot;,&quot;camera&quot;:&quot;XQ-CT54&quot;,&quot;caption&quot;:&quot;&quot;,&quot;created_timestamp&quot;:&quot;1695459164&quot;,&quot;copyright&quot;:&quot;&quot;,&quot;focal_length&quot;:&quot;5.11&quot;,&quot;iso&quot;:&quot;64&quot;,&quot;shutter_speed&quot;:&quot;0.0008&quot;,&quot;title&quot;:&quot;&quot;,&quot;orientation&quot;:&quot;1&quot;}\" data-image-title=\"\" data-image-description=\"\" data-image-caption=\"&lt;p&gt;Blick vom Hotel Kuve in Marbella&lt;\/p&gt;\n\" data-large-file=\"https:\/\/i0.wp.com\/www.bechmann.org\/amphibium\/wp-content\/uploads\/20230923_0852442-scaled.jpg?fit=625%2C455&amp;ssl=1\" role=\"button\" tabindex=\"0\" aria-label=\"Bild\u00a01 von 4 im Vollbildmodus \u00f6ffnen\"srcset=\"https:\/\/i2.wp.com\/www.bechmann.org\/amphibium\/wp-content\/uploads\/20230923_0852442-1024x746.jpg?strip=info&#038;w=600&#038;ssl=1 600w,https:\/\/i2.wp.com\/www.bechmann.org\/amphibium\/wp-content\/uploads\/20230923_0852442-1024x746.jpg?strip=info&#038;w=900&#038;ssl=1 900w,https:\/\/i2.wp.com\/www.bechmann.org\/amphibium\/wp-content\/uploads\/20230923_0852442-1024x746.jpg?strip=info&#038;w=1200&#038;ssl=1 1200w,https:\/\/i2.wp.com\/www.bechmann.org\/amphibium\/wp-content\/uploads\/20230923_0852442-1024x746.jpg?strip=info&#038;w=1500&#038;ssl=1 1500w,https:\/\/i2.wp.com\/www.bechmann.org\/amphibium\/wp-content\/uploads\/20230923_0852442-1024x746.jpg?strip=info&#038;w=1800&#038;ssl=1 1800w,https:\/\/i2.wp.com\/www.bechmann.org\/amphibium\/wp-content\/uploads\/20230923_0852442-1024x746.jpg?strip=info&#038;w=2000&#038;ssl=1 2000w\" alt=\"\" data-height=\"1865\" data-id=\"7376\" data-link=\"https:\/\/www.bechmann.org\/amphibium\/20230923_0852442\/\" data-url=\"https:\/\/www.bechmann.org\/amphibium\/wp-content\/uploads\/20230923_0852442-1024x746.jpg\" data-width=\"2560\" src=\"https:\/\/i2.wp.com\/www.bechmann.org\/amphibium\/wp-content\/uploads\/20230923_0852442-1024x746.jpg?ssl=1\" data-amp-layout=\"responsive\"\/><\/figure><\/div><div class=\"tiled-gallery__col\" style=\"flex-basis:32.65833%\"><figure class=\"tiled-gallery__item\"><img decoding=\"async\" data-attachment-id=\"7378\" data-permalink=\"https:\/\/www.bechmann.org\/amphibium\/20230923_203840-edit\/\" data-orig-file=\"https:\/\/i0.wp.com\/www.bechmann.org\/amphibium\/wp-content\/uploads\/20230923_203840-EDIT-scaled.jpg?fit=2560%2C1902&amp;ssl=1\" data-orig-size=\"2560,1902\" data-comments-opened=\"0\" data-image-meta=\"{&quot;aperture&quot;:&quot;0&quot;,&quot;credit&quot;:&quot;&quot;,&quot;camera&quot;:&quot;&quot;,&quot;caption&quot;:&quot;&quot;,&quot;created_timestamp&quot;:&quot;0&quot;,&quot;copyright&quot;:&quot;&quot;,&quot;focal_length&quot;:&quot;0&quot;,&quot;iso&quot;:&quot;0&quot;,&quot;shutter_speed&quot;:&quot;0&quot;,&quot;title&quot;:&quot;&quot;,&quot;orientation&quot;:&quot;0&quot;}\" data-image-title=\"\" data-image-description=\"\" data-image-caption=\"&lt;p&gt;Kirche(nvorplatz) in Marbella&lt;\/p&gt;\n\" data-large-file=\"https:\/\/i0.wp.com\/www.bechmann.org\/amphibium\/wp-content\/uploads\/20230923_203840-EDIT-scaled.jpg?fit=625%2C464&amp;ssl=1\" data-attachment-id=\"7378\" data-permalink=\"https:\/\/www.bechmann.org\/amphibium\/20230923_203840-edit\/\" data-orig-file=\"https:\/\/i0.wp.com\/www.bechmann.org\/amphibium\/wp-content\/uploads\/20230923_203840-EDIT-scaled.jpg?fit=2560%2C1902&amp;ssl=1\" data-orig-size=\"2560,1902\" data-comments-opened=\"0\" data-image-meta=\"{&quot;aperture&quot;:&quot;0&quot;,&quot;credit&quot;:&quot;&quot;,&quot;camera&quot;:&quot;&quot;,&quot;caption&quot;:&quot;&quot;,&quot;created_timestamp&quot;:&quot;0&quot;,&quot;copyright&quot;:&quot;&quot;,&quot;focal_length&quot;:&quot;0&quot;,&quot;iso&quot;:&quot;0&quot;,&quot;shutter_speed&quot;:&quot;0&quot;,&quot;title&quot;:&quot;&quot;,&quot;orientation&quot;:&quot;0&quot;}\" data-image-title=\"\" data-image-description=\"\" data-image-caption=\"&lt;p&gt;Kirche(nvorplatz) in Marbella&lt;\/p&gt;\n\" data-large-file=\"https:\/\/i0.wp.com\/www.bechmann.org\/amphibium\/wp-content\/uploads\/20230923_203840-EDIT-scaled.jpg?fit=625%2C464&amp;ssl=1\" role=\"button\" tabindex=\"0\" aria-label=\"Bild\u00a02 von 4 im Vollbildmodus \u00f6ffnen\"srcset=\"https:\/\/i0.wp.com\/www.bechmann.org\/amphibium\/wp-content\/uploads\/20230923_203840-EDIT-1024x761.jpg?strip=info&#038;w=600&#038;ssl=1 600w,https:\/\/i0.wp.com\/www.bechmann.org\/amphibium\/wp-content\/uploads\/20230923_203840-EDIT-1024x761.jpg?strip=info&#038;w=900&#038;ssl=1 900w,https:\/\/i0.wp.com\/www.bechmann.org\/amphibium\/wp-content\/uploads\/20230923_203840-EDIT-1024x761.jpg?strip=info&#038;w=1200&#038;ssl=1 1200w,https:\/\/i0.wp.com\/www.bechmann.org\/amphibium\/wp-content\/uploads\/20230923_203840-EDIT-1024x761.jpg?strip=info&#038;w=1500&#038;ssl=1 1500w,https:\/\/i0.wp.com\/www.bechmann.org\/amphibium\/wp-content\/uploads\/20230923_203840-EDIT-1024x761.jpg?strip=info&#038;w=1800&#038;ssl=1 1800w,https:\/\/i0.wp.com\/www.bechmann.org\/amphibium\/wp-content\/uploads\/20230923_203840-EDIT-1024x761.jpg?strip=info&#038;w=2000&#038;ssl=1 2000w\" alt=\"\" data-height=\"1902\" data-id=\"7378\" data-link=\"https:\/\/www.bechmann.org\/amphibium\/20230923_203840-edit\/\" data-url=\"https:\/\/www.bechmann.org\/amphibium\/wp-content\/uploads\/20230923_203840-EDIT-1024x761.jpg\" data-width=\"2560\" src=\"https:\/\/i0.wp.com\/www.bechmann.org\/amphibium\/wp-content\/uploads\/20230923_203840-EDIT-1024x761.jpg?ssl=1\" data-amp-layout=\"responsive\"\/><\/figure><figure class=\"tiled-gallery__item\"><img decoding=\"async\" data-attachment-id=\"7375\" data-permalink=\"https:\/\/www.bechmann.org\/amphibium\/20230922_165534\/\" data-orig-file=\"https:\/\/i0.wp.com\/www.bechmann.org\/amphibium\/wp-content\/uploads\/20230922_165534-scaled.jpg?fit=2560%2C1920&amp;ssl=1\" data-orig-size=\"2560,1920\" data-comments-opened=\"0\" data-image-meta=\"{&quot;aperture&quot;:&quot;1.7&quot;,&quot;credit&quot;:&quot;&quot;,&quot;camera&quot;:&quot;XQ-CT54&quot;,&quot;caption&quot;:&quot;&quot;,&quot;created_timestamp&quot;:&quot;1695401734&quot;,&quot;copyright&quot;:&quot;&quot;,&quot;focal_length&quot;:&quot;5.11&quot;,&quot;iso&quot;:&quot;64&quot;,&quot;shutter_speed&quot;:&quot;0.0002&quot;,&quot;title&quot;:&quot;&quot;,&quot;orientation&quot;:&quot;1&quot;}\" data-image-title=\"\" data-image-description=\"\" data-image-caption=\"&lt;p&gt;Hotelburgen in Marbella&lt;\/p&gt;\n\" data-large-file=\"https:\/\/i0.wp.com\/www.bechmann.org\/amphibium\/wp-content\/uploads\/20230922_165534-scaled.jpg?fit=625%2C469&amp;ssl=1\" data-attachment-id=\"7375\" data-permalink=\"https:\/\/www.bechmann.org\/amphibium\/20230922_165534\/\" data-orig-file=\"https:\/\/i0.wp.com\/www.bechmann.org\/amphibium\/wp-content\/uploads\/20230922_165534-scaled.jpg?fit=2560%2C1920&amp;ssl=1\" data-orig-size=\"2560,1920\" data-comments-opened=\"0\" data-image-meta=\"{&quot;aperture&quot;:&quot;1.7&quot;,&quot;credit&quot;:&quot;&quot;,&quot;camera&quot;:&quot;XQ-CT54&quot;,&quot;caption&quot;:&quot;&quot;,&quot;created_timestamp&quot;:&quot;1695401734&quot;,&quot;copyright&quot;:&quot;&quot;,&quot;focal_length&quot;:&quot;5.11&quot;,&quot;iso&quot;:&quot;64&quot;,&quot;shutter_speed&quot;:&quot;0.0002&quot;,&quot;title&quot;:&quot;&quot;,&quot;orientation&quot;:&quot;1&quot;}\" data-image-title=\"\" data-image-description=\"\" data-image-caption=\"&lt;p&gt;Hotelburgen in Marbella&lt;\/p&gt;\n\" data-large-file=\"https:\/\/i0.wp.com\/www.bechmann.org\/amphibium\/wp-content\/uploads\/20230922_165534-scaled.jpg?fit=625%2C469&amp;ssl=1\" role=\"button\" tabindex=\"0\" aria-label=\"Bild\u00a03 von 4 im Vollbildmodus \u00f6ffnen\"srcset=\"https:\/\/i2.wp.com\/www.bechmann.org\/amphibium\/wp-content\/uploads\/20230922_165534-1024x768.jpg?strip=info&#038;w=600&#038;ssl=1 600w,https:\/\/i2.wp.com\/www.bechmann.org\/amphibium\/wp-content\/uploads\/20230922_165534-1024x768.jpg?strip=info&#038;w=900&#038;ssl=1 900w,https:\/\/i2.wp.com\/www.bechmann.org\/amphibium\/wp-content\/uploads\/20230922_165534-1024x768.jpg?strip=info&#038;w=1200&#038;ssl=1 1200w,https:\/\/i2.wp.com\/www.bechmann.org\/amphibium\/wp-content\/uploads\/20230922_165534-1024x768.jpg?strip=info&#038;w=1500&#038;ssl=1 1500w,https:\/\/i2.wp.com\/www.bechmann.org\/amphibium\/wp-content\/uploads\/20230922_165534-1024x768.jpg?strip=info&#038;w=1800&#038;ssl=1 1800w,https:\/\/i2.wp.com\/www.bechmann.org\/amphibium\/wp-content\/uploads\/20230922_165534-1024x768.jpg?strip=info&#038;w=2000&#038;ssl=1 2000w\" alt=\"\" data-height=\"1920\" data-id=\"7375\" data-link=\"https:\/\/www.bechmann.org\/amphibium\/20230922_165534\/\" data-url=\"https:\/\/www.bechmann.org\/amphibium\/wp-content\/uploads\/20230922_165534-1024x768.jpg\" data-width=\"2560\" src=\"https:\/\/i2.wp.com\/www.bechmann.org\/amphibium\/wp-content\/uploads\/20230922_165534-1024x768.jpg?ssl=1\" data-amp-layout=\"responsive\"\/><\/figure><\/div><\/div><div class=\"tiled-gallery__row\"><div class=\"tiled-gallery__col\" style=\"flex-basis:100.00000%\"><figure class=\"tiled-gallery__item\"><img decoding=\"async\" data-attachment-id=\"7379\" data-permalink=\"https:\/\/www.bechmann.org\/amphibium\/20230923_204641\/\" data-orig-file=\"https:\/\/i0.wp.com\/www.bechmann.org\/amphibium\/wp-content\/uploads\/20230923_204641-scaled.jpg?fit=2560%2C1920&amp;ssl=1\" data-orig-size=\"2560,1920\" data-comments-opened=\"0\" data-image-meta=\"{&quot;aperture&quot;:&quot;1.7&quot;,&quot;credit&quot;:&quot;&quot;,&quot;camera&quot;:&quot;XQ-CT54&quot;,&quot;caption&quot;:&quot;&quot;,&quot;created_timestamp&quot;:&quot;1695502001&quot;,&quot;copyright&quot;:&quot;&quot;,&quot;focal_length&quot;:&quot;5.11&quot;,&quot;iso&quot;:&quot;800&quot;,&quot;shutter_speed&quot;:&quot;0.066666666666667&quot;,&quot;title&quot;:&quot;&quot;,&quot;orientation&quot;:&quot;1&quot;}\" data-image-title=\"\" data-image-description=\"\" data-image-caption=\"&lt;p&gt;Abendstimmung in Marbella&lt;\/p&gt;\n\" data-large-file=\"https:\/\/i0.wp.com\/www.bechmann.org\/amphibium\/wp-content\/uploads\/20230923_204641-scaled.jpg?fit=625%2C469&amp;ssl=1\" data-attachment-id=\"7379\" data-permalink=\"https:\/\/www.bechmann.org\/amphibium\/20230923_204641\/\" data-orig-file=\"https:\/\/i0.wp.com\/www.bechmann.org\/amphibium\/wp-content\/uploads\/20230923_204641-scaled.jpg?fit=2560%2C1920&amp;ssl=1\" data-orig-size=\"2560,1920\" data-comments-opened=\"0\" data-image-meta=\"{&quot;aperture&quot;:&quot;1.7&quot;,&quot;credit&quot;:&quot;&quot;,&quot;camera&quot;:&quot;XQ-CT54&quot;,&quot;caption&quot;:&quot;&quot;,&quot;created_timestamp&quot;:&quot;1695502001&quot;,&quot;copyright&quot;:&quot;&quot;,&quot;focal_length&quot;:&quot;5.11&quot;,&quot;iso&quot;:&quot;800&quot;,&quot;shutter_speed&quot;:&quot;0.066666666666667&quot;,&quot;title&quot;:&quot;&quot;,&quot;orientation&quot;:&quot;1&quot;}\" data-image-title=\"\" data-image-description=\"\" data-image-caption=\"&lt;p&gt;Abendstimmung in Marbella&lt;\/p&gt;\n\" data-large-file=\"https:\/\/i0.wp.com\/www.bechmann.org\/amphibium\/wp-content\/uploads\/20230923_204641-scaled.jpg?fit=625%2C469&amp;ssl=1\" role=\"button\" tabindex=\"0\" aria-label=\"Bild\u00a04 von 4 im Vollbildmodus \u00f6ffnen\"srcset=\"https:\/\/i0.wp.com\/www.bechmann.org\/amphibium\/wp-content\/uploads\/20230923_204641-1024x768.jpg?strip=info&#038;w=600&#038;ssl=1 600w,https:\/\/i0.wp.com\/www.bechmann.org\/amphibium\/wp-content\/uploads\/20230923_204641-1024x768.jpg?strip=info&#038;w=900&#038;ssl=1 900w,https:\/\/i0.wp.com\/www.bechmann.org\/amphibium\/wp-content\/uploads\/20230923_204641-1024x768.jpg?strip=info&#038;w=1200&#038;ssl=1 1200w,https:\/\/i0.wp.com\/www.bechmann.org\/amphibium\/wp-content\/uploads\/20230923_204641-1024x768.jpg?strip=info&#038;w=1500&#038;ssl=1 1500w,https:\/\/i0.wp.com\/www.bechmann.org\/amphibium\/wp-content\/uploads\/20230923_204641-1024x768.jpg?strip=info&#038;w=1800&#038;ssl=1 1800w,https:\/\/i0.wp.com\/www.bechmann.org\/amphibium\/wp-content\/uploads\/20230923_204641-1024x768.jpg?strip=info&#038;w=2000&#038;ssl=1 2000w\" alt=\"\" data-height=\"1920\" data-id=\"7379\" data-link=\"https:\/\/www.bechmann.org\/amphibium\/20230923_204641\/\" data-url=\"https:\/\/www.bechmann.org\/amphibium\/wp-content\/uploads\/20230923_204641-1024x768.jpg\" data-width=\"2560\" src=\"https:\/\/i0.wp.com\/www.bechmann.org\/amphibium\/wp-content\/uploads\/20230923_204641-1024x768.jpg?ssl=1\" data-amp-layout=\"responsive\"\/><\/figure><\/div><\/div><\/div><\/div>\n","protected":false},"excerpt":{"rendered":"<p>Einige Kilometer die Mittelmeerk\u00fcste hoch pr\u00e4sentiert sich Estepona h\u00fcbsch und farbenfroh attraktiv f\u00fcr Touristen und dennoch &#8211; im September zumindest &#8211; recht ruhig und zur\u00fcckhaltend. In der Nebensaison also ertr\u00e4glich. In den Wohnseitgassen hinter der Uferpromenade sogar weitgehend ohne Touristen. Herausgeputzt, aber fast nat\u00fcrlich; es scheinen hier tats\u00e4chlich einfach Menschen zu wohnen. Aber windig heute. [&hellip;]<\/p>\n","protected":false},"author":1,"featured_media":0,"comment_status":"open","ping_status":"open","sticky":false,"template":"","format":"standard","meta":{"jetpack_post_was_ever_published":false,"_jetpack_newsletter_access":"","_jetpack_dont_email_post_to_subs":false,"_jetpack_newsletter_tier_id":0,"_jetpack_memberships_contains_paywalled_content":false,"_jetpack_memberships_contains_paid_content":false,"footnotes":"","jetpack_publicize_message":"Unser Weg f\u00fchrte im September weiter die andalusische S\u00fcdk\u00fcste entlang, \u00fcber Estepona nach Marbella - wo uns fette Zombiet\u00e4towierte und allerhand Rummel erwartete... ","jetpack_publicize_feature_enabled":true,"jetpack_social_post_already_shared":false,"jetpack_social_options":{"image_generator_settings":{"template":"highway","default_image_id":0,"font":"","enabled":false},"version":2}},"categories":[387,2,4],"tags":[886,896,887],"class_list":["post-7512","post","type-post","status-publish","format-standard","hentry","category-bilder-geschichte","category-land","category-wasser","tag-estepona","tag-hotel-kuve","tag-marbella"],"jetpack_publicize_connections":[],"jetpack_featured_media_url":"","jetpack_shortlink":"https:\/\/wp.me\/p4DyUk-1Xa","jetpack-related-posts":[{"id":1232,"url":"https:\/\/www.bechmann.org\/amphibium\/canyoning-in-jordanien-ii-wadi-mujib\/","url_meta":{"origin":7512,"position":0},"title":"Canyoning in Jordanien II: Wadi Mujib","author":"Oliver","date":"30. Juni 2016","format":false,"excerpt":"War das Wadi Bubeita eher ein abseits der Routen gelegener Geheimtipp, so liegt das Wadi Mujib im gleichnamigen Naturreservat, verf\u00fcgt \u00fcber eine lieblos betonierte Eingangshalle und einen gro\u00dfen Bus-Parkplatz. Ali, unser Guide, hat unsere Ankunft so geplant, dass wir vor den verbliebenen Touristen-Bussen aus Amman vor Ort sind. Das funktioniert,\u2026","rel":"","context":"In &quot;Land&quot;","block_context":{"text":"Land","link":"https:\/\/www.bechmann.org\/amphibium\/category\/land\/"},"img":{"alt_text":"","src":"https:\/\/i0.wp.com\/www.bechmann.org\/amphibium\/wp-content\/uploads\/wadi-canyoning-86.jpg?resize=350%2C200","width":350,"height":200,"srcset":"https:\/\/i0.wp.com\/www.bechmann.org\/amphibium\/wp-content\/uploads\/wadi-canyoning-86.jpg?resize=350%2C200 1x, https:\/\/i0.wp.com\/www.bechmann.org\/amphibium\/wp-content\/uploads\/wadi-canyoning-86.jpg?resize=525%2C300 1.5x, https:\/\/i0.wp.com\/www.bechmann.org\/amphibium\/wp-content\/uploads\/wadi-canyoning-86.jpg?resize=700%2C400 2x, https:\/\/i0.wp.com\/www.bechmann.org\/amphibium\/wp-content\/uploads\/wadi-canyoning-86.jpg?resize=1050%2C600 3x, https:\/\/i0.wp.com\/www.bechmann.org\/amphibium\/wp-content\/uploads\/wadi-canyoning-86.jpg?resize=1400%2C800 4x"},"classes":[]},{"id":4639,"url":"https:\/\/www.bechmann.org\/amphibium\/aus-luederitz\/","url_meta":{"origin":7512,"position":1},"title":"Aus&#8230; L\u00fcderitz","author":"Oliver","date":"5. September 2019","format":false,"excerpt":"Hudson-Wrack am Eingang der Geisterschlucht bei Klein-Aus Der Weg zur Fish River Lodge ist one-way \u2013 also geht es gen L\u00fcderitz erst einmal den gleichen gewundenen 4x4-Trail zur\u00fcck, auf dem wir zum Canyonrand gelangt sind. Nach rund acht Kilometern biegen wir links ab auf die D463, eine breite Schotterpiste \u2013\u2026","rel":"","context":"In &quot;Bilder-Geschichte&quot;","block_context":{"text":"Bilder-Geschichte","link":"https:\/\/www.bechmann.org\/amphibium\/category\/bilder-geschichte\/"},"img":{"alt_text":"Google Map: Fahrt von der Fish River Lodge nach IIKaras","src":"https:\/\/i0.wp.com\/www.bechmann.org\/amphibium\/wp-content\/uploads\/Screenshot_2020-04-22-Windhuk-to-Walfischbucht.png?resize=350%2C200","width":350,"height":200,"srcset":"https:\/\/i0.wp.com\/www.bechmann.org\/amphibium\/wp-content\/uploads\/Screenshot_2020-04-22-Windhuk-to-Walfischbucht.png?resize=350%2C200 1x, https:\/\/i0.wp.com\/www.bechmann.org\/amphibium\/wp-content\/uploads\/Screenshot_2020-04-22-Windhuk-to-Walfischbucht.png?resize=525%2C300 1.5x, https:\/\/i0.wp.com\/www.bechmann.org\/amphibium\/wp-content\/uploads\/Screenshot_2020-04-22-Windhuk-to-Walfischbucht.png?resize=700%2C400 2x"},"classes":[]},{"id":4779,"url":"https:\/\/www.bechmann.org\/amphibium\/walvis-bay-swakopmund-pelikane-partypeople\/","url_meta":{"origin":7512,"position":2},"title":"Walvis Bay &#038; Swakopmund: Pelikane &#038; Partypeople","author":"Oliver","date":"11. September 2019","format":false,"excerpt":"Toyota Fortuner im D\u00fcnensand von Sandwich Harbour Tieren nahe zu kommen, bedeutet nicht selten, touristisch angelegte Pfade zu betreten. Das gilt f\u00fcr Namibia besonders. \u201eLand der Z\u00e4une\u201c wird es manchmal genannt, denn wenn man eine Karte mit all den staatlichen oder privaten Naturparks und all den Farmen ansieht, so blickt\u2026","rel":"","context":"In &quot;Bilder-Geschichte&quot;","block_context":{"text":"Bilder-Geschichte","link":"https:\/\/www.bechmann.org\/amphibium\/category\/bilder-geschichte\/"},"img":{"alt_text":"D\u00fcnenfahren mit SUV","src":"https:\/\/i0.wp.com\/www.bechmann.org\/amphibium\/wp-content\/uploads\/namibia-1909_s-01073.jpg?resize=350%2C200&ssl=1","width":350,"height":200,"srcset":"https:\/\/i0.wp.com\/www.bechmann.org\/amphibium\/wp-content\/uploads\/namibia-1909_s-01073.jpg?resize=350%2C200&ssl=1 1x, https:\/\/i0.wp.com\/www.bechmann.org\/amphibium\/wp-content\/uploads\/namibia-1909_s-01073.jpg?resize=525%2C300&ssl=1 1.5x, https:\/\/i0.wp.com\/www.bechmann.org\/amphibium\/wp-content\/uploads\/namibia-1909_s-01073.jpg?resize=700%2C400&ssl=1 2x, https:\/\/i0.wp.com\/www.bechmann.org\/amphibium\/wp-content\/uploads\/namibia-1909_s-01073.jpg?resize=1050%2C600&ssl=1 3x, https:\/\/i0.wp.com\/www.bechmann.org\/amphibium\/wp-content\/uploads\/namibia-1909_s-01073.jpg?resize=1400%2C800&ssl=1 4x"},"classes":[]},{"id":1671,"url":"https:\/\/www.bechmann.org\/amphibium\/fjord-kayaken-und-ein-seehund\/","url_meta":{"origin":7512,"position":3},"title":"Fjord-Kayaken und ein Seehund","author":"Oliver","date":"24. August 2016","format":false,"excerpt":"Wir \u00fcbernachten nahe der Werkstatt, in der schon die Ersatzteile auf uns warten. Die Truppe dort ist knurrig und des Englischen eingeschr\u00e4nkt, aber ausreichend, kundig. Ein H\u00fcne mit Glatze und Vollbart erkl\u00e4rt, dass es auch ohne Reparatur ginge (was den Getriebe\u00f6lverlust angeht), ansonsten werden rund 500 Euro f\u00fcr diesen Befund\u2026","rel":"","context":"In &quot;Land&quot;","block_context":{"text":"Land","link":"https:\/\/www.bechmann.org\/amphibium\/category\/land\/"},"img":{"alt_text":"","src":"https:\/\/i0.wp.com\/www.bechmann.org\/amphibium\/wp-content\/uploads\/island2016-502.jpg?resize=350%2C200","width":350,"height":200,"srcset":"https:\/\/i0.wp.com\/www.bechmann.org\/amphibium\/wp-content\/uploads\/island2016-502.jpg?resize=350%2C200 1x, https:\/\/i0.wp.com\/www.bechmann.org\/amphibium\/wp-content\/uploads\/island2016-502.jpg?resize=525%2C300 1.5x, https:\/\/i0.wp.com\/www.bechmann.org\/amphibium\/wp-content\/uploads\/island2016-502.jpg?resize=700%2C400 2x, https:\/\/i0.wp.com\/www.bechmann.org\/amphibium\/wp-content\/uploads\/island2016-502.jpg?resize=1050%2C600 3x, https:\/\/i0.wp.com\/www.bechmann.org\/amphibium\/wp-content\/uploads\/island2016-502.jpg?resize=1400%2C800 4x"},"classes":[]},{"id":1053,"url":"https:\/\/www.bechmann.org\/amphibium\/ein-plantagen-besuch\/","url_meta":{"origin":7512,"position":4},"title":"Ein Plantagen-Besuch","author":"Oliver","date":"24. Oktober 2015","format":false,"excerpt":"Ein Marokkaner arbeitet in Frankreich, dort lernt er eine Frau kennen, die deutlich j\u00fcnger als die in der Heimat zur\u00fcck gebliebene Ehefrau ist. Elf Kinder werden auf diese Weise gezeugt, doch der Mann bleibt lieber bei seiner vergleichsweise gut bezahlten Arbeit in Europa. Und dem lukrativen Import-Export-Handel.Seiner Familie im Heimatland\u2026","rel":"","context":"In &quot;Land&quot;","block_context":{"text":"Land","link":"https:\/\/www.bechmann.org\/amphibium\/category\/land\/"},"img":{"alt_text":"IMG_8262","src":"https:\/\/i0.wp.com\/www.bechmann.org\/amphibium\/wp-content\/uploads\/IMG_8262_thumb.jpg?resize=350%2C200","width":350,"height":200},"classes":[]},{"id":1658,"url":"https:\/\/www.bechmann.org\/amphibium\/thats-iceland\/","url_meta":{"origin":7512,"position":5},"title":"That&rsquo;s Iceland!","author":"Oliver","date":"12. August 2016","format":false,"excerpt":"Im Gebiet um P\u00f6rsm\u00f6rk. Von unserem \u00dcbernachtungsplatz nahe eines flachen Flussbettes aus gehen wir einen Canyon mit Bachlauf hoch, um einen kleinen, versteckten Wasserfall zu erreichen. \u00dcber den m\u00e4andernden Bach f\u00fchrt keine Br\u00fccke, wir m\u00fcssen einen Weg aus Steinen suchen \u2013 was sich als schwierig erweist. Leider ist auch dieser\u2026","rel":"","context":"In &quot;Land&quot;","block_context":{"text":"Land","link":"https:\/\/www.bechmann.org\/amphibium\/category\/land\/"},"img":{"alt_text":"","src":"https:\/\/i0.wp.com\/www.bechmann.org\/amphibium\/wp-content\/uploads\/unbenannt-528.jpg?resize=350%2C200","width":350,"height":200,"srcset":"https:\/\/i0.wp.com\/www.bechmann.org\/amphibium\/wp-content\/uploads\/unbenannt-528.jpg?resize=350%2C200 1x, https:\/\/i0.wp.com\/www.bechmann.org\/amphibium\/wp-content\/uploads\/unbenannt-528.jpg?resize=525%2C300 1.5x, https:\/\/i0.wp.com\/www.bechmann.org\/amphibium\/wp-content\/uploads\/unbenannt-528.jpg?resize=700%2C400 2x, https:\/\/i0.wp.com\/www.bechmann.org\/amphibium\/wp-content\/uploads\/unbenannt-528.jpg?resize=1050%2C600 3x, https:\/\/i0.wp.com\/www.bechmann.org\/amphibium\/wp-content\/uploads\/unbenannt-528.jpg?resize=1400%2C800 4x"},"classes":[]}],"jetpack_sharing_enabled":true,"_links":{"self":[{"href":"https:\/\/www.bechmann.org\/amphibium\/wp-json\/wp\/v2\/posts\/7512","targetHints":{"allow":["GET"]}}],"collection":[{"href":"https:\/\/www.bechmann.org\/amphibium\/wp-json\/wp\/v2\/posts"}],"about":[{"href":"https:\/\/www.bechmann.org\/amphibium\/wp-json\/wp\/v2\/types\/post"}],"author":[{"embeddable":true,"href":"https:\/\/www.bechmann.org\/amphibium\/wp-json\/wp\/v2\/users\/1"}],"replies":[{"embeddable":true,"href":"https:\/\/www.bechmann.org\/amphibium\/wp-json\/wp\/v2\/comments?post=7512"}],"version-history":[{"count":14,"href":"https:\/\/www.bechmann.org\/amphibium\/wp-json\/wp\/v2\/posts\/7512\/revisions"}],"predecessor-version":[{"id":7933,"href":"https:\/\/www.bechmann.org\/amphibium\/wp-json\/wp\/v2\/posts\/7512\/revisions\/7933"}],"wp:attachment":[{"href":"https:\/\/www.bechmann.org\/amphibium\/wp-json\/wp\/v2\/media?parent=7512"}],"wp:term":[{"taxonomy":"category","embeddable":true,"href":"https:\/\/www.bechmann.org\/amphibium\/wp-json\/wp\/v2\/categories?post=7512"},{"taxonomy":"post_tag","embeddable":true,"href":"https:\/\/www.bechmann.org\/amphibium\/wp-json\/wp\/v2\/tags?post=7512"}],"curies":[{"name":"wp","href":"https:\/\/api.w.org\/{rel}","templated":true}]}}