{"id":6997,"date":"2020-06-14T15:44:07","date_gmt":"2020-06-14T13:44:07","guid":{"rendered":"https:\/\/www.bechmann.org\/roninkravmaga\/?p=640"},"modified":"2024-04-27T13:07:07","modified_gmt":"2024-04-27T11:07:07","slug":"krav-maga-mbsr-bei-gewalterfahrung-trauma","status":"publish","type":"post","link":"https:\/\/www.bechmann.org\/amphibium\/krav-maga-mbsr-bei-gewalterfahrung-trauma\/","title":{"rendered":"Krav Maga- &#038; MBSR-Kurse bei PTBS"},"content":{"rendered":"<div class=\"wp-block-image\">\n<figure class=\"alignleft size-full is-resized\"><img data-recalc-dims=\"1\" loading=\"lazy\" decoding=\"async\" width=\"625\" height=\"469\" data-attachment-id=\"8142\" data-permalink=\"https:\/\/www.bechmann.org\/amphibium\/krav-maga-mbsr-bei-gewalterfahrung-trauma\/ojb_jkz\/\" data-orig-file=\"https:\/\/i0.wp.com\/www.bechmann.org\/amphibium\/wp-content\/uploads\/ojb_jkz.jpg?fit=852%2C640&amp;ssl=1\" data-orig-size=\"852,640\" data-comments-opened=\"0\" data-image-meta=\"{&quot;aperture&quot;:&quot;0&quot;,&quot;credit&quot;:&quot;&quot;,&quot;camera&quot;:&quot;&quot;,&quot;caption&quot;:&quot;&quot;,&quot;created_timestamp&quot;:&quot;1435874299&quot;,&quot;copyright&quot;:&quot;&quot;,&quot;focal_length&quot;:&quot;0&quot;,&quot;iso&quot;:&quot;0&quot;,&quot;shutter_speed&quot;:&quot;0&quot;,&quot;title&quot;:&quot;&quot;,&quot;orientation&quot;:&quot;1&quot;}\" data-image-title=\"ojb_jkz\" data-image-description=\"\" data-image-caption=\"\" data-large-file=\"https:\/\/i0.wp.com\/www.bechmann.org\/amphibium\/wp-content\/uploads\/ojb_jkz.jpg?fit=625%2C469&amp;ssl=1\" src=\"https:\/\/i0.wp.com\/www.bechmann.org\/amphibium\/wp-content\/uploads\/ojb_jkz.jpg?resize=625%2C469&#038;ssl=1\" alt=\"\" class=\"wp-image-8142\" style=\"width:332px;height:auto\" srcset=\"https:\/\/i0.wp.com\/www.bechmann.org\/amphibium\/wp-content\/uploads\/ojb_jkz.jpg?w=852&amp;ssl=1 852w, https:\/\/i0.wp.com\/www.bechmann.org\/amphibium\/wp-content\/uploads\/ojb_jkz.jpg?resize=300%2C225&amp;ssl=1 300w, https:\/\/i0.wp.com\/www.bechmann.org\/amphibium\/wp-content\/uploads\/ojb_jkz.jpg?resize=768%2C577&amp;ssl=1 768w, https:\/\/i0.wp.com\/www.bechmann.org\/amphibium\/wp-content\/uploads\/ojb_jkz.jpg?resize=624%2C469&amp;ssl=1 624w\" sizes=\"auto, (max-width: 625px) 100vw, 625px\" \/><figcaption class=\"wp-element-caption\">Oliver Bechmann im Gespr\u00e4ch mit Jon Kabat-Zinn \u00fcber die Arbeit mit Gewaltopfern.<\/figcaption><\/figure>\n<\/div>\n\n\n<p>Gewalt f\u00fchrt h\u00e4ufig zu traumatischen Erfahrungen. Beim Opfer einer Gewalttat so gut wie immer. Aber auch bei Gewalt-Aus\u00fcbenden \u2013 hier soll von denen die Rede sein, die sich der Gewalt beruflich bedingt aussetzen und sie anwenden m\u00fcssen: Soldaten, Polizisten, Personensch\u00fctzer, Sicherheitskr\u00e4fte privater wie staatlicher Natur.<\/p>\n\n\n\n<p>Bei denen kommt es aufgrund von Eins\u00e4tzen zu k\u00f6rperlichen wie seelischen Verletzungen. \u00dcber PTBS \u2013 posttraumatische Belastungsst\u00f6rungen \u2013 gibt es Artikel in Fachpresse, Zeitungen und Zeitschriften wie Sand am Meer (<a href=\"http:\/\/www.zeit.de\/2011\/44\/C-Traumatologe\">beispielsweise hier\u2026)<\/a>. Heimkehrende US-Soldaten etwa werden zu einem hohen Prozentsatz von Depressionen und (Auto-)Aggressionen geplagt; manch einer bringt sich, manch anderer gleich seine Familie oder andere mit um. In den USA gibt es daher ein Programm zum Post-Stress-Debriefing, das R\u00fcckkehrer bef\u00e4higen soll, sich nach l\u00e4ngerem Aufenthalt in teilweise extremen Gewaltverh\u00e4ltnissen wieder in der heimischen Zivilgesellschaft zurechtzufinden.<\/p>\n\n\n\n<!--more-->\n\n\n\n<h3 class=\"wp-block-heading\">Weg zur\u00fcck ins &#8211; normale &#8211; Leben<\/h3>\n\n\n\n<p>Um traumatisierten Soldaten einen Weg zur\u00fcck ins Leben zu ebnen, wird zu ungew\u00f6hnlichen Mitteln gegriffen. So berichtet die FAZ k\u00fcrzlich unter dem Titel \u201c<a href=\"http:\/\/m.faz.net\/aktuell\/gesellschaft\/hundetherapie-fuer-kriegsveteranen-das-war-mein-platz-mein-platz-11494679.html\">Das war mein Platz, mein Platz\u201d<\/a>&nbsp;von einem Projekt, bei dem Veteranen Hunde zu Blindenhunden schulen \u2013 und dabei selbst genesen.<\/p>\n\n\n\n<p>Eine etablierte Methode der Stressbew\u00e4ltigung, deren Wirksamkeit weithin anerkannt und nachgewiesen ist, ist MBSR \u2013&nbsp;<a href=\"http:\/\/de.wikipedia.org\/wiki\/MBSR\">Mindfulness Based Stress Reduction<\/a>&nbsp;(und ihr Ableger speziell f\u00fcr Depressionen \u2013 MBCT,&nbsp;<a href=\"http:\/\/de.wikipedia.org\/wiki\/Achtsamkeitsbasierte_Kognitive_Therapie\">Mindfulness Based Cognitive Therapy<\/a>). Sie wird bei schwer traumatisierten Soldaten und Polizisten genauso angewandt wie bei Gewaltopfern, ist aber auch ebenso bew\u00e4hrt bei Depressivit\u00e4t \/ Burn-Out von Zivilb\u00fcrgern.<\/p>\n\n\n\n<h3 class=\"wp-block-heading\">Selbstvertrauen und Selbstsicherheit wieder gewinnen<\/h3>\n\n\n\n<p>Die ZEIT hat mehrere Artikel dem Thema Achtsamkeit und Meditation \u2013 denn daraus besteht das klassische achtw\u00f6chige MBSR-Programm, schon vor drei\u00dfig Jahren von&nbsp;<a href=\"http:\/\/de.wikipedia.org\/wiki\/Jon_Kabat-Zinn\">Jon Kabat-Zinn<\/a>&nbsp;am&nbsp;<a href=\"http:\/\/www.umassmed.edu\/Content.aspx?id=43102\">Center for Mindfulness<\/a>&nbsp;in Massachusetts entwickelt und in der&nbsp;<em>Stress Reduction Clinic<\/em>&nbsp;eingesetzt \u2013 gewidmet:<br>\u2013&nbsp;<a href=\"http:\/\/www.zeit.de\/zeit-wissen\/2012\/01\/Meditation-auf-Rezept\">Therapeutischer Nutzen: Achtsam ist heilsam<\/a><br>\u2013&nbsp;<a href=\"http:\/\/www.zeit.de\/zeit-wissen\/2012\/01\/Meditation-auf-Rezept\">Entspannungstraining: Mehr als Bet\u00e4ubung<\/a><br>\u2013&nbsp;<a href=\"http:\/\/www.zeit.de\/2011\/07\/M-Schmerz-Schmidt\">Neuropsychologie: Lernen, mit dem Leiden umzugehen<\/a><\/p>\n\n\n\n<p>Was all das mit Krav Maga zu tun hat? Unter unseren Trainierenden befinden sich einige Teilnehmer, die reale, traumatische Gewalterfahrungen haben \u2013 ganz \u00fcberwiegend Frauen. F\u00fcr die ist Krav Maga ein Ansatz, Selbstvertrauen und Selbstsicherheit wiederzugewinnen, und nat\u00fcrlich die F\u00e4higkeit, sich Falle eines erneuten \u00dcbergriffs effektiv wehren zu k\u00f6nnen. Nicht wenige sind von ihren Therapeutinnen oder Therapeuten geschickt worden. <\/p>\n\n\n\n<p>Und MBSR ist eine wirksame Methode, seelisch sich und sein Leben wieder anzueignen. Traumatische Erfahrungen zu bew\u00e4ltigen, mit ihnen besser umgehen zu k\u00f6nnen.<\/p>\n\n\n\n<h3 class=\"wp-block-heading\">Stress-Festigkeit und Resilienz st\u00e4rken<\/h3>\n\n\n\n<p>Aber auch f\u00fcr die gro\u00dfe Zahl der M\u00e4nner und Frauen, die Krav Maga prophylaktisch trainieren, um sich auf eine gewaltt\u00e4tige Konfrontation vorzubereiten und diese zu bestehen, geht es immer um mentales Training: KM-eigene Methoden des Mentaltrainings f\u00fcr&nbsp;<em>Combat &amp; Fighting<\/em>&nbsp;\u2013 in Israel gibt es selbstverst\u00e4ndlich reichhaltigen Erfahrungsschatz dazu \u2013 helfen, sich in einer verzweifelten Situation durchzusetzen genauso wie NLP-Ans\u00e4tze und -Modelle.<\/p>\n\n\n\n<p>MBSR wiederum sollte vor allem als ausgleichendes Regulativ zum Einsatz kommen: ein Gegengewicht zur Ein- und Aus\u00fcbung von Gewalt. Damit das Trainieren von Gegen-Gewalt und&nbsp;<em>Targeted Aggression<\/em>&nbsp;nicht zum Schu\u00df wird, der nach hinten losgeht \u2013 und im Extremfall die eigene Seele auffrisst.<\/p>\n","protected":false},"excerpt":{"rendered":"<p>Gewalt f\u00fchrt h\u00e4ufig zu traumatischen Erfahrungen. Beim Opfer einer Gewalttat so gut wie immer. Aber auch bei Gewalt-Aus\u00fcbenden \u2013 hier soll von denen die Rede sein, die sich der Gewalt beruflich bedingt aussetzen und sie anwenden m\u00fcssen: Soldaten, Polizisten, Personensch\u00fctzer, Sicherheitskr\u00e4fte privater wie staatlicher Natur. Bei denen kommt es aufgrund von Eins\u00e4tzen zu k\u00f6rperlichen wie [&hellip;]<\/p>\n","protected":false},"author":1,"featured_media":0,"comment_status":"closed","ping_status":"closed","sticky":false,"template":"","format":"standard","meta":{"jetpack_post_was_ever_published":true,"_jetpack_newsletter_access":"","_jetpack_dont_email_post_to_subs":true,"_jetpack_newsletter_tier_id":0,"_jetpack_memberships_contains_paywalled_content":false,"_jetpack_memberships_contains_paid_content":false,"footnotes":"","jetpack_publicize_message":"","jetpack_publicize_feature_enabled":false,"jetpack_social_post_already_shared":false,"jetpack_social_options":{"image_generator_settings":{"template":"highway","default_image_id":0,"font":"","enabled":false},"version":2}},"categories":[468,783,785],"tags":[820,821,825,225,816,826,827],"class_list":["post-6997","post","type-post","status-publish","format-standard","hentry","category-achtsamkeit","category-krav-maga","category-mbsr","tag-burn-out","tag-depressionen","tag-gewalterfahrung","tag-mbsr","tag-post-stress-debriefing","tag-ptbs","tag-trauma"],"jetpack_publicize_connections":[],"jetpack_featured_media_url":"","jetpack_shortlink":"https:\/\/wp.me\/p4DyUk-1OR","jetpack-related-posts":[{"id":6996,"url":"https:\/\/www.bechmann.org\/amphibium\/krav-maga-mbsr-kampf-meditation\/","url_meta":{"origin":6997,"position":0},"title":"Krav Maga &#038; MBSR, Kampf &#038; Meditation","author":"Oliver","date":"12. Dezember 2019","format":false,"excerpt":"Krav Maga (KM) und Mindfulness Based Stress Reduction (MBSR) sind zwei Kehrseiten einer Medaille - auf der einen Seite geht es um Kampf, Aggressivit\u00e4t, Aktivit\u00e4t, Hochspannung, intensive Reize, extrovertiertes Verhalten, auf der anderen Seite Ruhe, Stille, Spannungsabbau, waches Nachsp\u00fcren, introvertiertes Verhalten - , haben aber doch einige Gemeinsamkeiten. MBSR wie\u2026","rel":"","context":"In &quot;Achtsamkeit&quot;","block_context":{"text":"Achtsamkeit","link":"https:\/\/www.bechmann.org\/amphibium\/category\/achtsamkeit\/"},"img":{"alt_text":"","src":"https:\/\/i0.wp.com\/www.bechmann.org\/amphibium\/wp-content\/uploads\/mental.jpg?resize=350%2C200&ssl=1","width":350,"height":200,"srcset":"https:\/\/i0.wp.com\/www.bechmann.org\/amphibium\/wp-content\/uploads\/mental.jpg?resize=350%2C200&ssl=1 1x, https:\/\/i0.wp.com\/www.bechmann.org\/amphibium\/wp-content\/uploads\/mental.jpg?resize=525%2C300&ssl=1 1.5x, https:\/\/i0.wp.com\/www.bechmann.org\/amphibium\/wp-content\/uploads\/mental.jpg?resize=700%2C400&ssl=1 2x, https:\/\/i0.wp.com\/www.bechmann.org\/amphibium\/wp-content\/uploads\/mental.jpg?resize=1050%2C600&ssl=1 3x"},"classes":[]},{"id":6993,"url":"https:\/\/www.bechmann.org\/amphibium\/was-hat-krav-maga-mit-mbsr-zu-tun\/","url_meta":{"origin":6997,"position":1},"title":"Was hat Krav Maga mit MBSR zu tun?","author":"Oliver","date":"16. August 2020","format":false,"excerpt":"Beate Bechmann: Krav Maga-Instructorin, Heilpraktikerin, Hypnose-Therapeutin Was hat Krav Maga (KM) mit\u00a0Mindfulness Based Stress Reduction\u00a0(MBSR) zu tun? Warum k\u00f6nnen wir* auf der einen Seite Selbstverteidigung und Nahkampf,\u00a0Fighting Fitness\u00a0und letztlich \u00dcberlebenstechniken und -taktiken lehren und andererseits etwas, was unter den Stichworten \u201cMeditation\u201d oder \u201cAchtsamkeit\u201d daherkommt? Mithin also einerseits etwas, was gerne\u2026","rel":"","context":"In &quot;Achtsamkeit&quot;","block_context":{"text":"Achtsamkeit","link":"https:\/\/www.bechmann.org\/amphibium\/category\/achtsamkeit\/"},"img":{"alt_text":"","src":"https:\/\/i0.wp.com\/www.bechmann.org\/amphibium\/wp-content\/uploads\/mentaltraining.jpg?resize=350%2C200&ssl=1","width":350,"height":200},"classes":[]},{"id":6995,"url":"https:\/\/www.bechmann.org\/amphibium\/mbsr-kurs-stress-und-wie-man-damit-umgeht\/","url_meta":{"origin":6997,"position":2},"title":"MBSR: Stress, und wie man damit umgeht","author":"Oliver","date":"11. Juli 2020","format":false,"excerpt":"Stress, und wie man damit umgeht \u2013 da hilft in gewaltt\u00e4tigen Extremsituationen Krav Maga, im Alltag, in Beruf und Familie jedoch Achtsamkeit in Form des MBSR-Programms. MBSR steht dabei f\u00fcr\u00a0Mindfulness Based Stress Reduction\u00a0\u2013 zu deutsch: Stressbew\u00e4ltigung durch Achtsamkeit. Stress ist urspr\u00fcnglich ein Begriff aus der Werkstoffkunde und wurde sp\u00e4ter in\u2026","rel":"","context":"In &quot;Achtsamkeit&quot;","block_context":{"text":"Achtsamkeit","link":"https:\/\/www.bechmann.org\/amphibium\/category\/achtsamkeit\/"},"img":{"alt_text":"","src":"https:\/\/i0.wp.com\/www.bechmann.org\/amphibium\/wp-content\/uploads\/blog-stimmen.jpg?resize=350%2C200&ssl=1","width":350,"height":200},"classes":[]},{"id":7005,"url":"https:\/\/www.bechmann.org\/amphibium\/always-be-ready-for-the-next-five-minutes\/","url_meta":{"origin":6997,"position":3},"title":"Always be ready for the next five minutes","author":"Oliver","date":"8. Dezember 2023","format":false,"excerpt":"Tierkadaver in einem Baum W\u00e4hrend der Pandemie-Jahre von 2020 bis 2022 stellte ich fest, dass ich mehr Resilienz aus meiner Krav Maga-Erfahrung sch\u00f6pfen konnte denn aus dem Achtsamkeitskontext. Im MBSR-Verband gab (und gibt es) Zoom-Sitzungen (etwa den so genannten \"Achtsamkeits-Salon\"), in denen vor allem die eigenen Sorgen und \u00c4ngste verhandelt\u2026","rel":"","context":"In &quot;Achtsamkeit in der Wildnis&quot;","block_context":{"text":"Achtsamkeit in der Wildnis","link":"https:\/\/www.bechmann.org\/amphibium\/category\/achtsamkeit-in-der-wildnis\/"},"img":{"alt_text":"Schafskadaver im Baum","src":"https:\/\/i0.wp.com\/www.bechmann.org\/amphibium\/wp-content\/uploads\/namibia-1909_s-01115.jpg?resize=350%2C200&ssl=1","width":350,"height":200,"srcset":"https:\/\/i0.wp.com\/www.bechmann.org\/amphibium\/wp-content\/uploads\/namibia-1909_s-01115.jpg?resize=350%2C200&ssl=1 1x, https:\/\/i0.wp.com\/www.bechmann.org\/amphibium\/wp-content\/uploads\/namibia-1909_s-01115.jpg?resize=525%2C300&ssl=1 1.5x"},"classes":[]},{"id":6999,"url":"https:\/\/www.bechmann.org\/amphibium\/mind-fitness-eigene-potenziale-erweitern\/","url_meta":{"origin":6997,"position":4},"title":"Mind Fitness: eigene Potenziale erweitern","author":"Oliver","date":"15. M\u00e4rz 2020","format":false,"excerpt":"Der Kopf steuert den K\u00f6rper, nicht umgekehrt. Mind Fitness bedeutet: Technisch-motorische F\u00e4higkeiten brauchen eine ebenso gut entwickelte Steuerungsbasis in Gehirn, Sensor- und Nervensystem. Inhaltlich geht es bei Mind Fitness darum, in Selbstverteidigungs-, Sport-, Stress- Situationen sowie anderen, allt\u00e4glichen Belastungen sein Potenzial zu verwirklichen. Oder etwa bei schwierigen Beziehungsgespr\u00e4chen oder Gehaltsverhandlungen.\u2026","rel":"","context":"In &quot;Krav Maga&quot;","block_context":{"text":"Krav Maga","link":"https:\/\/www.bechmann.org\/amphibium\/category\/krav-maga\/"},"img":{"alt_text":"","src":"https:\/\/i0.wp.com\/www.bechmann.org\/amphibium\/wp-content\/uploads\/3640269_blog.jpg?resize=350%2C200&ssl=1","width":350,"height":200},"classes":[]},{"id":90,"url":"https:\/\/www.bechmann.org\/amphibium\/wie-alles-begann\/","url_meta":{"origin":6997,"position":5},"title":"Wie alles begann &#8211; und wohin es f\u00fchrte","author":"Oliver","date":"11. November 2019","format":false,"excerpt":"Mit Kampfsport habe ich angefangen, als ich 15 Jahre alt war. Im Urlaub waren meine Eltern und ich angegriffen worden; ich hatte dabei keine gute Figur gemacht. Mein Selbstbewusstsein war schwer l\u00e4diert. Das wollte ich \u00e4ndern und trainierte das, was in meiner Wohnumgebung m\u00f6glich war: traditionelles Wado-Ryu-Karate. Ich war mit\u2026","rel":"","context":"In &quot;Krav Maga&quot;","block_context":{"text":"Krav Maga","link":"https:\/\/www.bechmann.org\/amphibium\/category\/krav-maga\/"},"img":{"alt_text":"","src":"https:\/\/i0.wp.com\/www.bechmann.org\/amphibium\/wp-content\/uploads\/messer.jpg?resize=350%2C200&ssl=1","width":350,"height":200,"srcset":"https:\/\/i0.wp.com\/www.bechmann.org\/amphibium\/wp-content\/uploads\/messer.jpg?resize=350%2C200&ssl=1 1x, https:\/\/i0.wp.com\/www.bechmann.org\/amphibium\/wp-content\/uploads\/messer.jpg?resize=525%2C300&ssl=1 1.5x, https:\/\/i0.wp.com\/www.bechmann.org\/amphibium\/wp-content\/uploads\/messer.jpg?resize=700%2C400&ssl=1 2x, https:\/\/i0.wp.com\/www.bechmann.org\/amphibium\/wp-content\/uploads\/messer.jpg?resize=1050%2C600&ssl=1 3x"},"classes":[]}],"jetpack_sharing_enabled":true,"_links":{"self":[{"href":"https:\/\/www.bechmann.org\/amphibium\/wp-json\/wp\/v2\/posts\/6997","targetHints":{"allow":["GET"]}}],"collection":[{"href":"https:\/\/www.bechmann.org\/amphibium\/wp-json\/wp\/v2\/posts"}],"about":[{"href":"https:\/\/www.bechmann.org\/amphibium\/wp-json\/wp\/v2\/types\/post"}],"author":[{"embeddable":true,"href":"https:\/\/www.bechmann.org\/amphibium\/wp-json\/wp\/v2\/users\/1"}],"replies":[{"embeddable":true,"href":"https:\/\/www.bechmann.org\/amphibium\/wp-json\/wp\/v2\/comments?post=6997"}],"version-history":[{"count":2,"href":"https:\/\/www.bechmann.org\/amphibium\/wp-json\/wp\/v2\/posts\/6997\/revisions"}],"predecessor-version":[{"id":8143,"href":"https:\/\/www.bechmann.org\/amphibium\/wp-json\/wp\/v2\/posts\/6997\/revisions\/8143"}],"wp:attachment":[{"href":"https:\/\/www.bechmann.org\/amphibium\/wp-json\/wp\/v2\/media?parent=6997"}],"wp:term":[{"taxonomy":"category","embeddable":true,"href":"https:\/\/www.bechmann.org\/amphibium\/wp-json\/wp\/v2\/categories?post=6997"},{"taxonomy":"post_tag","embeddable":true,"href":"https:\/\/www.bechmann.org\/amphibium\/wp-json\/wp\/v2\/tags?post=6997"}],"curies":[{"name":"wp","href":"https:\/\/api.w.org\/{rel}","templated":true}]}}