{"id":6993,"date":"2020-08-16T15:30:19","date_gmt":"2020-08-16T13:30:19","guid":{"rendered":"https:\/\/www.bechmann.org\/roninkravmaga\/?p=628"},"modified":"2024-04-27T13:22:37","modified_gmt":"2024-04-27T11:22:37","slug":"was-hat-krav-maga-mit-mbsr-zu-tun","status":"publish","type":"post","link":"https:\/\/www.bechmann.org\/amphibium\/was-hat-krav-maga-mit-mbsr-zu-tun\/","title":{"rendered":"Was hat Krav Maga mit MBSR zu tun?"},"content":{"rendered":"<div class=\"wp-block-image\">\n<figure class=\"alignright size-large is-resized\"><img data-recalc-dims=\"1\" loading=\"lazy\" decoding=\"async\" width=\"625\" height=\"417\" data-attachment-id=\"8102\" data-permalink=\"https:\/\/www.bechmann.org\/amphibium\/focus\/\" data-orig-file=\"https:\/\/i0.wp.com\/www.bechmann.org\/amphibium\/wp-content\/uploads\/focus.jpg?fit=1200%2C800&amp;ssl=1\" data-orig-size=\"1200,800\" data-comments-opened=\"0\" data-image-meta=\"{&quot;aperture&quot;:&quot;0&quot;,&quot;credit&quot;:&quot;&quot;,&quot;camera&quot;:&quot;&quot;,&quot;caption&quot;:&quot;&quot;,&quot;created_timestamp&quot;:&quot;0&quot;,&quot;copyright&quot;:&quot;Oliver Bechmann&quot;,&quot;focal_length&quot;:&quot;0&quot;,&quot;iso&quot;:&quot;0&quot;,&quot;shutter_speed&quot;:&quot;0&quot;,&quot;title&quot;:&quot;&quot;,&quot;orientation&quot;:&quot;0&quot;}\" data-image-title=\"\" data-image-description=\"\" data-image-caption=\"\" data-large-file=\"https:\/\/i0.wp.com\/www.bechmann.org\/amphibium\/wp-content\/uploads\/focus.jpg?fit=625%2C417&amp;ssl=1\" src=\"https:\/\/i0.wp.com\/www.bechmann.org\/amphibium\/wp-content\/uploads\/focus.jpg?resize=625%2C417&#038;ssl=1\" alt=\"\" class=\"wp-image-8102\" style=\"width:340px;height:auto\" srcset=\"https:\/\/i0.wp.com\/www.bechmann.org\/amphibium\/wp-content\/uploads\/focus.jpg?resize=1024%2C683&amp;ssl=1 1024w, https:\/\/i0.wp.com\/www.bechmann.org\/amphibium\/wp-content\/uploads\/focus.jpg?resize=300%2C200&amp;ssl=1 300w, https:\/\/i0.wp.com\/www.bechmann.org\/amphibium\/wp-content\/uploads\/focus.jpg?resize=768%2C512&amp;ssl=1 768w, https:\/\/i0.wp.com\/www.bechmann.org\/amphibium\/wp-content\/uploads\/focus.jpg?resize=624%2C416&amp;ssl=1 624w, https:\/\/i0.wp.com\/www.bechmann.org\/amphibium\/wp-content\/uploads\/focus.jpg?w=1200&amp;ssl=1 1200w\" sizes=\"auto, (max-width: 625px) 100vw, 625px\" \/><figcaption class=\"wp-element-caption\">Beate Bechmann: Krav Maga-Instructorin, Heilpraktikerin, Hypnose-Therapeutin<\/figcaption><\/figure>\n<\/div>\n\n\n<p>Was hat Krav Maga (KM) mit&nbsp;<em><a rel=\"noreferrer noopener\" href=\"http:\/\/de.wikipedia.org\/wiki\/Achtsamkeitsbasierte_Stressreduktion\" target=\"_blank\">Mindfulness Based Stress Reduction<\/a><\/em>&nbsp;(MBSR) zu tun? Warum k\u00f6nnen wir* auf der einen Seite Selbstverteidigung und Nahkampf,&nbsp;<a href=\"http:\/\/krav-maga-frankfurt.de\/site\/?page_id=1118\">Fighting Fitness<\/a>&nbsp;und letztlich \u00dcberlebenstechniken und -taktiken lehren und andererseits etwas, was unter den Stichworten \u201cMeditation\u201d oder \u201cAchtsamkeit\u201d daherkommt? Mithin also einerseits etwas, was gerne mit Begriffen wie \u201chart\u201d oder \u201ctough\u201d, \u201cruppig\u201d und \u201crau\u201d assoziiert wird, andererseits \u201cweich\u201d oder \u201cinnerlich\u201d.<\/p>\n\n\n\n<p>Ganz einfach. Weil es in beiden F\u00e4llen unterm Strich um eins geht:&nbsp;<a href=\"http:\/\/de.wikipedia.org\/wiki\/Stress\" target=\"_blank\" rel=\"noreferrer noopener\">Stress<\/a>.<\/p>\n\n\n\n<!--more-->\n\n\n\n<h3 class=\"wp-block-heading\">Stressbew\u00e4ltigung ist das&nbsp;Krav Maga &amp; MBSR-Stichwort<\/h3>\n\n\n\n<p>Wenn man so will: Stressbew\u00e4ltigung. Der Umgang mit Stress, die Bew\u00e4ltigung von stress-intensiven oder stress-reichen Situationen.<\/p>\n\n\n\n<p>Ein Angriff auf die k\u00f6rperliche, geistige oder seelische Unversehrtheit stellt immer die intensivste, weil existenziell bedrohlichste Form von Stress dar. Schlie\u00dflich ist unsere Stress-Physiologie mit der&nbsp;<em><a rel=\"noreferrer noopener\" href=\"http:\/\/psychology.about.com\/od\/findex\/g\/fight-or-flight-response.htm\" target=\"_blank\">Fight-or-Flight<\/a><\/em>-Reaktion in grauer Vorzeit entstanden als es ums Leben ging, wenn der S\u00e4belzahntiger nahte. Darauf kommen auch Anti-Stress-Lehrer aus therapeutischem oder psychologischem Umfeld zur\u00fcck, wenn sie erkl\u00e4ren wollen, was in unserem K\u00f6rper an hormonellen bzw. biochemischen Abl\u00e4ufen passiert, wenn wir im Alltagsstress sind \u2013 und der S\u00e4belzahntiger mittlerweile in Form einer stressigen Beziehung in Familie oder Beruf daherkommt.<\/p>\n\n\n\n<h3 class=\"wp-block-heading\">Nachfahren von Feiglingen und Paranoikern<\/h3>\n\n\n\n<p>Unser K\u00f6rper-Seele-Geist-System mit dem Gehirn als bewusster und unbewusster Steuerzentrale reagiert entlang den in einer jahrzehntausendelangen Evolution angelegten Mechanismen. Wir alle, die wir heute leben, sind die Nachfahren von Feiglingen oder Paranoikern \u2013 denn gegen\u00fcber dem S\u00e4belzahntiger erwies sich Sorglosigkeit, Unvorsicht, Tollk\u00fchnheit u.\u00e4. Eigenschaften als suboptimal. Wer aber vorsichtig, zur\u00fcckhaltend, misstrauisch, sozusagen paranoid oder feige war, \u00fcberlebte \u2013 und gab seine Gene weiter, in dem er\/sie sich mit einem anderen Feigling oder Paranoiker fortpflanzte.<\/p>\n\n\n\n<p>Vorsicht und Angst sind erst einmal sehr sinnvolle, sch\u00fctzende Mechanismen. Und unser Gehirn \u2013 d.h. dessen limbisches System \u2013 ist nicht an unserem Gl\u00fcck interessiert, sondern an Systemerhalt. Es bewertet vermeintliche oder tats\u00e4chliche Gefahren und Gef\u00e4hrdungen immer h\u00f6her als angenehme, freundliche Erfahrungen. Es richtet die Aufmerksamkeit des Gesamtsystems immer mehr auf negative denn auf positive Impulse in der Umgebung.<\/p>\n\n\n\n<h3 class=\"wp-block-heading\">Stress im Alltag mit Familie und Beruf<\/h3>\n\n\n\n<p>Nervosit\u00e4t, Unruhe, Anspannung, Angst sind Stress-Merkmale im Kampf bzw. einer gewaltt\u00e4tigen Situation \u2013 und zwar in k\u00fcrzester Zeit hochverdichtet auf die Spitze getrieben. Nervosit\u00e4t, Unruhe, Anspannung, Angst sind Stress-Merkmale von&nbsp;<a href=\"http:\/\/www.apotheken-umschau.de\/posttraumatische-belastungsstoerung\" target=\"_blank\" rel=\"noreferrer noopener\">posttraumatischen Belastungsst\u00f6rungen<\/a>&nbsp;\u2013 ob diese im Krieg entstehen oder die Folgen einer zivilen Gewaltanwendung wie Raub\u00fcberf\u00e4lle, Schl\u00e4gereien, sexuelle \u00dcbergriffe und Missbrauch sind. Nervosit\u00e4t, Unruhe, Anspannung, Angst samt Schlaf- und anderen -st\u00f6rungen sind aber auch Stress-Merkmale des Alltags mit Familie und Arbeit, Geld- und Zukunftssorgen als vordringlichen Stressoren.<\/p>\n\n\n\n<p>Also geht es einerseits um eine kurzfristige Spitzenbelastung im Falle einer pl\u00f6tzlichen existenziellen Bedrohung und Gef\u00e4hrdung, andererseits um die langfristig wirkende, permanent nagende und die Energien aush\u00f6hlende niedrigschwellige Dauerbelastung des Alltags-Stresses. Bei einer Gewalttat mag man dabei noch positiv finden, dass es zu einer tats\u00e4chlichen&nbsp;<em>Fight-or-Flight<\/em>-Reaktion kommt, die zum Abbau der ausgesch\u00fctteten \u2013 und akkumuliert krank machenden \u2013 Stress-Hormone f\u00fchrt. Im Alltags-Stress dagegen geht die&nbsp;<a rel=\"noreferrer noopener\" href=\"http:\/\/www.tagesspiegel.de\/wissen\/stressforschung-auf-die-adrenalin-ausschuettung-folgt-cortisol-das-uns-aufmerksam-haelt\/8094122-2.html\" target=\"_blank\">Cortisol<\/a>-Anh\u00e4ufung mit einer Reihe von Zivilisationskrankheiten einher, wie Herz-Kreislauf-Problemen, Krebs, Depression, Burn-Out etc.<\/p>\n\n\n\n<h3 class=\"wp-block-heading\">Krav Maga und MBSR sind s\u00e4kulare Methoden<\/h3>\n\n\n\n<p>Denn unser Gehirn kennt keinen Unterschied zwischen kleinen und gro\u00dfen, vermeintlichen oder tats\u00e4chlichen Gef\u00e4hrungen oder Beeintr\u00e4chtigungen. Dauer-Stress bedeutet Dauer-Alarmzustand \u2013 etwas, womit das menschliche Gesamtsystem letztlich nicht fertig wird. Die Entwicklung des Achtsamkeit, etwa mittels des westlich-wissenschaftlich evaluierten MBSR-Programms, gilt hierf\u00fcr als \u201cGegengift\u201d. Ein Heilmittel, das hilft, Ruhe, inneren Frieden, ja Gl\u00fcck zu finden.<\/p>\n\n\n\n<p>Und dabei geht es nicht um esoterischen Schnick-Schnack. Krav Maga und MBSR haben auch gemeinsam, dass sie s\u00e4kulare, logische Methoden sind, ohne Anbindung an irgendeine Glaubensrichtung. Krav Maga ist ein in sich geschlossenes logisches System, und MBSR vereint traditionelle Methoden wie Meditation mit Erkenntnissen moderner Neurowissenschaft und Hirnforschung. MBSR ist obendrein westlich-wissenschaftlich als effizient evaluiert.<\/p>\n\n\n\n<h3 class=\"wp-block-heading\">Krav Maga-Instructor &amp; MBSR-Lehrer: Stress-Experten!<\/h3>\n\n\n\n<p>Wer nach den Begriffen \u201cAchtsamkeit\u201d oder \u201cMBSR\u201d mit Hilfe einer Internet-Suchmaschine forscht, wird h\u00e4ufig auf Anbieter der MBSR-Achtwochenkurse sto\u00dfen, die aus dem therapeutischen Umfeld stammen oder aus anderen Sozial- bzw. Gesundheitsberufen. Einen Krav Maga-Instructor wird man darunter kaum finden. Dabei ist ein Krav Maga-Instructor ein Stress-Experte&nbsp;<em>per se<\/em>. Vielleicht sogar noch mehr \u2013 weil er auch die&nbsp;andere Seite kennt (von den zeitgen\u00f6ssischen menschlichen Nachfahren des S\u00e4belzahntigers mit ihrer Raubtiermentalit\u00e4t haben die Kollegen aus Psycho- &amp; Therapiezunft h\u00e4ufig wenig praktische, sondern mehr theoretische Kenntnis).<\/p>\n\n\n\n<p>Allerdings ist ein qulifizierter Sozial- oder Gesundheitsberuf notwendig, um eine vom&nbsp;<em><a rel=\"noreferrer noopener\" href=\"http:\/\/www.umassmed.edu\/cfm\/index.aspx\" target=\"_blank\">Center for Mindfulness<\/a><\/em>&nbsp;in Massachusetts (die Wiege des MBSR) anerkannte MBSR-Lehrer-Ausbildung zu absolvieren.&nbsp;<a rel=\"noreferrer noopener\" href=\"http:\/\/de.wikipedia.org\/wiki\/Diplom-Sozialp%C3%A4dagoge\" target=\"_blank\">Diplom-Sozialp\u00e4dagoge<\/a>&nbsp;etwa. Und tats\u00e4chlich bin ich nach meinem Sozialp\u00e4dagogik-Studium in den 80er Jahren eine Zeitlang auf Therapeuten-Pfaden gewandelt und bin ein Jahr lang in der Gespr\u00e4chspsychotherapie ausgebildet worden. Obendrein sind mir als NLP-Coach verhaltens- und hypnotherapeutische Ans\u00e4tze nicht unbekannt.<\/p>\n\n\n\n<h3 class=\"wp-block-heading\">Ansprechpartner f\u00fcr Angeh\u00f6rige robuster Berufe<\/h3>\n\n\n\n<p>Wenn ich also sowohl Krav Maga unterrichte als auch als MBSR-Kursleiter fungiere, ist dies \u00fcberhaupt kein Widerspruch. Im Gegenteil: MBSR wird mittlerweile in der Stress-Vorsorge wie Stress-Nachsorge bzw. Behandlung von Posttraumatischen Belastungsst\u00f6rungen bei Polizisten oder Soldaten eingesetzt, und warum sollte man nicht nach Gewalterfahrungen traumatisierten Menschen helfen, wieder ins Leben zu finden? Bzw. ihnen zu helfen, in die zivile Gesellschaft zur\u00fcckzukehren? <\/p>\n\n\n\n<p>Das w\u00fcrde doch etwa f\u00fcr Feuerwehrleute und Rettungssanit\u00e4tern, die h\u00e4ufig extreme Erfahrungen machen \u2013 man denke ans ICE-Ungl\u00fcck von Eschede -, auch gelten\u2026 Ich denke, f\u00fcr Leute aus \u201crobusten\u201d Berufen muss es auch Ansprechpartner geben, die ihr Denken &amp; Verhalten kennen und verstehen, ihre Sprache sprechen, aus ihrem Holz geschnitzt sind.<\/p>\n\n\n<div class=\"wp-block-image\">\n<figure class=\"alignleft size-full is-resized\"><img data-recalc-dims=\"1\" loading=\"lazy\" decoding=\"async\" width=\"450\" height=\"450\" data-attachment-id=\"8146\" data-permalink=\"https:\/\/www.bechmann.org\/amphibium\/was-hat-krav-maga-mit-mbsr-zu-tun\/mentaltraining\/\" data-orig-file=\"https:\/\/i0.wp.com\/www.bechmann.org\/amphibium\/wp-content\/uploads\/mentaltraining.jpg?fit=450%2C450&amp;ssl=1\" data-orig-size=\"450,450\" data-comments-opened=\"0\" data-image-meta=\"{&quot;aperture&quot;:&quot;0&quot;,&quot;credit&quot;:&quot;&quot;,&quot;camera&quot;:&quot;&quot;,&quot;caption&quot;:&quot;38212386 -&quot;,&quot;created_timestamp&quot;:&quot;0&quot;,&quot;copyright&quot;:&quot;lightwise\/123RF&quot;,&quot;focal_length&quot;:&quot;0&quot;,&quot;iso&quot;:&quot;0&quot;,&quot;shutter_speed&quot;:&quot;0&quot;,&quot;title&quot;:&quot;38212386 -&quot;,&quot;orientation&quot;:&quot;0&quot;}\" data-image-title=\"mentaltraining\" data-image-description=\"\" data-image-caption=\"&lt;p&gt;38212386 &amp;#8211;&lt;\/p&gt;\n\" data-large-file=\"https:\/\/i0.wp.com\/www.bechmann.org\/amphibium\/wp-content\/uploads\/mentaltraining.jpg?fit=450%2C450&amp;ssl=1\" src=\"https:\/\/i0.wp.com\/www.bechmann.org\/amphibium\/wp-content\/uploads\/mentaltraining.jpg?resize=450%2C450&#038;ssl=1\" alt=\"\" class=\"wp-image-8146\" style=\"width:326px;height:auto\" srcset=\"https:\/\/i0.wp.com\/www.bechmann.org\/amphibium\/wp-content\/uploads\/mentaltraining.jpg?w=450&amp;ssl=1 450w, https:\/\/i0.wp.com\/www.bechmann.org\/amphibium\/wp-content\/uploads\/mentaltraining.jpg?resize=300%2C300&amp;ssl=1 300w, https:\/\/i0.wp.com\/www.bechmann.org\/amphibium\/wp-content\/uploads\/mentaltraining.jpg?resize=150%2C150&amp;ssl=1 150w\" sizes=\"auto, (max-width: 450px) 100vw, 450px\" \/><figcaption class=\"wp-element-caption\">38212386 &#8211;<\/figcaption><\/figure>\n<\/div>\n\n\n<p>Aber selbstverst\u00e4ndlich richtet sich unser* Angebot auch an alle Leute aus allen Berufen, allen Schichten, allen Befindlichkeiten. Letztlich geht es immer um dasselbe. Wenn ich ein Krav Maga-Seminar halte, pflege ich h\u00e4ufig am Ende eine Geschichte zu erz\u00e4hlen. Darin geht es um eine Diskussion unter Kampfexperten: Was denn blo\u00df das Beste sei, was man zu Krav Maga dazu \u00fcben k\u00f6nnte. Vielleicht Boxen? Vielleicht Brazilian Ju Jutsu? Vielleicht Langlauf?<\/p>\n\n\n\n<p>Schlie\u00dflich sagt einer: Das Beste, was man zum Krav Maga dazu \u00fcben k\u00f6nnte und machen sollte, ist:&nbsp;<em>Be happy<\/em>.<\/p>\n\n\n\n<h3 class=\"wp-block-heading\">Verteidigung des Selbst gegen \u00e4u\u00dfere und innere Feinde<\/h3>\n\n\n\n<p>Wer sich selbst verteidigen kann, seiner selbst sicherer ist, f\u00fchlt sich sicher und weniger angespannt oder von m\u00f6glichen Gef\u00e4hrdungen beeintr\u00e4chtig. Und so sind Krav Maga und Achtsamkeit bzw. MBSR nichts weiter als zwei Seiten einer Medaille, bei der es letztlich immer um geistig-seelische wie k\u00f6rperliche Unversehrtheit, Gesundheit im umfassenden Sinne \u2013 also: Gl\u00fcck geht. Anders gesagt, um Selbst-Verteidigung \u2013 die Verteidigung des Selbst gegen \u00e4u\u00dfere und innere Feinde.<\/p>\n\n\n\n<p>Stress ist unvermeidlich. Ein einziger Stress, das ganze Leben \u2013 man muss also lernen, damit umzugehen. D.h., es geht immer um die St\u00e4rkung der eigenen physischen und psychischen, d.h. mentalen Ressourcen. Oder wie es MBSR-Begr\u00fcnder&nbsp;<a rel=\"noreferrer noopener\" href=\"http:\/\/de.wikipedia.org\/wiki\/Jon_Kabat-Zinn\" target=\"_blank\">Jon Kabat-Zinn<\/a>&nbsp;genannt hat:&nbsp;<em>You can\u2019t stop the waves, but you can learn to surf.<\/em><\/p>\n\n\n\n<hr class=\"wp-block-separator has-css-opacity\"\/>\n\n\n\n<p>P.S.: Im \u00dcbrigen hat eine solche Kombination aus Kampf- und Heilmethode geradezu schon Tradition. In den klassischen Kampfk\u00fcnsten \u2013 speziell dem chinesischen Kung Fu \u2013 gab es h\u00e4ufig Lehrer, die K\u00e4mpfer und Heiler gleicherma\u00dfen waren. Im klassischen Karate oder besonders dem hierzulande wenig bekannten und verbreiteten&nbsp;<a rel=\"noreferrer noopener\" href=\"http:\/\/www.shorinjikempo.de\/\" target=\"_blank\">Shorinji Kempo<\/a>&nbsp;(einer japanischen Form des chinesischen Shaolin Kung Fu) ist die Einheit von K\u00f6rper und Geist grundlegend \u2013 und damit geh\u00f6rt die Aus\u00fcbung \u201charter\u201d wie \u201cweicher\u201d Bestandteile (Meditation, Qigong) zum Programm.<\/p>\n\n\n\n<p>*Krav Maga, MBSR sowie Hypnotherapie biete ich zusammen mit meiner Frau Beate Bechmann, Deutschlands erfahrenste Krav Maga-Instructorin und Heilpraktikerin mit eigener Praxis (<a rel=\"noreferrer noopener\" href=\"https:\/\/www.akupunktur-tuina.de\" target=\"_blank\">Sport- &amp; Naturheilpraxis Beate Bechmann<\/a>) an. <\/p>\n","protected":false},"excerpt":{"rendered":"<p>Was hat Krav Maga (KM) mit&nbsp;Mindfulness Based Stress Reduction&nbsp;(MBSR) zu tun? Warum k\u00f6nnen wir* auf der einen Seite Selbstverteidigung und Nahkampf,&nbsp;Fighting Fitness&nbsp;und letztlich \u00dcberlebenstechniken und -taktiken lehren und andererseits etwas, was unter den Stichworten \u201cMeditation\u201d oder \u201cAchtsamkeit\u201d daherkommt? Mithin also einerseits etwas, was gerne mit Begriffen wie \u201chart\u201d oder \u201ctough\u201d, \u201cruppig\u201d und \u201crau\u201d assoziiert wird, [&hellip;]<\/p>\n","protected":false},"author":1,"featured_media":0,"comment_status":"closed","ping_status":"closed","sticky":false,"template":"","format":"standard","meta":{"jetpack_post_was_ever_published":true,"_jetpack_newsletter_access":"","_jetpack_dont_email_post_to_subs":true,"_jetpack_newsletter_tier_id":0,"_jetpack_memberships_contains_paywalled_content":false,"_jetpack_memberships_contains_paid_content":false,"footnotes":"","jetpack_publicize_message":"","jetpack_publicize_feature_enabled":false,"jetpack_social_post_already_shared":false,"jetpack_social_options":{"image_generator_settings":{"template":"highway","default_image_id":0,"font":"","enabled":false},"version":2}},"categories":[468,783,785],"tags":[229,225,816,817],"class_list":["post-6993","post","type-post","status-publish","format-standard","hentry","category-achtsamkeit","category-krav-maga","category-mbsr","tag-achtsamkeit","tag-mbsr","tag-post-stress-debriefing","tag-stress"],"jetpack_publicize_connections":[],"jetpack_featured_media_url":"","jetpack_shortlink":"https:\/\/wp.me\/p4DyUk-1ON","jetpack-related-posts":[{"id":6995,"url":"https:\/\/www.bechmann.org\/amphibium\/mbsr-kurs-stress-und-wie-man-damit-umgeht\/","url_meta":{"origin":6993,"position":0},"title":"MBSR: Stress, und wie man damit umgeht","author":"Oliver","date":"11. Juli 2020","format":false,"excerpt":"Stress, und wie man damit umgeht \u2013 da hilft in gewaltt\u00e4tigen Extremsituationen Krav Maga, im Alltag, in Beruf und Familie jedoch Achtsamkeit in Form des MBSR-Programms. MBSR steht dabei f\u00fcr\u00a0Mindfulness Based Stress Reduction\u00a0\u2013 zu deutsch: Stressbew\u00e4ltigung durch Achtsamkeit. Stress ist urspr\u00fcnglich ein Begriff aus der Werkstoffkunde und wurde sp\u00e4ter in\u2026","rel":"","context":"In &quot;Achtsamkeit&quot;","block_context":{"text":"Achtsamkeit","link":"https:\/\/www.bechmann.org\/amphibium\/category\/achtsamkeit\/"},"img":{"alt_text":"","src":"https:\/\/i0.wp.com\/www.bechmann.org\/amphibium\/wp-content\/uploads\/blog-stimmen.jpg?resize=350%2C200&ssl=1","width":350,"height":200},"classes":[]},{"id":6997,"url":"https:\/\/www.bechmann.org\/amphibium\/krav-maga-mbsr-bei-gewalterfahrung-trauma\/","url_meta":{"origin":6993,"position":1},"title":"Krav Maga- &#038; MBSR-Kurse bei PTBS","author":"Oliver","date":"14. Juni 2020","format":false,"excerpt":"Oliver Bechmann im Gespr\u00e4ch mit Jon Kabat-Zinn \u00fcber die Arbeit mit Gewaltopfern. Gewalt f\u00fchrt h\u00e4ufig zu traumatischen Erfahrungen. Beim Opfer einer Gewalttat so gut wie immer. Aber auch bei Gewalt-Aus\u00fcbenden \u2013 hier soll von denen die Rede sein, die sich der Gewalt beruflich bedingt aussetzen und sie anwenden m\u00fcssen: Soldaten,\u2026","rel":"","context":"In &quot;Achtsamkeit&quot;","block_context":{"text":"Achtsamkeit","link":"https:\/\/www.bechmann.org\/amphibium\/category\/achtsamkeit\/"},"img":{"alt_text":"","src":"https:\/\/i0.wp.com\/www.bechmann.org\/amphibium\/wp-content\/uploads\/ojb_jkz.jpg?resize=350%2C200&ssl=1","width":350,"height":200,"srcset":"https:\/\/i0.wp.com\/www.bechmann.org\/amphibium\/wp-content\/uploads\/ojb_jkz.jpg?resize=350%2C200&ssl=1 1x, https:\/\/i0.wp.com\/www.bechmann.org\/amphibium\/wp-content\/uploads\/ojb_jkz.jpg?resize=525%2C300&ssl=1 1.5x, https:\/\/i0.wp.com\/www.bechmann.org\/amphibium\/wp-content\/uploads\/ojb_jkz.jpg?resize=700%2C400&ssl=1 2x"},"classes":[]},{"id":6996,"url":"https:\/\/www.bechmann.org\/amphibium\/krav-maga-mbsr-kampf-meditation\/","url_meta":{"origin":6993,"position":2},"title":"Krav Maga &#038; MBSR, Kampf &#038; Meditation","author":"Oliver","date":"12. Dezember 2019","format":false,"excerpt":"Krav Maga (KM) und Mindfulness Based Stress Reduction (MBSR) sind zwei Kehrseiten einer Medaille - auf der einen Seite geht es um Kampf, Aggressivit\u00e4t, Aktivit\u00e4t, Hochspannung, intensive Reize, extrovertiertes Verhalten, auf der anderen Seite Ruhe, Stille, Spannungsabbau, waches Nachsp\u00fcren, introvertiertes Verhalten - , haben aber doch einige Gemeinsamkeiten. MBSR wie\u2026","rel":"","context":"In &quot;Achtsamkeit&quot;","block_context":{"text":"Achtsamkeit","link":"https:\/\/www.bechmann.org\/amphibium\/category\/achtsamkeit\/"},"img":{"alt_text":"","src":"https:\/\/i0.wp.com\/www.bechmann.org\/amphibium\/wp-content\/uploads\/mental.jpg?resize=350%2C200&ssl=1","width":350,"height":200,"srcset":"https:\/\/i0.wp.com\/www.bechmann.org\/amphibium\/wp-content\/uploads\/mental.jpg?resize=350%2C200&ssl=1 1x, https:\/\/i0.wp.com\/www.bechmann.org\/amphibium\/wp-content\/uploads\/mental.jpg?resize=525%2C300&ssl=1 1.5x, https:\/\/i0.wp.com\/www.bechmann.org\/amphibium\/wp-content\/uploads\/mental.jpg?resize=700%2C400&ssl=1 2x, https:\/\/i0.wp.com\/www.bechmann.org\/amphibium\/wp-content\/uploads\/mental.jpg?resize=1050%2C600&ssl=1 3x"},"classes":[]},{"id":7005,"url":"https:\/\/www.bechmann.org\/amphibium\/always-be-ready-for-the-next-five-minutes\/","url_meta":{"origin":6993,"position":3},"title":"Always be ready for the next five minutes","author":"Oliver","date":"8. Dezember 2023","format":false,"excerpt":"Tierkadaver in einem Baum W\u00e4hrend der Pandemie-Jahre von 2020 bis 2022 stellte ich fest, dass ich mehr Resilienz aus meiner Krav Maga-Erfahrung sch\u00f6pfen konnte denn aus dem Achtsamkeitskontext. Im MBSR-Verband gab (und gibt es) Zoom-Sitzungen (etwa den so genannten \"Achtsamkeits-Salon\"), in denen vor allem die eigenen Sorgen und \u00c4ngste verhandelt\u2026","rel":"","context":"In &quot;Achtsamkeit in der Wildnis&quot;","block_context":{"text":"Achtsamkeit in der Wildnis","link":"https:\/\/www.bechmann.org\/amphibium\/category\/achtsamkeit-in-der-wildnis\/"},"img":{"alt_text":"Schafskadaver im Baum","src":"https:\/\/i0.wp.com\/www.bechmann.org\/amphibium\/wp-content\/uploads\/namibia-1909_s-01115.jpg?resize=350%2C200&ssl=1","width":350,"height":200,"srcset":"https:\/\/i0.wp.com\/www.bechmann.org\/amphibium\/wp-content\/uploads\/namibia-1909_s-01115.jpg?resize=350%2C200&ssl=1 1x, https:\/\/i0.wp.com\/www.bechmann.org\/amphibium\/wp-content\/uploads\/namibia-1909_s-01115.jpg?resize=525%2C300&ssl=1 1.5x"},"classes":[]},{"id":6999,"url":"https:\/\/www.bechmann.org\/amphibium\/mind-fitness-eigene-potenziale-erweitern\/","url_meta":{"origin":6993,"position":4},"title":"Mind Fitness: eigene Potenziale erweitern","author":"Oliver","date":"15. M\u00e4rz 2020","format":false,"excerpt":"Der Kopf steuert den K\u00f6rper, nicht umgekehrt. Mind Fitness bedeutet: Technisch-motorische F\u00e4higkeiten brauchen eine ebenso gut entwickelte Steuerungsbasis in Gehirn, Sensor- und Nervensystem. Inhaltlich geht es bei Mind Fitness darum, in Selbstverteidigungs-, Sport-, Stress- Situationen sowie anderen, allt\u00e4glichen Belastungen sein Potenzial zu verwirklichen. Oder etwa bei schwierigen Beziehungsgespr\u00e4chen oder Gehaltsverhandlungen.\u2026","rel":"","context":"In &quot;Krav Maga&quot;","block_context":{"text":"Krav Maga","link":"https:\/\/www.bechmann.org\/amphibium\/category\/krav-maga\/"},"img":{"alt_text":"","src":"https:\/\/i0.wp.com\/www.bechmann.org\/amphibium\/wp-content\/uploads\/3640269_blog.jpg?resize=350%2C200&ssl=1","width":350,"height":200},"classes":[]},{"id":90,"url":"https:\/\/www.bechmann.org\/amphibium\/wie-alles-begann\/","url_meta":{"origin":6993,"position":5},"title":"Wie alles begann &#8211; und wohin es f\u00fchrte","author":"Oliver","date":"11. November 2019","format":false,"excerpt":"Mit Kampfsport habe ich angefangen, als ich 15 Jahre alt war. Im Urlaub waren meine Eltern und ich angegriffen worden; ich hatte dabei keine gute Figur gemacht. Mein Selbstbewusstsein war schwer l\u00e4diert. Das wollte ich \u00e4ndern und trainierte das, was in meiner Wohnumgebung m\u00f6glich war: traditionelles Wado-Ryu-Karate. Ich war mit\u2026","rel":"","context":"In &quot;Krav Maga&quot;","block_context":{"text":"Krav Maga","link":"https:\/\/www.bechmann.org\/amphibium\/category\/krav-maga\/"},"img":{"alt_text":"","src":"https:\/\/i0.wp.com\/www.bechmann.org\/amphibium\/wp-content\/uploads\/messer.jpg?resize=350%2C200&ssl=1","width":350,"height":200,"srcset":"https:\/\/i0.wp.com\/www.bechmann.org\/amphibium\/wp-content\/uploads\/messer.jpg?resize=350%2C200&ssl=1 1x, https:\/\/i0.wp.com\/www.bechmann.org\/amphibium\/wp-content\/uploads\/messer.jpg?resize=525%2C300&ssl=1 1.5x, https:\/\/i0.wp.com\/www.bechmann.org\/amphibium\/wp-content\/uploads\/messer.jpg?resize=700%2C400&ssl=1 2x, https:\/\/i0.wp.com\/www.bechmann.org\/amphibium\/wp-content\/uploads\/messer.jpg?resize=1050%2C600&ssl=1 3x"},"classes":[]}],"jetpack_sharing_enabled":true,"_links":{"self":[{"href":"https:\/\/www.bechmann.org\/amphibium\/wp-json\/wp\/v2\/posts\/6993","targetHints":{"allow":["GET"]}}],"collection":[{"href":"https:\/\/www.bechmann.org\/amphibium\/wp-json\/wp\/v2\/posts"}],"about":[{"href":"https:\/\/www.bechmann.org\/amphibium\/wp-json\/wp\/v2\/types\/post"}],"author":[{"embeddable":true,"href":"https:\/\/www.bechmann.org\/amphibium\/wp-json\/wp\/v2\/users\/1"}],"replies":[{"embeddable":true,"href":"https:\/\/www.bechmann.org\/amphibium\/wp-json\/wp\/v2\/comments?post=6993"}],"version-history":[{"count":2,"href":"https:\/\/www.bechmann.org\/amphibium\/wp-json\/wp\/v2\/posts\/6993\/revisions"}],"predecessor-version":[{"id":8147,"href":"https:\/\/www.bechmann.org\/amphibium\/wp-json\/wp\/v2\/posts\/6993\/revisions\/8147"}],"wp:attachment":[{"href":"https:\/\/www.bechmann.org\/amphibium\/wp-json\/wp\/v2\/media?parent=6993"}],"wp:term":[{"taxonomy":"category","embeddable":true,"href":"https:\/\/www.bechmann.org\/amphibium\/wp-json\/wp\/v2\/categories?post=6993"},{"taxonomy":"post_tag","embeddable":true,"href":"https:\/\/www.bechmann.org\/amphibium\/wp-json\/wp\/v2\/tags?post=6993"}],"curies":[{"name":"wp","href":"https:\/\/api.w.org\/{rel}","templated":true}]}}