{"id":6992,"date":"2020-10-15T20:25:00","date_gmt":"2020-10-15T18:25:00","guid":{"rendered":"https:\/\/www.bechmann.org\/roninkravmaga\/?p=581"},"modified":"2024-04-28T10:16:08","modified_gmt":"2024-04-28T08:16:08","slug":"krieger-pflanzenfresser","status":"publish","type":"post","link":"https:\/\/www.bechmann.org\/amphibium\/krieger-pflanzenfresser\/","title":{"rendered":"Krieger &#038; Pflanzenfresser"},"content":{"rendered":"<div class=\"wp-block-image\">\n<figure class=\"alignleft size-full is-resized\"><img data-recalc-dims=\"1\" loading=\"lazy\" decoding=\"async\" width=\"385\" height=\"1009\" data-attachment-id=\"8149\" data-permalink=\"https:\/\/www.bechmann.org\/amphibium\/krieger-pflanzenfresser\/thepaleodietvs-2\/\" data-orig-file=\"https:\/\/i0.wp.com\/www.bechmann.org\/amphibium\/wp-content\/uploads\/thepaleodietvs.jpg?fit=385%2C1009&amp;ssl=1\" data-orig-size=\"385,1009\" data-comments-opened=\"0\" data-image-meta=\"{&quot;aperture&quot;:&quot;0&quot;,&quot;credit&quot;:&quot;&quot;,&quot;camera&quot;:&quot;&quot;,&quot;caption&quot;:&quot;&quot;,&quot;created_timestamp&quot;:&quot;0&quot;,&quot;copyright&quot;:&quot;&quot;,&quot;focal_length&quot;:&quot;0&quot;,&quot;iso&quot;:&quot;0&quot;,&quot;shutter_speed&quot;:&quot;0&quot;,&quot;title&quot;:&quot;&quot;,&quot;orientation&quot;:&quot;0&quot;}\" data-image-title=\"thepaleodietvs\" data-image-description=\"\" data-image-caption=\"\" data-large-file=\"https:\/\/i0.wp.com\/www.bechmann.org\/amphibium\/wp-content\/uploads\/thepaleodietvs.jpg?fit=385%2C1009&amp;ssl=1\" src=\"https:\/\/i0.wp.com\/www.bechmann.org\/amphibium\/wp-content\/uploads\/thepaleodietvs.jpg?resize=385%2C1009&#038;ssl=1\" alt=\"\" class=\"wp-image-8149\" style=\"aspect-ratio:0.5635964912280702;width:277px;height:auto\" srcset=\"https:\/\/i0.wp.com\/www.bechmann.org\/amphibium\/wp-content\/uploads\/thepaleodietvs.jpg?w=385&amp;ssl=1 385w, https:\/\/i0.wp.com\/www.bechmann.org\/amphibium\/wp-content\/uploads\/thepaleodietvs.jpg?resize=114%2C300&amp;ssl=1 114w\" sizes=\"auto, (max-width: 385px) 100vw, 385px\" \/><\/figure>\n<\/div>\n\n\n<p>Vor vielen, vielen Jahren sa\u00dfen ein Nachfahre der Wikinger und einer der Germanen w\u00e4hrend eines einw\u00f6chigen Krav Maga-Trainingscamps beim Mittagessen beisammen \u2013 d.h. ich a\u00df, er nicht. Der schwedische KM-Instructor war (und ist) ein H\u00fcne an Gestalt, gleichwohl er mir fr\u00fcher bulliger und breiter erschienen war. Tats\u00e4chlich, so gab er damals auf Nachfrage an, sei seine Muskulatur schlanker, gleichwohl aber (noch) kr\u00e4ftiger geworden. Das verdanke er seinem intensiven Kettlebell-Training (<a href=\"https:\/\/www.strongfirst.com\/instructors\/sweden\/tommy-blom.001370000076TtSAAU\/\" target=\"_blank\" rel=\"noreferrer noopener\">er ist heute einer der f\u00fchrenden Kettlebell-Trainer der Welt<\/a>) und der <em>Warrior Diet<\/em>.<\/p>\n\n\n\n<p>Zu jener Zeit spielte der Langdistanz-Triathlon (z.B. <a href=\"https:\/\/de.wikipedia.org\/wiki\/Ironman\" target=\"_blank\" rel=\"noreferrer noopener\">Ironman<\/a>) noch eine gro\u00dfe Rolle in meinem Leben und auch als <a href=\"https:\/\/www.djjv.de\/startseite\/\" target=\"_blank\" rel=\"noreferrer noopener\">Ju-Jutsu<\/a>-Trainer kannte ich mich mit (Sport-)Ern\u00e4hrung und Ern\u00e4hrungslehren einigerma\u00dfen aus. Beim Ausdauersport steht nat\u00fcrlich die Versorgung mit Kohlehydraten im Fokus, und so war ich mehr als erstaunt, als mir erkl\u00e4rt wurde, die <em>Warrior Diet<\/em> komme tags\u00fcber g\u00e4nzlich ohne Kohlehydrate aus und nehme solche nur w\u00e4hrend des Abendessens zu sich.<\/p>\n\n\n\n<!--more-->\n\n\n\n<p>Nun ist der Schwede nicht nur einer der erfahrensten Krav Maga-Instructors weltweit, sondern auch jemand, der seine Freundin bei der Kettlebell-\u00dcbung des \u201eGet-up\u201c einh\u00e4ndig \u00fcber Kopf gestemmt balanciert, Kartenspiele vor laufender Kamera mit den blo\u00dfen H\u00e4nden zerrei\u00dft und MMA-K\u00e4mpfe absolviert hat. Au\u00dferdem hat er einmal eines unserer Autos hochgehoben:<\/p>\n\n\n\n<p>Mit Sicherheit ist er einer der fittesten und st\u00e4rksten Menschen, die ich kenne (ohne ein Strongman-Extremist zu sein) \u2013 ich war also beeindruckt und dachte: \u201eGive it a try!\u201c Erfunden hat die <em>Warrior Diet<\/em> \u2013 eine Art Intervallfasten, lang bevor dieser Begriff popul\u00e4r wurde, ein ehemaliger israelischer Spezialsoldat namens Ori Hofmekler, dem w\u00e4hrend seiner Milit\u00e4rdienstzeit aufgefallen war, wie lange er und seine Kameraden tagt\u00e4glich unter gro\u00dfen Anstrengungen unterwegs waren, ohne allzuviel zu essen zu bekommen. <\/p>\n\n\n\n<figure class=\"wp-block-embed is-type-video is-provider-youtube wp-block-embed-youtube wp-embed-aspect-16-9 wp-has-aspect-ratio\"><div class=\"wp-block-embed__wrapper\">\n<span class=\"embed-youtube\" style=\"text-align:center; display: block;\"><iframe loading=\"lazy\" class=\"youtube-player\" width=\"625\" height=\"352\" src=\"https:\/\/www.youtube.com\/embed\/826HMLoiE_o?version=3&#038;rel=1&#038;showsearch=0&#038;showinfo=1&#038;iv_load_policy=1&#038;fs=1&#038;hl=de-DE&#038;autohide=2&#038;wmode=transparent\" allowfullscreen=\"true\" style=\"border:0;\" sandbox=\"allow-scripts allow-same-origin allow-popups allow-presentation allow-popups-to-escape-sandbox\"><\/iframe><\/span>\n<\/div><\/figure>\n\n\n\n<p>Beim Blick in die Geschichtsb\u00fccher fiel ihm weiterhin auf, dass das schon f\u00fcr die griechischen und r\u00f6mischen Soldaten der Antike galt. Mit schwerem Gewicht der Brustpanzer &amp; Beinschienen, Speere &amp; Schwerter waren diese M\u00e4nner in Ausdauerm\u00e4rschen unterwegs, um sich dann ins todbringende Gefecht zu st\u00fcrzen \u2013 und daf\u00fcr noch gen\u00fcgend Kraft hatten. Und diese M\u00e4nner (gleicherma\u00dfen \u00fcbrigens die Gladiatoren) bekamen nur sehr wenig Fleisch zu essen, sondern Bohnen etc. und Gem\u00fcse. Fleisch stand gar nicht zur Verf\u00fcgung.<\/p>\n\n\n\n<p>\u00c4hnliches galt zu noch weiter zur\u00fcck liegenden Zeiten: Die fr\u00fchen J\u00e4ger &amp; Sammler waren oft tagelang ohne ausreichende Nahrung unterwegs, sondern versorgten sich vom Wegesrand mit Fr\u00fcchten, Samen und N\u00fcssen, bevor sie eine Chance auf den fleischbringenden Todessto\u00df hatten \u2013 so w\u00fcrden die Bushmen der <a rel=\"noreferrer noopener\" href=\"https:\/\/de.wikipedia.org\/wiki\/Kalahari\" target=\"_blank\">Kalahari <\/a>heute noch jagen, wenn die namibische Regierung sie lie\u00dfe.<\/p>\n\n\n<div class=\"wp-block-image\">\n<figure class=\"alignleft size-full is-resized\"><img data-recalc-dims=\"1\" loading=\"lazy\" decoding=\"async\" width=\"625\" height=\"625\" data-attachment-id=\"8150\" data-permalink=\"https:\/\/www.bechmann.org\/amphibium\/krieger-pflanzenfresser\/56a9d201d0dc373889bbb535966ac26a\/\" data-orig-file=\"https:\/\/i0.wp.com\/www.bechmann.org\/amphibium\/wp-content\/uploads\/56a9d201d0dc373889bbb535966ac26a.jpg?fit=960%2C960&amp;ssl=1\" data-orig-size=\"960,960\" data-comments-opened=\"0\" data-image-meta=\"{&quot;aperture&quot;:&quot;0&quot;,&quot;credit&quot;:&quot;&quot;,&quot;camera&quot;:&quot;&quot;,&quot;caption&quot;:&quot;&quot;,&quot;created_timestamp&quot;:&quot;0&quot;,&quot;copyright&quot;:&quot;&quot;,&quot;focal_length&quot;:&quot;0&quot;,&quot;iso&quot;:&quot;0&quot;,&quot;shutter_speed&quot;:&quot;0&quot;,&quot;title&quot;:&quot;&quot;,&quot;orientation&quot;:&quot;0&quot;}\" data-image-title=\"56a9d201d0dc373889bbb535966ac26a\" data-image-description=\"\" data-image-caption=\"\" data-large-file=\"https:\/\/i0.wp.com\/www.bechmann.org\/amphibium\/wp-content\/uploads\/56a9d201d0dc373889bbb535966ac26a.jpg?fit=625%2C625&amp;ssl=1\" src=\"https:\/\/i0.wp.com\/www.bechmann.org\/amphibium\/wp-content\/uploads\/56a9d201d0dc373889bbb535966ac26a.jpg?resize=625%2C625&#038;ssl=1\" alt=\"\" class=\"wp-image-8150\" style=\"width:387px;height:auto\" srcset=\"https:\/\/i0.wp.com\/www.bechmann.org\/amphibium\/wp-content\/uploads\/56a9d201d0dc373889bbb535966ac26a.jpg?w=960&amp;ssl=1 960w, https:\/\/i0.wp.com\/www.bechmann.org\/amphibium\/wp-content\/uploads\/56a9d201d0dc373889bbb535966ac26a.jpg?resize=300%2C300&amp;ssl=1 300w, https:\/\/i0.wp.com\/www.bechmann.org\/amphibium\/wp-content\/uploads\/56a9d201d0dc373889bbb535966ac26a.jpg?resize=150%2C150&amp;ssl=1 150w, https:\/\/i0.wp.com\/www.bechmann.org\/amphibium\/wp-content\/uploads\/56a9d201d0dc373889bbb535966ac26a.jpg?resize=768%2C768&amp;ssl=1 768w, https:\/\/i0.wp.com\/www.bechmann.org\/amphibium\/wp-content\/uploads\/56a9d201d0dc373889bbb535966ac26a.jpg?resize=624%2C624&amp;ssl=1 624w\" sizes=\"auto, (max-width: 625px) 100vw, 625px\" \/><\/figure>\n<\/div>\n\n\n<p>Aber auch bei den J\u00e4gern &amp; Sammler stand das Sammeln eigentlich viel mehr im Vordergrund als das Jagen \u2013 weil es eine stetige und berechenbare Nahrungsquelle war. Hofmekler also schloss in seiner <em>Warrior Diet<\/em> den Fleischkonsum nicht aus, stellte aber Obst, Gem\u00fcse, Molkereiprodukte und auch Fisch in den Vordergrund. Vegan-Advokat <em>per se<\/em> ist er nicht.<\/p>\n\n\n\n<p>Die <em>Warrior Diet<\/em> ist im Grunde aber eine Art \u201eRahmenrichtlinienplan\u201c, den jeder so f\u00fcllen kann, wie es ihm guttut. F\u00fcr den Schweden bedeutete sie sogar einen enormen Fleischkonsum; f\u00fcr mich das Gegenteil, zumal ich in Hofmeklers Buch zu seiner Di\u00e4t nichts dazu fand, was auf Fleischpr\u00e4ferenz hinwies. Wichtig ist vor allem die langandauernde \u201eUndereating Phase\u201c (die aktive \u201eJagd-Phase\u201c tags\u00fcber) und die \u201eOvereating Phase\u201c (das eine gro\u00dfe Essen am Tag; sozusagen das gemeinschaftliche Essen am Lagerfeuer, bei der die gejagte und\/oder gesammelte Beute verzehrt wird). <\/p>\n\n\n\n<p>Wer mehr zur Warrior Diet wissen will (samt kritischer W\u00fcrdigungen):<\/p>\n\n\n\n<p><a href=\"https:\/\/www.brigitte.de\/gesund\/abnehmen\/warrior-diaet--abnehmen-wie-ein-krieger-11648222.html\">https:\/\/www.brigitte.de\/gesund\/abnehmen\/warrior-diaet&#8211;abnehmen-wie-ein-krieger-11648222.html<\/a><\/p>\n\n\n\n<p><a href=\"https:\/\/www.focus.de\/gesundheit\/gesundleben\/fitness\/extremes-intervallfasten-das-steckt-hinter-der-warrior-diaet_id_11526631.html\">https:\/\/www.focus.de\/gesundheit\/gesundleben\/fitness\/extremes-intervallfasten-das-steckt-hinter-der-warrior-diaet_id_11526631.html<\/a><\/p>\n\n\n\n<p><a href=\"https:\/\/www.verywellfit.com\/the-warrior-diet-4684768\">https:\/\/www.verywellfit.com\/the-warrior-diet-4684768<\/a><\/p>\n\n\n\n<p><a href=\"https:\/\/www.vital.de\/gesundheit\/warrior-diaet-so-funktioniert-die-ernaehrungsweise-6711.htmls-konzept-in-neuem-glanz.html\">https:\/\/www.vital.de\/gesundheit\/warrior-diaet-so-funktioniert-die-ernaehrungsweise-6711.html<\/a><\/p>\n\n\n\n<p>Wir stiegen also auf die <em>Warrior Diet<\/em> um, passten sie unseren Bed\u00fcrfnissen, Anspr\u00fcchen und Auslegungen an \u2013 und haben es nie bereut. Der h\u00e4ufig als schwer beschriebene Umstellungsprozess verlief bei uns leicht und problemlos.<\/p>\n\n\n\n<h3 class=\"wp-block-heading\">Mehr Power durch intermittierendes Fasten<\/h3>\n\n\n\n<p>Und so passt die <em>Warrior Diet<\/em>, die ja eine Abnehm-Di\u00e4t sein kann, aber viel mehr eine  Ern\u00e4hrungs-, ja sogar Lebens-Lehre ist, bestens zu allen kriegerischen, also Kampfsportarten, und somit zum Krav Maga. Umso mehr, als Krav Maga ja mehr als ein Kampfsport ist, sondern als milit\u00e4risch fundierte Selbstverteidigung eine \u00dcber-Lebens-Lehre!<\/p>\n\n\n\n<p>Wie gro\u00dfartig man sich f\u00fchlt, eine Woche Krav Maga-Camp mit acht Stunden Training am Tag ohne Mittagessen auf der Basis von etwas Obst, Tomaten und N\u00fcssen durchzuziehen; oder ein Meditations-Retreat; oder eine W\u00fcsten-Durchquerung am Steuer eines Gel\u00e4ndewagens. <\/p>\n\n\n\n<h3 class=\"wp-block-heading\">Freiheit durch Fasten<\/h3>\n\n\n\n<p>Energie zu haben ohne essen zu m\u00fcssen ist ein gro\u00dfartiger Freiheitsgewinn. Nie m\u00fcde zu sein (weil es ja keinen mitt\u00e4glichen Verdauungsprozess bzw. das \u201eSuppenkoma\u201c gibt) ist ein gro\u00dfartiger Freiheitsgewinn. (Was nicht hei\u00dft, dass Essen keinen Spa\u00df machen darf bzw. nicht umso mehr Spa\u00df macht, wenn man sich wirklich drauf freut \u2013 und Essen nicht einfach nur als Kompensation diverser Defizite im Leben miss-braucht).<\/p>\n\n\n\n<p>Viel sp\u00e4ter brachte mir eine Krav Maga-Sch\u00fclerin ein Buch eines Ultra-Triathleten mit, der bis zu einem Alter von 40 Jahren ein versoffener und verfetteter Anwalt gewesen war und sich mit mittels veganer Ern\u00e4hrung zu einem der fittesten Menschen auf diesem Planeten gewandelt hatte. <a rel=\"noreferrer noopener\" href=\"https:\/\/www.richroll.com\/bio\/\" target=\"_blank\">Rich Roll<\/a> schrieb ein Buch \u00fcber seine Wandlung (\u201e<a rel=\"noreferrer noopener\" href=\"https:\/\/www.richroll.com\/finding-ultra\/\" target=\"_blank\">Finding Ultra<\/a>\u201c), in dem er auch begr\u00fcndet, warum er die pflanzenbasierte Ern\u00e4hrung f\u00fcr die bessere Energie-Bereitstellung auf lange Sicht h\u00e4lt und warum sie ihn zu seinen Extremleistungen bef\u00e4higte.<\/p>\n\n\n\n<h3 class=\"wp-block-heading\">Pflanzenfressende Extremsportler und Weltstars<\/h3>\n\n\n\n<p>\u00c4hnliches bekam ich beim vielleicht besten Ultra-Marathon- und Ultra-Trailrun-L\u00e4ufer der Welt, <a href=\"https:\/\/www.scottjurek.com\/about-scott\" target=\"_blank\" rel=\"noreferrer noopener\">Scott Jurek<\/a>, in seinem Buch \u201e<a href=\"https:\/\/www.scottjurek.com\/eat-run\" target=\"_blank\" rel=\"noreferrer noopener\">Eat and Run<\/a>\u201c zu lesen. Oder bei einem weiteren Extrem-Ausdauersportler, <a href=\"https:\/\/www.brendanbrazier.com\/\" target=\"_blank\" rel=\"noreferrer noopener\">Brendan Brazier<\/a>. Und nach und nach stie\u00df ich auf immer mehr Quellen\u2026<\/p>\n\n\n\n<p>(etwa der von \u201e<a rel=\"noreferrer noopener\" href=\"https:\/\/de.wikipedia.org\/wiki\/Titanic_(1997)\" target=\"_blank\">Titanic<\/a>\u201c-, &#8222;<a rel=\"noreferrer noopener\" href=\"https:\/\/de.wikipedia.org\/wiki\/Avatar_%E2%80%93_Aufbruch_nach_Pandora\" target=\"_blank\">Avatar<\/a>&#8222;- und \u201e<a rel=\"noreferrer noopener\" href=\"https:\/\/de.wikipedia.org\/wiki\/Terminator_2_%E2%80%93_Tag_der_Abrechnung\" target=\"_blank\">Terminator 2<\/a>\u201c-Regisseur <a rel=\"noreferrer noopener\" href=\"https:\/\/de.wikipedia.org\/wiki\/James_Cameron\" target=\"_blank\">James Cameron<\/a> produzierte Film \u201e<a rel=\"noreferrer noopener\" href=\"https:\/\/gamechangersmovie.com\/\" target=\"_blank\">The Game Changers<\/a>\u201c aus der Welt der veganen MMA-K\u00e4mpfer und Strongman-Kraftsportler, f\u00fcr den sich Weltstars wie Arnold Schwarzenegger, Jackie Chan, Lewis Hamilton und Novak Djokovic einsetzen)<\/p>\n\n\n\n<figure class=\"wp-block-embed is-type-video is-provider-youtube wp-block-embed-youtube wp-embed-aspect-16-9 wp-has-aspect-ratio\"><div class=\"wp-block-embed__wrapper\">\n<span class=\"embed-youtube\" style=\"text-align:center; display: block;\"><iframe loading=\"lazy\" class=\"youtube-player\" width=\"625\" height=\"352\" src=\"https:\/\/www.youtube.com\/embed\/iSpglxHTJVM?version=3&#038;rel=1&#038;showsearch=0&#038;showinfo=1&#038;iv_load_policy=1&#038;fs=1&#038;hl=de-DE&#038;autohide=2&#038;wmode=transparent\" allowfullscreen=\"true\" style=\"border:0;\" sandbox=\"allow-scripts allow-same-origin allow-popups allow-presentation allow-popups-to-escape-sandbox\"><\/iframe><\/span>\n<\/div><\/figure>\n\n\n\n<p>\u2026denen es nicht nur um das Wohl der Tiere und die Rettung des Planeten ging und die auf das manchmal moralinsaure Missionarstum der veganen Szene verzichteten.<\/p>\n\n\n\n<p>In den Vordergrund stellen all diese Quellen die h\u00f6here Leistungsf\u00e4higkeit, die Verbesserung aller k\u00f6rperlichen (und auch geistigen) Konditionen samt allgemeiner Gesundheit durch die pflanzenbasierte Ern\u00e4hrung. Wenn damit &nbsp;das Wohl der Tiere und die Rettung des Planeten einhergehen \u2013 umso besser, lautet der Tenor.<\/p>\n\n\n\n<h3 class=\"wp-block-heading\">&#8222;Vegan&#8220; ist ein Reizwort &#8211; und nicht \u00fcberall auf der Welt m\u00f6glich<\/h3>\n\n\n\n<p>Dieser Ansatz ist der meine; und daher spreche ich auch lieber von pflanzenbasierter Ern\u00e4hrung und verzichte nach M\u00f6glichkeit auf das Reizwort <a href=\"https:\/\/de.wikipedia.org\/wiki\/Veganismus\" target=\"_blank\" rel=\"noreferrer noopener\">vegan<\/a>. Abgesehen davon, dass meine Interpretation der <em>Warrior Diet<\/em> eine vegetarisch-vegane ist mit der Freiheit, auch mal Eier oder Fisch zu essen \u2013 in manchen Regionen der Welt, die ich bereist habe, ist es kaum oder gar nicht m\u00f6glich, die reine pflanzenbasierte Lehre beizubehalten: Troph\u00e4enjagd verabscheue ich, aber nicht die Jagd zum Zwecke des (\u00dcber-)Lebens.<\/p>\n\n\n\n<p>Und ich bin sogar sicher, dass ich mit Speer oder Pfeil &amp; Bogen ein Tier erlegen k\u00f6nnte (wenn es mir denn gel\u00e4nge), wenn es sein m\u00fcsste. W\u00e4hrend ich auch sicher bin, dass die meisten passionierten Fleischesser beim Betreten eines Schlachthauses ohnm\u00e4chtig w\u00fcrden (insofern ist mir ein ehrlicher J\u00e4ger lieber).<\/p>\n\n\n\n<hr class=\"wp-block-separator has-css-opacity\"\/>\n\n\n\n<p>Kurzum: Bei unseren <em>roninkravmaga<\/em>-Trainings bieten wir an, es einmal mit pflanzenbasiertem Fasten zu versuchen und eine eigene Erfahrung damit zu gewinnen. Gelegentlich bieten wir auch gesonderte Schulungskurse dazu an. Ob man sich danach der pflanzenbasierten <em>Warrior Diet<\/em> widmet, einzelne Anregungen aufnimmt oder dankend Abstand nimmt, bleibt jedem \u00fcberlassen.<\/p>\n","protected":false},"excerpt":{"rendered":"<p>Vor vielen, vielen Jahren sa\u00dfen ein Nachfahre der Wikinger und einer der Germanen w\u00e4hrend eines einw\u00f6chigen Krav Maga-Trainingscamps beim Mittagessen beisammen \u2013 d.h. ich a\u00df, er nicht. Der schwedische KM-Instructor war (und ist) ein H\u00fcne an Gestalt, gleichwohl er mir fr\u00fcher bulliger und breiter erschienen war. Tats\u00e4chlich, so gab er damals auf Nachfrage an, sei [&hellip;]<\/p>\n","protected":false},"author":1,"featured_media":0,"comment_status":"closed","ping_status":"closed","sticky":false,"template":"","format":"standard","meta":{"jetpack_post_was_ever_published":true,"_jetpack_newsletter_access":"","_jetpack_dont_email_post_to_subs":true,"_jetpack_newsletter_tier_id":0,"_jetpack_memberships_contains_paywalled_content":false,"_jetpack_memberships_contains_paid_content":false,"footnotes":"","jetpack_publicize_message":"","jetpack_publicize_feature_enabled":false,"jetpack_social_post_already_shared":false,"jetpack_social_options":{"image_generator_settings":{"template":"highway","default_image_id":0,"font":"","enabled":false},"version":2}},"categories":[808],"tags":[807,636,809,780,550,324,810,811,9,812,813,814,815],"class_list":["post-6992","post","type-post","status-publish","format-standard","hentry","category-intervallfasten","tag-game-changers","tag-ironman","tag-jaeger-sammler","tag-ju-jutsu","tag-kettlebell","tag-krav-maga","tag-ori-hofmekler","tag-plant-based-diet","tag-rich-roll","tag-scott-jurek","tag-triathlon","tag-vegan","tag-warrior-diet"],"jetpack_publicize_connections":[],"jetpack_featured_media_url":"","jetpack_shortlink":"https:\/\/wp.me\/p4DyUk-1OM","jetpack-related-posts":[{"id":2365,"url":"https:\/\/www.bechmann.org\/amphibium\/krav-maga-workshop-beim-fernreisemobiltreffen\/","url_meta":{"origin":6992,"position":0},"title":"Krav Maga-Workshop beim Fernreisemobiltreffen","author":"Oliver","date":"4. September 2017","format":false,"excerpt":"Die Welt ist ein besserer Ort als man glaubt. Und vor Ort sieht es h\u00e4ufig anders aus als im Fernsehen. Von dieser Erfahrung berichten Fernreisende und Globetrotter durchg\u00e4ngig. Weltenbummler wissen viel davon zu erz\u00e4hlen, wie freundlich und hilfsbereit gerade die Menschen in den armen Regionen der Welt sind, wie sehr\u2026","rel":"","context":"In &quot;Land&quot;","block_context":{"text":"Land","link":"https:\/\/www.bechmann.org\/amphibium\/category\/land\/"},"img":{"alt_text":"","src":"https:\/\/i0.wp.com\/www.bechmann.org\/amphibium\/wp-content\/uploads\/IMG_3506.jpg?resize=350%2C200","width":350,"height":200,"srcset":"https:\/\/i0.wp.com\/www.bechmann.org\/amphibium\/wp-content\/uploads\/IMG_3506.jpg?resize=350%2C200 1x, https:\/\/i0.wp.com\/www.bechmann.org\/amphibium\/wp-content\/uploads\/IMG_3506.jpg?resize=525%2C300 1.5x, https:\/\/i0.wp.com\/www.bechmann.org\/amphibium\/wp-content\/uploads\/IMG_3506.jpg?resize=700%2C400 2x, https:\/\/i0.wp.com\/www.bechmann.org\/amphibium\/wp-content\/uploads\/IMG_3506.jpg?resize=1050%2C600 3x, https:\/\/i0.wp.com\/www.bechmann.org\/amphibium\/wp-content\/uploads\/IMG_3506.jpg?resize=1400%2C800 4x"},"classes":[]},{"id":90,"url":"https:\/\/www.bechmann.org\/amphibium\/wie-alles-begann\/","url_meta":{"origin":6992,"position":1},"title":"Wie alles begann &#8211; und wohin es f\u00fchrte","author":"Oliver","date":"11. November 2019","format":false,"excerpt":"Mit Kampfsport habe ich angefangen, als ich 15 Jahre alt war. Im Urlaub waren meine Eltern und ich angegriffen worden; ich hatte dabei keine gute Figur gemacht. Mein Selbstbewusstsein war schwer l\u00e4diert. Das wollte ich \u00e4ndern und trainierte das, was in meiner Wohnumgebung m\u00f6glich war: traditionelles Wado-Ryu-Karate. Ich war mit\u2026","rel":"","context":"In &quot;Krav Maga&quot;","block_context":{"text":"Krav Maga","link":"https:\/\/www.bechmann.org\/amphibium\/category\/krav-maga\/"},"img":{"alt_text":"","src":"https:\/\/i0.wp.com\/www.bechmann.org\/amphibium\/wp-content\/uploads\/messer.jpg?resize=350%2C200&ssl=1","width":350,"height":200,"srcset":"https:\/\/i0.wp.com\/www.bechmann.org\/amphibium\/wp-content\/uploads\/messer.jpg?resize=350%2C200&ssl=1 1x, https:\/\/i0.wp.com\/www.bechmann.org\/amphibium\/wp-content\/uploads\/messer.jpg?resize=525%2C300&ssl=1 1.5x, https:\/\/i0.wp.com\/www.bechmann.org\/amphibium\/wp-content\/uploads\/messer.jpg?resize=700%2C400&ssl=1 2x, https:\/\/i0.wp.com\/www.bechmann.org\/amphibium\/wp-content\/uploads\/messer.jpg?resize=1050%2C600&ssl=1 3x"},"classes":[]},{"id":6993,"url":"https:\/\/www.bechmann.org\/amphibium\/was-hat-krav-maga-mit-mbsr-zu-tun\/","url_meta":{"origin":6992,"position":2},"title":"Was hat Krav Maga mit MBSR zu tun?","author":"Oliver","date":"16. August 2020","format":false,"excerpt":"Beate Bechmann: Krav Maga-Instructorin, Heilpraktikerin, Hypnose-Therapeutin Was hat Krav Maga (KM) mit\u00a0Mindfulness Based Stress Reduction\u00a0(MBSR) zu tun? Warum k\u00f6nnen wir* auf der einen Seite Selbstverteidigung und Nahkampf,\u00a0Fighting Fitness\u00a0und letztlich \u00dcberlebenstechniken und -taktiken lehren und andererseits etwas, was unter den Stichworten \u201cMeditation\u201d oder \u201cAchtsamkeit\u201d daherkommt? Mithin also einerseits etwas, was gerne\u2026","rel":"","context":"In &quot;Achtsamkeit&quot;","block_context":{"text":"Achtsamkeit","link":"https:\/\/www.bechmann.org\/amphibium\/category\/achtsamkeit\/"},"img":{"alt_text":"","src":"https:\/\/i0.wp.com\/www.bechmann.org\/amphibium\/wp-content\/uploads\/mentaltraining.jpg?resize=350%2C200&ssl=1","width":350,"height":200},"classes":[]},{"id":1245,"url":"https:\/\/www.bechmann.org\/amphibium\/kmf-geschichte-2002-bis-2020-in-bildern\/","url_meta":{"origin":6992,"position":3},"title":"Staub und &#8222;Spirit of Masada&#8220;","author":"Oliver","date":"23. Februar 2022","format":false,"excerpt":"Krav Maga-Training in Masada Krav Maga, wie es urspr\u00fcnglich war: Man hat keine Fragen gestellt, sich auf den Felsboden geschmissen und einen Tritt zum Kopf abgewehrt. Das ist die Geschichte, wie sie das vorstehende Bild erz\u00e4hlt. Es ist zum Jahreswechsel 2002\/3 entstanden; Schauplatz: die historische j\u00fcdische Festung Masada, die von\u2026","rel":"","context":"In &quot;Krav Maga&quot;","block_context":{"text":"Krav Maga","link":"https:\/\/www.bechmann.org\/amphibium\/category\/krav-maga\/"},"img":{"alt_text":"","src":"https:\/\/i0.wp.com\/www.bechmann.org\/amphibium\/wp-content\/uploads\/274666054_4887611611308324_6943697825954496729_n.jpg?resize=350%2C200&ssl=1","width":350,"height":200,"srcset":"https:\/\/i0.wp.com\/www.bechmann.org\/amphibium\/wp-content\/uploads\/274666054_4887611611308324_6943697825954496729_n.jpg?resize=350%2C200&ssl=1 1x, https:\/\/i0.wp.com\/www.bechmann.org\/amphibium\/wp-content\/uploads\/274666054_4887611611308324_6943697825954496729_n.jpg?resize=525%2C300&ssl=1 1.5x, https:\/\/i0.wp.com\/www.bechmann.org\/amphibium\/wp-content\/uploads\/274666054_4887611611308324_6943697825954496729_n.jpg?resize=700%2C400&ssl=1 2x, https:\/\/i0.wp.com\/www.bechmann.org\/amphibium\/wp-content\/uploads\/274666054_4887611611308324_6943697825954496729_n.jpg?resize=1050%2C600&ssl=1 3x, https:\/\/i0.wp.com\/www.bechmann.org\/amphibium\/wp-content\/uploads\/274666054_4887611611308324_6943697825954496729_n.jpg?resize=1400%2C800&ssl=1 4x"},"classes":[]},{"id":4079,"url":"https:\/\/www.bechmann.org\/amphibium\/barfulaufen-in-der-natur-fe-sind-gehfhler\/","url_meta":{"origin":6992,"position":4},"title":"Barfu&szlig;laufen in der Natur: F&uuml;&szlig;e sind Gehf&uuml;hler","author":"Oliver","date":"13. April 2019","format":false,"excerpt":"Gute Bekannte sind echte Barfu\u00dfl\u00e4ufer. Das hei\u00dft, sie laufen immer und \u00fcberall barfu\u00df, auch im Winter. In der W\u00fcste. In der Kirche. Manchmal ziehen sie rudiment\u00e4res Schuhwerk an, aber das ist selten. Sie haben daf\u00fcr ihre eigenen Gr\u00fcnde. Innerhalb der mittlerweile entstandenen Bewegung des Barfu\u00dflaufens gibt es viele verschiedene Varianten.\u2026","rel":"","context":"In &quot;Alltag unterwegs&quot;","block_context":{"text":"Alltag unterwegs","link":"https:\/\/www.bechmann.org\/amphibium\/category\/alltag-unterwegs\/"},"img":{"alt_text":"antarctica2015_lockroy-14 1","src":"https:\/\/i0.wp.com\/www.bechmann.org\/amphibium\/wp-content\/uploads\/antarctica2015_lockroy-14-1_thumb.jpg?resize=350%2C200&ssl=1","width":350,"height":200,"srcset":"https:\/\/i0.wp.com\/www.bechmann.org\/amphibium\/wp-content\/uploads\/antarctica2015_lockroy-14-1_thumb.jpg?resize=350%2C200&ssl=1 1x, https:\/\/i0.wp.com\/www.bechmann.org\/amphibium\/wp-content\/uploads\/antarctica2015_lockroy-14-1_thumb.jpg?resize=525%2C300&ssl=1 1.5x, https:\/\/i0.wp.com\/www.bechmann.org\/amphibium\/wp-content\/uploads\/antarctica2015_lockroy-14-1_thumb.jpg?resize=700%2C400&ssl=1 2x"},"classes":[]},{"id":7011,"url":"https:\/\/www.bechmann.org\/amphibium\/der-anfang-so-you-may-walk-in-peace\/","url_meta":{"origin":6992,"position":5},"title":"Der Anfang: &#8222;So you may walk in peace&#8220;","author":"Oliver","date":"2. Januar 2022","format":false,"excerpt":"Krav Maga-Training nahe der Bergfestung Masada. Die israelische Selbstverteidigung Krav Maga wurde f\u00fcrs Milit\u00e4r entwickelt - und bleibt auch in ihrer zivilen Variante eng mit der Armee verkn\u00fcpft Zu Beginn des Jahres 2022 sei an dieser Stelle eine Reportage aus der \"Frankfurter Rundschau\" vom Februar 2003 wiedergegeben, in dem ich\u2026","rel":"","context":"In &quot;Krav Maga&quot;","block_context":{"text":"Krav Maga","link":"https:\/\/www.bechmann.org\/amphibium\/category\/krav-maga\/"},"img":{"alt_text":"","src":"https:\/\/i0.wp.com\/www.bechmann.org\/amphibium\/wp-content\/uploads\/masada_eyal5.jpg?resize=350%2C200&ssl=1","width":350,"height":200,"srcset":"https:\/\/i0.wp.com\/www.bechmann.org\/amphibium\/wp-content\/uploads\/masada_eyal5.jpg?resize=350%2C200&ssl=1 1x, https:\/\/i0.wp.com\/www.bechmann.org\/amphibium\/wp-content\/uploads\/masada_eyal5.jpg?resize=525%2C300&ssl=1 1.5x, https:\/\/i0.wp.com\/www.bechmann.org\/amphibium\/wp-content\/uploads\/masada_eyal5.jpg?resize=700%2C400&ssl=1 2x, https:\/\/i0.wp.com\/www.bechmann.org\/amphibium\/wp-content\/uploads\/masada_eyal5.jpg?resize=1050%2C600&ssl=1 3x"},"classes":[]}],"jetpack_sharing_enabled":true,"_links":{"self":[{"href":"https:\/\/www.bechmann.org\/amphibium\/wp-json\/wp\/v2\/posts\/6992","targetHints":{"allow":["GET"]}}],"collection":[{"href":"https:\/\/www.bechmann.org\/amphibium\/wp-json\/wp\/v2\/posts"}],"about":[{"href":"https:\/\/www.bechmann.org\/amphibium\/wp-json\/wp\/v2\/types\/post"}],"author":[{"embeddable":true,"href":"https:\/\/www.bechmann.org\/amphibium\/wp-json\/wp\/v2\/users\/1"}],"replies":[{"embeddable":true,"href":"https:\/\/www.bechmann.org\/amphibium\/wp-json\/wp\/v2\/comments?post=6992"}],"version-history":[{"count":5,"href":"https:\/\/www.bechmann.org\/amphibium\/wp-json\/wp\/v2\/posts\/6992\/revisions"}],"predecessor-version":[{"id":8154,"href":"https:\/\/www.bechmann.org\/amphibium\/wp-json\/wp\/v2\/posts\/6992\/revisions\/8154"}],"wp:attachment":[{"href":"https:\/\/www.bechmann.org\/amphibium\/wp-json\/wp\/v2\/media?parent=6992"}],"wp:term":[{"taxonomy":"category","embeddable":true,"href":"https:\/\/www.bechmann.org\/amphibium\/wp-json\/wp\/v2\/categories?post=6992"},{"taxonomy":"post_tag","embeddable":true,"href":"https:\/\/www.bechmann.org\/amphibium\/wp-json\/wp\/v2\/tags?post=6992"}],"curies":[{"name":"wp","href":"https:\/\/api.w.org\/{rel}","templated":true}]}}