{"id":6991,"date":"2020-09-11T23:36:20","date_gmt":"2020-09-11T21:36:20","guid":{"rendered":"https:\/\/www.bechmann.org\/roninkravmaga\/?p=576"},"modified":"2024-04-30T11:25:55","modified_gmt":"2024-04-30T09:25:55","slug":"maskenpflicht-als-tugend-gray-man-training","status":"publish","type":"post","link":"https:\/\/www.bechmann.org\/amphibium\/maskenpflicht-als-tugend-gray-man-training\/","title":{"rendered":"Maskenpflicht als Tugend des &#8222;Gray Man&#8220;"},"content":{"rendered":"\n<p><em>Always train in a position of disadvantage<\/em>, lautet eine der grundlegenden Maximen des Krav Maga. Denn: Krav Maga ist eine \u00dcber-Lebens-Technik, keine Fitness-Methode. Also kann man aus der derzeitigen Not &#8211; Maskenpflicht und Abstandsgebot aufgrund der Corona-Auflagen &#8211; eine Tugend und daraus eine Art &#8222;Gray Man&#8220;-Training machen.<\/p>\n\n\n\n<p>Wenn man Krav Maga als etwas trainiert, dass einem nicht nur in einer unmittelbaren Konfrontation mit einem gewaltt\u00e4tigen Gegner in der Nahdistanz hilft, sondern \u00fcber die Kampf-hinaus als Katastrophen-Bew\u00e4ltigungs-Technik wahrnimmt \u2013 dann kann man das Training mit Halst\u00fcchern &amp; Masken vor Mund &amp; Nase dahingehend interpretieren, unter Rauch- und Qualmentwicklung durch Brand (ausgel\u00f6st durch einen Anschlag?) oder aufgrund der Einwirkung von CN-\/CS-Gas, Pfefferspray u.\u00e4. agieren zu m\u00fcssen.<\/p>\n\n\n\n<!--more-->\n\n\n\n<h3 class=\"wp-block-heading\">Im Tohuwabohu verliert man leicht den \u00dcberblick<\/h3>\n\n\n\n<p>Abwegig? Ein Notarzt, der bei uns im Krav Maga Center trainierte und den es in die Ukraine verschlug, wei\u00df zu berichten, dass ihm das KM-Training sehr bei den Auseinandersetzungen rund um den Maidan-Platz (ich empfehle eine schnelle Bildersuche) geholfen habe (und damit meinte er nicht den Nahkampf-Aspekt).<\/p>\n\n\n\n<p>Die Ukraine liegt fern? Aktuell kann man feststellen, dass es viele Demonstrationen f\u00fcr dieses oder gegen jenes gibt, in die man gewollt oder ungewollt geraten kann, und die v\u00f6llig aus dem Ruder laufen. Freund und Feind sind dabei oft nicht klar auseinanderzuhalten, und auch die Polizei verliert nicht selten den \u00dcberblick. Wohl dem, dem es gelingt, nicht zwischen die Fronten zu geraten.<\/p>\n\n\n\n<h3 class=\"wp-block-heading\"><em>Every Day Carry<\/em>-Utensilien<\/h3>\n\n\n\n<p>Wer einmal in die CS-Gas &amp; Pfefferspray geschw\u00e4ngerten Schwaden im Zuge einer Demonstration geraten ist, wei\u00df, wovon ich rede. Wir haben uns einmal den Spa\u00df gemacht, in unserer fr\u00fcheren Halle CS-Gas- &amp; Pfefferspraypatronen zu verschiessen und dann in dem Dunst zu trainieren \u2013 seitdem ist klar, dass in den EDC-Kit des<em> Urban Survival <\/em>nicht nur ein dichtes Halstuch, sondern auch ein einfache Schwimmbrille geh\u00f6rt. (EDC = <em>Every Day Carry<\/em> &#8211; Rucksack oder Tasche mit den Dingen des normalen Lebensalltags, angereichert um das minimalistische Survival Equipment, das einem hilft, in einer aufst\u00e4ndischen oder katastrophischen, eskalierenden Situation innerhalb eines oder zweier Tage nach Hause zu kommen).<\/p>\n\n\n\n<p>Mich pers\u00f6nlich beunruhigt die derzeitige politische und soziale Entwicklung durchaus; es steht zu f\u00fcrchten, dass die Dinge sich zum Schlechteren entwickeln und Kr\u00e4fte immer st\u00e4rker werden, die Staat &amp; Gesellschaft der Bundesrepublik desintegrieren wollen. Daher gilt, was Deutschlands erste weibliche KM-Instructorin Beate einmal in einem FAZ-Interview sagte: \u201eNicht paranoid, aber wachsam,\u201c zu sein. Kurzum, zum <em>Street Survival<\/em> geh\u00f6rt mehr als <em>Kicking &amp; Punching<\/em>\u2026 Wer <em>Scanning &amp; Moving<\/em> je ernstzunehmend trainiert hat, wei\u00df ja, dass Vorsorge wichtiger ist als Nachsorge (wenn es zu sp\u00e4t ist).<\/p>\n\n\n\n<h3 class=\"wp-block-heading\">Nicht auffallen hei\u00dft, nicht reinzufallen<\/h3>\n\n\n\n<p>Dazu geh\u00f6rt, nicht aufzufallen. Im US-Prepper-Jargon spricht man vom \u201eGray Man\u201c-Konzept. Wenn viele Menschen auf der Stra\u00dfe in Aufruhr oder Aufregung unterwegs sind, ist es am besten nicht hervorzustechen. \u201eCity Camo\u201c besteht gerade nicht in Tarnfleck, egal welcher Art, sondern in unauff\u00e4lligen, farbneutralen, dezenten Alltags-Klamotten; und der EDC-Bag sollte kein Milit\u00e4rrucksack sein, sondern am besten das n\u00e4chstbeste billige Kaufhaus- oder sonstwie sch\u00e4bige Modell \u2013 das, wonach sich niemand umdreht, was niemand haben will, was niemandem eine Warnung \u00fcbermittelt, worin niemand etwas Wertvolles vermutet.<\/p>\n\n\n\n<p>Je besser <em>Skills <\/em>und Ausr\u00fcstungsbestandteile sind, desto weniger sollte das die andere Seite ahnen: \u201e<em>Blending in<\/em>\u201c lautet die Devise &#8211; seht wie ein Schaf unter Schafen aus, nicht wie ein Wolf.Daher sch\u00e4rft euren Blick f\u00fcr und sch\u00e4rft euren Umgang mit <em>Common Objects<\/em>. In Zeiten von Unruhen und damit einhergehender gr\u00f6\u00dferer Kontrolldichte ist es noch weniger sinnvoll als ohnehin, mit Waffen, waffen\u00e4hnlichen oder von der Polizei als gef\u00e4hrlich erachteten Gegenst\u00e4nden durch die Gegend zu laufen. (Wer fr\u00fchzeitig ins <em>Common Objects<\/em>-Training investiert, spart \u00fcbrigens Zeit im Alter, wenn Kraft etc. nachlassen \u2013 ein stabiler Spazierstock mit Metallspitze und Kr\u00fcckengriff etwa ist ein formidables SV-Mittel!)<\/p>\n\n\n\n<h3 class=\"wp-block-heading\"><em>Common Objects &amp; Situational Awareness<\/em><\/h3>\n\n\n\n<p>Den Blick daf\u00fcr zu sch\u00e4rfen, hei\u00dft, mal seine \u00fcbliche und unmittelbare Umgebung darauf zu pr\u00fcfen, was sich an Gegenst\u00e4nden in der N\u00e4he befindet, die dem Blockieren &amp; Parieren bzw. dem Zuschlagen oder Zustechen oder Werfen oder Spr\u00fchen (Feuerl\u00f6scher) dienen k\u00f6nnten\u2026 Und den Umgang mit <em>Shield Type-, Club Type-, Sharp, Small Objects &amp; Aerosols<\/em> zu \u00fcben wie jede andere Technik auch. Erst j\u00fcngst habe ich wieder einmal ein kleines Sammelsurium an <em>Common Objects<\/em> unbeanstandet durch die Sicherheitskontrollen des Frankfurter Flughafens gelotst&#8230;<\/p>\n\n\n\n<p>Was auch zum erweiterten KM-Training geh\u00f6rt, ist das, was man im Milit\u00e4rjargon <em>\u201esituational awareness<\/em>\u201c nennt \u2013 das intensive und genaue Beobachten der Umgebung auf Besonderheiten, Auff\u00e4lligkeiten, Abweichungen von der Norm, hilfreich-f\u00f6rderlichen wie hinderlichen Bedingungen, Wahrnehmen von Fluchtwegen und Notausg\u00e4ngen, Sackgassen etc. Wir haben das fr\u00fcher (wie heute) gezielt und intensiv in den <a href=\"https:\/\/www.bechmann.org\/amphibium\/roninkravmaga\/krav-maga\/krav-maga-seminare-kurse\/\" data-type=\"page\" data-id=\"6973\">\u201eMind Fitness for Fighters\u201c-Workshops<\/a> ge\u00fcbt, unter der Rubrik der Wahrnehmungsschulung; dazu geh\u00f6rt u.a. der nicht fixierende, vorbeigleitende Panorama-Blick.<\/p>\n\n\n\n<h3 class=\"wp-block-heading\">Orientierung ohne GPS und Mobilfunk<\/h3>\n\n\n\n<p>Im engen Zusammenhang mit <em>Situational Awareness<\/em> steht die Schulung des Orientierungssinnes und damit verbunden der Offline-Navigation. <em>Back to the roots<\/em> \u2013 man sollte sich orientieren und navigieren lernen, wie es unsere Vorfahren taten: Ohne elektrisch-elektronische Hilfsmittel (offensichtliche Nachteile liegen in technischer Fehleranf\u00e4lligkeit, Akku\/Batterie, St\u00f6rimpulse, GPS kann von den US-Beh\u00f6rden abgeschaltet werden etc.) nur mit den Sinnen und ggfls. einer Papierkarte \u2013 auch eine Lehre aus meinen <a rel=\"noreferrer noopener\" href=\"https:\/\/www.dasamphibium.de\" target=\"_blank\">Reisen in W\u00fcste &amp; Wildnis fernab der Zivilisation<\/a>!<\/p>\n\n\n\n<p><br>(Was wir dabei auch gelernt haben, ist der Umgang mit PMR-Walkie-Talkies \u2013 bei einem <em>major disaster<\/em> wird das Mobilfunknetz schnell zusammenbrechen. Gut also, wenn man zumindest auf einige hundert Meter bis wenige Kilometer rund ums Haus o.\u00e4. mobilfunkunabh\u00e4ngig kommunizieren kann; z.B. wenn ein Familienangeh\u00f6riger rausgeht, um die Lage zu erkunden).<\/p>\n\n\n\n<h3 class=\"wp-block-heading\">Kenntnis der eigenen Umgebung<\/h3>\n\n\n\n<p>Geht eure Standardwege zu Fu\u00df ab oder nehmt ein Fahrrad und lernt sie besser kennen als bisher. Plant und memoriert einige Not- und Fluchtwege f\u00fcr den Fall, dass es entlang eurer Standardumgebung und -wege zu Gewaltausbr\u00fcchen kommen sollte. Bei einer Stra\u00dfenschlacht zwischen Polizei und gewaltt\u00e4tigen Demonstranten sind Lage &amp; Entwicklung sehr dynamisch, oft v\u00f6llig unklar und unberechenbar. Sich darauf vorzubereiten, so gut es geht, ist auch KM-Training!<\/p>\n\n\n\n<p>Es ist ratsam, nicht zu nah an Hausw\u00e4nden und nicht zu nah am Stra\u00dfenrand zu gehen. Mit einem Meter Abstand zu den W\u00e4nden k\u00f6nnt ihr halbwegs rechtzeitig jemanden wahrnehmen, der sich einem Hauseingang versteckt hat oder aus einem Fenster springt. Mit wenigstens einem Meter Abstand zur Stra\u00dfe, zum U-Bahn-Schacht gibt es eine Chance, einem Schubser noch ausweichen zu k\u00f6nnen.<\/p>\n\n\n\n<h3 class=\"wp-block-heading\">Angreifer = Aggression =&gt; Verteidiger = Vorbereitung<\/h3>\n\n\n\n<p>(BTW: Weder die Ordnungskr\u00e4fte noch gewaltt\u00e4tige Protestierer m\u00f6gen es, fotografiert und gefilmt zu werden und potenziell auf Youtube oder Facebook wiederzufinden \u2013 also Finger weg vom Fotohandy! Sonst zieht man garantiert absolut unerw\u00fcnschte Aufmerksamkeit auf sich).<\/p>\n\n\n\n<p>\u00dcbt dieses &#8222;Gray Man&#8220;-Training aktiv \u2013 nur was der K\u00f6rper sich durch wiederholte \u00dcbung merkt, ruft er unter Stress ab; das Gehirn vergisst unter Stress sofort alles, was es nur theoretisch aufgenommen hat. Deswegen haben wir ja im KM die ganzen Stress-Drills \u2013 und das Prinzip gilt f\u00fcr jede andere \u00dcbung in diesem Kontext auch.<\/p>\n\n\n\n<hr class=\"wp-block-separator has-css-opacity\"\/>\n\n\n\n<p><strong>Fundraising &amp; Donoring:<\/strong><br>F\u00fcr unsere w\u00f6chentlichen Seminartrainings, die ein- oder zweit\u00e4gigen Workshops zur&nbsp;&#8222;<a href=\"https:\/\/www.bechmann.org\/roninkravmaga\/achtsamkeit-in-der-wildnis\/\">Achtsamkeit in der Wildnis&#8220;<\/a>, sowie&nbsp;<a href=\"https:\/\/www.bechmann.org\/roninkravmaga\/eatless-meditatemore-runbarefoot\/\">&#8222;eatless.meditatemore.runbarefoot&#8220;<\/a>&nbsp;erheben wir keine Geb\u00fchren, sondern bitten im Sinne des buddhistischen&nbsp;<a href=\"https:\/\/de.wikipedia.org\/wiki\/D%C4%81na\">&#8222;dana&#8220;<\/a>&nbsp;um eine angemessene Spende zur Unkostendeckung, f\u00fcr ein Abendessen f\u00fcr die Instructors sowie zugunsten der&nbsp;<a href=\"https:\/\/www.iapf.org\/\">Wildtier- &amp; Naturschutzorganisation IAPF<\/a>.<\/p>\n","protected":false},"excerpt":{"rendered":"<p>Always train in a position of disadvantage, lautet eine der grundlegenden Maximen des Krav Maga. Denn: Krav Maga ist eine \u00dcber-Lebens-Technik, keine Fitness-Methode. Also kann man aus der derzeitigen Not &#8211; Maskenpflicht und Abstandsgebot aufgrund der Corona-Auflagen &#8211; eine Tugend und daraus eine Art &#8222;Gray Man&#8220;-Training machen. Wenn man Krav Maga als etwas trainiert, dass [&hellip;]<\/p>\n","protected":false},"author":1,"featured_media":0,"comment_status":"closed","ping_status":"closed","sticky":false,"template":"","format":"standard","meta":{"jetpack_post_was_ever_published":false,"_jetpack_newsletter_access":"","_jetpack_dont_email_post_to_subs":false,"_jetpack_newsletter_tier_id":0,"_jetpack_memberships_contains_paywalled_content":false,"_jetpack_memberships_contains_paid_content":false,"footnotes":"","jetpack_publicize_message":"","jetpack_publicize_feature_enabled":true,"jetpack_social_post_already_shared":false,"jetpack_social_options":{"image_generator_settings":{"template":"highway","default_image_id":0,"font":"","enabled":false},"version":2}},"categories":[783],"tags":[322,799,800,801,802,803,804,805],"class_list":["post-6991","post","type-post","status-publish","format-standard","hentry","category-krav-maga","tag-common-objects","tag-corona","tag-edc","tag-gray-man","tag-mind-fitness","tag-situational-awareness","tag-street-survival","tag-urban-survival"],"jetpack_publicize_connections":[],"jetpack_featured_media_url":"","jetpack_shortlink":"https:\/\/wp.me\/p4DyUk-1OL","jetpack-related-posts":[{"id":1245,"url":"https:\/\/www.bechmann.org\/amphibium\/kmf-geschichte-2002-bis-2020-in-bildern\/","url_meta":{"origin":6991,"position":0},"title":"Staub und &#8222;Spirit of Masada&#8220;","author":"Oliver","date":"23. Februar 2022","format":false,"excerpt":"Krav Maga-Training in Masada Krav Maga, wie es urspr\u00fcnglich war: Man hat keine Fragen gestellt, sich auf den Felsboden geschmissen und einen Tritt zum Kopf abgewehrt. Das ist die Geschichte, wie sie das vorstehende Bild erz\u00e4hlt. Es ist zum Jahreswechsel 2002\/3 entstanden; Schauplatz: die historische j\u00fcdische Festung Masada, die von\u2026","rel":"","context":"In &quot;Krav Maga&quot;","block_context":{"text":"Krav Maga","link":"https:\/\/www.bechmann.org\/amphibium\/category\/krav-maga\/"},"img":{"alt_text":"","src":"https:\/\/i0.wp.com\/www.bechmann.org\/amphibium\/wp-content\/uploads\/274666054_4887611611308324_6943697825954496729_n.jpg?resize=350%2C200&ssl=1","width":350,"height":200,"srcset":"https:\/\/i0.wp.com\/www.bechmann.org\/amphibium\/wp-content\/uploads\/274666054_4887611611308324_6943697825954496729_n.jpg?resize=350%2C200&ssl=1 1x, https:\/\/i0.wp.com\/www.bechmann.org\/amphibium\/wp-content\/uploads\/274666054_4887611611308324_6943697825954496729_n.jpg?resize=525%2C300&ssl=1 1.5x, https:\/\/i0.wp.com\/www.bechmann.org\/amphibium\/wp-content\/uploads\/274666054_4887611611308324_6943697825954496729_n.jpg?resize=700%2C400&ssl=1 2x, https:\/\/i0.wp.com\/www.bechmann.org\/amphibium\/wp-content\/uploads\/274666054_4887611611308324_6943697825954496729_n.jpg?resize=1050%2C600&ssl=1 3x, https:\/\/i0.wp.com\/www.bechmann.org\/amphibium\/wp-content\/uploads\/274666054_4887611611308324_6943697825954496729_n.jpg?resize=1400%2C800&ssl=1 4x"},"classes":[]},{"id":90,"url":"https:\/\/www.bechmann.org\/amphibium\/wie-alles-begann\/","url_meta":{"origin":6991,"position":1},"title":"Wie alles begann &#8211; und wohin es f\u00fchrte","author":"Oliver","date":"11. November 2019","format":false,"excerpt":"Mit Kampfsport habe ich angefangen, als ich 15 Jahre alt war. Im Urlaub waren meine Eltern und ich angegriffen worden; ich hatte dabei keine gute Figur gemacht. Mein Selbstbewusstsein war schwer l\u00e4diert. Das wollte ich \u00e4ndern und trainierte das, was in meiner Wohnumgebung m\u00f6glich war: traditionelles Wado-Ryu-Karate. Ich war mit\u2026","rel":"","context":"In &quot;Krav Maga&quot;","block_context":{"text":"Krav Maga","link":"https:\/\/www.bechmann.org\/amphibium\/category\/krav-maga\/"},"img":{"alt_text":"","src":"https:\/\/i0.wp.com\/www.bechmann.org\/amphibium\/wp-content\/uploads\/messer.jpg?resize=350%2C200&ssl=1","width":350,"height":200,"srcset":"https:\/\/i0.wp.com\/www.bechmann.org\/amphibium\/wp-content\/uploads\/messer.jpg?resize=350%2C200&ssl=1 1x, https:\/\/i0.wp.com\/www.bechmann.org\/amphibium\/wp-content\/uploads\/messer.jpg?resize=525%2C300&ssl=1 1.5x, https:\/\/i0.wp.com\/www.bechmann.org\/amphibium\/wp-content\/uploads\/messer.jpg?resize=700%2C400&ssl=1 2x, https:\/\/i0.wp.com\/www.bechmann.org\/amphibium\/wp-content\/uploads\/messer.jpg?resize=1050%2C600&ssl=1 3x"},"classes":[]},{"id":6996,"url":"https:\/\/www.bechmann.org\/amphibium\/krav-maga-mbsr-kampf-meditation\/","url_meta":{"origin":6991,"position":2},"title":"Krav Maga &#038; MBSR, Kampf &#038; Meditation","author":"Oliver","date":"12. Dezember 2019","format":false,"excerpt":"Krav Maga (KM) und Mindfulness Based Stress Reduction (MBSR) sind zwei Kehrseiten einer Medaille - auf der einen Seite geht es um Kampf, Aggressivit\u00e4t, Aktivit\u00e4t, Hochspannung, intensive Reize, extrovertiertes Verhalten, auf der anderen Seite Ruhe, Stille, Spannungsabbau, waches Nachsp\u00fcren, introvertiertes Verhalten - , haben aber doch einige Gemeinsamkeiten. MBSR wie\u2026","rel":"","context":"In &quot;Achtsamkeit&quot;","block_context":{"text":"Achtsamkeit","link":"https:\/\/www.bechmann.org\/amphibium\/category\/achtsamkeit\/"},"img":{"alt_text":"","src":"https:\/\/i0.wp.com\/www.bechmann.org\/amphibium\/wp-content\/uploads\/mental.jpg?resize=350%2C200&ssl=1","width":350,"height":200,"srcset":"https:\/\/i0.wp.com\/www.bechmann.org\/amphibium\/wp-content\/uploads\/mental.jpg?resize=350%2C200&ssl=1 1x, https:\/\/i0.wp.com\/www.bechmann.org\/amphibium\/wp-content\/uploads\/mental.jpg?resize=525%2C300&ssl=1 1.5x, https:\/\/i0.wp.com\/www.bechmann.org\/amphibium\/wp-content\/uploads\/mental.jpg?resize=700%2C400&ssl=1 2x, https:\/\/i0.wp.com\/www.bechmann.org\/amphibium\/wp-content\/uploads\/mental.jpg?resize=1050%2C600&ssl=1 3x"},"classes":[]},{"id":6993,"url":"https:\/\/www.bechmann.org\/amphibium\/was-hat-krav-maga-mit-mbsr-zu-tun\/","url_meta":{"origin":6991,"position":3},"title":"Was hat Krav Maga mit MBSR zu tun?","author":"Oliver","date":"16. August 2020","format":false,"excerpt":"Beate Bechmann: Krav Maga-Instructorin, Heilpraktikerin, Hypnose-Therapeutin Was hat Krav Maga (KM) mit\u00a0Mindfulness Based Stress Reduction\u00a0(MBSR) zu tun? Warum k\u00f6nnen wir* auf der einen Seite Selbstverteidigung und Nahkampf,\u00a0Fighting Fitness\u00a0und letztlich \u00dcberlebenstechniken und -taktiken lehren und andererseits etwas, was unter den Stichworten \u201cMeditation\u201d oder \u201cAchtsamkeit\u201d daherkommt? Mithin also einerseits etwas, was gerne\u2026","rel":"","context":"In &quot;Achtsamkeit&quot;","block_context":{"text":"Achtsamkeit","link":"https:\/\/www.bechmann.org\/amphibium\/category\/achtsamkeit\/"},"img":{"alt_text":"","src":"https:\/\/i0.wp.com\/www.bechmann.org\/amphibium\/wp-content\/uploads\/mentaltraining.jpg?resize=350%2C200&ssl=1","width":350,"height":200},"classes":[]},{"id":2365,"url":"https:\/\/www.bechmann.org\/amphibium\/krav-maga-workshop-beim-fernreisemobiltreffen\/","url_meta":{"origin":6991,"position":4},"title":"Krav Maga-Workshop beim Fernreisemobiltreffen","author":"Oliver","date":"4. September 2017","format":false,"excerpt":"Die Welt ist ein besserer Ort als man glaubt. Und vor Ort sieht es h\u00e4ufig anders aus als im Fernsehen. Von dieser Erfahrung berichten Fernreisende und Globetrotter durchg\u00e4ngig. Weltenbummler wissen viel davon zu erz\u00e4hlen, wie freundlich und hilfsbereit gerade die Menschen in den armen Regionen der Welt sind, wie sehr\u2026","rel":"","context":"In &quot;Land&quot;","block_context":{"text":"Land","link":"https:\/\/www.bechmann.org\/amphibium\/category\/land\/"},"img":{"alt_text":"","src":"https:\/\/i0.wp.com\/www.bechmann.org\/amphibium\/wp-content\/uploads\/IMG_3506.jpg?resize=350%2C200","width":350,"height":200,"srcset":"https:\/\/i0.wp.com\/www.bechmann.org\/amphibium\/wp-content\/uploads\/IMG_3506.jpg?resize=350%2C200 1x, https:\/\/i0.wp.com\/www.bechmann.org\/amphibium\/wp-content\/uploads\/IMG_3506.jpg?resize=525%2C300 1.5x, https:\/\/i0.wp.com\/www.bechmann.org\/amphibium\/wp-content\/uploads\/IMG_3506.jpg?resize=700%2C400 2x, https:\/\/i0.wp.com\/www.bechmann.org\/amphibium\/wp-content\/uploads\/IMG_3506.jpg?resize=1050%2C600 3x, https:\/\/i0.wp.com\/www.bechmann.org\/amphibium\/wp-content\/uploads\/IMG_3506.jpg?resize=1400%2C800 4x"},"classes":[]},{"id":6997,"url":"https:\/\/www.bechmann.org\/amphibium\/krav-maga-mbsr-bei-gewalterfahrung-trauma\/","url_meta":{"origin":6991,"position":5},"title":"Krav Maga- &#038; MBSR-Kurse bei PTBS","author":"Oliver","date":"14. Juni 2020","format":false,"excerpt":"Oliver Bechmann im Gespr\u00e4ch mit Jon Kabat-Zinn \u00fcber die Arbeit mit Gewaltopfern. Gewalt f\u00fchrt h\u00e4ufig zu traumatischen Erfahrungen. Beim Opfer einer Gewalttat so gut wie immer. Aber auch bei Gewalt-Aus\u00fcbenden \u2013 hier soll von denen die Rede sein, die sich der Gewalt beruflich bedingt aussetzen und sie anwenden m\u00fcssen: Soldaten,\u2026","rel":"","context":"In &quot;Achtsamkeit&quot;","block_context":{"text":"Achtsamkeit","link":"https:\/\/www.bechmann.org\/amphibium\/category\/achtsamkeit\/"},"img":{"alt_text":"","src":"https:\/\/i0.wp.com\/www.bechmann.org\/amphibium\/wp-content\/uploads\/ojb_jkz.jpg?resize=350%2C200&ssl=1","width":350,"height":200,"srcset":"https:\/\/i0.wp.com\/www.bechmann.org\/amphibium\/wp-content\/uploads\/ojb_jkz.jpg?resize=350%2C200&ssl=1 1x, https:\/\/i0.wp.com\/www.bechmann.org\/amphibium\/wp-content\/uploads\/ojb_jkz.jpg?resize=525%2C300&ssl=1 1.5x, https:\/\/i0.wp.com\/www.bechmann.org\/amphibium\/wp-content\/uploads\/ojb_jkz.jpg?resize=700%2C400&ssl=1 2x"},"classes":[]}],"jetpack_sharing_enabled":true,"_links":{"self":[{"href":"https:\/\/www.bechmann.org\/amphibium\/wp-json\/wp\/v2\/posts\/6991","targetHints":{"allow":["GET"]}}],"collection":[{"href":"https:\/\/www.bechmann.org\/amphibium\/wp-json\/wp\/v2\/posts"}],"about":[{"href":"https:\/\/www.bechmann.org\/amphibium\/wp-json\/wp\/v2\/types\/post"}],"author":[{"embeddable":true,"href":"https:\/\/www.bechmann.org\/amphibium\/wp-json\/wp\/v2\/users\/1"}],"replies":[{"embeddable":true,"href":"https:\/\/www.bechmann.org\/amphibium\/wp-json\/wp\/v2\/comments?post=6991"}],"version-history":[{"count":3,"href":"https:\/\/www.bechmann.org\/amphibium\/wp-json\/wp\/v2\/posts\/6991\/revisions"}],"predecessor-version":[{"id":7477,"href":"https:\/\/www.bechmann.org\/amphibium\/wp-json\/wp\/v2\/posts\/6991\/revisions\/7477"}],"wp:attachment":[{"href":"https:\/\/www.bechmann.org\/amphibium\/wp-json\/wp\/v2\/media?parent=6991"}],"wp:term":[{"taxonomy":"category","embeddable":true,"href":"https:\/\/www.bechmann.org\/amphibium\/wp-json\/wp\/v2\/categories?post=6991"},{"taxonomy":"post_tag","embeddable":true,"href":"https:\/\/www.bechmann.org\/amphibium\/wp-json\/wp\/v2\/tags?post=6991"}],"curies":[{"name":"wp","href":"https:\/\/api.w.org\/{rel}","templated":true}]}}