{"id":6597,"date":"2022-08-13T23:40:00","date_gmt":"2022-08-13T21:40:00","guid":{"rendered":"https:\/\/www.bechmann.org\/amphibium\/?p=6597"},"modified":"2022-09-30T18:14:48","modified_gmt":"2022-09-30T16:14:48","slug":"ranger-und-bitibulli-im-boesen-wolf","status":"publish","type":"post","link":"https:\/\/www.bechmann.org\/amphibium\/ranger-und-bitibulli-im-boesen-wolf\/","title":{"rendered":"Mikroabenteuer VI: Ranger und Bitibulli im &#8222;B\u00f6sen Wolf&#8220;"},"content":{"rendered":"\n<figure class=\"wp-block-image size-large\"><img data-recalc-dims=\"1\" loading=\"lazy\" decoding=\"async\" width=\"625\" height=\"469\" data-attachment-id=\"6612\" data-permalink=\"https:\/\/www.bechmann.org\/amphibium\/damph_wolf00_6\/\" data-orig-file=\"https:\/\/i0.wp.com\/www.bechmann.org\/amphibium\/wp-content\/uploads\/damph_wolf00_6.jpg?fit=1600%2C1200&amp;ssl=1\" data-orig-size=\"1600,1200\" data-comments-opened=\"0\" data-image-meta=\"{&quot;aperture&quot;:&quot;0&quot;,&quot;credit&quot;:&quot;&quot;,&quot;camera&quot;:&quot;&quot;,&quot;caption&quot;:&quot;&quot;,&quot;created_timestamp&quot;:&quot;0&quot;,&quot;copyright&quot;:&quot;&quot;,&quot;focal_length&quot;:&quot;0&quot;,&quot;iso&quot;:&quot;0&quot;,&quot;shutter_speed&quot;:&quot;0&quot;,&quot;title&quot;:&quot;&quot;,&quot;orientation&quot;:&quot;1&quot;}\" data-image-title=\"\" data-image-description=\"\" data-image-caption=\"\" data-large-file=\"https:\/\/i0.wp.com\/www.bechmann.org\/amphibium\/wp-content\/uploads\/damph_wolf00_6.jpg?fit=625%2C469&amp;ssl=1\" src=\"https:\/\/i0.wp.com\/www.bechmann.org\/amphibium\/wp-content\/uploads\/damph_wolf00_6.jpg?resize=625%2C469&#038;ssl=1\" alt=\"\" class=\"wp-image-6612\" srcset=\"https:\/\/i0.wp.com\/www.bechmann.org\/amphibium\/wp-content\/uploads\/damph_wolf00_6.jpg?resize=1024%2C768&amp;ssl=1 1024w, https:\/\/i0.wp.com\/www.bechmann.org\/amphibium\/wp-content\/uploads\/damph_wolf00_6.jpg?resize=300%2C225&amp;ssl=1 300w, https:\/\/i0.wp.com\/www.bechmann.org\/amphibium\/wp-content\/uploads\/damph_wolf00_6.jpg?resize=768%2C576&amp;ssl=1 768w, https:\/\/i0.wp.com\/www.bechmann.org\/amphibium\/wp-content\/uploads\/damph_wolf00_6.jpg?resize=1536%2C1152&amp;ssl=1 1536w, https:\/\/i0.wp.com\/www.bechmann.org\/amphibium\/wp-content\/uploads\/damph_wolf00_6.jpg?resize=624%2C468&amp;ssl=1 624w, https:\/\/i0.wp.com\/www.bechmann.org\/amphibium\/wp-content\/uploads\/damph_wolf00_6.jpg?w=1600&amp;ssl=1 1600w, https:\/\/i0.wp.com\/www.bechmann.org\/amphibium\/wp-content\/uploads\/damph_wolf00_6.jpg?w=1250&amp;ssl=1 1250w\" sizes=\"auto, (max-width: 625px) 100vw, 625px\" \/><figcaption>VW T5 Bus im Offroad-Gel\u00e4nde &#8222;B\u00f6ser Wolf&#8220;.<\/figcaption><\/figure>\n\n\n\n<p>Noch Sommer, bald Herbst. Beates VW Bulli mit Offroad-F\u00e4higkeiten bereichert unseren kleinen Fuhrpark an Zweisitzern seit einiger Zeit &#8211; und da will man nat\u00fcrlich wissen, wie der T5 namens &#8222;Rocky&#8220; (weil er einem T5 Rockton gleicht, ohne formell einer zu sein) seine grobstolligen Gummif\u00fc\u00dfe auf den Grund bringt. Bislang war der <em>Bitibulli<\/em> (ein anderer Spitzname, der mit der Verballhornung des Vornamens meiner Gattin durch israelische M\u00fcnder zusammenh\u00e4ngt) ja nur auf Asphalt und Feld- &amp; Waldwegen in Nordost- und S\u00fcddeutschland unterwegs (-> <a href=\"https:\/\/www.bechmann.org\/amphibium\/mikro-abenteuer-iv-bodensee-penisautos-roboziegen\/\" data-type=\"post\" data-id=\"6493\">Bodensee: Penisautos &amp; Roboziegen<\/a>) und konnte nicht wirklich zeigen, was in ihm steckt.<\/p>\n\n\n\n<p>Da der Ford Ranger mit Wohnkabine nach wie vor Teil unseres Fahrzeug-Portfolios ist, haben wir einen Vergleichstest ersonnen: In rund 100 Kilometern Entfernung unseres Heimatortes liegt nahe des hessischen Alsfeldes das Offroad-Gel\u00e4nde des &#8222;B\u00f6sen Wolfs&#8220;. Der Name bezieht sich auf ein Br\u00fcder-Grimm-M\u00e4rchen &#8211; denn die Gegend ist auch als Rotk\u00e4ppchenland bekannt. Und der Besitzer eines umgepfl\u00fcgten Tagebaugebietes stellt dieses am Wochenende allen &#8211; gegen ein Entgelt &#8211; zu Verf\u00fcgung, die ihre 4&#215;4-Fahrzeuge zwischen Trail-Buggy und Reise-Lkw in Schwierigkeitsgraden zwischen leicht und sehr schwer ausprobieren wollen (und ihre F\u00e4higkeiten, das Fahrzeug zu bewegen).<\/p>\n\n\n\n<figure class=\"wp-block-gallery has-nested-images columns-default is-cropped is-style-rectangular wp-block-gallery-1 is-layout-flex wp-block-gallery-is-layout-flex\">\n<figure class=\"wp-block-image size-large\"><img data-recalc-dims=\"1\" loading=\"lazy\" decoding=\"async\" width=\"625\" height=\"469\" data-attachment-id=\"6607\" data-permalink=\"https:\/\/www.bechmann.org\/amphibium\/damph_wolf00_1\/\" data-orig-file=\"https:\/\/i0.wp.com\/www.bechmann.org\/amphibium\/wp-content\/uploads\/damph_wolf00_1.jpg?fit=1600%2C1200&amp;ssl=1\" data-orig-size=\"1600,1200\" data-comments-opened=\"0\" data-image-meta=\"{&quot;aperture&quot;:&quot;0&quot;,&quot;credit&quot;:&quot;&quot;,&quot;camera&quot;:&quot;&quot;,&quot;caption&quot;:&quot;&quot;,&quot;created_timestamp&quot;:&quot;0&quot;,&quot;copyright&quot;:&quot;&quot;,&quot;focal_length&quot;:&quot;0&quot;,&quot;iso&quot;:&quot;0&quot;,&quot;shutter_speed&quot;:&quot;0&quot;,&quot;title&quot;:&quot;&quot;,&quot;orientation&quot;:&quot;1&quot;}\" data-image-title=\"\" data-image-description=\"\" data-image-caption=\"&lt;p&gt;Ford Ranger mit Wohnkabine im Offroad-Gel\u00e4nde &amp;#8222;B\u00f6ser Wolf&amp;#8220;.&lt;\/p&gt;\n\" data-large-file=\"https:\/\/i0.wp.com\/www.bechmann.org\/amphibium\/wp-content\/uploads\/damph_wolf00_1.jpg?fit=625%2C469&amp;ssl=1\" data-id=\"6607\" src=\"https:\/\/i0.wp.com\/www.bechmann.org\/amphibium\/wp-content\/uploads\/damph_wolf00_1.jpg?resize=625%2C469&#038;ssl=1\" alt=\"\" class=\"wp-image-6607\" srcset=\"https:\/\/i0.wp.com\/www.bechmann.org\/amphibium\/wp-content\/uploads\/damph_wolf00_1.jpg?resize=1024%2C768&amp;ssl=1 1024w, https:\/\/i0.wp.com\/www.bechmann.org\/amphibium\/wp-content\/uploads\/damph_wolf00_1.jpg?resize=300%2C225&amp;ssl=1 300w, https:\/\/i0.wp.com\/www.bechmann.org\/amphibium\/wp-content\/uploads\/damph_wolf00_1.jpg?resize=768%2C576&amp;ssl=1 768w, https:\/\/i0.wp.com\/www.bechmann.org\/amphibium\/wp-content\/uploads\/damph_wolf00_1.jpg?resize=1536%2C1152&amp;ssl=1 1536w, https:\/\/i0.wp.com\/www.bechmann.org\/amphibium\/wp-content\/uploads\/damph_wolf00_1.jpg?resize=624%2C468&amp;ssl=1 624w, https:\/\/i0.wp.com\/www.bechmann.org\/amphibium\/wp-content\/uploads\/damph_wolf00_1.jpg?w=1600&amp;ssl=1 1600w, https:\/\/i0.wp.com\/www.bechmann.org\/amphibium\/wp-content\/uploads\/damph_wolf00_1.jpg?w=1250&amp;ssl=1 1250w\" sizes=\"auto, (max-width: 625px) 100vw, 625px\" \/><\/figure>\n\n\n\n<figure class=\"wp-block-image size-large\"><img data-recalc-dims=\"1\" loading=\"lazy\" decoding=\"async\" width=\"625\" height=\"469\" data-attachment-id=\"6606\" data-permalink=\"https:\/\/www.bechmann.org\/amphibium\/damph_wolf00_10\/\" data-orig-file=\"https:\/\/i0.wp.com\/www.bechmann.org\/amphibium\/wp-content\/uploads\/damph_wolf00_10.jpg?fit=1600%2C1200&amp;ssl=1\" data-orig-size=\"1600,1200\" data-comments-opened=\"0\" data-image-meta=\"{&quot;aperture&quot;:&quot;0&quot;,&quot;credit&quot;:&quot;&quot;,&quot;camera&quot;:&quot;&quot;,&quot;caption&quot;:&quot;&quot;,&quot;created_timestamp&quot;:&quot;0&quot;,&quot;copyright&quot;:&quot;&quot;,&quot;focal_length&quot;:&quot;0&quot;,&quot;iso&quot;:&quot;0&quot;,&quot;shutter_speed&quot;:&quot;0&quot;,&quot;title&quot;:&quot;&quot;,&quot;orientation&quot;:&quot;1&quot;}\" data-image-title=\"\" data-image-description=\"\" data-image-caption=\"&lt;p&gt;Alter Sch\u00fctzenpanzer und Ford ranger.&lt;\/p&gt;\n\" data-large-file=\"https:\/\/i0.wp.com\/www.bechmann.org\/amphibium\/wp-content\/uploads\/damph_wolf00_10.jpg?fit=625%2C469&amp;ssl=1\" data-id=\"6606\" src=\"https:\/\/i0.wp.com\/www.bechmann.org\/amphibium\/wp-content\/uploads\/damph_wolf00_10.jpg?resize=625%2C469&#038;ssl=1\" alt=\"\" class=\"wp-image-6606\" srcset=\"https:\/\/i0.wp.com\/www.bechmann.org\/amphibium\/wp-content\/uploads\/damph_wolf00_10.jpg?resize=1024%2C768&amp;ssl=1 1024w, https:\/\/i0.wp.com\/www.bechmann.org\/amphibium\/wp-content\/uploads\/damph_wolf00_10.jpg?resize=300%2C225&amp;ssl=1 300w, https:\/\/i0.wp.com\/www.bechmann.org\/amphibium\/wp-content\/uploads\/damph_wolf00_10.jpg?resize=768%2C576&amp;ssl=1 768w, https:\/\/i0.wp.com\/www.bechmann.org\/amphibium\/wp-content\/uploads\/damph_wolf00_10.jpg?resize=1536%2C1152&amp;ssl=1 1536w, https:\/\/i0.wp.com\/www.bechmann.org\/amphibium\/wp-content\/uploads\/damph_wolf00_10.jpg?resize=624%2C468&amp;ssl=1 624w, https:\/\/i0.wp.com\/www.bechmann.org\/amphibium\/wp-content\/uploads\/damph_wolf00_10.jpg?w=1600&amp;ssl=1 1600w, https:\/\/i0.wp.com\/www.bechmann.org\/amphibium\/wp-content\/uploads\/damph_wolf00_10.jpg?w=1250&amp;ssl=1 1250w\" sizes=\"auto, (max-width: 625px) 100vw, 625px\" \/><\/figure>\n<\/figure>\n\n\n\n<!--more-->\n\n\n\n<p>Am Empfang bekommt man einen Plan des Gel\u00e4ndes und eine Regel-Liste in die Hand gedr\u00fcckt. Der Plan l\u00e4sst ermessen, wo man sich und den Offroader gerne mal testen m\u00f6chte &#8211; und wo lieber nicht. Sinnvoll ist es, mit mindestens zwei Vehikeln anzureisen &#8211; dann kann das eine das andere aus irgendeinem Schlamassel herausziehen; das \u00fcbernimmt auch das Team vom &#8222;B\u00f6sen Wolf&#8220;, wenn n\u00f6tig, und kommt dann mit Bagger oder Radlader. Das wird teuer.<\/p>\n\n\n\n<p>Wir sind trotzdem alleine hin &#8211; einmal mit dem Ford Ranger, einmal mit dem VW Bus zwei Wochen sp\u00e4ter. Dem Ranger haben wir gr\u00f6\u00dfere Offroad-Kapazit\u00e4ten zugemessen, denn im Gegensatz zu &#8222;Rocky&#8220; hat er eine Gel\u00e4nde-Untersetzung (&#8222;4L&#8220;). Und die macht nun mal einen entscheidenden Unterschied aus. Daran \u00e4ndert auch nicht, dass er keine Differentialsperren hat, die der VW Bus wiederum auf der Hinterachse wirksam werden lassen kann.<\/p>\n\n\n\n<div class=\"wp-block-jetpack-tiled-gallery aligncenter is-style-rectangular\"><div class=\"tiled-gallery__gallery\"><div class=\"tiled-gallery__row\"><div class=\"tiled-gallery__col\" style=\"flex-basis:66.80491%\"><figure class=\"tiled-gallery__item\"><img decoding=\"async\" data-attachment-id=\"6615\" data-permalink=\"https:\/\/www.bechmann.org\/amphibium\/damph_wolf00_9\/\" data-orig-file=\"https:\/\/i0.wp.com\/www.bechmann.org\/amphibium\/wp-content\/uploads\/damph_wolf00_9.jpg?fit=1600%2C1200&amp;ssl=1\" data-orig-size=\"1600,1200\" data-comments-opened=\"0\" data-image-meta=\"{&quot;aperture&quot;:&quot;0&quot;,&quot;credit&quot;:&quot;&quot;,&quot;camera&quot;:&quot;&quot;,&quot;caption&quot;:&quot;&quot;,&quot;created_timestamp&quot;:&quot;0&quot;,&quot;copyright&quot;:&quot;&quot;,&quot;focal_length&quot;:&quot;0&quot;,&quot;iso&quot;:&quot;0&quot;,&quot;shutter_speed&quot;:&quot;0&quot;,&quot;title&quot;:&quot;&quot;,&quot;orientation&quot;:&quot;1&quot;}\" data-image-title=\"\" data-image-description=\"\" data-image-caption=\"&lt;p&gt;Trainingspassagen im &amp;#8222;B\u00f6sen Wolf&amp;#8220;.&lt;\/p&gt;\n\" data-large-file=\"https:\/\/i0.wp.com\/www.bechmann.org\/amphibium\/wp-content\/uploads\/damph_wolf00_9.jpg?fit=625%2C469&amp;ssl=1\" data-attachment-id=\"6615\" data-permalink=\"https:\/\/www.bechmann.org\/amphibium\/damph_wolf00_9\/\" data-orig-file=\"https:\/\/i0.wp.com\/www.bechmann.org\/amphibium\/wp-content\/uploads\/damph_wolf00_9.jpg?fit=1600%2C1200&amp;ssl=1\" data-orig-size=\"1600,1200\" data-comments-opened=\"0\" data-image-meta=\"{&quot;aperture&quot;:&quot;0&quot;,&quot;credit&quot;:&quot;&quot;,&quot;camera&quot;:&quot;&quot;,&quot;caption&quot;:&quot;&quot;,&quot;created_timestamp&quot;:&quot;0&quot;,&quot;copyright&quot;:&quot;&quot;,&quot;focal_length&quot;:&quot;0&quot;,&quot;iso&quot;:&quot;0&quot;,&quot;shutter_speed&quot;:&quot;0&quot;,&quot;title&quot;:&quot;&quot;,&quot;orientation&quot;:&quot;1&quot;}\" data-image-title=\"\" data-image-description=\"\" data-image-caption=\"&lt;p&gt;Trainingspassagen im &amp;#8222;B\u00f6sen Wolf&amp;#8220;.&lt;\/p&gt;\n\" data-large-file=\"https:\/\/i0.wp.com\/www.bechmann.org\/amphibium\/wp-content\/uploads\/damph_wolf00_9.jpg?fit=625%2C469&amp;ssl=1\" role=\"button\" tabindex=\"0\" aria-label=\"Bild\u00a01 von 3 im Vollbildmodus \u00f6ffnen\"srcset=\"https:\/\/i1.wp.com\/www.bechmann.org\/amphibium\/wp-content\/uploads\/damph_wolf00_9-1024x768.jpg?strip=info&#038;w=600 600w,https:\/\/i1.wp.com\/www.bechmann.org\/amphibium\/wp-content\/uploads\/damph_wolf00_9-1024x768.jpg?strip=info&#038;w=900 900w,https:\/\/i1.wp.com\/www.bechmann.org\/amphibium\/wp-content\/uploads\/damph_wolf00_9-1024x768.jpg?strip=info&#038;w=1200 1200w,https:\/\/i1.wp.com\/www.bechmann.org\/amphibium\/wp-content\/uploads\/damph_wolf00_9-1024x768.jpg?strip=info&#038;w=1500 1500w,https:\/\/i1.wp.com\/www.bechmann.org\/amphibium\/wp-content\/uploads\/damph_wolf00_9-1024x768.jpg?strip=info&#038;w=1600 1600w\" alt=\"\" data-height=\"1200\" data-id=\"6615\" data-link=\"https:\/\/www.bechmann.org\/amphibium\/damph_wolf00_9\/\" data-url=\"https:\/\/www.bechmann.org\/amphibium\/wp-content\/uploads\/damph_wolf00_9-1024x768.jpg\" data-width=\"1600\" src=\"https:\/\/i1.wp.com\/www.bechmann.org\/amphibium\/wp-content\/uploads\/damph_wolf00_9-1024x768.jpg\" data-amp-layout=\"responsive\"\/><\/figure><\/div><div class=\"tiled-gallery__col\" style=\"flex-basis:33.19509%\"><figure class=\"tiled-gallery__item\"><img decoding=\"async\" data-attachment-id=\"6614\" data-permalink=\"https:\/\/www.bechmann.org\/amphibium\/damph_wolf00_8\/\" data-orig-file=\"https:\/\/i0.wp.com\/www.bechmann.org\/amphibium\/wp-content\/uploads\/damph_wolf00_8.jpg?fit=1600%2C1200&amp;ssl=1\" data-orig-size=\"1600,1200\" data-comments-opened=\"0\" data-image-meta=\"{&quot;aperture&quot;:&quot;0&quot;,&quot;credit&quot;:&quot;&quot;,&quot;camera&quot;:&quot;&quot;,&quot;caption&quot;:&quot;&quot;,&quot;created_timestamp&quot;:&quot;0&quot;,&quot;copyright&quot;:&quot;&quot;,&quot;focal_length&quot;:&quot;0&quot;,&quot;iso&quot;:&quot;0&quot;,&quot;shutter_speed&quot;:&quot;0&quot;,&quot;title&quot;:&quot;&quot;,&quot;orientation&quot;:&quot;1&quot;}\" data-image-title=\"\" data-image-description=\"\" data-image-caption=\"&lt;p&gt;Tagebaugel\u00e4nde &amp;#8222;B\u00f6ser Wolf&amp;#8220;.&lt;\/p&gt;\n\" data-large-file=\"https:\/\/i0.wp.com\/www.bechmann.org\/amphibium\/wp-content\/uploads\/damph_wolf00_8.jpg?fit=625%2C469&amp;ssl=1\" data-attachment-id=\"6614\" data-permalink=\"https:\/\/www.bechmann.org\/amphibium\/damph_wolf00_8\/\" data-orig-file=\"https:\/\/i0.wp.com\/www.bechmann.org\/amphibium\/wp-content\/uploads\/damph_wolf00_8.jpg?fit=1600%2C1200&amp;ssl=1\" data-orig-size=\"1600,1200\" data-comments-opened=\"0\" data-image-meta=\"{&quot;aperture&quot;:&quot;0&quot;,&quot;credit&quot;:&quot;&quot;,&quot;camera&quot;:&quot;&quot;,&quot;caption&quot;:&quot;&quot;,&quot;created_timestamp&quot;:&quot;0&quot;,&quot;copyright&quot;:&quot;&quot;,&quot;focal_length&quot;:&quot;0&quot;,&quot;iso&quot;:&quot;0&quot;,&quot;shutter_speed&quot;:&quot;0&quot;,&quot;title&quot;:&quot;&quot;,&quot;orientation&quot;:&quot;1&quot;}\" data-image-title=\"\" data-image-description=\"\" data-image-caption=\"&lt;p&gt;Tagebaugel\u00e4nde &amp;#8222;B\u00f6ser Wolf&amp;#8220;.&lt;\/p&gt;\n\" data-large-file=\"https:\/\/i0.wp.com\/www.bechmann.org\/amphibium\/wp-content\/uploads\/damph_wolf00_8.jpg?fit=625%2C469&amp;ssl=1\" role=\"button\" tabindex=\"0\" aria-label=\"Bild\u00a02 von 3 im Vollbildmodus \u00f6ffnen\"srcset=\"https:\/\/i0.wp.com\/www.bechmann.org\/amphibium\/wp-content\/uploads\/damph_wolf00_8-1024x768.jpg?strip=info&#038;w=600 600w,https:\/\/i0.wp.com\/www.bechmann.org\/amphibium\/wp-content\/uploads\/damph_wolf00_8-1024x768.jpg?strip=info&#038;w=900 900w,https:\/\/i0.wp.com\/www.bechmann.org\/amphibium\/wp-content\/uploads\/damph_wolf00_8-1024x768.jpg?strip=info&#038;w=1200 1200w,https:\/\/i0.wp.com\/www.bechmann.org\/amphibium\/wp-content\/uploads\/damph_wolf00_8-1024x768.jpg?strip=info&#038;w=1500 1500w,https:\/\/i0.wp.com\/www.bechmann.org\/amphibium\/wp-content\/uploads\/damph_wolf00_8-1024x768.jpg?strip=info&#038;w=1600 1600w\" alt=\"\" data-height=\"1200\" data-id=\"6614\" data-link=\"https:\/\/www.bechmann.org\/amphibium\/damph_wolf00_8\/\" data-url=\"https:\/\/www.bechmann.org\/amphibium\/wp-content\/uploads\/damph_wolf00_8-1024x768.jpg\" data-width=\"1600\" src=\"https:\/\/i0.wp.com\/www.bechmann.org\/amphibium\/wp-content\/uploads\/damph_wolf00_8-1024x768.jpg\" data-amp-layout=\"responsive\"\/><\/figure><figure class=\"tiled-gallery__item\"><img decoding=\"async\" data-attachment-id=\"6613\" data-permalink=\"https:\/\/www.bechmann.org\/amphibium\/damph_wolf00_7\/\" data-orig-file=\"https:\/\/i0.wp.com\/www.bechmann.org\/amphibium\/wp-content\/uploads\/damph_wolf00_7.jpg?fit=1600%2C1200&amp;ssl=1\" data-orig-size=\"1600,1200\" data-comments-opened=\"0\" data-image-meta=\"{&quot;aperture&quot;:&quot;0&quot;,&quot;credit&quot;:&quot;&quot;,&quot;camera&quot;:&quot;&quot;,&quot;caption&quot;:&quot;&quot;,&quot;created_timestamp&quot;:&quot;0&quot;,&quot;copyright&quot;:&quot;&quot;,&quot;focal_length&quot;:&quot;0&quot;,&quot;iso&quot;:&quot;0&quot;,&quot;shutter_speed&quot;:&quot;0&quot;,&quot;title&quot;:&quot;&quot;,&quot;orientation&quot;:&quot;1&quot;}\" data-image-title=\"\" data-image-description=\"\" data-image-caption=\"&lt;p&gt;Verschr\u00e4nkungspassage im &amp;#8222;B\u00f6sen Wolf&amp;#8220;.&lt;\/p&gt;\n\" data-large-file=\"https:\/\/i0.wp.com\/www.bechmann.org\/amphibium\/wp-content\/uploads\/damph_wolf00_7.jpg?fit=625%2C469&amp;ssl=1\" data-attachment-id=\"6613\" data-permalink=\"https:\/\/www.bechmann.org\/amphibium\/damph_wolf00_7\/\" data-orig-file=\"https:\/\/i0.wp.com\/www.bechmann.org\/amphibium\/wp-content\/uploads\/damph_wolf00_7.jpg?fit=1600%2C1200&amp;ssl=1\" data-orig-size=\"1600,1200\" data-comments-opened=\"0\" data-image-meta=\"{&quot;aperture&quot;:&quot;0&quot;,&quot;credit&quot;:&quot;&quot;,&quot;camera&quot;:&quot;&quot;,&quot;caption&quot;:&quot;&quot;,&quot;created_timestamp&quot;:&quot;0&quot;,&quot;copyright&quot;:&quot;&quot;,&quot;focal_length&quot;:&quot;0&quot;,&quot;iso&quot;:&quot;0&quot;,&quot;shutter_speed&quot;:&quot;0&quot;,&quot;title&quot;:&quot;&quot;,&quot;orientation&quot;:&quot;1&quot;}\" data-image-title=\"\" data-image-description=\"\" data-image-caption=\"&lt;p&gt;Verschr\u00e4nkungspassage im &amp;#8222;B\u00f6sen Wolf&amp;#8220;.&lt;\/p&gt;\n\" data-large-file=\"https:\/\/i0.wp.com\/www.bechmann.org\/amphibium\/wp-content\/uploads\/damph_wolf00_7.jpg?fit=625%2C469&amp;ssl=1\" role=\"button\" tabindex=\"0\" aria-label=\"Bild\u00a03 von 3 im Vollbildmodus \u00f6ffnen\"srcset=\"https:\/\/i0.wp.com\/www.bechmann.org\/amphibium\/wp-content\/uploads\/damph_wolf00_7-1024x768.jpg?strip=info&#038;w=600 600w,https:\/\/i0.wp.com\/www.bechmann.org\/amphibium\/wp-content\/uploads\/damph_wolf00_7-1024x768.jpg?strip=info&#038;w=900 900w,https:\/\/i0.wp.com\/www.bechmann.org\/amphibium\/wp-content\/uploads\/damph_wolf00_7-1024x768.jpg?strip=info&#038;w=1200 1200w,https:\/\/i0.wp.com\/www.bechmann.org\/amphibium\/wp-content\/uploads\/damph_wolf00_7-1024x768.jpg?strip=info&#038;w=1500 1500w,https:\/\/i0.wp.com\/www.bechmann.org\/amphibium\/wp-content\/uploads\/damph_wolf00_7-1024x768.jpg?strip=info&#038;w=1600 1600w\" alt=\"\" data-height=\"1200\" data-id=\"6613\" data-link=\"https:\/\/www.bechmann.org\/amphibium\/damph_wolf00_7\/\" data-url=\"https:\/\/www.bechmann.org\/amphibium\/wp-content\/uploads\/damph_wolf00_7-1024x768.jpg\" data-width=\"1600\" src=\"https:\/\/i0.wp.com\/www.bechmann.org\/amphibium\/wp-content\/uploads\/damph_wolf00_7-1024x768.jpg\" data-amp-layout=\"responsive\"\/><\/figure><\/div><\/div><\/div><\/div>\n\n\n\n<p>Also sind jeweils einen halben Tag auf dem Gel\u00e4nde und seinen verschiedenen Ecken und Winkeln herumgekurvt. Klar war von vorneherein, dass sich weder Ranger noch <em>Bitibulli<\/em> mit Unimog oder Land Rover, die wir Marokko, S\u00fcdafrika, Namibia und Island gefahren sind, messen k\u00f6nnen. Aber letztlich ging es ja auch darum, herauszufinden, was man den beiden 4&#215;4-Campingmobilen zumuten kann und was nicht.<\/p>\n\n\n\n<p>Summarisch: In der Tat schneidet der Ranger unterm Strich etwas besser ab, weil er wegen des Umschaltens auf 4L steile Abschnitte besser rauf und runter kommt. Und das, obwohl er das Gewicht der Wohnkabine auf der Hinterachse verkraften muss. Der Bus dagegen ist wegen seines leichten h\u00f6lzernen Innenausbaus deutlich leichter (auch wenn eingebaute das Zelt-Dach den Schwerpunkt nach oben verlagert).<\/p>\n\n\n\n<div class=\"wp-block-jetpack-tiled-gallery aligncenter is-style-rectangular\"><div class=\"tiled-gallery__gallery\"><div class=\"tiled-gallery__row\"><div class=\"tiled-gallery__col\" style=\"flex-basis:63.02574%\"><figure class=\"tiled-gallery__item\"><img decoding=\"async\" data-attachment-id=\"6608\" data-permalink=\"https:\/\/www.bechmann.org\/amphibium\/damph_wolf00_2\/\" data-orig-file=\"https:\/\/i0.wp.com\/www.bechmann.org\/amphibium\/wp-content\/uploads\/damph_wolf00_2.jpg?fit=1200%2C1600&amp;ssl=1\" data-orig-size=\"1200,1600\" data-comments-opened=\"0\" data-image-meta=\"{&quot;aperture&quot;:&quot;0&quot;,&quot;credit&quot;:&quot;&quot;,&quot;camera&quot;:&quot;&quot;,&quot;caption&quot;:&quot;&quot;,&quot;created_timestamp&quot;:&quot;0&quot;,&quot;copyright&quot;:&quot;&quot;,&quot;focal_length&quot;:&quot;0&quot;,&quot;iso&quot;:&quot;0&quot;,&quot;shutter_speed&quot;:&quot;0&quot;,&quot;title&quot;:&quot;&quot;,&quot;orientation&quot;:&quot;1&quot;}\" data-image-title=\"\" data-image-description=\"\" data-image-caption=\"&lt;p&gt;Oliver mit &amp;#8222;B\u00f6ser Wolf&amp;#8220;-Aufkleber als Tagesticket.&lt;\/p&gt;\n\" data-large-file=\"https:\/\/i0.wp.com\/www.bechmann.org\/amphibium\/wp-content\/uploads\/damph_wolf00_2.jpg?fit=625%2C833&amp;ssl=1\" data-attachment-id=\"6608\" data-permalink=\"https:\/\/www.bechmann.org\/amphibium\/damph_wolf00_2\/\" data-orig-file=\"https:\/\/i0.wp.com\/www.bechmann.org\/amphibium\/wp-content\/uploads\/damph_wolf00_2.jpg?fit=1200%2C1600&amp;ssl=1\" data-orig-size=\"1200,1600\" data-comments-opened=\"0\" data-image-meta=\"{&quot;aperture&quot;:&quot;0&quot;,&quot;credit&quot;:&quot;&quot;,&quot;camera&quot;:&quot;&quot;,&quot;caption&quot;:&quot;&quot;,&quot;created_timestamp&quot;:&quot;0&quot;,&quot;copyright&quot;:&quot;&quot;,&quot;focal_length&quot;:&quot;0&quot;,&quot;iso&quot;:&quot;0&quot;,&quot;shutter_speed&quot;:&quot;0&quot;,&quot;title&quot;:&quot;&quot;,&quot;orientation&quot;:&quot;1&quot;}\" data-image-title=\"\" data-image-description=\"\" data-image-caption=\"&lt;p&gt;Oliver mit &amp;#8222;B\u00f6ser Wolf&amp;#8220;-Aufkleber als Tagesticket.&lt;\/p&gt;\n\" data-large-file=\"https:\/\/i0.wp.com\/www.bechmann.org\/amphibium\/wp-content\/uploads\/damph_wolf00_2.jpg?fit=625%2C833&amp;ssl=1\" role=\"button\" tabindex=\"0\" aria-label=\"Bild\u00a01 von 4 im Vollbildmodus \u00f6ffnen\"srcset=\"https:\/\/i2.wp.com\/www.bechmann.org\/amphibium\/wp-content\/uploads\/damph_wolf00_2-768x1024.jpg?strip=info&#038;w=600 600w,https:\/\/i2.wp.com\/www.bechmann.org\/amphibium\/wp-content\/uploads\/damph_wolf00_2-768x1024.jpg?strip=info&#038;w=900 900w,https:\/\/i2.wp.com\/www.bechmann.org\/amphibium\/wp-content\/uploads\/damph_wolf00_2-768x1024.jpg?strip=info&#038;w=1200 1200w\" alt=\"\" data-height=\"1600\" data-id=\"6608\" data-link=\"https:\/\/www.bechmann.org\/amphibium\/damph_wolf00_2\/\" data-url=\"https:\/\/www.bechmann.org\/amphibium\/wp-content\/uploads\/damph_wolf00_2-768x1024.jpg\" data-width=\"1200\" src=\"https:\/\/i2.wp.com\/www.bechmann.org\/amphibium\/wp-content\/uploads\/damph_wolf00_2-768x1024.jpg\" data-amp-layout=\"responsive\"\/><\/figure><\/div><div class=\"tiled-gallery__col\" style=\"flex-basis:36.97426%\"><figure class=\"tiled-gallery__item\"><img decoding=\"async\" data-attachment-id=\"6611\" data-permalink=\"https:\/\/www.bechmann.org\/amphibium\/damph_wolf00_5\/\" data-orig-file=\"https:\/\/i0.wp.com\/www.bechmann.org\/amphibium\/wp-content\/uploads\/damph_wolf00_5.jpg?fit=1600%2C1200&amp;ssl=1\" data-orig-size=\"1600,1200\" data-comments-opened=\"0\" data-image-meta=\"{&quot;aperture&quot;:&quot;0&quot;,&quot;credit&quot;:&quot;&quot;,&quot;camera&quot;:&quot;&quot;,&quot;caption&quot;:&quot;&quot;,&quot;created_timestamp&quot;:&quot;0&quot;,&quot;copyright&quot;:&quot;&quot;,&quot;focal_length&quot;:&quot;0&quot;,&quot;iso&quot;:&quot;0&quot;,&quot;shutter_speed&quot;:&quot;0&quot;,&quot;title&quot;:&quot;&quot;,&quot;orientation&quot;:&quot;1&quot;}\" data-image-title=\"\" data-image-description=\"\" data-image-caption=\"&lt;p&gt;Alter Sch\u00fctzenpanzer und VW Bus.&lt;\/p&gt;\n\" data-large-file=\"https:\/\/i0.wp.com\/www.bechmann.org\/amphibium\/wp-content\/uploads\/damph_wolf00_5.jpg?fit=625%2C469&amp;ssl=1\" data-attachment-id=\"6611\" data-permalink=\"https:\/\/www.bechmann.org\/amphibium\/damph_wolf00_5\/\" data-orig-file=\"https:\/\/i0.wp.com\/www.bechmann.org\/amphibium\/wp-content\/uploads\/damph_wolf00_5.jpg?fit=1600%2C1200&amp;ssl=1\" data-orig-size=\"1600,1200\" data-comments-opened=\"0\" data-image-meta=\"{&quot;aperture&quot;:&quot;0&quot;,&quot;credit&quot;:&quot;&quot;,&quot;camera&quot;:&quot;&quot;,&quot;caption&quot;:&quot;&quot;,&quot;created_timestamp&quot;:&quot;0&quot;,&quot;copyright&quot;:&quot;&quot;,&quot;focal_length&quot;:&quot;0&quot;,&quot;iso&quot;:&quot;0&quot;,&quot;shutter_speed&quot;:&quot;0&quot;,&quot;title&quot;:&quot;&quot;,&quot;orientation&quot;:&quot;1&quot;}\" data-image-title=\"\" data-image-description=\"\" data-image-caption=\"&lt;p&gt;Alter Sch\u00fctzenpanzer und VW Bus.&lt;\/p&gt;\n\" data-large-file=\"https:\/\/i0.wp.com\/www.bechmann.org\/amphibium\/wp-content\/uploads\/damph_wolf00_5.jpg?fit=625%2C469&amp;ssl=1\" role=\"button\" tabindex=\"0\" aria-label=\"Bild\u00a02 von 4 im Vollbildmodus \u00f6ffnen\"srcset=\"https:\/\/i1.wp.com\/www.bechmann.org\/amphibium\/wp-content\/uploads\/damph_wolf00_5-1024x768.jpg?strip=info&#038;w=600 600w,https:\/\/i1.wp.com\/www.bechmann.org\/amphibium\/wp-content\/uploads\/damph_wolf00_5-1024x768.jpg?strip=info&#038;w=900 900w,https:\/\/i1.wp.com\/www.bechmann.org\/amphibium\/wp-content\/uploads\/damph_wolf00_5-1024x768.jpg?strip=info&#038;w=1200 1200w,https:\/\/i1.wp.com\/www.bechmann.org\/amphibium\/wp-content\/uploads\/damph_wolf00_5-1024x768.jpg?strip=info&#038;w=1500 1500w,https:\/\/i1.wp.com\/www.bechmann.org\/amphibium\/wp-content\/uploads\/damph_wolf00_5-1024x768.jpg?strip=info&#038;w=1600 1600w\" alt=\"\" data-height=\"1200\" data-id=\"6611\" data-link=\"https:\/\/www.bechmann.org\/amphibium\/damph_wolf00_5\/\" data-url=\"https:\/\/www.bechmann.org\/amphibium\/wp-content\/uploads\/damph_wolf00_5-1024x768.jpg\" data-width=\"1600\" src=\"https:\/\/i1.wp.com\/www.bechmann.org\/amphibium\/wp-content\/uploads\/damph_wolf00_5-1024x768.jpg\" data-amp-layout=\"responsive\"\/><\/figure><figure class=\"tiled-gallery__item\"><img decoding=\"async\" data-attachment-id=\"6609\" data-permalink=\"https:\/\/www.bechmann.org\/amphibium\/damph_wolf00_3\/\" data-orig-file=\"https:\/\/i0.wp.com\/www.bechmann.org\/amphibium\/wp-content\/uploads\/damph_wolf00_3.jpg?fit=1600%2C1200&amp;ssl=1\" data-orig-size=\"1600,1200\" data-comments-opened=\"0\" data-image-meta=\"{&quot;aperture&quot;:&quot;0&quot;,&quot;credit&quot;:&quot;&quot;,&quot;camera&quot;:&quot;&quot;,&quot;caption&quot;:&quot;&quot;,&quot;created_timestamp&quot;:&quot;0&quot;,&quot;copyright&quot;:&quot;&quot;,&quot;focal_length&quot;:&quot;0&quot;,&quot;iso&quot;:&quot;0&quot;,&quot;shutter_speed&quot;:&quot;0&quot;,&quot;title&quot;:&quot;&quot;,&quot;orientation&quot;:&quot;1&quot;}\" data-image-title=\"\" data-image-description=\"\" data-image-caption=\"&lt;p&gt;Auffahrtspassage zum Ermessen der B\u00f6schungswinkel des VW Busses.&lt;\/p&gt;\n\" data-large-file=\"https:\/\/i0.wp.com\/www.bechmann.org\/amphibium\/wp-content\/uploads\/damph_wolf00_3.jpg?fit=625%2C469&amp;ssl=1\" data-attachment-id=\"6609\" data-permalink=\"https:\/\/www.bechmann.org\/amphibium\/damph_wolf00_3\/\" data-orig-file=\"https:\/\/i0.wp.com\/www.bechmann.org\/amphibium\/wp-content\/uploads\/damph_wolf00_3.jpg?fit=1600%2C1200&amp;ssl=1\" data-orig-size=\"1600,1200\" data-comments-opened=\"0\" data-image-meta=\"{&quot;aperture&quot;:&quot;0&quot;,&quot;credit&quot;:&quot;&quot;,&quot;camera&quot;:&quot;&quot;,&quot;caption&quot;:&quot;&quot;,&quot;created_timestamp&quot;:&quot;0&quot;,&quot;copyright&quot;:&quot;&quot;,&quot;focal_length&quot;:&quot;0&quot;,&quot;iso&quot;:&quot;0&quot;,&quot;shutter_speed&quot;:&quot;0&quot;,&quot;title&quot;:&quot;&quot;,&quot;orientation&quot;:&quot;1&quot;}\" data-image-title=\"\" data-image-description=\"\" data-image-caption=\"&lt;p&gt;Auffahrtspassage zum Ermessen der B\u00f6schungswinkel des VW Busses.&lt;\/p&gt;\n\" data-large-file=\"https:\/\/i0.wp.com\/www.bechmann.org\/amphibium\/wp-content\/uploads\/damph_wolf00_3.jpg?fit=625%2C469&amp;ssl=1\" role=\"button\" tabindex=\"0\" aria-label=\"Bild\u00a03 von 4 im Vollbildmodus \u00f6ffnen\"srcset=\"https:\/\/i0.wp.com\/www.bechmann.org\/amphibium\/wp-content\/uploads\/damph_wolf00_3-1024x768.jpg?strip=info&#038;w=600 600w,https:\/\/i0.wp.com\/www.bechmann.org\/amphibium\/wp-content\/uploads\/damph_wolf00_3-1024x768.jpg?strip=info&#038;w=900 900w,https:\/\/i0.wp.com\/www.bechmann.org\/amphibium\/wp-content\/uploads\/damph_wolf00_3-1024x768.jpg?strip=info&#038;w=1200 1200w,https:\/\/i0.wp.com\/www.bechmann.org\/amphibium\/wp-content\/uploads\/damph_wolf00_3-1024x768.jpg?strip=info&#038;w=1500 1500w,https:\/\/i0.wp.com\/www.bechmann.org\/amphibium\/wp-content\/uploads\/damph_wolf00_3-1024x768.jpg?strip=info&#038;w=1600 1600w\" alt=\"\" data-height=\"1200\" data-id=\"6609\" data-link=\"https:\/\/www.bechmann.org\/amphibium\/damph_wolf00_3\/\" data-url=\"https:\/\/www.bechmann.org\/amphibium\/wp-content\/uploads\/damph_wolf00_3-1024x768.jpg\" data-width=\"1600\" src=\"https:\/\/i0.wp.com\/www.bechmann.org\/amphibium\/wp-content\/uploads\/damph_wolf00_3-1024x768.jpg\" data-amp-layout=\"responsive\"\/><\/figure><figure class=\"tiled-gallery__item\"><img decoding=\"async\" data-attachment-id=\"6610\" data-permalink=\"https:\/\/www.bechmann.org\/amphibium\/damph_wolf00_4\/\" data-orig-file=\"https:\/\/i0.wp.com\/www.bechmann.org\/amphibium\/wp-content\/uploads\/damph_wolf00_4.jpg?fit=1600%2C1200&amp;ssl=1\" data-orig-size=\"1600,1200\" data-comments-opened=\"0\" data-image-meta=\"{&quot;aperture&quot;:&quot;0&quot;,&quot;credit&quot;:&quot;&quot;,&quot;camera&quot;:&quot;&quot;,&quot;caption&quot;:&quot;&quot;,&quot;created_timestamp&quot;:&quot;0&quot;,&quot;copyright&quot;:&quot;&quot;,&quot;focal_length&quot;:&quot;0&quot;,&quot;iso&quot;:&quot;0&quot;,&quot;shutter_speed&quot;:&quot;0&quot;,&quot;title&quot;:&quot;&quot;,&quot;orientation&quot;:&quot;1&quot;}\" data-image-title=\"\" data-image-description=\"\" data-image-caption=\"&lt;p&gt;Obere Kante: Test f\u00fcr Rampenwinkel des Busses.&lt;\/p&gt;\n\" data-large-file=\"https:\/\/i0.wp.com\/www.bechmann.org\/amphibium\/wp-content\/uploads\/damph_wolf00_4.jpg?fit=625%2C469&amp;ssl=1\" data-attachment-id=\"6610\" data-permalink=\"https:\/\/www.bechmann.org\/amphibium\/damph_wolf00_4\/\" data-orig-file=\"https:\/\/i0.wp.com\/www.bechmann.org\/amphibium\/wp-content\/uploads\/damph_wolf00_4.jpg?fit=1600%2C1200&amp;ssl=1\" data-orig-size=\"1600,1200\" data-comments-opened=\"0\" data-image-meta=\"{&quot;aperture&quot;:&quot;0&quot;,&quot;credit&quot;:&quot;&quot;,&quot;camera&quot;:&quot;&quot;,&quot;caption&quot;:&quot;&quot;,&quot;created_timestamp&quot;:&quot;0&quot;,&quot;copyright&quot;:&quot;&quot;,&quot;focal_length&quot;:&quot;0&quot;,&quot;iso&quot;:&quot;0&quot;,&quot;shutter_speed&quot;:&quot;0&quot;,&quot;title&quot;:&quot;&quot;,&quot;orientation&quot;:&quot;1&quot;}\" data-image-title=\"\" data-image-description=\"\" data-image-caption=\"&lt;p&gt;Obere Kante: Test f\u00fcr Rampenwinkel des Busses.&lt;\/p&gt;\n\" data-large-file=\"https:\/\/i0.wp.com\/www.bechmann.org\/amphibium\/wp-content\/uploads\/damph_wolf00_4.jpg?fit=625%2C469&amp;ssl=1\" role=\"button\" tabindex=\"0\" aria-label=\"Bild\u00a04 von 4 im Vollbildmodus \u00f6ffnen\"srcset=\"https:\/\/i0.wp.com\/www.bechmann.org\/amphibium\/wp-content\/uploads\/damph_wolf00_4-1024x768.jpg?strip=info&#038;w=600 600w,https:\/\/i0.wp.com\/www.bechmann.org\/amphibium\/wp-content\/uploads\/damph_wolf00_4-1024x768.jpg?strip=info&#038;w=900 900w,https:\/\/i0.wp.com\/www.bechmann.org\/amphibium\/wp-content\/uploads\/damph_wolf00_4-1024x768.jpg?strip=info&#038;w=1200 1200w,https:\/\/i0.wp.com\/www.bechmann.org\/amphibium\/wp-content\/uploads\/damph_wolf00_4-1024x768.jpg?strip=info&#038;w=1500 1500w,https:\/\/i0.wp.com\/www.bechmann.org\/amphibium\/wp-content\/uploads\/damph_wolf00_4-1024x768.jpg?strip=info&#038;w=1600 1600w\" alt=\"\" data-height=\"1200\" data-id=\"6610\" data-link=\"https:\/\/www.bechmann.org\/amphibium\/damph_wolf00_4\/\" data-url=\"https:\/\/www.bechmann.org\/amphibium\/wp-content\/uploads\/damph_wolf00_4-1024x768.jpg\" data-width=\"1600\" src=\"https:\/\/i0.wp.com\/www.bechmann.org\/amphibium\/wp-content\/uploads\/damph_wolf00_4-1024x768.jpg\" data-amp-layout=\"responsive\"\/><\/figure><\/div><\/div><\/div><\/div>\n\n\n\n<p>Die Differentialsperre konnte der Bulli allerdings nicht voll ausspielen, weil es zwar wegen Regens einige schlammige Passagen und Wasserl\u00f6cher auf dem Gel\u00e4nde gab &#8211; aber durch die zogen beide Fahrzeuge problemlos durch. Die Bus-Konstruktion bedingt auch, dass er weniger verschr\u00e4nken kann als der Ranger, der ja als Pick-up f\u00fcr Gel\u00e4nde-Anwendungen von vorneherein konzipiert ist.<\/p>\n\n\n\n<p>In Europa existieren unter Offroad-Aspekten einige schwierige Gebiete &#8211; etwa in den Pyren\u00e4en oder dem Balkan: F\u00fcr diese w\u00fcrde ich den Ranger vorziehen. Aber alles andere, auch viele Orte in Spanien, Portugal und Griechenland, die wir mit dem Unimog besucht haben, k\u00f6nnen mit dem Bitibulli problemlos besucht werden. Und zweifellos hat der wiederum die sch\u00f6nere und bequemere Innenausstattung.<\/p>\n","protected":false},"excerpt":{"rendered":"<p>Noch Sommer, bald Herbst. Beates VW Bulli mit Offroad-F\u00e4higkeiten bereichert unseren kleinen Fuhrpark an Zweisitzern seit einiger Zeit &#8211; und da will man nat\u00fcrlich wissen, wie der T5 namens &#8222;Rocky&#8220; (weil er einem T5 Rockton gleicht, ohne formell einer zu sein) seine grobstolligen Gummif\u00fc\u00dfe auf den Grund bringt. Bislang war der Bitibulli (ein anderer Spitzname, [&hellip;]<\/p>\n","protected":false},"author":1,"featured_media":0,"comment_status":"open","ping_status":"open","sticky":false,"template":"","format":"standard","meta":{"jetpack_post_was_ever_published":false,"_jetpack_newsletter_access":"","_jetpack_dont_email_post_to_subs":false,"_jetpack_newsletter_tier_id":0,"_jetpack_memberships_contains_paywalled_content":false,"_jetpack_memberships_contains_paid_content":false,"footnotes":"","jetpack_publicize_message":"","jetpack_publicize_feature_enabled":true,"jetpack_social_post_already_shared":true,"jetpack_social_options":{"image_generator_settings":{"template":"highway","default_image_id":0,"font":"","enabled":false},"version":2}},"categories":[2,762],"tags":[770,768,769,750],"class_list":["post-6597","post","type-post","status-publish","format-standard","hentry","category-land","category-mikroabenteuer","tag-bitibulli","tag-boeser-wolf","tag-ford-ranger","tag-vw-bus"],"jetpack_publicize_connections":[],"jetpack_featured_media_url":"","jetpack_shortlink":"https:\/\/wp.me\/p4DyUk-1Ip","jetpack-related-posts":[{"id":7062,"url":"https:\/\/www.bechmann.org\/amphibium\/pueblos-abandonados-iii-gruselorte-und-graffiti\/","url_meta":{"origin":6597,"position":0},"title":"Gruselorte &#038; Graffiti","author":"Oliver","date":"30. Mai 2023","format":false,"excerpt":"Nahezu alleine sind wir auf einem offiziellen Womo-Stellplatz in Aoitz - der eigentlich nur aus einem Parkstreifen am Rande einer Wohnstra\u00dfe in einem kleinen s\u00fcdlichen Viertel besteht. Die Anwohner dort m\u00f6gen wohl die Idee der Stadtverwaltung, ein bisschen Geld mit Wohnmobilisten und Vanlifern zu verdienen, nicht sonderlich - in den\u2026","rel":"","context":"In &quot;Land&quot;","block_context":{"text":"Land","link":"https:\/\/www.bechmann.org\/amphibium\/category\/land\/"},"img":{"alt_text":"","src":"https:\/\/i0.wp.com\/www.bechmann.org\/amphibium\/wp-content\/uploads\/P1080466.jpg?resize=350%2C200&ssl=1","width":350,"height":200,"srcset":"https:\/\/i0.wp.com\/www.bechmann.org\/amphibium\/wp-content\/uploads\/P1080466.jpg?resize=350%2C200&ssl=1 1x, https:\/\/i0.wp.com\/www.bechmann.org\/amphibium\/wp-content\/uploads\/P1080466.jpg?resize=525%2C300&ssl=1 1.5x, https:\/\/i0.wp.com\/www.bechmann.org\/amphibium\/wp-content\/uploads\/P1080466.jpg?resize=700%2C400&ssl=1 2x, https:\/\/i0.wp.com\/www.bechmann.org\/amphibium\/wp-content\/uploads\/P1080466.jpg?resize=1050%2C600&ssl=1 3x, https:\/\/i0.wp.com\/www.bechmann.org\/amphibium\/wp-content\/uploads\/P1080466.jpg?resize=1400%2C800&ssl=1 4x"},"classes":[]},{"id":6570,"url":"https:\/\/www.bechmann.org\/amphibium\/mikroabenteuer-v-edersee-niddastausee-gedern\/","url_meta":{"origin":6597,"position":1},"title":"Mikroabenteuer V: Edersee + Niddastausee + Gedern","author":"Oliver","date":"19. Juli 2022","format":false,"excerpt":"Das ultimative Sommer-Sonne-SUP-Vehicle: VW T5 Camping-Bus Als Stehpaddler war man vor rund einem Dutzend Jahren eine Rarit\u00e4t, besonders auf dem Main. Da konnte es passieren, dass man von dem Fotografen einer lokalen Zeitung entdeckt und abgelichtet wurde, und sich am n\u00e4chsten Tag im \u00f6rtlichen Bl\u00e4ttchen wiederfand. Wir hatten kurz zuvor\u2026","rel":"","context":"In &quot;Mikroabenteuer&quot;","block_context":{"text":"Mikroabenteuer","link":"https:\/\/www.bechmann.org\/amphibium\/category\/mikroabenteuer\/"},"img":{"alt_text":"","src":"https:\/\/i0.wp.com\/www.bechmann.org\/amphibium\/wp-content\/uploads\/damph_00_5-4.jpg?resize=350%2C200&ssl=1","width":350,"height":200,"srcset":"https:\/\/i0.wp.com\/www.bechmann.org\/amphibium\/wp-content\/uploads\/damph_00_5-4.jpg?resize=350%2C200&ssl=1 1x, https:\/\/i0.wp.com\/www.bechmann.org\/amphibium\/wp-content\/uploads\/damph_00_5-4.jpg?resize=525%2C300&ssl=1 1.5x, https:\/\/i0.wp.com\/www.bechmann.org\/amphibium\/wp-content\/uploads\/damph_00_5-4.jpg?resize=700%2C400&ssl=1 2x, https:\/\/i0.wp.com\/www.bechmann.org\/amphibium\/wp-content\/uploads\/damph_00_5-4.jpg?resize=1050%2C600&ssl=1 3x, https:\/\/i0.wp.com\/www.bechmann.org\/amphibium\/wp-content\/uploads\/damph_00_5-4.jpg?resize=1400%2C800&ssl=1 4x"},"classes":[]},{"id":6322,"url":"https:\/\/www.bechmann.org\/amphibium\/mikro-abenteuer-i-uckermark\/","url_meta":{"origin":6597,"position":2},"title":"Mikro-Abenteuer I: Uckermark","author":"Oliver","date":"21. Juli 2021","format":false,"excerpt":"Wenn man Offroad-Reisen im s\u00fcdlichen und n\u00f6rdlichen Afrika unternommen hat \u2013 oder auch in Island, in den Pyren\u00e4en und in der nordgriechisch-albanischen Grenzregion, dann erscheint einem Deutschland als wenig herausfordernd, wenn man mit einem Gel\u00e4ndefahrzeug unterwegs ist. Nat\u00fcrlich gibt es Offroad-Parks in meist ehemaligen Tagebaugebieten \u2013 aber die sind halt\u2026","rel":"","context":"In &quot;Land&quot;","block_context":{"text":"Land","link":"https:\/\/www.bechmann.org\/amphibium\/category\/land\/"},"img":{"alt_text":"","src":"https:\/\/i0.wp.com\/www.bechmann.org\/amphibium\/wp-content\/uploads\/damph_00-1.jpg?resize=350%2C200&ssl=1","width":350,"height":200,"srcset":"https:\/\/i0.wp.com\/www.bechmann.org\/amphibium\/wp-content\/uploads\/damph_00-1.jpg?resize=350%2C200&ssl=1 1x, https:\/\/i0.wp.com\/www.bechmann.org\/amphibium\/wp-content\/uploads\/damph_00-1.jpg?resize=525%2C300&ssl=1 1.5x, https:\/\/i0.wp.com\/www.bechmann.org\/amphibium\/wp-content\/uploads\/damph_00-1.jpg?resize=700%2C400&ssl=1 2x, https:\/\/i0.wp.com\/www.bechmann.org\/amphibium\/wp-content\/uploads\/damph_00-1.jpg?resize=1050%2C600&ssl=1 3x, https:\/\/i0.wp.com\/www.bechmann.org\/amphibium\/wp-content\/uploads\/damph_00-1.jpg?resize=1400%2C800&ssl=1 4x"},"classes":[]},{"id":6869,"url":"https:\/\/www.bechmann.org\/amphibium\/hippie-happiness-am-herzberg\/","url_meta":{"origin":6597,"position":3},"title":"Hippie-Happyness am Herzberg","author":"Oliver","date":"1. August 2023","format":false,"excerpt":"Herzberg! Der Name ist Programm, besonders in diesem Jahr, denn das Motto des Herzberg-Festivals lautet \"We love Herzberg\"\u2026 und tats\u00e4chlich scheint dieses \u00e4lteste deutsche \"Hippie\"-Festival (seit 1968) f\u00fcr Machende und Besuchende eine Herzenssache zu sein. Und tats\u00e4chlich sind alle Beteiligten - Machende, Musizierende, Menschen - mit Herz dabei, denn trotz\u2026","rel":"","context":"In &quot;Land&quot;","block_context":{"text":"Land","link":"https:\/\/www.bechmann.org\/amphibium\/category\/land\/"},"img":{"alt_text":"","src":"https:\/\/i0.wp.com\/www.bechmann.org\/amphibium\/wp-content\/uploads\/damph_.jpg?resize=350%2C200&ssl=1","width":350,"height":200,"srcset":"https:\/\/i0.wp.com\/www.bechmann.org\/amphibium\/wp-content\/uploads\/damph_.jpg?resize=350%2C200&ssl=1 1x, https:\/\/i0.wp.com\/www.bechmann.org\/amphibium\/wp-content\/uploads\/damph_.jpg?resize=525%2C300&ssl=1 1.5x, https:\/\/i0.wp.com\/www.bechmann.org\/amphibium\/wp-content\/uploads\/damph_.jpg?resize=700%2C400&ssl=1 2x, https:\/\/i0.wp.com\/www.bechmann.org\/amphibium\/wp-content\/uploads\/damph_.jpg?resize=1050%2C600&ssl=1 3x, https:\/\/i0.wp.com\/www.bechmann.org\/amphibium\/wp-content\/uploads\/damph_.jpg?resize=1400%2C800&ssl=1 4x"},"classes":[]},{"id":7056,"url":"https:\/\/www.bechmann.org\/amphibium\/pueblos-abandonados-die-felszaehne-von-finestres\/","url_meta":{"origin":6597,"position":4},"title":"Die Felsz\u00e4hne von Finestres","author":"Oliver","date":"18. Mai 2023","format":false,"excerpt":"Manchmal kommen die fr\u00fcheren Bewohner noch in ihr Dorf; das Dorf, das sie verlassen haben. Den Ort, den sie verlassen mussten. \"Am meisten auf der Welt liebe ich meine Familie, aber auch Finestres, Land wie Leute\", schreibt Maria Patrocinio im Dezember 2017 auf einem Blatt, das laminiert an der zerst\u00f6rten\u2026","rel":"","context":"In &quot;Land&quot;","block_context":{"text":"Land","link":"https:\/\/www.bechmann.org\/amphibium\/category\/land\/"},"img":{"alt_text":"","src":"https:\/\/i0.wp.com\/www.bechmann.org\/amphibium\/wp-content\/uploads\/P1080313-scaled.jpg?resize=350%2C200&ssl=1","width":350,"height":200,"srcset":"https:\/\/i0.wp.com\/www.bechmann.org\/amphibium\/wp-content\/uploads\/P1080313-scaled.jpg?resize=350%2C200&ssl=1 1x, https:\/\/i0.wp.com\/www.bechmann.org\/amphibium\/wp-content\/uploads\/P1080313-scaled.jpg?resize=525%2C300&ssl=1 1.5x, https:\/\/i0.wp.com\/www.bechmann.org\/amphibium\/wp-content\/uploads\/P1080313-scaled.jpg?resize=700%2C400&ssl=1 2x, https:\/\/i0.wp.com\/www.bechmann.org\/amphibium\/wp-content\/uploads\/P1080313-scaled.jpg?resize=1050%2C600&ssl=1 3x, https:\/\/i0.wp.com\/www.bechmann.org\/amphibium\/wp-content\/uploads\/P1080313-scaled.jpg?resize=1400%2C800&ssl=1 4x"},"classes":[]},{"id":7058,"url":"https:\/\/www.bechmann.org\/amphibium\/pueblos-abandonados-ii-pasarelas-y-catredales\/","url_meta":{"origin":6597,"position":5},"title":"Pasarelas y Catredales","author":"Oliver","date":"28. Mai 2023","format":false,"excerpt":"Bei unserer ersten Querfeldeinfahrt in den spanischen Pyren\u00e4en kommt der Bitibulli gleich an seine Grenzen: Er verf\u00fcgt zwar \u00fcber Allradantrieb, Seikel-Gel\u00e4ndefahrwerk und Differentialsperre an der Hinterachse - aber nicht \u00fcber eine Gel\u00e4nde-Untersetzung. Dass die fehlt, merken wir fr\u00fch an der stinkenden Kupplung. Und da wir mittlerweile viele Jahre mit verschiedenen\u2026","rel":"","context":"In &quot;Land&quot;","block_context":{"text":"Land","link":"https:\/\/www.bechmann.org\/amphibium\/category\/land\/"},"img":{"alt_text":"","src":"https:\/\/i0.wp.com\/www.bechmann.org\/amphibium\/wp-content\/uploads\/IMG_20230523_110403376.jpg?resize=350%2C200&ssl=1","width":350,"height":200,"srcset":"https:\/\/i0.wp.com\/www.bechmann.org\/amphibium\/wp-content\/uploads\/IMG_20230523_110403376.jpg?resize=350%2C200&ssl=1 1x, https:\/\/i0.wp.com\/www.bechmann.org\/amphibium\/wp-content\/uploads\/IMG_20230523_110403376.jpg?resize=525%2C300&ssl=1 1.5x, https:\/\/i0.wp.com\/www.bechmann.org\/amphibium\/wp-content\/uploads\/IMG_20230523_110403376.jpg?resize=700%2C400&ssl=1 2x, https:\/\/i0.wp.com\/www.bechmann.org\/amphibium\/wp-content\/uploads\/IMG_20230523_110403376.jpg?resize=1050%2C600&ssl=1 3x, https:\/\/i0.wp.com\/www.bechmann.org\/amphibium\/wp-content\/uploads\/IMG_20230523_110403376.jpg?resize=1400%2C800&ssl=1 4x"},"classes":[]}],"jetpack_sharing_enabled":true,"_links":{"self":[{"href":"https:\/\/www.bechmann.org\/amphibium\/wp-json\/wp\/v2\/posts\/6597","targetHints":{"allow":["GET"]}}],"collection":[{"href":"https:\/\/www.bechmann.org\/amphibium\/wp-json\/wp\/v2\/posts"}],"about":[{"href":"https:\/\/www.bechmann.org\/amphibium\/wp-json\/wp\/v2\/types\/post"}],"author":[{"embeddable":true,"href":"https:\/\/www.bechmann.org\/amphibium\/wp-json\/wp\/v2\/users\/1"}],"replies":[{"embeddable":true,"href":"https:\/\/www.bechmann.org\/amphibium\/wp-json\/wp\/v2\/comments?post=6597"}],"version-history":[{"count":6,"href":"https:\/\/www.bechmann.org\/amphibium\/wp-json\/wp\/v2\/posts\/6597\/revisions"}],"predecessor-version":[{"id":6621,"href":"https:\/\/www.bechmann.org\/amphibium\/wp-json\/wp\/v2\/posts\/6597\/revisions\/6621"}],"wp:attachment":[{"href":"https:\/\/www.bechmann.org\/amphibium\/wp-json\/wp\/v2\/media?parent=6597"}],"wp:term":[{"taxonomy":"category","embeddable":true,"href":"https:\/\/www.bechmann.org\/amphibium\/wp-json\/wp\/v2\/categories?post=6597"},{"taxonomy":"post_tag","embeddable":true,"href":"https:\/\/www.bechmann.org\/amphibium\/wp-json\/wp\/v2\/tags?post=6597"}],"curies":[{"name":"wp","href":"https:\/\/api.w.org\/{rel}","templated":true}]}}