{"id":6570,"date":"2022-07-19T22:16:42","date_gmt":"2022-07-19T20:16:42","guid":{"rendered":"https:\/\/www.bechmann.org\/amphibium\/?p=6570"},"modified":"2022-09-18T11:07:16","modified_gmt":"2022-09-18T09:07:16","slug":"mikroabenteuer-v-edersee-niddastausee-gedern","status":"publish","type":"post","link":"https:\/\/www.bechmann.org\/amphibium\/mikroabenteuer-v-edersee-niddastausee-gedern\/","title":{"rendered":"Mikroabenteuer V: Edersee + Niddastausee + Gedern"},"content":{"rendered":"\n<figure class=\"wp-block-image size-large is-resized\"><img data-recalc-dims=\"1\" loading=\"lazy\" decoding=\"async\" data-attachment-id=\"6592\" data-permalink=\"https:\/\/www.bechmann.org\/amphibium\/mikroabenteuer-v-edersee-niddastausee-gedern\/damph_00_5-5\/\" data-orig-file=\"https:\/\/i0.wp.com\/www.bechmann.org\/amphibium\/wp-content\/uploads\/damph_00_5-4.jpg?fit=1600%2C1200&amp;ssl=1\" data-orig-size=\"1600,1200\" data-comments-opened=\"0\" data-image-meta=\"{&quot;aperture&quot;:&quot;0&quot;,&quot;credit&quot;:&quot;&quot;,&quot;camera&quot;:&quot;&quot;,&quot;caption&quot;:&quot;&quot;,&quot;created_timestamp&quot;:&quot;0&quot;,&quot;copyright&quot;:&quot;&quot;,&quot;focal_length&quot;:&quot;0&quot;,&quot;iso&quot;:&quot;0&quot;,&quot;shutter_speed&quot;:&quot;0&quot;,&quot;title&quot;:&quot;&quot;,&quot;orientation&quot;:&quot;1&quot;}\" data-image-title=\"\" data-image-description=\"\" data-image-caption=\"\" data-large-file=\"https:\/\/i0.wp.com\/www.bechmann.org\/amphibium\/wp-content\/uploads\/damph_00_5-4.jpg?fit=625%2C469&amp;ssl=1\" src=\"https:\/\/i0.wp.com\/www.bechmann.org\/amphibium\/wp-content\/uploads\/damph_00_5-4.jpg?resize=625%2C469&#038;ssl=1\" alt=\"\" class=\"wp-image-6592\" width=\"625\" height=\"469\" srcset=\"https:\/\/i0.wp.com\/www.bechmann.org\/amphibium\/wp-content\/uploads\/damph_00_5-4.jpg?resize=1024%2C768&amp;ssl=1 1024w, https:\/\/i0.wp.com\/www.bechmann.org\/amphibium\/wp-content\/uploads\/damph_00_5-4.jpg?resize=300%2C225&amp;ssl=1 300w, https:\/\/i0.wp.com\/www.bechmann.org\/amphibium\/wp-content\/uploads\/damph_00_5-4.jpg?resize=768%2C576&amp;ssl=1 768w, https:\/\/i0.wp.com\/www.bechmann.org\/amphibium\/wp-content\/uploads\/damph_00_5-4.jpg?resize=1536%2C1152&amp;ssl=1 1536w, https:\/\/i0.wp.com\/www.bechmann.org\/amphibium\/wp-content\/uploads\/damph_00_5-4.jpg?resize=624%2C468&amp;ssl=1 624w, https:\/\/i0.wp.com\/www.bechmann.org\/amphibium\/wp-content\/uploads\/damph_00_5-4.jpg?w=1600&amp;ssl=1 1600w, https:\/\/i0.wp.com\/www.bechmann.org\/amphibium\/wp-content\/uploads\/damph_00_5-4.jpg?w=1250&amp;ssl=1 1250w\" sizes=\"auto, (max-width: 625px) 100vw, 625px\" \/><figcaption>Das ultimative Sommer-Sonne-SUP-Vehicle: VW T5 Camping-Bus<\/figcaption><\/figure>\n\n\n\n<p>Als Stehpaddler war man vor rund einem Dutzend Jahren eine Rarit\u00e4t, besonders auf dem Main. Da konnte es passieren, dass man von dem Fotografen einer lokalen Zeitung entdeckt und abgelichtet wurde, und sich am n\u00e4chsten Tag im \u00f6rtlichen Bl\u00e4ttchen wiederfand. Wir hatten kurz zuvor das <a href=\"https:\/\/de.wikipedia.org\/wiki\/Stand-Up-Paddling\" target=\"_blank\" rel=\"noreferrer noopener\">Standup-Paddling<\/a>, kurz SUP, bei einer Hawai\u2019i-Reise kennen- und sch\u00e4tzengelernt, und nach R\u00fcckkehr prompt zwei Touring-Boards erworben.<\/p>\n\n\n\n<p>Mittlerweile ist Standup-Paddling weit verbreitet und wird an allen kleineren und gr\u00f6\u00dferen Fl\u00fcssen und Seen hierzulande, in Europa und sonst wo praktiziert. Selbst in einem beliebigen Low-Budget-Baumarkt kann man Low-Budget-SUPs neben Kinder-Planschbecken stehen sehen und erwerben. Surf-Schulen haben SUP-Kurse mit ins Angebot genommen; wahrscheinlich sind letztere besser frequentiert. Auch muss man nicht unbedingt ein eigenes Board besitzen; wo ein Kajak- oder Kanu-Verleih angesiedelt ist, kann man meist auch SUPs mieten.<\/p>\n\n\n\n<!--more-->\n\n\n\n<div class=\"wp-block-jetpack-tiled-gallery aligncenter is-style-rectangular\"><div class=\"tiled-gallery__gallery\"><div class=\"tiled-gallery__row\"><div class=\"tiled-gallery__col\" style=\"flex-basis:50.00000%\"><figure class=\"tiled-gallery__item\"><img decoding=\"async\" data-attachment-id=\"6587\" data-permalink=\"https:\/\/www.bechmann.org\/amphibium\/damph_00-5\/\" data-orig-file=\"https:\/\/i0.wp.com\/www.bechmann.org\/amphibium\/wp-content\/uploads\/damph_00-4.jpg?fit=1600%2C1200&amp;ssl=1\" data-orig-size=\"1600,1200\" data-comments-opened=\"0\" data-image-meta=\"{&quot;aperture&quot;:&quot;0&quot;,&quot;credit&quot;:&quot;&quot;,&quot;camera&quot;:&quot;&quot;,&quot;caption&quot;:&quot;&quot;,&quot;created_timestamp&quot;:&quot;0&quot;,&quot;copyright&quot;:&quot;&quot;,&quot;focal_length&quot;:&quot;0&quot;,&quot;iso&quot;:&quot;0&quot;,&quot;shutter_speed&quot;:&quot;0&quot;,&quot;title&quot;:&quot;&quot;,&quot;orientation&quot;:&quot;1&quot;}\" data-image-title=\"\" data-image-description=\"\" data-image-caption=\"&lt;p&gt;Biti am Schreib- wie Fr\u00fchst\u00fccks-Klapptisch.&lt;\/p&gt;\n\" data-large-file=\"https:\/\/i0.wp.com\/www.bechmann.org\/amphibium\/wp-content\/uploads\/damph_00-4.jpg?fit=625%2C469&amp;ssl=1\" data-attachment-id=\"6587\" data-permalink=\"https:\/\/www.bechmann.org\/amphibium\/damph_00-5\/\" data-orig-file=\"https:\/\/i0.wp.com\/www.bechmann.org\/amphibium\/wp-content\/uploads\/damph_00-4.jpg?fit=1600%2C1200&amp;ssl=1\" data-orig-size=\"1600,1200\" data-comments-opened=\"0\" data-image-meta=\"{&quot;aperture&quot;:&quot;0&quot;,&quot;credit&quot;:&quot;&quot;,&quot;camera&quot;:&quot;&quot;,&quot;caption&quot;:&quot;&quot;,&quot;created_timestamp&quot;:&quot;0&quot;,&quot;copyright&quot;:&quot;&quot;,&quot;focal_length&quot;:&quot;0&quot;,&quot;iso&quot;:&quot;0&quot;,&quot;shutter_speed&quot;:&quot;0&quot;,&quot;title&quot;:&quot;&quot;,&quot;orientation&quot;:&quot;1&quot;}\" data-image-title=\"\" data-image-description=\"\" data-image-caption=\"&lt;p&gt;Biti am Schreib- wie Fr\u00fchst\u00fccks-Klapptisch.&lt;\/p&gt;\n\" data-large-file=\"https:\/\/i0.wp.com\/www.bechmann.org\/amphibium\/wp-content\/uploads\/damph_00-4.jpg?fit=625%2C469&amp;ssl=1\" role=\"button\" tabindex=\"0\" aria-label=\"Bild\u00a01 von 2 im Vollbildmodus \u00f6ffnen\"srcset=\"https:\/\/i0.wp.com\/www.bechmann.org\/amphibium\/wp-content\/uploads\/damph_00-4-1024x768.jpg?strip=info&#038;w=600 600w,https:\/\/i0.wp.com\/www.bechmann.org\/amphibium\/wp-content\/uploads\/damph_00-4-1024x768.jpg?strip=info&#038;w=900 900w,https:\/\/i0.wp.com\/www.bechmann.org\/amphibium\/wp-content\/uploads\/damph_00-4-1024x768.jpg?strip=info&#038;w=1200 1200w,https:\/\/i0.wp.com\/www.bechmann.org\/amphibium\/wp-content\/uploads\/damph_00-4-1024x768.jpg?strip=info&#038;w=1500 1500w,https:\/\/i0.wp.com\/www.bechmann.org\/amphibium\/wp-content\/uploads\/damph_00-4-1024x768.jpg?strip=info&#038;w=1600 1600w\" alt=\"\" data-height=\"1200\" data-id=\"6587\" data-link=\"https:\/\/www.bechmann.org\/amphibium\/damph_00-5\/\" data-url=\"https:\/\/www.bechmann.org\/amphibium\/wp-content\/uploads\/damph_00-4-1024x768.jpg\" data-width=\"1600\" src=\"https:\/\/i0.wp.com\/www.bechmann.org\/amphibium\/wp-content\/uploads\/damph_00-4-1024x768.jpg\" data-amp-layout=\"responsive\"\/><\/figure><\/div><div class=\"tiled-gallery__col\" style=\"flex-basis:50.00000%\"><figure class=\"tiled-gallery__item\"><img decoding=\"async\" data-attachment-id=\"6588\" data-permalink=\"https:\/\/www.bechmann.org\/amphibium\/damph_00_1-5\/\" data-orig-file=\"https:\/\/i0.wp.com\/www.bechmann.org\/amphibium\/wp-content\/uploads\/damph_00_1-4.jpg?fit=1600%2C1200&amp;ssl=1\" data-orig-size=\"1600,1200\" data-comments-opened=\"0\" data-image-meta=\"{&quot;aperture&quot;:&quot;0&quot;,&quot;credit&quot;:&quot;&quot;,&quot;camera&quot;:&quot;&quot;,&quot;caption&quot;:&quot;&quot;,&quot;created_timestamp&quot;:&quot;0&quot;,&quot;copyright&quot;:&quot;&quot;,&quot;focal_length&quot;:&quot;0&quot;,&quot;iso&quot;:&quot;0&quot;,&quot;shutter_speed&quot;:&quot;0&quot;,&quot;title&quot;:&quot;&quot;,&quot;orientation&quot;:&quot;1&quot;}\" data-image-title=\"\" data-image-description=\"\" data-image-caption=\"&lt;p&gt;Anpaddeln auf dem Edersee&lt;\/p&gt;\n\" data-large-file=\"https:\/\/i0.wp.com\/www.bechmann.org\/amphibium\/wp-content\/uploads\/damph_00_1-4.jpg?fit=625%2C469&amp;ssl=1\" data-attachment-id=\"6588\" data-permalink=\"https:\/\/www.bechmann.org\/amphibium\/damph_00_1-5\/\" data-orig-file=\"https:\/\/i0.wp.com\/www.bechmann.org\/amphibium\/wp-content\/uploads\/damph_00_1-4.jpg?fit=1600%2C1200&amp;ssl=1\" data-orig-size=\"1600,1200\" data-comments-opened=\"0\" data-image-meta=\"{&quot;aperture&quot;:&quot;0&quot;,&quot;credit&quot;:&quot;&quot;,&quot;camera&quot;:&quot;&quot;,&quot;caption&quot;:&quot;&quot;,&quot;created_timestamp&quot;:&quot;0&quot;,&quot;copyright&quot;:&quot;&quot;,&quot;focal_length&quot;:&quot;0&quot;,&quot;iso&quot;:&quot;0&quot;,&quot;shutter_speed&quot;:&quot;0&quot;,&quot;title&quot;:&quot;&quot;,&quot;orientation&quot;:&quot;1&quot;}\" data-image-title=\"\" data-image-description=\"\" data-image-caption=\"&lt;p&gt;Anpaddeln auf dem Edersee&lt;\/p&gt;\n\" data-large-file=\"https:\/\/i0.wp.com\/www.bechmann.org\/amphibium\/wp-content\/uploads\/damph_00_1-4.jpg?fit=625%2C469&amp;ssl=1\" role=\"button\" tabindex=\"0\" aria-label=\"Bild\u00a02 von 2 im Vollbildmodus \u00f6ffnen\"srcset=\"https:\/\/i1.wp.com\/www.bechmann.org\/amphibium\/wp-content\/uploads\/damph_00_1-4-1024x768.jpg?strip=info&#038;w=600 600w,https:\/\/i1.wp.com\/www.bechmann.org\/amphibium\/wp-content\/uploads\/damph_00_1-4-1024x768.jpg?strip=info&#038;w=900 900w,https:\/\/i1.wp.com\/www.bechmann.org\/amphibium\/wp-content\/uploads\/damph_00_1-4-1024x768.jpg?strip=info&#038;w=1200 1200w,https:\/\/i1.wp.com\/www.bechmann.org\/amphibium\/wp-content\/uploads\/damph_00_1-4-1024x768.jpg?strip=info&#038;w=1500 1500w,https:\/\/i1.wp.com\/www.bechmann.org\/amphibium\/wp-content\/uploads\/damph_00_1-4-1024x768.jpg?strip=info&#038;w=1600 1600w\" alt=\"\" data-height=\"1200\" data-id=\"6588\" data-link=\"https:\/\/www.bechmann.org\/amphibium\/damph_00_1-5\/\" data-url=\"https:\/\/www.bechmann.org\/amphibium\/wp-content\/uploads\/damph_00_1-4-1024x768.jpg\" data-width=\"1600\" src=\"https:\/\/i1.wp.com\/www.bechmann.org\/amphibium\/wp-content\/uploads\/damph_00_1-4-1024x768.jpg\" data-amp-layout=\"responsive\"\/><\/figure><\/div><\/div><\/div><\/div>\n\n\n\n<p>Bei all den vielen W\u00fcsten-Reisen in den vergangenen Jahren sind allerdings unsere Wasser-Aktivit\u00e4ten stark zu kurz gekommen. Aber wenn andere Umst\u00e4nde es eben bedingen, dass man nicht in die gro\u00dfe weite Welt hinausfahren kann, dann ist Deutschland und sogar die n\u00e4here hessische Umgebung durchaus ein Terrain, auf dem man Paddel-Reviere findet. Wo Kajaks &amp; Kanus entlang k\u00f6nnen, k\u00f6nnen es auch SUPs \u2013 zumal sich aus den nahezu vortriebslos dahin d\u00fcmpelnden SUP-Einsteigern mitunter Wasserwander-Freaks entwickeln, die ihren Kanu-Kollegen in nichts nachstehen und abenteuerlich lange Touren mit Camping-\u00dcbernachtungen unternehmen.<\/p>\n\n\n\n<p>Und nat\u00fcrlich hat sich auch ein entsprechender \u00fcppiger Ausr\u00fcstungsmarkt entwickelt. Wir nutzen allerdings unser ohnehin vorhandenes Outdoor- &amp; Amphibien-Equipment; und immer noch tun wir uns als Ex-Triathleten schwer, eine Schwimmweste anzulegen oder den Fu\u00df per <em>Leash<\/em> mit dem Board zu verbinden. Wir k\u00f6nnen ja schwimmen und haben keine Angst vorm Wasser.<\/p>\n\n\n\n<h3 class=\"wp-block-heading\">Trainingstouren auf hessischen Stauseen<\/h3>\n\n\n\n<p>Nachdem wir einige wackelige \u00dcbungskilometer auf dem Niddastausee bei Schotten absolviert und dabei den Wert einer Triple-Hubpumpe erfahren hatten (ein anderer SUP\u2019ler war so freundlich, uns eine zu leihen, da wir mit unserer altert\u00fcmlichen Einfachpumpe noch ein paar Stunden gebraucht h\u00e4tten, um den Boards gen\u00fcgend Luft-Druck zu verschaffen), waren wir es leid, immer nur in kleinen Kreisen zu paddeln.<\/p>\n\n\n\n<p>Wir packten die Boards in den VW Bulli und lenkten diesen gen Edersee. Am Kellerwald gelegen, kann man den immerhin einige Kilometer auf und ab paddeln; auch weht ab und zu ein kr\u00e4ftiger Wind, der mitunter kr\u00e4ftigen Muskeleinsatz fordert. Bulli &amp; Besatzung fanden Platz auf einem kleinen Campingplatz in Seemitte auf der Halbinsel Scheid; und siehe da: noch mehr Stehpaddler! Mittlerweile offensichtlich eine Selbstverst\u00e4ndlichkeit\u2026<\/p>\n\n\n\n<div class=\"wp-block-jetpack-tiled-gallery aligncenter is-style-rectangular\"><div class=\"tiled-gallery__gallery\"><div class=\"tiled-gallery__row\"><div class=\"tiled-gallery__col\" style=\"flex-basis:36.04536%\"><figure class=\"tiled-gallery__item\"><img decoding=\"async\" data-attachment-id=\"6591\" data-permalink=\"https:\/\/www.bechmann.org\/amphibium\/damph_00_4-5\/\" data-orig-file=\"https:\/\/i0.wp.com\/www.bechmann.org\/amphibium\/wp-content\/uploads\/damph_00_4-4.jpg?fit=1200%2C1600&amp;ssl=1\" data-orig-size=\"1200,1600\" data-comments-opened=\"0\" data-image-meta=\"{&quot;aperture&quot;:&quot;0&quot;,&quot;credit&quot;:&quot;&quot;,&quot;camera&quot;:&quot;&quot;,&quot;caption&quot;:&quot;&quot;,&quot;created_timestamp&quot;:&quot;0&quot;,&quot;copyright&quot;:&quot;&quot;,&quot;focal_length&quot;:&quot;0&quot;,&quot;iso&quot;:&quot;0&quot;,&quot;shutter_speed&quot;:&quot;0&quot;,&quot;title&quot;:&quot;&quot;,&quot;orientation&quot;:&quot;1&quot;}\" data-image-title=\"\" data-image-description=\"\" data-image-caption=\"&lt;p&gt;Wassermangel am Edersee.&lt;\/p&gt;\n\" data-large-file=\"https:\/\/i0.wp.com\/www.bechmann.org\/amphibium\/wp-content\/uploads\/damph_00_4-4.jpg?fit=625%2C833&amp;ssl=1\" data-attachment-id=\"6591\" data-permalink=\"https:\/\/www.bechmann.org\/amphibium\/damph_00_4-5\/\" data-orig-file=\"https:\/\/i0.wp.com\/www.bechmann.org\/amphibium\/wp-content\/uploads\/damph_00_4-4.jpg?fit=1200%2C1600&amp;ssl=1\" data-orig-size=\"1200,1600\" data-comments-opened=\"0\" data-image-meta=\"{&quot;aperture&quot;:&quot;0&quot;,&quot;credit&quot;:&quot;&quot;,&quot;camera&quot;:&quot;&quot;,&quot;caption&quot;:&quot;&quot;,&quot;created_timestamp&quot;:&quot;0&quot;,&quot;copyright&quot;:&quot;&quot;,&quot;focal_length&quot;:&quot;0&quot;,&quot;iso&quot;:&quot;0&quot;,&quot;shutter_speed&quot;:&quot;0&quot;,&quot;title&quot;:&quot;&quot;,&quot;orientation&quot;:&quot;1&quot;}\" data-image-title=\"\" data-image-description=\"\" data-image-caption=\"&lt;p&gt;Wassermangel am Edersee.&lt;\/p&gt;\n\" data-large-file=\"https:\/\/i0.wp.com\/www.bechmann.org\/amphibium\/wp-content\/uploads\/damph_00_4-4.jpg?fit=625%2C833&amp;ssl=1\" role=\"button\" tabindex=\"0\" aria-label=\"Bild\u00a01 von 2 im Vollbildmodus \u00f6ffnen\"srcset=\"https:\/\/i2.wp.com\/www.bechmann.org\/amphibium\/wp-content\/uploads\/damph_00_4-4-768x1024.jpg?strip=info&#038;w=600 600w,https:\/\/i2.wp.com\/www.bechmann.org\/amphibium\/wp-content\/uploads\/damph_00_4-4-768x1024.jpg?strip=info&#038;w=900 900w,https:\/\/i2.wp.com\/www.bechmann.org\/amphibium\/wp-content\/uploads\/damph_00_4-4-768x1024.jpg?strip=info&#038;w=1200 1200w\" alt=\"\" data-height=\"1600\" data-id=\"6591\" data-link=\"https:\/\/www.bechmann.org\/amphibium\/damph_00_4-5\/\" data-url=\"https:\/\/www.bechmann.org\/amphibium\/wp-content\/uploads\/damph_00_4-4-768x1024.jpg\" data-width=\"1200\" src=\"https:\/\/i2.wp.com\/www.bechmann.org\/amphibium\/wp-content\/uploads\/damph_00_4-4-768x1024.jpg\" data-amp-layout=\"responsive\"\/><\/figure><\/div><div class=\"tiled-gallery__col\" style=\"flex-basis:63.95464%\"><figure class=\"tiled-gallery__item\"><img decoding=\"async\" data-attachment-id=\"6590\" data-permalink=\"https:\/\/www.bechmann.org\/amphibium\/damph_00_3-5\/\" data-orig-file=\"https:\/\/i0.wp.com\/www.bechmann.org\/amphibium\/wp-content\/uploads\/damph_00_3-4.jpg?fit=1600%2C1200&amp;ssl=1\" data-orig-size=\"1600,1200\" data-comments-opened=\"0\" data-image-meta=\"{&quot;aperture&quot;:&quot;0&quot;,&quot;credit&quot;:&quot;&quot;,&quot;camera&quot;:&quot;&quot;,&quot;caption&quot;:&quot;&quot;,&quot;created_timestamp&quot;:&quot;0&quot;,&quot;copyright&quot;:&quot;&quot;,&quot;focal_length&quot;:&quot;0&quot;,&quot;iso&quot;:&quot;0&quot;,&quot;shutter_speed&quot;:&quot;0&quot;,&quot;title&quot;:&quot;&quot;,&quot;orientation&quot;:&quot;1&quot;}\" data-image-title=\"\" data-image-description=\"\" data-image-caption=\"&lt;p&gt;Versiegender Seitenzufluss am Edersee.&lt;\/p&gt;\n\" data-large-file=\"https:\/\/i0.wp.com\/www.bechmann.org\/amphibium\/wp-content\/uploads\/damph_00_3-4.jpg?fit=625%2C469&amp;ssl=1\" data-attachment-id=\"6590\" data-permalink=\"https:\/\/www.bechmann.org\/amphibium\/damph_00_3-5\/\" data-orig-file=\"https:\/\/i0.wp.com\/www.bechmann.org\/amphibium\/wp-content\/uploads\/damph_00_3-4.jpg?fit=1600%2C1200&amp;ssl=1\" data-orig-size=\"1600,1200\" data-comments-opened=\"0\" data-image-meta=\"{&quot;aperture&quot;:&quot;0&quot;,&quot;credit&quot;:&quot;&quot;,&quot;camera&quot;:&quot;&quot;,&quot;caption&quot;:&quot;&quot;,&quot;created_timestamp&quot;:&quot;0&quot;,&quot;copyright&quot;:&quot;&quot;,&quot;focal_length&quot;:&quot;0&quot;,&quot;iso&quot;:&quot;0&quot;,&quot;shutter_speed&quot;:&quot;0&quot;,&quot;title&quot;:&quot;&quot;,&quot;orientation&quot;:&quot;1&quot;}\" data-image-title=\"\" data-image-description=\"\" data-image-caption=\"&lt;p&gt;Versiegender Seitenzufluss am Edersee.&lt;\/p&gt;\n\" data-large-file=\"https:\/\/i0.wp.com\/www.bechmann.org\/amphibium\/wp-content\/uploads\/damph_00_3-4.jpg?fit=625%2C469&amp;ssl=1\" role=\"button\" tabindex=\"0\" aria-label=\"Bild\u00a02 von 2 im Vollbildmodus \u00f6ffnen\"srcset=\"https:\/\/i0.wp.com\/www.bechmann.org\/amphibium\/wp-content\/uploads\/damph_00_3-4-1024x768.jpg?strip=info&#038;w=600 600w,https:\/\/i0.wp.com\/www.bechmann.org\/amphibium\/wp-content\/uploads\/damph_00_3-4-1024x768.jpg?strip=info&#038;w=900 900w,https:\/\/i0.wp.com\/www.bechmann.org\/amphibium\/wp-content\/uploads\/damph_00_3-4-1024x768.jpg?strip=info&#038;w=1200 1200w,https:\/\/i0.wp.com\/www.bechmann.org\/amphibium\/wp-content\/uploads\/damph_00_3-4-1024x768.jpg?strip=info&#038;w=1500 1500w,https:\/\/i0.wp.com\/www.bechmann.org\/amphibium\/wp-content\/uploads\/damph_00_3-4-1024x768.jpg?strip=info&#038;w=1600 1600w\" alt=\"\" data-height=\"1200\" data-id=\"6590\" data-link=\"https:\/\/www.bechmann.org\/amphibium\/damph_00_3-5\/\" data-url=\"https:\/\/www.bechmann.org\/amphibium\/wp-content\/uploads\/damph_00_3-4-1024x768.jpg\" data-width=\"1600\" src=\"https:\/\/i0.wp.com\/www.bechmann.org\/amphibium\/wp-content\/uploads\/damph_00_3-4-1024x768.jpg\" data-amp-layout=\"responsive\"\/><\/figure><\/div><\/div><\/div><\/div>\n\n\n\n<p>Drei Tage lang SUP-Training: Mit dem Ziel, im n\u00e4chsten Jahr zum l\u00e4ngeren Wasserwandern f\u00e4hig zu sein, sahen wir den von der Trockenheit und Hitze arg geplagten Edersee vor allem als \u00dcbungsrevier zum (Wieder-)Aneignen diverser Paddeltechniken \u2013 und tats\u00e4chlich gab es zu Beginn einigen Frust, der sich erst nach einer l\u00e4ngeren Yoga-Einheit auf dem Board legte. Danach waren Gef\u00fchl und Balance f\u00fcrs Brett da\u2026<\/p>\n\n\n\n<p>\u2026 und so setzten wir das Training an einem der n\u00e4chsten Wochenende auf dem n\u00e4her gelegenen Gederner See fort. Der ist zwar ziemlich klein, hat aber den unerwarteten Vorteil, dass sein hinterer Teil sehr flach und morastig ist \u2013 so dass man vergn\u00fcgt ins Wasser fallen kann, wenn man die unterschiedlichen SUP-Techniken des Paddelns, Drehens und Wendens, Auf-dem-Board-laufens, Draufkletterns von hinten oder der Seite u.a.m. \u00fcbt. <\/p>\n\n\n\n<h3 class=\"wp-block-heading\">Stehpaddel-Sp\u00e4tsommer?<\/h3>\n\n\n\n<p>So wie man Offroadfahren im Offroadpark stressfrei \u00fcbt\u2026 Oder eben bei einem Sport eine gewisse Zeit mit (manchmal stumpfsinnigem) Technik-Training verbringt.<\/p>\n\n\n\n<p>So, mittlerweile sind wir wieder ganz standfest auf den Boards, und haben gleich mal den Check auf dem Main unternommen \u2013 also einem Flie\u00dfgew\u00e4sser mit Schiffs- und Bootsverkehr und damit gr\u00f6\u00dferem Wellenschlag. Das wollten wir in dieser Paddel-Saison noch hinbekommen; mit etwas Gl\u00fcck gibt es noch ein wenig Stehpaddel-Vergn\u00fcgen bei einem sch\u00f6nen Sp\u00e4tsommer bzw. Fr\u00fchherbst. Und in der n\u00e4chsten Saison werfen wir uns dann fr\u00fcher auf die Bretter \u2013 Ziel Bodensee-Umrundung.<\/p>\n","protected":false},"excerpt":{"rendered":"<p>Als Stehpaddler war man vor rund einem Dutzend Jahren eine Rarit\u00e4t, besonders auf dem Main. Da konnte es passieren, dass man von dem Fotografen einer lokalen Zeitung entdeckt und abgelichtet wurde, und sich am n\u00e4chsten Tag im \u00f6rtlichen Bl\u00e4ttchen wiederfand. Wir hatten kurz zuvor das Standup-Paddling, kurz SUP, bei einer Hawai\u2019i-Reise kennen- und sch\u00e4tzengelernt, und [&hellip;]<\/p>\n","protected":false},"author":1,"featured_media":0,"comment_status":"open","ping_status":"open","sticky":false,"template":"","format":"standard","meta":{"jetpack_post_was_ever_published":false,"_jetpack_newsletter_access":"","_jetpack_dont_email_post_to_subs":false,"_jetpack_newsletter_tier_id":0,"_jetpack_memberships_contains_paywalled_content":false,"_jetpack_memberships_contains_paid_content":false,"footnotes":"","jetpack_publicize_message":"","jetpack_publicize_feature_enabled":true,"jetpack_social_post_already_shared":true,"jetpack_social_options":{"image_generator_settings":{"template":"highway","default_image_id":0,"font":"","enabled":false},"version":2}},"categories":[762,4],"tags":[763,765,766,42,764,767,6],"class_list":["post-6570","post","type-post","status-publish","format-standard","hentry","category-mikroabenteuer","category-wasser","tag-edersee","tag-gederner-see","tag-hessen","tag-main","tag-niddastausee","tag-standup-paddleboard","tag-sup"],"jetpack_publicize_connections":[],"jetpack_featured_media_url":"","jetpack_shortlink":"https:\/\/wp.me\/p4DyUk-1HY","jetpack-related-posts":[{"id":415,"url":"https:\/\/www.bechmann.org\/amphibium\/415\/","url_meta":{"origin":6570,"position":0},"title":"Im br\u00fcderlichen Ironblog, das sich\u2026","author":"Oliver","date":"3. August 2013","format":"aside","excerpt":"Im br\u00fcderlichen Ironblog, das sich Triathlon, Marathon und anderen Herausforderungen widmet, berichten wir - samt Bildergalerie - \u00fcber unsere erste Ausflugsfahrt mit SUP's auf dem Main. Dazu alles nach Klick auf diesen Link: Stand-up Paddling auf dem Main...","rel":"","context":"In &quot;Wasser&quot;","block_context":{"text":"Wasser","link":"https:\/\/www.bechmann.org\/amphibium\/category\/wasser\/"},"img":{"alt_text":"SUP auf dem Main","src":"https:\/\/i0.wp.com\/www.bechmann.org\/amphibium\/wp-content\/uploads\/supaufdemmain.png?resize=350%2C200","width":350,"height":200,"srcset":"https:\/\/i0.wp.com\/www.bechmann.org\/amphibium\/wp-content\/uploads\/supaufdemmain.png?resize=350%2C200 1x, https:\/\/i0.wp.com\/www.bechmann.org\/amphibium\/wp-content\/uploads\/supaufdemmain.png?resize=525%2C300 1.5x"},"classes":[]},{"id":6402,"url":"https:\/\/www.bechmann.org\/amphibium\/mikro-abenteuer-ii-hamburg-st-peter-ording\/","url_meta":{"origin":6570,"position":1},"title":"Mikro-Abenteuer II: Hamburg &#038; St. Peter-Ording","author":"Oliver","date":"17. August 2021","format":false,"excerpt":"Gr\u00f6\u00dfere Gel\u00e4nde-Reisemobile (wie ein Unimog) gelten manchen als \u201eLandyachten\u201c; und tats\u00e4chlich liegt der Vergleich mit einem Boot nahe. Tats\u00e4chlich hege ich eine nicht so geheime Liebe zu Booten, aber ebenso tats\u00e4chlich traue ich mir Hochsee-Navigation \u2013 und die daraus resultierende Verantwortung \u2013 nicht zu. Bei einer Landyacht kann man zudem\u2026","rel":"","context":"In &quot;Land&quot;","block_context":{"text":"Land","link":"https:\/\/www.bechmann.org\/amphibium\/category\/land\/"},"img":{"alt_text":"","src":"https:\/\/i0.wp.com\/www.bechmann.org\/amphibium\/wp-content\/uploads\/damph_00_3-2.jpg?resize=350%2C200&ssl=1","width":350,"height":200,"srcset":"https:\/\/i0.wp.com\/www.bechmann.org\/amphibium\/wp-content\/uploads\/damph_00_3-2.jpg?resize=350%2C200&ssl=1 1x, https:\/\/i0.wp.com\/www.bechmann.org\/amphibium\/wp-content\/uploads\/damph_00_3-2.jpg?resize=525%2C300&ssl=1 1.5x, https:\/\/i0.wp.com\/www.bechmann.org\/amphibium\/wp-content\/uploads\/damph_00_3-2.jpg?resize=700%2C400&ssl=1 2x, https:\/\/i0.wp.com\/www.bechmann.org\/amphibium\/wp-content\/uploads\/damph_00_3-2.jpg?resize=1050%2C600&ssl=1 3x, https:\/\/i0.wp.com\/www.bechmann.org\/amphibium\/wp-content\/uploads\/damph_00_3-2.jpg?resize=1400%2C800&ssl=1 4x"},"classes":[]},{"id":31,"url":"https:\/\/www.bechmann.org\/amphibium\/sup-auf-dem-kinzigsee\/","url_meta":{"origin":6570,"position":2},"title":"Stand-up Paddling auf dem Kinzigsee","author":"Oliver","date":"24. August 2014","format":false,"excerpt":"Auf einem Stand-Up Paddling Board einen See zu umrunden, nahe am Ufer, am Schilf, ist eine geradezu meditative Form der Fortbewegung. Wenn man einen Versuch unternehmen will, den so genannten Flow zu erleben, hat man beim SUP gute Chancen, diesen Zustand ansatz- und ann\u00e4herungsweise zu erleben. Unabh\u00e4ngig vom Flow kann\u2026","rel":"","context":"In &quot;Wasser&quot;","block_context":{"text":"Wasser","link":"https:\/\/www.bechmann.org\/amphibium\/category\/wasser\/"},"img":{"alt_text":"","src":"https:\/\/i0.wp.com\/www.bechmann.org\/amphibium\/wp-content\/uploads\/supkinzigsee01.jpg?resize=350%2C200","width":350,"height":200,"srcset":"https:\/\/i0.wp.com\/www.bechmann.org\/amphibium\/wp-content\/uploads\/supkinzigsee01.jpg?resize=350%2C200 1x, https:\/\/i0.wp.com\/www.bechmann.org\/amphibium\/wp-content\/uploads\/supkinzigsee01.jpg?resize=525%2C300 1.5x, https:\/\/i0.wp.com\/www.bechmann.org\/amphibium\/wp-content\/uploads\/supkinzigsee01.jpg?resize=700%2C400 2x, https:\/\/i0.wp.com\/www.bechmann.org\/amphibium\/wp-content\/uploads\/supkinzigsee01.jpg?resize=1050%2C600 3x, https:\/\/i0.wp.com\/www.bechmann.org\/amphibium\/wp-content\/uploads\/supkinzigsee01.jpg?resize=1400%2C800 4x"},"classes":[]},{"id":6597,"url":"https:\/\/www.bechmann.org\/amphibium\/ranger-und-bitibulli-im-boesen-wolf\/","url_meta":{"origin":6570,"position":3},"title":"Mikroabenteuer VI: Ranger und Bitibulli im &#8222;B\u00f6sen Wolf&#8220;","author":"Oliver","date":"13. August 2022","format":false,"excerpt":"VW T5 Bus im Offroad-Gel\u00e4nde \"B\u00f6ser Wolf\". Noch Sommer, bald Herbst. Beates VW Bulli mit Offroad-F\u00e4higkeiten bereichert unseren kleinen Fuhrpark an Zweisitzern seit einiger Zeit - und da will man nat\u00fcrlich wissen, wie der T5 namens \"Rocky\" (weil er einem T5 Rockton gleicht, ohne formell einer zu sein) seine grobstolligen\u2026","rel":"","context":"In &quot;Land&quot;","block_context":{"text":"Land","link":"https:\/\/www.bechmann.org\/amphibium\/category\/land\/"},"img":{"alt_text":"","src":"https:\/\/i0.wp.com\/www.bechmann.org\/amphibium\/wp-content\/uploads\/damph_wolf00_1.jpg?resize=350%2C200","width":350,"height":200,"srcset":"https:\/\/i0.wp.com\/www.bechmann.org\/amphibium\/wp-content\/uploads\/damph_wolf00_1.jpg?resize=350%2C200 1x, https:\/\/i0.wp.com\/www.bechmann.org\/amphibium\/wp-content\/uploads\/damph_wolf00_1.jpg?resize=525%2C300 1.5x, https:\/\/i0.wp.com\/www.bechmann.org\/amphibium\/wp-content\/uploads\/damph_wolf00_1.jpg?resize=700%2C400 2x, https:\/\/i0.wp.com\/www.bechmann.org\/amphibium\/wp-content\/uploads\/damph_wolf00_1.jpg?resize=1050%2C600 3x, https:\/\/i0.wp.com\/www.bechmann.org\/amphibium\/wp-content\/uploads\/damph_wolf00_1.jpg?resize=1400%2C800 4x"},"classes":[]},{"id":6322,"url":"https:\/\/www.bechmann.org\/amphibium\/mikro-abenteuer-i-uckermark\/","url_meta":{"origin":6570,"position":4},"title":"Mikro-Abenteuer I: Uckermark","author":"Oliver","date":"21. Juli 2021","format":false,"excerpt":"Wenn man Offroad-Reisen im s\u00fcdlichen und n\u00f6rdlichen Afrika unternommen hat \u2013 oder auch in Island, in den Pyren\u00e4en und in der nordgriechisch-albanischen Grenzregion, dann erscheint einem Deutschland als wenig herausfordernd, wenn man mit einem Gel\u00e4ndefahrzeug unterwegs ist. Nat\u00fcrlich gibt es Offroad-Parks in meist ehemaligen Tagebaugebieten \u2013 aber die sind halt\u2026","rel":"","context":"In &quot;Land&quot;","block_context":{"text":"Land","link":"https:\/\/www.bechmann.org\/amphibium\/category\/land\/"},"img":{"alt_text":"","src":"https:\/\/i0.wp.com\/www.bechmann.org\/amphibium\/wp-content\/uploads\/damph_00-1.jpg?resize=350%2C200&ssl=1","width":350,"height":200,"srcset":"https:\/\/i0.wp.com\/www.bechmann.org\/amphibium\/wp-content\/uploads\/damph_00-1.jpg?resize=350%2C200&ssl=1 1x, https:\/\/i0.wp.com\/www.bechmann.org\/amphibium\/wp-content\/uploads\/damph_00-1.jpg?resize=525%2C300&ssl=1 1.5x, https:\/\/i0.wp.com\/www.bechmann.org\/amphibium\/wp-content\/uploads\/damph_00-1.jpg?resize=700%2C400&ssl=1 2x, https:\/\/i0.wp.com\/www.bechmann.org\/amphibium\/wp-content\/uploads\/damph_00-1.jpg?resize=1050%2C600&ssl=1 3x, https:\/\/i0.wp.com\/www.bechmann.org\/amphibium\/wp-content\/uploads\/damph_00-1.jpg?resize=1400%2C800&ssl=1 4x"},"classes":[]},{"id":7062,"url":"https:\/\/www.bechmann.org\/amphibium\/pueblos-abandonados-iii-gruselorte-und-graffiti\/","url_meta":{"origin":6570,"position":5},"title":"Gruselorte &#038; Graffiti","author":"Oliver","date":"30. Mai 2023","format":false,"excerpt":"Nahezu alleine sind wir auf einem offiziellen Womo-Stellplatz in Aoitz - der eigentlich nur aus einem Parkstreifen am Rande einer Wohnstra\u00dfe in einem kleinen s\u00fcdlichen Viertel besteht. Die Anwohner dort m\u00f6gen wohl die Idee der Stadtverwaltung, ein bisschen Geld mit Wohnmobilisten und Vanlifern zu verdienen, nicht sonderlich - in den\u2026","rel":"","context":"In &quot;Land&quot;","block_context":{"text":"Land","link":"https:\/\/www.bechmann.org\/amphibium\/category\/land\/"},"img":{"alt_text":"","src":"https:\/\/i0.wp.com\/www.bechmann.org\/amphibium\/wp-content\/uploads\/P1080466.jpg?resize=350%2C200&ssl=1","width":350,"height":200,"srcset":"https:\/\/i0.wp.com\/www.bechmann.org\/amphibium\/wp-content\/uploads\/P1080466.jpg?resize=350%2C200&ssl=1 1x, https:\/\/i0.wp.com\/www.bechmann.org\/amphibium\/wp-content\/uploads\/P1080466.jpg?resize=525%2C300&ssl=1 1.5x, https:\/\/i0.wp.com\/www.bechmann.org\/amphibium\/wp-content\/uploads\/P1080466.jpg?resize=700%2C400&ssl=1 2x, https:\/\/i0.wp.com\/www.bechmann.org\/amphibium\/wp-content\/uploads\/P1080466.jpg?resize=1050%2C600&ssl=1 3x, https:\/\/i0.wp.com\/www.bechmann.org\/amphibium\/wp-content\/uploads\/P1080466.jpg?resize=1400%2C800&ssl=1 4x"},"classes":[]}],"jetpack_sharing_enabled":true,"_links":{"self":[{"href":"https:\/\/www.bechmann.org\/amphibium\/wp-json\/wp\/v2\/posts\/6570","targetHints":{"allow":["GET"]}}],"collection":[{"href":"https:\/\/www.bechmann.org\/amphibium\/wp-json\/wp\/v2\/posts"}],"about":[{"href":"https:\/\/www.bechmann.org\/amphibium\/wp-json\/wp\/v2\/types\/post"}],"author":[{"embeddable":true,"href":"https:\/\/www.bechmann.org\/amphibium\/wp-json\/wp\/v2\/users\/1"}],"replies":[{"embeddable":true,"href":"https:\/\/www.bechmann.org\/amphibium\/wp-json\/wp\/v2\/comments?post=6570"}],"version-history":[{"count":7,"href":"https:\/\/www.bechmann.org\/amphibium\/wp-json\/wp\/v2\/posts\/6570\/revisions"}],"predecessor-version":[{"id":6596,"href":"https:\/\/www.bechmann.org\/amphibium\/wp-json\/wp\/v2\/posts\/6570\/revisions\/6596"}],"wp:attachment":[{"href":"https:\/\/www.bechmann.org\/amphibium\/wp-json\/wp\/v2\/media?parent=6570"}],"wp:term":[{"taxonomy":"category","embeddable":true,"href":"https:\/\/www.bechmann.org\/amphibium\/wp-json\/wp\/v2\/categories?post=6570"},{"taxonomy":"post_tag","embeddable":true,"href":"https:\/\/www.bechmann.org\/amphibium\/wp-json\/wp\/v2\/tags?post=6570"}],"curies":[{"name":"wp","href":"https:\/\/api.w.org\/{rel}","templated":true}]}}