{"id":6,"date":"2014-05-05T10:09:46","date_gmt":"2014-05-05T08:09:46","guid":{"rendered":"http:\/\/www.bechmann.org\/amphibium\/?p=6"},"modified":"2014-12-30T21:49:51","modified_gmt":"2014-12-30T20:49:51","slug":"dass-dir-rose-dir-ein-beispiel-gebe","status":"publish","type":"post","link":"https:\/\/www.bechmann.org\/amphibium\/dass-dir-rose-dir-ein-beispiel-gebe\/","title":{"rendered":"Dass die Rose dir ein Beispiel gebe"},"content":{"rendered":"<div id=\"attachment_454\" style=\"width: 950px\" class=\"wp-caption alignnone\"><img data-recalc-dims=\"1\" loading=\"lazy\" decoding=\"async\" aria-describedby=\"caption-attachment-454\" data-attachment-id=\"454\" data-permalink=\"https:\/\/www.bechmann.org\/amphibium\/dass-dir-rose-dir-ein-beispiel-gebe\/marokko2014-13\/\" data-orig-file=\"https:\/\/i0.wp.com\/www.bechmann.org\/amphibium\/wp-content\/uploads\/Marokko2014-13.jpg?fit=1200%2C896&amp;ssl=1\" data-orig-size=\"1200,896\" data-comments-opened=\"0\" data-image-meta=\"{&quot;aperture&quot;:&quot;0&quot;,&quot;credit&quot;:&quot;&quot;,&quot;camera&quot;:&quot;&quot;,&quot;caption&quot;:&quot;&quot;,&quot;created_timestamp&quot;:&quot;0&quot;,&quot;copyright&quot;:&quot;&quot;,&quot;focal_length&quot;:&quot;0&quot;,&quot;iso&quot;:&quot;0&quot;,&quot;shutter_speed&quot;:&quot;0&quot;,&quot;title&quot;:&quot;&quot;,&quot;orientation&quot;:&quot;0&quot;}\" data-image-title=\"Marokko2014-13\" data-image-description=\"&lt;p&gt;Acht Erwachsene, vier Kinder, drei Fahrzeuge \u2013 rechts der IFA-Lkw, mittig ein Iveco-Magirus und links unser Landy \u2013 im Funkverkehr \u201cPapamobil\u201d, \u201cMamamobil\u201d und \u201cBabymobil\u201d genannt.&lt;\/p&gt;\n\" data-image-caption=\"&lt;p&gt;Unser kleiner Konvoi \u2013 zwei 4\u00d74 Lkw und ein Land Rover Defender 90&lt;\/p&gt;\n\" data-large-file=\"https:\/\/i0.wp.com\/www.bechmann.org\/amphibium\/wp-content\/uploads\/Marokko2014-13.jpg?fit=625%2C466&amp;ssl=1\" class=\"size-large wp-image-454\" src=\"https:\/\/i0.wp.com\/www.bechmann.org\/amphibium\/wp-content\/uploads\/Marokko2014-13.jpg?resize=625%2C466&#038;ssl=1\" alt=\"Allrad-Lkws und Land Rover Defender\" width=\"625\" height=\"466\" srcset=\"https:\/\/i0.wp.com\/www.bechmann.org\/amphibium\/wp-content\/uploads\/Marokko2014-13.jpg?resize=1024%2C764&amp;ssl=1 1024w, https:\/\/i0.wp.com\/www.bechmann.org\/amphibium\/wp-content\/uploads\/Marokko2014-13.jpg?resize=300%2C224&amp;ssl=1 300w, https:\/\/i0.wp.com\/www.bechmann.org\/amphibium\/wp-content\/uploads\/Marokko2014-13.jpg?resize=401%2C300&amp;ssl=1 401w, https:\/\/i0.wp.com\/www.bechmann.org\/amphibium\/wp-content\/uploads\/Marokko2014-13.jpg?w=1200&amp;ssl=1 1200w\" sizes=\"auto, (max-width: 625px) 100vw, 625px\" \/><p id=\"caption-attachment-454\" class=\"wp-caption-text\">Unser kleiner Konvoi \u2013 zwei 4\u00d74 Lkw und ein Land Rover Defender 90<\/p><\/div>\n<p>Zur\u00fcck von unserer Marokko-Tour vom 6.-28. April; eine besondere Herausforderung, die wir\u00a0mit der Z\u00e4higkeit von\u00a0\u00a0(Ex-)Triathleten gut zu \u00fcberstehen wussten: Mehr als zwei Tage jeweils Hin- und R\u00fcckfahrt mit der F\u00e4hre, dann ging es in Tanger Med los &#8211; \u00fcber Chefchaouen, Fes, Modelt, Imilchil in die Sahara-Ausl\u00e4ufer bei Zagora und \u00fcber den Atlas zur\u00fcck nach Marrakesch und schlie\u00dflich wieder zum F\u00e4hrhafen Tanger Med.<\/p>\n<p>Dazwischen kalte N\u00e4chte und hei\u00dfe Tage, Mensch und Material zerm\u00fcrbende Stein- &amp; Schotterpisten, Sandd\u00fcnen, gelegentliche Steinw\u00fcrfe nach uns, Schlauchabriss und \u00d6lverlust, D\u00fcnenspiele, Sonnenstich, \u00dcbelkeit, Erbrechen, Erk\u00e4ltung, Fieber, auf einer Etappe der Libya-Rallye (2014 Morocco Edition) gelandet und &#8222;get lost&#8220; im Labyrinth der Souks und immer, immer ein Anleger-Bier nach Ankunft am Etappenziel. Ehefrau und Mitreisende Beate hat dazu ein Video aus ihren Fotos und Filmen zusammengeschnitten:<\/p>\n<p><iframe loading=\"lazy\" src=\"\/\/player.vimeo.com\/video\/115657021?byline=0&amp;portrait=0\" width=\"680\" height=\"510\" frameborder=\"0\" allowfullscreen=\"allowfullscreen\"><\/iframe><\/p>\n<p>Wem es zu lange dauert, die 17-min\u00fctige Video-Zusammenfassung anzusehen, dem sei eine kleine Bildergalerie empfohlen&#8230;<\/p>\n<p><!--more--><\/p>\n<p>(Auf die Bilder klicken, um zu einer gr\u00f6\u00dferen Version und Bilderl\u00e4uterungen in einer Galerie zu gelangen&#8230;)<\/p>\n<div class=\"tiled-gallery type-rectangular tiled-gallery-unresized\" data-original-width=\"625\" data-carousel-extra='{&quot;blog_id&quot;:1,&quot;permalink&quot;:&quot;https:\\\/\\\/www.bechmann.org\\\/amphibium\\\/dass-dir-rose-dir-ein-beispiel-gebe\\\/&quot;,&quot;likes_blog_id&quot;:68534324}' itemscope itemtype=\"http:\/\/schema.org\/ImageGallery\" > <div class=\"gallery-row\" style=\"width: 625px; height: 516px;\" data-original-width=\"625\" data-original-height=\"516\" > <div class=\"gallery-group images-1\" style=\"width: 388px; height: 516px;\" data-original-width=\"388\" data-original-height=\"516\" > <div class=\"tiled-gallery-item tiled-gallery-item-large\" itemprop=\"associatedMedia\" itemscope itemtype=\"http:\/\/schema.org\/ImageObject\"> <a href=\"https:\/\/www.bechmann.org\/amphibium\/dass-dir-rose-dir-ein-beispiel-gebe\/marokko2014-14\/\" border=\"0\" itemprop=\"url\"> <meta itemprop=\"width\" content=\"384\"> <meta itemprop=\"height\" content=\"512\"> <img decoding=\"async\" class=\"\" data-attachment-id=\"455\" data-orig-file=\"https:\/\/www.bechmann.org\/amphibium\/wp-content\/uploads\/Marokko2014-14.jpg\" data-orig-size=\"900,1200\" data-comments-opened=\"\" data-image-meta=\"{&quot;aperture&quot;:&quot;0&quot;,&quot;credit&quot;:&quot;&quot;,&quot;camera&quot;:&quot;&quot;,&quot;caption&quot;:&quot;&quot;,&quot;created_timestamp&quot;:&quot;0&quot;,&quot;copyright&quot;:&quot;&quot;,&quot;focal_length&quot;:&quot;0&quot;,&quot;iso&quot;:&quot;0&quot;,&quot;shutter_speed&quot;:&quot;0&quot;,&quot;title&quot;:&quot;&quot;,&quot;orientation&quot;:&quot;0&quot;}\" data-image-title=\"Marokko2014-14\" data-image-description=\"&lt;p&gt;Ein Hafis-Poem in einem Riyadh in Zagora. Was will uns der Dichter sagen? Dass es nur eine Art zu leben gibt: Hier. Jetzt. In diesem Moment.&lt;\/p&gt; \" data-medium-file=\"https:\/\/i0.wp.com\/www.bechmann.org\/amphibium\/wp-content\/uploads\/Marokko2014-14.jpg?fit=225%2C300&#038;ssl=1\" data-large-file=\"https:\/\/i0.wp.com\/www.bechmann.org\/amphibium\/wp-content\/uploads\/Marokko2014-14.jpg?fit=625%2C833&#038;ssl=1\" src=\"https:\/\/i0.wp.com\/www.bechmann.org\/amphibium\/wp-content\/uploads\/Marokko2014-14.jpg?w=384&#038;h=512&#038;ssl=1\" srcset=\"https:\/\/i0.wp.com\/www.bechmann.org\/amphibium\/wp-content\/uploads\/Marokko2014-14.jpg?w=900&amp;ssl=1 900w, https:\/\/i0.wp.com\/www.bechmann.org\/amphibium\/wp-content\/uploads\/Marokko2014-14.jpg?resize=225%2C300&amp;ssl=1 225w, https:\/\/i0.wp.com\/www.bechmann.org\/amphibium\/wp-content\/uploads\/Marokko2014-14.jpg?resize=768%2C1024&amp;ssl=1 768w\" width=\"384\" height=\"512\" loading=\"lazy\" data-original-width=\"384\" data-original-height=\"512\" itemprop=\"http:\/\/schema.org\/image\" title=\"Marokko2014-14\" alt=\"Hafis-Poem\" style=\"width: 384px; height: 512px;\" \/> <\/a> <div class=\"tiled-gallery-caption\" itemprop=\"caption description\"> Poem des Dichters Hafis <\/div> <\/div> <\/div> <!-- close group --> <div class=\"gallery-group images-3\" style=\"width: 237px; height: 516px;\" data-original-width=\"237\" data-original-height=\"516\" > <div class=\"tiled-gallery-item tiled-gallery-item-small\" itemprop=\"associatedMedia\" itemscope itemtype=\"http:\/\/schema.org\/ImageObject\"> <a href=\"https:\/\/www.bechmann.org\/amphibium\/dass-dir-rose-dir-ein-beispiel-gebe\/marokko2014-1\/\" border=\"0\" itemprop=\"url\"> <meta itemprop=\"width\" content=\"233\"> <meta itemprop=\"height\" content=\"154\"> <img decoding=\"async\" class=\"\" data-attachment-id=\"443\" data-orig-file=\"https:\/\/www.bechmann.org\/amphibium\/wp-content\/uploads\/Marokko2014-1.jpg\" data-orig-size=\"1200,793\" data-comments-opened=\"\" data-image-meta=\"{&quot;aperture&quot;:&quot;0&quot;,&quot;credit&quot;:&quot;&quot;,&quot;camera&quot;:&quot;&quot;,&quot;caption&quot;:&quot;&quot;,&quot;created_timestamp&quot;:&quot;0&quot;,&quot;copyright&quot;:&quot;&quot;,&quot;focal_length&quot;:&quot;0&quot;,&quot;iso&quot;:&quot;0&quot;,&quot;shutter_speed&quot;:&quot;0&quot;,&quot;title&quot;:&quot;&quot;,&quot;orientation&quot;:&quot;0&quot;}\" data-image-title=\"Marokko2014-1\" data-image-description=\"&lt;p&gt;Was hierzulande weggeworfen wird, sammeln marokkanische H\u00e4ndler ein und verkaufen es in ihrem Heimatland.&lt;\/p&gt; \" data-medium-file=\"https:\/\/i0.wp.com\/www.bechmann.org\/amphibium\/wp-content\/uploads\/Marokko2014-1.jpg?fit=300%2C198&#038;ssl=1\" data-large-file=\"https:\/\/i0.wp.com\/www.bechmann.org\/amphibium\/wp-content\/uploads\/Marokko2014-1.jpg?fit=625%2C413&#038;ssl=1\" src=\"https:\/\/i0.wp.com\/www.bechmann.org\/amphibium\/wp-content\/uploads\/Marokko2014-1.jpg?w=233&#038;h=154&#038;ssl=1\" srcset=\"https:\/\/i0.wp.com\/www.bechmann.org\/amphibium\/wp-content\/uploads\/Marokko2014-1.jpg?w=1200&amp;ssl=1 1200w, https:\/\/i0.wp.com\/www.bechmann.org\/amphibium\/wp-content\/uploads\/Marokko2014-1.jpg?resize=300%2C198&amp;ssl=1 300w, https:\/\/i0.wp.com\/www.bechmann.org\/amphibium\/wp-content\/uploads\/Marokko2014-1.jpg?resize=1024%2C676&amp;ssl=1 1024w, https:\/\/i0.wp.com\/www.bechmann.org\/amphibium\/wp-content\/uploads\/Marokko2014-1.jpg?resize=453%2C300&amp;ssl=1 453w\" width=\"233\" height=\"154\" loading=\"lazy\" data-original-width=\"233\" data-original-height=\"154\" itemprop=\"http:\/\/schema.org\/image\" title=\"Marokko2014-1\" alt=\"Hafen von Genua\" style=\"width: 233px; height: 154px;\" \/> <\/a> <div class=\"tiled-gallery-caption\" itemprop=\"caption description\"> H\u00e4ndler-Transporter im Hafen von Genua <\/div> <\/div> <div class=\"tiled-gallery-item tiled-gallery-item-small\" itemprop=\"associatedMedia\" itemscope itemtype=\"http:\/\/schema.org\/ImageObject\"> <a href=\"https:\/\/www.bechmann.org\/amphibium\/dass-dir-rose-dir-ein-beispiel-gebe\/marokko2014-13\/\" border=\"0\" itemprop=\"url\"> <meta itemprop=\"width\" content=\"233\"> <meta itemprop=\"height\" content=\"175\"> <img decoding=\"async\" class=\"\" data-attachment-id=\"454\" data-orig-file=\"https:\/\/www.bechmann.org\/amphibium\/wp-content\/uploads\/Marokko2014-13.jpg\" data-orig-size=\"1200,896\" data-comments-opened=\"\" data-image-meta=\"{&quot;aperture&quot;:&quot;0&quot;,&quot;credit&quot;:&quot;&quot;,&quot;camera&quot;:&quot;&quot;,&quot;caption&quot;:&quot;&quot;,&quot;created_timestamp&quot;:&quot;0&quot;,&quot;copyright&quot;:&quot;&quot;,&quot;focal_length&quot;:&quot;0&quot;,&quot;iso&quot;:&quot;0&quot;,&quot;shutter_speed&quot;:&quot;0&quot;,&quot;title&quot;:&quot;&quot;,&quot;orientation&quot;:&quot;0&quot;}\" data-image-title=\"Marokko2014-13\" data-image-description=\"&lt;p&gt;Acht Erwachsene, vier Kinder, drei Fahrzeuge \u2013 rechts der IFA-Lkw, mittig ein Iveco-Magirus und links unser Landy \u2013 im Funkverkehr \u201cPapamobil\u201d, \u201cMamamobil\u201d und \u201cBabymobil\u201d genannt.&lt;\/p&gt; \" data-medium-file=\"https:\/\/i0.wp.com\/www.bechmann.org\/amphibium\/wp-content\/uploads\/Marokko2014-13.jpg?fit=300%2C224&#038;ssl=1\" data-large-file=\"https:\/\/i0.wp.com\/www.bechmann.org\/amphibium\/wp-content\/uploads\/Marokko2014-13.jpg?fit=625%2C466&#038;ssl=1\" src=\"https:\/\/i0.wp.com\/www.bechmann.org\/amphibium\/wp-content\/uploads\/Marokko2014-13.jpg?w=233&#038;h=175&#038;ssl=1\" srcset=\"https:\/\/i0.wp.com\/www.bechmann.org\/amphibium\/wp-content\/uploads\/Marokko2014-13.jpg?w=1200&amp;ssl=1 1200w, https:\/\/i0.wp.com\/www.bechmann.org\/amphibium\/wp-content\/uploads\/Marokko2014-13.jpg?resize=300%2C224&amp;ssl=1 300w, https:\/\/i0.wp.com\/www.bechmann.org\/amphibium\/wp-content\/uploads\/Marokko2014-13.jpg?resize=1024%2C764&amp;ssl=1 1024w, https:\/\/i0.wp.com\/www.bechmann.org\/amphibium\/wp-content\/uploads\/Marokko2014-13.jpg?resize=401%2C300&amp;ssl=1 401w\" width=\"233\" height=\"175\" loading=\"lazy\" data-original-width=\"233\" data-original-height=\"175\" itemprop=\"http:\/\/schema.org\/image\" title=\"Marokko2014-13\" alt=\"Allrad-Lkws und Land Rover Defender\" style=\"width: 233px; height: 175px;\" \/> <\/a> <div class=\"tiled-gallery-caption\" itemprop=\"caption description\"> Unser kleiner Konvoi \u2013 zwei 4\u00d74 Lkw und ein Land Rover Defender 90 <\/div> <\/div> <div class=\"tiled-gallery-item tiled-gallery-item-small\" itemprop=\"associatedMedia\" itemscope itemtype=\"http:\/\/schema.org\/ImageObject\"> <a href=\"https:\/\/www.bechmann.org\/amphibium\/dass-dir-rose-dir-ein-beispiel-gebe\/marokko2014-12\/\" border=\"0\" itemprop=\"url\"> <meta itemprop=\"width\" content=\"233\"> <meta itemprop=\"height\" content=\"175\"> <img decoding=\"async\" class=\"\" data-attachment-id=\"453\" data-orig-file=\"https:\/\/www.bechmann.org\/amphibium\/wp-content\/uploads\/Marokko2014-12.jpg\" data-orig-size=\"1200,900\" data-comments-opened=\"\" data-image-meta=\"{&quot;aperture&quot;:&quot;0&quot;,&quot;credit&quot;:&quot;&quot;,&quot;camera&quot;:&quot;&quot;,&quot;caption&quot;:&quot;&quot;,&quot;created_timestamp&quot;:&quot;0&quot;,&quot;copyright&quot;:&quot;&quot;,&quot;focal_length&quot;:&quot;0&quot;,&quot;iso&quot;:&quot;0&quot;,&quot;shutter_speed&quot;:&quot;0&quot;,&quot;title&quot;:&quot;&quot;,&quot;orientation&quot;:&quot;0&quot;}\" data-image-title=\"Marokko2014-12\" data-image-description=\"&lt;p&gt;Unverw\u00fcstlich \u00fcber Stock &amp;#038; Stein, daf\u00fcr au\u00dfen verdreckt und viel mehr noch innen v\u00f6llig eingestaubt mit \u201cMarokko-Puder\u201d. Sp\u00e4testens nach dem Sandsturm nicht mehr sauber zu kriegen\u2026&lt;\/p&gt; \" data-medium-file=\"https:\/\/i0.wp.com\/www.bechmann.org\/amphibium\/wp-content\/uploads\/Marokko2014-12.jpg?fit=300%2C225&#038;ssl=1\" data-large-file=\"https:\/\/i0.wp.com\/www.bechmann.org\/amphibium\/wp-content\/uploads\/Marokko2014-12.jpg?fit=625%2C469&#038;ssl=1\" src=\"https:\/\/i0.wp.com\/www.bechmann.org\/amphibium\/wp-content\/uploads\/Marokko2014-12.jpg?w=233&#038;h=175&#038;ssl=1\" srcset=\"https:\/\/i0.wp.com\/www.bechmann.org\/amphibium\/wp-content\/uploads\/Marokko2014-12.jpg?w=1200&amp;ssl=1 1200w, https:\/\/i0.wp.com\/www.bechmann.org\/amphibium\/wp-content\/uploads\/Marokko2014-12.jpg?resize=300%2C225&amp;ssl=1 300w, https:\/\/i0.wp.com\/www.bechmann.org\/amphibium\/wp-content\/uploads\/Marokko2014-12.jpg?resize=1024%2C768&amp;ssl=1 1024w, https:\/\/i0.wp.com\/www.bechmann.org\/amphibium\/wp-content\/uploads\/Marokko2014-12.jpg?resize=400%2C300&amp;ssl=1 400w\" width=\"233\" height=\"175\" loading=\"lazy\" data-original-width=\"233\" data-original-height=\"175\" itemprop=\"http:\/\/schema.org\/image\" title=\"Marokko2014-12\" alt=\"Landy\" style=\"width: 233px; height: 175px;\" \/> <\/a> <div class=\"tiled-gallery-caption\" itemprop=\"caption description\"> Landy \u2013 the power to go anywhere <\/div> <\/div> <\/div> <!-- close group --> <\/div> <!-- close row --> <div class=\"gallery-row\" style=\"width: 625px; height: 394px;\" data-original-width=\"625\" data-original-height=\"394\" > <div class=\"gallery-group images-3\" style=\"width: 181px; height: 394px;\" data-original-width=\"181\" data-original-height=\"394\" > <div class=\"tiled-gallery-item tiled-gallery-item-small\" itemprop=\"associatedMedia\" itemscope itemtype=\"http:\/\/schema.org\/ImageObject\"> <a href=\"https:\/\/www.bechmann.org\/amphibium\/dass-dir-rose-dir-ein-beispiel-gebe\/marokko2014-4\/\" border=\"0\" itemprop=\"url\"> <meta itemprop=\"width\" content=\"177\"> <meta itemprop=\"height\" content=\"132\"> <img decoding=\"async\" class=\"\" data-attachment-id=\"445\" data-orig-file=\"https:\/\/www.bechmann.org\/amphibium\/wp-content\/uploads\/Marokko2014-4.jpg\" data-orig-size=\"1200,900\" data-comments-opened=\"\" data-image-meta=\"{&quot;aperture&quot;:&quot;0&quot;,&quot;credit&quot;:&quot;&quot;,&quot;camera&quot;:&quot;&quot;,&quot;caption&quot;:&quot;&quot;,&quot;created_timestamp&quot;:&quot;0&quot;,&quot;copyright&quot;:&quot;&quot;,&quot;focal_length&quot;:&quot;0&quot;,&quot;iso&quot;:&quot;0&quot;,&quot;shutter_speed&quot;:&quot;0&quot;,&quot;title&quot;:&quot;&quot;,&quot;orientation&quot;:&quot;0&quot;}\" data-image-title=\"Marokko2014-4\" data-image-description=\"&lt;p&gt;Zwei Offroad-Lkws mit Wohnkoffer und ein 90er Defender mit Plane \u2013 da liegt schon eine ziemliche Diskrepanz im \u201cWohnkomfort\u201d dazwischen. Daf\u00fcr war der Landy deutlich schneller und wendiger.&lt;\/p&gt; \" data-medium-file=\"https:\/\/i0.wp.com\/www.bechmann.org\/amphibium\/wp-content\/uploads\/Marokko2014-4.jpg?fit=300%2C225&#038;ssl=1\" data-large-file=\"https:\/\/i0.wp.com\/www.bechmann.org\/amphibium\/wp-content\/uploads\/Marokko2014-4.jpg?fit=625%2C469&#038;ssl=1\" src=\"https:\/\/i0.wp.com\/www.bechmann.org\/amphibium\/wp-content\/uploads\/Marokko2014-4.jpg?w=177&#038;h=132&#038;ssl=1\" srcset=\"https:\/\/i0.wp.com\/www.bechmann.org\/amphibium\/wp-content\/uploads\/Marokko2014-4.jpg?w=1200&amp;ssl=1 1200w, https:\/\/i0.wp.com\/www.bechmann.org\/amphibium\/wp-content\/uploads\/Marokko2014-4.jpg?resize=300%2C225&amp;ssl=1 300w, https:\/\/i0.wp.com\/www.bechmann.org\/amphibium\/wp-content\/uploads\/Marokko2014-4.jpg?resize=1024%2C768&amp;ssl=1 1024w, https:\/\/i0.wp.com\/www.bechmann.org\/amphibium\/wp-content\/uploads\/Marokko2014-4.jpg?resize=400%2C300&amp;ssl=1 400w\" width=\"177\" height=\"132\" loading=\"lazy\" data-original-width=\"177\" data-original-height=\"132\" itemprop=\"http:\/\/schema.org\/image\" title=\"Marokko2014-4\" alt=\"Allrad-Lkw und Land Rover Defender\" style=\"width: 177px; height: 132px;\" \/> <\/a> <div class=\"tiled-gallery-caption\" itemprop=\"caption description\"> Papamobil und Mamamobil nehmen Babymobil in die Mitte <\/div> <\/div> <div class=\"tiled-gallery-item tiled-gallery-item-small\" itemprop=\"associatedMedia\" itemscope itemtype=\"http:\/\/schema.org\/ImageObject\"> <a href=\"https:\/\/www.bechmann.org\/amphibium\/dass-dir-rose-dir-ein-beispiel-gebe\/marokko2014-5\/\" border=\"0\" itemprop=\"url\"> <meta itemprop=\"width\" content=\"177\"> <meta itemprop=\"height\" content=\"132\"> <img decoding=\"async\" class=\"\" data-attachment-id=\"446\" data-orig-file=\"https:\/\/www.bechmann.org\/amphibium\/wp-content\/uploads\/Marokko2014-5.jpg\" data-orig-size=\"1200,900\" data-comments-opened=\"\" data-image-meta=\"{&quot;aperture&quot;:&quot;0&quot;,&quot;credit&quot;:&quot;&quot;,&quot;camera&quot;:&quot;&quot;,&quot;caption&quot;:&quot;&quot;,&quot;created_timestamp&quot;:&quot;0&quot;,&quot;copyright&quot;:&quot;&quot;,&quot;focal_length&quot;:&quot;0&quot;,&quot;iso&quot;:&quot;0&quot;,&quot;shutter_speed&quot;:&quot;0&quot;,&quot;title&quot;:&quot;&quot;,&quot;orientation&quot;:&quot;0&quot;}\" data-image-title=\"Marokko2014-5\" data-image-description=\"&lt;p&gt;Noch weniger Komfort, rund ums Jahr auf Wanderschaft: Berber-Nomaden mit ihren Schafen sind in diesen Zelten unterwegs.&lt;\/p&gt; \" data-medium-file=\"https:\/\/i0.wp.com\/www.bechmann.org\/amphibium\/wp-content\/uploads\/Marokko2014-5.jpg?fit=300%2C225&#038;ssl=1\" data-large-file=\"https:\/\/i0.wp.com\/www.bechmann.org\/amphibium\/wp-content\/uploads\/Marokko2014-5.jpg?fit=625%2C469&#038;ssl=1\" src=\"https:\/\/i0.wp.com\/www.bechmann.org\/amphibium\/wp-content\/uploads\/Marokko2014-5.jpg?w=177&#038;h=132&#038;ssl=1\" srcset=\"https:\/\/i0.wp.com\/www.bechmann.org\/amphibium\/wp-content\/uploads\/Marokko2014-5.jpg?w=1200&amp;ssl=1 1200w, https:\/\/i0.wp.com\/www.bechmann.org\/amphibium\/wp-content\/uploads\/Marokko2014-5.jpg?resize=300%2C225&amp;ssl=1 300w, https:\/\/i0.wp.com\/www.bechmann.org\/amphibium\/wp-content\/uploads\/Marokko2014-5.jpg?resize=1024%2C768&amp;ssl=1 1024w, https:\/\/i0.wp.com\/www.bechmann.org\/amphibium\/wp-content\/uploads\/Marokko2014-5.jpg?resize=400%2C300&amp;ssl=1 400w\" width=\"177\" height=\"132\" loading=\"lazy\" data-original-width=\"177\" data-original-height=\"132\" itemprop=\"http:\/\/schema.org\/image\" title=\"Marokko2014-5\" alt=\"Zelt von Berber-Hirten\" style=\"width: 177px; height: 132px;\" \/> <\/a> <div class=\"tiled-gallery-caption\" itemprop=\"caption description\"> Zelt von Berber-Hirten <\/div> <\/div> <div class=\"tiled-gallery-item tiled-gallery-item-small\" itemprop=\"associatedMedia\" itemscope itemtype=\"http:\/\/schema.org\/ImageObject\"> <a href=\"https:\/\/www.bechmann.org\/amphibium\/dass-dir-rose-dir-ein-beispiel-gebe\/marokko2014-22\/\" border=\"0\" itemprop=\"url\"> <meta itemprop=\"width\" content=\"177\"> <meta itemprop=\"height\" content=\"118\"> <img decoding=\"async\" class=\"\" data-attachment-id=\"391\" data-orig-file=\"https:\/\/www.bechmann.org\/amphibium\/wp-content\/uploads\/Marokko2014-22.jpg\" data-orig-size=\"1800,1200\" data-comments-opened=\"\" data-image-meta=\"{&quot;aperture&quot;:&quot;11&quot;,&quot;credit&quot;:&quot;Oliver Bechmann&quot;,&quot;camera&quot;:&quot;Canon EOS 350D DIGITAL&quot;,&quot;caption&quot;:&quot;&quot;,&quot;created_timestamp&quot;:&quot;1397152580&quot;,&quot;copyright&quot;:&quot;Oliver Bechmann&quot;,&quot;focal_length&quot;:&quot;18&quot;,&quot;iso&quot;:&quot;200&quot;,&quot;shutter_speed&quot;:&quot;0.003125&quot;,&quot;title&quot;:&quot;&quot;}\" data-image-title=\"Marokko2014-22\" data-image-description=\"&lt;p&gt;Die Medina von Chefchaouen pr\u00e4sentiert sich blau. Und es wird immer wieder nachget\u00fcncht.&lt;\/p&gt; \" data-medium-file=\"https:\/\/i0.wp.com\/www.bechmann.org\/amphibium\/wp-content\/uploads\/Marokko2014-22.jpg?fit=300%2C200&#038;ssl=1\" data-large-file=\"https:\/\/i0.wp.com\/www.bechmann.org\/amphibium\/wp-content\/uploads\/Marokko2014-22.jpg?fit=625%2C416&#038;ssl=1\" src=\"https:\/\/i0.wp.com\/www.bechmann.org\/amphibium\/wp-content\/uploads\/Marokko2014-22.jpg?w=177&#038;h=118&#038;ssl=1\" srcset=\"https:\/\/i0.wp.com\/www.bechmann.org\/amphibium\/wp-content\/uploads\/Marokko2014-22.jpg?w=1800&amp;ssl=1 1800w, https:\/\/i0.wp.com\/www.bechmann.org\/amphibium\/wp-content\/uploads\/Marokko2014-22.jpg?resize=300%2C200&amp;ssl=1 300w, https:\/\/i0.wp.com\/www.bechmann.org\/amphibium\/wp-content\/uploads\/Marokko2014-22.jpg?resize=1024%2C682&amp;ssl=1 1024w, https:\/\/i0.wp.com\/www.bechmann.org\/amphibium\/wp-content\/uploads\/Marokko2014-22.jpg?resize=450%2C300&amp;ssl=1 450w, https:\/\/i0.wp.com\/www.bechmann.org\/amphibium\/wp-content\/uploads\/Marokko2014-22.jpg?w=1250&amp;ssl=1 1250w\" width=\"177\" height=\"118\" loading=\"lazy\" data-original-width=\"177\" data-original-height=\"118\" itemprop=\"http:\/\/schema.org\/image\" title=\"Marokko2014-22\" alt=\"\u201cBlaue Stadt\u201d Chefchauoen\" style=\"width: 177px; height: 118px;\" \/> <\/a> <div class=\"tiled-gallery-caption\" itemprop=\"caption description\"> \u201cBlaue Stadt\u201d Chefchauoen <\/div> <\/div> <\/div> <!-- close group --> <div class=\"gallery-group images-1\" style=\"width: 264px; height: 394px;\" data-original-width=\"264\" data-original-height=\"394\" > <div class=\"tiled-gallery-item tiled-gallery-item-large\" itemprop=\"associatedMedia\" itemscope itemtype=\"http:\/\/schema.org\/ImageObject\"> <a href=\"https:\/\/www.bechmann.org\/amphibium\/dass-dir-rose-dir-ein-beispiel-gebe\/marokko2014-3\/\" border=\"0\" itemprop=\"url\"> <meta itemprop=\"width\" content=\"260\"> <meta itemprop=\"height\" content=\"390\"> <img decoding=\"async\" class=\"\" data-attachment-id=\"444\" data-orig-file=\"https:\/\/www.bechmann.org\/amphibium\/wp-content\/uploads\/Marokko2014-3.jpg\" data-orig-size=\"800,1200\" data-comments-opened=\"\" data-image-meta=\"{&quot;aperture&quot;:&quot;0&quot;,&quot;credit&quot;:&quot;&quot;,&quot;camera&quot;:&quot;&quot;,&quot;caption&quot;:&quot;&quot;,&quot;created_timestamp&quot;:&quot;0&quot;,&quot;copyright&quot;:&quot;&quot;,&quot;focal_length&quot;:&quot;0&quot;,&quot;iso&quot;:&quot;0&quot;,&quot;shutter_speed&quot;:&quot;0&quot;,&quot;title&quot;:&quot;&quot;,&quot;orientation&quot;:&quot;0&quot;}\" data-image-title=\"Marokko2014-3\" data-image-description=\"&lt;p&gt;Farb- &amp;#038; Formenpracht im Souk \u2013 egal ob in Chefchaouen, Fes, Marrakesh.&lt;\/p&gt; \" data-medium-file=\"https:\/\/i0.wp.com\/www.bechmann.org\/amphibium\/wp-content\/uploads\/Marokko2014-3.jpg?fit=200%2C300&#038;ssl=1\" data-large-file=\"https:\/\/i0.wp.com\/www.bechmann.org\/amphibium\/wp-content\/uploads\/Marokko2014-3.jpg?fit=625%2C938&#038;ssl=1\" src=\"https:\/\/i0.wp.com\/www.bechmann.org\/amphibium\/wp-content\/uploads\/Marokko2014-3.jpg?w=260&#038;h=390&#038;ssl=1\" srcset=\"https:\/\/i0.wp.com\/www.bechmann.org\/amphibium\/wp-content\/uploads\/Marokko2014-3.jpg?w=800&amp;ssl=1 800w, https:\/\/i0.wp.com\/www.bechmann.org\/amphibium\/wp-content\/uploads\/Marokko2014-3.jpg?resize=200%2C300&amp;ssl=1 200w, https:\/\/i0.wp.com\/www.bechmann.org\/amphibium\/wp-content\/uploads\/Marokko2014-3.jpg?resize=682%2C1024&amp;ssl=1 682w\" width=\"260\" height=\"390\" loading=\"lazy\" data-original-width=\"260\" data-original-height=\"390\" itemprop=\"http:\/\/schema.org\/image\" title=\"Marokko2014-3\" alt=\"Souk in Chefchaouen\" style=\"width: 260px; height: 390px;\" \/> <\/a> <div class=\"tiled-gallery-caption\" itemprop=\"caption description\"> Souk in Chefchaouen <\/div> <\/div> <\/div> <!-- close group --> <div class=\"gallery-group images-3\" style=\"width: 180px; height: 394px;\" data-original-width=\"180\" data-original-height=\"394\" > <div class=\"tiled-gallery-item tiled-gallery-item-small\" itemprop=\"associatedMedia\" itemscope itemtype=\"http:\/\/schema.org\/ImageObject\"> <a href=\"https:\/\/www.bechmann.org\/amphibium\/dass-dir-rose-dir-ein-beispiel-gebe\/marokko2014-2\/\" border=\"0\" itemprop=\"url\"> <meta itemprop=\"width\" content=\"176\"> <meta itemprop=\"height\" content=\"118\"> <img decoding=\"async\" class=\"\" data-attachment-id=\"385\" data-orig-file=\"https:\/\/www.bechmann.org\/amphibium\/wp-content\/uploads\/Marokko2014-2.jpg\" data-orig-size=\"1800,1200\" data-comments-opened=\"\" data-image-meta=\"{&quot;aperture&quot;:&quot;7.1&quot;,&quot;credit&quot;:&quot;Oliver Bechmann&quot;,&quot;camera&quot;:&quot;Canon EOS 350D DIGITAL&quot;,&quot;caption&quot;:&quot;&quot;,&quot;created_timestamp&quot;:&quot;1397154632&quot;,&quot;copyright&quot;:&quot;Oliver Bechmann&quot;,&quot;focal_length&quot;:&quot;57&quot;,&quot;iso&quot;:&quot;200&quot;,&quot;shutter_speed&quot;:&quot;0.00625&quot;,&quot;title&quot;:&quot;&quot;}\" data-image-title=\"Marokko2014-2\" data-image-description=\"&lt;p&gt;Tabletts: Kaffee und Tee zu trinken wird in Marokko rund um die Uhr und in jedem Fall zelebriert.&lt;\/p&gt; \" data-medium-file=\"https:\/\/i0.wp.com\/www.bechmann.org\/amphibium\/wp-content\/uploads\/Marokko2014-2.jpg?fit=300%2C200&#038;ssl=1\" data-large-file=\"https:\/\/i0.wp.com\/www.bechmann.org\/amphibium\/wp-content\/uploads\/Marokko2014-2.jpg?fit=625%2C416&#038;ssl=1\" src=\"https:\/\/i0.wp.com\/www.bechmann.org\/amphibium\/wp-content\/uploads\/Marokko2014-2.jpg?w=176&#038;h=118&#038;ssl=1\" srcset=\"https:\/\/i0.wp.com\/www.bechmann.org\/amphibium\/wp-content\/uploads\/Marokko2014-2.jpg?w=1800&amp;ssl=1 1800w, https:\/\/i0.wp.com\/www.bechmann.org\/amphibium\/wp-content\/uploads\/Marokko2014-2.jpg?resize=300%2C200&amp;ssl=1 300w, https:\/\/i0.wp.com\/www.bechmann.org\/amphibium\/wp-content\/uploads\/Marokko2014-2.jpg?resize=1024%2C682&amp;ssl=1 1024w, https:\/\/i0.wp.com\/www.bechmann.org\/amphibium\/wp-content\/uploads\/Marokko2014-2.jpg?resize=450%2C300&amp;ssl=1 450w, https:\/\/i0.wp.com\/www.bechmann.org\/amphibium\/wp-content\/uploads\/Marokko2014-2.jpg?w=1250&amp;ssl=1 1250w\" width=\"176\" height=\"118\" loading=\"lazy\" data-original-width=\"176\" data-original-height=\"118\" itemprop=\"http:\/\/schema.org\/image\" title=\"Marokko2014-2\" alt=\"Kaffee- &amp; Tee-Tabletts im Souk\" style=\"width: 176px; height: 118px;\" \/> <\/a> <div class=\"tiled-gallery-caption\" itemprop=\"caption description\"> Kaffee- &#038; Tee-Tabletts im Souk <\/div> <\/div> <div class=\"tiled-gallery-item tiled-gallery-item-small\" itemprop=\"associatedMedia\" itemscope itemtype=\"http:\/\/schema.org\/ImageObject\"> <a href=\"https:\/\/www.bechmann.org\/amphibium\/dass-dir-rose-dir-ein-beispiel-gebe\/marokko2014-6\/\" border=\"0\" itemprop=\"url\"> <meta itemprop=\"width\" content=\"176\"> <meta itemprop=\"height\" content=\"132\"> <img decoding=\"async\" class=\"\" data-attachment-id=\"447\" data-orig-file=\"https:\/\/www.bechmann.org\/amphibium\/wp-content\/uploads\/Marokko2014-6.jpg\" data-orig-size=\"1200,900\" data-comments-opened=\"\" data-image-meta=\"{&quot;aperture&quot;:&quot;0&quot;,&quot;credit&quot;:&quot;&quot;,&quot;camera&quot;:&quot;&quot;,&quot;caption&quot;:&quot;&quot;,&quot;created_timestamp&quot;:&quot;0&quot;,&quot;copyright&quot;:&quot;&quot;,&quot;focal_length&quot;:&quot;0&quot;,&quot;iso&quot;:&quot;0&quot;,&quot;shutter_speed&quot;:&quot;0&quot;,&quot;title&quot;:&quot;&quot;,&quot;orientation&quot;:&quot;0&quot;}\" data-image-title=\"Marokko2014-6\" data-image-description=\"&lt;p&gt;Im Hohen Atlas bleibt der Schnee schon mal bis zum Sommer liegen\u2026&lt;\/p&gt; \" data-medium-file=\"https:\/\/i0.wp.com\/www.bechmann.org\/amphibium\/wp-content\/uploads\/Marokko2014-6.jpg?fit=300%2C225&#038;ssl=1\" data-large-file=\"https:\/\/i0.wp.com\/www.bechmann.org\/amphibium\/wp-content\/uploads\/Marokko2014-6.jpg?fit=625%2C469&#038;ssl=1\" src=\"https:\/\/i0.wp.com\/www.bechmann.org\/amphibium\/wp-content\/uploads\/Marokko2014-6.jpg?w=176&#038;h=132&#038;ssl=1\" srcset=\"https:\/\/i0.wp.com\/www.bechmann.org\/amphibium\/wp-content\/uploads\/Marokko2014-6.jpg?w=1200&amp;ssl=1 1200w, https:\/\/i0.wp.com\/www.bechmann.org\/amphibium\/wp-content\/uploads\/Marokko2014-6.jpg?resize=300%2C225&amp;ssl=1 300w, https:\/\/i0.wp.com\/www.bechmann.org\/amphibium\/wp-content\/uploads\/Marokko2014-6.jpg?resize=1024%2C768&amp;ssl=1 1024w, https:\/\/i0.wp.com\/www.bechmann.org\/amphibium\/wp-content\/uploads\/Marokko2014-6.jpg?resize=400%2C300&amp;ssl=1 400w\" width=\"176\" height=\"132\" loading=\"lazy\" data-original-width=\"176\" data-original-height=\"132\" itemprop=\"http:\/\/schema.org\/image\" title=\"Marokko2014-6\" alt=\"Schnee auf dem hohen Atlas\" style=\"width: 176px; height: 132px;\" \/> <\/a> <div class=\"tiled-gallery-caption\" itemprop=\"caption description\"> Schnee auf dem hohen Atlas <\/div> <\/div> <div class=\"tiled-gallery-item tiled-gallery-item-small\" itemprop=\"associatedMedia\" itemscope itemtype=\"http:\/\/schema.org\/ImageObject\"> <a href=\"https:\/\/www.bechmann.org\/amphibium\/dass-dir-rose-dir-ein-beispiel-gebe\/marokko2014-10\/\" border=\"0\" itemprop=\"url\"> <meta itemprop=\"width\" content=\"176\"> <meta itemprop=\"height\" content=\"132\"> <img decoding=\"async\" class=\"\" data-attachment-id=\"451\" data-orig-file=\"https:\/\/www.bechmann.org\/amphibium\/wp-content\/uploads\/Marokko2014-10.jpg\" data-orig-size=\"1200,900\" data-comments-opened=\"\" data-image-meta=\"{&quot;aperture&quot;:&quot;0&quot;,&quot;credit&quot;:&quot;&quot;,&quot;camera&quot;:&quot;&quot;,&quot;caption&quot;:&quot;&quot;,&quot;created_timestamp&quot;:&quot;0&quot;,&quot;copyright&quot;:&quot;&quot;,&quot;focal_length&quot;:&quot;0&quot;,&quot;iso&quot;:&quot;0&quot;,&quot;shutter_speed&quot;:&quot;0&quot;,&quot;title&quot;:&quot;&quot;,&quot;orientation&quot;:&quot;0&quot;}\" data-image-title=\"Marokko2014-10\" data-image-description=\"&lt;p&gt;\u00dcbernachtung in 2500 Meter H\u00f6he. Ist die Sonne fort, wird es kalt \u2013 in jener Nacht 4 Grad.&lt;\/p&gt; \" data-medium-file=\"https:\/\/i0.wp.com\/www.bechmann.org\/amphibium\/wp-content\/uploads\/Marokko2014-10.jpg?fit=300%2C225&#038;ssl=1\" data-large-file=\"https:\/\/i0.wp.com\/www.bechmann.org\/amphibium\/wp-content\/uploads\/Marokko2014-10.jpg?fit=625%2C469&#038;ssl=1\" src=\"https:\/\/i0.wp.com\/www.bechmann.org\/amphibium\/wp-content\/uploads\/Marokko2014-10.jpg?w=176&#038;h=132&#038;ssl=1\" srcset=\"https:\/\/i0.wp.com\/www.bechmann.org\/amphibium\/wp-content\/uploads\/Marokko2014-10.jpg?w=1200&amp;ssl=1 1200w, https:\/\/i0.wp.com\/www.bechmann.org\/amphibium\/wp-content\/uploads\/Marokko2014-10.jpg?resize=300%2C225&amp;ssl=1 300w, https:\/\/i0.wp.com\/www.bechmann.org\/amphibium\/wp-content\/uploads\/Marokko2014-10.jpg?resize=1024%2C768&amp;ssl=1 1024w, https:\/\/i0.wp.com\/www.bechmann.org\/amphibium\/wp-content\/uploads\/Marokko2014-10.jpg?resize=400%2C300&amp;ssl=1 400w\" width=\"176\" height=\"132\" loading=\"lazy\" data-original-width=\"176\" data-original-height=\"132\" itemprop=\"http:\/\/schema.org\/image\" title=\"Marokko2014-10\" alt=\"K\u00e4lte in der W\u00fcste\" style=\"width: 176px; height: 132px;\" \/> <\/a> <div class=\"tiled-gallery-caption\" itemprop=\"caption description\"> K\u00e4lte in der W\u00fcste <\/div> <\/div> <\/div> <!-- close group --> <\/div> <!-- close row --> <div class=\"gallery-row\" style=\"width: 625px; height: 441px;\" data-original-width=\"625\" data-original-height=\"441\" > <div class=\"gallery-group images-1\" style=\"width: 332px; height: 441px;\" data-original-width=\"332\" data-original-height=\"441\" > <div class=\"tiled-gallery-item tiled-gallery-item-large\" itemprop=\"associatedMedia\" itemscope itemtype=\"http:\/\/schema.org\/ImageObject\"> <a href=\"https:\/\/www.bechmann.org\/amphibium\/dass-dir-rose-dir-ein-beispiel-gebe\/marokko2014-7\/\" border=\"0\" itemprop=\"url\"> <meta itemprop=\"width\" content=\"328\"> <meta itemprop=\"height\" content=\"437\"> <img decoding=\"async\" class=\"\" data-attachment-id=\"448\" data-orig-file=\"https:\/\/www.bechmann.org\/amphibium\/wp-content\/uploads\/Marokko2014-7.jpg\" data-orig-size=\"900,1200\" data-comments-opened=\"\" data-image-meta=\"{&quot;aperture&quot;:&quot;0&quot;,&quot;credit&quot;:&quot;&quot;,&quot;camera&quot;:&quot;&quot;,&quot;caption&quot;:&quot;&quot;,&quot;created_timestamp&quot;:&quot;0&quot;,&quot;copyright&quot;:&quot;&quot;,&quot;focal_length&quot;:&quot;0&quot;,&quot;iso&quot;:&quot;0&quot;,&quot;shutter_speed&quot;:&quot;0&quot;,&quot;title&quot;:&quot;&quot;,&quot;orientation&quot;:&quot;0&quot;}\" data-image-title=\"Marokko2014-7\" data-image-description=\"&lt;p&gt;Da ging\u2019s nicht weiter f\u00fcr Papamobil und Mamamobil: F\u00fcnf Stunden Steine klopfen und Felsen zertr\u00fcmmern mit Vorschlagh\u00e4mmern und Brechstangen in Sonne &amp;#038; Wind waren die Folge. Dazu noch eine kleine Rampe gebaut und ein St\u00fcck abgebrochene Stra\u00dfe ausgekoffert.&lt;\/p&gt; \" data-medium-file=\"https:\/\/i0.wp.com\/www.bechmann.org\/amphibium\/wp-content\/uploads\/Marokko2014-7.jpg?fit=225%2C300&#038;ssl=1\" data-large-file=\"https:\/\/i0.wp.com\/www.bechmann.org\/amphibium\/wp-content\/uploads\/Marokko2014-7.jpg?fit=625%2C833&#038;ssl=1\" src=\"https:\/\/i0.wp.com\/www.bechmann.org\/amphibium\/wp-content\/uploads\/Marokko2014-7.jpg?w=328&#038;h=437&#038;ssl=1\" srcset=\"https:\/\/i0.wp.com\/www.bechmann.org\/amphibium\/wp-content\/uploads\/Marokko2014-7.jpg?w=900&amp;ssl=1 900w, https:\/\/i0.wp.com\/www.bechmann.org\/amphibium\/wp-content\/uploads\/Marokko2014-7.jpg?resize=225%2C300&amp;ssl=1 225w, https:\/\/i0.wp.com\/www.bechmann.org\/amphibium\/wp-content\/uploads\/Marokko2014-7.jpg?resize=768%2C1024&amp;ssl=1 768w\" width=\"328\" height=\"437\" loading=\"lazy\" data-original-width=\"328\" data-original-height=\"437\" itemprop=\"http:\/\/schema.org\/image\" title=\"Marokko2014-7\" alt=\"\u201cStra\u00dfe\u201d zu schmal f\u00fcr Lkw\" style=\"width: 328px; height: 437px;\" \/> <\/a> <div class=\"tiled-gallery-caption\" itemprop=\"caption description\"> \u201cStra\u00dfe\u201d zu schmal f\u00fcr Lkw <\/div> <\/div> <\/div> <!-- close group --> <div class=\"gallery-group images-2\" style=\"width: 293px; height: 441px;\" data-original-width=\"293\" data-original-height=\"441\" > <div class=\"tiled-gallery-item tiled-gallery-item-large\" itemprop=\"associatedMedia\" itemscope itemtype=\"http:\/\/schema.org\/ImageObject\"> <a href=\"https:\/\/www.bechmann.org\/amphibium\/dass-dir-rose-dir-ein-beispiel-gebe\/marokko2014-8\/\" border=\"0\" itemprop=\"url\"> <meta itemprop=\"width\" content=\"289\"> <meta itemprop=\"height\" content=\"217\"> <img decoding=\"async\" class=\"\" data-attachment-id=\"449\" data-orig-file=\"https:\/\/www.bechmann.org\/amphibium\/wp-content\/uploads\/Marokko2014-8.jpg\" data-orig-size=\"1200,900\" data-comments-opened=\"\" data-image-meta=\"{&quot;aperture&quot;:&quot;0&quot;,&quot;credit&quot;:&quot;&quot;,&quot;camera&quot;:&quot;&quot;,&quot;caption&quot;:&quot;&quot;,&quot;created_timestamp&quot;:&quot;0&quot;,&quot;copyright&quot;:&quot;&quot;,&quot;focal_length&quot;:&quot;0&quot;,&quot;iso&quot;:&quot;0&quot;,&quot;shutter_speed&quot;:&quot;0&quot;,&quot;title&quot;:&quot;&quot;,&quot;orientation&quot;:&quot;0&quot;}\" data-image-title=\"Marokko2014-8\" data-image-description=\"&lt;p&gt;Unterkunft von Berber-Hirten nahe des Cirque du Jaffar: Unsere Unterkunft nach den Strapazen des Strassenbaus. Kein Strom, kein fliessend Wasser, keine Heizung. Und nur eine Decke auf dem Lehmboden.&lt;\/p&gt; \" data-medium-file=\"https:\/\/i0.wp.com\/www.bechmann.org\/amphibium\/wp-content\/uploads\/Marokko2014-8.jpg?fit=300%2C225&#038;ssl=1\" data-large-file=\"https:\/\/i0.wp.com\/www.bechmann.org\/amphibium\/wp-content\/uploads\/Marokko2014-8.jpg?fit=625%2C469&#038;ssl=1\" src=\"https:\/\/i0.wp.com\/www.bechmann.org\/amphibium\/wp-content\/uploads\/Marokko2014-8.jpg?w=289&#038;h=217&#038;ssl=1\" srcset=\"https:\/\/i0.wp.com\/www.bechmann.org\/amphibium\/wp-content\/uploads\/Marokko2014-8.jpg?w=1200&amp;ssl=1 1200w, https:\/\/i0.wp.com\/www.bechmann.org\/amphibium\/wp-content\/uploads\/Marokko2014-8.jpg?resize=300%2C225&amp;ssl=1 300w, https:\/\/i0.wp.com\/www.bechmann.org\/amphibium\/wp-content\/uploads\/Marokko2014-8.jpg?resize=1024%2C768&amp;ssl=1 1024w, https:\/\/i0.wp.com\/www.bechmann.org\/amphibium\/wp-content\/uploads\/Marokko2014-8.jpg?resize=400%2C300&amp;ssl=1 400w\" width=\"289\" height=\"217\" loading=\"lazy\" data-original-width=\"289\" data-original-height=\"217\" itemprop=\"http:\/\/schema.org\/image\" title=\"Marokko2014-8\" alt=\"Unterkunft von Berber-Hirten\" style=\"width: 289px; height: 217px;\" \/> <\/a> <div class=\"tiled-gallery-caption\" itemprop=\"caption description\"> Unterkunft von Berber-Hirten <\/div> <\/div> <div class=\"tiled-gallery-item tiled-gallery-item-large\" itemprop=\"associatedMedia\" itemscope itemtype=\"http:\/\/schema.org\/ImageObject\"> <a href=\"https:\/\/www.bechmann.org\/amphibium\/dass-dir-rose-dir-ein-beispiel-gebe\/marokko2014-17\/\" border=\"0\" itemprop=\"url\"> <meta itemprop=\"width\" content=\"289\"> <meta itemprop=\"height\" content=\"216\"> <img decoding=\"async\" class=\"\" data-attachment-id=\"388\" data-orig-file=\"https:\/\/www.bechmann.org\/amphibium\/wp-content\/uploads\/Marokko2014-17.jpg\" data-orig-size=\"1800,1350\" data-comments-opened=\"\" data-image-meta=\"{&quot;aperture&quot;:&quot;2.4&quot;,&quot;credit&quot;:&quot;Oliver Bechmann&quot;,&quot;camera&quot;:&quot;iPhone 4S&quot;,&quot;caption&quot;:&quot;&quot;,&quot;created_timestamp&quot;:&quot;1398067026&quot;,&quot;copyright&quot;:&quot;Oliver Bechmann&quot;,&quot;focal_length&quot;:&quot;4.28&quot;,&quot;iso&quot;:&quot;50&quot;,&quot;shutter_speed&quot;:&quot;0.00090909090909091&quot;,&quot;title&quot;:&quot;&quot;}\" data-image-title=\"Marokko2014-17\" data-image-description=\"&lt;p&gt;Sandd\u00fcnen kommen in Film &amp;#038; Fernsehen h\u00e4ufig vor, in der Realit\u00e4t dagegen sind 80 Prozent aller W\u00fcste Stein- und Ger\u00f6llw\u00fcsten.&lt;\/p&gt; \" data-medium-file=\"https:\/\/i0.wp.com\/www.bechmann.org\/amphibium\/wp-content\/uploads\/Marokko2014-17.jpg?fit=300%2C225&#038;ssl=1\" data-large-file=\"https:\/\/i0.wp.com\/www.bechmann.org\/amphibium\/wp-content\/uploads\/Marokko2014-17.jpg?fit=625%2C469&#038;ssl=1\" src=\"https:\/\/i0.wp.com\/www.bechmann.org\/amphibium\/wp-content\/uploads\/Marokko2014-17.jpg?w=289&#038;h=216&#038;ssl=1\" srcset=\"https:\/\/i0.wp.com\/www.bechmann.org\/amphibium\/wp-content\/uploads\/Marokko2014-17.jpg?w=1800&amp;ssl=1 1800w, https:\/\/i0.wp.com\/www.bechmann.org\/amphibium\/wp-content\/uploads\/Marokko2014-17.jpg?resize=300%2C225&amp;ssl=1 300w, https:\/\/i0.wp.com\/www.bechmann.org\/amphibium\/wp-content\/uploads\/Marokko2014-17.jpg?resize=1024%2C768&amp;ssl=1 1024w, https:\/\/i0.wp.com\/www.bechmann.org\/amphibium\/wp-content\/uploads\/Marokko2014-17.jpg?resize=400%2C300&amp;ssl=1 400w, https:\/\/i0.wp.com\/www.bechmann.org\/amphibium\/wp-content\/uploads\/Marokko2014-17.jpg?w=1250&amp;ssl=1 1250w\" width=\"289\" height=\"216\" loading=\"lazy\" data-original-width=\"289\" data-original-height=\"216\" itemprop=\"http:\/\/schema.org\/image\" title=\"Marokko2014-17\" alt=\"D\u00fcne im Erg Chegaga\" style=\"width: 289px; height: 216px;\" \/> <\/a> <div class=\"tiled-gallery-caption\" itemprop=\"caption description\"> D\u00fcne im Erg Chegaga <\/div> <\/div> <\/div> <!-- close group --> <\/div> <!-- close row --> <div class=\"gallery-row\" style=\"width: 625px; height: 147px;\" data-original-width=\"625\" data-original-height=\"147\" > <div class=\"gallery-group images-1\" style=\"width: 194px; height: 147px;\" data-original-width=\"194\" data-original-height=\"147\" > <div class=\"tiled-gallery-item tiled-gallery-item-small\" itemprop=\"associatedMedia\" itemscope itemtype=\"http:\/\/schema.org\/ImageObject\"> <a href=\"https:\/\/www.bechmann.org\/amphibium\/dass-dir-rose-dir-ein-beispiel-gebe\/marokko2014-16\/\" border=\"0\" itemprop=\"url\"> <meta itemprop=\"width\" content=\"190\"> <meta itemprop=\"height\" content=\"143\"> <img decoding=\"async\" class=\"\" data-attachment-id=\"387\" data-orig-file=\"https:\/\/www.bechmann.org\/amphibium\/wp-content\/uploads\/Marokko2014-16.jpg\" data-orig-size=\"1800,1350\" data-comments-opened=\"\" data-image-meta=\"{&quot;aperture&quot;:&quot;2.4&quot;,&quot;credit&quot;:&quot;Oliver Bechmann&quot;,&quot;camera&quot;:&quot;iPhone 4S&quot;,&quot;caption&quot;:&quot;&quot;,&quot;created_timestamp&quot;:&quot;1398065225&quot;,&quot;copyright&quot;:&quot;Oliver Bechmann&quot;,&quot;focal_length&quot;:&quot;4.28&quot;,&quot;iso&quot;:&quot;50&quot;,&quot;shutter_speed&quot;:&quot;0.0017543859649123&quot;,&quot;title&quot;:&quot;&quot;}\" data-image-title=\"Marokko2014-16\" data-image-description=\"&lt;p&gt;Marokko besteht aus der gr\u00fcnen n\u00f6rdlichen Seite des Atlas-Gebirges und der s\u00fcdlichen W\u00fcstenregionen. Aber von der Sahara hat Marokko nur zwei kleine Flecken abbekommen \u2013 Erg Chegaga und Erg Chebbi.&lt;\/p&gt; \" data-medium-file=\"https:\/\/i0.wp.com\/www.bechmann.org\/amphibium\/wp-content\/uploads\/Marokko2014-16.jpg?fit=300%2C225&#038;ssl=1\" data-large-file=\"https:\/\/i0.wp.com\/www.bechmann.org\/amphibium\/wp-content\/uploads\/Marokko2014-16.jpg?fit=625%2C469&#038;ssl=1\" src=\"https:\/\/i0.wp.com\/www.bechmann.org\/amphibium\/wp-content\/uploads\/Marokko2014-16.jpg?w=190&#038;h=143&#038;ssl=1\" srcset=\"https:\/\/i0.wp.com\/www.bechmann.org\/amphibium\/wp-content\/uploads\/Marokko2014-16.jpg?w=1800&amp;ssl=1 1800w, https:\/\/i0.wp.com\/www.bechmann.org\/amphibium\/wp-content\/uploads\/Marokko2014-16.jpg?resize=300%2C225&amp;ssl=1 300w, https:\/\/i0.wp.com\/www.bechmann.org\/amphibium\/wp-content\/uploads\/Marokko2014-16.jpg?resize=1024%2C768&amp;ssl=1 1024w, https:\/\/i0.wp.com\/www.bechmann.org\/amphibium\/wp-content\/uploads\/Marokko2014-16.jpg?resize=400%2C300&amp;ssl=1 400w, https:\/\/i0.wp.com\/www.bechmann.org\/amphibium\/wp-content\/uploads\/Marokko2014-16.jpg?w=1250&amp;ssl=1 1250w\" width=\"190\" height=\"143\" loading=\"lazy\" data-original-width=\"190\" data-original-height=\"143\" itemprop=\"http:\/\/schema.org\/image\" title=\"Marokko2014-16\" alt=\"Sandd\u00fcne im Erg Chegaga\" style=\"width: 190px; height: 143px;\" \/> <\/a> <div class=\"tiled-gallery-caption\" itemprop=\"caption description\"> Sandd\u00fcne im Erg Chegaga <\/div> <\/div> <\/div> <!-- close group --> <div class=\"gallery-group images-1\" style=\"width: 237px; height: 147px;\" data-original-width=\"237\" data-original-height=\"147\" > <div class=\"tiled-gallery-item tiled-gallery-item-small\" itemprop=\"associatedMedia\" itemscope itemtype=\"http:\/\/schema.org\/ImageObject\"> <a href=\"https:\/\/www.bechmann.org\/amphibium\/dass-dir-rose-dir-ein-beispiel-gebe\/marokko2014-15\/\" border=\"0\" itemprop=\"url\"> <meta itemprop=\"width\" content=\"233\"> <meta itemprop=\"height\" content=\"143\"> <img decoding=\"async\" class=\"\" data-attachment-id=\"386\" data-orig-file=\"https:\/\/www.bechmann.org\/amphibium\/wp-content\/uploads\/Marokko2014-15.jpg\" data-orig-size=\"1800,1103\" data-comments-opened=\"\" data-image-meta=\"{&quot;aperture&quot;:&quot;2.4&quot;,&quot;credit&quot;:&quot;Oliver Bechmann&quot;,&quot;camera&quot;:&quot;iPhone 4S&quot;,&quot;caption&quot;:&quot;&quot;,&quot;created_timestamp&quot;:&quot;1398024026&quot;,&quot;copyright&quot;:&quot;Oliver Bechmann&quot;,&quot;focal_length&quot;:&quot;4.28&quot;,&quot;iso&quot;:&quot;125&quot;,&quot;shutter_speed&quot;:&quot;0.05&quot;,&quot;title&quot;:&quot;&quot;}\" data-image-title=\"Marokko2014-15\" data-image-description=\"&lt;p&gt;Sandsturm in der W\u00fcste bedeutet, dass man keine f\u00fcnf Meter weit sehen kann. Bei dieser Aufnahme war der Wind also wieder abgeflaut, sonst w\u00e4re es unm\u00f6glich gewesen, zu fotografieren.&lt;\/p&gt; \" data-medium-file=\"https:\/\/i0.wp.com\/www.bechmann.org\/amphibium\/wp-content\/uploads\/Marokko2014-15.jpg?fit=300%2C183&#038;ssl=1\" data-large-file=\"https:\/\/i0.wp.com\/www.bechmann.org\/amphibium\/wp-content\/uploads\/Marokko2014-15.jpg?fit=625%2C383&#038;ssl=1\" src=\"https:\/\/i0.wp.com\/www.bechmann.org\/amphibium\/wp-content\/uploads\/Marokko2014-15.jpg?w=233&#038;h=143&#038;ssl=1\" srcset=\"https:\/\/i0.wp.com\/www.bechmann.org\/amphibium\/wp-content\/uploads\/Marokko2014-15.jpg?w=1800&amp;ssl=1 1800w, https:\/\/i0.wp.com\/www.bechmann.org\/amphibium\/wp-content\/uploads\/Marokko2014-15.jpg?resize=300%2C183&amp;ssl=1 300w, https:\/\/i0.wp.com\/www.bechmann.org\/amphibium\/wp-content\/uploads\/Marokko2014-15.jpg?resize=1024%2C627&amp;ssl=1 1024w, https:\/\/i0.wp.com\/www.bechmann.org\/amphibium\/wp-content\/uploads\/Marokko2014-15.jpg?resize=489%2C300&amp;ssl=1 489w, https:\/\/i0.wp.com\/www.bechmann.org\/amphibium\/wp-content\/uploads\/Marokko2014-15.jpg?w=1250&amp;ssl=1 1250w\" width=\"233\" height=\"143\" loading=\"lazy\" data-original-width=\"233\" data-original-height=\"143\" itemprop=\"http:\/\/schema.org\/image\" title=\"Marokko2014-15\" alt=\"Sandsturm in der W\u00fcste\" style=\"width: 233px; height: 143px;\" \/> <\/a> <div class=\"tiled-gallery-caption\" itemprop=\"caption description\"> Sandsturm in der W\u00fcste <\/div> <\/div> <\/div> <!-- close group --> <div class=\"gallery-group images-1\" style=\"width: 194px; height: 147px;\" data-original-width=\"194\" data-original-height=\"147\" > <div class=\"tiled-gallery-item tiled-gallery-item-small\" itemprop=\"associatedMedia\" itemscope itemtype=\"http:\/\/schema.org\/ImageObject\"> <a href=\"https:\/\/www.bechmann.org\/amphibium\/dass-dir-rose-dir-ein-beispiel-gebe\/marokko2014-9\/\" border=\"0\" itemprop=\"url\"> <meta itemprop=\"width\" content=\"190\"> <meta itemprop=\"height\" content=\"143\"> <img decoding=\"async\" class=\"\" data-attachment-id=\"450\" data-orig-file=\"https:\/\/www.bechmann.org\/amphibium\/wp-content\/uploads\/Marokko2014-9.jpg\" data-orig-size=\"1200,900\" data-comments-opened=\"\" data-image-meta=\"{&quot;aperture&quot;:&quot;0&quot;,&quot;credit&quot;:&quot;&quot;,&quot;camera&quot;:&quot;&quot;,&quot;caption&quot;:&quot;&quot;,&quot;created_timestamp&quot;:&quot;0&quot;,&quot;copyright&quot;:&quot;&quot;,&quot;focal_length&quot;:&quot;0&quot;,&quot;iso&quot;:&quot;0&quot;,&quot;shutter_speed&quot;:&quot;0&quot;,&quot;title&quot;:&quot;&quot;,&quot;orientation&quot;:&quot;0&quot;}\" data-image-title=\"Marokko2014-9\" data-image-description=\"&lt;p&gt;tein- &amp;#038; Schotterpisten ohne Ende. Freilich, nicht wenige Landesstra\u00dfen sind in so schlechtem Zustand, voller Schlagl\u00f6cher und Abbr\u00fcche, dass man kaum einen Unterschied zu den Pisten merkt.&lt;\/p&gt; \" data-medium-file=\"https:\/\/i0.wp.com\/www.bechmann.org\/amphibium\/wp-content\/uploads\/Marokko2014-9.jpg?fit=300%2C225&#038;ssl=1\" data-large-file=\"https:\/\/i0.wp.com\/www.bechmann.org\/amphibium\/wp-content\/uploads\/Marokko2014-9.jpg?fit=625%2C469&#038;ssl=1\" src=\"https:\/\/i0.wp.com\/www.bechmann.org\/amphibium\/wp-content\/uploads\/Marokko2014-9.jpg?w=190&#038;h=143&#038;ssl=1\" srcset=\"https:\/\/i0.wp.com\/www.bechmann.org\/amphibium\/wp-content\/uploads\/Marokko2014-9.jpg?w=1200&amp;ssl=1 1200w, https:\/\/i0.wp.com\/www.bechmann.org\/amphibium\/wp-content\/uploads\/Marokko2014-9.jpg?resize=300%2C225&amp;ssl=1 300w, https:\/\/i0.wp.com\/www.bechmann.org\/amphibium\/wp-content\/uploads\/Marokko2014-9.jpg?resize=1024%2C768&amp;ssl=1 1024w, https:\/\/i0.wp.com\/www.bechmann.org\/amphibium\/wp-content\/uploads\/Marokko2014-9.jpg?resize=400%2C300&amp;ssl=1 400w\" width=\"190\" height=\"143\" loading=\"lazy\" data-original-width=\"190\" data-original-height=\"143\" itemprop=\"http:\/\/schema.org\/image\" title=\"Marokko2014-9\" alt=\"Stein- &amp; Schotterpisten\" style=\"width: 190px; height: 143px;\" \/> <\/a> <div class=\"tiled-gallery-caption\" itemprop=\"caption description\"> Stein- &#038; Schotterpisten <\/div> <\/div> <\/div> <!-- close group --> <\/div> <!-- close row --> <div class=\"gallery-row\" style=\"width: 625px; height: 300px;\" data-original-width=\"625\" data-original-height=\"300\" > <div class=\"gallery-group images-1\" style=\"width: 399px; height: 300px;\" data-original-width=\"399\" data-original-height=\"300\" > <div class=\"tiled-gallery-item tiled-gallery-item-large\" itemprop=\"associatedMedia\" itemscope itemtype=\"http:\/\/schema.org\/ImageObject\"> <a href=\"https:\/\/www.bechmann.org\/amphibium\/dass-dir-rose-dir-ein-beispiel-gebe\/marokko2014-11\/\" border=\"0\" itemprop=\"url\"> <meta itemprop=\"width\" content=\"395\"> <meta itemprop=\"height\" content=\"296\"> <img decoding=\"async\" class=\"\" data-attachment-id=\"452\" data-orig-file=\"https:\/\/www.bechmann.org\/amphibium\/wp-content\/uploads\/Marokko2014-11.jpg\" data-orig-size=\"1200,900\" data-comments-opened=\"\" data-image-meta=\"{&quot;aperture&quot;:&quot;0&quot;,&quot;credit&quot;:&quot;&quot;,&quot;camera&quot;:&quot;&quot;,&quot;caption&quot;:&quot;&quot;,&quot;created_timestamp&quot;:&quot;0&quot;,&quot;copyright&quot;:&quot;&quot;,&quot;focal_length&quot;:&quot;0&quot;,&quot;iso&quot;:&quot;0&quot;,&quot;shutter_speed&quot;:&quot;0&quot;,&quot;title&quot;:&quot;&quot;,&quot;orientation&quot;:&quot;0&quot;}\" data-image-title=\"Marokko2014-11\" data-image-description=\"&lt;p&gt;Himmel und Gebirge so nahe &amp;#8211; kein Wunder, dass Atlas hier den Himmel von der Erde gestemmt hat.&lt;\/p&gt; \" data-medium-file=\"https:\/\/i0.wp.com\/www.bechmann.org\/amphibium\/wp-content\/uploads\/Marokko2014-11.jpg?fit=300%2C225&#038;ssl=1\" data-large-file=\"https:\/\/i0.wp.com\/www.bechmann.org\/amphibium\/wp-content\/uploads\/Marokko2014-11.jpg?fit=625%2C469&#038;ssl=1\" src=\"https:\/\/i0.wp.com\/www.bechmann.org\/amphibium\/wp-content\/uploads\/Marokko2014-11.jpg?w=395&#038;h=296&#038;ssl=1\" srcset=\"https:\/\/i0.wp.com\/www.bechmann.org\/amphibium\/wp-content\/uploads\/Marokko2014-11.jpg?w=1200&amp;ssl=1 1200w, https:\/\/i0.wp.com\/www.bechmann.org\/amphibium\/wp-content\/uploads\/Marokko2014-11.jpg?resize=300%2C225&amp;ssl=1 300w, https:\/\/i0.wp.com\/www.bechmann.org\/amphibium\/wp-content\/uploads\/Marokko2014-11.jpg?resize=1024%2C768&amp;ssl=1 1024w, https:\/\/i0.wp.com\/www.bechmann.org\/amphibium\/wp-content\/uploads\/Marokko2014-11.jpg?resize=400%2C300&amp;ssl=1 400w\" width=\"395\" height=\"296\" loading=\"lazy\" data-original-width=\"395\" data-original-height=\"296\" itemprop=\"http:\/\/schema.org\/image\" title=\"Marokko2014-11\" alt=\"Im Anti-Atlas\" style=\"width: 395px; height: 296px;\" \/> <\/a> <div class=\"tiled-gallery-caption\" itemprop=\"caption description\"> Im Anti-Atlas <\/div> <\/div> <\/div> <!-- close group --> <div class=\"gallery-group images-1\" style=\"width: 226px; height: 300px;\" data-original-width=\"226\" data-original-height=\"300\" > <div class=\"tiled-gallery-item tiled-gallery-item-small\" itemprop=\"associatedMedia\" itemscope itemtype=\"http:\/\/schema.org\/ImageObject\"> <a href=\"https:\/\/www.bechmann.org\/amphibium\/dass-dir-rose-dir-ein-beispiel-gebe\/marokko2014-18\/\" border=\"0\" itemprop=\"url\"> <meta itemprop=\"width\" content=\"222\"> <meta itemprop=\"height\" content=\"296\"> <img decoding=\"async\" class=\"\" data-attachment-id=\"389\" data-orig-file=\"https:\/\/www.bechmann.org\/amphibium\/wp-content\/uploads\/Marokko2014-18.jpg\" data-orig-size=\"1350,1800\" data-comments-opened=\"\" data-image-meta=\"{&quot;aperture&quot;:&quot;2.4&quot;,&quot;credit&quot;:&quot;Oliver Bechmann&quot;,&quot;camera&quot;:&quot;iPhone 4S&quot;,&quot;caption&quot;:&quot;&quot;,&quot;created_timestamp&quot;:&quot;1398158116&quot;,&quot;copyright&quot;:&quot;Oliver Bechmann&quot;,&quot;focal_length&quot;:&quot;4.28&quot;,&quot;iso&quot;:&quot;50&quot;,&quot;shutter_speed&quot;:&quot;0.025&quot;,&quot;title&quot;:&quot;&quot;}\" data-image-title=\"Marokko2014-18\" data-image-description=\"&lt;p&gt;Eine unserer Unterk\u00fcnfte bei Berber-Familien \u2013 ein Lehmhaus, Decken auf dem Boden, Schlafsack, gute Nacht, w\u00e4hrend drau\u00dfen ein heftiger Wind ums Haus weht.&lt;\/p&gt; \" data-medium-file=\"https:\/\/i0.wp.com\/www.bechmann.org\/amphibium\/wp-content\/uploads\/Marokko2014-18.jpg?fit=225%2C300&#038;ssl=1\" data-large-file=\"https:\/\/i0.wp.com\/www.bechmann.org\/amphibium\/wp-content\/uploads\/Marokko2014-18.jpg?fit=625%2C833&#038;ssl=1\" src=\"https:\/\/i0.wp.com\/www.bechmann.org\/amphibium\/wp-content\/uploads\/Marokko2014-18.jpg?w=222&#038;h=296&#038;ssl=1\" srcset=\"https:\/\/i0.wp.com\/www.bechmann.org\/amphibium\/wp-content\/uploads\/Marokko2014-18.jpg?w=1350&amp;ssl=1 1350w, https:\/\/i0.wp.com\/www.bechmann.org\/amphibium\/wp-content\/uploads\/Marokko2014-18.jpg?resize=225%2C300&amp;ssl=1 225w, https:\/\/i0.wp.com\/www.bechmann.org\/amphibium\/wp-content\/uploads\/Marokko2014-18.jpg?resize=768%2C1024&amp;ssl=1 768w, https:\/\/i0.wp.com\/www.bechmann.org\/amphibium\/wp-content\/uploads\/Marokko2014-18.jpg?w=1250&amp;ssl=1 1250w\" width=\"222\" height=\"296\" loading=\"lazy\" data-original-width=\"222\" data-original-height=\"296\" itemprop=\"http:\/\/schema.org\/image\" title=\"Marokko2014-18\" alt=\"\u00dcbernachtung im Berber-Haus\" style=\"width: 222px; height: 296px;\" \/> <\/a> <div class=\"tiled-gallery-caption\" itemprop=\"caption description\"> \u00dcbernachtung im Berber-Haus <\/div> <\/div> <\/div> <!-- close group --> <\/div> <!-- close row --> <div class=\"gallery-row\" style=\"width: 625px; height: 314px;\" data-original-width=\"625\" data-original-height=\"314\" > <div class=\"gallery-group images-2\" style=\"width: 208px; height: 314px;\" data-original-width=\"208\" data-original-height=\"314\" > <div class=\"tiled-gallery-item tiled-gallery-item-small\" itemprop=\"associatedMedia\" itemscope itemtype=\"http:\/\/schema.org\/ImageObject\"> <a href=\"https:\/\/www.bechmann.org\/amphibium\/dass-dir-rose-dir-ein-beispiel-gebe\/marokko2014-19\/\" border=\"0\" itemprop=\"url\"> <meta itemprop=\"width\" content=\"204\"> <meta itemprop=\"height\" content=\"153\"> <img decoding=\"async\" class=\"\" data-attachment-id=\"456\" data-orig-file=\"https:\/\/www.bechmann.org\/amphibium\/wp-content\/uploads\/Marokko2014-19.jpg\" data-orig-size=\"1200,900\" data-comments-opened=\"\" data-image-meta=\"{&quot;aperture&quot;:&quot;0&quot;,&quot;credit&quot;:&quot;&quot;,&quot;camera&quot;:&quot;&quot;,&quot;caption&quot;:&quot;&quot;,&quot;created_timestamp&quot;:&quot;0&quot;,&quot;copyright&quot;:&quot;&quot;,&quot;focal_length&quot;:&quot;0&quot;,&quot;iso&quot;:&quot;0&quot;,&quot;shutter_speed&quot;:&quot;0&quot;,&quot;title&quot;:&quot;&quot;,&quot;orientation&quot;:&quot;0&quot;}\" data-image-title=\"Marokko2014-19\" data-image-description=\"&lt;p&gt;Idyllisches Oasen-Tal im Anti-Atlas.&lt;\/p&gt; \" data-medium-file=\"https:\/\/i0.wp.com\/www.bechmann.org\/amphibium\/wp-content\/uploads\/Marokko2014-19.jpg?fit=300%2C225&#038;ssl=1\" data-large-file=\"https:\/\/i0.wp.com\/www.bechmann.org\/amphibium\/wp-content\/uploads\/Marokko2014-19.jpg?fit=625%2C469&#038;ssl=1\" src=\"https:\/\/i0.wp.com\/www.bechmann.org\/amphibium\/wp-content\/uploads\/Marokko2014-19.jpg?w=204&#038;h=153&#038;ssl=1\" srcset=\"https:\/\/i0.wp.com\/www.bechmann.org\/amphibium\/wp-content\/uploads\/Marokko2014-19.jpg?w=1200&amp;ssl=1 1200w, https:\/\/i0.wp.com\/www.bechmann.org\/amphibium\/wp-content\/uploads\/Marokko2014-19.jpg?resize=300%2C225&amp;ssl=1 300w, https:\/\/i0.wp.com\/www.bechmann.org\/amphibium\/wp-content\/uploads\/Marokko2014-19.jpg?resize=1024%2C768&amp;ssl=1 1024w, https:\/\/i0.wp.com\/www.bechmann.org\/amphibium\/wp-content\/uploads\/Marokko2014-19.jpg?resize=400%2C300&amp;ssl=1 400w\" width=\"204\" height=\"153\" loading=\"lazy\" data-original-width=\"204\" data-original-height=\"153\" itemprop=\"http:\/\/schema.org\/image\" title=\"Marokko2014-19\" alt=\"Im Anti-Atlas\" style=\"width: 204px; height: 153px;\" \/> <\/a> <div class=\"tiled-gallery-caption\" itemprop=\"caption description\"> Im Anti-Atlas <\/div> <\/div> <div class=\"tiled-gallery-item tiled-gallery-item-small\" itemprop=\"associatedMedia\" itemscope itemtype=\"http:\/\/schema.org\/ImageObject\"> <a href=\"https:\/\/www.bechmann.org\/amphibium\/dass-dir-rose-dir-ein-beispiel-gebe\/marokko2014-20\/\" border=\"0\" itemprop=\"url\"> <meta itemprop=\"width\" content=\"204\"> <meta itemprop=\"height\" content=\"153\"> <img decoding=\"async\" class=\"\" data-attachment-id=\"390\" data-orig-file=\"https:\/\/www.bechmann.org\/amphibium\/wp-content\/uploads\/Marokko2014-20.jpg\" data-orig-size=\"1800,1350\" data-comments-opened=\"\" data-image-meta=\"{&quot;aperture&quot;:&quot;2.4&quot;,&quot;credit&quot;:&quot;Oliver Bechmann&quot;,&quot;camera&quot;:&quot;iPhone 4S&quot;,&quot;caption&quot;:&quot;&quot;,&quot;created_timestamp&quot;:&quot;1398281570&quot;,&quot;copyright&quot;:&quot;Oliver Bechmann&quot;,&quot;focal_length&quot;:&quot;4.28&quot;,&quot;iso&quot;:&quot;50&quot;,&quot;shutter_speed&quot;:&quot;0.0026315789473684&quot;,&quot;title&quot;:&quot;&quot;}\" data-image-title=\"Marokko2014-20\" data-image-description=\"&lt;p&gt;Kaum ein Platz so ber\u00fchmt wie der Djamaa el-Fna in Marrakesh mit seinen Gauklern, Akrobaten, Musikanten, Schlangenbeschw\u00f6rern, Futterst\u00e4nden &amp;#038; Gark\u00fcchen\u2026&lt;\/p&gt; \" data-medium-file=\"https:\/\/i0.wp.com\/www.bechmann.org\/amphibium\/wp-content\/uploads\/Marokko2014-20.jpg?fit=300%2C225&#038;ssl=1\" data-large-file=\"https:\/\/i0.wp.com\/www.bechmann.org\/amphibium\/wp-content\/uploads\/Marokko2014-20.jpg?fit=625%2C469&#038;ssl=1\" src=\"https:\/\/i0.wp.com\/www.bechmann.org\/amphibium\/wp-content\/uploads\/Marokko2014-20.jpg?w=204&#038;h=153&#038;ssl=1\" srcset=\"https:\/\/i0.wp.com\/www.bechmann.org\/amphibium\/wp-content\/uploads\/Marokko2014-20.jpg?w=1800&amp;ssl=1 1800w, https:\/\/i0.wp.com\/www.bechmann.org\/amphibium\/wp-content\/uploads\/Marokko2014-20.jpg?resize=300%2C225&amp;ssl=1 300w, https:\/\/i0.wp.com\/www.bechmann.org\/amphibium\/wp-content\/uploads\/Marokko2014-20.jpg?resize=1024%2C768&amp;ssl=1 1024w, https:\/\/i0.wp.com\/www.bechmann.org\/amphibium\/wp-content\/uploads\/Marokko2014-20.jpg?resize=400%2C300&amp;ssl=1 400w, https:\/\/i0.wp.com\/www.bechmann.org\/amphibium\/wp-content\/uploads\/Marokko2014-20.jpg?w=1250&amp;ssl=1 1250w\" width=\"204\" height=\"153\" loading=\"lazy\" data-original-width=\"204\" data-original-height=\"153\" itemprop=\"http:\/\/schema.org\/image\" title=\"Marokko2014-20\" alt=\"Djamaa el-Fna\" style=\"width: 204px; height: 153px;\" \/> <\/a> <div class=\"tiled-gallery-caption\" itemprop=\"caption description\"> Djamaa el-Fna <\/div> <\/div> <\/div> <!-- close group --> <div class=\"gallery-group images-1\" style=\"width: 417px; height: 314px;\" data-original-width=\"417\" data-original-height=\"314\" > <div class=\"tiled-gallery-item tiled-gallery-item-large\" itemprop=\"associatedMedia\" itemscope itemtype=\"http:\/\/schema.org\/ImageObject\"> <a href=\"https:\/\/www.bechmann.org\/amphibium\/dass-dir-rose-dir-ein-beispiel-gebe\/marokko2014-21\/\" border=\"0\" itemprop=\"url\"> <meta itemprop=\"width\" content=\"413\"> <meta itemprop=\"height\" content=\"310\"> <img decoding=\"async\" class=\"\" data-attachment-id=\"457\" data-orig-file=\"https:\/\/www.bechmann.org\/amphibium\/wp-content\/uploads\/Marokko2014-21.jpg\" data-orig-size=\"1200,900\" data-comments-opened=\"\" data-image-meta=\"{&quot;aperture&quot;:&quot;0&quot;,&quot;credit&quot;:&quot;&quot;,&quot;camera&quot;:&quot;&quot;,&quot;caption&quot;:&quot;&quot;,&quot;created_timestamp&quot;:&quot;0&quot;,&quot;copyright&quot;:&quot;&quot;,&quot;focal_length&quot;:&quot;0&quot;,&quot;iso&quot;:&quot;0&quot;,&quot;shutter_speed&quot;:&quot;0&quot;,&quot;title&quot;:&quot;&quot;,&quot;orientation&quot;:&quot;0&quot;}\" data-image-title=\"Marokko2014-21\" data-image-description=\"&lt;p&gt;Bye bye Marokko! Die F\u00e4hre legt ab, zweieinhalb Tage dauert es bis Genua.&lt;\/p&gt; \" data-medium-file=\"https:\/\/i0.wp.com\/www.bechmann.org\/amphibium\/wp-content\/uploads\/Marokko2014-21.jpg?fit=300%2C225&#038;ssl=1\" data-large-file=\"https:\/\/i0.wp.com\/www.bechmann.org\/amphibium\/wp-content\/uploads\/Marokko2014-21.jpg?fit=625%2C469&#038;ssl=1\" src=\"https:\/\/i0.wp.com\/www.bechmann.org\/amphibium\/wp-content\/uploads\/Marokko2014-21.jpg?w=413&#038;h=310&#038;ssl=1\" srcset=\"https:\/\/i0.wp.com\/www.bechmann.org\/amphibium\/wp-content\/uploads\/Marokko2014-21.jpg?w=1200&amp;ssl=1 1200w, https:\/\/i0.wp.com\/www.bechmann.org\/amphibium\/wp-content\/uploads\/Marokko2014-21.jpg?resize=300%2C225&amp;ssl=1 300w, https:\/\/i0.wp.com\/www.bechmann.org\/amphibium\/wp-content\/uploads\/Marokko2014-21.jpg?resize=1024%2C768&amp;ssl=1 1024w, https:\/\/i0.wp.com\/www.bechmann.org\/amphibium\/wp-content\/uploads\/Marokko2014-21.jpg?resize=400%2C300&amp;ssl=1 400w\" width=\"413\" height=\"310\" loading=\"lazy\" data-original-width=\"413\" data-original-height=\"310\" itemprop=\"http:\/\/schema.org\/image\" title=\"Marokko2014-21\" alt=\"Abfahrt in Tanger Med\" style=\"width: 413px; height: 310px;\" \/> <\/a> <div class=\"tiled-gallery-caption\" itemprop=\"caption description\"> Abfahrt in Tanger Med <\/div> <\/div> <\/div> <!-- close group --> <\/div> <!-- close row --> <\/div>\n<p>&nbsp;<\/p>\n<p>Songempfehlung: Tinariwen (&#8222;Emmaar&#8220;, &#8222;Imidiwan: Companions&#8220;)<\/p>\n","protected":false},"excerpt":{"rendered":"<p>Zur\u00fcck von unserer Marokko-Tour vom 6.-28. April; eine besondere Herausforderung, die wir\u00a0mit der Z\u00e4higkeit von\u00a0\u00a0(Ex-)Triathleten gut zu \u00fcberstehen wussten: Mehr als zwei Tage jeweils Hin- und R\u00fcckfahrt mit der F\u00e4hre, dann ging es in Tanger Med los &#8211; \u00fcber Chefchaouen, Fes, Modelt, Imilchil in die Sahara-Ausl\u00e4ufer bei Zagora und \u00fcber den Atlas zur\u00fcck nach Marrakesch [&hellip;]<\/p>\n","protected":false},"author":1,"featured_media":0,"comment_status":"open","ping_status":"open","sticky":false,"template":"","format":"standard","meta":{"jetpack_post_was_ever_published":false,"_jetpack_newsletter_access":"","_jetpack_dont_email_post_to_subs":false,"_jetpack_newsletter_tier_id":0,"_jetpack_memberships_contains_paywalled_content":false,"_jetpack_memberships_contains_paid_content":false,"footnotes":"","jetpack_publicize_message":"","jetpack_publicize_feature_enabled":true,"jetpack_social_post_already_shared":true,"jetpack_social_options":{"image_generator_settings":{"template":"highway","default_image_id":0,"font":"","enabled":false},"version":2}},"categories":[2],"tags":[37,36,34,35],"class_list":["post-6","post","type-post","status-publish","format-standard","hentry","category-land","tag-atlas","tag-gebirge","tag-marokko","tag-wueste"],"jetpack_publicize_connections":[],"jetpack_featured_media_url":"","jetpack_shortlink":"https:\/\/wp.me\/p4DyUk-6","jetpack-related-posts":[{"id":511,"url":"https:\/\/www.bechmann.org\/amphibium\/festung-europa-ade\/","url_meta":{"origin":6,"position":0},"title":"Festung Europa ade!","author":"Oliver","date":"18. Oktober 2014","format":false,"excerpt":"Zweieinhalb Tage auf der F\u00e4hre bringen uns aus der Festung Europa in das Land, von dem aus ein Strom von Fl\u00fcchtlingen aus Afrika versucht, das gelobte Land Europa unter Lebensgefahr zu erreichen. Wir fahren in die andere Richtung; mit an Bord unz\u00e4hlige marokkanische H\u00e4ndler, die mit ihren altersschwachen Transportern und\u2026","rel":"","context":"In &quot;Wasser&quot;","block_context":{"text":"Wasser","link":"https:\/\/www.bechmann.org\/amphibium\/category\/wasser\/"},"img":{"alt_text":"Autobahn-Rastst\u00e4tte","src":"https:\/\/i0.wp.com\/www.bechmann.org\/amphibium\/wp-content\/uploads\/IMG_0482.jpg?resize=350%2C200","width":350,"height":200,"srcset":"https:\/\/i0.wp.com\/www.bechmann.org\/amphibium\/wp-content\/uploads\/IMG_0482.jpg?resize=350%2C200 1x, https:\/\/i0.wp.com\/www.bechmann.org\/amphibium\/wp-content\/uploads\/IMG_0482.jpg?resize=525%2C300 1.5x, https:\/\/i0.wp.com\/www.bechmann.org\/amphibium\/wp-content\/uploads\/IMG_0482.jpg?resize=700%2C400 2x, https:\/\/i0.wp.com\/www.bechmann.org\/amphibium\/wp-content\/uploads\/IMG_0482.jpg?resize=1050%2C600 3x, https:\/\/i0.wp.com\/www.bechmann.org\/amphibium\/wp-content\/uploads\/IMG_0482.jpg?resize=1400%2C800 4x"},"classes":[]},{"id":3524,"url":"https:\/\/www.bechmann.org\/amphibium\/flchtlinge-nach-marokko-bringen\/","url_meta":{"origin":6,"position":1},"title":"Fl&uuml;chtlinge nach Marokko bringen","author":"Oliver","date":"27. Oktober 2018","format":false,"excerpt":"Man kann in eine Gasse in Genua fahren, an deren Eingang ein Schild darauf verweist, dass der Weg nur zwei Meter breit ist. Man muss es aber nicht. Wenn man es mit einem 2,30 Meter breiten Unimog dennoch tut, weil das Lkw-(!)-Navigationssystem dahinter einen Parkplatz w\u00e4hnt, sollte man sich nicht\u2026","rel":"","context":"In &quot;Land&quot;","block_context":{"text":"Land","link":"https:\/\/www.bechmann.org\/amphibium\/category\/land\/"},"img":{"alt_text":"faehre-2","src":"https:\/\/i0.wp.com\/www.bechmann.org\/amphibium\/wp-content\/uploads\/faehre-2_thumb.jpg?resize=350%2C200&ssl=1","width":350,"height":200,"srcset":"https:\/\/i0.wp.com\/www.bechmann.org\/amphibium\/wp-content\/uploads\/faehre-2_thumb.jpg?resize=350%2C200&ssl=1 1x, https:\/\/i0.wp.com\/www.bechmann.org\/amphibium\/wp-content\/uploads\/faehre-2_thumb.jpg?resize=525%2C300&ssl=1 1.5x, https:\/\/i0.wp.com\/www.bechmann.org\/amphibium\/wp-content\/uploads\/faehre-2_thumb.jpg?resize=700%2C400&ssl=1 2x"},"classes":[]},{"id":460,"url":"https:\/\/www.bechmann.org\/amphibium\/vorbereitungen-fuer-marokko-tour\/","url_meta":{"origin":6,"position":2},"title":"Vorbereitungen f\u00fcr Marokko-Tour","author":"Oliver","date":"21. M\u00e4rz 2014","format":false,"excerpt":"In rund zwei Wochen geht es endlich nach Marokko. Nach unserer Offroad-Tour nach Andalusien im vergangenen Jahr nun das \u00dcbersetzen auf den afrikanischen Kontinent! Der Landy hat nunmehr den Ersatzreifen auf der Motorhaube, die Motorhaube ist ged\u00e4mpft, Hohlr\u00e4ume versiegelt, und der Defender besitzt einen \u00dcberrollb\u00fcgel. Worum es geht, vermittelt ein\u2026","rel":"","context":"In &quot;Land&quot;","block_context":{"text":"Land","link":"https:\/\/www.bechmann.org\/amphibium\/category\/land\/"},"img":{"alt_text":"Wichtige Aufkleber","src":"https:\/\/i0.wp.com\/www.bechmann.org\/amphibium\/wp-content\/uploads\/20140313-175233.jpg?resize=350%2C200","width":350,"height":200,"srcset":"https:\/\/i0.wp.com\/www.bechmann.org\/amphibium\/wp-content\/uploads\/20140313-175233.jpg?resize=350%2C200 1x, https:\/\/i0.wp.com\/www.bechmann.org\/amphibium\/wp-content\/uploads\/20140313-175233.jpg?resize=525%2C300 1.5x, https:\/\/i0.wp.com\/www.bechmann.org\/amphibium\/wp-content\/uploads\/20140313-175233.jpg?resize=700%2C400 2x"},"classes":[]},{"id":774,"url":"https:\/\/www.bechmann.org\/amphibium\/heimfahrten\/","url_meta":{"origin":6,"position":3},"title":"Way back home","author":"Oliver","date":"8. November 2014","format":false,"excerpt":"Heimfahrt: Was zu erz\u00e4hlen bleibt, l\u00e4sst sich in Bildern erz\u00e4hlen. Wozu betonen und ausf\u00fchren, dass die R\u00fcckkehr immer ein eher trauriger Vorgang ist? Zweieinhalb Tage auf der F\u00e4hre zwischen Tanger und Genua geben einem die M\u00f6glichkeit, Notizen nachzutragen und alle die B\u00fccher zu lesen, die man bislang nicht einmal angefasst\u2026","rel":"","context":"In &quot;Land&quot;","block_context":{"text":"Land","link":"https:\/\/www.bechmann.org\/amphibium\/category\/land\/"},"img":{"alt_text":"Einschiffen in Tanger","src":"https:\/\/i0.wp.com\/www.bechmann.org\/amphibium\/wp-content\/uploads\/IMG_3454.jpg?resize=350%2C200","width":350,"height":200,"srcset":"https:\/\/i0.wp.com\/www.bechmann.org\/amphibium\/wp-content\/uploads\/IMG_3454.jpg?resize=350%2C200 1x, https:\/\/i0.wp.com\/www.bechmann.org\/amphibium\/wp-content\/uploads\/IMG_3454.jpg?resize=525%2C300 1.5x, https:\/\/i0.wp.com\/www.bechmann.org\/amphibium\/wp-content\/uploads\/IMG_3454.jpg?resize=700%2C400 2x, https:\/\/i0.wp.com\/www.bechmann.org\/amphibium\/wp-content\/uploads\/IMG_3454.jpg?resize=1050%2C600 3x, https:\/\/i0.wp.com\/www.bechmann.org\/amphibium\/wp-content\/uploads\/IMG_3454.jpg?resize=1400%2C800 4x"},"classes":[]},{"id":940,"url":"https:\/\/www.bechmann.org\/amphibium\/anlegen-in-tanger-ab-nach-chefchaouen\/","url_meta":{"origin":6,"position":4},"title":"Anlegen in Tanger, ab nach Chefchaouen","author":"Oliver","date":"10. Oktober 2015","format":false,"excerpt":"\u00a0 Wir kommen abends in Chefchaouen, der \u201cblauen Stadt\u201d an. Viele H\u00e4user sind blau gestrichen, daher der Name. Kaum angekommen, brechen wir schon zum Abendessen auf, gegen 19 Uhr wird es dunkel. Das Essen entspricht dem, was Vegetarier wie wir in den n\u00e4chsten beiden zweieinhalb Wochen st\u00e4ndig zu uns nehmen\u2026","rel":"","context":"In &quot;Land&quot;","block_context":{"text":"Land","link":"https:\/\/www.bechmann.org\/amphibium\/category\/land\/"},"img":{"alt_text":"IMG_7589","src":"https:\/\/i0.wp.com\/www.bechmann.org\/amphibium\/wp-content\/uploads\/IMG_7589_thumb.jpg?resize=350%2C200","width":350,"height":200,"srcset":"https:\/\/i0.wp.com\/www.bechmann.org\/amphibium\/wp-content\/uploads\/IMG_7589_thumb.jpg?resize=350%2C200 1x, https:\/\/i0.wp.com\/www.bechmann.org\/amphibium\/wp-content\/uploads\/IMG_7589_thumb.jpg?resize=525%2C300 1.5x"},"classes":[]},{"id":531,"url":"https:\/\/www.bechmann.org\/amphibium\/stuermische-strandspaziergaenge-am-mittelmeer\/","url_meta":{"origin":6,"position":5},"title":"St\u00fcrmische Strandspazierg\u00e4nge am Mittelmeer","author":"Oliver","date":"5. November 2014","format":false,"excerpt":"Zeit zum Aufwiedersehensagen: Rolf bleibt mitsamt seinem Magirus in Marokko und tourt weitere drei Wochen mit seiner Frau, die per Flugzeug anreist. Hubertus und B\u00e4rbel fahren im Iveco nach Tanger, um nach Spanien \u00fcberzusetzen und dort weiter zu \"cruisen\". Andr\u00e9 und Holger im IFA sowie\u00a0Beate und ich im Unimog steuern\u2026","rel":"","context":"In &quot;Land&quot;","block_context":{"text":"Land","link":"https:\/\/www.bechmann.org\/amphibium\/category\/land\/"},"img":{"alt_text":"Beate bei der Abfahrt","src":"https:\/\/i0.wp.com\/www.bechmann.org\/amphibium\/wp-content\/uploads\/IMG_3442.jpg?resize=350%2C200","width":350,"height":200,"srcset":"https:\/\/i0.wp.com\/www.bechmann.org\/amphibium\/wp-content\/uploads\/IMG_3442.jpg?resize=350%2C200 1x, https:\/\/i0.wp.com\/www.bechmann.org\/amphibium\/wp-content\/uploads\/IMG_3442.jpg?resize=525%2C300 1.5x, https:\/\/i0.wp.com\/www.bechmann.org\/amphibium\/wp-content\/uploads\/IMG_3442.jpg?resize=700%2C400 2x, https:\/\/i0.wp.com\/www.bechmann.org\/amphibium\/wp-content\/uploads\/IMG_3442.jpg?resize=1050%2C600 3x, https:\/\/i0.wp.com\/www.bechmann.org\/amphibium\/wp-content\/uploads\/IMG_3442.jpg?resize=1400%2C800 4x"},"classes":[]}],"jetpack_sharing_enabled":true,"_links":{"self":[{"href":"https:\/\/www.bechmann.org\/amphibium\/wp-json\/wp\/v2\/posts\/6","targetHints":{"allow":["GET"]}}],"collection":[{"href":"https:\/\/www.bechmann.org\/amphibium\/wp-json\/wp\/v2\/posts"}],"about":[{"href":"https:\/\/www.bechmann.org\/amphibium\/wp-json\/wp\/v2\/types\/post"}],"author":[{"embeddable":true,"href":"https:\/\/www.bechmann.org\/amphibium\/wp-json\/wp\/v2\/users\/1"}],"replies":[{"embeddable":true,"href":"https:\/\/www.bechmann.org\/amphibium\/wp-json\/wp\/v2\/comments?post=6"}],"version-history":[{"count":10,"href":"https:\/\/www.bechmann.org\/amphibium\/wp-json\/wp\/v2\/posts\/6\/revisions"}],"predecessor-version":[{"id":798,"href":"https:\/\/www.bechmann.org\/amphibium\/wp-json\/wp\/v2\/posts\/6\/revisions\/798"}],"wp:attachment":[{"href":"https:\/\/www.bechmann.org\/amphibium\/wp-json\/wp\/v2\/media?parent=6"}],"wp:term":[{"taxonomy":"category","embeddable":true,"href":"https:\/\/www.bechmann.org\/amphibium\/wp-json\/wp\/v2\/categories?post=6"},{"taxonomy":"post_tag","embeddable":true,"href":"https:\/\/www.bechmann.org\/amphibium\/wp-json\/wp\/v2\/tags?post=6"}],"curies":[{"name":"wp","href":"https:\/\/api.w.org\/{rel}","templated":true}]}}