{"id":5771,"date":"2021-04-20T19:35:00","date_gmt":"2021-04-20T17:35:00","guid":{"rendered":"https:\/\/www.bechmann.org\/amphibium\/?p=5771"},"modified":"2021-10-29T21:18:34","modified_gmt":"2021-10-29T19:18:34","slug":"frieden-freiheit-in-fraaigelegen","status":"publish","type":"post","link":"https:\/\/www.bechmann.org\/amphibium\/frieden-freiheit-in-fraaigelegen\/","title":{"rendered":"Frieden &#038; Freiheit in Fraaigelegen"},"content":{"rendered":"\n<figure class=\"wp-block-image size-large\"><img data-recalc-dims=\"1\" loading=\"lazy\" decoding=\"async\" width=\"625\" height=\"469\" data-attachment-id=\"5855\" data-permalink=\"https:\/\/www.bechmann.org\/amphibium\/frieden-freiheit-in-fraaigelegen\/img_20210418_114623-1\/\" data-orig-file=\"https:\/\/i0.wp.com\/www.bechmann.org\/amphibium\/wp-content\/uploads\/IMG_20210418_114623-1.jpg?fit=1800%2C1350&amp;ssl=1\" data-orig-size=\"1800,1350\" data-comments-opened=\"0\" data-image-meta=\"{&quot;aperture&quot;:&quot;0&quot;,&quot;credit&quot;:&quot;&quot;,&quot;camera&quot;:&quot;&quot;,&quot;caption&quot;:&quot;&quot;,&quot;created_timestamp&quot;:&quot;0&quot;,&quot;copyright&quot;:&quot;&quot;,&quot;focal_length&quot;:&quot;0&quot;,&quot;iso&quot;:&quot;0&quot;,&quot;shutter_speed&quot;:&quot;0&quot;,&quot;title&quot;:&quot;&quot;,&quot;orientation&quot;:&quot;1&quot;}\" data-image-title=\"IMG_20210418_114623-1\" data-image-description=\"\" data-image-caption=\"\" data-large-file=\"https:\/\/i0.wp.com\/www.bechmann.org\/amphibium\/wp-content\/uploads\/IMG_20210418_114623-1.jpg?fit=625%2C469&amp;ssl=1\" src=\"https:\/\/i0.wp.com\/www.bechmann.org\/amphibium\/wp-content\/uploads\/IMG_20210418_114623-1.jpg?resize=625%2C469&#038;ssl=1\" alt=\"\" class=\"wp-image-5855\" srcset=\"https:\/\/i0.wp.com\/www.bechmann.org\/amphibium\/wp-content\/uploads\/IMG_20210418_114623-1.jpg?resize=1024%2C768&amp;ssl=1 1024w, https:\/\/i0.wp.com\/www.bechmann.org\/amphibium\/wp-content\/uploads\/IMG_20210418_114623-1.jpg?resize=300%2C225&amp;ssl=1 300w, https:\/\/i0.wp.com\/www.bechmann.org\/amphibium\/wp-content\/uploads\/IMG_20210418_114623-1.jpg?resize=768%2C576&amp;ssl=1 768w, https:\/\/i0.wp.com\/www.bechmann.org\/amphibium\/wp-content\/uploads\/IMG_20210418_114623-1.jpg?resize=1536%2C1152&amp;ssl=1 1536w, https:\/\/i0.wp.com\/www.bechmann.org\/amphibium\/wp-content\/uploads\/IMG_20210418_114623-1.jpg?resize=624%2C468&amp;ssl=1 624w, https:\/\/i0.wp.com\/www.bechmann.org\/amphibium\/wp-content\/uploads\/IMG_20210418_114623-1.jpg?w=1800&amp;ssl=1 1800w, https:\/\/i0.wp.com\/www.bechmann.org\/amphibium\/wp-content\/uploads\/IMG_20210418_114623-1.jpg?w=1250&amp;ssl=1 1250w\" sizes=\"auto, (max-width: 625px) 100vw, 625px\" \/><\/figure>\n\n\n\n<p>Manchmal ist man in der Ferne, und kommt nach Hause. Doch man muss erst einmal ankommen. Venishree und J\u00fcrgen Mayer haben die Managerwelt verlassen und sind in einer kleinen Farm bei Tulbaugh angekommen.<\/p>\n\n\n\n<p>Mittlerweile haben sie viel Erfolg mit ihren pr\u00e4miierten Oliven\u00f6len (<a rel=\"noreferrer noopener\" href=\"https:\/\/www.fraaigelegenfarm.co.za\/adharaevoo.html\" target=\"_blank\">-> Adhara Evoo<\/a> &amp; <a rel=\"noreferrer noopener\" href=\"https:\/\/capegoods.com\/shop\/\" target=\"_blank\">-> CapeGoods<\/a>). Und sehnen sich dennoch manchmal wieder nach der Managerwelt. Sie vermieten auf ihren 500 Hektar Land &#8211; allzu gro\u00df ist die <a rel=\"noreferrer noopener\" href=\"https:\/\/www.fraaigelegenfarm.co.za\/\" target=\"_blank\">Fraaigelegen-Farm<\/a> f\u00fcr s\u00fcdafrikanische Verh\u00e4ltnisse also nicht &#8211; auch einige Cottages f\u00fcr Selbstversorger und einige Stellpl\u00e4tze auf der Campsite. F\u00fcr letztere machen sie kaum Werbung &#8211; an der nahelegenen Landstra\u00dfe verweist kein Schild darauf, und sie sind nur in Smartphone-Apps vertreten, die Overlander kennen.<\/p>\n\n\n\n<h3 class=\"wp-block-heading\">Keine Radaubr\u00fcder<\/h3>\n\n\n\n<p>&#8222;Ich will hier keine Radaubr\u00fcder haben&#8220;, erkl\u00e4rt mir J\u00fcrgen am Lagerfeuer sp\u00e4ter; wenn ein junger Mann anrufe, stelle er gleich die Frage, ob es sich um einen Junggesellenabschied handele &#8211; &#8222;ich wei\u00df, wie ich fr\u00fcher war&#8220;, meint er dann grinsend, &#8222;und ich m\u00f6chte den damaligen J\u00fcrgen nicht als Gast haben&#8220;. Tats\u00e4chlich muss man tief in den Busch in eine Offgrid-Ecke fahren, um den feier- und trinkfreudigen S\u00fcdafrikanern, die die famili\u00e4re Geselligkeit sehr sch\u00e4tzen, zu entgehen. <\/p>\n\n\n\n<!--more-->\n\n\n\n<p>Tja, das alte Thema. In S\u00fcdafrika, so habe ich nicht zum ersten Mal erfahren, gibt es jede Menge Regeln &#8211; die aber nicht durchgesetzt oder erst recht nicht befolgt werden. Auf der <a href=\"https:\/\/www.bechmann.org\/amphibium\/suedafrika-das-land-ist-verloren\/\" data-type=\"post\" data-id=\"5600\">Beaverlac Campsite<\/a> strotzte es nur von Verweisen auf die Benimm-Regeln an jeder Ecke, inkl. der Drohung, sofort bei Zuwiderhandlung des Platzes verwiesen zu werden. Hat sich jemand dran gehalten? Nein. Ist jemand rausgeschmissen oder auch nur angesprochen worden? Nein.<\/p>\n\n\n\n<h3 class=\"wp-block-heading\">Seltene Verbindung<\/h3>\n\n\n\n<p>Im s\u00fcdafrikanischen <a rel=\"noreferrer noopener\" href=\"https:\/\/www.4x4community.co.za\/forum\/\" data-type=\"URL\" data-id=\"https:\/\/www.4x4community.co.za\/forum\/\" target=\"_blank\">4x4community.co.za<\/a>-Forum findet sich ein Thread, der dergleichen thematisiert &#8211; die einzige Chance, den lautstarken Landsleuten zu entgehen, ist, so tief wie m\u00f6glich in den Busch zu fahren und weit weg von der Stelle, wo der letzte 220 Volt-Stromanschluss zu finden ist, zu sein. Scheint ein bisschen typisch f\u00fcr das Land zu sein. <a href=\"https:\/\/www.bechmann.org\/amphibium\/suedafrika-das-land-ist-verloren\/\" data-type=\"post\" data-id=\"5600\">Aber das ist ja eh verloren&#8230; <\/a><\/p>\n\n\n\n<p>J\u00fcrgen und ich verstehen uns auf Anhieb gut; und es kann kein Zweifel daran bestehen, dass er ein liberaler, offener, welterfahrener Mensch ist &#8211; verheiratet mit einer S\u00fcdafrikanerin indischer Herkunft. Eine eher seltene Verbindung in S\u00fcdafrika, wo die Vertreter der diversen Hautfarben und ihrer Nuancierungen eher unter sich bleiben. Und so wissen die beiden aufs Thema Rassismus angesprochen zu berichten, dass Rassismus nicht der wei\u00dfen Elite vorbehalten bleibt. <\/p>\n\n\n\n<h3 class=\"wp-block-heading\">Alle Hautfarben k\u00f6nnen Rassismus<\/h3>\n\n\n\n<p>Sie erz\u00e4hlen etwa, dass die verschiedenen Angeh\u00f6rigen von Xhosa und Zulu aufeinander herbabblicken, dass die freundlichen und friedlichen San sowieso schon immer von allen verfolgt und verdr\u00e4ngt wurden, und dass etwa Venishrees indische Gro\u00dfmutter der Meinung war, dass der Teint ihrer Enkelin viel zu dunkel und diese darob zu versto\u00dfen sei. <\/p>\n\n\n\n<p>Da J\u00fcrgen mich &#8222;gegooglet&#8220; hat, wei\u00df er um meinen Beruf als Krav Maga Instructor &#8211; und daher sprechen wir alsbald \u00fcber Selbstverteidigung und Sicherheit. Wenn einem etwas das Land verg\u00e4llen kann, dann die weit verbreitete und meist auch extreme Gewalt, die meist mit Schusswaffengebrauch, enormer Brutalit\u00e4t und Grausamkeit einhergeht. In Beaverlac hatte ein Gespr\u00e4chspartner die launige Bemerkung von sich gegeben, dass man bei einer Reifenpanne am Stra\u00dfenrand nicht wisse, ob die Insassen eines anhaltenden Autos einem helfen oder einen erschiessen wollen&#8230;<\/p>\n\n\n\n<div class=\"wp-block-jetpack-tiled-gallery aligncenter is-style-rectangular\"><div class=\"tiled-gallery__gallery\"><div class=\"tiled-gallery__row\"><div class=\"tiled-gallery__col\" style=\"flex-basis:66.80491%\"><figure class=\"tiled-gallery__item\"><img decoding=\"async\" data-attachment-id=\"5866\" data-permalink=\"https:\/\/www.bechmann.org\/amphibium\/frieden-freiheit-in-fraaigelegen\/img_20210418_152511\/\" data-orig-file=\"https:\/\/i0.wp.com\/www.bechmann.org\/amphibium\/wp-content\/uploads\/IMG_20210418_152511.jpg?fit=1800%2C1350&amp;ssl=1\" data-orig-size=\"1800,1350\" data-comments-opened=\"0\" data-image-meta=\"{&quot;aperture&quot;:&quot;1.8&quot;,&quot;credit&quot;:&quot;&quot;,&quot;camera&quot;:&quot;FP3&quot;,&quot;caption&quot;:&quot;&quot;,&quot;created_timestamp&quot;:&quot;1618759511&quot;,&quot;copyright&quot;:&quot;&quot;,&quot;focal_length&quot;:&quot;3.56&quot;,&quot;iso&quot;:&quot;100&quot;,&quot;shutter_speed&quot;:&quot;0.00024003840614498&quot;,&quot;title&quot;:&quot;&quot;,&quot;orientation&quot;:&quot;1&quot;}\" data-image-title=\"IMG_20210418_152511\" data-image-description=\"\" data-image-caption=\"\" data-large-file=\"https:\/\/i0.wp.com\/www.bechmann.org\/amphibium\/wp-content\/uploads\/IMG_20210418_152511.jpg?fit=625%2C469&amp;ssl=1\" data-attachment-id=\"5866\" data-permalink=\"https:\/\/www.bechmann.org\/amphibium\/frieden-freiheit-in-fraaigelegen\/img_20210418_152511\/\" data-orig-file=\"https:\/\/i0.wp.com\/www.bechmann.org\/amphibium\/wp-content\/uploads\/IMG_20210418_152511.jpg?fit=1800%2C1350&amp;ssl=1\" data-orig-size=\"1800,1350\" data-comments-opened=\"0\" data-image-meta=\"{&quot;aperture&quot;:&quot;1.8&quot;,&quot;credit&quot;:&quot;&quot;,&quot;camera&quot;:&quot;FP3&quot;,&quot;caption&quot;:&quot;&quot;,&quot;created_timestamp&quot;:&quot;1618759511&quot;,&quot;copyright&quot;:&quot;&quot;,&quot;focal_length&quot;:&quot;3.56&quot;,&quot;iso&quot;:&quot;100&quot;,&quot;shutter_speed&quot;:&quot;0.00024003840614498&quot;,&quot;title&quot;:&quot;&quot;,&quot;orientation&quot;:&quot;1&quot;}\" data-image-title=\"IMG_20210418_152511\" data-image-description=\"\" data-image-caption=\"\" data-large-file=\"https:\/\/i0.wp.com\/www.bechmann.org\/amphibium\/wp-content\/uploads\/IMG_20210418_152511.jpg?fit=625%2C469&amp;ssl=1\" role=\"button\" tabindex=\"0\" aria-label=\"Bild\u00a01 von 3 im Vollbildmodus \u00f6ffnen\"srcset=\"https:\/\/i1.wp.com\/www.bechmann.org\/amphibium\/wp-content\/uploads\/IMG_20210418_152511-1024x768.jpg?strip=info&#038;w=600&#038;ssl=1 600w,https:\/\/i1.wp.com\/www.bechmann.org\/amphibium\/wp-content\/uploads\/IMG_20210418_152511-1024x768.jpg?strip=info&#038;w=900&#038;ssl=1 900w,https:\/\/i1.wp.com\/www.bechmann.org\/amphibium\/wp-content\/uploads\/IMG_20210418_152511-1024x768.jpg?strip=info&#038;w=1200&#038;ssl=1 1200w,https:\/\/i1.wp.com\/www.bechmann.org\/amphibium\/wp-content\/uploads\/IMG_20210418_152511-1024x768.jpg?strip=info&#038;w=1500&#038;ssl=1 1500w,https:\/\/i1.wp.com\/www.bechmann.org\/amphibium\/wp-content\/uploads\/IMG_20210418_152511-1024x768.jpg?strip=info&#038;w=1800&#038;ssl=1 1800w\" alt=\"\" data-height=\"1350\" data-id=\"5866\" data-link=\"https:\/\/www.bechmann.org\/amphibium\/?attachment_id=5866\" data-url=\"https:\/\/www.bechmann.org\/amphibium\/wp-content\/uploads\/IMG_20210418_152511-1024x768.jpg\" data-width=\"1800\" src=\"https:\/\/i1.wp.com\/www.bechmann.org\/amphibium\/wp-content\/uploads\/IMG_20210418_152511-1024x768.jpg?ssl=1\" data-amp-layout=\"responsive\"\/><\/figure><\/div><div class=\"tiled-gallery__col\" style=\"flex-basis:33.19509%\"><figure class=\"tiled-gallery__item\"><img decoding=\"async\" data-attachment-id=\"5864\" data-permalink=\"https:\/\/www.bechmann.org\/amphibium\/frieden-freiheit-in-fraaigelegen\/img_20210418_145845-1\/\" data-orig-file=\"https:\/\/i0.wp.com\/www.bechmann.org\/amphibium\/wp-content\/uploads\/IMG_20210418_145845-1.jpg?fit=1800%2C1350&amp;ssl=1\" data-orig-size=\"1800,1350\" data-comments-opened=\"0\" data-image-meta=\"{&quot;aperture&quot;:&quot;1.8&quot;,&quot;credit&quot;:&quot;&quot;,&quot;camera&quot;:&quot;FP3&quot;,&quot;caption&quot;:&quot;&quot;,&quot;created_timestamp&quot;:&quot;1618757925&quot;,&quot;copyright&quot;:&quot;&quot;,&quot;focal_length&quot;:&quot;3.56&quot;,&quot;iso&quot;:&quot;101&quot;,&quot;shutter_speed&quot;:&quot;0.00031308703819662&quot;,&quot;title&quot;:&quot;&quot;,&quot;orientation&quot;:&quot;1&quot;}\" data-image-title=\"IMG_20210418_145845-1\" data-image-description=\"\" data-image-caption=\"\" data-large-file=\"https:\/\/i0.wp.com\/www.bechmann.org\/amphibium\/wp-content\/uploads\/IMG_20210418_145845-1.jpg?fit=625%2C469&amp;ssl=1\" data-attachment-id=\"5864\" data-permalink=\"https:\/\/www.bechmann.org\/amphibium\/frieden-freiheit-in-fraaigelegen\/img_20210418_145845-1\/\" data-orig-file=\"https:\/\/i0.wp.com\/www.bechmann.org\/amphibium\/wp-content\/uploads\/IMG_20210418_145845-1.jpg?fit=1800%2C1350&amp;ssl=1\" data-orig-size=\"1800,1350\" data-comments-opened=\"0\" data-image-meta=\"{&quot;aperture&quot;:&quot;1.8&quot;,&quot;credit&quot;:&quot;&quot;,&quot;camera&quot;:&quot;FP3&quot;,&quot;caption&quot;:&quot;&quot;,&quot;created_timestamp&quot;:&quot;1618757925&quot;,&quot;copyright&quot;:&quot;&quot;,&quot;focal_length&quot;:&quot;3.56&quot;,&quot;iso&quot;:&quot;101&quot;,&quot;shutter_speed&quot;:&quot;0.00031308703819662&quot;,&quot;title&quot;:&quot;&quot;,&quot;orientation&quot;:&quot;1&quot;}\" data-image-title=\"IMG_20210418_145845-1\" data-image-description=\"\" data-image-caption=\"\" data-large-file=\"https:\/\/i0.wp.com\/www.bechmann.org\/amphibium\/wp-content\/uploads\/IMG_20210418_145845-1.jpg?fit=625%2C469&amp;ssl=1\" role=\"button\" tabindex=\"0\" aria-label=\"Bild\u00a02 von 3 im Vollbildmodus \u00f6ffnen\"srcset=\"https:\/\/i2.wp.com\/www.bechmann.org\/amphibium\/wp-content\/uploads\/IMG_20210418_145845-1-1024x768.jpg?strip=info&#038;w=600&#038;ssl=1 600w,https:\/\/i2.wp.com\/www.bechmann.org\/amphibium\/wp-content\/uploads\/IMG_20210418_145845-1-1024x768.jpg?strip=info&#038;w=900&#038;ssl=1 900w,https:\/\/i2.wp.com\/www.bechmann.org\/amphibium\/wp-content\/uploads\/IMG_20210418_145845-1-1024x768.jpg?strip=info&#038;w=1200&#038;ssl=1 1200w,https:\/\/i2.wp.com\/www.bechmann.org\/amphibium\/wp-content\/uploads\/IMG_20210418_145845-1-1024x768.jpg?strip=info&#038;w=1500&#038;ssl=1 1500w,https:\/\/i2.wp.com\/www.bechmann.org\/amphibium\/wp-content\/uploads\/IMG_20210418_145845-1-1024x768.jpg?strip=info&#038;w=1800&#038;ssl=1 1800w\" alt=\"\" data-height=\"1350\" data-id=\"5864\" data-link=\"https:\/\/www.bechmann.org\/amphibium\/?attachment_id=5864\" data-url=\"https:\/\/www.bechmann.org\/amphibium\/wp-content\/uploads\/IMG_20210418_145845-1-1024x768.jpg\" data-width=\"1800\" src=\"https:\/\/i2.wp.com\/www.bechmann.org\/amphibium\/wp-content\/uploads\/IMG_20210418_145845-1-1024x768.jpg?ssl=1\" data-amp-layout=\"responsive\"\/><\/figure><figure class=\"tiled-gallery__item\"><img decoding=\"async\" data-attachment-id=\"5865\" data-permalink=\"https:\/\/www.bechmann.org\/amphibium\/frieden-freiheit-in-fraaigelegen\/img_20210418_150619\/\" data-orig-file=\"https:\/\/i0.wp.com\/www.bechmann.org\/amphibium\/wp-content\/uploads\/IMG_20210418_150619.jpg?fit=1800%2C1350&amp;ssl=1\" data-orig-size=\"1800,1350\" data-comments-opened=\"0\" data-image-meta=\"{&quot;aperture&quot;:&quot;1.8&quot;,&quot;credit&quot;:&quot;&quot;,&quot;camera&quot;:&quot;FP3&quot;,&quot;caption&quot;:&quot;&quot;,&quot;created_timestamp&quot;:&quot;1618758379&quot;,&quot;copyright&quot;:&quot;&quot;,&quot;focal_length&quot;:&quot;3.56&quot;,&quot;iso&quot;:&quot;101&quot;,&quot;shutter_speed&quot;:&quot;0.00071994240460763&quot;,&quot;title&quot;:&quot;&quot;,&quot;orientation&quot;:&quot;1&quot;}\" data-image-title=\"IMG_20210418_150619\" data-image-description=\"\" data-image-caption=\"\" data-large-file=\"https:\/\/i0.wp.com\/www.bechmann.org\/amphibium\/wp-content\/uploads\/IMG_20210418_150619.jpg?fit=625%2C469&amp;ssl=1\" data-attachment-id=\"5865\" data-permalink=\"https:\/\/www.bechmann.org\/amphibium\/frieden-freiheit-in-fraaigelegen\/img_20210418_150619\/\" data-orig-file=\"https:\/\/i0.wp.com\/www.bechmann.org\/amphibium\/wp-content\/uploads\/IMG_20210418_150619.jpg?fit=1800%2C1350&amp;ssl=1\" data-orig-size=\"1800,1350\" data-comments-opened=\"0\" data-image-meta=\"{&quot;aperture&quot;:&quot;1.8&quot;,&quot;credit&quot;:&quot;&quot;,&quot;camera&quot;:&quot;FP3&quot;,&quot;caption&quot;:&quot;&quot;,&quot;created_timestamp&quot;:&quot;1618758379&quot;,&quot;copyright&quot;:&quot;&quot;,&quot;focal_length&quot;:&quot;3.56&quot;,&quot;iso&quot;:&quot;101&quot;,&quot;shutter_speed&quot;:&quot;0.00071994240460763&quot;,&quot;title&quot;:&quot;&quot;,&quot;orientation&quot;:&quot;1&quot;}\" data-image-title=\"IMG_20210418_150619\" data-image-description=\"\" data-image-caption=\"\" data-large-file=\"https:\/\/i0.wp.com\/www.bechmann.org\/amphibium\/wp-content\/uploads\/IMG_20210418_150619.jpg?fit=625%2C469&amp;ssl=1\" role=\"button\" tabindex=\"0\" aria-label=\"Bild\u00a03 von 3 im Vollbildmodus \u00f6ffnen\"srcset=\"https:\/\/i0.wp.com\/www.bechmann.org\/amphibium\/wp-content\/uploads\/IMG_20210418_150619-1024x768.jpg?strip=info&#038;w=600&#038;ssl=1 600w,https:\/\/i0.wp.com\/www.bechmann.org\/amphibium\/wp-content\/uploads\/IMG_20210418_150619-1024x768.jpg?strip=info&#038;w=900&#038;ssl=1 900w,https:\/\/i0.wp.com\/www.bechmann.org\/amphibium\/wp-content\/uploads\/IMG_20210418_150619-1024x768.jpg?strip=info&#038;w=1200&#038;ssl=1 1200w,https:\/\/i0.wp.com\/www.bechmann.org\/amphibium\/wp-content\/uploads\/IMG_20210418_150619-1024x768.jpg?strip=info&#038;w=1500&#038;ssl=1 1500w,https:\/\/i0.wp.com\/www.bechmann.org\/amphibium\/wp-content\/uploads\/IMG_20210418_150619-1024x768.jpg?strip=info&#038;w=1800&#038;ssl=1 1800w\" alt=\"\" data-height=\"1350\" data-id=\"5865\" data-link=\"https:\/\/www.bechmann.org\/amphibium\/?attachment_id=5865\" data-url=\"https:\/\/www.bechmann.org\/amphibium\/wp-content\/uploads\/IMG_20210418_150619-1024x768.jpg\" data-width=\"1800\" src=\"https:\/\/i0.wp.com\/www.bechmann.org\/amphibium\/wp-content\/uploads\/IMG_20210418_150619-1024x768.jpg?ssl=1\" data-amp-layout=\"responsive\"\/><\/figure><\/div><\/div><\/div><\/div>\n\n\n\n<p>In Fraaigelegen versucht man dennoch entspannt zu bleiben und sich der Festungsmentalit\u00e4t der meisten wei\u00dfen S\u00fcdafrikaner zu entziehen. J\u00fcrgen und Venishree setzen auf den Abschreckungseffekt ihrer Hunde; und nicht viel mehr. Den Nachbarn, die wir in Stellenbosch in ihren H\u00e4usern mit hohen Mauern, Glassplittern und Elektrodraht oben drauf, besch\u00fctzt durch Video\u00fcberwachung und &#8222;Armed Response&#8220;-Patrouillen, kennengelernt haben, m\u00fcssen die Mayers bedenklich naiv vorkommen.<\/p>\n\n\n\n<p>Ganz \u00e4hnlich geht es bei Freunden der Fraaigelegen Farm zu: Auch Peter und Martin von der Fynbos Guest Farm pflegen einen offenen Stil und betreiben vor allem ein <em>Animal Sanctuary<\/em> &#8211; ein privates Tierrefugium mit sympathisch spirituellem Charakter. Ein Ort des Friedens und der Freude &#8211; eine Atmosph\u00e4re nicht un\u00e4hnlich der <a href=\"https:\/\/www.bechmann.org\/amphibium\/homesweethome-enjo\/\" data-type=\"post\" data-id=\"5598\">Enjo Nature Farm<\/a>. Dazu mehr im n\u00e4chsten Beitrag&#8230;<\/p>\n","protected":false},"excerpt":{"rendered":"<p>Manchmal ist man in der Ferne, und kommt nach Hause. Doch man muss erst einmal ankommen. Venishree und J\u00fcrgen Mayer haben die Managerwelt verlassen und sind in einer kleinen Farm bei Tulbaugh angekommen. Mittlerweile haben sie viel Erfolg mit ihren pr\u00e4miierten Oliven\u00f6len (-> Adhara Evoo &amp; -> CapeGoods). Und sehnen sich dennoch manchmal wieder nach [&hellip;]<\/p>\n","protected":false},"author":1,"featured_media":0,"comment_status":"open","ping_status":"open","sticky":false,"template":"","format":"standard","meta":{"jetpack_post_was_ever_published":false,"_jetpack_newsletter_access":"","_jetpack_dont_email_post_to_subs":false,"_jetpack_newsletter_tier_id":0,"_jetpack_memberships_contains_paywalled_content":false,"_jetpack_memberships_contains_paid_content":false,"footnotes":"","jetpack_publicize_message":"","jetpack_publicize_feature_enabled":true,"jetpack_social_post_already_shared":true,"jetpack_social_options":{"image_generator_settings":{"template":"highway","default_image_id":0,"font":"","enabled":false},"version":2}},"categories":[2],"tags":[699,706,599,705],"class_list":["post-5771","post","type-post","status-publish","format-standard","hentry","category-land","tag-fraaigelegen-guest-farm","tag-juergen-mayer","tag-suedafrika","tag-venishree-mayer"],"jetpack_publicize_connections":[],"jetpack_featured_media_url":"","jetpack_shortlink":"https:\/\/wp.me\/p4DyUk-1v5","jetpack-related-posts":[{"id":5602,"url":"https:\/\/www.bechmann.org\/amphibium\/landy-im-death-wobble\/","url_meta":{"origin":5771,"position":0},"title":"Landy im Death Wobble","author":"Oliver","date":"18. April 2021","format":false,"excerpt":"Serpentinenpfad bei Beaverlac Auf dem Weg von der Beaverlac Campsite gen S\u00fcden f\u00e4ngt die Lenkung des Landys zu r\u00fctteln an, und eine Weile kann ich mir erfolgreich einreden, dass ich mir das nur einbilde. So was passiert immer wieder; gerade, wenn man alleine ist und niemand anderes dabei, der als\u2026","rel":"","context":"In &quot;Land&quot;","block_context":{"text":"Land","link":"https:\/\/www.bechmann.org\/amphibium\/category\/land\/"},"img":{"alt_text":"","src":"https:\/\/i0.wp.com\/www.bechmann.org\/amphibium\/wp-content\/uploads\/IMG_5448_bearbeitet.jpg?resize=350%2C200&ssl=1","width":350,"height":200,"srcset":"https:\/\/i0.wp.com\/www.bechmann.org\/amphibium\/wp-content\/uploads\/IMG_5448_bearbeitet.jpg?resize=350%2C200&ssl=1 1x, https:\/\/i0.wp.com\/www.bechmann.org\/amphibium\/wp-content\/uploads\/IMG_5448_bearbeitet.jpg?resize=525%2C300&ssl=1 1.5x, https:\/\/i0.wp.com\/www.bechmann.org\/amphibium\/wp-content\/uploads\/IMG_5448_bearbeitet.jpg?resize=700%2C400&ssl=1 2x, https:\/\/i0.wp.com\/www.bechmann.org\/amphibium\/wp-content\/uploads\/IMG_5448_bearbeitet.jpg?resize=1050%2C600&ssl=1 3x, https:\/\/i0.wp.com\/www.bechmann.org\/amphibium\/wp-content\/uploads\/IMG_5448_bearbeitet.jpg?resize=1400%2C800&ssl=1 4x"},"classes":[]},{"id":5871,"url":"https:\/\/www.bechmann.org\/amphibium\/frieden-freiheit-in-fynbos\/","url_meta":{"origin":5771,"position":1},"title":"Frieden &#038; Freiheit in Fynbos","author":"Oliver","date":"21. April 2021","format":false,"excerpt":"In Laufweite zur Fraaigelegen Farm liegt die Fynbos Guest Farm. Juergen & Venishree und Peter & Maurice sind nicht nur Nachbarn, sondern auch Freunde. Doch w\u00e4hrend sich die Familie Mayer vorrangig dem \u00d6l- & Weinanbau widmet und zwei Cottages und eine kleine Campsite eher nebenbei und nahezu versteckt betreibt, nimmt\u2026","rel":"","context":"In &quot;Bilder-Geschichte&quot;","block_context":{"text":"Bilder-Geschichte","link":"https:\/\/www.bechmann.org\/amphibium\/category\/bilder-geschichte\/"},"img":{"alt_text":"","src":"https:\/\/i0.wp.com\/www.bechmann.org\/amphibium\/wp-content\/uploads\/fynbosguestfarm00_41.jpg?resize=350%2C200&ssl=1","width":350,"height":200,"srcset":"https:\/\/i0.wp.com\/www.bechmann.org\/amphibium\/wp-content\/uploads\/fynbosguestfarm00_41.jpg?resize=350%2C200&ssl=1 1x, https:\/\/i0.wp.com\/www.bechmann.org\/amphibium\/wp-content\/uploads\/fynbosguestfarm00_41.jpg?resize=525%2C300&ssl=1 1.5x, https:\/\/i0.wp.com\/www.bechmann.org\/amphibium\/wp-content\/uploads\/fynbosguestfarm00_41.jpg?resize=700%2C400&ssl=1 2x, https:\/\/i0.wp.com\/www.bechmann.org\/amphibium\/wp-content\/uploads\/fynbosguestfarm00_41.jpg?resize=1050%2C600&ssl=1 3x, https:\/\/i0.wp.com\/www.bechmann.org\/amphibium\/wp-content\/uploads\/fynbosguestfarm00_41.jpg?resize=1400%2C800&ssl=1 4x"},"classes":[]},{"id":3571,"url":"https:\/\/www.bechmann.org\/amphibium\/farha-auf-dem-fahrrad\/","url_meta":{"origin":5771,"position":2},"title":"Farha auf dem Fahrrad","author":"Oliver","date":"4. November 2018","format":false,"excerpt":"Minimalismus auf Reisen mit einem Unimog? Wir bewegen uns schon low-budget und unter nahezu primitiven Umst\u00e4nden vorw\u00e4rts, doch Farha ist ganz anders unterwegs: browngirlonabike ist ihr Instagram-Name und Aussage genug. Sie betreibt ein Blog gleichen Titels. Farha ist stammt aus East London, urspr\u00fcnglich aus Kashmir, ist Frau, Muslimin und brauner\u2026","rel":"","context":"In &quot;Land&quot;","block_context":{"text":"Land","link":"https:\/\/www.bechmann.org\/amphibium\/category\/land\/"},"img":{"alt_text":"IMG_8077[2483]","src":"https:\/\/i0.wp.com\/www.bechmann.org\/amphibium\/wp-content\/uploads\/IMG_80772483_thumb.jpg?resize=350%2C200&ssl=1","width":350,"height":200,"srcset":"https:\/\/i0.wp.com\/www.bechmann.org\/amphibium\/wp-content\/uploads\/IMG_80772483_thumb.jpg?resize=350%2C200&ssl=1 1x, https:\/\/i0.wp.com\/www.bechmann.org\/amphibium\/wp-content\/uploads\/IMG_80772483_thumb.jpg?resize=525%2C300&ssl=1 1.5x, https:\/\/i0.wp.com\/www.bechmann.org\/amphibium\/wp-content\/uploads\/IMG_80772483_thumb.jpg?resize=700%2C400&ssl=1 2x"},"classes":[]},{"id":2959,"url":"https:\/\/www.bechmann.org\/amphibium\/port-lockroy-und-petermann-island-paradise-bay-und-danco-island\/","url_meta":{"origin":5771,"position":3},"title":"Rendezvous mit Pinguinen und Walen","author":"Oliver","date":"10. M\u00e4rz 2015","format":false,"excerpt":"Zugegeben: Die Antarktis mag nur Nummer Drei sein. Der Mond mag lebensfeindlicher sein, die gro\u00dfe Unterwasserwelt unseres blauen Planeten auch. Auf Mond und unter Wasser ist das menschliche Leben nur mit Hilfe technischer Ger\u00e4te m\u00f6glich. Aber auch in der Antarktis ist das Gef\u00fchl allgegenw\u00e4rtig, nur ein kurzfristig geduldeter Gast und\u2026","rel":"","context":"In &quot;Bilder-Geschichte&quot;","block_context":{"text":"Bilder-Geschichte","link":"https:\/\/www.bechmann.org\/amphibium\/category\/bilder-geschichte\/"},"img":{"alt_text":"","src":"https:\/\/i0.wp.com\/www.bechmann.org\/amphibium\/wp-content\/uploads\/antarctica2015_lockroy-21.jpg?resize=350%2C200","width":350,"height":200,"srcset":"https:\/\/i0.wp.com\/www.bechmann.org\/amphibium\/wp-content\/uploads\/antarctica2015_lockroy-21.jpg?resize=350%2C200 1x, https:\/\/i0.wp.com\/www.bechmann.org\/amphibium\/wp-content\/uploads\/antarctica2015_lockroy-21.jpg?resize=525%2C300 1.5x, https:\/\/i0.wp.com\/www.bechmann.org\/amphibium\/wp-content\/uploads\/antarctica2015_lockroy-21.jpg?resize=700%2C400 2x, https:\/\/i0.wp.com\/www.bechmann.org\/amphibium\/wp-content\/uploads\/antarctica2015_lockroy-21.jpg?resize=1050%2C600 3x, https:\/\/i0.wp.com\/www.bechmann.org\/amphibium\/wp-content\/uploads\/antarctica2015_lockroy-21.jpg?resize=1400%2C800 4x"},"classes":[]},{"id":3490,"url":"https:\/\/www.bechmann.org\/amphibium\/an-der-steinbrcke-von-kipoi\/","url_meta":{"origin":5771,"position":4},"title":"An der Steinbr&uuml;cke von Kipoi","author":"Oliver","date":"26. April 2018","format":false,"excerpt":"Es geht aufw\u00e4rts. Durch die albanisch-griechische gebirgige Grenzregion haben wir nach der Panne in Albanien (hier klicken\u2026) die Stadt Ioannina (hier klicken\u2026)erreicht \u2013 dort gibt es Speditionen, Feuerwehr- und Milit\u00e4rst\u00fctzpunkte, und damit aller Wahrscheinlichkeit nach jemanden, der am Unimog schrauben kann. Wir pr\u00fcfen erst mal die Befindlichkeit unseres Fahrzeuges; kommen\u2026","rel":"","context":"In &quot;Land&quot;","block_context":{"text":"Land","link":"https:\/\/www.bechmann.org\/amphibium\/category\/land\/"},"img":{"alt_text":"","src":"https:\/\/i0.wp.com\/www.bechmann.org\/amphibium\/wp-content\/uploads\/IMG_20180424_095350.jpg?resize=350%2C200","width":350,"height":200,"srcset":"https:\/\/i0.wp.com\/www.bechmann.org\/amphibium\/wp-content\/uploads\/IMG_20180424_095350.jpg?resize=350%2C200 1x, https:\/\/i0.wp.com\/www.bechmann.org\/amphibium\/wp-content\/uploads\/IMG_20180424_095350.jpg?resize=525%2C300 1.5x, https:\/\/i0.wp.com\/www.bechmann.org\/amphibium\/wp-content\/uploads\/IMG_20180424_095350.jpg?resize=700%2C400 2x"},"classes":[]},{"id":1149,"url":"https:\/\/www.bechmann.org\/amphibium\/abenteuer-allrad-und-offroad-hoch2\/","url_meta":{"origin":5771,"position":5},"title":"&ldquo;Abenteuer Allrad&rdquo; und &ldquo;Offroad Hoch2&rdquo;","author":"Oliver","date":"29. Mai 2016","format":false,"excerpt":"Wir verbringen das verl\u00e4ngerte Wochenende auf zwei Offroad-Veranstaltungen, die gegens\u00e4tzlicher kaum sein k\u00f6nnten. Von Mittwoch Abend bis Freitag Mittag besuchten wir die \u201cAbenteuer Allrad\u201d-Messe in Bad Kissingen, fuhren dann aber nach Hause, weil Oliver abends und samstags wegen des aktuell laufenden MBSR-Achtwochenkurses arbeiten musste. Aber schon am Samstag Abend nahmen\u2026","rel":"","context":"In &quot;Land&quot;","block_context":{"text":"Land","link":"https:\/\/www.bechmann.org\/amphibium\/category\/land\/"},"img":{"alt_text":"","src":"https:\/\/i0.wp.com\/www.bechmann.org\/amphibium\/wp-content\/uploads\/RIMG0230-2_thumb.jpg?resize=350%2C200","width":350,"height":200,"srcset":"https:\/\/i0.wp.com\/www.bechmann.org\/amphibium\/wp-content\/uploads\/RIMG0230-2_thumb.jpg?resize=350%2C200 1x, https:\/\/i0.wp.com\/www.bechmann.org\/amphibium\/wp-content\/uploads\/RIMG0230-2_thumb.jpg?resize=525%2C300 1.5x"},"classes":[]}],"jetpack_sharing_enabled":true,"_links":{"self":[{"href":"https:\/\/www.bechmann.org\/amphibium\/wp-json\/wp\/v2\/posts\/5771","targetHints":{"allow":["GET"]}}],"collection":[{"href":"https:\/\/www.bechmann.org\/amphibium\/wp-json\/wp\/v2\/posts"}],"about":[{"href":"https:\/\/www.bechmann.org\/amphibium\/wp-json\/wp\/v2\/types\/post"}],"author":[{"embeddable":true,"href":"https:\/\/www.bechmann.org\/amphibium\/wp-json\/wp\/v2\/users\/1"}],"replies":[{"embeddable":true,"href":"https:\/\/www.bechmann.org\/amphibium\/wp-json\/wp\/v2\/comments?post=5771"}],"version-history":[{"count":16,"href":"https:\/\/www.bechmann.org\/amphibium\/wp-json\/wp\/v2\/posts\/5771\/revisions"}],"predecessor-version":[{"id":5870,"href":"https:\/\/www.bechmann.org\/amphibium\/wp-json\/wp\/v2\/posts\/5771\/revisions\/5870"}],"wp:attachment":[{"href":"https:\/\/www.bechmann.org\/amphibium\/wp-json\/wp\/v2\/media?parent=5771"}],"wp:term":[{"taxonomy":"category","embeddable":true,"href":"https:\/\/www.bechmann.org\/amphibium\/wp-json\/wp\/v2\/categories?post=5771"},{"taxonomy":"post_tag","embeddable":true,"href":"https:\/\/www.bechmann.org\/amphibium\/wp-json\/wp\/v2\/tags?post=5771"}],"curies":[{"name":"wp","href":"https:\/\/api.w.org\/{rel}","templated":true}]}}