{"id":529,"date":"2014-11-03T22:15:54","date_gmt":"2014-11-03T21:15:54","guid":{"rendered":"http:\/\/www.bechmann.org\/amphibium\/?p=529"},"modified":"2014-12-28T13:20:49","modified_gmt":"2014-12-28T12:20:49","slug":"zurueck-in-der-zivilisation","status":"publish","type":"post","link":"https:\/\/www.bechmann.org\/amphibium\/zurueck-in-der-zivilisation\/","title":{"rendered":"Zur\u00fcck in der Zivilisation"},"content":{"rendered":"<div class=\"tiled-gallery type-rectangular tiled-gallery-unresized\" data-original-width=\"625\" data-carousel-extra='{&quot;blog_id&quot;:1,&quot;permalink&quot;:&quot;https:\\\/\\\/www.bechmann.org\\\/amphibium\\\/zurueck-in-der-zivilisation\\\/&quot;,&quot;likes_blog_id&quot;:68534324}' itemscope itemtype=\"http:\/\/schema.org\/ImageGallery\" > <div class=\"gallery-row\" style=\"width: 625px; height: 315px;\" data-original-width=\"625\" data-original-height=\"315\" > <div class=\"gallery-group images-1\" style=\"width: 419px; height: 315px;\" data-original-width=\"419\" data-original-height=\"315\" > <div class=\"tiled-gallery-item tiled-gallery-item-large\" itemprop=\"associatedMedia\" itemscope itemtype=\"http:\/\/schema.org\/ImageObject\"> <a href=\"https:\/\/www.bechmann.org\/amphibium\/zurueck-in-der-zivilisation\/img_3441-jpg\/\" border=\"0\" itemprop=\"url\"> <meta itemprop=\"width\" content=\"415\"> <meta itemprop=\"height\" content=\"311\"> <img decoding=\"async\" class=\"\" data-attachment-id=\"742\" data-orig-file=\"https:\/\/www.bechmann.org\/amphibium\/wp-content\/uploads\/IMG_3441.jpg\" data-orig-size=\"3000,2250\" data-comments-opened=\"\" data-image-meta=\"{&quot;aperture&quot;:&quot;2.4&quot;,&quot;credit&quot;:&quot;&quot;,&quot;camera&quot;:&quot;iPhone 4S&quot;,&quot;caption&quot;:&quot;&quot;,&quot;created_timestamp&quot;:&quot;1415032129&quot;,&quot;copyright&quot;:&quot;&quot;,&quot;focal_length&quot;:&quot;4.28&quot;,&quot;iso&quot;:&quot;50&quot;,&quot;shutter_speed&quot;:&quot;0.00037993920972644&quot;,&quot;title&quot;:&quot;&quot;,&quot;orientation&quot;:&quot;1&quot;}\" data-image-title=\"IMG_3441.JPG\" data-image-description=\"\" data-medium-file=\"https:\/\/i0.wp.com\/www.bechmann.org\/amphibium\/wp-content\/uploads\/IMG_3441.jpg?fit=300%2C225&#038;ssl=1\" data-large-file=\"https:\/\/i0.wp.com\/www.bechmann.org\/amphibium\/wp-content\/uploads\/IMG_3441.jpg?fit=625%2C469&#038;ssl=1\" src=\"https:\/\/i0.wp.com\/www.bechmann.org\/amphibium\/wp-content\/uploads\/IMG_3441.jpg?w=415&#038;h=311&#038;ssl=1\" srcset=\"https:\/\/i0.wp.com\/www.bechmann.org\/amphibium\/wp-content\/uploads\/IMG_3441.jpg?w=3000&amp;ssl=1 3000w, https:\/\/i0.wp.com\/www.bechmann.org\/amphibium\/wp-content\/uploads\/IMG_3441.jpg?resize=300%2C225&amp;ssl=1 300w, https:\/\/i0.wp.com\/www.bechmann.org\/amphibium\/wp-content\/uploads\/IMG_3441.jpg?resize=1024%2C768&amp;ssl=1 1024w, https:\/\/i0.wp.com\/www.bechmann.org\/amphibium\/wp-content\/uploads\/IMG_3441.jpg?resize=400%2C300&amp;ssl=1 400w, https:\/\/i0.wp.com\/www.bechmann.org\/amphibium\/wp-content\/uploads\/IMG_3441.jpg?w=1250&amp;ssl=1 1250w, https:\/\/i0.wp.com\/www.bechmann.org\/amphibium\/wp-content\/uploads\/IMG_3441.jpg?w=1875&amp;ssl=1 1875w\" width=\"415\" height=\"311\" loading=\"lazy\" data-original-width=\"415\" data-original-height=\"311\" itemprop=\"http:\/\/schema.org\/image\" title=\"IMG_3441.JPG\" alt=\"Djaama el-Fna in Marrakesh\" style=\"width: 415px; height: 311px;\" \/> <\/a> <div class=\"tiled-gallery-caption\" itemprop=\"caption description\"> Djaama el-Fna in Marrakesh. <\/div> <\/div> <\/div> <!-- close group --> <div class=\"gallery-group images-2\" style=\"width: 206px; height: 315px;\" data-original-width=\"206\" data-original-height=\"315\" > <div class=\"tiled-gallery-item tiled-gallery-item-small\" itemprop=\"associatedMedia\" itemscope itemtype=\"http:\/\/schema.org\/ImageObject\"> <a href=\"https:\/\/www.bechmann.org\/amphibium\/zurueck-in-der-zivilisation\/img_3437-0-jpg\/\" border=\"0\" itemprop=\"url\"> <meta itemprop=\"width\" content=\"202\"> <meta itemprop=\"height\" content=\"151\"> <img decoding=\"async\" class=\"\" data-attachment-id=\"745\" data-orig-file=\"https:\/\/www.bechmann.org\/amphibium\/wp-content\/uploads\/IMG_3437-0.jpg\" data-orig-size=\"3000,2250\" data-comments-opened=\"\" data-image-meta=\"{&quot;aperture&quot;:&quot;2.4&quot;,&quot;credit&quot;:&quot;&quot;,&quot;camera&quot;:&quot;iPhone 4S&quot;,&quot;caption&quot;:&quot;&quot;,&quot;created_timestamp&quot;:&quot;1415012906&quot;,&quot;copyright&quot;:&quot;&quot;,&quot;focal_length&quot;:&quot;4.28&quot;,&quot;iso&quot;:&quot;50&quot;,&quot;shutter_speed&quot;:&quot;0.00036205648081101&quot;,&quot;title&quot;:&quot;&quot;,&quot;orientation&quot;:&quot;1&quot;}\" data-image-title=\"IMG_3437-0.JPG\" data-image-description=\"\" data-medium-file=\"https:\/\/i0.wp.com\/www.bechmann.org\/amphibium\/wp-content\/uploads\/IMG_3437-0.jpg?fit=300%2C225&#038;ssl=1\" data-large-file=\"https:\/\/i0.wp.com\/www.bechmann.org\/amphibium\/wp-content\/uploads\/IMG_3437-0.jpg?fit=625%2C469&#038;ssl=1\" src=\"https:\/\/i0.wp.com\/www.bechmann.org\/amphibium\/wp-content\/uploads\/IMG_3437-0.jpg?w=202&#038;h=151&#038;ssl=1\" srcset=\"https:\/\/i0.wp.com\/www.bechmann.org\/amphibium\/wp-content\/uploads\/IMG_3437-0.jpg?w=3000&amp;ssl=1 3000w, https:\/\/i0.wp.com\/www.bechmann.org\/amphibium\/wp-content\/uploads\/IMG_3437-0.jpg?resize=300%2C225&amp;ssl=1 300w, https:\/\/i0.wp.com\/www.bechmann.org\/amphibium\/wp-content\/uploads\/IMG_3437-0.jpg?resize=1024%2C768&amp;ssl=1 1024w, https:\/\/i0.wp.com\/www.bechmann.org\/amphibium\/wp-content\/uploads\/IMG_3437-0.jpg?resize=400%2C300&amp;ssl=1 400w, https:\/\/i0.wp.com\/www.bechmann.org\/amphibium\/wp-content\/uploads\/IMG_3437-0.jpg?w=1250&amp;ssl=1 1250w, https:\/\/i0.wp.com\/www.bechmann.org\/amphibium\/wp-content\/uploads\/IMG_3437-0.jpg?w=1875&amp;ssl=1 1875w\" width=\"202\" height=\"151\" loading=\"lazy\" data-original-width=\"202\" data-original-height=\"151\" itemprop=\"http:\/\/schema.org\/image\" title=\"IMG_3437-0.JPG\" alt=\"Gerberei in Marrakesh\" style=\"width: 202px; height: 151px;\" \/> <\/a> <div class=\"tiled-gallery-caption\" itemprop=\"caption description\"> Gerberei in Marrakesh. <\/div> <\/div> <div class=\"tiled-gallery-item tiled-gallery-item-small\" itemprop=\"associatedMedia\" itemscope itemtype=\"http:\/\/schema.org\/ImageObject\"> <a href=\"https:\/\/www.bechmann.org\/amphibium\/zurueck-in-der-zivilisation\/img_3438-0-jpg\/\" border=\"0\" itemprop=\"url\"> <meta itemprop=\"width\" content=\"202\"> <meta itemprop=\"height\" content=\"156\"> <img decoding=\"async\" class=\"\" data-attachment-id=\"744\" data-orig-file=\"https:\/\/www.bechmann.org\/amphibium\/wp-content\/uploads\/IMG_3438-0.jpg\" data-orig-size=\"3000,2322\" data-comments-opened=\"\" data-image-meta=\"{&quot;aperture&quot;:&quot;2.4&quot;,&quot;credit&quot;:&quot;&quot;,&quot;camera&quot;:&quot;iPhone 4S&quot;,&quot;caption&quot;:&quot;&quot;,&quot;created_timestamp&quot;:&quot;1415012571&quot;,&quot;copyright&quot;:&quot;&quot;,&quot;focal_length&quot;:&quot;4.28&quot;,&quot;iso&quot;:&quot;50&quot;,&quot;shutter_speed&quot;:&quot;0.000542888165038&quot;,&quot;title&quot;:&quot;&quot;,&quot;orientation&quot;:&quot;1&quot;}\" data-image-title=\"IMG_3438-0.JPG\" data-image-description=\"\" data-medium-file=\"https:\/\/i0.wp.com\/www.bechmann.org\/amphibium\/wp-content\/uploads\/IMG_3438-0.jpg?fit=300%2C232&#038;ssl=1\" data-large-file=\"https:\/\/i0.wp.com\/www.bechmann.org\/amphibium\/wp-content\/uploads\/IMG_3438-0.jpg?fit=625%2C483&#038;ssl=1\" src=\"https:\/\/i0.wp.com\/www.bechmann.org\/amphibium\/wp-content\/uploads\/IMG_3438-0.jpg?w=202&#038;h=156&#038;ssl=1\" srcset=\"https:\/\/i0.wp.com\/www.bechmann.org\/amphibium\/wp-content\/uploads\/IMG_3438-0.jpg?w=3000&amp;ssl=1 3000w, https:\/\/i0.wp.com\/www.bechmann.org\/amphibium\/wp-content\/uploads\/IMG_3438-0.jpg?resize=300%2C232&amp;ssl=1 300w, https:\/\/i0.wp.com\/www.bechmann.org\/amphibium\/wp-content\/uploads\/IMG_3438-0.jpg?resize=1024%2C792&amp;ssl=1 1024w, https:\/\/i0.wp.com\/www.bechmann.org\/amphibium\/wp-content\/uploads\/IMG_3438-0.jpg?resize=387%2C300&amp;ssl=1 387w, https:\/\/i0.wp.com\/www.bechmann.org\/amphibium\/wp-content\/uploads\/IMG_3438-0.jpg?w=1250&amp;ssl=1 1250w, https:\/\/i0.wp.com\/www.bechmann.org\/amphibium\/wp-content\/uploads\/IMG_3438-0.jpg?w=1875&amp;ssl=1 1875w\" width=\"202\" height=\"156\" loading=\"lazy\" data-original-width=\"202\" data-original-height=\"156\" itemprop=\"http:\/\/schema.org\/image\" title=\"IMG_3438-0.JPG\" alt=\"Gerbereien und F\u00e4rbereien\" style=\"width: 202px; height: 156px;\" \/> <\/a> <div class=\"tiled-gallery-caption\" itemprop=\"caption description\"> Gerbereien und F\u00e4rbereien in Marrakesh. <\/div> <\/div> <\/div> <!-- close group --> <\/div> <!-- close row --> <\/div>\n<p>Zu Marrakesh gibt es so viele Mythen und Legenden, Informationen und Beschreibungen&#8230; man bediene sich der Suchmaschine oder des Reisef\u00fchrers eigenen Vertrauens! (Tipp: <a href=\"http:\/\/www.lonelyplanet.de\/reiseziele\/marokko\/index-5679.html#.VJ7u0ADsA\" target=\"_blank\">Lonely Planet<\/a>).<\/p>\n<p>Die Fahrzeuge stehen auf dem Campingplatz &#8222;<a href=\"http:\/\/www.lerelaisdemarrakech.com\/index_011.htm\" target=\"_blank\">Le Relais de Marrakech<\/a>&#8220; (unser erster und einziger Campingplatz mit der \u00fcblichen ADAC-gem\u00e4\u00dfen Versorgung). Wir stromern den ganzen Tag durch die Gerbereien &amp; F\u00e4rbereien (die \u00fcbrigens eindrucksvoll, aber nicht so eindrucksvoll wie in F\u00e8s sind), durch den Souk und den Djamaa el-Fna&#8230; und lassen uns viel Zeit, Mitbringsel f\u00fcr einen selbst und die Daheimgebliebenen zu erhandeln.<\/p>\n<p>Wir sind ja im Feilschen mittlerweile ganz gut und wissen nat\u00fcrlich das in Marrakesh das Zehnfache dessen verlangt wird wie in&#8230; Zagora etwa. Die Marrakshis spekulieren nat\u00fcrlich auf die eingeflogenen Touristen und darauf, dass man vor Abreise noch schnell Souvenirs erwerben will oder muss. Sie selbst kaufen die Ware auf M\u00e4rkten weiter im S\u00fcden oder lassen sie von Handwerkern\u00a0im S\u00fcden herstellen und schlagen eine ordentliche Spanne drauf.<\/p>\n<p>Also eigentlich ist man schlau, wenn man sich im S\u00fcden seine Kauf-W\u00fcnsche erf\u00fcllt. Aber wenn nicht da, dann in Marrakesh. Denn was wiederum die Orient-L\u00e4den in Frankfurt etwa bieten, ist dann noch mal teurer.<\/p>\n<p>Morgen ist Abreise &#8211; wozu da heute eilen? Im Gegenteil: noch mal rein ins pralle Leben&#8230;<\/p>\n","protected":false},"excerpt":{"rendered":"<p>Zu Marrakesh gibt es so viele Mythen und Legenden, Informationen und Beschreibungen&#8230; man bediene sich der Suchmaschine oder des Reisef\u00fchrers eigenen Vertrauens! (Tipp: Lonely Planet). Die Fahrzeuge stehen auf dem Campingplatz &#8222;Le Relais de Marrakech&#8220; (unser erster und einziger Campingplatz mit der \u00fcblichen ADAC-gem\u00e4\u00dfen Versorgung). Wir stromern den ganzen Tag durch die Gerbereien &amp; F\u00e4rbereien [&hellip;]<\/p>\n","protected":false},"author":1,"featured_media":0,"comment_status":"open","ping_status":"open","sticky":false,"template":"","format":"standard","meta":{"jetpack_post_was_ever_published":false,"_jetpack_newsletter_access":"","_jetpack_dont_email_post_to_subs":false,"_jetpack_newsletter_tier_id":0,"_jetpack_memberships_contains_paywalled_content":false,"_jetpack_memberships_contains_paid_content":false,"footnotes":"","jetpack_publicize_message":"Zur\u00fcck in der Zivilisation http:\/\/wp.me\/p4DyUk-8x","jetpack_publicize_feature_enabled":true,"jetpack_social_post_already_shared":true,"jetpack_social_options":{"image_generator_settings":{"template":"highway","default_image_id":0,"font":"","enabled":false},"version":2}},"categories":[2],"tags":[89,34,88,90],"class_list":["post-529","post","type-post","status-publish","format-standard","hentry","category-land","tag-djamaa-el-fna","tag-marokko","tag-marrakesh","tag-souk"],"jetpack_publicize_connections":[],"jetpack_featured_media_url":"","jetpack_shortlink":"https:\/\/wp.me\/p4DyUk-8x","jetpack-related-posts":[{"id":3635,"url":"https:\/\/www.bechmann.org\/amphibium\/marrakesch-el-jadida-ii-larache-ksar-seghir\/","url_meta":{"origin":529,"position":0},"title":"Zur\u00fcck in der Zivilisation II","author":"Oliver","date":"25. November 2018","format":false,"excerpt":"Djamaa el-Fna in der Morgenstunde: Ruhe vor dem Sturm Wer von den Frankfurtern geht privat zum Kaffee- oder Apfelweintrinken auf den R\u00f6merberg, wo Touristenscharen sich im historischen Ensemble auf und ab bewegen? Na also: Unser Bekannter in Marrakesch findet es auch keine gute Idee, sich ausgerechnet im Caf\u00e9 de France\u2026","rel":"","context":"In &quot;Land&quot;","block_context":{"text":"Land","link":"https:\/\/www.bechmann.org\/amphibium\/category\/land\/"},"img":{"alt_text":"","src":"https:\/\/i0.wp.com\/www.bechmann.org\/amphibium\/wp-content\/uploads\/eljadida-1.jpg?resize=350%2C200","width":350,"height":200,"srcset":"https:\/\/i0.wp.com\/www.bechmann.org\/amphibium\/wp-content\/uploads\/eljadida-1.jpg?resize=350%2C200 1x, https:\/\/i0.wp.com\/www.bechmann.org\/amphibium\/wp-content\/uploads\/eljadida-1.jpg?resize=525%2C300 1.5x, https:\/\/i0.wp.com\/www.bechmann.org\/amphibium\/wp-content\/uploads\/eljadida-1.jpg?resize=700%2C400 2x, https:\/\/i0.wp.com\/www.bechmann.org\/amphibium\/wp-content\/uploads\/eljadida-1.jpg?resize=1050%2C600 3x, https:\/\/i0.wp.com\/www.bechmann.org\/amphibium\/wp-content\/uploads\/eljadida-1.jpg?resize=1400%2C800 4x"},"classes":[]},{"id":1072,"url":"https:\/\/www.bechmann.org\/amphibium\/marrakesch-asilah-tanger-med-frankfurt\/","url_meta":{"origin":529,"position":1},"title":"Marrakesch. Asilah. Tanger Med. Frankfurt.","author":"Oliver","date":"28. Oktober 2015","format":false,"excerpt":"Marrakesch \u2013 willkommen im Mainstream-Tourismus! In Marrakesch ist viel erlaubt und vieles m\u00f6glich, was auf dem flachen marokkanischen Lande undenkbar w\u00e4re. Der Kleidungsstil junger Frauen etwa. Sp\u00e4ter, beim Imbiss heute, wird sich eine dieser junge Frauen so hinter mich setzen, dass ein Blick auf den sexy roten Tanga-Slip nicht ausbleiben\u2026","rel":"","context":"In &quot;Land&quot;","block_context":{"text":"Land","link":"https:\/\/www.bechmann.org\/amphibium\/category\/land\/"},"img":{"alt_text":"IMG_9724","src":"https:\/\/i0.wp.com\/www.bechmann.org\/amphibium\/wp-content\/uploads\/IMG_9724_thumb.jpg?resize=350%2C200","width":350,"height":200,"srcset":"https:\/\/i0.wp.com\/www.bechmann.org\/amphibium\/wp-content\/uploads\/IMG_9724_thumb.jpg?resize=350%2C200 1x, https:\/\/i0.wp.com\/www.bechmann.org\/amphibium\/wp-content\/uploads\/IMG_9724_thumb.jpg?resize=525%2C300 1.5x"},"classes":[]},{"id":493,"url":"https:\/\/www.bechmann.org\/amphibium\/auf-dem-weg-zur-todra-schlucht\/","url_meta":{"origin":529,"position":2},"title":"Auf dem Weg zur Todra-Schlucht","author":"Oliver","date":"26. Oktober 2014","format":false,"excerpt":"Es gibt Tage in unserem Fernreise-Seminar unter reellen Bedingungen, die sind reine Fahr-Tage. Zur Erinnerung: Wir machen eine Art Expeditionstraining, rund drei Wochen lang. Motto: learning by doing. Es gibt geplante Theorie-Teile, es gibt geplante Praxisteile - wie etwa das Ger\u00f6llhang-Bergabfahren oder die Flussdurchfahrt; in der Sahara\u00a0werden wir noch zum\u2026","rel":"","context":"In &quot;Land&quot;","block_context":{"text":"Land","link":"https:\/\/www.bechmann.org\/amphibium\/category\/land\/"},"img":{"alt_text":"IMG_3369.JPG","src":"https:\/\/i0.wp.com\/www.bechmann.org\/amphibium\/wp-content\/uploads\/IMG_3369.jpg?resize=350%2C200","width":350,"height":200},"classes":[]},{"id":1667,"url":"https:\/\/www.bechmann.org\/amphibium\/kein-mcken-am-mckensee\/","url_meta":{"origin":529,"position":3},"title":"Keine M&uuml;cken am M&uuml;ckensee","author":"Oliver","date":"22. August 2016","format":false,"excerpt":"Abschied von der Eine Welt Reisen-Gruppe: Sibylle und Claudia im Iveco ziehen gen Westfjorde, Beate und ich gehen ins \u00f6rtliche Walmuseum und besichtigen noch eine Kirche in Husavik, dann fahren wir zur\u00fcck nach Reykjadlid am Myvatn. Wir sind nun allein unterwegs, mit einem kr\u00e4nkelnden Fahrzeug, dessen Technik wir nur oberfl\u00e4chlich\u2026","rel":"","context":"In &quot;Land&quot;","block_context":{"text":"Land","link":"https:\/\/www.bechmann.org\/amphibium\/category\/land\/"},"img":{"alt_text":"","src":"https:\/\/i0.wp.com\/www.bechmann.org\/amphibium\/wp-content\/uploads\/unbenannt-855.jpg?resize=350%2C200","width":350,"height":200,"srcset":"https:\/\/i0.wp.com\/www.bechmann.org\/amphibium\/wp-content\/uploads\/unbenannt-855.jpg?resize=350%2C200 1x, https:\/\/i0.wp.com\/www.bechmann.org\/amphibium\/wp-content\/uploads\/unbenannt-855.jpg?resize=525%2C300 1.5x, https:\/\/i0.wp.com\/www.bechmann.org\/amphibium\/wp-content\/uploads\/unbenannt-855.jpg?resize=700%2C400 2x, https:\/\/i0.wp.com\/www.bechmann.org\/amphibium\/wp-content\/uploads\/unbenannt-855.jpg?resize=1050%2C600 3x, https:\/\/i0.wp.com\/www.bechmann.org\/amphibium\/wp-content\/uploads\/unbenannt-855.jpg?resize=1400%2C800 4x"},"classes":[]},{"id":1063,"url":"https:\/\/www.bechmann.org\/amphibium\/dreck-im-diesel\/","url_meta":{"origin":529,"position":4},"title":"Dreck im Diesel","author":"Oliver","date":"25. Oktober 2015","format":false,"excerpt":"Von Telouet nach Marrakesch verl\u00e4uft quasi die landschaftlich sehr reizvolle Schlussetappe des Fernreiseseminars von eineweltreisen.org. Fantastische Panoramen zuhauf, ebenso in Lehm an die Bergw\u00e4nde gedr\u00fcckte D\u00f6rfer, viele weitgehend verlassen und in Ruinen. Die gewundene Stra\u00dfe ist zu Beginn sehr schmal, in schlechtem Zustand, teilweise ist gar kein Asphalt mehr vorhanden.\u2026","rel":"","context":"In &quot;Land&quot;","block_context":{"text":"Land","link":"https:\/\/www.bechmann.org\/amphibium\/category\/land\/"},"img":{"alt_text":"IMG_9630","src":"https:\/\/i0.wp.com\/www.bechmann.org\/amphibium\/wp-content\/uploads\/IMG_9630_thumb.jpg?resize=350%2C200","width":350,"height":200,"srcset":"https:\/\/i0.wp.com\/www.bechmann.org\/amphibium\/wp-content\/uploads\/IMG_9630_thumb.jpg?resize=350%2C200 1x, https:\/\/i0.wp.com\/www.bechmann.org\/amphibium\/wp-content\/uploads\/IMG_9630_thumb.jpg?resize=525%2C300 1.5x"},"classes":[]},{"id":3397,"url":"https:\/\/www.bechmann.org\/amphibium\/zur-nutria-gehrt-ein-kayak\/","url_meta":{"origin":529,"position":5},"title":"Zur Nutria geh&ouml;rt ein Kayak","author":"Oliver","date":"17. August 2018","format":false,"excerpt":"Mit der Nutria auf Tuchf\u00fchlung: Auf der Lahn erleben wir das das semiaquatische Tier v\u00f6llig entspannt aus vielleicht zwei Metern Entfernung \u2013 ruhig sind wir mit unserem Kayak herangepaddelt. Die, wie sie manchmal auch genannt wird, Biberratte, sollte nicht mit der Bisamratte verwechselt werden, die \u00fcbrigens keine Ratte ist, sondern\u2026","rel":"","context":"In &quot;Ausr\u00fcstung&quot;","block_context":{"text":"Ausr\u00fcstung","link":"https:\/\/www.bechmann.org\/amphibium\/category\/ausruestung\/"},"img":{"alt_text":"IMG_20180817_150827","src":"https:\/\/i0.wp.com\/www.bechmann.org\/amphibium\/wp-content\/uploads\/IMG_20180817_150827_thumb.jpg?resize=350%2C200&ssl=1","width":350,"height":200,"srcset":"https:\/\/i0.wp.com\/www.bechmann.org\/amphibium\/wp-content\/uploads\/IMG_20180817_150827_thumb.jpg?resize=350%2C200&ssl=1 1x, https:\/\/i0.wp.com\/www.bechmann.org\/amphibium\/wp-content\/uploads\/IMG_20180817_150827_thumb.jpg?resize=525%2C300&ssl=1 1.5x, https:\/\/i0.wp.com\/www.bechmann.org\/amphibium\/wp-content\/uploads\/IMG_20180817_150827_thumb.jpg?resize=700%2C400&ssl=1 2x"},"classes":[]}],"jetpack_sharing_enabled":true,"_links":{"self":[{"href":"https:\/\/www.bechmann.org\/amphibium\/wp-json\/wp\/v2\/posts\/529","targetHints":{"allow":["GET"]}}],"collection":[{"href":"https:\/\/www.bechmann.org\/amphibium\/wp-json\/wp\/v2\/posts"}],"about":[{"href":"https:\/\/www.bechmann.org\/amphibium\/wp-json\/wp\/v2\/types\/post"}],"author":[{"embeddable":true,"href":"https:\/\/www.bechmann.org\/amphibium\/wp-json\/wp\/v2\/users\/1"}],"replies":[{"embeddable":true,"href":"https:\/\/www.bechmann.org\/amphibium\/wp-json\/wp\/v2\/comments?post=529"}],"version-history":[{"count":8,"href":"https:\/\/www.bechmann.org\/amphibium\/wp-json\/wp\/v2\/posts\/529\/revisions"}],"predecessor-version":[{"id":796,"href":"https:\/\/www.bechmann.org\/amphibium\/wp-json\/wp\/v2\/posts\/529\/revisions\/796"}],"wp:attachment":[{"href":"https:\/\/www.bechmann.org\/amphibium\/wp-json\/wp\/v2\/media?parent=529"}],"wp:term":[{"taxonomy":"category","embeddable":true,"href":"https:\/\/www.bechmann.org\/amphibium\/wp-json\/wp\/v2\/categories?post=529"},{"taxonomy":"post_tag","embeddable":true,"href":"https:\/\/www.bechmann.org\/amphibium\/wp-json\/wp\/v2\/tags?post=529"}],"curies":[{"name":"wp","href":"https:\/\/api.w.org\/{rel}","templated":true}]}}