{"id":4210,"date":"2019-05-05T20:28:27","date_gmt":"2019-05-05T18:28:27","guid":{"rendered":"http:\/\/www.bechmann.org\/amphibium\/?p=4210"},"modified":"2019-07-04T20:06:48","modified_gmt":"2019-07-04T18:06:48","slug":"anderswo-ist-es-vielleicht-besser","status":"publish","type":"post","link":"https:\/\/www.bechmann.org\/amphibium\/anderswo-ist-es-vielleicht-besser\/","title":{"rendered":"Anderswo ist es vielleicht besser"},"content":{"rendered":"\n<figure class=\"wp-block-image\"><img loading=\"lazy\" decoding=\"async\" width=\"6000\" height=\"4000\" data-attachment-id=\"4227\" data-permalink=\"https:\/\/www.bechmann.org\/amphibium\/anderswo-ist-es-vielleicht-besser\/skeleton\/\" data-orig-file=\"https:\/\/i0.wp.com\/www.bechmann.org\/amphibium\/wp-content\/uploads\/skeleton.jpg?fit=6000%2C4000&amp;ssl=1\" data-orig-size=\"6000,4000\" data-comments-opened=\"0\" data-image-meta=\"{&quot;aperture&quot;:&quot;10&quot;,&quot;credit&quot;:&quot;&quot;,&quot;camera&quot;:&quot;ILCE-6000&quot;,&quot;caption&quot;:&quot;&quot;,&quot;created_timestamp&quot;:&quot;1546785043&quot;,&quot;copyright&quot;:&quot;&quot;,&quot;focal_length&quot;:&quot;18&quot;,&quot;iso&quot;:&quot;100&quot;,&quot;shutter_speed&quot;:&quot;0.0025&quot;,&quot;title&quot;:&quot;&quot;,&quot;orientation&quot;:&quot;1&quot;}\" data-image-title=\"skeleton\" data-image-description=\"\" data-image-caption=\"\" data-large-file=\"https:\/\/i0.wp.com\/www.bechmann.org\/amphibium\/wp-content\/uploads\/skeleton.jpg?fit=625%2C417&amp;ssl=1\" src=\"https:\/\/i2.wp.com\/www.bechmann.org\/amphibium\/wp-content\/uploads\/skeleton.jpg?fit=625%2C417&amp;ssl=1\" alt=\"\" class=\"wp-image-4227\" srcset=\"https:\/\/i0.wp.com\/www.bechmann.org\/amphibium\/wp-content\/uploads\/skeleton.jpg?w=6000&amp;ssl=1 6000w, https:\/\/i0.wp.com\/www.bechmann.org\/amphibium\/wp-content\/uploads\/skeleton.jpg?resize=300%2C200&amp;ssl=1 300w, https:\/\/i0.wp.com\/www.bechmann.org\/amphibium\/wp-content\/uploads\/skeleton.jpg?resize=768%2C512&amp;ssl=1 768w, https:\/\/i0.wp.com\/www.bechmann.org\/amphibium\/wp-content\/uploads\/skeleton.jpg?resize=1024%2C683&amp;ssl=1 1024w, https:\/\/i0.wp.com\/www.bechmann.org\/amphibium\/wp-content\/uploads\/skeleton.jpg?resize=624%2C416&amp;ssl=1 624w, https:\/\/i0.wp.com\/www.bechmann.org\/amphibium\/wp-content\/uploads\/skeleton.jpg?w=1250&amp;ssl=1 1250w, https:\/\/i0.wp.com\/www.bechmann.org\/amphibium\/wp-content\/uploads\/skeleton.jpg?w=1875&amp;ssl=1 1875w\" sizes=\"auto, (max-width: 625px) 100vw, 625px\" \/><figcaption>Dahin, wo&#8217;s besser ist&#8230;<\/figcaption><\/figure>\n\n\n\n<p>Die Festung Europa abschotten? Vor denen aus Afrika?<\/p>\n\n\n\n<p>Aber von &#8222;denen&#8220; stammen wir doch ab. W\u00e4re nicht vor vielen vielen vielen Jahren jemand in Ost- oder S\u00fcdafrika, wo die Menschheit entstanden ist, jemand auf die Idee gekommen, dass es anderswo besser sein k\u00f6nnte, so w\u00fcrden wir Europ\u00e4er gar nicht existieren.<\/p>\n\n\n\n<p>Irgendwo im s\u00fcdlichen Afrika sind die ersten Menschen zur Welt gekommen, und von dort haben sie sich nordw\u00e4rts bewegt. Als sie in der rechten oberen Ende des Kontinents angekommen waren, sind die einen nach rechts abgebogen, nach Osten, Richtung Asien. Die anderen sind nach links abgebogen, nach Westen, nach Europa. Von denen stammen wir ab; wenn die nicht gewandert w\u00e4ren, auf der Suche nach etwas Besserem, w\u00fcrden wir gar nicht da sein.<\/p>\n\n\n\n<figure class=\"wp-block-image\"><img loading=\"lazy\" decoding=\"async\" width=\"1024\" height=\"683\" data-attachment-id=\"4231\" data-permalink=\"https:\/\/www.bechmann.org\/amphibium\/anderswo-ist-es-vielleicht-besser\/unbenannt-08021-2\/\" data-orig-file=\"https:\/\/i0.wp.com\/www.bechmann.org\/amphibium\/wp-content\/uploads\/unbenannt-08021-2.jpg?fit=1024%2C683&amp;ssl=1\" data-orig-size=\"1024,683\" data-comments-opened=\"0\" data-image-meta=\"{&quot;aperture&quot;:&quot;6.3&quot;,&quot;credit&quot;:&quot;&quot;,&quot;camera&quot;:&quot;ILCE-6000&quot;,&quot;caption&quot;:&quot;&quot;,&quot;created_timestamp&quot;:&quot;1547116569&quot;,&quot;copyright&quot;:&quot;&quot;,&quot;focal_length&quot;:&quot;200&quot;,&quot;iso&quot;:&quot;125&quot;,&quot;shutter_speed&quot;:&quot;0.0005&quot;,&quot;title&quot;:&quot;&quot;,&quot;orientation&quot;:&quot;1&quot;}\" data-image-title=\"unbenannt-08021-2\" data-image-description=\"\" data-image-caption=\"\" data-large-file=\"https:\/\/i0.wp.com\/www.bechmann.org\/amphibium\/wp-content\/uploads\/unbenannt-08021-2.jpg?fit=625%2C417&amp;ssl=1\" src=\"https:\/\/i2.wp.com\/www.bechmann.org\/amphibium\/wp-content\/uploads\/unbenannt-08021-2.jpg?fit=625%2C417&amp;ssl=1\" alt=\"\" class=\"wp-image-4231\" srcset=\"https:\/\/i0.wp.com\/www.bechmann.org\/amphibium\/wp-content\/uploads\/unbenannt-08021-2.jpg?w=1024&amp;ssl=1 1024w, https:\/\/i0.wp.com\/www.bechmann.org\/amphibium\/wp-content\/uploads\/unbenannt-08021-2.jpg?resize=300%2C200&amp;ssl=1 300w, https:\/\/i0.wp.com\/www.bechmann.org\/amphibium\/wp-content\/uploads\/unbenannt-08021-2.jpg?resize=768%2C512&amp;ssl=1 768w, https:\/\/i0.wp.com\/www.bechmann.org\/amphibium\/wp-content\/uploads\/unbenannt-08021-2.jpg?resize=624%2C416&amp;ssl=1 624w\" sizes=\"auto, (max-width: 625px) 100vw, 625px\" \/><figcaption>Einsamer Wanderer: Zebra auf der Suche nach Wasser an der Etoscha-Pfanne.<\/figcaption><\/figure>\n\n\n\n<p>Aufgrund H\u00f6rensagens haben sich Wanderungsbewegungen schon immer ergeben. Die Spanier hatten vom H\u00f6rensagen geh\u00f6rt, dass es Eldorado, das Land voller Gold, gebe. Da sind sie dann hingefahren, das haben sie versucht zu erreichen, da wollten sie hin &#8211; da war was Besseres. Wenn europ\u00e4ische Eroberer und Siedler sich auf den Weg nach Nord- oder S\u00fcdamerika gemacht haben, war es &#8211; f\u00fcr sie &#8211; nie ein Problem, dass sie auf der Suche nach was Besserem waren. <\/p>\n\n\n\n<p>Und damit verbindet sich der Punkt, dass der Wohlstand, den wir heute genie\u00dfen, auf der Ausbeutung und Auspl\u00fcnderung andere Kontinente beruht. Das fing damals an. Und heute kommen welche von denen, von denen wir eigentlich abstammen, und wollen etwas von dem zur\u00fcck, dass unsere Vorfahren ihnen genommen haben.<\/p>\n\n\n\n<!--more-->\n\n\n\n<figure><iframe loading=\"lazy\" src=\"https:\/\/www.youtube.com\/embed\/-1Gy8LfaE_s\" allow=\"accelerometer; autoplay; encrypted-media; gyroscope; picture-in-picture\" allowfullscreen=\"\" width=\"560\" height=\"315\" frameborder=\"0\"><\/iframe><\/figure>\n\n\n\n<p>Alle V\u00f6lker sind in allen Kontinenten, zu allen Zeiten, in allen Kulturen und Religionen gewandert. Der technologische wie kulturelle Austausch dabei war letztlich zum Nutzen des gro\u00dfen Ganzen, auch wenn es vor Ort auch Probleme gegeben hat. Die ersten S\u00e4ugetiere lebten im Dinosaurierzeitalter in Nischen; den Riesen ausgeliefert, lernten sie, schneller zu denken. Unsere S\u00e4ugetiergehirne sind zu dem imposanten Denkorgan gewachsen, weil der <em>Austausch von Informationen \u00fcber Umgebung &amp; Umst\u00e4nde<\/em> einen \u00dcberlebensvorteil bedeutete. <\/p>\n\n\n\n<div class=\"wp-block-image\"><figure class=\"alignleft is-resized\"><img loading=\"lazy\" decoding=\"async\" data-attachment-id=\"4228\" data-permalink=\"https:\/\/www.bechmann.org\/amphibium\/anderswo-ist-es-vielleicht-besser\/feuerbohren\/\" data-orig-file=\"https:\/\/i0.wp.com\/www.bechmann.org\/amphibium\/wp-content\/uploads\/feuerbohren.jpg?fit=3973%2C5304&amp;ssl=1\" data-orig-size=\"3973,5304\" data-comments-opened=\"0\" data-image-meta=\"{&quot;aperture&quot;:&quot;4&quot;,&quot;credit&quot;:&quot;Oliver Bechmann&quot;,&quot;camera&quot;:&quot;ILCE-6000&quot;,&quot;caption&quot;:&quot;&quot;,&quot;created_timestamp&quot;:&quot;1547313190&quot;,&quot;copyright&quot;:&quot;Oliver Bechmann&quot;,&quot;focal_length&quot;:&quot;19&quot;,&quot;iso&quot;:&quot;1600&quot;,&quot;shutter_speed&quot;:&quot;0.0005&quot;,&quot;title&quot;:&quot;&quot;,&quot;orientation&quot;:&quot;1&quot;}\" data-image-title=\"feuerbohren\" data-image-description=\"\" data-image-caption=\"\" data-large-file=\"https:\/\/i0.wp.com\/www.bechmann.org\/amphibium\/wp-content\/uploads\/feuerbohren.jpg?fit=625%2C834&amp;ssl=1\" src=\"https:\/\/i2.wp.com\/www.bechmann.org\/amphibium\/wp-content\/uploads\/feuerbohren.jpg?fit=625%2C834&amp;ssl=1\" alt=\"\" class=\"wp-image-4228\" width=\"359\" height=\"479\" srcset=\"https:\/\/i0.wp.com\/www.bechmann.org\/amphibium\/wp-content\/uploads\/feuerbohren.jpg?w=3973&amp;ssl=1 3973w, https:\/\/i0.wp.com\/www.bechmann.org\/amphibium\/wp-content\/uploads\/feuerbohren.jpg?resize=225%2C300&amp;ssl=1 225w, https:\/\/i0.wp.com\/www.bechmann.org\/amphibium\/wp-content\/uploads\/feuerbohren.jpg?resize=768%2C1025&amp;ssl=1 768w, https:\/\/i0.wp.com\/www.bechmann.org\/amphibium\/wp-content\/uploads\/feuerbohren.jpg?resize=767%2C1024&amp;ssl=1 767w, https:\/\/i0.wp.com\/www.bechmann.org\/amphibium\/wp-content\/uploads\/feuerbohren.jpg?resize=624%2C833&amp;ssl=1 624w, https:\/\/i0.wp.com\/www.bechmann.org\/amphibium\/wp-content\/uploads\/feuerbohren.jpg?w=1250&amp;ssl=1 1250w, https:\/\/i0.wp.com\/www.bechmann.org\/amphibium\/wp-content\/uploads\/feuerbohren.jpg?w=1875&amp;ssl=1 1875w\" sizes=\"auto, (max-width: 359px) 100vw, 359px\" \/><figcaption>(\u00dcber-)Lebensotwendiges Know-how: Feuerbohren<\/figcaption><\/figure><\/div>\n\n\n\n<p>Und Informationen \u00fcber neue Techniken, neue Fertigkeiten, neue &#8222;<em>skills<\/em>&#8222;, hat man von anderen erfahren &#8211; von Leuten, die \u00fcber das entsprechende <em>Know-how<\/em> verf\u00fcgten. Und die kamen meist von woanders her. Und aneignen konnte man sich neue Techniken, die m\u00f6glich machten, dass das Leben besser wurde, indem man den Austausch mit anderen Leuten hatte.<\/p>\n\n\n\n<p>700 Jahre Islam in Spanien bedeuten f\u00fcr Europa: Mathematik, St\u00e4dtebau, Architektur, Navigation, die Berechnung des Erdumfangs&#8230; Die damaligen Spanier hatten weder von dem einen oder dem anderen viel Ahnung; und sie haben auch nicht gebadet, die Muslime schon.<\/p>\n\n\n\n<figure class=\"wp-block-image\"><img loading=\"lazy\" decoding=\"async\" width=\"4099\" height=\"3320\" data-attachment-id=\"4229\" data-permalink=\"https:\/\/www.bechmann.org\/amphibium\/anderswo-ist-es-vielleicht-besser\/vogelfalle\/\" data-orig-file=\"https:\/\/i0.wp.com\/www.bechmann.org\/amphibium\/wp-content\/uploads\/vogelfalle.jpg?fit=4099%2C3320&amp;ssl=1\" data-orig-size=\"4099,3320\" data-comments-opened=\"0\" data-image-meta=\"{&quot;aperture&quot;:&quot;4&quot;,&quot;credit&quot;:&quot;Oliver Bechmann&quot;,&quot;camera&quot;:&quot;ILCE-6000&quot;,&quot;caption&quot;:&quot;&quot;,&quot;created_timestamp&quot;:&quot;1547311757&quot;,&quot;copyright&quot;:&quot;Oliver Bechmann&quot;,&quot;focal_length&quot;:&quot;19&quot;,&quot;iso&quot;:&quot;250&quot;,&quot;shutter_speed&quot;:&quot;0.0005&quot;,&quot;title&quot;:&quot;&quot;,&quot;orientation&quot;:&quot;1&quot;}\" data-image-title=\"vogelfalle\" data-image-description=\"\" data-image-caption=\"\" data-large-file=\"https:\/\/i0.wp.com\/www.bechmann.org\/amphibium\/wp-content\/uploads\/vogelfalle.jpg?fit=625%2C506&amp;ssl=1\" src=\"https:\/\/i2.wp.com\/www.bechmann.org\/amphibium\/wp-content\/uploads\/vogelfalle.jpg?fit=625%2C506&amp;ssl=1\" alt=\"\" class=\"wp-image-4229\" srcset=\"https:\/\/i0.wp.com\/www.bechmann.org\/amphibium\/wp-content\/uploads\/vogelfalle.jpg?w=4099&amp;ssl=1 4099w, https:\/\/i0.wp.com\/www.bechmann.org\/amphibium\/wp-content\/uploads\/vogelfalle.jpg?resize=300%2C243&amp;ssl=1 300w, https:\/\/i0.wp.com\/www.bechmann.org\/amphibium\/wp-content\/uploads\/vogelfalle.jpg?resize=768%2C622&amp;ssl=1 768w, https:\/\/i0.wp.com\/www.bechmann.org\/amphibium\/wp-content\/uploads\/vogelfalle.jpg?resize=1024%2C829&amp;ssl=1 1024w, https:\/\/i0.wp.com\/www.bechmann.org\/amphibium\/wp-content\/uploads\/vogelfalle.jpg?resize=624%2C505&amp;ssl=1 624w, https:\/\/i0.wp.com\/www.bechmann.org\/amphibium\/wp-content\/uploads\/vogelfalle.jpg?w=1250&amp;ssl=1 1250w, https:\/\/i0.wp.com\/www.bechmann.org\/amphibium\/wp-content\/uploads\/vogelfalle.jpg?w=1875&amp;ssl=1 1875w\" sizes=\"auto, (max-width: 625px) 100vw, 625px\" \/><figcaption>Wissens-Transfer beim Bau einer Vogelfalle<\/figcaption><\/figure>\n\n\n\n<p>Apropos: Als &#8211; katholische &#8211; Portugiesen und &#8211; anglikanische &#8211; Engl\u00e4nder im 16. Jahrhundert in Japan landeten, waren auch sie ungewaschen. Sie haben gestunken wie die Pest. Die Japaner, die eine hochstehende Badekultur entwickelt hatten, haben f\u00fcrchterlich die Nase ger\u00fcmpft, und von den europ\u00e4ischen Ank\u00f6mmlingen gesagt: Das sind die, denen die Fliegen folgen.<\/p>\n\n\n\n<p>Kein Grund zu Hochmut also. Wenn heutzutage welche auf der Suche nach was Besserem kommen, eher zur Demut. <\/p>\n","protected":false},"excerpt":{"rendered":"<p>Die Festung Europa abschotten? Vor denen aus Afrika? Aber von &#8222;denen&#8220; stammen wir doch ab. W\u00e4re nicht vor vielen vielen vielen Jahren jemand in Ost- oder S\u00fcdafrika, wo die Menschheit entstanden ist, jemand auf die Idee gekommen, dass es anderswo besser sein k\u00f6nnte, so w\u00fcrden wir Europ\u00e4er gar nicht existieren. Irgendwo im s\u00fcdlichen Afrika sind [&hellip;]<\/p>\n","protected":false},"author":1,"featured_media":0,"comment_status":"closed","ping_status":"closed","sticky":false,"template":"","format":"standard","meta":{"jetpack_post_was_ever_published":false,"_jetpack_newsletter_access":"","_jetpack_dont_email_post_to_subs":false,"_jetpack_newsletter_tier_id":0,"_jetpack_memberships_contains_paywalled_content":false,"_jetpack_memberships_contains_paid_content":false,"footnotes":"","jetpack_publicize_message":"","jetpack_publicize_feature_enabled":true,"jetpack_social_post_already_shared":true,"jetpack_social_options":{"image_generator_settings":{"template":"highway","default_image_id":0,"font":"","enabled":false},"version":2}},"categories":[2,544],"tags":[568,566,567,565],"class_list":["post-4210","post","type-post","status-publish","format-standard","hentry","category-land","category-philosophie","tag-afrika","tag-europa","tag-islam","tag-wanderung"],"jetpack_publicize_connections":[],"jetpack_featured_media_url":"","jetpack_shortlink":"https:\/\/wp.me\/p4DyUk-15U","jetpack-related-posts":[{"id":1882,"url":"https:\/\/www.bechmann.org\/amphibium\/rundgang-in-lissabon\/","url_meta":{"origin":4210,"position":0},"title":"Rundgang in Lissabon","author":"Oliver","date":"26. Dezember 2016","format":false,"excerpt":"Lissabon ist eine bedeutende europ\u00e4ische Kulturstadt, Portugals Hauptstadt und architektonischer Zeuge der vergangenen portugiesischen Weltmachts-Zeiten und verf\u00fcgt im Vergleich dazu \u00fcber einen \u00fcberraschend \u00fcbersichtlichen Flughafen. (Vielleicht ist der Frankfurter Flughafen einfach auch nur \u00fcbergro\u00df). Am Flughafen habe ich gestern Beate in den Abendstunden abgeholt, die Heiligabend noch mit ihrer Mutter\u2026","rel":"","context":"In &quot;Land&quot;","block_context":{"text":"Land","link":"https:\/\/www.bechmann.org\/amphibium\/category\/land\/"},"img":{"alt_text":"","src":"https:\/\/i0.wp.com\/www.bechmann.org\/amphibium\/wp-content\/uploads\/wp-image-896189366jpg.jpg?resize=350%2C200","width":350,"height":200,"srcset":"https:\/\/i0.wp.com\/www.bechmann.org\/amphibium\/wp-content\/uploads\/wp-image-896189366jpg.jpg?resize=350%2C200 1x, https:\/\/i0.wp.com\/www.bechmann.org\/amphibium\/wp-content\/uploads\/wp-image-896189366jpg.jpg?resize=525%2C300 1.5x, https:\/\/i0.wp.com\/www.bechmann.org\/amphibium\/wp-content\/uploads\/wp-image-896189366jpg.jpg?resize=700%2C400 2x, https:\/\/i0.wp.com\/www.bechmann.org\/amphibium\/wp-content\/uploads\/wp-image-896189366jpg.jpg?resize=1050%2C600 3x, https:\/\/i0.wp.com\/www.bechmann.org\/amphibium\/wp-content\/uploads\/wp-image-896189366jpg.jpg?resize=1400%2C800 4x"},"classes":[]},{"id":1985,"url":"https:\/\/www.bechmann.org\/amphibium\/leben-auf-rdern\/","url_meta":{"origin":4210,"position":1},"title":"Leben auf R\u00e4dern","author":"Oliver","date":"10. Januar 2017","format":false,"excerpt":"F\u00fcr unsere Stell- und \u00dcbernachtungspl\u00e4tze in Portugal sind im Wesentlichen zwei Quellen verantwortlich. Andr\u00e9 von amumot.de und Steffi von keine-eile.de bzw. algarve-pur.de. Beide leben dauerhaft in ihren (gr\u00f6\u00dferen) Wohnmobilen und verdienen ihren Lebensunterhalt trotz und gerade beim Unterwegssein; u.a. mit dem Unterwegssein bzw. den Ger\u00e4tschaften, die man beim wohnmobilen Leben\u2026","rel":"","context":"In &quot;Land&quot;","block_context":{"text":"Land","link":"https:\/\/www.bechmann.org\/amphibium\/category\/land\/"},"img":{"alt_text":"IMG_0998","src":"https:\/\/i0.wp.com\/www.bechmann.org\/amphibium\/wp-content\/uploads\/IMG_0998_thumb.jpg?resize=350%2C200","width":350,"height":200,"srcset":"https:\/\/i0.wp.com\/www.bechmann.org\/amphibium\/wp-content\/uploads\/IMG_0998_thumb.jpg?resize=350%2C200 1x, https:\/\/i0.wp.com\/www.bechmann.org\/amphibium\/wp-content\/uploads\/IMG_0998_thumb.jpg?resize=525%2C300 1.5x"},"classes":[]},{"id":8976,"url":"https:\/\/www.bechmann.org\/amphibium\/suedafrika-vii-vii-ur-heimat-kalahari\/","url_meta":{"origin":4210,"position":2},"title":"Ur-Heimat Kalahari","author":"Oliver","date":"30. Oktober 2024","format":false,"excerpt":"Kalahari. Oder, in Afrikaans: Kgalagadi (sprich: Chalachadi, mit in der Kehle kratzendem \"ch\"). Das ist so eine Sehnsuchtslandschaft, geowissenschaftlich recht n\u00fcchtern eine Trocken- bis Dornstrauchsavanne. Im s\u00fcdafrikanischen Teil, der deutlich kleiner ist als der in Botswana und Namibia, eher das erstere: Es gibt kleine B\u00e4ume und gr\u00f6\u00dfere Str\u00e4ucher, aber weniger\u2026","rel":"","context":"In &quot;Land&quot;","block_context":{"text":"Land","link":"https:\/\/www.bechmann.org\/amphibium\/category\/land\/"},"img":{"alt_text":"","src":"https:\/\/i0.wp.com\/www.bechmann.org\/amphibium\/wp-content\/uploads\/DSC04848.jpg?resize=350%2C200&ssl=1","width":350,"height":200,"srcset":"https:\/\/i0.wp.com\/www.bechmann.org\/amphibium\/wp-content\/uploads\/DSC04848.jpg?resize=350%2C200&ssl=1 1x, https:\/\/i0.wp.com\/www.bechmann.org\/amphibium\/wp-content\/uploads\/DSC04848.jpg?resize=525%2C300&ssl=1 1.5x, https:\/\/i0.wp.com\/www.bechmann.org\/amphibium\/wp-content\/uploads\/DSC04848.jpg?resize=700%2C400&ssl=1 2x, https:\/\/i0.wp.com\/www.bechmann.org\/amphibium\/wp-content\/uploads\/DSC04848.jpg?resize=1050%2C600&ssl=1 3x, https:\/\/i0.wp.com\/www.bechmann.org\/amphibium\/wp-content\/uploads\/DSC04848.jpg?resize=1400%2C800&ssl=1 4x"},"classes":[]},{"id":8335,"url":"https:\/\/www.bechmann.org\/amphibium\/namibia-iii-x-erongo-plateau-camp\/","url_meta":{"origin":4210,"position":3},"title":"Der K\u00fcmmerer des Erongo Plateau Camps","author":"Oliver","date":"6. Februar 2024","format":false,"excerpt":"Andere Verkehrszeichen in Afrika Obwohl Omandumba zu denn very favorites z\u00e4hlt, f\u00fchrt uns der Zeitplan weiter zum Erongo Plateau Camp - eine andere Campsite, die wir unterwegs ansteuern wollten, erwies sich als gar nicht mehr existent. An einer weiteren, die nahe der kleinen Schotterpiste angezeigt wurde, sind wir vorbei gefahren.\u2026","rel":"","context":"In &quot;Land&quot;","block_context":{"text":"Land","link":"https:\/\/www.bechmann.org\/amphibium\/category\/land\/"},"img":{"alt_text":"","src":"https:\/\/i0.wp.com\/www.bechmann.org\/amphibium\/wp-content\/uploads\/20240207_112931-scaled.jpg?resize=350%2C200&ssl=1","width":350,"height":200,"srcset":"https:\/\/i0.wp.com\/www.bechmann.org\/amphibium\/wp-content\/uploads\/20240207_112931-scaled.jpg?resize=350%2C200&ssl=1 1x, https:\/\/i0.wp.com\/www.bechmann.org\/amphibium\/wp-content\/uploads\/20240207_112931-scaled.jpg?resize=525%2C300&ssl=1 1.5x, https:\/\/i0.wp.com\/www.bechmann.org\/amphibium\/wp-content\/uploads\/20240207_112931-scaled.jpg?resize=700%2C400&ssl=1 2x, https:\/\/i0.wp.com\/www.bechmann.org\/amphibium\/wp-content\/uploads\/20240207_112931-scaled.jpg?resize=1050%2C600&ssl=1 3x, https:\/\/i0.wp.com\/www.bechmann.org\/amphibium\/wp-content\/uploads\/20240207_112931-scaled.jpg?resize=1400%2C800&ssl=1 4x"},"classes":[]},{"id":4707,"url":"https:\/\/www.bechmann.org\/amphibium\/mit-60-jahren-faengt-das-leben-an-in-rooiklip-und-anderswo\/","url_meta":{"origin":4210,"position":4},"title":"Mit 60 Jahren f\u00e4ngt das Leben an &#8211; in Rooiklip und anderswo","author":"Oliver","date":"9. September 2019","format":false,"excerpt":"Neben-Piste im Namib-Naukluft-Park gen D\u00fcnenkette an der K\u00fcste Wer meint, ab dem 60. Lebensjahr liege nicht mehr viel vor einem, muss Gl\u00fcck haben und Hannelore Neuffer und ihren Partner Frans van Biljon von der Rooiklip G\u00e4stefarm kennenlernen: Hannelore hat vor vielen Jahren Namibia besucht, sich in das Land verliebt und\u2026","rel":"","context":"In &quot;Bilder-Geschichte&quot;","block_context":{"text":"Bilder-Geschichte","link":"https:\/\/www.bechmann.org\/amphibium\/category\/bilder-geschichte\/"},"img":{"alt_text":"Vom Gamsberg nach Rooiklip","src":"https:\/\/i0.wp.com\/www.bechmann.org\/amphibium\/wp-content\/uploads\/Screenshot_2020-05-09-Google-Maps1.jpg?resize=350%2C200","width":350,"height":200,"srcset":"https:\/\/i0.wp.com\/www.bechmann.org\/amphibium\/wp-content\/uploads\/Screenshot_2020-05-09-Google-Maps1.jpg?resize=350%2C200 1x, https:\/\/i0.wp.com\/www.bechmann.org\/amphibium\/wp-content\/uploads\/Screenshot_2020-05-09-Google-Maps1.jpg?resize=525%2C300 1.5x, https:\/\/i0.wp.com\/www.bechmann.org\/amphibium\/wp-content\/uploads\/Screenshot_2020-05-09-Google-Maps1.jpg?resize=700%2C400 2x, https:\/\/i0.wp.com\/www.bechmann.org\/amphibium\/wp-content\/uploads\/Screenshot_2020-05-09-Google-Maps1.jpg?resize=1050%2C600 3x"},"classes":[]},{"id":1973,"url":"https:\/\/www.bechmann.org\/amphibium\/weinprobe-frs-franzsische-fernsehen\/","url_meta":{"origin":4210,"position":5},"title":"Weinprobe f\u00fcrs franz\u00f6sische Fernsehen","author":"Oliver","date":"8. Januar 2017","format":false,"excerpt":"Ein Sonntag. Wie kein anderer. Wie kein anderer Tag zuvor in den vergangenen drei Wochen. Nach den vielen Strand-Tagen und \u2013N\u00e4chten trieb es uns gestern ins Hinterland, nach Silves, in dem mit dem maurischen Kastell aus dem 12.\/13. Jahrhundert ein portugiesisches Nationalmonument zu finden ist. Erbaut und genutzt von den\u2026","rel":"","context":"In &quot;Land&quot;","block_context":{"text":"Land","link":"https:\/\/www.bechmann.org\/amphibium\/category\/land\/"},"img":{"alt_text":"","src":"https:\/\/i0.wp.com\/www.bechmann.org\/amphibium\/wp-content\/uploads\/DSC00216.jpg?resize=350%2C200","width":350,"height":200,"srcset":"https:\/\/i0.wp.com\/www.bechmann.org\/amphibium\/wp-content\/uploads\/DSC00216.jpg?resize=350%2C200 1x, https:\/\/i0.wp.com\/www.bechmann.org\/amphibium\/wp-content\/uploads\/DSC00216.jpg?resize=525%2C300 1.5x"},"classes":[]}],"jetpack_sharing_enabled":true,"_links":{"self":[{"href":"https:\/\/www.bechmann.org\/amphibium\/wp-json\/wp\/v2\/posts\/4210","targetHints":{"allow":["GET"]}}],"collection":[{"href":"https:\/\/www.bechmann.org\/amphibium\/wp-json\/wp\/v2\/posts"}],"about":[{"href":"https:\/\/www.bechmann.org\/amphibium\/wp-json\/wp\/v2\/types\/post"}],"author":[{"embeddable":true,"href":"https:\/\/www.bechmann.org\/amphibium\/wp-json\/wp\/v2\/users\/1"}],"replies":[{"embeddable":true,"href":"https:\/\/www.bechmann.org\/amphibium\/wp-json\/wp\/v2\/comments?post=4210"}],"version-history":[{"count":7,"href":"https:\/\/www.bechmann.org\/amphibium\/wp-json\/wp\/v2\/posts\/4210\/revisions"}],"predecessor-version":[{"id":4233,"href":"https:\/\/www.bechmann.org\/amphibium\/wp-json\/wp\/v2\/posts\/4210\/revisions\/4233"}],"wp:attachment":[{"href":"https:\/\/www.bechmann.org\/amphibium\/wp-json\/wp\/v2\/media?parent=4210"}],"wp:term":[{"taxonomy":"category","embeddable":true,"href":"https:\/\/www.bechmann.org\/amphibium\/wp-json\/wp\/v2\/categories?post=4210"},{"taxonomy":"post_tag","embeddable":true,"href":"https:\/\/www.bechmann.org\/amphibium\/wp-json\/wp\/v2\/tags?post=4210"}],"curies":[{"name":"wp","href":"https:\/\/api.w.org\/{rel}","templated":true}]}}