{"id":4173,"date":"2019-05-30T21:04:25","date_gmt":"2019-05-30T19:04:25","guid":{"rendered":"http:\/\/www.bechmann.org\/amphibium\/?p=4173"},"modified":"2019-06-13T22:00:19","modified_gmt":"2019-06-13T20:00:19","slug":"kein-urlaub-sondern-leben","status":"publish","type":"post","link":"https:\/\/www.bechmann.org\/amphibium\/kein-urlaub-sondern-leben\/","title":{"rendered":"Kein Urlaub, sondern Leben"},"content":{"rendered":"\n<figure class=\"wp-block-image\"><img loading=\"lazy\" decoding=\"async\" width=\"6000\" height=\"4000\" data-attachment-id=\"4174\" data-permalink=\"https:\/\/www.bechmann.org\/amphibium\/kein-urlaub-sondern-leben\/spanien19-1-9\/\" data-orig-file=\"https:\/\/i0.wp.com\/www.bechmann.org\/amphibium\/wp-content\/uploads\/spanien19-1-9.jpg?fit=6000%2C4000&amp;ssl=1\" data-orig-size=\"6000,4000\" data-comments-opened=\"0\" data-image-meta=\"{&quot;aperture&quot;:&quot;11&quot;,&quot;credit&quot;:&quot;&quot;,&quot;camera&quot;:&quot;ILCE-6000&quot;,&quot;caption&quot;:&quot;&quot;,&quot;created_timestamp&quot;:&quot;1557583756&quot;,&quot;copyright&quot;:&quot;&quot;,&quot;focal_length&quot;:&quot;18&quot;,&quot;iso&quot;:&quot;100&quot;,&quot;shutter_speed&quot;:&quot;0.008&quot;,&quot;title&quot;:&quot;&quot;,&quot;orientation&quot;:&quot;1&quot;}\" data-image-title=\"spanien19-1-9\" data-image-description=\"\" data-image-caption=\"\" data-large-file=\"https:\/\/i0.wp.com\/www.bechmann.org\/amphibium\/wp-content\/uploads\/spanien19-1-9.jpg?fit=625%2C417&amp;ssl=1\" src=\"https:\/\/i1.wp.com\/www.bechmann.org\/amphibium\/wp-content\/uploads\/spanien19-1-9.jpg?fit=625%2C417&amp;ssl=1\" alt=\"\" class=\"wp-image-4174\" srcset=\"https:\/\/i0.wp.com\/www.bechmann.org\/amphibium\/wp-content\/uploads\/spanien19-1-9.jpg?w=6000&amp;ssl=1 6000w, https:\/\/i0.wp.com\/www.bechmann.org\/amphibium\/wp-content\/uploads\/spanien19-1-9.jpg?resize=300%2C200&amp;ssl=1 300w, https:\/\/i0.wp.com\/www.bechmann.org\/amphibium\/wp-content\/uploads\/spanien19-1-9.jpg?resize=768%2C512&amp;ssl=1 768w, https:\/\/i0.wp.com\/www.bechmann.org\/amphibium\/wp-content\/uploads\/spanien19-1-9.jpg?resize=1024%2C683&amp;ssl=1 1024w, https:\/\/i0.wp.com\/www.bechmann.org\/amphibium\/wp-content\/uploads\/spanien19-1-9.jpg?resize=624%2C416&amp;ssl=1 624w, https:\/\/i0.wp.com\/www.bechmann.org\/amphibium\/wp-content\/uploads\/spanien19-1-9.jpg?w=1250&amp;ssl=1 1250w, https:\/\/i0.wp.com\/www.bechmann.org\/amphibium\/wp-content\/uploads\/spanien19-1-9.jpg?w=1875&amp;ssl=1 1875w\" sizes=\"auto, (max-width: 625px) 100vw, 625px\" \/><figcaption>MGF Cabrio &#8211; Tour in Nordportugal<\/figcaption><\/figure>\n\n\n\n<p>Spanien\nist so etwas wie meine zweite Heimat. Meine Mutter lebt seit\nJahrzehnten dort, zusammen mit ihrem spanischen Lebensgef\u00e4hrten (der\nwiederum so etwas wie mein Ersatz-Vater ist). Und mit diesem begann\nmein Faible f\u00fcrs Reisen: Als ich etwa 17 Jahre alt war, fuhr er mit\nseinen drei S\u00f6hnen und mir als Teenager mit seinem VW 1600 Variant\nKombi in einen mehrw\u00f6chigen Zelt-Urlaub gen S\u00fcdfrankreich und\nSpanien. \n<\/p>\n\n\n\n<p>Die \u00fcbliche Tour, inkl. Auf- und Abbau der Zelte im Regen.\nVermutlich kann ich aufgrund dieser Erfahrungen bis heute wenig mit\nZelten anfangen und ziehe das feste Dach eines Reisemobils vor. Aber\nden Reise-Virus habe ich mir eingefangen, besonders wenn man von\neinem Ort zum anderen weiterzieht. \n<\/p>\n\n\n\n<div class=\"wp-block-image\"><figure class=\"alignright is-resized\"><img loading=\"lazy\" decoding=\"async\" data-attachment-id=\"4175\" data-permalink=\"https:\/\/www.bechmann.org\/amphibium\/kein-urlaub-sondern-leben\/zelten19-1-5\/\" data-orig-file=\"https:\/\/i0.wp.com\/www.bechmann.org\/amphibium\/wp-content\/uploads\/zelten19-1-5.jpg?fit=6000%2C4000&amp;ssl=1\" data-orig-size=\"6000,4000\" data-comments-opened=\"0\" data-image-meta=\"{&quot;aperture&quot;:&quot;6.3&quot;,&quot;credit&quot;:&quot;&quot;,&quot;camera&quot;:&quot;ILCE-6000&quot;,&quot;caption&quot;:&quot;&quot;,&quot;created_timestamp&quot;:&quot;1555272329&quot;,&quot;copyright&quot;:&quot;&quot;,&quot;focal_length&quot;:&quot;155&quot;,&quot;iso&quot;:&quot;3200&quot;,&quot;shutter_speed&quot;:&quot;0.05&quot;,&quot;title&quot;:&quot;&quot;,&quot;orientation&quot;:&quot;1&quot;}\" data-image-title=\"zelten19-1-5\" data-image-description=\"\" data-image-caption=\"\" data-large-file=\"https:\/\/i0.wp.com\/www.bechmann.org\/amphibium\/wp-content\/uploads\/zelten19-1-5.jpg?fit=625%2C417&amp;ssl=1\" src=\"https:\/\/i1.wp.com\/www.bechmann.org\/amphibium\/wp-content\/uploads\/zelten19-1-5.jpg?fit=625%2C417&amp;ssl=1\" alt=\"\" class=\"wp-image-4175\" width=\"366\" height=\"244\" srcset=\"https:\/\/i0.wp.com\/www.bechmann.org\/amphibium\/wp-content\/uploads\/zelten19-1-5.jpg?w=6000&amp;ssl=1 6000w, https:\/\/i0.wp.com\/www.bechmann.org\/amphibium\/wp-content\/uploads\/zelten19-1-5.jpg?resize=300%2C200&amp;ssl=1 300w, https:\/\/i0.wp.com\/www.bechmann.org\/amphibium\/wp-content\/uploads\/zelten19-1-5.jpg?resize=768%2C512&amp;ssl=1 768w, https:\/\/i0.wp.com\/www.bechmann.org\/amphibium\/wp-content\/uploads\/zelten19-1-5.jpg?resize=1024%2C683&amp;ssl=1 1024w, https:\/\/i0.wp.com\/www.bechmann.org\/amphibium\/wp-content\/uploads\/zelten19-1-5.jpg?resize=624%2C416&amp;ssl=1 624w, https:\/\/i0.wp.com\/www.bechmann.org\/amphibium\/wp-content\/uploads\/zelten19-1-5.jpg?w=1250&amp;ssl=1 1250w, https:\/\/i0.wp.com\/www.bechmann.org\/amphibium\/wp-content\/uploads\/zelten19-1-5.jpg?w=1875&amp;ssl=1 1875w\" sizes=\"auto, (max-width: 366px) 100vw, 366px\" \/><figcaption>Zelten muss nicht immer \u00e4sthetisch sein<\/figcaption><\/figure><\/div>\n\n\n\n<p>(Es gab damals eine TV-Serie namens \u201eDie Globetrotter\u201c &#8211; ein\nText- und ein Fotojournalist erleben Abenteuer bei ihrer Weltreise -,\ndie auch nicht unwesentlich dazu beigetragen hat).<\/p>\n\n\n\n<p>Das ist mehr als vier Jahrzehnte her, wir Sch\u00fcler und sp\u00e4teren\nStudenten gingen in den \u201eSpanier\u201c &#8211; eine Kneipe mit urw\u00fcchsigem\ngalizischen Bahnhofscharme, in der geraucht und die Kippen auf den\nBoden geworfen wurden. Man konnte die F\u00fc\u00dfe hochlegen, <em>Caf\u00e9\nCarajillo<\/em> trinken, <em>Vino Tinto<\/em> und d\u00fcnnes <em>San\nMiguel<\/em>-Bier sowieso. F\u00fcr unsere schmalen Geldbeutel waren die\nTapas bezahlbar.<\/p>\n\n\n\n<p>Der \u201eSpanier\u201c &#8211; mit ihrem richtigen Namen haben wir die Kneipe\nnie genannt \u2013 war der Zufluchtsort von Ordnung und Disziplin der\neigenen Familie. Man durfte da alles, was man dort nicht durfte,\ninkl. F\u00fc\u00dfe auf den Tisch legen und den Esstisch dreckig\nhinterlassen. Im \u201eSpanier\u201c geh\u00f6rte das einfach dazu \u2013 dort\nging es laut und l\u00e4ssig zu.<\/p>\n\n\n\n<p>Und so ist es eigentlich immer geblieben. Ich war in vielen L\u00e4ndern mittlerweile, aber Spanien w\u00e4re der Raum, in dem ich bliebe. Wo ich bleiben w\u00fcrde. Die zweite Heimat eben. Zwei Gegenden haben es mir dabei besonders angetan, die weit auseinanderliegen, in vielerlei Hinsicht, nicht nur geografisch: <a rel=\"noreferrer noopener\" aria-label=\"Galicien  (\u00f6ffnet in neuem Tab)\" href=\"https:\/\/de.wikipedia.org\/wiki\/Galicien\" target=\"_blank\">Galicien <\/a>im Nordwesten, <a href=\"https:\/\/de.wikipedia.org\/wiki\/Andalusien\" target=\"_blank\" rel=\"noreferrer noopener\" aria-label=\"Andalusien  (\u00f6ffnet in neuem Tab)\">Andalusien <\/a>im S\u00fcden.  <\/p>\n\n\n\n<!--more-->\n\n\n\n<div class=\"wp-block-jetpack-tiled-gallery aligncenter is-style-rectangular\"><div class=\"tiled-gallery__gallery\"><div class=\"tiled-gallery__row\"><div class=\"tiled-gallery__col\"><figure class=\"tiled-gallery__item\"><img decoding=\"async\" data-attachment-id=\"4179\" data-permalink=\"https:\/\/www.bechmann.org\/amphibium\/kein-urlaub-sondern-leben\/sevilla19-1-2\/\" data-orig-file=\"https:\/\/i0.wp.com\/www.bechmann.org\/amphibium\/wp-content\/uploads\/sevilla19-1-2.jpg?fit=6000%2C4000&amp;ssl=1\" data-orig-size=\"6000,4000\" data-comments-opened=\"0\" data-image-meta=\"{&quot;aperture&quot;:&quot;11&quot;,&quot;credit&quot;:&quot;&quot;,&quot;camera&quot;:&quot;ILCE-6000&quot;,&quot;caption&quot;:&quot;&quot;,&quot;created_timestamp&quot;:&quot;1555158034&quot;,&quot;copyright&quot;:&quot;&quot;,&quot;focal_length&quot;:&quot;21&quot;,&quot;iso&quot;:&quot;100&quot;,&quot;shutter_speed&quot;:&quot;0.004&quot;,&quot;title&quot;:&quot;&quot;,&quot;orientation&quot;:&quot;1&quot;}\" data-image-title=\"sevilla19-1-2\" data-image-description=\"\" data-image-caption=\"&lt;p&gt;Am Guadalquivir&lt;\/p&gt;\n\" data-large-file=\"https:\/\/i0.wp.com\/www.bechmann.org\/amphibium\/wp-content\/uploads\/sevilla19-1-2.jpg?fit=625%2C417&amp;ssl=1\" data-attachment-id=\"4179\" data-permalink=\"https:\/\/www.bechmann.org\/amphibium\/kein-urlaub-sondern-leben\/sevilla19-1-2\/\" data-orig-file=\"https:\/\/i0.wp.com\/www.bechmann.org\/amphibium\/wp-content\/uploads\/sevilla19-1-2.jpg?fit=6000%2C4000&amp;ssl=1\" data-orig-size=\"6000,4000\" data-comments-opened=\"0\" data-image-meta=\"{&quot;aperture&quot;:&quot;11&quot;,&quot;credit&quot;:&quot;&quot;,&quot;camera&quot;:&quot;ILCE-6000&quot;,&quot;caption&quot;:&quot;&quot;,&quot;created_timestamp&quot;:&quot;1555158034&quot;,&quot;copyright&quot;:&quot;&quot;,&quot;focal_length&quot;:&quot;21&quot;,&quot;iso&quot;:&quot;100&quot;,&quot;shutter_speed&quot;:&quot;0.004&quot;,&quot;title&quot;:&quot;&quot;,&quot;orientation&quot;:&quot;1&quot;}\" data-image-title=\"sevilla19-1-2\" data-image-description=\"\" data-image-caption=\"&lt;p&gt;Am Guadalquivir&lt;\/p&gt;\n\" data-large-file=\"https:\/\/i0.wp.com\/www.bechmann.org\/amphibium\/wp-content\/uploads\/sevilla19-1-2.jpg?fit=625%2C417&amp;ssl=1\" role=\"button\" tabindex=\"0\" aria-label=\"Bild\u00a01 von 4 im Vollbildmodus \u00f6ffnen\"srcset=\"https:\/\/i1.wp.com\/www.bechmann.org\/amphibium\/wp-content\/uploads\/sevilla19-1-2.jpg?strip=info&#038;w=600&#038;ssl=1 600w,https:\/\/i1.wp.com\/www.bechmann.org\/amphibium\/wp-content\/uploads\/sevilla19-1-2.jpg?strip=info&#038;w=900&#038;ssl=1 900w,https:\/\/i1.wp.com\/www.bechmann.org\/amphibium\/wp-content\/uploads\/sevilla19-1-2.jpg?strip=info&#038;w=1200&#038;ssl=1 1200w,https:\/\/i1.wp.com\/www.bechmann.org\/amphibium\/wp-content\/uploads\/sevilla19-1-2.jpg?strip=info&#038;w=1500&#038;ssl=1 1500w,https:\/\/i1.wp.com\/www.bechmann.org\/amphibium\/wp-content\/uploads\/sevilla19-1-2.jpg?strip=info&#038;w=1800&#038;ssl=1 1800w,https:\/\/i1.wp.com\/www.bechmann.org\/amphibium\/wp-content\/uploads\/sevilla19-1-2.jpg?strip=info&#038;w=2000&#038;ssl=1 2000w\" alt=\"\" data-height=\"4000\" data-id=\"4179\" data-link=\"https:\/\/www.bechmann.org\/amphibium\/kein-urlaub-sondern-leben\/sevilla19-1-2\/\" data-url=\"https:\/\/www.bechmann.org\/amphibium\/wp-content\/uploads\/sevilla19-1-2.jpg\" data-width=\"6000\" src=\"https:\/\/i1.wp.com\/www.bechmann.org\/amphibium\/wp-content\/uploads\/sevilla19-1-2.jpg?ssl=1\"\/><\/figure><\/div><div class=\"tiled-gallery__col\"><figure class=\"tiled-gallery__item\"><img decoding=\"async\" data-attachment-id=\"4177\" data-permalink=\"https:\/\/www.bechmann.org\/amphibium\/kein-urlaub-sondern-leben\/sevilla19-1-4\/\" data-orig-file=\"https:\/\/i0.wp.com\/www.bechmann.org\/amphibium\/wp-content\/uploads\/sevilla19-1-4.jpg?fit=6000%2C4000&amp;ssl=1\" data-orig-size=\"6000,4000\" data-comments-opened=\"0\" data-image-meta=\"{&quot;aperture&quot;:&quot;8&quot;,&quot;credit&quot;:&quot;&quot;,&quot;camera&quot;:&quot;ILCE-6000&quot;,&quot;caption&quot;:&quot;&quot;,&quot;created_timestamp&quot;:&quot;1555179550&quot;,&quot;copyright&quot;:&quot;&quot;,&quot;focal_length&quot;:&quot;18&quot;,&quot;iso&quot;:&quot;25600&quot;,&quot;shutter_speed&quot;:&quot;0.0025&quot;,&quot;title&quot;:&quot;&quot;,&quot;orientation&quot;:&quot;1&quot;}\" data-image-title=\"sevilla19-1-4\" data-image-description=\"\" data-image-caption=\"&lt;p&gt;Essen in engen Gassen&lt;\/p&gt;\n\" data-large-file=\"https:\/\/i0.wp.com\/www.bechmann.org\/amphibium\/wp-content\/uploads\/sevilla19-1-4.jpg?fit=625%2C417&amp;ssl=1\" data-attachment-id=\"4177\" data-permalink=\"https:\/\/www.bechmann.org\/amphibium\/kein-urlaub-sondern-leben\/sevilla19-1-4\/\" data-orig-file=\"https:\/\/i0.wp.com\/www.bechmann.org\/amphibium\/wp-content\/uploads\/sevilla19-1-4.jpg?fit=6000%2C4000&amp;ssl=1\" data-orig-size=\"6000,4000\" data-comments-opened=\"0\" data-image-meta=\"{&quot;aperture&quot;:&quot;8&quot;,&quot;credit&quot;:&quot;&quot;,&quot;camera&quot;:&quot;ILCE-6000&quot;,&quot;caption&quot;:&quot;&quot;,&quot;created_timestamp&quot;:&quot;1555179550&quot;,&quot;copyright&quot;:&quot;&quot;,&quot;focal_length&quot;:&quot;18&quot;,&quot;iso&quot;:&quot;25600&quot;,&quot;shutter_speed&quot;:&quot;0.0025&quot;,&quot;title&quot;:&quot;&quot;,&quot;orientation&quot;:&quot;1&quot;}\" data-image-title=\"sevilla19-1-4\" data-image-description=\"\" data-image-caption=\"&lt;p&gt;Essen in engen Gassen&lt;\/p&gt;\n\" data-large-file=\"https:\/\/i0.wp.com\/www.bechmann.org\/amphibium\/wp-content\/uploads\/sevilla19-1-4.jpg?fit=625%2C417&amp;ssl=1\" role=\"button\" tabindex=\"0\" aria-label=\"Bild\u00a02 von 4 im Vollbildmodus \u00f6ffnen\"srcset=\"https:\/\/i0.wp.com\/www.bechmann.org\/amphibium\/wp-content\/uploads\/sevilla19-1-4.jpg?strip=info&#038;w=600&#038;ssl=1 600w,https:\/\/i0.wp.com\/www.bechmann.org\/amphibium\/wp-content\/uploads\/sevilla19-1-4.jpg?strip=info&#038;w=900&#038;ssl=1 900w,https:\/\/i0.wp.com\/www.bechmann.org\/amphibium\/wp-content\/uploads\/sevilla19-1-4.jpg?strip=info&#038;w=1200&#038;ssl=1 1200w,https:\/\/i0.wp.com\/www.bechmann.org\/amphibium\/wp-content\/uploads\/sevilla19-1-4.jpg?strip=info&#038;w=1500&#038;ssl=1 1500w,https:\/\/i0.wp.com\/www.bechmann.org\/amphibium\/wp-content\/uploads\/sevilla19-1-4.jpg?strip=info&#038;w=1800&#038;ssl=1 1800w,https:\/\/i0.wp.com\/www.bechmann.org\/amphibium\/wp-content\/uploads\/sevilla19-1-4.jpg?strip=info&#038;w=2000&#038;ssl=1 2000w\" alt=\"\" data-height=\"4000\" data-id=\"4177\" data-link=\"https:\/\/www.bechmann.org\/amphibium\/kein-urlaub-sondern-leben\/sevilla19-1-4\/\" data-url=\"https:\/\/www.bechmann.org\/amphibium\/wp-content\/uploads\/sevilla19-1-4.jpg\" data-width=\"6000\" src=\"https:\/\/i0.wp.com\/www.bechmann.org\/amphibium\/wp-content\/uploads\/sevilla19-1-4.jpg?ssl=1\"\/><\/figure><figure class=\"tiled-gallery__item\"><img decoding=\"async\" data-attachment-id=\"4180\" data-permalink=\"https:\/\/www.bechmann.org\/amphibium\/kein-urlaub-sondern-leben\/sevilla19-1-3\/\" data-orig-file=\"https:\/\/i0.wp.com\/www.bechmann.org\/amphibium\/wp-content\/uploads\/sevilla19-1-3.jpg?fit=6000%2C4000&amp;ssl=1\" data-orig-size=\"6000,4000\" data-comments-opened=\"0\" data-image-meta=\"{&quot;aperture&quot;:&quot;6.3&quot;,&quot;credit&quot;:&quot;&quot;,&quot;camera&quot;:&quot;ILCE-6000&quot;,&quot;caption&quot;:&quot;&quot;,&quot;created_timestamp&quot;:&quot;1555161973&quot;,&quot;copyright&quot;:&quot;&quot;,&quot;focal_length&quot;:&quot;23&quot;,&quot;iso&quot;:&quot;100&quot;,&quot;shutter_speed&quot;:&quot;0.016666666666667&quot;,&quot;title&quot;:&quot;&quot;,&quot;orientation&quot;:&quot;1&quot;}\" data-image-title=\"sevilla19-1-3\" data-image-description=\"\" data-image-caption=\"&lt;p&gt;Orangenbl\u00fcte im Park&lt;\/p&gt;\n\" data-large-file=\"https:\/\/i0.wp.com\/www.bechmann.org\/amphibium\/wp-content\/uploads\/sevilla19-1-3.jpg?fit=625%2C417&amp;ssl=1\" data-attachment-id=\"4180\" data-permalink=\"https:\/\/www.bechmann.org\/amphibium\/kein-urlaub-sondern-leben\/sevilla19-1-3\/\" data-orig-file=\"https:\/\/i0.wp.com\/www.bechmann.org\/amphibium\/wp-content\/uploads\/sevilla19-1-3.jpg?fit=6000%2C4000&amp;ssl=1\" data-orig-size=\"6000,4000\" data-comments-opened=\"0\" data-image-meta=\"{&quot;aperture&quot;:&quot;6.3&quot;,&quot;credit&quot;:&quot;&quot;,&quot;camera&quot;:&quot;ILCE-6000&quot;,&quot;caption&quot;:&quot;&quot;,&quot;created_timestamp&quot;:&quot;1555161973&quot;,&quot;copyright&quot;:&quot;&quot;,&quot;focal_length&quot;:&quot;23&quot;,&quot;iso&quot;:&quot;100&quot;,&quot;shutter_speed&quot;:&quot;0.016666666666667&quot;,&quot;title&quot;:&quot;&quot;,&quot;orientation&quot;:&quot;1&quot;}\" data-image-title=\"sevilla19-1-3\" data-image-description=\"\" data-image-caption=\"&lt;p&gt;Orangenbl\u00fcte im Park&lt;\/p&gt;\n\" data-large-file=\"https:\/\/i0.wp.com\/www.bechmann.org\/amphibium\/wp-content\/uploads\/sevilla19-1-3.jpg?fit=625%2C417&amp;ssl=1\" role=\"button\" tabindex=\"0\" aria-label=\"Bild\u00a03 von 4 im Vollbildmodus \u00f6ffnen\"srcset=\"https:\/\/i2.wp.com\/www.bechmann.org\/amphibium\/wp-content\/uploads\/sevilla19-1-3.jpg?strip=info&#038;w=600&#038;ssl=1 600w,https:\/\/i2.wp.com\/www.bechmann.org\/amphibium\/wp-content\/uploads\/sevilla19-1-3.jpg?strip=info&#038;w=900&#038;ssl=1 900w,https:\/\/i2.wp.com\/www.bechmann.org\/amphibium\/wp-content\/uploads\/sevilla19-1-3.jpg?strip=info&#038;w=1200&#038;ssl=1 1200w,https:\/\/i2.wp.com\/www.bechmann.org\/amphibium\/wp-content\/uploads\/sevilla19-1-3.jpg?strip=info&#038;w=1500&#038;ssl=1 1500w,https:\/\/i2.wp.com\/www.bechmann.org\/amphibium\/wp-content\/uploads\/sevilla19-1-3.jpg?strip=info&#038;w=1800&#038;ssl=1 1800w,https:\/\/i2.wp.com\/www.bechmann.org\/amphibium\/wp-content\/uploads\/sevilla19-1-3.jpg?strip=info&#038;w=2000&#038;ssl=1 2000w\" alt=\"\" data-height=\"4000\" data-id=\"4180\" data-link=\"https:\/\/www.bechmann.org\/amphibium\/kein-urlaub-sondern-leben\/sevilla19-1-3\/\" data-url=\"https:\/\/www.bechmann.org\/amphibium\/wp-content\/uploads\/sevilla19-1-3.jpg\" data-width=\"6000\" src=\"https:\/\/i2.wp.com\/www.bechmann.org\/amphibium\/wp-content\/uploads\/sevilla19-1-3.jpg?ssl=1\"\/><\/figure><\/div><\/div><div class=\"tiled-gallery__row\"><div class=\"tiled-gallery__col\"><figure class=\"tiled-gallery__item\"><img decoding=\"async\" data-attachment-id=\"4178\" data-permalink=\"https:\/\/www.bechmann.org\/amphibium\/kein-urlaub-sondern-leben\/sevilla19-1\/\" data-orig-file=\"https:\/\/i0.wp.com\/www.bechmann.org\/amphibium\/wp-content\/uploads\/sevilla19-1.jpg?fit=6000%2C4000&amp;ssl=1\" data-orig-size=\"6000,4000\" data-comments-opened=\"0\" data-image-meta=\"{&quot;aperture&quot;:&quot;5.6&quot;,&quot;credit&quot;:&quot;&quot;,&quot;camera&quot;:&quot;ILCE-6000&quot;,&quot;caption&quot;:&quot;&quot;,&quot;created_timestamp&quot;:&quot;1555157310&quot;,&quot;copyright&quot;:&quot;&quot;,&quot;focal_length&quot;:&quot;54&quot;,&quot;iso&quot;:&quot;100&quot;,&quot;shutter_speed&quot;:&quot;0.00625&quot;,&quot;title&quot;:&quot;&quot;,&quot;orientation&quot;:&quot;1&quot;}\" data-image-title=\"sevilla19-1\" data-image-description=\"\" data-image-caption=\"&lt;p&gt;T\u00e4nzerin und Betrachterinnen&lt;\/p&gt;\n\" data-large-file=\"https:\/\/i0.wp.com\/www.bechmann.org\/amphibium\/wp-content\/uploads\/sevilla19-1.jpg?fit=625%2C417&amp;ssl=1\" data-attachment-id=\"4178\" data-permalink=\"https:\/\/www.bechmann.org\/amphibium\/kein-urlaub-sondern-leben\/sevilla19-1\/\" data-orig-file=\"https:\/\/i0.wp.com\/www.bechmann.org\/amphibium\/wp-content\/uploads\/sevilla19-1.jpg?fit=6000%2C4000&amp;ssl=1\" data-orig-size=\"6000,4000\" data-comments-opened=\"0\" data-image-meta=\"{&quot;aperture&quot;:&quot;5.6&quot;,&quot;credit&quot;:&quot;&quot;,&quot;camera&quot;:&quot;ILCE-6000&quot;,&quot;caption&quot;:&quot;&quot;,&quot;created_timestamp&quot;:&quot;1555157310&quot;,&quot;copyright&quot;:&quot;&quot;,&quot;focal_length&quot;:&quot;54&quot;,&quot;iso&quot;:&quot;100&quot;,&quot;shutter_speed&quot;:&quot;0.00625&quot;,&quot;title&quot;:&quot;&quot;,&quot;orientation&quot;:&quot;1&quot;}\" data-image-title=\"sevilla19-1\" data-image-description=\"\" data-image-caption=\"&lt;p&gt;T\u00e4nzerin und Betrachterinnen&lt;\/p&gt;\n\" data-large-file=\"https:\/\/i0.wp.com\/www.bechmann.org\/amphibium\/wp-content\/uploads\/sevilla19-1.jpg?fit=625%2C417&amp;ssl=1\" role=\"button\" tabindex=\"0\" aria-label=\"Bild\u00a04 von 4 im Vollbildmodus \u00f6ffnen\"srcset=\"https:\/\/i1.wp.com\/www.bechmann.org\/amphibium\/wp-content\/uploads\/sevilla19-1.jpg?strip=info&#038;w=600&#038;ssl=1 600w,https:\/\/i1.wp.com\/www.bechmann.org\/amphibium\/wp-content\/uploads\/sevilla19-1.jpg?strip=info&#038;w=900&#038;ssl=1 900w,https:\/\/i1.wp.com\/www.bechmann.org\/amphibium\/wp-content\/uploads\/sevilla19-1.jpg?strip=info&#038;w=1200&#038;ssl=1 1200w,https:\/\/i1.wp.com\/www.bechmann.org\/amphibium\/wp-content\/uploads\/sevilla19-1.jpg?strip=info&#038;w=1500&#038;ssl=1 1500w,https:\/\/i1.wp.com\/www.bechmann.org\/amphibium\/wp-content\/uploads\/sevilla19-1.jpg?strip=info&#038;w=1800&#038;ssl=1 1800w,https:\/\/i1.wp.com\/www.bechmann.org\/amphibium\/wp-content\/uploads\/sevilla19-1.jpg?strip=info&#038;w=2000&#038;ssl=1 2000w\" alt=\"\" data-height=\"4000\" data-id=\"4178\" data-link=\"https:\/\/www.bechmann.org\/amphibium\/kein-urlaub-sondern-leben\/sevilla19-1\/\" data-url=\"https:\/\/www.bechmann.org\/amphibium\/wp-content\/uploads\/sevilla19-1.jpg\" data-width=\"6000\" src=\"https:\/\/i1.wp.com\/www.bechmann.org\/amphibium\/wp-content\/uploads\/sevilla19-1.jpg?ssl=1\"\/><\/figure><\/div><\/div><\/div><\/div>\n\n\n\n<p>Den April habe ich im andalusischen <a rel=\"noreferrer noopener\" aria-label=\"Sevilla  (\u00f6ffnet in neuem Tab)\" href=\"https:\/\/de.wikipedia.org\/wiki\/Sevilla\" target=\"_blank\">Sevilla <\/a>verbracht, u.a. mit einem <a href=\"https:\/\/www.enforex.com\/spanisch\/\" target=\"_blank\" rel=\"noreferrer noopener\" aria-label=\"Sprachkurs  (\u00f6ffnet in neuem Tab)\">Sprachkurs <\/a>(den leider habe ich in all den Jahren kein Spanisch gelernt, das \u00fcber das Bestellen von Bier und Brot hinaus ginge). Auch wenn die Bewohner von Al-Andaluz ihren eigenen Dialekt pflegen, der gew\u00f6hnungsbed\u00fcrftig ist: Ein Drittel der spanischen W\u00f6rter stammt aus dem Arabischen\u2026 Den Mai in den galizischen Bergen nahe der Grenze zum benachbarten Portugal, etwa 60 Kilometer entfernt vom Wohnort meiner Familie in der regionalen Provinzhauptstadt.  <\/p>\n\n\n\n<p>Zwei Monate in Andalusien und Galicien, einfach so nur zum Leben. Kein Sightseeing, keine besonderen Besichtigungstouren, keine besonderen Abenteuer; einfach nur leben wie selbstverst\u00e4ndlich woanders\u2026 In Sevilla stand meine Wohnung, der Unimog, auf einem ruhigen <a rel=\"noreferrer noopener\" aria-label=\"Campingplatz  (\u00f6ffnet in neuem Tab)\" href=\"http:\/\/www.andalucia.org\/de\/unterkuenfte\/sevilla\/camping-villsom\/\" target=\"_blank\">Campingplatz <\/a>in einem nahegelegenen Ort; ansonsten Wochen des quirligen Stadtlebens in einer von Fr\u00fchjahrstouristen und der <a href=\"https:\/\/de.wikipedia.org\/wiki\/Semana_Santa_in_Sevilla\" target=\"_blank\" rel=\"noreferrer noopener\" aria-label=\"Santa Semana (\u00f6ffnet in neuem Tab)\">Santa Semana<\/a> gepr\u00e4gten Stadt. In den <em>montanas<\/em> Galiciens dagegen das einsiedlerische Gegenprogramm in der Bergwildnis \u2013 Unterkunft ein sehr abgelegenes, schwer auffindbares Haus auf einem eichenbestandenen, ummauerten Gel\u00e4nde.  <\/p>\n\n\n\n<div class=\"wp-block-jetpack-tiled-gallery aligncenter is-style-rectangular\"><div class=\"tiled-gallery__gallery\"><div class=\"tiled-gallery__row\"><div class=\"tiled-gallery__col\"><figure class=\"tiled-gallery__item\"><img decoding=\"async\" data-attachment-id=\"4182\" data-permalink=\"https:\/\/www.bechmann.org\/amphibium\/kein-urlaub-sondern-leben\/img_20190428_142412\/\" data-orig-file=\"https:\/\/i0.wp.com\/www.bechmann.org\/amphibium\/wp-content\/uploads\/IMG_20190428_142412.jpg?fit=4160%2C3120&amp;ssl=1\" data-orig-size=\"4160,3120\" data-comments-opened=\"0\" data-image-meta=\"{&quot;aperture&quot;:&quot;2&quot;,&quot;credit&quot;:&quot;&quot;,&quot;camera&quot;:&quot;QCAM-AA&quot;,&quot;caption&quot;:&quot;&quot;,&quot;created_timestamp&quot;:&quot;1556461452&quot;,&quot;copyright&quot;:&quot;&quot;,&quot;focal_length&quot;:&quot;3.65&quot;,&quot;iso&quot;:&quot;66&quot;,&quot;shutter_speed&quot;:&quot;0.0036496350364964&quot;,&quot;title&quot;:&quot;&quot;,&quot;orientation&quot;:&quot;1&quot;}\" data-image-title=\"IMG_20190428_142412\" data-image-description=\"\" data-image-caption=\"&lt;p&gt;Vinho Verde &amp;#038; Queso Azeitao beim Passieren der 100.000 km&lt;\/p&gt;\n\" data-large-file=\"https:\/\/i0.wp.com\/www.bechmann.org\/amphibium\/wp-content\/uploads\/IMG_20190428_142412.jpg?fit=625%2C469&amp;ssl=1\" data-attachment-id=\"4182\" data-permalink=\"https:\/\/www.bechmann.org\/amphibium\/kein-urlaub-sondern-leben\/img_20190428_142412\/\" data-orig-file=\"https:\/\/i0.wp.com\/www.bechmann.org\/amphibium\/wp-content\/uploads\/IMG_20190428_142412.jpg?fit=4160%2C3120&amp;ssl=1\" data-orig-size=\"4160,3120\" data-comments-opened=\"0\" data-image-meta=\"{&quot;aperture&quot;:&quot;2&quot;,&quot;credit&quot;:&quot;&quot;,&quot;camera&quot;:&quot;QCAM-AA&quot;,&quot;caption&quot;:&quot;&quot;,&quot;created_timestamp&quot;:&quot;1556461452&quot;,&quot;copyright&quot;:&quot;&quot;,&quot;focal_length&quot;:&quot;3.65&quot;,&quot;iso&quot;:&quot;66&quot;,&quot;shutter_speed&quot;:&quot;0.0036496350364964&quot;,&quot;title&quot;:&quot;&quot;,&quot;orientation&quot;:&quot;1&quot;}\" data-image-title=\"IMG_20190428_142412\" data-image-description=\"\" data-image-caption=\"&lt;p&gt;Vinho Verde &amp;#038; Queso Azeitao beim Passieren der 100.000 km&lt;\/p&gt;\n\" data-large-file=\"https:\/\/i0.wp.com\/www.bechmann.org\/amphibium\/wp-content\/uploads\/IMG_20190428_142412.jpg?fit=625%2C469&amp;ssl=1\" role=\"button\" tabindex=\"0\" aria-label=\"Bild\u00a01 von 5 im Vollbildmodus \u00f6ffnen\"srcset=\"https:\/\/i0.wp.com\/www.bechmann.org\/amphibium\/wp-content\/uploads\/IMG_20190428_142412.jpg?strip=info&#038;w=600&#038;ssl=1 600w,https:\/\/i0.wp.com\/www.bechmann.org\/amphibium\/wp-content\/uploads\/IMG_20190428_142412.jpg?strip=info&#038;w=900&#038;ssl=1 900w,https:\/\/i0.wp.com\/www.bechmann.org\/amphibium\/wp-content\/uploads\/IMG_20190428_142412.jpg?strip=info&#038;w=1200&#038;ssl=1 1200w,https:\/\/i0.wp.com\/www.bechmann.org\/amphibium\/wp-content\/uploads\/IMG_20190428_142412.jpg?strip=info&#038;w=1500&#038;ssl=1 1500w,https:\/\/i0.wp.com\/www.bechmann.org\/amphibium\/wp-content\/uploads\/IMG_20190428_142412.jpg?strip=info&#038;w=1800&#038;ssl=1 1800w,https:\/\/i0.wp.com\/www.bechmann.org\/amphibium\/wp-content\/uploads\/IMG_20190428_142412.jpg?strip=info&#038;w=2000&#038;ssl=1 2000w\" alt=\"\" data-height=\"3120\" data-id=\"4182\" data-link=\"https:\/\/www.bechmann.org\/amphibium\/?attachment_id=4182\" data-url=\"https:\/\/www.bechmann.org\/amphibium\/wp-content\/uploads\/IMG_20190428_142412.jpg\" data-width=\"4160\" src=\"https:\/\/i0.wp.com\/www.bechmann.org\/amphibium\/wp-content\/uploads\/IMG_20190428_142412.jpg?ssl=1\"\/><\/figure><\/div><div class=\"tiled-gallery__col\"><figure class=\"tiled-gallery__item\"><img decoding=\"async\" data-attachment-id=\"4183\" data-permalink=\"https:\/\/www.bechmann.org\/amphibium\/kein-urlaub-sondern-leben\/img_20190509_162241\/\" data-orig-file=\"https:\/\/i0.wp.com\/www.bechmann.org\/amphibium\/wp-content\/uploads\/IMG_20190509_162241.jpg?fit=4160%2C3120&amp;ssl=1\" data-orig-size=\"4160,3120\" data-comments-opened=\"0\" data-image-meta=\"{&quot;aperture&quot;:&quot;2&quot;,&quot;credit&quot;:&quot;&quot;,&quot;camera&quot;:&quot;QCAM-AA&quot;,&quot;caption&quot;:&quot;&quot;,&quot;created_timestamp&quot;:&quot;1557418961&quot;,&quot;copyright&quot;:&quot;&quot;,&quot;focal_length&quot;:&quot;3.65&quot;,&quot;iso&quot;:&quot;69&quot;,&quot;shutter_speed&quot;:&quot;0.0083333333333333&quot;,&quot;title&quot;:&quot;&quot;,&quot;orientation&quot;:&quot;1&quot;}\" data-image-title=\"IMG_20190509_162241\" data-image-description=\"\" data-image-caption=\"&lt;p&gt;Festes und bewegliches Heim&lt;\/p&gt;\n\" data-large-file=\"https:\/\/i0.wp.com\/www.bechmann.org\/amphibium\/wp-content\/uploads\/IMG_20190509_162241.jpg?fit=625%2C469&amp;ssl=1\" data-attachment-id=\"4183\" data-permalink=\"https:\/\/www.bechmann.org\/amphibium\/kein-urlaub-sondern-leben\/img_20190509_162241\/\" data-orig-file=\"https:\/\/i0.wp.com\/www.bechmann.org\/amphibium\/wp-content\/uploads\/IMG_20190509_162241.jpg?fit=4160%2C3120&amp;ssl=1\" data-orig-size=\"4160,3120\" data-comments-opened=\"0\" data-image-meta=\"{&quot;aperture&quot;:&quot;2&quot;,&quot;credit&quot;:&quot;&quot;,&quot;camera&quot;:&quot;QCAM-AA&quot;,&quot;caption&quot;:&quot;&quot;,&quot;created_timestamp&quot;:&quot;1557418961&quot;,&quot;copyright&quot;:&quot;&quot;,&quot;focal_length&quot;:&quot;3.65&quot;,&quot;iso&quot;:&quot;69&quot;,&quot;shutter_speed&quot;:&quot;0.0083333333333333&quot;,&quot;title&quot;:&quot;&quot;,&quot;orientation&quot;:&quot;1&quot;}\" data-image-title=\"IMG_20190509_162241\" data-image-description=\"\" data-image-caption=\"&lt;p&gt;Festes und bewegliches Heim&lt;\/p&gt;\n\" data-large-file=\"https:\/\/i0.wp.com\/www.bechmann.org\/amphibium\/wp-content\/uploads\/IMG_20190509_162241.jpg?fit=625%2C469&amp;ssl=1\" role=\"button\" tabindex=\"0\" aria-label=\"Bild\u00a02 von 5 im Vollbildmodus \u00f6ffnen\"srcset=\"https:\/\/i0.wp.com\/www.bechmann.org\/amphibium\/wp-content\/uploads\/IMG_20190509_162241.jpg?strip=info&#038;w=600&#038;ssl=1 600w,https:\/\/i0.wp.com\/www.bechmann.org\/amphibium\/wp-content\/uploads\/IMG_20190509_162241.jpg?strip=info&#038;w=900&#038;ssl=1 900w,https:\/\/i0.wp.com\/www.bechmann.org\/amphibium\/wp-content\/uploads\/IMG_20190509_162241.jpg?strip=info&#038;w=1200&#038;ssl=1 1200w,https:\/\/i0.wp.com\/www.bechmann.org\/amphibium\/wp-content\/uploads\/IMG_20190509_162241.jpg?strip=info&#038;w=1500&#038;ssl=1 1500w,https:\/\/i0.wp.com\/www.bechmann.org\/amphibium\/wp-content\/uploads\/IMG_20190509_162241.jpg?strip=info&#038;w=1800&#038;ssl=1 1800w,https:\/\/i0.wp.com\/www.bechmann.org\/amphibium\/wp-content\/uploads\/IMG_20190509_162241.jpg?strip=info&#038;w=2000&#038;ssl=1 2000w\" alt=\"\" data-height=\"3120\" data-id=\"4183\" data-link=\"https:\/\/www.bechmann.org\/amphibium\/?attachment_id=4183\" data-url=\"https:\/\/www.bechmann.org\/amphibium\/wp-content\/uploads\/IMG_20190509_162241.jpg\" data-width=\"4160\" src=\"https:\/\/i0.wp.com\/www.bechmann.org\/amphibium\/wp-content\/uploads\/IMG_20190509_162241.jpg?ssl=1\"\/><\/figure><figure class=\"tiled-gallery__item\"><img decoding=\"async\" data-attachment-id=\"4181\" data-permalink=\"https:\/\/www.bechmann.org\/amphibium\/kein-urlaub-sondern-leben\/img_20190425_140444\/\" data-orig-file=\"https:\/\/i0.wp.com\/www.bechmann.org\/amphibium\/wp-content\/uploads\/IMG_20190425_140444.jpg?fit=4160%2C3120&amp;ssl=1\" data-orig-size=\"4160,3120\" data-comments-opened=\"0\" data-image-meta=\"{&quot;aperture&quot;:&quot;2&quot;,&quot;credit&quot;:&quot;&quot;,&quot;camera&quot;:&quot;QCAM-AA&quot;,&quot;caption&quot;:&quot;&quot;,&quot;created_timestamp&quot;:&quot;1556201084&quot;,&quot;copyright&quot;:&quot;&quot;,&quot;focal_length&quot;:&quot;3.65&quot;,&quot;iso&quot;:&quot;80&quot;,&quot;shutter_speed&quot;:&quot;0.0083333333333333&quot;,&quot;title&quot;:&quot;&quot;,&quot;orientation&quot;:&quot;1&quot;}\" data-image-title=\"IMG_20190425_140444\" data-image-description=\"\" data-image-caption=\"&lt;p&gt;Zwei gr\u00fcne Br\u00fcder&lt;\/p&gt;\n\" data-large-file=\"https:\/\/i0.wp.com\/www.bechmann.org\/amphibium\/wp-content\/uploads\/IMG_20190425_140444.jpg?fit=625%2C469&amp;ssl=1\" data-attachment-id=\"4181\" data-permalink=\"https:\/\/www.bechmann.org\/amphibium\/kein-urlaub-sondern-leben\/img_20190425_140444\/\" data-orig-file=\"https:\/\/i0.wp.com\/www.bechmann.org\/amphibium\/wp-content\/uploads\/IMG_20190425_140444.jpg?fit=4160%2C3120&amp;ssl=1\" data-orig-size=\"4160,3120\" data-comments-opened=\"0\" data-image-meta=\"{&quot;aperture&quot;:&quot;2&quot;,&quot;credit&quot;:&quot;&quot;,&quot;camera&quot;:&quot;QCAM-AA&quot;,&quot;caption&quot;:&quot;&quot;,&quot;created_timestamp&quot;:&quot;1556201084&quot;,&quot;copyright&quot;:&quot;&quot;,&quot;focal_length&quot;:&quot;3.65&quot;,&quot;iso&quot;:&quot;80&quot;,&quot;shutter_speed&quot;:&quot;0.0083333333333333&quot;,&quot;title&quot;:&quot;&quot;,&quot;orientation&quot;:&quot;1&quot;}\" data-image-title=\"IMG_20190425_140444\" data-image-description=\"\" data-image-caption=\"&lt;p&gt;Zwei gr\u00fcne Br\u00fcder&lt;\/p&gt;\n\" data-large-file=\"https:\/\/i0.wp.com\/www.bechmann.org\/amphibium\/wp-content\/uploads\/IMG_20190425_140444.jpg?fit=625%2C469&amp;ssl=1\" role=\"button\" tabindex=\"0\" aria-label=\"Bild\u00a03 von 5 im Vollbildmodus \u00f6ffnen\"srcset=\"https:\/\/i1.wp.com\/www.bechmann.org\/amphibium\/wp-content\/uploads\/IMG_20190425_140444.jpg?strip=info&#038;w=600&#038;ssl=1 600w,https:\/\/i1.wp.com\/www.bechmann.org\/amphibium\/wp-content\/uploads\/IMG_20190425_140444.jpg?strip=info&#038;w=900&#038;ssl=1 900w,https:\/\/i1.wp.com\/www.bechmann.org\/amphibium\/wp-content\/uploads\/IMG_20190425_140444.jpg?strip=info&#038;w=1200&#038;ssl=1 1200w,https:\/\/i1.wp.com\/www.bechmann.org\/amphibium\/wp-content\/uploads\/IMG_20190425_140444.jpg?strip=info&#038;w=1500&#038;ssl=1 1500w,https:\/\/i1.wp.com\/www.bechmann.org\/amphibium\/wp-content\/uploads\/IMG_20190425_140444.jpg?strip=info&#038;w=1800&#038;ssl=1 1800w,https:\/\/i1.wp.com\/www.bechmann.org\/amphibium\/wp-content\/uploads\/IMG_20190425_140444.jpg?strip=info&#038;w=2000&#038;ssl=1 2000w\" alt=\"\" data-height=\"3120\" data-id=\"4181\" data-link=\"https:\/\/www.bechmann.org\/amphibium\/?attachment_id=4181\" data-url=\"https:\/\/www.bechmann.org\/amphibium\/wp-content\/uploads\/IMG_20190425_140444.jpg\" data-width=\"4160\" src=\"https:\/\/i1.wp.com\/www.bechmann.org\/amphibium\/wp-content\/uploads\/IMG_20190425_140444.jpg?ssl=1\"\/><\/figure><\/div><\/div><div class=\"tiled-gallery__row\"><div class=\"tiled-gallery__col\"><figure class=\"tiled-gallery__item\"><img decoding=\"async\" data-attachment-id=\"4188\" data-permalink=\"https:\/\/www.bechmann.org\/amphibium\/kein-urlaub-sondern-leben\/spanien19-1-11\/\" data-orig-file=\"https:\/\/i0.wp.com\/www.bechmann.org\/amphibium\/wp-content\/uploads\/spanien19-1-11.jpg?fit=6000%2C4000&amp;ssl=1\" data-orig-size=\"6000,4000\" data-comments-opened=\"0\" data-image-meta=\"{&quot;aperture&quot;:&quot;6.3&quot;,&quot;credit&quot;:&quot;&quot;,&quot;camera&quot;:&quot;ILCE-6000&quot;,&quot;caption&quot;:&quot;&quot;,&quot;created_timestamp&quot;:&quot;1557848663&quot;,&quot;copyright&quot;:&quot;&quot;,&quot;focal_length&quot;:&quot;18&quot;,&quot;iso&quot;:&quot;100&quot;,&quot;shutter_speed&quot;:&quot;0.005&quot;,&quot;title&quot;:&quot;&quot;,&quot;orientation&quot;:&quot;1&quot;}\" data-image-title=\"spanien19-1-11\" data-image-description=\"\" data-image-caption=\"&lt;p&gt;Engpass in einem galicischen Dorf&lt;\/p&gt;\n\" data-large-file=\"https:\/\/i0.wp.com\/www.bechmann.org\/amphibium\/wp-content\/uploads\/spanien19-1-11.jpg?fit=625%2C417&amp;ssl=1\" data-attachment-id=\"4188\" data-permalink=\"https:\/\/www.bechmann.org\/amphibium\/kein-urlaub-sondern-leben\/spanien19-1-11\/\" data-orig-file=\"https:\/\/i0.wp.com\/www.bechmann.org\/amphibium\/wp-content\/uploads\/spanien19-1-11.jpg?fit=6000%2C4000&amp;ssl=1\" data-orig-size=\"6000,4000\" data-comments-opened=\"0\" data-image-meta=\"{&quot;aperture&quot;:&quot;6.3&quot;,&quot;credit&quot;:&quot;&quot;,&quot;camera&quot;:&quot;ILCE-6000&quot;,&quot;caption&quot;:&quot;&quot;,&quot;created_timestamp&quot;:&quot;1557848663&quot;,&quot;copyright&quot;:&quot;&quot;,&quot;focal_length&quot;:&quot;18&quot;,&quot;iso&quot;:&quot;100&quot;,&quot;shutter_speed&quot;:&quot;0.005&quot;,&quot;title&quot;:&quot;&quot;,&quot;orientation&quot;:&quot;1&quot;}\" data-image-title=\"spanien19-1-11\" data-image-description=\"\" data-image-caption=\"&lt;p&gt;Engpass in einem galicischen Dorf&lt;\/p&gt;\n\" data-large-file=\"https:\/\/i0.wp.com\/www.bechmann.org\/amphibium\/wp-content\/uploads\/spanien19-1-11.jpg?fit=625%2C417&amp;ssl=1\" role=\"button\" tabindex=\"0\" aria-label=\"Bild\u00a04 von 5 im Vollbildmodus \u00f6ffnen\"srcset=\"https:\/\/i2.wp.com\/www.bechmann.org\/amphibium\/wp-content\/uploads\/spanien19-1-11.jpg?strip=info&#038;w=600&#038;ssl=1 600w,https:\/\/i2.wp.com\/www.bechmann.org\/amphibium\/wp-content\/uploads\/spanien19-1-11.jpg?strip=info&#038;w=900&#038;ssl=1 900w,https:\/\/i2.wp.com\/www.bechmann.org\/amphibium\/wp-content\/uploads\/spanien19-1-11.jpg?strip=info&#038;w=1200&#038;ssl=1 1200w,https:\/\/i2.wp.com\/www.bechmann.org\/amphibium\/wp-content\/uploads\/spanien19-1-11.jpg?strip=info&#038;w=1500&#038;ssl=1 1500w,https:\/\/i2.wp.com\/www.bechmann.org\/amphibium\/wp-content\/uploads\/spanien19-1-11.jpg?strip=info&#038;w=1800&#038;ssl=1 1800w,https:\/\/i2.wp.com\/www.bechmann.org\/amphibium\/wp-content\/uploads\/spanien19-1-11.jpg?strip=info&#038;w=2000&#038;ssl=1 2000w\" alt=\"\" data-height=\"4000\" data-id=\"4188\" data-link=\"https:\/\/www.bechmann.org\/amphibium\/?attachment_id=4188\" data-url=\"https:\/\/www.bechmann.org\/amphibium\/wp-content\/uploads\/spanien19-1-11.jpg\" data-width=\"6000\" src=\"https:\/\/i2.wp.com\/www.bechmann.org\/amphibium\/wp-content\/uploads\/spanien19-1-11.jpg?ssl=1\"\/><\/figure><\/div><div class=\"tiled-gallery__col\"><figure class=\"tiled-gallery__item\"><img decoding=\"async\" data-attachment-id=\"4185\" data-permalink=\"https:\/\/www.bechmann.org\/amphibium\/kein-urlaub-sondern-leben\/img_20190511_180928\/\" data-orig-file=\"https:\/\/i0.wp.com\/www.bechmann.org\/amphibium\/wp-content\/uploads\/IMG_20190511_180928.jpg?fit=4160%2C3120&amp;ssl=1\" data-orig-size=\"4160,3120\" data-comments-opened=\"0\" data-image-meta=\"{&quot;aperture&quot;:&quot;2&quot;,&quot;credit&quot;:&quot;&quot;,&quot;camera&quot;:&quot;QCAM-AA&quot;,&quot;caption&quot;:&quot;&quot;,&quot;created_timestamp&quot;:&quot;1557594568&quot;,&quot;copyright&quot;:&quot;&quot;,&quot;focal_length&quot;:&quot;3.65&quot;,&quot;iso&quot;:&quot;66&quot;,&quot;shutter_speed&quot;:&quot;0.0023474178403756&quot;,&quot;title&quot;:&quot;&quot;,&quot;orientation&quot;:&quot;1&quot;}\" data-image-title=\"IMG_20190511_180928\" data-image-description=\"\" data-image-caption=\"&lt;p&gt;Bergstr\u00e4\u00dfchen nahe der Grenze zu Portugal&lt;\/p&gt;\n\" data-large-file=\"https:\/\/i0.wp.com\/www.bechmann.org\/amphibium\/wp-content\/uploads\/IMG_20190511_180928.jpg?fit=625%2C469&amp;ssl=1\" data-attachment-id=\"4185\" data-permalink=\"https:\/\/www.bechmann.org\/amphibium\/kein-urlaub-sondern-leben\/img_20190511_180928\/\" data-orig-file=\"https:\/\/i0.wp.com\/www.bechmann.org\/amphibium\/wp-content\/uploads\/IMG_20190511_180928.jpg?fit=4160%2C3120&amp;ssl=1\" data-orig-size=\"4160,3120\" data-comments-opened=\"0\" data-image-meta=\"{&quot;aperture&quot;:&quot;2&quot;,&quot;credit&quot;:&quot;&quot;,&quot;camera&quot;:&quot;QCAM-AA&quot;,&quot;caption&quot;:&quot;&quot;,&quot;created_timestamp&quot;:&quot;1557594568&quot;,&quot;copyright&quot;:&quot;&quot;,&quot;focal_length&quot;:&quot;3.65&quot;,&quot;iso&quot;:&quot;66&quot;,&quot;shutter_speed&quot;:&quot;0.0023474178403756&quot;,&quot;title&quot;:&quot;&quot;,&quot;orientation&quot;:&quot;1&quot;}\" data-image-title=\"IMG_20190511_180928\" data-image-description=\"\" data-image-caption=\"&lt;p&gt;Bergstr\u00e4\u00dfchen nahe der Grenze zu Portugal&lt;\/p&gt;\n\" data-large-file=\"https:\/\/i0.wp.com\/www.bechmann.org\/amphibium\/wp-content\/uploads\/IMG_20190511_180928.jpg?fit=625%2C469&amp;ssl=1\" role=\"button\" tabindex=\"0\" aria-label=\"Bild\u00a05 von 5 im Vollbildmodus \u00f6ffnen\"srcset=\"https:\/\/i2.wp.com\/www.bechmann.org\/amphibium\/wp-content\/uploads\/IMG_20190511_180928.jpg?strip=info&#038;w=600&#038;ssl=1 600w,https:\/\/i2.wp.com\/www.bechmann.org\/amphibium\/wp-content\/uploads\/IMG_20190511_180928.jpg?strip=info&#038;w=900&#038;ssl=1 900w,https:\/\/i2.wp.com\/www.bechmann.org\/amphibium\/wp-content\/uploads\/IMG_20190511_180928.jpg?strip=info&#038;w=1200&#038;ssl=1 1200w,https:\/\/i2.wp.com\/www.bechmann.org\/amphibium\/wp-content\/uploads\/IMG_20190511_180928.jpg?strip=info&#038;w=1500&#038;ssl=1 1500w,https:\/\/i2.wp.com\/www.bechmann.org\/amphibium\/wp-content\/uploads\/IMG_20190511_180928.jpg?strip=info&#038;w=1800&#038;ssl=1 1800w,https:\/\/i2.wp.com\/www.bechmann.org\/amphibium\/wp-content\/uploads\/IMG_20190511_180928.jpg?strip=info&#038;w=2000&#038;ssl=1 2000w\" alt=\"\" data-height=\"3120\" data-id=\"4185\" data-link=\"https:\/\/www.bechmann.org\/amphibium\/?attachment_id=4185\" data-url=\"https:\/\/www.bechmann.org\/amphibium\/wp-content\/uploads\/IMG_20190511_180928.jpg\" data-width=\"4160\" src=\"https:\/\/i2.wp.com\/www.bechmann.org\/amphibium\/wp-content\/uploads\/IMG_20190511_180928.jpg?ssl=1\"\/><\/figure><\/div><\/div><\/div><\/div>\n\n\n\n<p>Ein bisschen Sport, viel Cabrio fahren in der Sonne, in den Bergen, am Meer. Wandern, Speer schnitzen, Brot backen. Am Kaminfeuer lesen und schreiben.   <br><a rel=\"noreferrer noopener\" href=\"https:\/\/photos.app.goo.gl\/H1A2ZGCD8GQy9vTEA\" target=\"_blank\">Link zu einem Panorama-Foto<\/a> <\/p>\n\n\n\n<p>Zwei Wochen kam Reise- und Lebensgef\u00e4hrtin Beate mich besuchen:\nWir verbrachten die gemeinsame Zeit in Sevilla, in Salamanca, im\nportugiesischen Porto und in Galicien. \n<\/p>\n\n\n\n<div class=\"wp-block-jetpack-tiled-gallery aligncenter is-style-rectangular\"><div class=\"tiled-gallery__gallery\"><div class=\"tiled-gallery__row\"><div class=\"tiled-gallery__col\"><figure class=\"tiled-gallery__item\"><img decoding=\"async\" data-attachment-id=\"4189\" data-permalink=\"https:\/\/www.bechmann.org\/amphibium\/kein-urlaub-sondern-leben\/img_20190426_143005\/\" data-orig-file=\"https:\/\/i0.wp.com\/www.bechmann.org\/amphibium\/wp-content\/uploads\/IMG_20190426_143005.jpg?fit=4160%2C3120&amp;ssl=1\" data-orig-size=\"4160,3120\" data-comments-opened=\"0\" data-image-meta=\"{&quot;aperture&quot;:&quot;2&quot;,&quot;credit&quot;:&quot;&quot;,&quot;camera&quot;:&quot;QCAM-AA&quot;,&quot;caption&quot;:&quot;&quot;,&quot;created_timestamp&quot;:&quot;1556285406&quot;,&quot;copyright&quot;:&quot;&quot;,&quot;focal_length&quot;:&quot;3.65&quot;,&quot;iso&quot;:&quot;66&quot;,&quot;shutter_speed&quot;:&quot;0.0012594458438287&quot;,&quot;title&quot;:&quot;&quot;,&quot;orientation&quot;:&quot;1&quot;}\" data-image-title=\"IMG_20190426_143005\" data-image-description=\"\" data-image-caption=\"&lt;p&gt;\u00dcber den D\u00e4chern Portos&lt;\/p&gt;\n\" data-large-file=\"https:\/\/i0.wp.com\/www.bechmann.org\/amphibium\/wp-content\/uploads\/IMG_20190426_143005.jpg?fit=625%2C469&amp;ssl=1\" data-attachment-id=\"4189\" data-permalink=\"https:\/\/www.bechmann.org\/amphibium\/kein-urlaub-sondern-leben\/img_20190426_143005\/\" data-orig-file=\"https:\/\/i0.wp.com\/www.bechmann.org\/amphibium\/wp-content\/uploads\/IMG_20190426_143005.jpg?fit=4160%2C3120&amp;ssl=1\" data-orig-size=\"4160,3120\" data-comments-opened=\"0\" data-image-meta=\"{&quot;aperture&quot;:&quot;2&quot;,&quot;credit&quot;:&quot;&quot;,&quot;camera&quot;:&quot;QCAM-AA&quot;,&quot;caption&quot;:&quot;&quot;,&quot;created_timestamp&quot;:&quot;1556285406&quot;,&quot;copyright&quot;:&quot;&quot;,&quot;focal_length&quot;:&quot;3.65&quot;,&quot;iso&quot;:&quot;66&quot;,&quot;shutter_speed&quot;:&quot;0.0012594458438287&quot;,&quot;title&quot;:&quot;&quot;,&quot;orientation&quot;:&quot;1&quot;}\" data-image-title=\"IMG_20190426_143005\" data-image-description=\"\" data-image-caption=\"&lt;p&gt;\u00dcber den D\u00e4chern Portos&lt;\/p&gt;\n\" data-large-file=\"https:\/\/i0.wp.com\/www.bechmann.org\/amphibium\/wp-content\/uploads\/IMG_20190426_143005.jpg?fit=625%2C469&amp;ssl=1\" role=\"button\" tabindex=\"0\" aria-label=\"Bild\u00a01 von 3 im Vollbildmodus \u00f6ffnen\"srcset=\"https:\/\/i1.wp.com\/www.bechmann.org\/amphibium\/wp-content\/uploads\/IMG_20190426_143005.jpg?strip=info&#038;w=600&#038;ssl=1 600w,https:\/\/i1.wp.com\/www.bechmann.org\/amphibium\/wp-content\/uploads\/IMG_20190426_143005.jpg?strip=info&#038;w=900&#038;ssl=1 900w,https:\/\/i1.wp.com\/www.bechmann.org\/amphibium\/wp-content\/uploads\/IMG_20190426_143005.jpg?strip=info&#038;w=1200&#038;ssl=1 1200w,https:\/\/i1.wp.com\/www.bechmann.org\/amphibium\/wp-content\/uploads\/IMG_20190426_143005.jpg?strip=info&#038;w=1500&#038;ssl=1 1500w,https:\/\/i1.wp.com\/www.bechmann.org\/amphibium\/wp-content\/uploads\/IMG_20190426_143005.jpg?strip=info&#038;w=1800&#038;ssl=1 1800w,https:\/\/i1.wp.com\/www.bechmann.org\/amphibium\/wp-content\/uploads\/IMG_20190426_143005.jpg?strip=info&#038;w=2000&#038;ssl=1 2000w\" alt=\"\" data-height=\"3120\" data-id=\"4189\" data-link=\"https:\/\/www.bechmann.org\/amphibium\/?attachment_id=4189\" data-url=\"https:\/\/www.bechmann.org\/amphibium\/wp-content\/uploads\/IMG_20190426_143005.jpg\" data-width=\"4160\" src=\"https:\/\/i1.wp.com\/www.bechmann.org\/amphibium\/wp-content\/uploads\/IMG_20190426_143005.jpg?ssl=1\"\/><\/figure><\/div><div class=\"tiled-gallery__col\"><figure class=\"tiled-gallery__item\"><img decoding=\"async\" data-attachment-id=\"4186\" data-permalink=\"https:\/\/www.bechmann.org\/amphibium\/kein-urlaub-sondern-leben\/spanien19-1-6\/\" data-orig-file=\"https:\/\/i0.wp.com\/www.bechmann.org\/amphibium\/wp-content\/uploads\/spanien19-1-6.jpg?fit=6000%2C4000&amp;ssl=1\" data-orig-size=\"6000,4000\" data-comments-opened=\"0\" data-image-meta=\"{&quot;aperture&quot;:&quot;11&quot;,&quot;credit&quot;:&quot;&quot;,&quot;camera&quot;:&quot;ILCE-6000&quot;,&quot;caption&quot;:&quot;&quot;,&quot;created_timestamp&quot;:&quot;1555946163&quot;,&quot;copyright&quot;:&quot;&quot;,&quot;focal_length&quot;:&quot;25&quot;,&quot;iso&quot;:&quot;100&quot;,&quot;shutter_speed&quot;:&quot;0.008&quot;,&quot;title&quot;:&quot;&quot;,&quot;orientation&quot;:&quot;1&quot;}\" data-image-title=\"spanien19-1-6\" data-image-description=\"\" data-image-caption=\"\" data-large-file=\"https:\/\/i0.wp.com\/www.bechmann.org\/amphibium\/wp-content\/uploads\/spanien19-1-6.jpg?fit=625%2C417&amp;ssl=1\" data-attachment-id=\"4186\" data-permalink=\"https:\/\/www.bechmann.org\/amphibium\/kein-urlaub-sondern-leben\/spanien19-1-6\/\" data-orig-file=\"https:\/\/i0.wp.com\/www.bechmann.org\/amphibium\/wp-content\/uploads\/spanien19-1-6.jpg?fit=6000%2C4000&amp;ssl=1\" data-orig-size=\"6000,4000\" data-comments-opened=\"0\" data-image-meta=\"{&quot;aperture&quot;:&quot;11&quot;,&quot;credit&quot;:&quot;&quot;,&quot;camera&quot;:&quot;ILCE-6000&quot;,&quot;caption&quot;:&quot;&quot;,&quot;created_timestamp&quot;:&quot;1555946163&quot;,&quot;copyright&quot;:&quot;&quot;,&quot;focal_length&quot;:&quot;25&quot;,&quot;iso&quot;:&quot;100&quot;,&quot;shutter_speed&quot;:&quot;0.008&quot;,&quot;title&quot;:&quot;&quot;,&quot;orientation&quot;:&quot;1&quot;}\" data-image-title=\"spanien19-1-6\" data-image-description=\"\" data-image-caption=\"\" data-large-file=\"https:\/\/i0.wp.com\/www.bechmann.org\/amphibium\/wp-content\/uploads\/spanien19-1-6.jpg?fit=625%2C417&amp;ssl=1\" role=\"button\" tabindex=\"0\" aria-label=\"Bild\u00a02 von 3 im Vollbildmodus \u00f6ffnen\"srcset=\"https:\/\/i2.wp.com\/www.bechmann.org\/amphibium\/wp-content\/uploads\/spanien19-1-6.jpg?strip=info&#038;w=600&#038;ssl=1 600w,https:\/\/i2.wp.com\/www.bechmann.org\/amphibium\/wp-content\/uploads\/spanien19-1-6.jpg?strip=info&#038;w=900&#038;ssl=1 900w,https:\/\/i2.wp.com\/www.bechmann.org\/amphibium\/wp-content\/uploads\/spanien19-1-6.jpg?strip=info&#038;w=1200&#038;ssl=1 1200w,https:\/\/i2.wp.com\/www.bechmann.org\/amphibium\/wp-content\/uploads\/spanien19-1-6.jpg?strip=info&#038;w=1500&#038;ssl=1 1500w,https:\/\/i2.wp.com\/www.bechmann.org\/amphibium\/wp-content\/uploads\/spanien19-1-6.jpg?strip=info&#038;w=1800&#038;ssl=1 1800w,https:\/\/i2.wp.com\/www.bechmann.org\/amphibium\/wp-content\/uploads\/spanien19-1-6.jpg?strip=info&#038;w=2000&#038;ssl=1 2000w\" alt=\"\" data-height=\"4000\" data-id=\"4186\" data-link=\"https:\/\/www.bechmann.org\/amphibium\/?attachment_id=4186\" data-url=\"https:\/\/www.bechmann.org\/amphibium\/wp-content\/uploads\/spanien19-1-6.jpg\" data-width=\"6000\" src=\"https:\/\/i2.wp.com\/www.bechmann.org\/amphibium\/wp-content\/uploads\/spanien19-1-6.jpg?ssl=1\"\/><\/figure><figure class=\"tiled-gallery__item\"><img decoding=\"async\" data-attachment-id=\"4187\" data-permalink=\"https:\/\/www.bechmann.org\/amphibium\/kein-urlaub-sondern-leben\/spanien19-1-7\/\" data-orig-file=\"https:\/\/i0.wp.com\/www.bechmann.org\/amphibium\/wp-content\/uploads\/spanien19-1-7.jpg?fit=6000%2C4000&amp;ssl=1\" data-orig-size=\"6000,4000\" data-comments-opened=\"0\" data-image-meta=\"{&quot;aperture&quot;:&quot;10&quot;,&quot;credit&quot;:&quot;&quot;,&quot;camera&quot;:&quot;ILCE-6000&quot;,&quot;caption&quot;:&quot;&quot;,&quot;created_timestamp&quot;:&quot;1555945683&quot;,&quot;copyright&quot;:&quot;&quot;,&quot;focal_length&quot;:&quot;19&quot;,&quot;iso&quot;:&quot;100&quot;,&quot;shutter_speed&quot;:&quot;0.01&quot;,&quot;title&quot;:&quot;&quot;,&quot;orientation&quot;:&quot;1&quot;}\" data-image-title=\"spanien19-1-7\" data-image-description=\"\" data-image-caption=\"\" data-large-file=\"https:\/\/i0.wp.com\/www.bechmann.org\/amphibium\/wp-content\/uploads\/spanien19-1-7.jpg?fit=625%2C417&amp;ssl=1\" data-attachment-id=\"4187\" data-permalink=\"https:\/\/www.bechmann.org\/amphibium\/kein-urlaub-sondern-leben\/spanien19-1-7\/\" data-orig-file=\"https:\/\/i0.wp.com\/www.bechmann.org\/amphibium\/wp-content\/uploads\/spanien19-1-7.jpg?fit=6000%2C4000&amp;ssl=1\" data-orig-size=\"6000,4000\" data-comments-opened=\"0\" data-image-meta=\"{&quot;aperture&quot;:&quot;10&quot;,&quot;credit&quot;:&quot;&quot;,&quot;camera&quot;:&quot;ILCE-6000&quot;,&quot;caption&quot;:&quot;&quot;,&quot;created_timestamp&quot;:&quot;1555945683&quot;,&quot;copyright&quot;:&quot;&quot;,&quot;focal_length&quot;:&quot;19&quot;,&quot;iso&quot;:&quot;100&quot;,&quot;shutter_speed&quot;:&quot;0.01&quot;,&quot;title&quot;:&quot;&quot;,&quot;orientation&quot;:&quot;1&quot;}\" data-image-title=\"spanien19-1-7\" data-image-description=\"\" data-image-caption=\"\" data-large-file=\"https:\/\/i0.wp.com\/www.bechmann.org\/amphibium\/wp-content\/uploads\/spanien19-1-7.jpg?fit=625%2C417&amp;ssl=1\" role=\"button\" tabindex=\"0\" aria-label=\"Bild\u00a03 von 3 im Vollbildmodus \u00f6ffnen\"srcset=\"https:\/\/i2.wp.com\/www.bechmann.org\/amphibium\/wp-content\/uploads\/spanien19-1-7.jpg?strip=info&#038;w=600&#038;ssl=1 600w,https:\/\/i2.wp.com\/www.bechmann.org\/amphibium\/wp-content\/uploads\/spanien19-1-7.jpg?strip=info&#038;w=900&#038;ssl=1 900w,https:\/\/i2.wp.com\/www.bechmann.org\/amphibium\/wp-content\/uploads\/spanien19-1-7.jpg?strip=info&#038;w=1200&#038;ssl=1 1200w,https:\/\/i2.wp.com\/www.bechmann.org\/amphibium\/wp-content\/uploads\/spanien19-1-7.jpg?strip=info&#038;w=1500&#038;ssl=1 1500w,https:\/\/i2.wp.com\/www.bechmann.org\/amphibium\/wp-content\/uploads\/spanien19-1-7.jpg?strip=info&#038;w=1800&#038;ssl=1 1800w,https:\/\/i2.wp.com\/www.bechmann.org\/amphibium\/wp-content\/uploads\/spanien19-1-7.jpg?strip=info&#038;w=2000&#038;ssl=1 2000w\" alt=\"\" data-height=\"4000\" data-id=\"4187\" data-link=\"https:\/\/www.bechmann.org\/amphibium\/?attachment_id=4187\" data-url=\"https:\/\/www.bechmann.org\/amphibium\/wp-content\/uploads\/spanien19-1-7.jpg\" data-width=\"6000\" src=\"https:\/\/i2.wp.com\/www.bechmann.org\/amphibium\/wp-content\/uploads\/spanien19-1-7.jpg?ssl=1\"\/><\/figure><\/div><\/div><\/div><\/div>\n\n\n\n<p>Spannende Begegnungen gab es unterwegs: In Sevilla traf ich einen\nRadfahrer, der von Nordfrankreich herunter geradelt war, auf dem Weg\nnach Portugal zu einer Verwandten, der er als gelernter Zimmerer beim\nHausbau helfen wollte. Und auf dem Weg nach Deutschland nahm ich an\neiner Tankstelle einen Tramper mit, der mit nichts als kleinem\nRucksack und einer Gitarre unterwegs war \u2013 nach Limoges zu einer\nh\u00fcbschen Frau, dann nach Paris zu seinem Sohn. Julien, so sein Name,\nist (immer) ohne Geld unterwegs, und lebt (wenn zuhause) in einer\nselbstgebauten H\u00fctte im Wald. Und von dem, was der Wald und die\nLeute ihm geben. \n<\/p>\n\n\n\n<p>Der Gr\u00fcnimog wirkt bei solchen Begegnungen immer als Magnet; er\nzieht scharenweise Leute an, es werden so viele Fotos von ihm\ngeknipst, das man Geld daf\u00fcr nehmen m\u00fcsste. Wie viele \u201eDaumen\nhoch\u201c-Zeichen man unterwegs gezeigt bekommt, l\u00e4sst sich nicht mehr\nz\u00e4hlen. Aber egal ob ehemaliger Bundeswehr-Schrauber, spanischer\nOffroad-Freak, osteurop\u00e4ischer Lkw-Lenker oder  postmoderner\nPost-Hippie \u2013 die Kontakte sind immer freundlich, spannend,\nmanchmal ber\u00fchrend. \n<\/p>\n\n\n\n<div class=\"wp-block-jetpack-tiled-gallery aligncenter is-style-rectangular\"><div class=\"tiled-gallery__gallery\"><div class=\"tiled-gallery__row\"><div class=\"tiled-gallery__col\"><figure class=\"tiled-gallery__item\"><img decoding=\"async\" data-attachment-id=\"4191\" data-permalink=\"https:\/\/www.bechmann.org\/amphibium\/kein-urlaub-sondern-leben\/img_20190514_134717\/\" data-orig-file=\"https:\/\/i0.wp.com\/www.bechmann.org\/amphibium\/wp-content\/uploads\/IMG_20190514_134717.jpg?fit=4160%2C3120&amp;ssl=1\" data-orig-size=\"4160,3120\" data-comments-opened=\"0\" data-image-meta=\"{&quot;aperture&quot;:&quot;2&quot;,&quot;credit&quot;:&quot;&quot;,&quot;camera&quot;:&quot;QCAM-AA&quot;,&quot;caption&quot;:&quot;&quot;,&quot;created_timestamp&quot;:&quot;1557841637&quot;,&quot;copyright&quot;:&quot;&quot;,&quot;focal_length&quot;:&quot;3.65&quot;,&quot;iso&quot;:&quot;66&quot;,&quot;shutter_speed&quot;:&quot;0.0012594458438287&quot;,&quot;title&quot;:&quot;&quot;,&quot;orientation&quot;:&quot;1&quot;}\" data-image-title=\"IMG_20190514_134717\" data-image-description=\"\" data-image-caption=\"&lt;p&gt;Rias Baixas &amp;#8211; K\u00fcste in Galicien&lt;\/p&gt;\n\" data-large-file=\"https:\/\/i0.wp.com\/www.bechmann.org\/amphibium\/wp-content\/uploads\/IMG_20190514_134717.jpg?fit=625%2C469&amp;ssl=1\" data-attachment-id=\"4191\" data-permalink=\"https:\/\/www.bechmann.org\/amphibium\/kein-urlaub-sondern-leben\/img_20190514_134717\/\" data-orig-file=\"https:\/\/i0.wp.com\/www.bechmann.org\/amphibium\/wp-content\/uploads\/IMG_20190514_134717.jpg?fit=4160%2C3120&amp;ssl=1\" data-orig-size=\"4160,3120\" data-comments-opened=\"0\" data-image-meta=\"{&quot;aperture&quot;:&quot;2&quot;,&quot;credit&quot;:&quot;&quot;,&quot;camera&quot;:&quot;QCAM-AA&quot;,&quot;caption&quot;:&quot;&quot;,&quot;created_timestamp&quot;:&quot;1557841637&quot;,&quot;copyright&quot;:&quot;&quot;,&quot;focal_length&quot;:&quot;3.65&quot;,&quot;iso&quot;:&quot;66&quot;,&quot;shutter_speed&quot;:&quot;0.0012594458438287&quot;,&quot;title&quot;:&quot;&quot;,&quot;orientation&quot;:&quot;1&quot;}\" data-image-title=\"IMG_20190514_134717\" data-image-description=\"\" data-image-caption=\"&lt;p&gt;Rias Baixas &amp;#8211; K\u00fcste in Galicien&lt;\/p&gt;\n\" data-large-file=\"https:\/\/i0.wp.com\/www.bechmann.org\/amphibium\/wp-content\/uploads\/IMG_20190514_134717.jpg?fit=625%2C469&amp;ssl=1\" role=\"button\" tabindex=\"0\" aria-label=\"Bild\u00a01 von 7 im Vollbildmodus \u00f6ffnen\"srcset=\"https:\/\/i0.wp.com\/www.bechmann.org\/amphibium\/wp-content\/uploads\/IMG_20190514_134717.jpg?strip=info&#038;w=600&#038;ssl=1 600w,https:\/\/i0.wp.com\/www.bechmann.org\/amphibium\/wp-content\/uploads\/IMG_20190514_134717.jpg?strip=info&#038;w=900&#038;ssl=1 900w,https:\/\/i0.wp.com\/www.bechmann.org\/amphibium\/wp-content\/uploads\/IMG_20190514_134717.jpg?strip=info&#038;w=1200&#038;ssl=1 1200w,https:\/\/i0.wp.com\/www.bechmann.org\/amphibium\/wp-content\/uploads\/IMG_20190514_134717.jpg?strip=info&#038;w=1500&#038;ssl=1 1500w,https:\/\/i0.wp.com\/www.bechmann.org\/amphibium\/wp-content\/uploads\/IMG_20190514_134717.jpg?strip=info&#038;w=1800&#038;ssl=1 1800w,https:\/\/i0.wp.com\/www.bechmann.org\/amphibium\/wp-content\/uploads\/IMG_20190514_134717.jpg?strip=info&#038;w=2000&#038;ssl=1 2000w\" alt=\"\" data-height=\"3120\" data-id=\"4191\" data-link=\"https:\/\/www.bechmann.org\/amphibium\/kein-urlaub-sondern-leben\/img_20190514_134717\/\" data-url=\"https:\/\/www.bechmann.org\/amphibium\/wp-content\/uploads\/IMG_20190514_134717.jpg\" data-width=\"4160\" src=\"https:\/\/i0.wp.com\/www.bechmann.org\/amphibium\/wp-content\/uploads\/IMG_20190514_134717.jpg?ssl=1\"\/><\/figure><figure class=\"tiled-gallery__item\"><img decoding=\"async\" data-attachment-id=\"4190\" data-permalink=\"https:\/\/www.bechmann.org\/amphibium\/kein-urlaub-sondern-leben\/img_20190428_112011\/\" data-orig-file=\"https:\/\/i0.wp.com\/www.bechmann.org\/amphibium\/wp-content\/uploads\/IMG_20190428_112011.jpg?fit=4160%2C3120&amp;ssl=1\" data-orig-size=\"4160,3120\" data-comments-opened=\"0\" data-image-meta=\"{&quot;aperture&quot;:&quot;2&quot;,&quot;credit&quot;:&quot;&quot;,&quot;camera&quot;:&quot;QCAM-AA&quot;,&quot;caption&quot;:&quot;&quot;,&quot;created_timestamp&quot;:&quot;1556450411&quot;,&quot;copyright&quot;:&quot;&quot;,&quot;focal_length&quot;:&quot;3.65&quot;,&quot;iso&quot;:&quot;66&quot;,&quot;shutter_speed&quot;:&quot;0.0035460992907801&quot;,&quot;title&quot;:&quot;&quot;,&quot;orientation&quot;:&quot;1&quot;}\" data-image-title=\"IMG_20190428_112011\" data-image-description=\"\" data-image-caption=\"&lt;p&gt;Fischmarkt in Nordportugal&lt;\/p&gt;\n\" data-large-file=\"https:\/\/i0.wp.com\/www.bechmann.org\/amphibium\/wp-content\/uploads\/IMG_20190428_112011.jpg?fit=625%2C469&amp;ssl=1\" data-attachment-id=\"4190\" data-permalink=\"https:\/\/www.bechmann.org\/amphibium\/kein-urlaub-sondern-leben\/img_20190428_112011\/\" data-orig-file=\"https:\/\/i0.wp.com\/www.bechmann.org\/amphibium\/wp-content\/uploads\/IMG_20190428_112011.jpg?fit=4160%2C3120&amp;ssl=1\" data-orig-size=\"4160,3120\" data-comments-opened=\"0\" data-image-meta=\"{&quot;aperture&quot;:&quot;2&quot;,&quot;credit&quot;:&quot;&quot;,&quot;camera&quot;:&quot;QCAM-AA&quot;,&quot;caption&quot;:&quot;&quot;,&quot;created_timestamp&quot;:&quot;1556450411&quot;,&quot;copyright&quot;:&quot;&quot;,&quot;focal_length&quot;:&quot;3.65&quot;,&quot;iso&quot;:&quot;66&quot;,&quot;shutter_speed&quot;:&quot;0.0035460992907801&quot;,&quot;title&quot;:&quot;&quot;,&quot;orientation&quot;:&quot;1&quot;}\" data-image-title=\"IMG_20190428_112011\" data-image-description=\"\" data-image-caption=\"&lt;p&gt;Fischmarkt in Nordportugal&lt;\/p&gt;\n\" data-large-file=\"https:\/\/i0.wp.com\/www.bechmann.org\/amphibium\/wp-content\/uploads\/IMG_20190428_112011.jpg?fit=625%2C469&amp;ssl=1\" role=\"button\" tabindex=\"0\" aria-label=\"Bild\u00a02 von 7 im Vollbildmodus \u00f6ffnen\"srcset=\"https:\/\/i1.wp.com\/www.bechmann.org\/amphibium\/wp-content\/uploads\/IMG_20190428_112011.jpg?strip=info&#038;w=600&#038;ssl=1 600w,https:\/\/i1.wp.com\/www.bechmann.org\/amphibium\/wp-content\/uploads\/IMG_20190428_112011.jpg?strip=info&#038;w=900&#038;ssl=1 900w,https:\/\/i1.wp.com\/www.bechmann.org\/amphibium\/wp-content\/uploads\/IMG_20190428_112011.jpg?strip=info&#038;w=1200&#038;ssl=1 1200w,https:\/\/i1.wp.com\/www.bechmann.org\/amphibium\/wp-content\/uploads\/IMG_20190428_112011.jpg?strip=info&#038;w=1500&#038;ssl=1 1500w,https:\/\/i1.wp.com\/www.bechmann.org\/amphibium\/wp-content\/uploads\/IMG_20190428_112011.jpg?strip=info&#038;w=1800&#038;ssl=1 1800w,https:\/\/i1.wp.com\/www.bechmann.org\/amphibium\/wp-content\/uploads\/IMG_20190428_112011.jpg?strip=info&#038;w=2000&#038;ssl=1 2000w\" alt=\"\" data-height=\"3120\" data-id=\"4190\" data-link=\"https:\/\/www.bechmann.org\/amphibium\/kein-urlaub-sondern-leben\/img_20190428_112011\/\" data-url=\"https:\/\/www.bechmann.org\/amphibium\/wp-content\/uploads\/IMG_20190428_112011.jpg\" data-width=\"4160\" src=\"https:\/\/i1.wp.com\/www.bechmann.org\/amphibium\/wp-content\/uploads\/IMG_20190428_112011.jpg?ssl=1\"\/><\/figure><figure class=\"tiled-gallery__item\"><img decoding=\"async\" data-attachment-id=\"4192\" data-permalink=\"https:\/\/www.bechmann.org\/amphibium\/kein-urlaub-sondern-leben\/img_20190517_115953\/\" data-orig-file=\"https:\/\/i0.wp.com\/www.bechmann.org\/amphibium\/wp-content\/uploads\/IMG_20190517_115953.jpg?fit=4160%2C3120&amp;ssl=1\" data-orig-size=\"4160,3120\" data-comments-opened=\"0\" data-image-meta=\"{&quot;aperture&quot;:&quot;2&quot;,&quot;credit&quot;:&quot;&quot;,&quot;camera&quot;:&quot;QCAM-AA&quot;,&quot;caption&quot;:&quot;&quot;,&quot;created_timestamp&quot;:&quot;1558094394&quot;,&quot;copyright&quot;:&quot;&quot;,&quot;focal_length&quot;:&quot;3.65&quot;,&quot;iso&quot;:&quot;283&quot;,&quot;shutter_speed&quot;:&quot;0.033333333333333&quot;,&quot;title&quot;:&quot;&quot;,&quot;orientation&quot;:&quot;1&quot;}\" data-image-title=\"IMG_20190517_115953\" data-image-description=\"\" data-image-caption=\"&lt;p&gt;Moosbewachsene Mauer&lt;\/p&gt;\n\" data-large-file=\"https:\/\/i0.wp.com\/www.bechmann.org\/amphibium\/wp-content\/uploads\/IMG_20190517_115953.jpg?fit=625%2C469&amp;ssl=1\" data-attachment-id=\"4192\" data-permalink=\"https:\/\/www.bechmann.org\/amphibium\/kein-urlaub-sondern-leben\/img_20190517_115953\/\" data-orig-file=\"https:\/\/i0.wp.com\/www.bechmann.org\/amphibium\/wp-content\/uploads\/IMG_20190517_115953.jpg?fit=4160%2C3120&amp;ssl=1\" data-orig-size=\"4160,3120\" data-comments-opened=\"0\" data-image-meta=\"{&quot;aperture&quot;:&quot;2&quot;,&quot;credit&quot;:&quot;&quot;,&quot;camera&quot;:&quot;QCAM-AA&quot;,&quot;caption&quot;:&quot;&quot;,&quot;created_timestamp&quot;:&quot;1558094394&quot;,&quot;copyright&quot;:&quot;&quot;,&quot;focal_length&quot;:&quot;3.65&quot;,&quot;iso&quot;:&quot;283&quot;,&quot;shutter_speed&quot;:&quot;0.033333333333333&quot;,&quot;title&quot;:&quot;&quot;,&quot;orientation&quot;:&quot;1&quot;}\" data-image-title=\"IMG_20190517_115953\" data-image-description=\"\" data-image-caption=\"&lt;p&gt;Moosbewachsene Mauer&lt;\/p&gt;\n\" data-large-file=\"https:\/\/i0.wp.com\/www.bechmann.org\/amphibium\/wp-content\/uploads\/IMG_20190517_115953.jpg?fit=625%2C469&amp;ssl=1\" role=\"button\" tabindex=\"0\" aria-label=\"Bild\u00a03 von 7 im Vollbildmodus \u00f6ffnen\"srcset=\"https:\/\/i1.wp.com\/www.bechmann.org\/amphibium\/wp-content\/uploads\/IMG_20190517_115953.jpg?strip=info&#038;w=600&#038;ssl=1 600w,https:\/\/i1.wp.com\/www.bechmann.org\/amphibium\/wp-content\/uploads\/IMG_20190517_115953.jpg?strip=info&#038;w=900&#038;ssl=1 900w,https:\/\/i1.wp.com\/www.bechmann.org\/amphibium\/wp-content\/uploads\/IMG_20190517_115953.jpg?strip=info&#038;w=1200&#038;ssl=1 1200w,https:\/\/i1.wp.com\/www.bechmann.org\/amphibium\/wp-content\/uploads\/IMG_20190517_115953.jpg?strip=info&#038;w=1500&#038;ssl=1 1500w,https:\/\/i1.wp.com\/www.bechmann.org\/amphibium\/wp-content\/uploads\/IMG_20190517_115953.jpg?strip=info&#038;w=1800&#038;ssl=1 1800w,https:\/\/i1.wp.com\/www.bechmann.org\/amphibium\/wp-content\/uploads\/IMG_20190517_115953.jpg?strip=info&#038;w=2000&#038;ssl=1 2000w\" alt=\"\" data-height=\"3120\" data-id=\"4192\" data-link=\"https:\/\/www.bechmann.org\/amphibium\/kein-urlaub-sondern-leben\/img_20190517_115953\/\" data-url=\"https:\/\/www.bechmann.org\/amphibium\/wp-content\/uploads\/IMG_20190517_115953.jpg\" data-width=\"4160\" src=\"https:\/\/i1.wp.com\/www.bechmann.org\/amphibium\/wp-content\/uploads\/IMG_20190517_115953.jpg?ssl=1\"\/><\/figure><\/div><div class=\"tiled-gallery__col\"><figure class=\"tiled-gallery__item\"><img decoding=\"async\" data-attachment-id=\"4193\" data-permalink=\"https:\/\/www.bechmann.org\/amphibium\/kein-urlaub-sondern-leben\/img_20190517_182558\/\" data-orig-file=\"https:\/\/i0.wp.com\/www.bechmann.org\/amphibium\/wp-content\/uploads\/IMG_20190517_182558.jpg?fit=3120%2C4160&amp;ssl=1\" data-orig-size=\"3120,4160\" data-comments-opened=\"0\" data-image-meta=\"{&quot;aperture&quot;:&quot;2&quot;,&quot;credit&quot;:&quot;&quot;,&quot;camera&quot;:&quot;QCAM-AA&quot;,&quot;caption&quot;:&quot;&quot;,&quot;created_timestamp&quot;:&quot;1558117558&quot;,&quot;copyright&quot;:&quot;&quot;,&quot;focal_length&quot;:&quot;3.65&quot;,&quot;iso&quot;:&quot;100&quot;,&quot;shutter_speed&quot;:&quot;0.033333333333333&quot;,&quot;title&quot;:&quot;&quot;,&quot;orientation&quot;:&quot;1&quot;}\" data-image-title=\"IMG_20190517_182558\" data-image-description=\"\" data-image-caption=\"&lt;p&gt;Flechten an Eiche&lt;\/p&gt;\n\" data-large-file=\"https:\/\/i0.wp.com\/www.bechmann.org\/amphibium\/wp-content\/uploads\/IMG_20190517_182558.jpg?fit=625%2C833&amp;ssl=1\" data-attachment-id=\"4193\" data-permalink=\"https:\/\/www.bechmann.org\/amphibium\/kein-urlaub-sondern-leben\/img_20190517_182558\/\" data-orig-file=\"https:\/\/i0.wp.com\/www.bechmann.org\/amphibium\/wp-content\/uploads\/IMG_20190517_182558.jpg?fit=3120%2C4160&amp;ssl=1\" data-orig-size=\"3120,4160\" data-comments-opened=\"0\" data-image-meta=\"{&quot;aperture&quot;:&quot;2&quot;,&quot;credit&quot;:&quot;&quot;,&quot;camera&quot;:&quot;QCAM-AA&quot;,&quot;caption&quot;:&quot;&quot;,&quot;created_timestamp&quot;:&quot;1558117558&quot;,&quot;copyright&quot;:&quot;&quot;,&quot;focal_length&quot;:&quot;3.65&quot;,&quot;iso&quot;:&quot;100&quot;,&quot;shutter_speed&quot;:&quot;0.033333333333333&quot;,&quot;title&quot;:&quot;&quot;,&quot;orientation&quot;:&quot;1&quot;}\" data-image-title=\"IMG_20190517_182558\" data-image-description=\"\" data-image-caption=\"&lt;p&gt;Flechten an Eiche&lt;\/p&gt;\n\" data-large-file=\"https:\/\/i0.wp.com\/www.bechmann.org\/amphibium\/wp-content\/uploads\/IMG_20190517_182558.jpg?fit=625%2C833&amp;ssl=1\" role=\"button\" tabindex=\"0\" aria-label=\"Bild\u00a04 von 7 im Vollbildmodus \u00f6ffnen\"srcset=\"https:\/\/i2.wp.com\/www.bechmann.org\/amphibium\/wp-content\/uploads\/IMG_20190517_182558.jpg?strip=info&#038;w=600&#038;ssl=1 600w,https:\/\/i2.wp.com\/www.bechmann.org\/amphibium\/wp-content\/uploads\/IMG_20190517_182558.jpg?strip=info&#038;w=900&#038;ssl=1 900w,https:\/\/i2.wp.com\/www.bechmann.org\/amphibium\/wp-content\/uploads\/IMG_20190517_182558.jpg?strip=info&#038;w=1200&#038;ssl=1 1200w,https:\/\/i2.wp.com\/www.bechmann.org\/amphibium\/wp-content\/uploads\/IMG_20190517_182558.jpg?strip=info&#038;w=1500&#038;ssl=1 1500w,https:\/\/i2.wp.com\/www.bechmann.org\/amphibium\/wp-content\/uploads\/IMG_20190517_182558.jpg?strip=info&#038;w=1800&#038;ssl=1 1800w,https:\/\/i2.wp.com\/www.bechmann.org\/amphibium\/wp-content\/uploads\/IMG_20190517_182558.jpg?strip=info&#038;w=2000&#038;ssl=1 2000w\" alt=\"\" data-height=\"4160\" data-id=\"4193\" data-link=\"https:\/\/www.bechmann.org\/amphibium\/kein-urlaub-sondern-leben\/img_20190517_182558\/\" data-url=\"https:\/\/www.bechmann.org\/amphibium\/wp-content\/uploads\/IMG_20190517_182558.jpg\" data-width=\"3120\" src=\"https:\/\/i2.wp.com\/www.bechmann.org\/amphibium\/wp-content\/uploads\/IMG_20190517_182558.jpg?ssl=1\"\/><\/figure><\/div><\/div><div class=\"tiled-gallery__row\"><div class=\"tiled-gallery__col\"><figure class=\"tiled-gallery__item\"><img decoding=\"async\" data-attachment-id=\"4195\" data-permalink=\"https:\/\/www.bechmann.org\/amphibium\/kein-urlaub-sondern-leben\/spanien19-1-8\/\" data-orig-file=\"https:\/\/i0.wp.com\/www.bechmann.org\/amphibium\/wp-content\/uploads\/spanien19-1-8.jpg?fit=4000%2C6000&amp;ssl=1\" data-orig-size=\"4000,6000\" data-comments-opened=\"0\" data-image-meta=\"{&quot;aperture&quot;:&quot;9&quot;,&quot;credit&quot;:&quot;&quot;,&quot;camera&quot;:&quot;ILCE-6000&quot;,&quot;caption&quot;:&quot;&quot;,&quot;created_timestamp&quot;:&quot;1557583165&quot;,&quot;copyright&quot;:&quot;&quot;,&quot;focal_length&quot;:&quot;54&quot;,&quot;iso&quot;:&quot;100&quot;,&quot;shutter_speed&quot;:&quot;0.00625&quot;,&quot;title&quot;:&quot;&quot;,&quot;orientation&quot;:&quot;1&quot;}\" data-image-title=\"spanien19-1-8\" data-image-description=\"\" data-image-caption=\"&lt;p&gt;Dorf in den Bergen&lt;\/p&gt;\n\" data-large-file=\"https:\/\/i0.wp.com\/www.bechmann.org\/amphibium\/wp-content\/uploads\/spanien19-1-8.jpg?fit=625%2C937&amp;ssl=1\" data-attachment-id=\"4195\" data-permalink=\"https:\/\/www.bechmann.org\/amphibium\/kein-urlaub-sondern-leben\/spanien19-1-8\/\" data-orig-file=\"https:\/\/i0.wp.com\/www.bechmann.org\/amphibium\/wp-content\/uploads\/spanien19-1-8.jpg?fit=4000%2C6000&amp;ssl=1\" data-orig-size=\"4000,6000\" data-comments-opened=\"0\" data-image-meta=\"{&quot;aperture&quot;:&quot;9&quot;,&quot;credit&quot;:&quot;&quot;,&quot;camera&quot;:&quot;ILCE-6000&quot;,&quot;caption&quot;:&quot;&quot;,&quot;created_timestamp&quot;:&quot;1557583165&quot;,&quot;copyright&quot;:&quot;&quot;,&quot;focal_length&quot;:&quot;54&quot;,&quot;iso&quot;:&quot;100&quot;,&quot;shutter_speed&quot;:&quot;0.00625&quot;,&quot;title&quot;:&quot;&quot;,&quot;orientation&quot;:&quot;1&quot;}\" data-image-title=\"spanien19-1-8\" data-image-description=\"\" data-image-caption=\"&lt;p&gt;Dorf in den Bergen&lt;\/p&gt;\n\" data-large-file=\"https:\/\/i0.wp.com\/www.bechmann.org\/amphibium\/wp-content\/uploads\/spanien19-1-8.jpg?fit=625%2C937&amp;ssl=1\" role=\"button\" tabindex=\"0\" aria-label=\"Bild\u00a05 von 7 im Vollbildmodus \u00f6ffnen\"srcset=\"https:\/\/i2.wp.com\/www.bechmann.org\/amphibium\/wp-content\/uploads\/spanien19-1-8.jpg?strip=info&#038;w=600&#038;ssl=1 600w,https:\/\/i2.wp.com\/www.bechmann.org\/amphibium\/wp-content\/uploads\/spanien19-1-8.jpg?strip=info&#038;w=900&#038;ssl=1 900w,https:\/\/i2.wp.com\/www.bechmann.org\/amphibium\/wp-content\/uploads\/spanien19-1-8.jpg?strip=info&#038;w=1200&#038;ssl=1 1200w,https:\/\/i2.wp.com\/www.bechmann.org\/amphibium\/wp-content\/uploads\/spanien19-1-8.jpg?strip=info&#038;w=1500&#038;ssl=1 1500w,https:\/\/i2.wp.com\/www.bechmann.org\/amphibium\/wp-content\/uploads\/spanien19-1-8.jpg?strip=info&#038;w=1800&#038;ssl=1 1800w,https:\/\/i2.wp.com\/www.bechmann.org\/amphibium\/wp-content\/uploads\/spanien19-1-8.jpg?strip=info&#038;w=2000&#038;ssl=1 2000w\" alt=\"\" data-height=\"6000\" data-id=\"4195\" data-link=\"https:\/\/www.bechmann.org\/amphibium\/kein-urlaub-sondern-leben\/spanien19-1-8\/\" data-url=\"https:\/\/www.bechmann.org\/amphibium\/wp-content\/uploads\/spanien19-1-8.jpg\" data-width=\"4000\" src=\"https:\/\/i2.wp.com\/www.bechmann.org\/amphibium\/wp-content\/uploads\/spanien19-1-8.jpg?ssl=1\"\/><\/figure><\/div><div class=\"tiled-gallery__col\"><figure class=\"tiled-gallery__item\"><img decoding=\"async\" data-attachment-id=\"4196\" data-permalink=\"https:\/\/www.bechmann.org\/amphibium\/kein-urlaub-sondern-leben\/spanien19-1-10\/\" data-orig-file=\"https:\/\/i0.wp.com\/www.bechmann.org\/amphibium\/wp-content\/uploads\/spanien19-1-10.jpg?fit=6000%2C4000&amp;ssl=1\" data-orig-size=\"6000,4000\" data-comments-opened=\"0\" data-image-meta=\"{&quot;aperture&quot;:&quot;11&quot;,&quot;credit&quot;:&quot;&quot;,&quot;camera&quot;:&quot;ILCE-6000&quot;,&quot;caption&quot;:&quot;&quot;,&quot;created_timestamp&quot;:&quot;1557848133&quot;,&quot;copyright&quot;:&quot;&quot;,&quot;focal_length&quot;:&quot;19&quot;,&quot;iso&quot;:&quot;100&quot;,&quot;shutter_speed&quot;:&quot;0.00625&quot;,&quot;title&quot;:&quot;&quot;,&quot;orientation&quot;:&quot;1&quot;}\" data-image-title=\"spanien19-1-10\" data-image-description=\"\" data-image-caption=\"&lt;p&gt;Strand an der galizischen K\u00fcste&lt;\/p&gt;\n\" data-large-file=\"https:\/\/i0.wp.com\/www.bechmann.org\/amphibium\/wp-content\/uploads\/spanien19-1-10.jpg?fit=625%2C417&amp;ssl=1\" data-attachment-id=\"4196\" data-permalink=\"https:\/\/www.bechmann.org\/amphibium\/kein-urlaub-sondern-leben\/spanien19-1-10\/\" data-orig-file=\"https:\/\/i0.wp.com\/www.bechmann.org\/amphibium\/wp-content\/uploads\/spanien19-1-10.jpg?fit=6000%2C4000&amp;ssl=1\" data-orig-size=\"6000,4000\" data-comments-opened=\"0\" data-image-meta=\"{&quot;aperture&quot;:&quot;11&quot;,&quot;credit&quot;:&quot;&quot;,&quot;camera&quot;:&quot;ILCE-6000&quot;,&quot;caption&quot;:&quot;&quot;,&quot;created_timestamp&quot;:&quot;1557848133&quot;,&quot;copyright&quot;:&quot;&quot;,&quot;focal_length&quot;:&quot;19&quot;,&quot;iso&quot;:&quot;100&quot;,&quot;shutter_speed&quot;:&quot;0.00625&quot;,&quot;title&quot;:&quot;&quot;,&quot;orientation&quot;:&quot;1&quot;}\" data-image-title=\"spanien19-1-10\" data-image-description=\"\" data-image-caption=\"&lt;p&gt;Strand an der galizischen K\u00fcste&lt;\/p&gt;\n\" data-large-file=\"https:\/\/i0.wp.com\/www.bechmann.org\/amphibium\/wp-content\/uploads\/spanien19-1-10.jpg?fit=625%2C417&amp;ssl=1\" role=\"button\" tabindex=\"0\" aria-label=\"Bild\u00a06 von 7 im Vollbildmodus \u00f6ffnen\"srcset=\"https:\/\/i1.wp.com\/www.bechmann.org\/amphibium\/wp-content\/uploads\/spanien19-1-10.jpg?strip=info&#038;w=600&#038;ssl=1 600w,https:\/\/i1.wp.com\/www.bechmann.org\/amphibium\/wp-content\/uploads\/spanien19-1-10.jpg?strip=info&#038;w=900&#038;ssl=1 900w,https:\/\/i1.wp.com\/www.bechmann.org\/amphibium\/wp-content\/uploads\/spanien19-1-10.jpg?strip=info&#038;w=1200&#038;ssl=1 1200w,https:\/\/i1.wp.com\/www.bechmann.org\/amphibium\/wp-content\/uploads\/spanien19-1-10.jpg?strip=info&#038;w=1500&#038;ssl=1 1500w,https:\/\/i1.wp.com\/www.bechmann.org\/amphibium\/wp-content\/uploads\/spanien19-1-10.jpg?strip=info&#038;w=1800&#038;ssl=1 1800w,https:\/\/i1.wp.com\/www.bechmann.org\/amphibium\/wp-content\/uploads\/spanien19-1-10.jpg?strip=info&#038;w=2000&#038;ssl=1 2000w\" alt=\"\" data-height=\"4000\" data-id=\"4196\" data-link=\"https:\/\/www.bechmann.org\/amphibium\/kein-urlaub-sondern-leben\/spanien19-1-10\/\" data-url=\"https:\/\/www.bechmann.org\/amphibium\/wp-content\/uploads\/spanien19-1-10.jpg\" data-width=\"6000\" src=\"https:\/\/i1.wp.com\/www.bechmann.org\/amphibium\/wp-content\/uploads\/spanien19-1-10.jpg?ssl=1\"\/><\/figure><figure class=\"tiled-gallery__item\"><img decoding=\"async\" data-attachment-id=\"4194\" data-permalink=\"https:\/\/www.bechmann.org\/amphibium\/kein-urlaub-sondern-leben\/img_20190522_211754\/\" data-orig-file=\"https:\/\/i0.wp.com\/www.bechmann.org\/amphibium\/wp-content\/uploads\/IMG_20190522_211754.jpg?fit=4160%2C3120&amp;ssl=1\" data-orig-size=\"4160,3120\" data-comments-opened=\"0\" data-image-meta=\"{&quot;aperture&quot;:&quot;2&quot;,&quot;credit&quot;:&quot;&quot;,&quot;camera&quot;:&quot;QCAM-AA&quot;,&quot;caption&quot;:&quot;&quot;,&quot;created_timestamp&quot;:&quot;1558559875&quot;,&quot;copyright&quot;:&quot;&quot;,&quot;focal_length&quot;:&quot;3.65&quot;,&quot;iso&quot;:&quot;85&quot;,&quot;shutter_speed&quot;:&quot;0.016666666666667&quot;,&quot;title&quot;:&quot;&quot;,&quot;orientation&quot;:&quot;1&quot;}\" data-image-title=\"IMG_20190522_211754\" data-image-description=\"\" data-image-caption=\"&lt;p&gt;\u00dcbernachtungsplatz im Baskenland&lt;\/p&gt;\n\" data-large-file=\"https:\/\/i0.wp.com\/www.bechmann.org\/amphibium\/wp-content\/uploads\/IMG_20190522_211754.jpg?fit=625%2C469&amp;ssl=1\" data-attachment-id=\"4194\" data-permalink=\"https:\/\/www.bechmann.org\/amphibium\/kein-urlaub-sondern-leben\/img_20190522_211754\/\" data-orig-file=\"https:\/\/i0.wp.com\/www.bechmann.org\/amphibium\/wp-content\/uploads\/IMG_20190522_211754.jpg?fit=4160%2C3120&amp;ssl=1\" data-orig-size=\"4160,3120\" data-comments-opened=\"0\" data-image-meta=\"{&quot;aperture&quot;:&quot;2&quot;,&quot;credit&quot;:&quot;&quot;,&quot;camera&quot;:&quot;QCAM-AA&quot;,&quot;caption&quot;:&quot;&quot;,&quot;created_timestamp&quot;:&quot;1558559875&quot;,&quot;copyright&quot;:&quot;&quot;,&quot;focal_length&quot;:&quot;3.65&quot;,&quot;iso&quot;:&quot;85&quot;,&quot;shutter_speed&quot;:&quot;0.016666666666667&quot;,&quot;title&quot;:&quot;&quot;,&quot;orientation&quot;:&quot;1&quot;}\" data-image-title=\"IMG_20190522_211754\" data-image-description=\"\" data-image-caption=\"&lt;p&gt;\u00dcbernachtungsplatz im Baskenland&lt;\/p&gt;\n\" data-large-file=\"https:\/\/i0.wp.com\/www.bechmann.org\/amphibium\/wp-content\/uploads\/IMG_20190522_211754.jpg?fit=625%2C469&amp;ssl=1\" role=\"button\" tabindex=\"0\" aria-label=\"Bild\u00a07 von 7 im Vollbildmodus \u00f6ffnen\"srcset=\"https:\/\/i2.wp.com\/www.bechmann.org\/amphibium\/wp-content\/uploads\/IMG_20190522_211754.jpg?strip=info&#038;w=600&#038;ssl=1 600w,https:\/\/i2.wp.com\/www.bechmann.org\/amphibium\/wp-content\/uploads\/IMG_20190522_211754.jpg?strip=info&#038;w=900&#038;ssl=1 900w,https:\/\/i2.wp.com\/www.bechmann.org\/amphibium\/wp-content\/uploads\/IMG_20190522_211754.jpg?strip=info&#038;w=1200&#038;ssl=1 1200w,https:\/\/i2.wp.com\/www.bechmann.org\/amphibium\/wp-content\/uploads\/IMG_20190522_211754.jpg?strip=info&#038;w=1500&#038;ssl=1 1500w,https:\/\/i2.wp.com\/www.bechmann.org\/amphibium\/wp-content\/uploads\/IMG_20190522_211754.jpg?strip=info&#038;w=1800&#038;ssl=1 1800w,https:\/\/i2.wp.com\/www.bechmann.org\/amphibium\/wp-content\/uploads\/IMG_20190522_211754.jpg?strip=info&#038;w=2000&#038;ssl=1 2000w\" alt=\"\" data-height=\"3120\" data-id=\"4194\" data-link=\"https:\/\/www.bechmann.org\/amphibium\/kein-urlaub-sondern-leben\/img_20190522_211754\/\" data-url=\"https:\/\/www.bechmann.org\/amphibium\/wp-content\/uploads\/IMG_20190522_211754.jpg\" data-width=\"4160\" src=\"https:\/\/i2.wp.com\/www.bechmann.org\/amphibium\/wp-content\/uploads\/IMG_20190522_211754.jpg?ssl=1\"\/><\/figure><\/div><\/div><\/div><\/div>\n\n\n\n<p>Den Unimog hatte ich nach der j\u00fcngsten <a href=\"https:\/\/www.bechmann.org\/amphibium\/nachbargemeinde-mittelmeer\/\">Marokko-Exkursion im Dezember 2018<\/a> in Sevilla f\u00fcr knapp vier Monate auf einem Caravan-Stellplatz geparkt (Die Miete? Nicht der Rede wert\u2026), nunmehr kam er wieder nach Deutschland. Der R\u00fcckweg nach Deutschland dauert vier Tage, immer in Etappen m\u00f6glichst mautfrei neben den geb\u00fchrenbewehrten Autobahnen Spaniens und Frankreichs her. Der Weg ist das Ziel, und deswegen geht es gar nicht darum, so schnell wie m\u00f6glich vorw\u00e4rts zu kommen. Der Weg heim ist Teil der Reise und wird als solcher zelebriert.  <\/p>\n","protected":false},"excerpt":{"rendered":"<p>Spanien ist so etwas wie meine zweite Heimat. Meine Mutter lebt seit Jahrzehnten dort, zusammen mit ihrem spanischen Lebensgef\u00e4hrten (der wiederum so etwas wie mein Ersatz-Vater ist). Und mit diesem begann mein Faible f\u00fcrs Reisen: Als ich etwa 17 Jahre alt war, fuhr er mit seinen drei S\u00f6hnen und mir als Teenager mit seinem VW [&hellip;]<\/p>\n","protected":false},"author":1,"featured_media":0,"comment_status":"closed","ping_status":"closed","sticky":false,"template":"","format":"standard","meta":{"jetpack_post_was_ever_published":false,"_jetpack_newsletter_access":"","_jetpack_dont_email_post_to_subs":false,"_jetpack_newsletter_tier_id":0,"_jetpack_memberships_contains_paywalled_content":false,"_jetpack_memberships_contains_paid_content":false,"footnotes":"","jetpack_publicize_message":"","jetpack_publicize_feature_enabled":true,"jetpack_social_post_already_shared":true,"jetpack_social_options":{"image_generator_settings":{"template":"highway","default_image_id":0,"font":"","enabled":false},"version":2}},"categories":[2],"tags":[41,564,356,239,234,563,240],"class_list":["post-4173","post","type-post","status-publish","format-standard","hentry","category-land","tag-andalusien","tag-galicien","tag-porto","tag-portugal","tag-salamanca","tag-sevilla","tag-spanien"],"jetpack_publicize_connections":[],"jetpack_featured_media_url":"","jetpack_shortlink":"https:\/\/wp.me\/p4DyUk-15j","jetpack-related-posts":[{"id":1847,"url":"https:\/\/www.bechmann.org\/amphibium\/gen-sden-ins-warme\/","url_meta":{"origin":4173,"position":0},"title":"Gen S\u00fcden, ins Warme","author":"Oliver","date":"20. Dezember 2016","format":false,"excerpt":"Mein Freund G. lebt das Gegenteil. Er hat sich f\u00fcr ein fest stehendes Haus entschieden, ein altes obendrein, in der Ferne noch dazu. D.h., f\u00fcr ihn ist es nicht mehr fern, denn seit geraumer Zeit hat es ihm seine Firma erm\u00f6glicht, im Home Office zu arbeiten\u2026 und weil es dabei\u2026","rel":"","context":"In &quot;Land&quot;","block_context":{"text":"Land","link":"https:\/\/www.bechmann.org\/amphibium\/category\/land\/"},"img":{"alt_text":"","src":"https:\/\/i0.wp.com\/www.bechmann.org\/amphibium\/wp-content\/uploads\/wp-image-349001985jpg.jpg?resize=350%2C200","width":350,"height":200,"srcset":"https:\/\/i0.wp.com\/www.bechmann.org\/amphibium\/wp-content\/uploads\/wp-image-349001985jpg.jpg?resize=350%2C200 1x, https:\/\/i0.wp.com\/www.bechmann.org\/amphibium\/wp-content\/uploads\/wp-image-349001985jpg.jpg?resize=525%2C300 1.5x, https:\/\/i0.wp.com\/www.bechmann.org\/amphibium\/wp-content\/uploads\/wp-image-349001985jpg.jpg?resize=700%2C400 2x, https:\/\/i0.wp.com\/www.bechmann.org\/amphibium\/wp-content\/uploads\/wp-image-349001985jpg.jpg?resize=1050%2C600 3x, https:\/\/i0.wp.com\/www.bechmann.org\/amphibium\/wp-content\/uploads\/wp-image-349001985jpg.jpg?resize=1400%2C800 4x"},"classes":[]},{"id":90,"url":"https:\/\/www.bechmann.org\/amphibium\/wie-alles-begann\/","url_meta":{"origin":4173,"position":1},"title":"Wie alles begann &#8211; und wohin es f\u00fchrte","author":"Oliver","date":"11. November 2019","format":false,"excerpt":"Mit Kampfsport habe ich angefangen, als ich 15 Jahre alt war. Im Urlaub waren meine Eltern und ich angegriffen worden; ich hatte dabei keine gute Figur gemacht. Mein Selbstbewusstsein war schwer l\u00e4diert. Das wollte ich \u00e4ndern und trainierte das, was in meiner Wohnumgebung m\u00f6glich war: traditionelles Wado-Ryu-Karate. Ich war mit\u2026","rel":"","context":"In &quot;Krav Maga&quot;","block_context":{"text":"Krav Maga","link":"https:\/\/www.bechmann.org\/amphibium\/category\/krav-maga\/"},"img":{"alt_text":"","src":"https:\/\/i0.wp.com\/www.bechmann.org\/amphibium\/wp-content\/uploads\/messer.jpg?resize=350%2C200&ssl=1","width":350,"height":200,"srcset":"https:\/\/i0.wp.com\/www.bechmann.org\/amphibium\/wp-content\/uploads\/messer.jpg?resize=350%2C200&ssl=1 1x, https:\/\/i0.wp.com\/www.bechmann.org\/amphibium\/wp-content\/uploads\/messer.jpg?resize=525%2C300&ssl=1 1.5x, https:\/\/i0.wp.com\/www.bechmann.org\/amphibium\/wp-content\/uploads\/messer.jpg?resize=700%2C400&ssl=1 2x, https:\/\/i0.wp.com\/www.bechmann.org\/amphibium\/wp-content\/uploads\/messer.jpg?resize=1050%2C600&ssl=1 3x"},"classes":[]},{"id":2770,"url":"https:\/\/www.bechmann.org\/amphibium\/der-frosch-auf-dem-totenkopf\/","url_meta":{"origin":4173,"position":2},"title":"Der Frosch auf dem Totenkopf","author":"Oliver","date":"22. Januar 2018","format":false,"excerpt":"Salamanca! Eine Stadt mit einer besonderen Bedeutung \u2013 sie verf\u00fcgt \u00fcber eine bekannte Universit\u00e4t, und diese war relativ fr\u00fch relativ fortschrittlich: Sie wurde im Jahr 1218 gegr\u00fcndet. Schon im 16. Jahrhundert, als hier in der sogenannten Schule von Salamanca der Grundstein f\u00fcr die neuzeitliche humanistische Naturrechtslehre gelegt wurde, z\u00e4hlte sie\u2026","rel":"","context":"In &quot;Land&quot;","block_context":{"text":"Land","link":"https:\/\/www.bechmann.org\/amphibium\/category\/land\/"},"img":{"alt_text":"","src":"https:\/\/i0.wp.com\/www.bechmann.org\/amphibium\/wp-content\/uploads\/esp-por-2018-871.jpg?resize=350%2C200","width":350,"height":200,"srcset":"https:\/\/i0.wp.com\/www.bechmann.org\/amphibium\/wp-content\/uploads\/esp-por-2018-871.jpg?resize=350%2C200 1x, https:\/\/i0.wp.com\/www.bechmann.org\/amphibium\/wp-content\/uploads\/esp-por-2018-871.jpg?resize=525%2C300 1.5x, https:\/\/i0.wp.com\/www.bechmann.org\/amphibium\/wp-content\/uploads\/esp-por-2018-871.jpg?resize=700%2C400 2x, https:\/\/i0.wp.com\/www.bechmann.org\/amphibium\/wp-content\/uploads\/esp-por-2018-871.jpg?resize=1050%2C600 3x, https:\/\/i0.wp.com\/www.bechmann.org\/amphibium\/wp-content\/uploads\/esp-por-2018-871.jpg?resize=1400%2C800 4x"},"classes":[]},{"id":1850,"url":"https:\/\/www.bechmann.org\/amphibium\/always-follow-the-truck-traces\/","url_meta":{"origin":4173,"position":3},"title":"Always follow the truck traces","author":"Oliver","date":"22. Dezember 2016","format":false,"excerpt":"Da meine Mutter im spanischen Galicien an der Atlantikk\u00fcste seit Jahrzehnten wohnt, bin ich viele Jahre viele tausend Kilometer dorthin zu Besuch gefahren. Man quert dann zwangsl\u00e4ufig das Baskenland, und immer habe ich die gleiche Erinnerung: d\u00fcster, grau, schwer, erdr\u00fcckende Berge, schlechtes Wetter, h\u00e4ssliche Industrieanlagen in die T\u00e4ler gepresst. Kaum\u2026","rel":"","context":"In &quot;Land&quot;","block_context":{"text":"Land","link":"https:\/\/www.bechmann.org\/amphibium\/category\/land\/"},"img":{"alt_text":"","src":"https:\/\/i0.wp.com\/www.bechmann.org\/amphibium\/wp-content\/uploads\/wp-image-316925986jpg.jpg?resize=350%2C200","width":350,"height":200,"srcset":"https:\/\/i0.wp.com\/www.bechmann.org\/amphibium\/wp-content\/uploads\/wp-image-316925986jpg.jpg?resize=350%2C200 1x, https:\/\/i0.wp.com\/www.bechmann.org\/amphibium\/wp-content\/uploads\/wp-image-316925986jpg.jpg?resize=525%2C300 1.5x, https:\/\/i0.wp.com\/www.bechmann.org\/amphibium\/wp-content\/uploads\/wp-image-316925986jpg.jpg?resize=700%2C400 2x, https:\/\/i0.wp.com\/www.bechmann.org\/amphibium\/wp-content\/uploads\/wp-image-316925986jpg.jpg?resize=1050%2C600 3x, https:\/\/i0.wp.com\/www.bechmann.org\/amphibium\/wp-content\/uploads\/wp-image-316925986jpg.jpg?resize=1400%2C800 4x"},"classes":[]},{"id":1330,"url":"https:\/\/www.bechmann.org\/amphibium\/test-tour-gen-thringen\/","url_meta":{"origin":4173,"position":4},"title":"Test-Tour gen Th&uuml;ringen","author":"Oliver","date":"15. Juli 2016","format":false,"excerpt":"Vor der Abreise nach Island ist noch eine Test-Tour mit dem Gr\u00fcnimog angesagt. Dieser steht ja immer abfahrbereit in einer ehemaligen Landmaschinenhalle \u2013 sogar ein paar Not- und Reserveklamotten f\u00fcr schlechtes Wetter sind an Bord (bei gutem Wetter muss man sich ja nur immer mehr ausziehen). Ich will gar nicht\u2026","rel":"","context":"In &quot;Ausr\u00fcstung&quot;","block_context":{"text":"Ausr\u00fcstung","link":"https:\/\/www.bechmann.org\/amphibium\/category\/ausruestung\/"},"img":{"alt_text":"","src":"https:\/\/i0.wp.com\/www.bechmann.org\/amphibium\/wp-content\/uploads\/IMG_8290.jpg?resize=350%2C200","width":350,"height":200,"srcset":"https:\/\/i0.wp.com\/www.bechmann.org\/amphibium\/wp-content\/uploads\/IMG_8290.jpg?resize=350%2C200 1x, https:\/\/i0.wp.com\/www.bechmann.org\/amphibium\/wp-content\/uploads\/IMG_8290.jpg?resize=525%2C300 1.5x, https:\/\/i0.wp.com\/www.bechmann.org\/amphibium\/wp-content\/uploads\/IMG_8290.jpg?resize=700%2C400 2x, https:\/\/i0.wp.com\/www.bechmann.org\/amphibium\/wp-content\/uploads\/IMG_8290.jpg?resize=1050%2C600 3x, https:\/\/i0.wp.com\/www.bechmann.org\/amphibium\/wp-content\/uploads\/IMG_8290.jpg?resize=1400%2C800 4x"},"classes":[]},{"id":2562,"url":"https:\/\/www.bechmann.org\/amphibium\/coyote-mentoring-schluss-mit-dem-wilden-jahr\/","url_meta":{"origin":4173,"position":5},"title":"Coyote Mentoring: Schluss mit dem wilden Jahr!","author":"Oliver","date":"17. Dezember 2017","format":false,"excerpt":"Ende und Anfang. Nach dem Acht-Schilde-Modell ist alles ein Kreislauf, kein Anfang, kein Ende; kein Ende, kein Anfang. F\u00fcr die frischgebackenen Coyote Mentoren ist das \u201cwilde\u201d Jahr vorbei, sie werden im sechsten und abschlie\u00dfenden Modul der Wildnisp\u00e4dagogik-Ausbildung \u201causgewildert\u201d in einen neuen Anfang. Walk on your own feet. Zuvor stellten wir\u2026","rel":"","context":"In &quot;Coyote Mentoring&quot;","block_context":{"text":"Coyote Mentoring","link":"https:\/\/www.bechmann.org\/amphibium\/category\/coyote-mentoring\/"},"img":{"alt_text":"P1070320 (2)","src":"https:\/\/i0.wp.com\/www.bechmann.org\/amphibium\/wp-content\/uploads\/P1070320-2_thumb.jpg?resize=350%2C200","width":350,"height":200,"srcset":"https:\/\/i0.wp.com\/www.bechmann.org\/amphibium\/wp-content\/uploads\/P1070320-2_thumb.jpg?resize=350%2C200 1x, https:\/\/i0.wp.com\/www.bechmann.org\/amphibium\/wp-content\/uploads\/P1070320-2_thumb.jpg?resize=525%2C300 1.5x, https:\/\/i0.wp.com\/www.bechmann.org\/amphibium\/wp-content\/uploads\/P1070320-2_thumb.jpg?resize=700%2C400 2x, https:\/\/i0.wp.com\/www.bechmann.org\/amphibium\/wp-content\/uploads\/P1070320-2_thumb.jpg?resize=1050%2C600 3x, https:\/\/i0.wp.com\/www.bechmann.org\/amphibium\/wp-content\/uploads\/P1070320-2_thumb.jpg?resize=1400%2C800 4x"},"classes":[]}],"jetpack_sharing_enabled":true,"_links":{"self":[{"href":"https:\/\/www.bechmann.org\/amphibium\/wp-json\/wp\/v2\/posts\/4173","targetHints":{"allow":["GET"]}}],"collection":[{"href":"https:\/\/www.bechmann.org\/amphibium\/wp-json\/wp\/v2\/posts"}],"about":[{"href":"https:\/\/www.bechmann.org\/amphibium\/wp-json\/wp\/v2\/types\/post"}],"author":[{"embeddable":true,"href":"https:\/\/www.bechmann.org\/amphibium\/wp-json\/wp\/v2\/users\/1"}],"replies":[{"embeddable":true,"href":"https:\/\/www.bechmann.org\/amphibium\/wp-json\/wp\/v2\/comments?post=4173"}],"version-history":[{"count":5,"href":"https:\/\/www.bechmann.org\/amphibium\/wp-json\/wp\/v2\/posts\/4173\/revisions"}],"predecessor-version":[{"id":4201,"href":"https:\/\/www.bechmann.org\/amphibium\/wp-json\/wp\/v2\/posts\/4173\/revisions\/4201"}],"wp:attachment":[{"href":"https:\/\/www.bechmann.org\/amphibium\/wp-json\/wp\/v2\/media?parent=4173"}],"wp:term":[{"taxonomy":"category","embeddable":true,"href":"https:\/\/www.bechmann.org\/amphibium\/wp-json\/wp\/v2\/categories?post=4173"},{"taxonomy":"post_tag","embeddable":true,"href":"https:\/\/www.bechmann.org\/amphibium\/wp-json\/wp\/v2\/tags?post=4173"}],"curies":[{"name":"wp","href":"https:\/\/api.w.org\/{rel}","templated":true}]}}