{"id":412,"date":"2013-04-07T08:10:13","date_gmt":"2013-04-07T06:10:13","guid":{"rendered":"http:\/\/www.bechmann.org\/amphibium\/?p=412"},"modified":"2023-12-08T16:12:07","modified_gmt":"2023-12-08T15:12:07","slug":"offroad-outdoor-trip-4x4-andalucia","status":"publish","type":"post","link":"https:\/\/www.bechmann.org\/amphibium\/offroad-outdoor-trip-4x4-andalucia\/","title":{"rendered":"Offroad- &#038; Outdoor-Trip: 4&#215;4 Andalucia!"},"content":{"rendered":"\n<figure class=\"wp-block-image size-large\"><img data-recalc-dims=\"1\" loading=\"lazy\" decoding=\"async\" width=\"625\" height=\"469\" data-attachment-id=\"7464\" data-permalink=\"https:\/\/www.bechmann.org\/amphibium\/fortbewegungsmittel\/img_0832\/\" data-orig-file=\"https:\/\/i0.wp.com\/www.bechmann.org\/amphibium\/wp-content\/uploads\/IMG_0832.jpg?fit=1920%2C1440&amp;ssl=1\" data-orig-size=\"1920,1440\" data-comments-opened=\"0\" data-image-meta=\"{&quot;aperture&quot;:&quot;0&quot;,&quot;credit&quot;:&quot;&quot;,&quot;camera&quot;:&quot;&quot;,&quot;caption&quot;:&quot;&quot;,&quot;created_timestamp&quot;:&quot;0&quot;,&quot;copyright&quot;:&quot;&quot;,&quot;focal_length&quot;:&quot;0&quot;,&quot;iso&quot;:&quot;0&quot;,&quot;shutter_speed&quot;:&quot;0&quot;,&quot;title&quot;:&quot;&quot;,&quot;orientation&quot;:&quot;0&quot;}\" data-image-title=\"IMG_0832\" data-image-description=\"\" data-image-caption=\"\" data-large-file=\"https:\/\/i0.wp.com\/www.bechmann.org\/amphibium\/wp-content\/uploads\/IMG_0832.jpg?fit=625%2C469&amp;ssl=1\" src=\"https:\/\/i0.wp.com\/www.bechmann.org\/amphibium\/wp-content\/uploads\/IMG_0832.jpg?resize=625%2C469&#038;ssl=1\" alt=\"\" class=\"wp-image-7464\" srcset=\"https:\/\/i0.wp.com\/www.bechmann.org\/amphibium\/wp-content\/uploads\/IMG_0832.jpg?resize=1024%2C768&amp;ssl=1 1024w, https:\/\/i0.wp.com\/www.bechmann.org\/amphibium\/wp-content\/uploads\/IMG_0832.jpg?resize=300%2C225&amp;ssl=1 300w, https:\/\/i0.wp.com\/www.bechmann.org\/amphibium\/wp-content\/uploads\/IMG_0832.jpg?resize=768%2C576&amp;ssl=1 768w, https:\/\/i0.wp.com\/www.bechmann.org\/amphibium\/wp-content\/uploads\/IMG_0832.jpg?resize=1536%2C1152&amp;ssl=1 1536w, https:\/\/i0.wp.com\/www.bechmann.org\/amphibium\/wp-content\/uploads\/IMG_0832.jpg?resize=624%2C468&amp;ssl=1 624w, https:\/\/i0.wp.com\/www.bechmann.org\/amphibium\/wp-content\/uploads\/IMG_0832.jpg?w=1920&amp;ssl=1 1920w, https:\/\/i0.wp.com\/www.bechmann.org\/amphibium\/wp-content\/uploads\/IMG_0832.jpg?w=1250&amp;ssl=1 1250w\" sizes=\"auto, (max-width: 625px) 100vw, 625px\" \/><\/figure>\n\n\n\n<p>Eine Herausforderung der anderen Art: Zwei Tage Hin- und zwei Tage R\u00fcckfahrt im Land Rover 90 Defender Softtop &#8211; insgesamt f\u00fcnfeinhalbtausend Kilometer im L\u00e4rm des Motors, der grobstolligen Reifen und der im Fahrtwind schlagenden Plane, um nach Andalusien zu fahren. <\/p>\n\n\n\n<p>Dort gibt es die einzige W\u00fcste Festlandseuropas &#8211; die Desierto de Tabernas, die viele (\u00c4ltere) aus diversen (Spaghetti- und Winnetou-)Western kennen. Au\u00dferdem die Sierras (wie die Sierra Nevada), also ein fantastisches Ambiente f\u00fcr Spielzeuge wie den Landy. Wir haben zwei Wochen in der Gegend zugebracht, zwischen K\u00fcste und Bergen, zwischen Meer und W\u00fcste..<\/p>\n","protected":false},"excerpt":{"rendered":"<p>Eine Herausforderung der anderen Art: Zwei Tage Hin- und zwei Tage R\u00fcckfahrt im Land Rover 90 Defender Softtop &#8211; insgesamt f\u00fcnfeinhalbtausend Kilometer im L\u00e4rm des Motors, der grobstolligen Reifen und der im Fahrtwind schlagenden Plane, um nach Andalusien zu fahren. Dort gibt es die einzige W\u00fcste Festlandseuropas &#8211; die Desierto de Tabernas, die viele (\u00c4ltere) [&hellip;]<\/p>\n","protected":false},"author":1,"featured_media":0,"comment_status":"open","ping_status":"open","sticky":false,"template":"","format":"standard","meta":{"jetpack_post_was_ever_published":false,"_jetpack_newsletter_access":"","_jetpack_dont_email_post_to_subs":false,"_jetpack_newsletter_tier_id":0,"_jetpack_memberships_contains_paywalled_content":false,"_jetpack_memberships_contains_paid_content":false,"footnotes":"","jetpack_publicize_message":"","jetpack_publicize_feature_enabled":true,"jetpack_social_post_already_shared":true,"jetpack_social_options":{"image_generator_settings":{"template":"highway","default_image_id":0,"font":"","enabled":false},"version":2}},"categories":[2],"tags":[41,24,25],"class_list":["post-412","post","type-post","status-publish","format-standard","hentry","category-land","tag-andalusien","tag-defender","tag-land-rover"],"jetpack_publicize_connections":[],"jetpack_featured_media_url":"","jetpack_shortlink":"https:\/\/wp.me\/p4DyUk-6E","jetpack-related-posts":[{"id":6,"url":"https:\/\/www.bechmann.org\/amphibium\/dass-dir-rose-dir-ein-beispiel-gebe\/","url_meta":{"origin":412,"position":0},"title":"Dass die Rose dir ein Beispiel gebe","author":"Oliver","date":"5. Mai 2014","format":false,"excerpt":"Zur\u00fcck von unserer Marokko-Tour vom 6.-28. April; eine besondere Herausforderung, die wir\u00a0mit der Z\u00e4higkeit von\u00a0\u00a0(Ex-)Triathleten gut zu \u00fcberstehen wussten: Mehr als zwei Tage jeweils Hin- und R\u00fcckfahrt mit der F\u00e4hre, dann ging es in Tanger Med los - \u00fcber Chefchaouen, Fes, Modelt, Imilchil in die Sahara-Ausl\u00e4ufer bei Zagora und \u00fcber\u2026","rel":"","context":"In &quot;Land&quot;","block_context":{"text":"Land","link":"https:\/\/www.bechmann.org\/amphibium\/category\/land\/"},"img":{"alt_text":"Hafis-Poem","src":"https:\/\/i0.wp.com\/www.bechmann.org\/amphibium\/wp-content\/uploads\/Marokko2014-14.jpg?resize=350%2C200","width":350,"height":200,"srcset":"https:\/\/i0.wp.com\/www.bechmann.org\/amphibium\/wp-content\/uploads\/Marokko2014-14.jpg?resize=350%2C200 1x, https:\/\/i0.wp.com\/www.bechmann.org\/amphibium\/wp-content\/uploads\/Marokko2014-14.jpg?resize=525%2C300 1.5x, https:\/\/i0.wp.com\/www.bechmann.org\/amphibium\/wp-content\/uploads\/Marokko2014-14.jpg?resize=700%2C400 2x"},"classes":[]},{"id":460,"url":"https:\/\/www.bechmann.org\/amphibium\/vorbereitungen-fuer-marokko-tour\/","url_meta":{"origin":412,"position":1},"title":"Vorbereitungen f\u00fcr Marokko-Tour","author":"Oliver","date":"21. M\u00e4rz 2014","format":false,"excerpt":"In rund zwei Wochen geht es endlich nach Marokko. Nach unserer Offroad-Tour nach Andalusien im vergangenen Jahr nun das \u00dcbersetzen auf den afrikanischen Kontinent! Der Landy hat nunmehr den Ersatzreifen auf der Motorhaube, die Motorhaube ist ged\u00e4mpft, Hohlr\u00e4ume versiegelt, und der Defender besitzt einen \u00dcberrollb\u00fcgel. Worum es geht, vermittelt ein\u2026","rel":"","context":"In &quot;Land&quot;","block_context":{"text":"Land","link":"https:\/\/www.bechmann.org\/amphibium\/category\/land\/"},"img":{"alt_text":"Wichtige Aufkleber","src":"https:\/\/i0.wp.com\/www.bechmann.org\/amphibium\/wp-content\/uploads\/20140313-175233.jpg?resize=350%2C200","width":350,"height":200,"srcset":"https:\/\/i0.wp.com\/www.bechmann.org\/amphibium\/wp-content\/uploads\/20140313-175233.jpg?resize=350%2C200 1x, https:\/\/i0.wp.com\/www.bechmann.org\/amphibium\/wp-content\/uploads\/20140313-175233.jpg?resize=525%2C300 1.5x, https:\/\/i0.wp.com\/www.bechmann.org\/amphibium\/wp-content\/uploads\/20140313-175233.jpg?resize=700%2C400 2x"},"classes":[]},{"id":4328,"url":"https:\/\/www.bechmann.org\/amphibium\/nr-5-lebt-damph-wp\/","url_meta":{"origin":412,"position":2},"title":"Nr. 5 lebt: DAMPH-WP","author":"Oliver","date":"14. Januar 2020","format":false,"excerpt":"Land Rover Defender 110 TD5 Es ist hei\u00df geworden, endlich. Vielleicht 36 bis 38 Grad\u2026 das gilt in der sommerlichen Karoo als, hm, warm. Der nicht neue, aber neu erworbene Land Rover 110 Defender, steht in der prallen Sonne; die Riffelbleche der seitlichen Trittbretter scheinen zu gl\u00fchen. Aber mit dem\u2026","rel":"","context":"In &quot;Land&quot;","block_context":{"text":"Land","link":"https:\/\/www.bechmann.org\/amphibium\/category\/land\/"},"img":{"alt_text":"Land Rover Defender 110 TD5","src":"https:\/\/i0.wp.com\/www.bechmann.org\/amphibium\/wp-content\/uploads\/damphwp02-scaled.jpg?resize=350%2C200&ssl=1","width":350,"height":200,"srcset":"https:\/\/i0.wp.com\/www.bechmann.org\/amphibium\/wp-content\/uploads\/damphwp02-scaled.jpg?resize=350%2C200&ssl=1 1x, https:\/\/i0.wp.com\/www.bechmann.org\/amphibium\/wp-content\/uploads\/damphwp02-scaled.jpg?resize=525%2C300&ssl=1 1.5x, https:\/\/i0.wp.com\/www.bechmann.org\/amphibium\/wp-content\/uploads\/damphwp02-scaled.jpg?resize=700%2C400&ssl=1 2x, https:\/\/i0.wp.com\/www.bechmann.org\/amphibium\/wp-content\/uploads\/damphwp02-scaled.jpg?resize=1050%2C600&ssl=1 3x, https:\/\/i0.wp.com\/www.bechmann.org\/amphibium\/wp-content\/uploads\/damphwp02-scaled.jpg?resize=1400%2C800&ssl=1 4x"},"classes":[]},{"id":7517,"url":"https:\/\/www.bechmann.org\/amphibium\/cabrio-tour-spanien-v-tabernas-baza\/","url_meta":{"origin":412,"position":3},"title":"Cabrio-Tour Spanien I\/V: Tabernas &#038; Baza","author":"Oliver","date":"26. September 2023","format":false,"excerpt":"In der Desierto de Tabernas - eine der wenigen echten Halbw\u00fcsten Europas - besuchen wir den namensgebenden Ort samt dessen auf einem H\u00fcgel liegenden verfallen(d)en maurischen Kastell. Auf dem Weg von Roquetas de Mar kommen wir wieder an Plastikplanen vorbei; sp\u00e4ter dann zur Desierto de Tabernas, die wir vor zehn\u2026","rel":"","context":"In &quot;Bilder-Geschichte&quot;","block_context":{"text":"Bilder-Geschichte","link":"https:\/\/www.bechmann.org\/amphibium\/category\/bilder-geschichte\/"},"img":{"alt_text":"","src":"https:\/\/i0.wp.com\/www.bechmann.org\/amphibium\/wp-content\/uploads\/20230926_131340-scaled.jpg?resize=350%2C200&ssl=1","width":350,"height":200,"srcset":"https:\/\/i0.wp.com\/www.bechmann.org\/amphibium\/wp-content\/uploads\/20230926_131340-scaled.jpg?resize=350%2C200&ssl=1 1x, https:\/\/i0.wp.com\/www.bechmann.org\/amphibium\/wp-content\/uploads\/20230926_131340-scaled.jpg?resize=525%2C300&ssl=1 1.5x, https:\/\/i0.wp.com\/www.bechmann.org\/amphibium\/wp-content\/uploads\/20230926_131340-scaled.jpg?resize=700%2C400&ssl=1 2x, https:\/\/i0.wp.com\/www.bechmann.org\/amphibium\/wp-content\/uploads\/20230926_131340-scaled.jpg?resize=1050%2C600&ssl=1 3x, https:\/\/i0.wp.com\/www.bechmann.org\/amphibium\/wp-content\/uploads\/20230926_131340-scaled.jpg?resize=1400%2C800&ssl=1 4x"},"classes":[]},{"id":523,"url":"https:\/\/www.bechmann.org\/amphibium\/sand-und-see\/","url_meta":{"origin":412,"position":4},"title":"Sand und See","author":"Oliver","date":"31. Oktober 2014","format":false,"excerpt":"In Marokko gibt es zwei W\u00fcstengebiete - Erg Chebbi und Erg Chegaga. \"Erg\" bedeutet Sandw\u00fcste, und wie schon erw\u00e4hnt: Diese ist in Marokko nicht sehr gro\u00df. Alle Gel\u00e4ndewagen streben in diese Sahara-Ecken. Von Mhamid kann man durchaus in einem Tag nach Foum Zghuid fahren - dort geht es wieder aus\u2026","rel":"","context":"In &quot;Land&quot;","block_context":{"text":"Land","link":"https:\/\/www.bechmann.org\/amphibium\/category\/land\/"},"img":{"alt_text":"Standplatz im Erg Chegaga.","src":"https:\/\/i0.wp.com\/www.bechmann.org\/amphibium\/wp-content\/uploads\/IMG_3399.jpg?resize=350%2C200","width":350,"height":200,"srcset":"https:\/\/i0.wp.com\/www.bechmann.org\/amphibium\/wp-content\/uploads\/IMG_3399.jpg?resize=350%2C200 1x, https:\/\/i0.wp.com\/www.bechmann.org\/amphibium\/wp-content\/uploads\/IMG_3399.jpg?resize=525%2C300 1.5x, https:\/\/i0.wp.com\/www.bechmann.org\/amphibium\/wp-content\/uploads\/IMG_3399.jpg?resize=700%2C400 2x, https:\/\/i0.wp.com\/www.bechmann.org\/amphibium\/wp-content\/uploads\/IMG_3399.jpg?resize=1050%2C600 3x, https:\/\/i0.wp.com\/www.bechmann.org\/amphibium\/wp-content\/uploads\/IMG_3399.jpg?resize=1400%2C800 4x"},"classes":[]},{"id":420,"url":"https:\/\/www.bechmann.org\/amphibium\/zwei-tage-beim-35-willy\/","url_meta":{"origin":412,"position":5},"title":"Zwei Tage beim 35. &#8222;Willy&#8220;","author":"Oliver","date":"7. September 2014","format":false,"excerpt":"Die Welt der Fernreisen ist noch neu f\u00fcr uns. Wir waren einmal mit unserem Land Rover in Andalusien und einmal mit ihm in Marokko. Da wir ohnehin zu einer weiteren Testfahrt auf Schwachstellen und m\u00f6gliche \u00c4nderungen mit dem k\u00fcrzlich erworbenen Unimog aufbrechen wollte, erschien uns der Besuch des Willy-Janssen-Treffens im\u2026","rel":"","context":"In &quot;Land&quot;","block_context":{"text":"Land","link":"https:\/\/www.bechmann.org\/amphibium\/category\/land\/"},"img":{"alt_text":"Unimog \"Turtletroll\"","src":"https:\/\/i0.wp.com\/www.bechmann.org\/amphibium\/wp-content\/uploads\/IMG_2996.jpg?resize=350%2C200","width":350,"height":200,"srcset":"https:\/\/i0.wp.com\/www.bechmann.org\/amphibium\/wp-content\/uploads\/IMG_2996.jpg?resize=350%2C200 1x, https:\/\/i0.wp.com\/www.bechmann.org\/amphibium\/wp-content\/uploads\/IMG_2996.jpg?resize=525%2C300 1.5x, https:\/\/i0.wp.com\/www.bechmann.org\/amphibium\/wp-content\/uploads\/IMG_2996.jpg?resize=700%2C400 2x, https:\/\/i0.wp.com\/www.bechmann.org\/amphibium\/wp-content\/uploads\/IMG_2996.jpg?resize=1050%2C600 3x"},"classes":[]}],"jetpack_sharing_enabled":true,"_links":{"self":[{"href":"https:\/\/www.bechmann.org\/amphibium\/wp-json\/wp\/v2\/posts\/412","targetHints":{"allow":["GET"]}}],"collection":[{"href":"https:\/\/www.bechmann.org\/amphibium\/wp-json\/wp\/v2\/posts"}],"about":[{"href":"https:\/\/www.bechmann.org\/amphibium\/wp-json\/wp\/v2\/types\/post"}],"author":[{"embeddable":true,"href":"https:\/\/www.bechmann.org\/amphibium\/wp-json\/wp\/v2\/users\/1"}],"replies":[{"embeddable":true,"href":"https:\/\/www.bechmann.org\/amphibium\/wp-json\/wp\/v2\/comments?post=412"}],"version-history":[{"count":4,"href":"https:\/\/www.bechmann.org\/amphibium\/wp-json\/wp\/v2\/posts\/412\/revisions"}],"predecessor-version":[{"id":7472,"href":"https:\/\/www.bechmann.org\/amphibium\/wp-json\/wp\/v2\/posts\/412\/revisions\/7472"}],"wp:attachment":[{"href":"https:\/\/www.bechmann.org\/amphibium\/wp-json\/wp\/v2\/media?parent=412"}],"wp:term":[{"taxonomy":"category","embeddable":true,"href":"https:\/\/www.bechmann.org\/amphibium\/wp-json\/wp\/v2\/categories?post=412"},{"taxonomy":"post_tag","embeddable":true,"href":"https:\/\/www.bechmann.org\/amphibium\/wp-json\/wp\/v2\/tags?post=412"}],"curies":[{"name":"wp","href":"https:\/\/api.w.org\/{rel}","templated":true}]}}