{"id":4117,"date":"2019-05-12T18:51:16","date_gmt":"2019-05-12T16:51:16","guid":{"rendered":"https:\/\/www.bechmann.org\/amphibium\/?p=4117"},"modified":"2024-04-30T11:38:07","modified_gmt":"2024-04-30T09:38:07","slug":"der-fhrtenwanderkampfstabspeer","status":"publish","type":"post","link":"https:\/\/www.bechmann.org\/amphibium\/der-fhrtenwanderkampfstabspeer\/","title":{"rendered":"Der F&auml;hrtenwanderkampfstabspeer"},"content":{"rendered":"<div id=\"attachment_4156\" style=\"width: 760px\" class=\"wp-caption aligncenter\"><a href=\"https:\/\/www.bechmann.org\/amphibium\/dsc05044\/\"><img data-recalc-dims=\"1\" loading=\"lazy\" decoding=\"async\" aria-describedby=\"caption-attachment-4156\" data-attachment-id=\"4156\" data-permalink=\"https:\/\/www.bechmann.org\/amphibium\/der-fhrtenwanderkampfstabspeer\/dsc05044\/\" data-orig-file=\"https:\/\/i0.wp.com\/www.bechmann.org\/amphibium\/wp-content\/uploads\/DSC05044.jpg?fit=750%2C500&amp;ssl=1\" data-orig-size=\"750,500\" data-comments-opened=\"0\" data-image-meta=\"{&quot;aperture&quot;:&quot;0&quot;,&quot;credit&quot;:&quot;&quot;,&quot;camera&quot;:&quot;&quot;,&quot;caption&quot;:&quot;&quot;,&quot;created_timestamp&quot;:&quot;0&quot;,&quot;copyright&quot;:&quot;Beate Bechmann&quot;,&quot;focal_length&quot;:&quot;0&quot;,&quot;iso&quot;:&quot;0&quot;,&quot;shutter_speed&quot;:&quot;0&quot;,&quot;title&quot;:&quot;&quot;,&quot;orientation&quot;:&quot;0&quot;}\" data-image-title=\"DSC05044\" data-image-description=\"\" data-image-caption=\"\" data-large-file=\"https:\/\/i0.wp.com\/www.bechmann.org\/amphibium\/wp-content\/uploads\/DSC05044.jpg?fit=625%2C417&amp;ssl=1\" class=\"wp-image-4156 size-full\" src=\"https:\/\/i0.wp.com\/www.bechmann.org\/amphibium\/wp-content\/uploads\/DSC05044.jpg?resize=625%2C417&#038;ssl=1\" alt=\"\" width=\"625\" height=\"417\" srcset=\"https:\/\/i0.wp.com\/www.bechmann.org\/amphibium\/wp-content\/uploads\/DSC05044.jpg?w=750&amp;ssl=1 750w, https:\/\/i0.wp.com\/www.bechmann.org\/amphibium\/wp-content\/uploads\/DSC05044.jpg?resize=300%2C200&amp;ssl=1 300w, https:\/\/i0.wp.com\/www.bechmann.org\/amphibium\/wp-content\/uploads\/DSC05044.jpg?resize=624%2C416&amp;ssl=1 624w\" sizes=\"auto, (max-width: 625px) 100vw, 625px\" \/><\/a><p id=\"caption-attachment-4156\" class=\"wp-caption-text\">Oued Draa, S\u00fcdmarokko<\/p><\/div>\n<p class=\"p1\">Was ist denn ein F\u00e4hrtenwanderkampfstabspeer? Nun, ein Wanderstab, der auch dazu dienen kann, sich zu verteidigen \u2013 sei es gegen Menschen, sei es gegen Tiere \u2013 und der bei der F\u00e4hrtensuche behilflich ist. Und obendrein eine Speerspitze, genauer: Pfeilspitze, tr\u00e4gt.<\/p>\n<p class=\"p1\">Um all diese Funktionen m\u00f6glich zu machen, bedarf es nat\u00fcrlich der Kompromisse. Der F\u00e4hrtenwanderkampfstabspeer kann all das nicht perfekt \u2013 dazu br\u00e4uchte man den jeweiligen Spezialisten-Stab. Aber er soll all das in einem brauchbaren Umfange gew\u00e4hrleisten.<\/p>\n<h3>Wanderstab als japanischer Kampfstock<\/h3>\n<p class=\"p1\">Grundlage ist der Wanderstab: Wozu der n\u00fctzlich ist, erspare ich mir an dieser Stelle zu erl\u00e4utern. Ob rustikaler Knotenstock, Opas Spazierstock, typischer Pyren\u00e4en-Wanderstock, moderne Teleskopst\u00f6cke \u2013 bei Bergwanderern wie Trailrunnern ist die Geh- und St\u00fctzhilfe seit alters her so bekannt wie beliebt.<\/p>\n<p class=\"p1\">Da ich mich einige Jahre der altjapanischen Kampfkunst <em>Kobudo<\/em> gewidmet habe, wei\u00df ich noch: Im Japan der Samurai-Zeit sahen sich Wander-M\u00f6nche h\u00e4ufig den Nachstellungen von R\u00e4ubern und M\u00f6rdern ausgesetzt, massenweise machten <i>Ronin<\/i> \u2013 herrenlose Samurai, denen nicht viel anderes \u00fcbrig blieb, als zu Wegelagerern zu werden \u2013 die einsamen Wege in den Bergen unsicher.<\/p>\n<h3>Holzstock (zer-)schl\u00e4gt Metallschwert<\/h3>\n<p class=\"p1\">Der buddhistische Glaube zeichnet sich u.a. durch das Ideal der Gewaltlosigkeit aus; gleichwohl beinhaltet er durchaus den Gedanken der Selbstverteidigung, wenn kein anderes Mittel bleibt. Sich selbst mit einem aggressiven Gegenstand des Kampfes auszustatten, etwa einem Schwert, kam den M\u00f6nchen nicht in den Sinn. Aber den ohnehin vorhandenen Wanderstab zu rein defensiven Zwecken einzusetzen, schon.<\/p>\n<p><!--more--><\/p>\n<p class=\"p1\">So entstanden die japanischen Stockkampfk\u00fcnste mit dem halblangen (<i>Hanbo<\/i>) und langen Stock (<i>Bo<\/i>), und Sonderformen davon \u2013 wie dem <i>Jo<\/i>. Mit diesen konnte man sich gegen einen Schwert oder Lanze tragenden Angreifer ganz gut zur Wehr setzen\u2026 immer in dem Sinne, Angriffe abzuwehren oder dem Aggressor die Mittel zu nehmen \u2013 etwa das Schwert zu zerschlagen (einem heftigen Hieb mit einem Hartholz hat die Breitseite einer Schwertklinge wenig entgegenzusetzen; der ber\u00fchmte Samurai Musashi Miyamoto zog daher bei seinen Duellen h\u00e4ufig ein gutes Hartholzschwert einem Metallschwert vor) bzw. Arme oder Beine zu besch\u00e4digen.<\/p>\n<div class=\"tiled-gallery type-rectangular tiled-gallery-unresized\" data-original-width=\"625\" data-carousel-extra='{&quot;blog_id&quot;:1,&quot;permalink&quot;:&quot;https:\\\/\\\/www.bechmann.org\\\/amphibium\\\/der-fhrtenwanderkampfstabspeer\\\/&quot;,&quot;likes_blog_id&quot;:68534324}' itemscope itemtype=\"http:\/\/schema.org\/ImageGallery\" > <div class=\"gallery-row\" style=\"width: 625px; height: 207px;\" data-original-width=\"625\" data-original-height=\"207\" > <div class=\"gallery-group images-1\" style=\"width: 157px; height: 207px;\" data-original-width=\"157\" data-original-height=\"207\" > <div class=\"tiled-gallery-item tiled-gallery-item-small\" itemprop=\"associatedMedia\" itemscope itemtype=\"http:\/\/schema.org\/ImageObject\"> <a href=\"https:\/\/www.bechmann.org\/amphibium\/der-fhrtenwanderkampfstabspeer\/img_20190507_144552686598057\/\" border=\"0\" itemprop=\"url\"> <meta itemprop=\"width\" content=\"153\"> <meta itemprop=\"height\" content=\"203\"> <img decoding=\"async\" class=\"\" data-attachment-id=\"4143\" data-orig-file=\"https:\/\/www.bechmann.org\/amphibium\/wp-content\/uploads\/img_20190507_144552686598057.jpg\" data-orig-size=\"2250,3000\" data-comments-opened=\"\" data-image-meta=\"{&quot;aperture&quot;:&quot;0&quot;,&quot;credit&quot;:&quot;&quot;,&quot;camera&quot;:&quot;&quot;,&quot;caption&quot;:&quot;&quot;,&quot;created_timestamp&quot;:&quot;0&quot;,&quot;copyright&quot;:&quot;&quot;,&quot;focal_length&quot;:&quot;0&quot;,&quot;iso&quot;:&quot;0&quot;,&quot;shutter_speed&quot;:&quot;0&quot;,&quot;title&quot;:&quot;&quot;,&quot;orientation&quot;:&quot;0&quot;}\" data-image-title=\"img_20190507_144552686598057.jpg\" data-image-description=\"\" data-medium-file=\"https:\/\/i0.wp.com\/www.bechmann.org\/amphibium\/wp-content\/uploads\/img_20190507_144552686598057.jpg?fit=225%2C300&#038;ssl=1\" data-large-file=\"https:\/\/i0.wp.com\/www.bechmann.org\/amphibium\/wp-content\/uploads\/img_20190507_144552686598057.jpg?fit=625%2C833&#038;ssl=1\" src=\"https:\/\/i0.wp.com\/www.bechmann.org\/amphibium\/wp-content\/uploads\/img_20190507_144552686598057.jpg?w=153&#038;h=203&#038;ssl=1\" srcset=\"https:\/\/i0.wp.com\/www.bechmann.org\/amphibium\/wp-content\/uploads\/img_20190507_144552686598057.jpg?w=2250&amp;ssl=1 2250w, https:\/\/i0.wp.com\/www.bechmann.org\/amphibium\/wp-content\/uploads\/img_20190507_144552686598057.jpg?resize=225%2C300&amp;ssl=1 225w, https:\/\/i0.wp.com\/www.bechmann.org\/amphibium\/wp-content\/uploads\/img_20190507_144552686598057.jpg?resize=768%2C1024&amp;ssl=1 768w, https:\/\/i0.wp.com\/www.bechmann.org\/amphibium\/wp-content\/uploads\/img_20190507_144552686598057.jpg?resize=624%2C832&amp;ssl=1 624w, https:\/\/i0.wp.com\/www.bechmann.org\/amphibium\/wp-content\/uploads\/img_20190507_144552686598057.jpg?w=1250&amp;ssl=1 1250w, https:\/\/i0.wp.com\/www.bechmann.org\/amphibium\/wp-content\/uploads\/img_20190507_144552686598057.jpg?w=1875&amp;ssl=1 1875w\" width=\"153\" height=\"203\" loading=\"lazy\" data-original-width=\"153\" data-original-height=\"203\" itemprop=\"http:\/\/schema.org\/image\" title=\"img_20190507_144552686598057.jpg\" alt=\"Kirsch-Ast: mit Beil oder Machete ...\" style=\"width: 153px; height: 203px;\" \/> <\/a> <div class=\"tiled-gallery-caption\" itemprop=\"caption description\"> Kirsch-Ast: mit Beil oder Machete &#8230; <\/div> <\/div> <\/div> <!-- close group --> <div class=\"gallery-group images-1\" style=\"width: 156px; height: 207px;\" data-original-width=\"156\" data-original-height=\"207\" > <div class=\"tiled-gallery-item tiled-gallery-item-small\" itemprop=\"associatedMedia\" itemscope itemtype=\"http:\/\/schema.org\/ImageObject\"> <a href=\"https:\/\/www.bechmann.org\/amphibium\/der-fhrtenwanderkampfstabspeer\/img_20190507_145619-1146929648\/\" border=\"0\" itemprop=\"url\"> <meta itemprop=\"width\" content=\"152\"> <meta itemprop=\"height\" content=\"203\"> <img decoding=\"async\" class=\"\" data-attachment-id=\"4140\" data-orig-file=\"https:\/\/www.bechmann.org\/amphibium\/wp-content\/uploads\/img_20190507_145619-1146929648.jpg\" data-orig-size=\"2250,3000\" data-comments-opened=\"\" data-image-meta=\"{&quot;aperture&quot;:&quot;0&quot;,&quot;credit&quot;:&quot;&quot;,&quot;camera&quot;:&quot;&quot;,&quot;caption&quot;:&quot;&quot;,&quot;created_timestamp&quot;:&quot;0&quot;,&quot;copyright&quot;:&quot;&quot;,&quot;focal_length&quot;:&quot;0&quot;,&quot;iso&quot;:&quot;0&quot;,&quot;shutter_speed&quot;:&quot;0&quot;,&quot;title&quot;:&quot;&quot;,&quot;orientation&quot;:&quot;0&quot;}\" data-image-title=\"img_20190507_145619-1146929648.jpg\" data-image-description=\"\" data-medium-file=\"https:\/\/i0.wp.com\/www.bechmann.org\/amphibium\/wp-content\/uploads\/img_20190507_145619-1146929648.jpg?fit=225%2C300&#038;ssl=1\" data-large-file=\"https:\/\/i0.wp.com\/www.bechmann.org\/amphibium\/wp-content\/uploads\/img_20190507_145619-1146929648.jpg?fit=625%2C833&#038;ssl=1\" src=\"https:\/\/i0.wp.com\/www.bechmann.org\/amphibium\/wp-content\/uploads\/img_20190507_145619-1146929648.jpg?w=152&#038;h=203&#038;ssl=1\" srcset=\"https:\/\/i0.wp.com\/www.bechmann.org\/amphibium\/wp-content\/uploads\/img_20190507_145619-1146929648.jpg?w=2250&amp;ssl=1 2250w, https:\/\/i0.wp.com\/www.bechmann.org\/amphibium\/wp-content\/uploads\/img_20190507_145619-1146929648.jpg?resize=225%2C300&amp;ssl=1 225w, https:\/\/i0.wp.com\/www.bechmann.org\/amphibium\/wp-content\/uploads\/img_20190507_145619-1146929648.jpg?resize=768%2C1024&amp;ssl=1 768w, https:\/\/i0.wp.com\/www.bechmann.org\/amphibium\/wp-content\/uploads\/img_20190507_145619-1146929648.jpg?resize=624%2C832&amp;ssl=1 624w, https:\/\/i0.wp.com\/www.bechmann.org\/amphibium\/wp-content\/uploads\/img_20190507_145619-1146929648.jpg?w=1250&amp;ssl=1 1250w, https:\/\/i0.wp.com\/www.bechmann.org\/amphibium\/wp-content\/uploads\/img_20190507_145619-1146929648.jpg?w=1875&amp;ssl=1 1875w\" width=\"152\" height=\"203\" loading=\"lazy\" data-original-width=\"152\" data-original-height=\"203\" itemprop=\"http:\/\/schema.org\/image\" title=\"img_20190507_145619-1146929648.jpg\" alt=\"...die Zweige entfernen, mit S\u00e4ge k\u00fcrzen\" style=\"width: 152px; height: 203px;\" \/> <\/a> <div class=\"tiled-gallery-caption\" itemprop=\"caption description\"> &#8230;die Zweige entfernen, mit S\u00e4ge k\u00fcrzen <\/div> <\/div> <\/div> <!-- close group --> <div class=\"gallery-group images-1\" style=\"width: 156px; height: 207px;\" data-original-width=\"156\" data-original-height=\"207\" > <div class=\"tiled-gallery-item tiled-gallery-item-small\" itemprop=\"associatedMedia\" itemscope itemtype=\"http:\/\/schema.org\/ImageObject\"> <a href=\"https:\/\/www.bechmann.org\/amphibium\/der-fhrtenwanderkampfstabspeer\/img_20190508_184031-1508035215\/\" border=\"0\" itemprop=\"url\"> <meta itemprop=\"width\" content=\"152\"> <meta itemprop=\"height\" content=\"203\"> <img decoding=\"async\" class=\"\" data-attachment-id=\"4141\" data-orig-file=\"https:\/\/www.bechmann.org\/amphibium\/wp-content\/uploads\/img_20190508_184031-1508035215.jpg\" data-orig-size=\"2250,3000\" data-comments-opened=\"\" data-image-meta=\"{&quot;aperture&quot;:&quot;0&quot;,&quot;credit&quot;:&quot;&quot;,&quot;camera&quot;:&quot;&quot;,&quot;caption&quot;:&quot;&quot;,&quot;created_timestamp&quot;:&quot;0&quot;,&quot;copyright&quot;:&quot;&quot;,&quot;focal_length&quot;:&quot;0&quot;,&quot;iso&quot;:&quot;0&quot;,&quot;shutter_speed&quot;:&quot;0&quot;,&quot;title&quot;:&quot;&quot;,&quot;orientation&quot;:&quot;0&quot;}\" data-image-title=\"img_20190508_184031-1508035215.jpg\" data-image-description=\"\" data-medium-file=\"https:\/\/i0.wp.com\/www.bechmann.org\/amphibium\/wp-content\/uploads\/img_20190508_184031-1508035215.jpg?fit=225%2C300&#038;ssl=1\" data-large-file=\"https:\/\/i0.wp.com\/www.bechmann.org\/amphibium\/wp-content\/uploads\/img_20190508_184031-1508035215.jpg?fit=625%2C833&#038;ssl=1\" src=\"https:\/\/i0.wp.com\/www.bechmann.org\/amphibium\/wp-content\/uploads\/img_20190508_184031-1508035215.jpg?w=152&#038;h=203&#038;ssl=1\" srcset=\"https:\/\/i0.wp.com\/www.bechmann.org\/amphibium\/wp-content\/uploads\/img_20190508_184031-1508035215.jpg?w=2250&amp;ssl=1 2250w, https:\/\/i0.wp.com\/www.bechmann.org\/amphibium\/wp-content\/uploads\/img_20190508_184031-1508035215.jpg?resize=225%2C300&amp;ssl=1 225w, https:\/\/i0.wp.com\/www.bechmann.org\/amphibium\/wp-content\/uploads\/img_20190508_184031-1508035215.jpg?resize=768%2C1024&amp;ssl=1 768w, https:\/\/i0.wp.com\/www.bechmann.org\/amphibium\/wp-content\/uploads\/img_20190508_184031-1508035215.jpg?resize=624%2C832&amp;ssl=1 624w, https:\/\/i0.wp.com\/www.bechmann.org\/amphibium\/wp-content\/uploads\/img_20190508_184031-1508035215.jpg?w=1250&amp;ssl=1 1250w, https:\/\/i0.wp.com\/www.bechmann.org\/amphibium\/wp-content\/uploads\/img_20190508_184031-1508035215.jpg?w=1875&amp;ssl=1 1875w\" width=\"152\" height=\"203\" loading=\"lazy\" data-original-width=\"152\" data-original-height=\"203\" itemprop=\"http:\/\/schema.org\/image\" title=\"img_20190508_184031-1508035215.jpg\" alt=\"Mit Messer die Rinde absch\u00e4len und Astknorren abflachen\" style=\"width: 152px; height: 203px;\" \/> <\/a> <div class=\"tiled-gallery-caption\" itemprop=\"caption description\"> Mit Messer die Rinde absch\u00e4len und Astknorren abflachen <\/div> <\/div> <\/div> <!-- close group --> <div class=\"gallery-group images-1\" style=\"width: 156px; height: 207px;\" data-original-width=\"156\" data-original-height=\"207\" > <div class=\"tiled-gallery-item tiled-gallery-item-small\" itemprop=\"associatedMedia\" itemscope itemtype=\"http:\/\/schema.org\/ImageObject\"> <a href=\"https:\/\/www.bechmann.org\/amphibium\/der-fhrtenwanderkampfstabspeer\/img_20190510_1539022103034637\/\" border=\"0\" itemprop=\"url\"> <meta itemprop=\"width\" content=\"152\"> <meta itemprop=\"height\" content=\"203\"> <img decoding=\"async\" class=\"\" data-attachment-id=\"4139\" data-orig-file=\"https:\/\/www.bechmann.org\/amphibium\/wp-content\/uploads\/img_20190510_1539022103034637.jpg\" data-orig-size=\"2250,3000\" data-comments-opened=\"\" data-image-meta=\"{&quot;aperture&quot;:&quot;0&quot;,&quot;credit&quot;:&quot;&quot;,&quot;camera&quot;:&quot;&quot;,&quot;caption&quot;:&quot;&quot;,&quot;created_timestamp&quot;:&quot;0&quot;,&quot;copyright&quot;:&quot;&quot;,&quot;focal_length&quot;:&quot;0&quot;,&quot;iso&quot;:&quot;0&quot;,&quot;shutter_speed&quot;:&quot;0&quot;,&quot;title&quot;:&quot;&quot;,&quot;orientation&quot;:&quot;0&quot;}\" data-image-title=\"img_20190510_1539022103034637.jpg\" data-image-description=\"\" data-medium-file=\"https:\/\/i0.wp.com\/www.bechmann.org\/amphibium\/wp-content\/uploads\/img_20190510_1539022103034637.jpg?fit=225%2C300&#038;ssl=1\" data-large-file=\"https:\/\/i0.wp.com\/www.bechmann.org\/amphibium\/wp-content\/uploads\/img_20190510_1539022103034637.jpg?fit=625%2C833&#038;ssl=1\" src=\"https:\/\/i0.wp.com\/www.bechmann.org\/amphibium\/wp-content\/uploads\/img_20190510_1539022103034637.jpg?w=152&#038;h=203&#038;ssl=1\" srcset=\"https:\/\/i0.wp.com\/www.bechmann.org\/amphibium\/wp-content\/uploads\/img_20190510_1539022103034637.jpg?w=2250&amp;ssl=1 2250w, https:\/\/i0.wp.com\/www.bechmann.org\/amphibium\/wp-content\/uploads\/img_20190510_1539022103034637.jpg?resize=225%2C300&amp;ssl=1 225w, https:\/\/i0.wp.com\/www.bechmann.org\/amphibium\/wp-content\/uploads\/img_20190510_1539022103034637.jpg?resize=768%2C1024&amp;ssl=1 768w, https:\/\/i0.wp.com\/www.bechmann.org\/amphibium\/wp-content\/uploads\/img_20190510_1539022103034637.jpg?resize=624%2C832&amp;ssl=1 624w, https:\/\/i0.wp.com\/www.bechmann.org\/amphibium\/wp-content\/uploads\/img_20190510_1539022103034637.jpg?w=1250&amp;ssl=1 1250w, https:\/\/i0.wp.com\/www.bechmann.org\/amphibium\/wp-content\/uploads\/img_20190510_1539022103034637.jpg?w=1875&amp;ssl=1 1875w\" width=\"152\" height=\"203\" loading=\"lazy\" data-original-width=\"152\" data-original-height=\"203\" itemprop=\"http:\/\/schema.org\/image\" title=\"img_20190510_1539022103034637.jpg\" alt=\"10-cm-Abstandskerben schnitzen\" style=\"width: 152px; height: 203px;\" \/> <\/a> <div class=\"tiled-gallery-caption\" itemprop=\"caption description\"> 10-cm-Abstandskerben schnitzen <\/div> <\/div> <\/div> <!-- close group --> <\/div> <!-- close row --> <div class=\"gallery-row\" style=\"width: 625px; height: 415px;\" data-original-width=\"625\" data-original-height=\"415\" > <div class=\"gallery-group images-1\" style=\"width: 313px; height: 415px;\" data-original-width=\"313\" data-original-height=\"415\" > <div class=\"tiled-gallery-item tiled-gallery-item-large\" itemprop=\"associatedMedia\" itemscope itemtype=\"http:\/\/schema.org\/ImageObject\"> <a href=\"https:\/\/www.bechmann.org\/amphibium\/der-fhrtenwanderkampfstabspeer\/img_20190510_145916-681360172\/\" border=\"0\" itemprop=\"url\"> <meta itemprop=\"width\" content=\"309\"> <meta itemprop=\"height\" content=\"411\"> <img decoding=\"async\" class=\"\" data-attachment-id=\"4142\" data-orig-file=\"https:\/\/www.bechmann.org\/amphibium\/wp-content\/uploads\/img_20190510_145916-681360172.jpg\" data-orig-size=\"2250,3000\" data-comments-opened=\"\" data-image-meta=\"{&quot;aperture&quot;:&quot;0&quot;,&quot;credit&quot;:&quot;&quot;,&quot;camera&quot;:&quot;&quot;,&quot;caption&quot;:&quot;&quot;,&quot;created_timestamp&quot;:&quot;0&quot;,&quot;copyright&quot;:&quot;&quot;,&quot;focal_length&quot;:&quot;0&quot;,&quot;iso&quot;:&quot;0&quot;,&quot;shutter_speed&quot;:&quot;0&quot;,&quot;title&quot;:&quot;&quot;,&quot;orientation&quot;:&quot;0&quot;}\" data-image-title=\"img_20190510_145916-681360172.jpg\" data-image-description=\"\" data-medium-file=\"https:\/\/i0.wp.com\/www.bechmann.org\/amphibium\/wp-content\/uploads\/img_20190510_145916-681360172.jpg?fit=225%2C300&#038;ssl=1\" data-large-file=\"https:\/\/i0.wp.com\/www.bechmann.org\/amphibium\/wp-content\/uploads\/img_20190510_145916-681360172.jpg?fit=625%2C833&#038;ssl=1\" src=\"https:\/\/i0.wp.com\/www.bechmann.org\/amphibium\/wp-content\/uploads\/img_20190510_145916-681360172.jpg?w=309&#038;h=411&#038;ssl=1\" srcset=\"https:\/\/i0.wp.com\/www.bechmann.org\/amphibium\/wp-content\/uploads\/img_20190510_145916-681360172.jpg?w=2250&amp;ssl=1 2250w, https:\/\/i0.wp.com\/www.bechmann.org\/amphibium\/wp-content\/uploads\/img_20190510_145916-681360172.jpg?resize=225%2C300&amp;ssl=1 225w, https:\/\/i0.wp.com\/www.bechmann.org\/amphibium\/wp-content\/uploads\/img_20190510_145916-681360172.jpg?resize=768%2C1024&amp;ssl=1 768w, https:\/\/i0.wp.com\/www.bechmann.org\/amphibium\/wp-content\/uploads\/img_20190510_145916-681360172.jpg?resize=624%2C832&amp;ssl=1 624w, https:\/\/i0.wp.com\/www.bechmann.org\/amphibium\/wp-content\/uploads\/img_20190510_145916-681360172.jpg?w=1250&amp;ssl=1 1250w, https:\/\/i0.wp.com\/www.bechmann.org\/amphibium\/wp-content\/uploads\/img_20190510_145916-681360172.jpg?w=1875&amp;ssl=1 1875w\" width=\"309\" height=\"411\" loading=\"lazy\" data-original-width=\"309\" data-original-height=\"411\" itemprop=\"http:\/\/schema.org\/image\" title=\"img_20190510_145916-681360172.jpg\" alt=\"Spitze in Glut feuerh\u00e4rten, ggfls. Pfeilspitze mit Sekundenkleber aufsetzen\" style=\"width: 309px; height: 411px;\" \/> <\/a> <div class=\"tiled-gallery-caption\" itemprop=\"caption description\"> Spitze in Glut feuerh\u00e4rten, ggfls. Pfeilspitze mit Sekundenkleber aufsetzen <\/div> <\/div> <\/div> <!-- close group --> <div class=\"gallery-group images-1\" style=\"width: 312px; height: 415px;\" data-original-width=\"312\" data-original-height=\"415\" > <div class=\"tiled-gallery-item tiled-gallery-item-large\" itemprop=\"associatedMedia\" itemscope itemtype=\"http:\/\/schema.org\/ImageObject\"> <a href=\"https:\/\/www.bechmann.org\/amphibium\/der-fhrtenwanderkampfstabspeer\/img_20190510_193723-281463268\/\" border=\"0\" itemprop=\"url\"> <meta itemprop=\"width\" content=\"308\"> <meta itemprop=\"height\" content=\"411\"> <img decoding=\"async\" class=\"\" data-attachment-id=\"4138\" data-orig-file=\"https:\/\/www.bechmann.org\/amphibium\/wp-content\/uploads\/img_20190510_193723-281463268.jpg\" data-orig-size=\"2250,3000\" data-comments-opened=\"\" data-image-meta=\"{&quot;aperture&quot;:&quot;0&quot;,&quot;credit&quot;:&quot;&quot;,&quot;camera&quot;:&quot;&quot;,&quot;caption&quot;:&quot;&quot;,&quot;created_timestamp&quot;:&quot;0&quot;,&quot;copyright&quot;:&quot;&quot;,&quot;focal_length&quot;:&quot;0&quot;,&quot;iso&quot;:&quot;0&quot;,&quot;shutter_speed&quot;:&quot;0&quot;,&quot;title&quot;:&quot;&quot;,&quot;orientation&quot;:&quot;0&quot;}\" data-image-title=\"img_20190510_193723-281463268.jpg\" data-image-description=\"\" data-medium-file=\"https:\/\/i0.wp.com\/www.bechmann.org\/amphibium\/wp-content\/uploads\/img_20190510_193723-281463268.jpg?fit=225%2C300&#038;ssl=1\" data-large-file=\"https:\/\/i0.wp.com\/www.bechmann.org\/amphibium\/wp-content\/uploads\/img_20190510_193723-281463268.jpg?fit=625%2C833&#038;ssl=1\" src=\"https:\/\/i0.wp.com\/www.bechmann.org\/amphibium\/wp-content\/uploads\/img_20190510_193723-281463268.jpg?w=308&#038;h=411&#038;ssl=1\" srcset=\"https:\/\/i0.wp.com\/www.bechmann.org\/amphibium\/wp-content\/uploads\/img_20190510_193723-281463268.jpg?w=2250&amp;ssl=1 2250w, https:\/\/i0.wp.com\/www.bechmann.org\/amphibium\/wp-content\/uploads\/img_20190510_193723-281463268.jpg?resize=225%2C300&amp;ssl=1 225w, https:\/\/i0.wp.com\/www.bechmann.org\/amphibium\/wp-content\/uploads\/img_20190510_193723-281463268.jpg?resize=768%2C1024&amp;ssl=1 768w, https:\/\/i0.wp.com\/www.bechmann.org\/amphibium\/wp-content\/uploads\/img_20190510_193723-281463268.jpg?resize=624%2C832&amp;ssl=1 624w, https:\/\/i0.wp.com\/www.bechmann.org\/amphibium\/wp-content\/uploads\/img_20190510_193723-281463268.jpg?w=1250&amp;ssl=1 1250w, https:\/\/i0.wp.com\/www.bechmann.org\/amphibium\/wp-content\/uploads\/img_20190510_193723-281463268.jpg?w=1875&amp;ssl=1 1875w\" width=\"308\" height=\"411\" loading=\"lazy\" data-original-width=\"308\" data-original-height=\"411\" itemprop=\"http:\/\/schema.org\/image\" title=\"img_20190510_193723-281463268.jpg\" alt=\"Farbauftrag zum Finish, Kerben in Kontrastfarbe - fertig\" style=\"width: 308px; height: 411px;\" \/> <\/a> <div class=\"tiled-gallery-caption\" itemprop=\"caption description\"> Farbauftrag zum Finish, Kerben in Kontrastfarbe &#8211; fertig <\/div> <\/div> <\/div> <!-- close group --> <\/div> <!-- close row --> <\/div>\n<p class=\"p1\">Um als Kampfstab zu dienen, muss also der Wanderstock aus einem guten Hartholz sein, das gleichwohl nicht zu spr\u00f6de ist, also \u00fcber eine gewisse Elastizit\u00e4t verf\u00fcgt und Belastungen ausfedern kann. Gerne also Eiche, Esche, Kirsche, Haselnuss\u2026 Diese H\u00f6lzer sind in borealen W\u00e4ldern meist leicht zu finden; das kommt der spontanen Anfertigung in einer potenziellen Kampf- oder \u00dcberlebenssituation entgegen.<\/p>\n<p class=\"p1\">Also Wander- und Kampfstock in \u00dcbereinstimmung zu bringen, ist keine Raketenwissenschaft. Und zur F\u00e4hrtensuche braucht es nur Kerben in 10-cm-Abst\u00e4nden, um Trittsiegel, Spurgruppen und \u2013breiten ausmessen und damit besser beurteilen zu k\u00f6nnen. Die Kerben kann man leicht mit Hilfe von Messer und Zollstock in den Stock schnitzen; da der Stab in etwa so hoch wie die eigene Achselh\u00f6hle (aber nicht allzuweit \u00fcber die eigene Schulterh\u00f6he) gehen sollte, sollte es kein Problem sein, ein 150cm-Ma\u00df darauf unterzubringen.<\/p>\n<h3>Hilfreich beim F\u00e4hrtenlesen<\/h3>\n<p class=\"p1\">Mit der Markierung kann man Anschluss-Trittsiegel finden, wenn sich eine F\u00e4hrte im Nichts aufzul\u00f6sen scheint bzw. wenn kein deutlicher Hinweis vorhanden ist, wohin sich das Tier gewendet haben mag. Ob man das macht, weil man einen Bewohner der Wildnis als Naturfreund verfolgt oder jagend in einer \u00dcberlebenssituation, lasse ich dahingestellt. Der versierte Wildnisl\u00e4ufer hat ohnehin noch einen kleinen Zollstock zur Pr\u00e4zisionsmessung im Gep\u00e4ck.<\/p>\n<p class=\"p1\">Beim Wandern wie dem Spurenlesen kann es dazu kommen, dass man sich auf Trampelpfade und Wildwechsel begibt \u2013 hier hilft der Stab dabei, Str\u00e4ucher beiseite zu schieben, vor allem, wenn es sich um Rankgew\u00e4chse und Dornengestr\u00fcpp handelt. Auch kann sich der \u00e4ltere Mensch hochstemmen, wenn er beim n\u00e4heren Betrachten einer F\u00e4hrte l\u00e4ngere Zeit gekniet hat&#8230;<\/p>\n<h3>Stab zum Stochern, Stemmen, St\u00fctzen<\/h3>\n<p class=\"p1\">Mit dem F\u00e4hrtenwanderstab kann man au\u00dferdem die Tiefe einer Pf\u00fctze oder eines Baches messen, sich darauf st\u00fctzen bei Durchquerung eines Baches oder flachen Flusses und man kann sich darauf stemmen, wenn man sich \u00fcber eine F\u00e4hrte beugt. Beispielsweise nah am Rand eines Baches oder bei einem steil abfallenden Hang. Oder in Losung oder in einen Bau stochern, ein vermeintlich totes Tier aus sicherer Distanz ber\u00fchren (lebt es vielleicht doch noch?) bzw. wenden oder umdrehen\u2026<\/p>\n<p class=\"p1\">Die Speer-Funktion ist ein <i>nice-to-have<\/i>, kein <i>must<\/i>. \u00dcblicherweise ist beim Wanderstab ein Ende abgerundet, so dass man sich Draufst\u00fctzen kann. Beim F\u00e4hrtenwanderkampfstabspeer aber wird dieses zugespitzt, das Holz in Feuerglut geh\u00e4rtet und gegebenenfalls eine Pfeilspitze (im Bogensportgesch\u00e4ft erh\u00e4ltlich) draufgesetzt. Damit potenziert man seine M\u00f6glichkeit, sich gegen aggressive Tiere zu wehren.<\/p>\n<h3>Stabilit\u00e4t und Elastizit\u00e4t<\/h3>\n<p class=\"p1\">F\u00fcr den Jagdwurf darf der Speer nicht zu schwer sein, f\u00fcrs Stemmen und St\u00fctzen nicht zu leicht. Die Arbeit liegt also darin, einen Stecken zu finden, der nicht zu dick, nicht zu d\u00fcnn ist; der elastisch ist, aber nicht zu biegsam. Den man leicht tragen und werfen kann, aber der dennoch stabil genug f\u00fcr Parier- und Blockadetechniken beim Kampf ist.<\/p>\n<p class=\"p1\">Er kann also keinesfalls so leicht, d\u00fcnn und kurz wie die Speere der <i>Bushmen<\/i> in der Kalahari sein \u2013 denen dient er nach erfolgreicher Ausdauerjagd, d.h., nachdem die Jagdbeute aus Ersch\u00f6pfung kollabiert ist \u2013 nur zum Fangsto\u00df in der gef\u00e4hrlichen Nahdistanz (im Todeskampf vermag etwa ein Kudu mit seinem Geweih noch schwere Verletzungen hervorzurufen).<\/p>\n<h3>Abwehr aggressiver Tiere<\/h3>\n<p class=\"p1\">K\u00fche auf Stra\u00dfen und Wegen, wie etwa in den Pyren\u00e4en, kann man mit nahezu jeder Art Stecken nach Art von Bauer &amp; B\u00e4uerin auf die Seite treiben. Aggressive Tiere auf Wanderungen freilich wird man eher in streunenden, verwilderten Hunden sehen (die meisten Dorfk\u00f6ter S\u00fcd- und S\u00fcdosteuropas geben schon Fersengeld, wenn man sich nach einem Stein nur b\u00fcckt, geschweige denn wirft). Auch k\u00f6nnen tollw\u00fctige Tiere ein Problem darstellen \u2013 Distanz herzustellen, ist da das beste Mittel.<\/p>\n<p class=\"p1\">Die Speerspitze ist dabei keineswegs dazu gedacht, ein Tier zu t\u00f6ten, sondern nur den Schmerzreiz zu erh\u00f6hen \u2013 letztlich soll im Bewusstsein des Tieres der Eindruck entstehen, dass da jemand zur\u00fcckbeisst\u2026 ich w\u00fcrde es freilich immer bevorzugen, zuerst mit St\u00f6\u00dfen oder Schl\u00e4gen mit dem stumpfen Ende ein Tier zum Zur\u00fcckweichen zu bewegen.<\/p>\n<div class=\"tiled-gallery type-rectangular tiled-gallery-unresized\" data-original-width=\"625\" data-carousel-extra='{&quot;blog_id&quot;:1,&quot;permalink&quot;:&quot;https:\\\/\\\/www.bechmann.org\\\/amphibium\\\/der-fhrtenwanderkampfstabspeer\\\/&quot;,&quot;likes_blog_id&quot;:68534324}' itemscope itemtype=\"http:\/\/schema.org\/ImageGallery\" > <div class=\"gallery-row\" style=\"width: 625px; height: 210px;\" data-original-width=\"625\" data-original-height=\"210\" > <div class=\"gallery-group images-1\" style=\"width: 313px; height: 210px;\" data-original-width=\"313\" data-original-height=\"210\" > <div class=\"tiled-gallery-item tiled-gallery-item-large\" itemprop=\"associatedMedia\" itemscope itemtype=\"http:\/\/schema.org\/ImageObject\"> <a href=\"https:\/\/www.bechmann.org\/amphibium\/dsc05045-1\/\" border=\"0\" itemprop=\"url\"> <meta itemprop=\"width\" content=\"309\"> <meta itemprop=\"height\" content=\"206\"> <img decoding=\"async\" class=\"\" data-attachment-id=\"4157\" data-orig-file=\"https:\/\/www.bechmann.org\/amphibium\/wp-content\/uploads\/DSC05045-1.jpg\" data-orig-size=\"750,500\" data-comments-opened=\"\" data-image-meta=\"{&quot;aperture&quot;:&quot;0&quot;,&quot;credit&quot;:&quot;&quot;,&quot;camera&quot;:&quot;&quot;,&quot;caption&quot;:&quot;&quot;,&quot;created_timestamp&quot;:&quot;0&quot;,&quot;copyright&quot;:&quot;Beate Bechmann&quot;,&quot;focal_length&quot;:&quot;0&quot;,&quot;iso&quot;:&quot;0&quot;,&quot;shutter_speed&quot;:&quot;0&quot;,&quot;title&quot;:&quot;&quot;,&quot;orientation&quot;:&quot;0&quot;}\" data-image-title=\"DSC05045 (1)\" data-image-description=\"\" data-medium-file=\"https:\/\/i0.wp.com\/www.bechmann.org\/amphibium\/wp-content\/uploads\/DSC05045-1.jpg?fit=300%2C200&#038;ssl=1\" data-large-file=\"https:\/\/i0.wp.com\/www.bechmann.org\/amphibium\/wp-content\/uploads\/DSC05045-1.jpg?fit=625%2C417&#038;ssl=1\" src=\"https:\/\/i0.wp.com\/www.bechmann.org\/amphibium\/wp-content\/uploads\/DSC05045-1.jpg?w=309&#038;h=206&#038;ssl=1\" srcset=\"https:\/\/i0.wp.com\/www.bechmann.org\/amphibium\/wp-content\/uploads\/DSC05045-1.jpg?w=750&amp;ssl=1 750w, https:\/\/i0.wp.com\/www.bechmann.org\/amphibium\/wp-content\/uploads\/DSC05045-1.jpg?resize=300%2C200&amp;ssl=1 300w, https:\/\/i0.wp.com\/www.bechmann.org\/amphibium\/wp-content\/uploads\/DSC05045-1.jpg?resize=624%2C416&amp;ssl=1 624w\" width=\"309\" height=\"206\" loading=\"lazy\" data-original-width=\"309\" data-original-height=\"206\" itemprop=\"http:\/\/schema.org\/image\" title=\"DSC05045 (1)\" alt=\"Beim Speer-...\" style=\"width: 309px; height: 206px;\" \/> <\/a> <div class=\"tiled-gallery-caption\" itemprop=\"caption description\"> Beim Speer-&#8230; <\/div> <\/div> <\/div> <!-- close group --> <div class=\"gallery-group images-1\" style=\"width: 312px; height: 210px;\" data-original-width=\"312\" data-original-height=\"210\" > <div class=\"tiled-gallery-item tiled-gallery-item-large\" itemprop=\"associatedMedia\" itemscope itemtype=\"http:\/\/schema.org\/ImageObject\"> <a href=\"https:\/\/www.bechmann.org\/amphibium\/dsc05046-1\/\" border=\"0\" itemprop=\"url\"> <meta itemprop=\"width\" content=\"308\"> <meta itemprop=\"height\" content=\"206\"> <img decoding=\"async\" class=\"\" data-attachment-id=\"4158\" data-orig-file=\"https:\/\/www.bechmann.org\/amphibium\/wp-content\/uploads\/DSC05046-1.jpg\" data-orig-size=\"750,500\" data-comments-opened=\"\" data-image-meta=\"{&quot;aperture&quot;:&quot;0&quot;,&quot;credit&quot;:&quot;&quot;,&quot;camera&quot;:&quot;&quot;,&quot;caption&quot;:&quot;&quot;,&quot;created_timestamp&quot;:&quot;0&quot;,&quot;copyright&quot;:&quot;Beate Bechmann&quot;,&quot;focal_length&quot;:&quot;0&quot;,&quot;iso&quot;:&quot;0&quot;,&quot;shutter_speed&quot;:&quot;0&quot;,&quot;title&quot;:&quot;&quot;,&quot;orientation&quot;:&quot;0&quot;}\" data-image-title=\"DSC05046 (1)\" data-image-description=\"\" data-medium-file=\"https:\/\/i0.wp.com\/www.bechmann.org\/amphibium\/wp-content\/uploads\/DSC05046-1.jpg?fit=300%2C200&#038;ssl=1\" data-large-file=\"https:\/\/i0.wp.com\/www.bechmann.org\/amphibium\/wp-content\/uploads\/DSC05046-1.jpg?fit=625%2C417&#038;ssl=1\" src=\"https:\/\/i0.wp.com\/www.bechmann.org\/amphibium\/wp-content\/uploads\/DSC05046-1.jpg?w=308&#038;h=206&#038;ssl=1\" srcset=\"https:\/\/i0.wp.com\/www.bechmann.org\/amphibium\/wp-content\/uploads\/DSC05046-1.jpg?w=750&amp;ssl=1 750w, https:\/\/i0.wp.com\/www.bechmann.org\/amphibium\/wp-content\/uploads\/DSC05046-1.jpg?resize=300%2C200&amp;ssl=1 300w, https:\/\/i0.wp.com\/www.bechmann.org\/amphibium\/wp-content\/uploads\/DSC05046-1.jpg?resize=624%2C416&amp;ssl=1 624w\" width=\"308\" height=\"206\" loading=\"lazy\" data-original-width=\"308\" data-original-height=\"206\" itemprop=\"http:\/\/schema.org\/image\" title=\"DSC05046 (1)\" alt=\"...oder Regen-Tanz?\" style=\"width: 308px; height: 206px;\" \/> <\/a> <div class=\"tiled-gallery-caption\" itemprop=\"caption description\"> &#8230;oder Regen-Tanz? <\/div> <\/div> <\/div> <!-- close group --> <\/div> <!-- close row --> <\/div>\n<p class=\"p1\">Je nach eigenem Gutd\u00fcnken kann man die Schwerpunkte anders setzen &#8211; auf die Speerfunktion verzichten, daf\u00fcr mehr Stabilit\u00e4t als Wanderstab etwa. F\u00fcr mich aber z\u00e4hlt die Allround-Funktion &#8211; der F\u00e4hrtenwanderkampfstabspeer soll ebenso gut darin sein, unter einem Stein nach Skorpionen oder Schlangen, in einem Eingang eines Dachsbaues zu stochern, wie einen satten Wurf mit genug Aufprallwucht zu erm\u00f6glichen, als Parierstange stabil genug sein&#8230;<\/p>\n<p class=\"p1\">Materiell ist klar, wozu der Mehrzweckstab dient; aber es gibt auch eine mentale Seite: Symbolisch ist der F\u00e4hrtenwanderkampfstabspeer ein Ausdruck von Selbstvertrauen &amp; Selbstsicherheit, Wildniskraft &amp; Wehrhaftigkeit. Emotional vermag er an unsere archaischen Instinkte ankoppeln \u2013 das Gef\u00fchl und die Naturverbindung des Steinzeit-J\u00e4gers und \u2013Sammlers: umtriebig und achtsam auf der Jagd wie auf der Hut. Im Sinne des<a href=\"https:\/\/www.bechmann.org\/amphibium\/was-ist-coyote-mentoring\/\"><i> Coyote Mentoring<\/i><\/a> bedeutet der Stab, ein St\u00fcck Wildnis zu leben.<\/p>\n","protected":false},"excerpt":{"rendered":"<p>Was ist denn ein F\u00e4hrtenwanderkampfstabspeer? Nun, ein Wanderstab, der auch dazu dienen kann, sich zu verteidigen \u2013 sei es gegen Menschen, sei es gegen Tiere \u2013 und der bei der F\u00e4hrtensuche behilflich ist. Und obendrein eine Speerspitze, genauer: Pfeilspitze, tr\u00e4gt. Um all diese Funktionen m\u00f6glich zu machen, bedarf es nat\u00fcrlich der Kompromisse. Der F\u00e4hrtenwanderkampfstabspeer kann [&hellip;]<\/p>\n","protected":false},"author":1,"featured_media":0,"comment_status":"closed","ping_status":"closed","sticky":false,"template":"","format":"standard","meta":{"jetpack_post_was_ever_published":false,"_jetpack_newsletter_access":"","_jetpack_dont_email_post_to_subs":false,"_jetpack_newsletter_tier_id":0,"_jetpack_memberships_contains_paywalled_content":false,"_jetpack_memberships_contains_paid_content":false,"footnotes":"","jetpack_publicize_message":"","jetpack_publicize_feature_enabled":true,"jetpack_social_post_already_shared":true,"jetpack_social_options":{"image_generator_settings":{"template":"highway","default_image_id":0,"font":"","enabled":false},"version":2}},"categories":[32,2,786],"tags":[339,557,560,561,341,558,559],"class_list":["post-4117","post","type-post","status-publish","format-standard","hentry","category-ausruestung","category-land","category-wildniswissen","tag-faehrten","tag-faehrtenkampfwanderstabspeer","tag-kampfstab","tag-speer","tag-tracking","tag-trittsiegel","tag-wanderstab"],"jetpack_publicize_connections":[],"jetpack_featured_media_url":"","jetpack_shortlink":"https:\/\/wp.me\/p4DyUk-14p","jetpack-related-posts":[{"id":2204,"url":"https:\/\/www.bechmann.org\/amphibium\/coyote-mentoring-pflanzen-heilige-jagd\/","url_meta":{"origin":4117,"position":0},"title":"Coyote Mentoring:  Pflanzen &#038; Heilige Jagd","author":"Oliver","date":"26. Juni 2017","format":false,"excerpt":"Der Wandspruch ist in der Jugendherberge Hoherodskopf im Eingangsbereich zu lesen - und k\u00f6nnte es ein besseres Motto f\u00fcr die Ausbildung zum Wildnisp\u00e4dagogen geben, die Beate und ich derzeit durchlaufen? Zum dritten Modul haben sich die rund zwei Dutzend Teilnehmer, ganz \u00fcberwiegend im Rhein-Main-Gebiet ans\u00e4ssig, am vergangenen Freitag auf der\u2026","rel":"","context":"In &quot;Coyote Mentoring&quot;","block_context":{"text":"Coyote Mentoring","link":"https:\/\/www.bechmann.org\/amphibium\/category\/coyote-mentoring\/"},"img":{"alt_text":"","src":"https:\/\/i0.wp.com\/www.bechmann.org\/amphibium\/wp-content\/uploads\/PSX_20170623_232207-225x300.jpg?resize=350%2C200","width":350,"height":200},"classes":[]},{"id":4059,"url":"https:\/\/www.bechmann.org\/amphibium\/der-ruhige-fluss-des-lebens\/","url_meta":{"origin":4117,"position":1},"title":"Der ruhige Fluss des Lebens","author":"Oliver","date":"6. April 2019","format":false,"excerpt":"Es spricht viel daf\u00fcr, sich von fernen und fremden Kulturen beeinflussen, inspirieren, motivieren zu lassen, sich ihnen zuzuwenden, und mit den eigenen lokalen und regionalen Traditionen zu vergleichen. Dies kann sehr bereichernd sein. Wohl kaum ein gro\u00dfer Denker, der nicht dazu animiert h\u00e4tte, \u00fcber den eigenen Tellerrand hinaus zu schauen.Manchmal\u2026","rel":"","context":"In &quot;Achtsamkeit&quot;","block_context":{"text":"Achtsamkeit","link":"https:\/\/www.bechmann.org\/amphibium\/category\/achtsamkeit\/"},"img":{"alt_text":"esp-por-2018-1062","src":"https:\/\/i0.wp.com\/www.bechmann.org\/amphibium\/wp-content\/uploads\/esp-por-2018-1062_thumb.jpg?resize=350%2C200&ssl=1","width":350,"height":200,"srcset":"https:\/\/i0.wp.com\/www.bechmann.org\/amphibium\/wp-content\/uploads\/esp-por-2018-1062_thumb.jpg?resize=350%2C200&ssl=1 1x, https:\/\/i0.wp.com\/www.bechmann.org\/amphibium\/wp-content\/uploads\/esp-por-2018-1062_thumb.jpg?resize=525%2C300&ssl=1 1.5x, https:\/\/i0.wp.com\/www.bechmann.org\/amphibium\/wp-content\/uploads\/esp-por-2018-1062_thumb.jpg?resize=700%2C400&ssl=1 2x"},"classes":[]},{"id":4486,"url":"https:\/\/www.bechmann.org\/amphibium\/unimog-das-ende-einer-freundschaft\/","url_meta":{"origin":4117,"position":2},"title":"Unimog: das Ende einer Freundschaft?","author":"Oliver","date":"25. August 2019","format":false,"excerpt":"Gr\u00fcner Unimog bei Fluss-Durchfahrt in Marokko... \u201cMal sehen, ob er dieses Mal mehr als 50 Kilometer weit kommt\u201d, habe ich zum Werkstattmeister frotzelnd gesagt. H\u00e4tte ich wohl nicht tun sollen: Das Schicksal erweist sich ob solcher Unbotm\u00e4\u00dfigkeit als ungn\u00e4dig und f\u00fchrt ein heftiges Krachen herbei. Ein Krachen, von dem sp\u00e4ter\u2026","rel":"","context":"In &quot;Achtsamkeit&quot;","block_context":{"text":"Achtsamkeit","link":"https:\/\/www.bechmann.org\/amphibium\/category\/achtsamkeit\/"},"img":{"alt_text":"Zeltplatz mit H\u00e4ngematte","src":"https:\/\/i0.wp.com\/www.bechmann.org\/amphibium\/wp-content\/uploads\/IMG_20190817_140614-scaled.jpg?resize=350%2C200","width":350,"height":200,"srcset":"https:\/\/i0.wp.com\/www.bechmann.org\/amphibium\/wp-content\/uploads\/IMG_20190817_140614-scaled.jpg?resize=350%2C200 1x, https:\/\/i0.wp.com\/www.bechmann.org\/amphibium\/wp-content\/uploads\/IMG_20190817_140614-scaled.jpg?resize=525%2C300 1.5x, https:\/\/i0.wp.com\/www.bechmann.org\/amphibium\/wp-content\/uploads\/IMG_20190817_140614-scaled.jpg?resize=700%2C400 2x, https:\/\/i0.wp.com\/www.bechmann.org\/amphibium\/wp-content\/uploads\/IMG_20190817_140614-scaled.jpg?resize=1050%2C600 3x, https:\/\/i0.wp.com\/www.bechmann.org\/amphibium\/wp-content\/uploads\/IMG_20190817_140614-scaled.jpg?resize=1400%2C800 4x"},"classes":[]},{"id":10135,"url":"https:\/\/www.bechmann.org\/amphibium\/klima-kollaps-bloom-statt-doom-pt-v\/","url_meta":{"origin":4117,"position":3},"title":"Wie man im Klima-Kollaps bl\u00fcht statt gl\u00fcht &#8211; Teil V","author":"Oliver","date":"10. Februar 2026","format":false,"excerpt":"Resilienz besteht nicht nur in physischer und mentaler Widerstandsf\u00e4higkeit, gar \"Militanz\". Zur Klimakollaps-Resilienz z\u00e4hlt auch eine \"spirituelle\" Komponente. Der Journalist Ben Sherwood hat 2009 ein Buch namens \"The Survivor's Club\" herausgebracht, in dem er eine Vielzahl von \u00dcberlebenden von F\u00e4hr-, Flugzeug-, Verkehrs- und anderen haarstr\u00e4ubenden Unf\u00e4llen, brutalsten Gewalttaten, Krankheiten etc.\u2026","rel":"","context":"In &quot;Philosophie&quot;","block_context":{"text":"Philosophie","link":"https:\/\/www.bechmann.org\/amphibium\/category\/philosophie\/"},"img":{"alt_text":"","src":"https:\/\/i0.wp.com\/www.bechmann.org\/amphibium\/wp-content\/uploads\/20251028_125848.webp?fit=1200%2C900&ssl=1&resize=350%2C200","width":350,"height":200,"srcset":"https:\/\/i0.wp.com\/www.bechmann.org\/amphibium\/wp-content\/uploads\/20251028_125848.webp?fit=1200%2C900&ssl=1&resize=350%2C200 1x, https:\/\/i0.wp.com\/www.bechmann.org\/amphibium\/wp-content\/uploads\/20251028_125848.webp?fit=1200%2C900&ssl=1&resize=525%2C300 1.5x, https:\/\/i0.wp.com\/www.bechmann.org\/amphibium\/wp-content\/uploads\/20251028_125848.webp?fit=1200%2C900&ssl=1&resize=700%2C400 2x, https:\/\/i0.wp.com\/www.bechmann.org\/amphibium\/wp-content\/uploads\/20251028_125848.webp?fit=1200%2C900&ssl=1&resize=1050%2C600 3x"},"classes":[]},{"id":7811,"url":"https:\/\/www.bechmann.org\/amphibium\/suedafrika-iv-iv-kalahari-erdmaennchen-am-zaun\/","url_meta":{"origin":4117,"position":4},"title":"S\u00fcdafrika IV\/IV: Kalahari &#8211; Erdm\u00e4nnchen am Zaun","author":"Oliver","date":"24. Februar 2023","format":false,"excerpt":"Und dann bekamen wir in Mata-Mata Besuch von einem possierlichen kleinen Kerl - der sich in den Zaun wie an einen Bartresen hing... ein Erdm\u00e4nnchen, so lautet die Bezeichnung des Tieres im Deutschen, in S\u00fcdafrika nennt man es auch Suricat. Der Afrikaans-Name lautet \u201eMeerkat\", sie geh\u00f6ren aber nicht zur Primatengattung\u2026","rel":"","context":"In &quot;Land&quot;","block_context":{"text":"Land","link":"https:\/\/www.bechmann.org\/amphibium\/category\/land\/"},"img":{"alt_text":"","src":"https:\/\/i0.wp.com\/www.bechmann.org\/amphibium\/wp-content\/uploads\/batch_DSC01947.jpg?resize=350%2C200&ssl=1","width":350,"height":200,"srcset":"https:\/\/i0.wp.com\/www.bechmann.org\/amphibium\/wp-content\/uploads\/batch_DSC01947.jpg?resize=350%2C200&ssl=1 1x, https:\/\/i0.wp.com\/www.bechmann.org\/amphibium\/wp-content\/uploads\/batch_DSC01947.jpg?resize=525%2C300&ssl=1 1.5x, https:\/\/i0.wp.com\/www.bechmann.org\/amphibium\/wp-content\/uploads\/batch_DSC01947.jpg?resize=700%2C400&ssl=1 2x, https:\/\/i0.wp.com\/www.bechmann.org\/amphibium\/wp-content\/uploads\/batch_DSC01947.jpg?resize=1050%2C600&ssl=1 3x, https:\/\/i0.wp.com\/www.bechmann.org\/amphibium\/wp-content\/uploads\/batch_DSC01947.jpg?resize=1400%2C800&ssl=1 4x"},"classes":[]},{"id":9216,"url":"https:\/\/www.bechmann.org\/amphibium\/suedafrika-vii-xii-allein-im-loewen-land\/","url_meta":{"origin":4117,"position":5},"title":"Allein im L\u00f6wen-Land","author":"Oliver","date":"18. November 2024","format":false,"excerpt":"Den Karoo National Park durchf\u00e4hrt man im Wesentlichen auf zwei Rundkursen: Einer davon verl\u00e4uft h\u00e4lftig auf Asphalt bzw. Schotterpiste und ist sehr gut auch mit normalen Stra\u00dfen-Pkw zu bew\u00e4ltigen. Zum Klipspringer Pass geht es sogar vollst\u00e4ndig auf Teer rauf und runter. Unterwegs l\u00e4dt eine zaunbewehrte Picknick-Site zur Pause ein, sowie\u2026","rel":"","context":"In &quot;Land&quot;","block_context":{"text":"Land","link":"https:\/\/www.bechmann.org\/amphibium\/category\/land\/"},"img":{"alt_text":"","src":"https:\/\/i0.wp.com\/www.bechmann.org\/amphibium\/wp-content\/uploads\/damph__23.jpg?resize=350%2C200&ssl=1","width":350,"height":200,"srcset":"https:\/\/i0.wp.com\/www.bechmann.org\/amphibium\/wp-content\/uploads\/damph__23.jpg?resize=350%2C200&ssl=1 1x, https:\/\/i0.wp.com\/www.bechmann.org\/amphibium\/wp-content\/uploads\/damph__23.jpg?resize=525%2C300&ssl=1 1.5x, https:\/\/i0.wp.com\/www.bechmann.org\/amphibium\/wp-content\/uploads\/damph__23.jpg?resize=700%2C400&ssl=1 2x, https:\/\/i0.wp.com\/www.bechmann.org\/amphibium\/wp-content\/uploads\/damph__23.jpg?resize=1050%2C600&ssl=1 3x, https:\/\/i0.wp.com\/www.bechmann.org\/amphibium\/wp-content\/uploads\/damph__23.jpg?resize=1400%2C800&ssl=1 4x"},"classes":[]}],"jetpack_sharing_enabled":true,"_links":{"self":[{"href":"https:\/\/www.bechmann.org\/amphibium\/wp-json\/wp\/v2\/posts\/4117","targetHints":{"allow":["GET"]}}],"collection":[{"href":"https:\/\/www.bechmann.org\/amphibium\/wp-json\/wp\/v2\/posts"}],"about":[{"href":"https:\/\/www.bechmann.org\/amphibium\/wp-json\/wp\/v2\/types\/post"}],"author":[{"embeddable":true,"href":"https:\/\/www.bechmann.org\/amphibium\/wp-json\/wp\/v2\/users\/1"}],"replies":[{"embeddable":true,"href":"https:\/\/www.bechmann.org\/amphibium\/wp-json\/wp\/v2\/comments?post=4117"}],"version-history":[{"count":11,"href":"https:\/\/www.bechmann.org\/amphibium\/wp-json\/wp\/v2\/posts\/4117\/revisions"}],"predecessor-version":[{"id":4902,"href":"https:\/\/www.bechmann.org\/amphibium\/wp-json\/wp\/v2\/posts\/4117\/revisions\/4902"}],"wp:attachment":[{"href":"https:\/\/www.bechmann.org\/amphibium\/wp-json\/wp\/v2\/media?parent=4117"}],"wp:term":[{"taxonomy":"category","embeddable":true,"href":"https:\/\/www.bechmann.org\/amphibium\/wp-json\/wp\/v2\/categories?post=4117"},{"taxonomy":"post_tag","embeddable":true,"href":"https:\/\/www.bechmann.org\/amphibium\/wp-json\/wp\/v2\/tags?post=4117"}],"curies":[{"name":"wp","href":"https:\/\/api.w.org\/{rel}","templated":true}]}}