{"id":4066,"date":"2019-04-27T09:25:49","date_gmt":"2019-04-27T07:25:49","guid":{"rendered":"https:\/\/www.bechmann.org\/amphibium\/?p=4066"},"modified":"2024-04-30T11:38:17","modified_gmt":"2024-04-30T09:38:17","slug":"musik-in-meinen-ohren","status":"publish","type":"post","link":"https:\/\/www.bechmann.org\/amphibium\/musik-in-meinen-ohren\/","title":{"rendered":"Musik in meinen Ohren"},"content":{"rendered":"<p><a href=\"https:\/\/i0.wp.com\/www.bechmann.org\/amphibium\/wp-content\/uploads\/esp-por-2018-948-1.jpg?ssl=1\"><img data-recalc-dims=\"1\" loading=\"lazy\" decoding=\"async\" title=\"esp-por-2018-948\" style=\"display: inline; background-image: none;\" alt=\"esp-por-2018-948\" src=\"https:\/\/i0.wp.com\/www.bechmann.org\/amphibium\/wp-content\/uploads\/esp-por-2018-948_thumb.jpg?resize=625%2C418&#038;ssl=1\" width=\"625\" height=\"418\" border=\"0\"><\/a><\/p>\n<p><a href=\"https:\/\/www.bechmann.org\/amphibium\/wp-content\/uploads\/esp-por-2018-948-1.jpg\"><br \/>\n<\/a>Ist es nicht einsam, wenn man so alleine unterwegs ist?<\/p>\n<p>Wieso alleine? Da sind die V\u00f6gel, da ist der Wind, da ist der Regen. Da ist Vater Sonne. Es gibt Mutter Erde\u2026<\/p>\n<p><span style=\"font-size: small;\">(die uns Menschen aus-h\u00e4lt, bis ihre Fiebertemperatur weiter steigt; dann wird sie den Schleim ausrotzen, sich ein wenig hinlegen und erholen)<\/span><\/p>\n<p>\u2026 es gibt das Zirpen der Grillen, es gibt die Rufe der Eichelh\u00e4her, der K\u00e4uze. Es gibt das Meer, die Wellen, die Brandung, die Gischt. Das Bellen der Rehe, das Grummeln der Kudus. Das Rauschen der Schwingen eines Geiers, das lautlose Fliegen einer Eule.<\/p>\n<p>Wie mag man da alleine sein?<\/p>\n<h3>Natur-Musik statt Kunst-Musik<\/h3>\n<p>Ich ziehe die Ger\u00e4usche der Natur immer und \u00fcberall k\u00fcnstlich generierten Ger\u00e4uschen, von Menschen erzeugten Ger\u00e4uschen vor. Auch den \u00e4sthetischen und kultivierten Klangerzeugnissen von Menschen, etwa Musik.<\/p>\n<p>So sch\u00f6n, anregend oder entspannend Musik auch sein mag, egal welcher Stils, egal welcher Art, so ist sie doch niemals so eindrucksvoll und faszinierend wie die Ger\u00e4usche der Natur. Und das wichtigste und sch\u00f6nste Ger\u00e4usch der Natur mag die Stille sein \u2013 besonders in der W\u00fcste.<\/p>\n<p><!--more--><\/p>\n<p><a href=\"https:\/\/i0.wp.com\/www.bechmann.org\/amphibium\/wp-content\/uploads\/wueste-1.jpg?ssl=1\"><img data-recalc-dims=\"1\" loading=\"lazy\" decoding=\"async\" title=\"wueste-1\" style=\"display: inline; background-image: none;\" alt=\"wueste-1\" src=\"https:\/\/i0.wp.com\/www.bechmann.org\/amphibium\/wp-content\/uploads\/wueste-1_thumb.jpg?resize=625%2C418&#038;ssl=1\" width=\"625\" height=\"418\" border=\"0\"><\/a><\/p>\n<p>Unvergesslich, als bei einer Tour mit einer Reise-Gruppe nach Abstellen der dr\u00f6hnenden Lkw-Motoren in der marokkanischen W\u00fcste und dem Eintreten der Stille kurze Zeit sp\u00e4ter aus einem Fahrzeug Schweizer Alpenjodler-Gedudel un\u00fcberh\u00f6rbar erklang&#8230;<\/p>\n<p>Ich h\u00f6re &#8211; wenn ich alleine unterwegs bin &#8211; abends im Bett oder vor dem Kaminfeuer Podcasts oder H\u00f6rb\u00fccher; das ist so, wie wenn mir jemand ein Buch vorliest. Dagegen ist nichts einzuwenden, dadurch lerne ich etwas. Das ist etwas anderes als einfach nur Musik- oder Radio-Ger\u00e4usche bei irgendeiner T\u00e4tigkeit vorbei-pl\u00e4tschern oder -plappern zuh\u00f6ren. Nur, wenn Zivilisations-Ger\u00e4usche aus Menschenhand und -mund gar zu l\u00e4stig und aufdringlich sind, lege ich Musik auf &#8211; um sie zu \u00fcbert\u00f6nen.<\/p>\n<h3>Flederm\u00e4use und Flussdelphine<\/h3>\n<p>Generell gibt es gen\u00fcgend Hinweise darauf, dass wir als menschliche Augentiere unseren H\u00f6rsinn (wie die restlichen auch) haben verk\u00fcmmern lassen\u2026 dass der H\u00f6rsinn eine viel bedeutendere Rolle spielen k\u00f6nnte und in der Evolution auch hat. Mit den Ohren sehen \u2013 das k\u00f6nnen Flederm\u00e4use und Flussdelphine; die Menschen nicht (mehr). Vielleicht w\u00fcrde es schon helfen, wenn wir unsere Klang-Quellen sorgf\u00e4ltiger aussuchen oder ab und zu die Augen schlie\u00dfen und nur h\u00f6ren w\u00fcrden.<\/p>\n<p>Wer sich f\u00fcr seinen H\u00f6r-Sinn und dessen m\u00f6gliche Entwicklung interessiert: Der im Jahre 2000 verstorbene Jazzredakteur <a href=\"https:\/\/de.wikipedia.org\/wiki\/Joachim-Ernst_Berendt\" target=\"_blank\" rel=\"noopener noreferrer\">Joachim-Ernst Berendt<\/a>, 40 Jahre beim damaligen S\u00fcdwestfunk, hat u.a. Radiosendungen zum Ohr und zum H\u00f6ren produziert. Darunter eine zweiteilige Sendung mit dem Titel \u201cMuscheln in meinem Ohr\u201d \u2013 heutzutage als CD-Set erh\u00e4ltlich, bei den bekannten Online-H\u00e4ndler leicht nach der entsprechenden Stichwortsuche zu finden <a href=\"https:\/\/web.archive.org\/web\/20151208075341\/http:\/\/www.auditorium-netzwerk.de\/AutorInnen\/A-B-C\/Berendt-Joachim-Ernst\/Berendt-Joachim-Ernst-Die-Welt-ist-Klang-Vom-Hoeren-der-Welt-Muscheln-in-meinem-Ohr::1974.html\" target=\"_blank\" rel=\"noopener noreferrer\">oder hier klicken\u2026<\/a><\/p>\n","protected":false},"excerpt":{"rendered":"<p>Ist es nicht einsam, wenn man so alleine unterwegs ist? Wieso alleine? Da sind die V\u00f6gel, da ist der Wind, da ist der Regen. Da ist Vater Sonne. Es gibt Mutter Erde\u2026 (die uns Menschen aus-h\u00e4lt, bis ihre Fiebertemperatur weiter steigt; dann wird sie den Schleim ausrotzen, sich ein wenig hinlegen und erholen) \u2026 es [&hellip;]<\/p>\n","protected":false},"author":1,"featured_media":0,"comment_status":"closed","ping_status":"closed","sticky":false,"template":"","format":"standard","meta":{"jetpack_post_was_ever_published":false,"_jetpack_newsletter_access":"","_jetpack_dont_email_post_to_subs":false,"_jetpack_newsletter_tier_id":0,"_jetpack_memberships_contains_paywalled_content":false,"_jetpack_memberships_contains_paid_content":false,"footnotes":"","jetpack_publicize_message":"","jetpack_publicize_feature_enabled":true,"jetpack_social_post_already_shared":true,"jetpack_social_options":{"image_generator_settings":{"template":"highway","default_image_id":0,"font":"","enabled":false},"version":2}},"categories":[468,437],"tags":[556],"class_list":["post-4066","post","type-post","status-publish","format-standard","hentry","category-achtsamkeit","category-alltag-unterwegs","tag-joachim-ernst-behrendt"],"jetpack_publicize_connections":[],"jetpack_featured_media_url":"","jetpack_shortlink":"https:\/\/wp.me\/p4DyUk-13A","jetpack-related-posts":[{"id":9216,"url":"https:\/\/www.bechmann.org\/amphibium\/suedafrika-vii-xii-allein-im-loewen-land\/","url_meta":{"origin":4066,"position":0},"title":"Allein im L\u00f6wen-Land","author":"Oliver","date":"18. November 2024","format":false,"excerpt":"Den Karoo National Park durchf\u00e4hrt man im Wesentlichen auf zwei Rundkursen: Einer davon verl\u00e4uft h\u00e4lftig auf Asphalt bzw. Schotterpiste und ist sehr gut auch mit normalen Stra\u00dfen-Pkw zu bew\u00e4ltigen. Zum Klipspringer Pass geht es sogar vollst\u00e4ndig auf Teer rauf und runter. Unterwegs l\u00e4dt eine zaunbewehrte Picknick-Site zur Pause ein, sowie\u2026","rel":"","context":"In &quot;Land&quot;","block_context":{"text":"Land","link":"https:\/\/www.bechmann.org\/amphibium\/category\/land\/"},"img":{"alt_text":"","src":"https:\/\/i0.wp.com\/www.bechmann.org\/amphibium\/wp-content\/uploads\/damph__23.jpg?resize=350%2C200&ssl=1","width":350,"height":200,"srcset":"https:\/\/i0.wp.com\/www.bechmann.org\/amphibium\/wp-content\/uploads\/damph__23.jpg?resize=350%2C200&ssl=1 1x, https:\/\/i0.wp.com\/www.bechmann.org\/amphibium\/wp-content\/uploads\/damph__23.jpg?resize=525%2C300&ssl=1 1.5x, https:\/\/i0.wp.com\/www.bechmann.org\/amphibium\/wp-content\/uploads\/damph__23.jpg?resize=700%2C400&ssl=1 2x, https:\/\/i0.wp.com\/www.bechmann.org\/amphibium\/wp-content\/uploads\/damph__23.jpg?resize=1050%2C600&ssl=1 3x, https:\/\/i0.wp.com\/www.bechmann.org\/amphibium\/wp-content\/uploads\/damph__23.jpg?resize=1400%2C800&ssl=1 4x"},"classes":[]},{"id":5607,"url":"https:\/\/www.bechmann.org\/amphibium\/bonnievale-bontebok-holstein-schwarzwald\/","url_meta":{"origin":4066,"position":1},"title":"Bonnievale &#038; Bontebok: Holstein &#038; Schwarzwald","author":"Oliver","date":"27. April 2021","format":false,"excerpt":"Ratschl\u00e4ge s\u00fcdafrikanischer Bekannter verweisen h\u00e4ufig auf eine Zone im S\u00fcden des Landes. Auf Landkarten, zumal in Relief- oder Satellitendarstellung, sieht diese \u00fcberwiegend gr\u00fcn aus. Wundersch\u00f6n da, hei\u00dft es dann meist, und nicht umsonst ist die Garden Route unter Einheimischen wie Touristen so beliebt. Aber schon zuvor durchf\u00e4hrt man - etwa\u2026","rel":"","context":"In &quot;Land&quot;","block_context":{"text":"Land","link":"https:\/\/www.bechmann.org\/amphibium\/category\/land\/"},"img":{"alt_text":"","src":"https:\/\/i0.wp.com\/www.bechmann.org\/amphibium\/wp-content\/uploads\/bonnievale00_5.jpg?resize=350%2C200&ssl=1","width":350,"height":200,"srcset":"https:\/\/i0.wp.com\/www.bechmann.org\/amphibium\/wp-content\/uploads\/bonnievale00_5.jpg?resize=350%2C200&ssl=1 1x, https:\/\/i0.wp.com\/www.bechmann.org\/amphibium\/wp-content\/uploads\/bonnievale00_5.jpg?resize=525%2C300&ssl=1 1.5x, https:\/\/i0.wp.com\/www.bechmann.org\/amphibium\/wp-content\/uploads\/bonnievale00_5.jpg?resize=700%2C400&ssl=1 2x, https:\/\/i0.wp.com\/www.bechmann.org\/amphibium\/wp-content\/uploads\/bonnievale00_5.jpg?resize=1050%2C600&ssl=1 3x, https:\/\/i0.wp.com\/www.bechmann.org\/amphibium\/wp-content\/uploads\/bonnievale00_5.jpg?resize=1400%2C800&ssl=1 4x"},"classes":[]},{"id":5605,"url":"https:\/\/www.bechmann.org\/amphibium\/bailies-gat-amber-lagoon-ruhe-drunten-im-loch\/","url_meta":{"origin":4066,"position":2},"title":"Bailie&#8217;s Gat &#038; Amber Lagoon: Ruhe und Raum","author":"Oliver","date":"24. April 2021","format":false,"excerpt":"Landy auf dem Weg nach Bailie's Gat. Yvonne Botha und ihre Familie fahren zweimal am Tag, rauf und runter. Um die Arbeiter aus der Siedlung in der N\u00e4he zu holen und zur\u00fcckzubringen; und zus\u00e4tzlich ein- bis zweimal pro Woche, um einzukaufen oder wegen sonstiger Erledigungen. Kein Wunder, dass sie den\u2026","rel":"","context":"In &quot;Land&quot;","block_context":{"text":"Land","link":"https:\/\/www.bechmann.org\/amphibium\/category\/land\/"},"img":{"alt_text":"","src":"https:\/\/i0.wp.com\/www.bechmann.org\/amphibium\/wp-content\/uploads\/baliesgat01.jpg?resize=350%2C200&ssl=1","width":350,"height":200,"srcset":"https:\/\/i0.wp.com\/www.bechmann.org\/amphibium\/wp-content\/uploads\/baliesgat01.jpg?resize=350%2C200&ssl=1 1x, https:\/\/i0.wp.com\/www.bechmann.org\/amphibium\/wp-content\/uploads\/baliesgat01.jpg?resize=525%2C300&ssl=1 1.5x, https:\/\/i0.wp.com\/www.bechmann.org\/amphibium\/wp-content\/uploads\/baliesgat01.jpg?resize=700%2C400&ssl=1 2x, https:\/\/i0.wp.com\/www.bechmann.org\/amphibium\/wp-content\/uploads\/baliesgat01.jpg?resize=1050%2C600&ssl=1 3x, https:\/\/i0.wp.com\/www.bechmann.org\/amphibium\/wp-content\/uploads\/baliesgat01.jpg?resize=1400%2C800&ssl=1 4x"},"classes":[]},{"id":8502,"url":"https:\/\/www.bechmann.org\/amphibium\/namibia-iii-xv-mariental-mesosaurus-fossil-camp\/","url_meta":{"origin":4066,"position":3},"title":"Mariental &amp; Mesosaurus Fossil Camp: Blah-blah in Beep-beep","author":"Oliver","date":"19. Februar 2024","format":false,"excerpt":"Morgend\u00e4mmerung im Mesosaurus Fossil Camp Auf Reisen gibt es nat\u00fcrlich auch allt\u00e4gliche Vorg\u00e4nge, so was wie einen Haushalt; und wie man sich eben im Alltag um Einkauf und Versorgung zu k\u00fcmmern hat, so gilt dies eben auch f\u00fcr den Reise-Alltag. Nur, dass Fahrzeug und Unterkunft nicht getrennt, sondern eins sind.\u2026","rel":"","context":"In &quot;Achtsamkeit in der Wildnis&quot;","block_context":{"text":"Achtsamkeit in der Wildnis","link":"https:\/\/www.bechmann.org\/amphibium\/category\/achtsamkeit-in-der-wildnis\/"},"img":{"alt_text":"","src":"https:\/\/i0.wp.com\/www.bechmann.org\/amphibium\/wp-content\/uploads\/20240220_060635.jpg?resize=350%2C200&ssl=1","width":350,"height":200,"srcset":"https:\/\/i0.wp.com\/www.bechmann.org\/amphibium\/wp-content\/uploads\/20240220_060635.jpg?resize=350%2C200&ssl=1 1x, https:\/\/i0.wp.com\/www.bechmann.org\/amphibium\/wp-content\/uploads\/20240220_060635.jpg?resize=525%2C300&ssl=1 1.5x, https:\/\/i0.wp.com\/www.bechmann.org\/amphibium\/wp-content\/uploads\/20240220_060635.jpg?resize=700%2C400&ssl=1 2x, https:\/\/i0.wp.com\/www.bechmann.org\/amphibium\/wp-content\/uploads\/20240220_060635.jpg?resize=1050%2C600&ssl=1 3x, https:\/\/i0.wp.com\/www.bechmann.org\/amphibium\/wp-content\/uploads\/20240220_060635.jpg?resize=1400%2C800&ssl=1 4x"},"classes":[]},{"id":8064,"url":"https:\/\/www.bechmann.org\/amphibium\/namibia-iii-iv-kanaan-naan-kuse-desert-retreat\/","url_meta":{"origin":4066,"position":4},"title":"Auf Du und Du mit Oryxen: Kanaan Na&#8217;an Ku&#8217;se Desert Retreat","author":"Oliver","date":"30. Januar 2024","format":false,"excerpt":"Es f\u00e4llt schwer, von Landsberg wegzufahren, aber es muss ja immerweitergehen. Wir unterhalten uns noch mit der jungen Frau der Farm \u00fcber die Lebens- und Arbeitsbedingungen vor Ort und die Konkurrenz der Br\u00fcder-Farmen untereinander... Und nat\u00fcrlich \u00fcber Kriminalit\u00e4t (die es kaum gibt): Eine dieser tapferen Rund-um-die-Welt-Radler:innen wurde vor Jahren \u00fcberfallen,\u2026","rel":"","context":"In &quot;Achtsamkeit in der Wildnis&quot;","block_context":{"text":"Achtsamkeit in der Wildnis","link":"https:\/\/www.bechmann.org\/amphibium\/category\/achtsamkeit-in-der-wildnis\/"},"img":{"alt_text":"","src":"https:\/\/i0.wp.com\/www.bechmann.org\/amphibium\/wp-content\/uploads\/20240130_123639.jpg?resize=350%2C200&ssl=1","width":350,"height":200,"srcset":"https:\/\/i0.wp.com\/www.bechmann.org\/amphibium\/wp-content\/uploads\/20240130_123639.jpg?resize=350%2C200&ssl=1 1x, https:\/\/i0.wp.com\/www.bechmann.org\/amphibium\/wp-content\/uploads\/20240130_123639.jpg?resize=525%2C300&ssl=1 1.5x, https:\/\/i0.wp.com\/www.bechmann.org\/amphibium\/wp-content\/uploads\/20240130_123639.jpg?resize=700%2C400&ssl=1 2x, https:\/\/i0.wp.com\/www.bechmann.org\/amphibium\/wp-content\/uploads\/20240130_123639.jpg?resize=1050%2C600&ssl=1 3x, https:\/\/i0.wp.com\/www.bechmann.org\/amphibium\/wp-content\/uploads\/20240130_123639.jpg?resize=1400%2C800&ssl=1 4x"},"classes":[]},{"id":1850,"url":"https:\/\/www.bechmann.org\/amphibium\/always-follow-the-truck-traces\/","url_meta":{"origin":4066,"position":5},"title":"Always follow the truck traces","author":"Oliver","date":"22. Dezember 2016","format":false,"excerpt":"Da meine Mutter im spanischen Galicien an der Atlantikk\u00fcste seit Jahrzehnten wohnt, bin ich viele Jahre viele tausend Kilometer dorthin zu Besuch gefahren. Man quert dann zwangsl\u00e4ufig das Baskenland, und immer habe ich die gleiche Erinnerung: d\u00fcster, grau, schwer, erdr\u00fcckende Berge, schlechtes Wetter, h\u00e4ssliche Industrieanlagen in die T\u00e4ler gepresst. Kaum\u2026","rel":"","context":"In &quot;Land&quot;","block_context":{"text":"Land","link":"https:\/\/www.bechmann.org\/amphibium\/category\/land\/"},"img":{"alt_text":"","src":"https:\/\/i0.wp.com\/www.bechmann.org\/amphibium\/wp-content\/uploads\/wp-image-316925986jpg.jpg?resize=350%2C200","width":350,"height":200,"srcset":"https:\/\/i0.wp.com\/www.bechmann.org\/amphibium\/wp-content\/uploads\/wp-image-316925986jpg.jpg?resize=350%2C200 1x, https:\/\/i0.wp.com\/www.bechmann.org\/amphibium\/wp-content\/uploads\/wp-image-316925986jpg.jpg?resize=525%2C300 1.5x, https:\/\/i0.wp.com\/www.bechmann.org\/amphibium\/wp-content\/uploads\/wp-image-316925986jpg.jpg?resize=700%2C400 2x, https:\/\/i0.wp.com\/www.bechmann.org\/amphibium\/wp-content\/uploads\/wp-image-316925986jpg.jpg?resize=1050%2C600 3x, https:\/\/i0.wp.com\/www.bechmann.org\/amphibium\/wp-content\/uploads\/wp-image-316925986jpg.jpg?resize=1400%2C800 4x"},"classes":[]}],"jetpack_sharing_enabled":true,"_links":{"self":[{"href":"https:\/\/www.bechmann.org\/amphibium\/wp-json\/wp\/v2\/posts\/4066","targetHints":{"allow":["GET"]}}],"collection":[{"href":"https:\/\/www.bechmann.org\/amphibium\/wp-json\/wp\/v2\/posts"}],"about":[{"href":"https:\/\/www.bechmann.org\/amphibium\/wp-json\/wp\/v2\/types\/post"}],"author":[{"embeddable":true,"href":"https:\/\/www.bechmann.org\/amphibium\/wp-json\/wp\/v2\/users\/1"}],"replies":[{"embeddable":true,"href":"https:\/\/www.bechmann.org\/amphibium\/wp-json\/wp\/v2\/comments?post=4066"}],"version-history":[{"count":8,"href":"https:\/\/www.bechmann.org\/amphibium\/wp-json\/wp\/v2\/posts\/4066\/revisions"}],"predecessor-version":[{"id":4130,"href":"https:\/\/www.bechmann.org\/amphibium\/wp-json\/wp\/v2\/posts\/4066\/revisions\/4130"}],"wp:attachment":[{"href":"https:\/\/www.bechmann.org\/amphibium\/wp-json\/wp\/v2\/media?parent=4066"}],"wp:term":[{"taxonomy":"category","embeddable":true,"href":"https:\/\/www.bechmann.org\/amphibium\/wp-json\/wp\/v2\/categories?post=4066"},{"taxonomy":"post_tag","embeddable":true,"href":"https:\/\/www.bechmann.org\/amphibium\/wp-json\/wp\/v2\/tags?post=4066"}],"curies":[{"name":"wp","href":"https:\/\/api.w.org\/{rel}","templated":true}]}}