{"id":3581,"date":"2018-11-03T22:33:00","date_gmt":"2018-11-03T21:33:00","guid":{"rendered":"https:\/\/www.bechmann.org\/amphibium\/?p=3581"},"modified":"2018-11-17T15:48:03","modified_gmt":"2018-11-17T14:48:03","slug":"ladies-in-legzira","status":"publish","type":"post","link":"https:\/\/www.bechmann.org\/amphibium\/ladies-in-legzira\/","title":{"rendered":"Ladies in Legzira"},"content":{"rendered":"<div style=\"width: 1038px\" class=\"wp-caption alignnone\"><a href=\"https:\/\/i0.wp.com\/www.bechmann.org\/amphibium\/wp-content\/uploads\/IMG_8501-2.jpg?ssl=1\"><img data-recalc-dims=\"1\" loading=\"lazy\" decoding=\"async\" style=\"display: inline; background-image: none;\" title=\"IMG_8501 (2)\" src=\"https:\/\/i0.wp.com\/www.bechmann.org\/amphibium\/wp-content\/uploads\/IMG_8501-2_thumb.jpg?resize=625%2C469&#038;ssl=1\" alt=\"IMG_8501 (2)\" width=\"625\" height=\"469\" border=\"0\" \/><\/a><p class=\"wp-caption-text\">Unimog vor Umkehr<\/p><\/div>\n<p><a href=\"https:\/\/de.wikipedia.org\/wiki\/Sidi_Ifni\" target=\"_blank\" rel=\"noopener\">Sidi Ifni<\/a>, das Tor zur Sahara, gilt als entspannter Ort; kurz zuvor gibt es einen Strand bei Legzira. Zwei gro\u00dfe Torb\u00f6gen, die die Natur im Laufe der Zeit geschaffen hat, ragen ins Meer. Sie sind am Strand fu\u00dfl\u00e4ufig zu erreichen. An diesem gibt es auch eine Reihe einfacher Bars und Restaurants, die in dieser Jahreszeit um die wenigen Besucher buhlen.<\/p>\n<p>Wir verzehren einen frisch gefangenen Fisch, gleiches werden im Anschluss unsere beiden Reise-Kumpaninnen tun: Mit Claudia und Sibylle waren wir in <a href=\"https:\/\/www.bechmann.org\/amphibium\/?s=island&amp;x=0&amp;y=0\">Island<\/a> unterwegs, nunmehr treffen wir uns in Marokko und wollen ein paar Tage miteinander verbringen.<\/p>\n<h3>Kein Durchkommen nach Plage Blanche<\/h3>\n<p>Das Nachtlager schlagen wir auf einem der beiden Felsb\u00f6gen ins Meer auf, parken mit dem Popo des Unimogs zur Brandung. Im Dunkelns dr\u00f6hnt und raunt und spricht das Meer, und die Menschen h\u00f6ren zu.<\/p>\n<p><!--more--><\/p>\n<p>Die Weiterfahrt anderntags auf einer Schotterpiste gen S\u00fcden endet an einer Br\u00fccke, auf deren anderer Seite ein verschn\u00f6rkelter Offroad-Weg gen Plage Blanche f\u00fchrt \u2013 nur: der \u00dcbergang des Beton-Bauwerks zu diesem Ger\u00f6llpfad ist abgebrochen: Der Unimog passt auf keinen Fall dr\u00fcber, der Iveco 4&#215;4 Daily der <em>Ladies<\/em> (wie wir Claudia und Sibylle seit Island nennen) auch nicht.<\/p>\n<div style=\"width: 254px\" class=\"wp-caption alignright\"><a href=\"https:\/\/i0.wp.com\/www.bechmann.org\/amphibium\/wp-content\/uploads\/IMG_8520-2.jpg?ssl=1\"><img data-recalc-dims=\"1\" loading=\"lazy\" decoding=\"async\" style=\"float: right; display: inline; background-image: none;\" title=\"IMG_8520 (2)\" src=\"https:\/\/i0.wp.com\/www.bechmann.org\/amphibium\/wp-content\/uploads\/IMG_8520-2_thumb.jpg?resize=244%2C184&#038;ssl=1\" alt=\"IMG_8520 (2)\" width=\"244\" height=\"184\" align=\"right\" border=\"0\" \/><\/a><p class=\"wp-caption-text\">Am Cap Draa<\/p><\/div>\n<p>Zum Stra\u00dfenbau haben wir keine Lust. Wir kehren auf einer nahegelegenen Teerstra\u00dfe durch Kaktusfeigen-Plantagen um und erreichen Guelmim, von dort geht\u2019s weiter in Richtung <a href=\"https:\/\/de.wikipedia.org\/wiki\/Tan-Tan\" target=\"_blank\" rel=\"noopener\">Tan-Tan<\/a> \u2013 dem Einstiegsort in die Westsahara. Doch unseren \u00dcbernachtungsplatz finden wir am Cap Draa auf einem weiter Schotterplatz hoch \u00fcber der Brandung.<\/p>\n<p>Die Sandd\u00fcnen herunter l\u00e4sst sich das Meer erreichen. Spaziergang. Abendessen. Feierabend.<\/p>\n<div style=\"width: 1038px\" class=\"wp-caption alignnone\"><a href=\"https:\/\/i0.wp.com\/www.bechmann.org\/amphibium\/wp-content\/uploads\/IMG_4230-2.jpg?ssl=1\"><img data-recalc-dims=\"1\" loading=\"lazy\" decoding=\"async\" style=\"display: inline; background-image: none;\" title=\"IMG_4230 (2)\" src=\"https:\/\/i0.wp.com\/www.bechmann.org\/amphibium\/wp-content\/uploads\/IMG_4230-2_thumb.jpg?resize=625%2C418&#038;ssl=1\" alt=\"IMG_4230 (2)\" width=\"625\" height=\"418\" border=\"0\" \/><\/a><p class=\"wp-caption-text\">Iveco auf Piste<\/p><\/div>\n<p>Am n\u00e4chsten Morgen bewegt Beate den Unimog auf einer Schotter-Sand-Piste gen El Outia, ein verstaubter Ort am Meer weiter s\u00fcdlich. Wir m\u00fcssen einem wie ausgestorben daliegenden Milit\u00e4rcamp ausweichen, unter freundlicher Hilfe eines Soldaten, der in nachl\u00e4ssiger Uniform und Tuch um den Kopf in Badelatschen dahergeschlappt kommt.<\/p>\n<p><span style=\"font-size: small;\">(BTW: Alle Polizisten und Soldaten sind bislang extrem nett und freundlich gewesen. Das kann nicht nur an der Order des marokkanischen K\u00f6nigs an seine Untergebenen liegen).<\/span><\/p>\n<p>Ein bretthartes St\u00fcck Wellblechpiste bleiben dem Unimog und seinen Insassen wie den Ladies nicht erspart. Schlie\u00dflich fahren wir auf der an den seitlichen R\u00e4ndern ausgefransten Asphaltstra\u00dfe, ducken uns vor den entgegen rasenden Lkw und werden von solchen \u00fcberholt, obwohl wir schon fast 80 km\/h fahren. So erreichen wir den Naturschutzpark nahe Akhfenir.<\/p>\n","protected":false},"excerpt":{"rendered":"<p>Sidi Ifni, das Tor zur Sahara, gilt als entspannter Ort; kurz zuvor gibt es einen Strand bei Legzira. Zwei gro\u00dfe Torb\u00f6gen, die die Natur im Laufe der Zeit geschaffen hat, ragen ins Meer. Sie sind am Strand fu\u00dfl\u00e4ufig zu erreichen. An diesem gibt es auch eine Reihe einfacher Bars und Restaurants, die in dieser Jahreszeit [&hellip;]<\/p>\n","protected":false},"author":1,"featured_media":0,"comment_status":"closed","ping_status":"closed","sticky":false,"template":"","format":"standard","meta":{"jetpack_post_was_ever_published":false,"_jetpack_newsletter_access":"","_jetpack_dont_email_post_to_subs":false,"_jetpack_newsletter_tier_id":0,"_jetpack_memberships_contains_paywalled_content":false,"_jetpack_memberships_contains_paid_content":false,"footnotes":"","jetpack_publicize_message":"","jetpack_publicize_feature_enabled":true,"jetpack_social_post_already_shared":true,"jetpack_social_options":{"image_generator_settings":{"template":"highway","default_image_id":0,"font":"","enabled":false},"version":2}},"categories":[2,4],"tags":[495,494,493],"class_list":["post-3581","post","type-post","status-publish","format-standard","hentry","category-land","category-wasser","tag-el-ouatia","tag-khenisset","tag-legzira"],"jetpack_publicize_connections":[],"jetpack_featured_media_url":"","jetpack_shortlink":"https:\/\/wp.me\/p4DyUk-VL","jetpack-related-posts":[{"id":1985,"url":"https:\/\/www.bechmann.org\/amphibium\/leben-auf-rdern\/","url_meta":{"origin":3581,"position":0},"title":"Leben auf R\u00e4dern","author":"Oliver","date":"10. Januar 2017","format":false,"excerpt":"F\u00fcr unsere Stell- und \u00dcbernachtungspl\u00e4tze in Portugal sind im Wesentlichen zwei Quellen verantwortlich. Andr\u00e9 von amumot.de und Steffi von keine-eile.de bzw. algarve-pur.de. Beide leben dauerhaft in ihren (gr\u00f6\u00dferen) Wohnmobilen und verdienen ihren Lebensunterhalt trotz und gerade beim Unterwegssein; u.a. mit dem Unterwegssein bzw. den Ger\u00e4tschaften, die man beim wohnmobilen Leben\u2026","rel":"","context":"In &quot;Land&quot;","block_context":{"text":"Land","link":"https:\/\/www.bechmann.org\/amphibium\/category\/land\/"},"img":{"alt_text":"IMG_0998","src":"https:\/\/i0.wp.com\/www.bechmann.org\/amphibium\/wp-content\/uploads\/IMG_0998_thumb.jpg?resize=350%2C200","width":350,"height":200,"srcset":"https:\/\/i0.wp.com\/www.bechmann.org\/amphibium\/wp-content\/uploads\/IMG_0998_thumb.jpg?resize=350%2C200 1x, https:\/\/i0.wp.com\/www.bechmann.org\/amphibium\/wp-content\/uploads\/IMG_0998_thumb.jpg?resize=525%2C300 1.5x"},"classes":[]},{"id":2613,"url":"https:\/\/www.bechmann.org\/amphibium\/wildnis-leben-am-strand-und-in-lissabon\/","url_meta":{"origin":3581,"position":1},"title":"Wildnis-Leben &ndash; am Strand und in Lissabon","author":"Oliver","date":"4. Januar 2018","format":false,"excerpt":"Wir sind vor vier Tagen in der N\u00e4he von San Pedro do Moel angekommen. In der Nacht mit diesem unglaublichen Vollmond, so dass wir erst einmal den erst-besten Parkplatz oberhalb der D\u00fcnen w\u00e4hlten, um uns am kommenden Morgen besser zu organisieren\u2026 Was gelang, und so standen wir nach einem Erkundungsspaziergang\u2026","rel":"","context":"In &quot;Land&quot;","block_context":{"text":"Land","link":"https:\/\/www.bechmann.org\/amphibium\/category\/land\/"},"img":{"alt_text":"","src":"https:\/\/i0.wp.com\/www.bechmann.org\/amphibium\/wp-content\/uploads\/IMG_20180102_130834_thumb.jpg?resize=350%2C200","width":350,"height":200,"srcset":"https:\/\/i0.wp.com\/www.bechmann.org\/amphibium\/wp-content\/uploads\/IMG_20180102_130834_thumb.jpg?resize=350%2C200 1x, https:\/\/i0.wp.com\/www.bechmann.org\/amphibium\/wp-content\/uploads\/IMG_20180102_130834_thumb.jpg?resize=525%2C300 1.5x, https:\/\/i0.wp.com\/www.bechmann.org\/amphibium\/wp-content\/uploads\/IMG_20180102_130834_thumb.jpg?resize=700%2C400 2x, https:\/\/i0.wp.com\/www.bechmann.org\/amphibium\/wp-content\/uploads\/IMG_20180102_130834_thumb.jpg?resize=1050%2C600 3x, https:\/\/i0.wp.com\/www.bechmann.org\/amphibium\/wp-content\/uploads\/IMG_20180102_130834_thumb.jpg?resize=1400%2C800 4x"},"classes":[]},{"id":1234,"url":"https:\/\/www.bechmann.org\/amphibium\/canyoning-in-jordanien-iii-wadi-hudeira\/","url_meta":{"origin":3581,"position":2},"title":"Canyoning in Jordanien III: Wadi Hudeira","author":"Oliver","date":"30. Juni 2016","format":false,"excerpt":"Eigentlich sollte es zum Wadi Hissa gehen. Aber der Zugang war durch eine Schotter- und Schutt-Barriere versperrt, die f\u00fcr den Toyota unseres Guides ein un\u00fcberwindliches Hindernis darstellt (unser Unimog h\u00e4tte noch nicht mal die Stirn in Dackelfalten gelegt). Also wichen wir ins nicht allzu weit entfernte Wadi Hudeira aus \u2013\u2026","rel":"","context":"In &quot;Land&quot;","block_context":{"text":"Land","link":"https:\/\/www.bechmann.org\/amphibium\/category\/land\/"},"img":{"alt_text":"","src":"https:\/\/i0.wp.com\/www.bechmann.org\/amphibium\/wp-content\/uploads\/wadi-canyoning-144.jpg?resize=350%2C200","width":350,"height":200,"srcset":"https:\/\/i0.wp.com\/www.bechmann.org\/amphibium\/wp-content\/uploads\/wadi-canyoning-144.jpg?resize=350%2C200 1x, https:\/\/i0.wp.com\/www.bechmann.org\/amphibium\/wp-content\/uploads\/wadi-canyoning-144.jpg?resize=525%2C300 1.5x, https:\/\/i0.wp.com\/www.bechmann.org\/amphibium\/wp-content\/uploads\/wadi-canyoning-144.jpg?resize=700%2C400 2x"},"classes":[]},{"id":531,"url":"https:\/\/www.bechmann.org\/amphibium\/stuermische-strandspaziergaenge-am-mittelmeer\/","url_meta":{"origin":3581,"position":3},"title":"St\u00fcrmische Strandspazierg\u00e4nge am Mittelmeer","author":"Oliver","date":"5. November 2014","format":false,"excerpt":"Zeit zum Aufwiedersehensagen: Rolf bleibt mitsamt seinem Magirus in Marokko und tourt weitere drei Wochen mit seiner Frau, die per Flugzeug anreist. Hubertus und B\u00e4rbel fahren im Iveco nach Tanger, um nach Spanien \u00fcberzusetzen und dort weiter zu \"cruisen\". Andr\u00e9 und Holger im IFA sowie\u00a0Beate und ich im Unimog steuern\u2026","rel":"","context":"In &quot;Land&quot;","block_context":{"text":"Land","link":"https:\/\/www.bechmann.org\/amphibium\/category\/land\/"},"img":{"alt_text":"Beate bei der Abfahrt","src":"https:\/\/i0.wp.com\/www.bechmann.org\/amphibium\/wp-content\/uploads\/IMG_3442.jpg?resize=350%2C200","width":350,"height":200,"srcset":"https:\/\/i0.wp.com\/www.bechmann.org\/amphibium\/wp-content\/uploads\/IMG_3442.jpg?resize=350%2C200 1x, https:\/\/i0.wp.com\/www.bechmann.org\/amphibium\/wp-content\/uploads\/IMG_3442.jpg?resize=525%2C300 1.5x, https:\/\/i0.wp.com\/www.bechmann.org\/amphibium\/wp-content\/uploads\/IMG_3442.jpg?resize=700%2C400 2x, https:\/\/i0.wp.com\/www.bechmann.org\/amphibium\/wp-content\/uploads\/IMG_3442.jpg?resize=1050%2C600 3x, https:\/\/i0.wp.com\/www.bechmann.org\/amphibium\/wp-content\/uploads\/IMG_3442.jpg?resize=1400%2C800 4x"},"classes":[]},{"id":1997,"url":"https:\/\/www.bechmann.org\/amphibium\/kayaken-an-der-algarve-kste\/","url_meta":{"origin":3581,"position":4},"title":"Kayaken an der Algarve-K\u00fcste","author":"Oliver","date":"12. Januar 2017","format":false,"excerpt":"In mentalen Trainings wird ist der Perspektivenwechsel ein h\u00e4ufig eingesetztes Mittel. Und k\u00f6nnte es einen besseren Perspektivenwechsel f\u00fcr das Landtier Mensch geben, von der See-Seite aufs Land zu schauen? Und w\u00fcrde das der Idee des \u201cAmphibiums\u201d, also: Leben an Land und am\/auf dem Wasser und den \u00dcbergangszonen, besser gerecht werden?\u2026","rel":"","context":"In &quot;Wasser&quot;","block_context":{"text":"Wasser","link":"https:\/\/www.bechmann.org\/amphibium\/category\/wasser\/"},"img":{"alt_text":"","src":"https:\/\/i0.wp.com\/www.bechmann.org\/amphibium\/wp-content\/uploads\/RIMG0119-2-1.jpg?resize=350%2C200","width":350,"height":200,"srcset":"https:\/\/i0.wp.com\/www.bechmann.org\/amphibium\/wp-content\/uploads\/RIMG0119-2-1.jpg?resize=350%2C200 1x, https:\/\/i0.wp.com\/www.bechmann.org\/amphibium\/wp-content\/uploads\/RIMG0119-2-1.jpg?resize=525%2C300 1.5x, https:\/\/i0.wp.com\/www.bechmann.org\/amphibium\/wp-content\/uploads\/RIMG0119-2-1.jpg?resize=700%2C400 2x"},"classes":[]},{"id":6478,"url":"https:\/\/www.bechmann.org\/amphibium\/mikro-abenteuer-iii-zwischen-poel-und-usedom\/","url_meta":{"origin":3581,"position":5},"title":"Mikro-Abenteuer III: Zwischen Poel und Usedom","author":"Oliver","date":"30. April 2022","format":false,"excerpt":"Bitimobil: Sonnenuntergang an der Ostsee Manche kommen jedes Jahr hierher, im Urlaub. Und das seit zwei Dutzend Jahren oder mehr. Fahren auf dem breiten Radweg am Damm hinterm Strand auf und ab. Davor und danach wird die Zeit auf dem fest installierten Wohnwagen auf dem Campingplatz verbracht. So herrlich, die\u2026","rel":"","context":"In &quot;Land&quot;","block_context":{"text":"Land","link":"https:\/\/www.bechmann.org\/amphibium\/category\/land\/"},"img":{"alt_text":"","src":"https:\/\/i0.wp.com\/www.bechmann.org\/amphibium\/wp-content\/uploads\/damph_nordost00_17.jpg?resize=350%2C200&ssl=1","width":350,"height":200,"srcset":"https:\/\/i0.wp.com\/www.bechmann.org\/amphibium\/wp-content\/uploads\/damph_nordost00_17.jpg?resize=350%2C200&ssl=1 1x, https:\/\/i0.wp.com\/www.bechmann.org\/amphibium\/wp-content\/uploads\/damph_nordost00_17.jpg?resize=525%2C300&ssl=1 1.5x, https:\/\/i0.wp.com\/www.bechmann.org\/amphibium\/wp-content\/uploads\/damph_nordost00_17.jpg?resize=700%2C400&ssl=1 2x, https:\/\/i0.wp.com\/www.bechmann.org\/amphibium\/wp-content\/uploads\/damph_nordost00_17.jpg?resize=1050%2C600&ssl=1 3x, https:\/\/i0.wp.com\/www.bechmann.org\/amphibium\/wp-content\/uploads\/damph_nordost00_17.jpg?resize=1400%2C800&ssl=1 4x"},"classes":[]}],"jetpack_sharing_enabled":true,"_links":{"self":[{"href":"https:\/\/www.bechmann.org\/amphibium\/wp-json\/wp\/v2\/posts\/3581","targetHints":{"allow":["GET"]}}],"collection":[{"href":"https:\/\/www.bechmann.org\/amphibium\/wp-json\/wp\/v2\/posts"}],"about":[{"href":"https:\/\/www.bechmann.org\/amphibium\/wp-json\/wp\/v2\/types\/post"}],"author":[{"embeddable":true,"href":"https:\/\/www.bechmann.org\/amphibium\/wp-json\/wp\/v2\/users\/1"}],"replies":[{"embeddable":true,"href":"https:\/\/www.bechmann.org\/amphibium\/wp-json\/wp\/v2\/comments?post=3581"}],"version-history":[{"count":2,"href":"https:\/\/www.bechmann.org\/amphibium\/wp-json\/wp\/v2\/posts\/3581\/revisions"}],"predecessor-version":[{"id":3586,"href":"https:\/\/www.bechmann.org\/amphibium\/wp-json\/wp\/v2\/posts\/3581\/revisions\/3586"}],"wp:attachment":[{"href":"https:\/\/www.bechmann.org\/amphibium\/wp-json\/wp\/v2\/media?parent=3581"}],"wp:term":[{"taxonomy":"category","embeddable":true,"href":"https:\/\/www.bechmann.org\/amphibium\/wp-json\/wp\/v2\/categories?post=3581"},{"taxonomy":"post_tag","embeddable":true,"href":"https:\/\/www.bechmann.org\/amphibium\/wp-json\/wp\/v2\/tags?post=3581"}],"curies":[{"name":"wp","href":"https:\/\/api.w.org\/{rel}","templated":true}]}}