{"id":3573,"date":"2018-11-09T12:37:00","date_gmt":"2018-11-09T11:37:00","guid":{"rendered":"https:\/\/www.bechmann.org\/amphibium\/?p=3573"},"modified":"2024-04-30T13:31:21","modified_gmt":"2024-04-30T11:31:21","slug":"verloren-in-der-weite","status":"publish","type":"post","link":"https:\/\/www.bechmann.org\/amphibium\/verloren-in-der-weite\/","title":{"rendered":"Verloren in der Weite"},"content":{"rendered":"<div style=\"width: 1038px\" class=\"wp-caption alignnone\"><a href=\"https:\/\/i0.wp.com\/www.bechmann.org\/amphibium\/wp-content\/uploads\/IMG_4322-2.jpg?ssl=1\"><img data-recalc-dims=\"1\" loading=\"lazy\" decoding=\"async\" style=\"display: inline; background-image: none;\" title=\"IMG_4322 (2)\" src=\"https:\/\/i0.wp.com\/www.bechmann.org\/amphibium\/wp-content\/uploads\/IMG_4322-2_thumb.jpg?resize=625%2C469&#038;ssl=1\" alt=\"IMG_4322 (2)\" width=\"625\" height=\"469\" border=\"0\" \/><\/a><p class=\"wp-caption-text\">Sand-W\u00fcste<\/p><\/div>\n<p>Manchmal passieren Ungereimtheiten. Es klopft morgens an der T\u00fcr, und jemand in einem blauen Marinepullover und blauer Stoffhose steht davor und meint, er w\u00e4re Polizist &#8211; er wolle Reisepass und Fahrzeugpapiere sehen. Das ist in Marokko gang und g\u00e4be, und besonders in der <a href=\"https:\/\/de.wikipedia.org\/wiki\/Westsahara\" target=\"_blank\" rel=\"noopener\">Westsahara<\/a>.<\/p>\n<p>S\u00fcdlich von Tan-Tan wird die Kontrolldichte durch Polizei und Milit\u00e4r deutlich gr\u00f6\u00dfer, wir stehen in Foum el-Oued,also am Meer nahe <a href=\"https:\/\/de.wikipedia.org\/wiki\/El_Aai%C3%BAn\" target=\"_blank\" rel=\"noopener\">Laayoune<\/a>, und der <a href=\"https:\/\/de.wikipedia.org\/wiki\/Westsaharakonflikt\" target=\"_blank\" rel=\"noopener\">Westsaharakonflikt<\/a> verk\u00f6rpert sich in Uniformtr\u00e4gern. Dieser hier weist sich nicht aus, er sieht nicht nach <em>Surete National<\/em> oder <em>Gendarmerie Royale<\/em> aus. Immerhin spricht er etwas englisch.<\/p>\n<h3>Reisen ist eine Gedulds-\u00dcbung<\/h3>\n<p>In Deutschland w\u00fcrde ich ihn nach einem Dienstausweis fragen. In fernen L\u00e4ndern ist man auf das Wohlwollen der \u00f6rtlichen Beh\u00f6rden angewiesen, man will sich das nicht leichtfertig verscherzen. Man mag sein Recht bekommen, zumal die Ordnungskr\u00e4fte in Marokko angewiesen sind, die europ\u00e4ischen Touristen zuvorkommend zu behandeln. Aber Gezeter um Formalia kostet Nerven, und viel schlimmer: Zeit.<\/p>\n<p><!--more--><\/p>\n<p>Der Mann in Blau ist freundlich, er bem\u00e4ngelt das Fehlen einer Polizei-Nummer in Beates Reisepass, die in meinem \u00fcber dem Einreisestempel eingetragen ist. Ich wei\u00df \u2013 tats\u00e4chlich \u2013 von nix, und schlie\u00dflich deutet er auf auf eine handschriftlich eingetragene Ziffernfolge, die aber eigentlich \u00fcber Einreisestempeln anderer arabischer L\u00e4nder, die wir bereist haben, steht.<\/p>\n<h3>Das R\u00e4tsel um die Polizei-Nummer<\/h3>\n<p>Ich habe das Gef\u00fchl, dass er unbedingt eine solche Polizei-Nummer braucht und sich deswegen daf\u00fcr entscheidet, diese \u2013 ganz offenkundig nicht zu unserer diesj\u00e4hrigen Einreise geh\u00f6rende \u2013 Nummer in seine Notizkladde eintr\u00e4gt. Damit sind alle zufrieden, und er geht. Niemals vorher und nachher hat irgendeiner der zahlreichen Uniformtr\u00e4ger jemals wieder nach dieser Nummer gefragt. Auch nicht bei der Ausreise.<\/p>\n<p>Nach unserem Strand- und Ruhetag (siehe Beitrag \u201c<a href=\"https:\/\/www.bechmann.org\/amphibium\/?p=3590\">Der Weg in die Westsahara<\/a>\u201d) steuern wir den Unimog mitten in die W\u00fcste der n\u00f6rdlichen Westsahara, Richtung Tah. Wir folgen einer d\u00fcnnen Piste, die immer wieder von hohen Sandd\u00fcnen unterbrochen wird, so dass weite Umfahrungen die Folge sind.<\/p>\n<div style=\"width: 1038px\" class=\"wp-caption alignnone\"><a href=\"https:\/\/i0.wp.com\/www.bechmann.org\/amphibium\/wp-content\/uploads\/IMG_8545-2.jpg?ssl=1\"><img data-recalc-dims=\"1\" loading=\"lazy\" decoding=\"async\" style=\"display: inline; background-image: none;\" title=\"IMG_8545 (2)\" src=\"https:\/\/i0.wp.com\/www.bechmann.org\/amphibium\/wp-content\/uploads\/IMG_8545-2_thumb.jpg?resize=625%2C469&#038;ssl=1\" alt=\"IMG_8545 (2)\" width=\"625\" height=\"469\" border=\"0\" \/><\/a><p class=\"wp-caption-text\">Ger\u00f6ll-Sand-W\u00fcste<\/p><\/div>\n<p>Wir sehen jemandem an einem Brunnen sitzen und lassen uns die Richtung gen Tah zeigen. Auf dem Weg dorthin verliert sich die Piste immer wieder im Nichts. 20-25 Kilometer geht das so. Die Piste ist immer wieder schlecht zu erkennen und vom Winde und dem Sande verweht. Beifahrer (\u201cNavigator\u201d) und Fahrer (\u201cPilot\u201d) arbeiten eng zusammen. Der Gr\u00fcnimog droht manchmal einzusinken &#8211; oder kommt einem das nur so vor?<\/p>\n<p>Der Puls schl\u00e4gt h\u00f6her\u2026 schlie\u00dflich bleiben wir stehen &#8211; und neben uns ein franz\u00f6sischer Rallye-Toyota. Die beiden Herren bewundern unser Auto, laden uns zum Bier ein (dankend abgelehnt) und rufen uns ein &#8222;Good Job!&#8220; zu. Ein bisschen stolz sind wir da schon.<\/p>\n<div class=\"tiled-gallery type-rectangular tiled-gallery-unresized\" data-original-width=\"625\" data-carousel-extra='{&quot;blog_id&quot;:1,&quot;permalink&quot;:&quot;https:\\\/\\\/www.bechmann.org\\\/amphibium\\\/verloren-in-der-weite\\\/&quot;,&quot;likes_blog_id&quot;:68534324}' itemscope itemtype=\"http:\/\/schema.org\/ImageGallery\" > <div class=\"gallery-row\" style=\"width: 625px; height: 314px;\" data-original-width=\"625\" data-original-height=\"314\" > <div class=\"gallery-group images-1\" style=\"width: 417px; height: 314px;\" data-original-width=\"417\" data-original-height=\"314\" > <div class=\"tiled-gallery-item tiled-gallery-item-large\" itemprop=\"associatedMedia\" itemscope itemtype=\"http:\/\/schema.org\/ImageObject\"> <a href=\"https:\/\/www.bechmann.org\/amphibium\/img_8538-2-jpg\/\" border=\"0\" itemprop=\"url\"> <meta itemprop=\"width\" content=\"413\"> <meta itemprop=\"height\" content=\"310\"> <img decoding=\"async\" class=\"\" data-attachment-id=\"3621\" data-orig-file=\"https:\/\/www.bechmann.org\/amphibium\/wp-content\/uploads\/IMG_8538-2.jpg\" data-orig-size=\"1024,768\" data-comments-opened=\"\" data-image-meta=\"{&quot;aperture&quot;:&quot;5&quot;,&quot;credit&quot;:&quot;&quot;,&quot;camera&quot;:&quot;Canon PowerShot S95&quot;,&quot;caption&quot;:&quot;&quot;,&quot;created_timestamp&quot;:&quot;1541686004&quot;,&quot;copyright&quot;:&quot;&quot;,&quot;focal_length&quot;:&quot;6&quot;,&quot;iso&quot;:&quot;80&quot;,&quot;shutter_speed&quot;:&quot;0.001&quot;,&quot;title&quot;:&quot;&quot;,&quot;orientation&quot;:&quot;1&quot;}\" data-image-title=\"IMG_8538-2.jpg\" data-image-description=\"\" data-medium-file=\"https:\/\/i0.wp.com\/www.bechmann.org\/amphibium\/wp-content\/uploads\/IMG_8538-2.jpg?fit=300%2C225&#038;ssl=1\" data-large-file=\"https:\/\/i0.wp.com\/www.bechmann.org\/amphibium\/wp-content\/uploads\/IMG_8538-2.jpg?fit=625%2C469&#038;ssl=1\" src=\"https:\/\/i0.wp.com\/www.bechmann.org\/amphibium\/wp-content\/uploads\/IMG_8538-2.jpg?w=413&#038;h=310&#038;ssl=1\" srcset=\"https:\/\/i0.wp.com\/www.bechmann.org\/amphibium\/wp-content\/uploads\/IMG_8538-2.jpg?w=1024&amp;ssl=1 1024w, https:\/\/i0.wp.com\/www.bechmann.org\/amphibium\/wp-content\/uploads\/IMG_8538-2.jpg?resize=300%2C225&amp;ssl=1 300w, https:\/\/i0.wp.com\/www.bechmann.org\/amphibium\/wp-content\/uploads\/IMG_8538-2.jpg?resize=768%2C576&amp;ssl=1 768w, https:\/\/i0.wp.com\/www.bechmann.org\/amphibium\/wp-content\/uploads\/IMG_8538-2.jpg?resize=400%2C300&amp;ssl=1 400w\" width=\"413\" height=\"310\" loading=\"lazy\" data-original-width=\"413\" data-original-height=\"310\" itemprop=\"http:\/\/schema.org\/image\" title=\"IMG_8538-2.jpg\" alt=\"Ger\u00f6ll-W\u00fcste\" style=\"width: 413px; height: 310px;\" \/> <\/a> <div class=\"tiled-gallery-caption\" itemprop=\"caption description\"> Ger\u00f6ll-W\u00fcste <\/div> <\/div> <\/div> <!-- close group --> <div class=\"gallery-group images-2\" style=\"width: 208px; height: 314px;\" data-original-width=\"208\" data-original-height=\"314\" > <div class=\"tiled-gallery-item tiled-gallery-item-small\" itemprop=\"associatedMedia\" itemscope itemtype=\"http:\/\/schema.org\/ImageObject\"> <a href=\"https:\/\/www.bechmann.org\/amphibium\/img_4315-2-jpg\/\" border=\"0\" itemprop=\"url\"> <meta itemprop=\"width\" content=\"204\"> <meta itemprop=\"height\" content=\"153\"> <img decoding=\"async\" class=\"\" data-attachment-id=\"3617\" data-orig-file=\"https:\/\/www.bechmann.org\/amphibium\/wp-content\/uploads\/IMG_4315-2.jpg\" data-orig-size=\"1024,768\" data-comments-opened=\"\" data-image-meta=\"{&quot;aperture&quot;:&quot;11&quot;,&quot;credit&quot;:&quot;&quot;,&quot;camera&quot;:&quot;Canon PowerShot G5 X&quot;,&quot;caption&quot;:&quot;&quot;,&quot;created_timestamp&quot;:&quot;1541786332&quot;,&quot;copyright&quot;:&quot;&quot;,&quot;focal_length&quot;:&quot;8.8&quot;,&quot;iso&quot;:&quot;125&quot;,&quot;shutter_speed&quot;:&quot;0.004&quot;,&quot;title&quot;:&quot;&quot;,&quot;orientation&quot;:&quot;1&quot;}\" data-image-title=\"IMG_4315-2.jpg\" data-image-description=\"\" data-medium-file=\"https:\/\/i0.wp.com\/www.bechmann.org\/amphibium\/wp-content\/uploads\/IMG_4315-2.jpg?fit=300%2C225&#038;ssl=1\" data-large-file=\"https:\/\/i0.wp.com\/www.bechmann.org\/amphibium\/wp-content\/uploads\/IMG_4315-2.jpg?fit=625%2C469&#038;ssl=1\" src=\"https:\/\/i0.wp.com\/www.bechmann.org\/amphibium\/wp-content\/uploads\/IMG_4315-2.jpg?w=204&#038;h=153&#038;ssl=1\" srcset=\"https:\/\/i0.wp.com\/www.bechmann.org\/amphibium\/wp-content\/uploads\/IMG_4315-2.jpg?w=1024&amp;ssl=1 1024w, https:\/\/i0.wp.com\/www.bechmann.org\/amphibium\/wp-content\/uploads\/IMG_4315-2.jpg?resize=300%2C225&amp;ssl=1 300w, https:\/\/i0.wp.com\/www.bechmann.org\/amphibium\/wp-content\/uploads\/IMG_4315-2.jpg?resize=768%2C576&amp;ssl=1 768w, https:\/\/i0.wp.com\/www.bechmann.org\/amphibium\/wp-content\/uploads\/IMG_4315-2.jpg?resize=400%2C300&amp;ssl=1 400w\" width=\"204\" height=\"153\" loading=\"lazy\" data-original-width=\"204\" data-original-height=\"153\" itemprop=\"http:\/\/schema.org\/image\" title=\"IMG_4315-2.jpg\" alt=\"Wind-W\u00fcste\" style=\"width: 204px; height: 153px;\" \/> <\/a> <div class=\"tiled-gallery-caption\" itemprop=\"caption description\"> Wind-W\u00fcste <\/div> <\/div> <div class=\"tiled-gallery-item tiled-gallery-item-small\" itemprop=\"associatedMedia\" itemscope itemtype=\"http:\/\/schema.org\/ImageObject\"> <a href=\"https:\/\/www.bechmann.org\/amphibium\/img_8543-2-jpg\/\" border=\"0\" itemprop=\"url\"> <meta itemprop=\"width\" content=\"204\"> <meta itemprop=\"height\" content=\"153\"> <img decoding=\"async\" class=\"\" data-attachment-id=\"3615\" data-orig-file=\"https:\/\/www.bechmann.org\/amphibium\/wp-content\/uploads\/IMG_8543-2.jpg\" data-orig-size=\"1024,768\" data-comments-opened=\"\" data-image-meta=\"{&quot;aperture&quot;:&quot;0&quot;,&quot;credit&quot;:&quot;&quot;,&quot;camera&quot;:&quot;&quot;,&quot;caption&quot;:&quot;&quot;,&quot;created_timestamp&quot;:&quot;0&quot;,&quot;copyright&quot;:&quot;&quot;,&quot;focal_length&quot;:&quot;0&quot;,&quot;iso&quot;:&quot;0&quot;,&quot;shutter_speed&quot;:&quot;0&quot;,&quot;title&quot;:&quot;&quot;,&quot;orientation&quot;:&quot;0&quot;}\" data-image-title=\"IMG_8543-2.jpg\" data-image-description=\"\" data-medium-file=\"https:\/\/i0.wp.com\/www.bechmann.org\/amphibium\/wp-content\/uploads\/IMG_8543-2.jpg?fit=300%2C225&#038;ssl=1\" data-large-file=\"https:\/\/i0.wp.com\/www.bechmann.org\/amphibium\/wp-content\/uploads\/IMG_8543-2.jpg?fit=625%2C469&#038;ssl=1\" src=\"https:\/\/i0.wp.com\/www.bechmann.org\/amphibium\/wp-content\/uploads\/IMG_8543-2.jpg?w=204&#038;h=153&#038;ssl=1\" srcset=\"https:\/\/i0.wp.com\/www.bechmann.org\/amphibium\/wp-content\/uploads\/IMG_8543-2.jpg?w=1024&amp;ssl=1 1024w, https:\/\/i0.wp.com\/www.bechmann.org\/amphibium\/wp-content\/uploads\/IMG_8543-2.jpg?resize=300%2C225&amp;ssl=1 300w, https:\/\/i0.wp.com\/www.bechmann.org\/amphibium\/wp-content\/uploads\/IMG_8543-2.jpg?resize=768%2C576&amp;ssl=1 768w, https:\/\/i0.wp.com\/www.bechmann.org\/amphibium\/wp-content\/uploads\/IMG_8543-2.jpg?resize=400%2C300&amp;ssl=1 400w\" width=\"204\" height=\"153\" loading=\"lazy\" data-original-width=\"204\" data-original-height=\"153\" itemprop=\"http:\/\/schema.org\/image\" title=\"IMG_8543-2.jpg\" alt=\"Ger\u00f6ll-Gestr\u00fcpp-W\u00fcste\" style=\"width: 204px; height: 153px;\" \/> <\/a> <div class=\"tiled-gallery-caption\" itemprop=\"caption description\"> Ger\u00f6ll-Gestr\u00fcpp-W\u00fcste <\/div> <\/div> <\/div> <!-- close group --> <\/div> <!-- close row --> <div class=\"gallery-row\" style=\"width: 625px; height: 470px;\" data-original-width=\"625\" data-original-height=\"470\" > <div class=\"gallery-group images-1\" style=\"width: 625px; height: 470px;\" data-original-width=\"625\" data-original-height=\"470\" > <div class=\"tiled-gallery-item tiled-gallery-item-large\" itemprop=\"associatedMedia\" itemscope itemtype=\"http:\/\/schema.org\/ImageObject\"> <a href=\"https:\/\/www.bechmann.org\/amphibium\/img_8539-2-jpg\/\" border=\"0\" itemprop=\"url\"> <meta itemprop=\"width\" content=\"621\"> <meta itemprop=\"height\" content=\"466\"> <img decoding=\"async\" class=\"\" data-attachment-id=\"3619\" data-orig-file=\"https:\/\/www.bechmann.org\/amphibium\/wp-content\/uploads\/IMG_8539-2.jpg\" data-orig-size=\"1024,768\" data-comments-opened=\"\" data-image-meta=\"{&quot;aperture&quot;:&quot;4&quot;,&quot;credit&quot;:&quot;&quot;,&quot;camera&quot;:&quot;Canon PowerShot S95&quot;,&quot;caption&quot;:&quot;&quot;,&quot;created_timestamp&quot;:&quot;1541701896&quot;,&quot;copyright&quot;:&quot;&quot;,&quot;focal_length&quot;:&quot;14.976&quot;,&quot;iso&quot;:&quot;80&quot;,&quot;shutter_speed&quot;:&quot;0.002&quot;,&quot;title&quot;:&quot;&quot;,&quot;orientation&quot;:&quot;1&quot;}\" data-image-title=\"IMG_8539-2.jpg\" data-image-description=\"\" data-medium-file=\"https:\/\/i0.wp.com\/www.bechmann.org\/amphibium\/wp-content\/uploads\/IMG_8539-2.jpg?fit=300%2C225&#038;ssl=1\" data-large-file=\"https:\/\/i0.wp.com\/www.bechmann.org\/amphibium\/wp-content\/uploads\/IMG_8539-2.jpg?fit=625%2C469&#038;ssl=1\" src=\"https:\/\/i0.wp.com\/www.bechmann.org\/amphibium\/wp-content\/uploads\/IMG_8539-2.jpg?w=621&#038;h=466&#038;ssl=1\" srcset=\"https:\/\/i0.wp.com\/www.bechmann.org\/amphibium\/wp-content\/uploads\/IMG_8539-2.jpg?w=1024&amp;ssl=1 1024w, https:\/\/i0.wp.com\/www.bechmann.org\/amphibium\/wp-content\/uploads\/IMG_8539-2.jpg?resize=300%2C225&amp;ssl=1 300w, https:\/\/i0.wp.com\/www.bechmann.org\/amphibium\/wp-content\/uploads\/IMG_8539-2.jpg?resize=768%2C576&amp;ssl=1 768w, https:\/\/i0.wp.com\/www.bechmann.org\/amphibium\/wp-content\/uploads\/IMG_8539-2.jpg?resize=400%2C300&amp;ssl=1 400w\" width=\"621\" height=\"466\" loading=\"lazy\" data-original-width=\"621\" data-original-height=\"466\" itemprop=\"http:\/\/schema.org\/image\" title=\"IMG_8539-2.jpg\" alt=\"Sand &amp; Ger\u00f6ll\" style=\"width: 621px; height: 466px;\" \/> <\/a> <div class=\"tiled-gallery-caption\" itemprop=\"caption description\"> Sand &#038; Ger\u00f6ll <\/div> <\/div> <\/div> <!-- close group --> <\/div> <!-- close row --> <\/div>\n<p>Spontan beschlie\u00dfen wir, um die n\u00e4chste gro\u00dfe D\u00fcne zu kurven und einen Standplatz zu suchen, den wir neben der D\u00fcne auch finden. Da sind wir nun, in der W\u00fcste, weit und breit nur Ger\u00f6ll und Sandd\u00fcnen. Bis Tah und die Teerstra\u00dfe sind es nur noch acht Kilometer \u2013 aber es f\u00fchlt sich schon m\u00e4chtig weit und allein an.<\/p>\n<blockquote><p><em>\u201cDie W\u00fcste packt mehr als jede andere Landschaft auf der Erde. Der Neuling mag zu ihr keine andere Beziehung als Furcht zu gewinnen. Er sieht sich verloren in der Weite und sp\u00fcrt den schrecklichen W\u00fcrgegriff der W\u00fcste.\u201d<\/em><\/p><\/blockquote>\n<p>Das schrieb der W\u00fcstenforscher Gabriel 1961 in seinem Buch \u201cDie W\u00fcsten der Erde\u201d. Es ist v\u00f6llig still. Wir bleiben zwei Tage bzw. \u00fcbernachten zweimal: <em>A day in the desert. <\/em><\/p>\n","protected":false},"excerpt":{"rendered":"<p>Manchmal passieren Ungereimtheiten. Es klopft morgens an der T\u00fcr, und jemand in einem blauen Marinepullover und blauer Stoffhose steht davor und meint, er w\u00e4re Polizist &#8211; er wolle Reisepass und Fahrzeugpapiere sehen. Das ist in Marokko gang und g\u00e4be, und besonders in der Westsahara. S\u00fcdlich von Tan-Tan wird die Kontrolldichte durch Polizei und Milit\u00e4r deutlich [&hellip;]<\/p>\n","protected":false},"author":1,"featured_media":0,"comment_status":"closed","ping_status":"closed","sticky":false,"template":"","format":"standard","meta":{"jetpack_post_was_ever_published":false,"_jetpack_newsletter_access":"","_jetpack_dont_email_post_to_subs":false,"_jetpack_newsletter_tier_id":0,"_jetpack_memberships_contains_paywalled_content":false,"_jetpack_memberships_contains_paid_content":false,"footnotes":"","jetpack_publicize_message":"","jetpack_publicize_feature_enabled":true,"jetpack_social_post_already_shared":true,"jetpack_social_options":{"image_generator_settings":{"template":"highway","default_image_id":0,"font":"","enabled":false},"version":2}},"categories":[2,372],"tags":[34,499,500],"class_list":["post-3573","post","type-post","status-publish","format-standard","hentry","category-land","category-roadstory","tag-marokko","tag-tah","tag-westsahara"],"jetpack_publicize_connections":[],"jetpack_featured_media_url":"","jetpack_shortlink":"https:\/\/wp.me\/p4DyUk-VD","jetpack-related-posts":[{"id":3590,"url":"https:\/\/www.bechmann.org\/amphibium\/der-weg-in-die-westsahara\/","url_meta":{"origin":3573,"position":0},"title":"Der Weg in die Westsahara","author":"Oliver","date":"7. November 2018","format":false,"excerpt":"Farah ist gen S\u00fcden aufgebrochen (siehe Beitrag \u201cFarah auf dem Fahrrad\u201d), die Ladies und wir besteigen ein Fischerboot. Es geht raus auf die Lagune, um den Flamingos und Reihern n\u00e4her zu kommen. Z\u00e4he Verhandlungen um den Preis sind voraus gegangen, dann legen wir ab und schaukeln in der Brandung den\u2026","rel":"","context":"In &quot;Land&quot;","block_context":{"text":"Land","link":"https:\/\/www.bechmann.org\/amphibium\/category\/land\/"},"img":{"alt_text":"","src":"https:\/\/i0.wp.com\/www.bechmann.org\/amphibium\/wp-content\/uploads\/IMG_20181106_154648.jpg?resize=350%2C200","width":350,"height":200,"srcset":"https:\/\/i0.wp.com\/www.bechmann.org\/amphibium\/wp-content\/uploads\/IMG_20181106_154648.jpg?resize=350%2C200 1x, https:\/\/i0.wp.com\/www.bechmann.org\/amphibium\/wp-content\/uploads\/IMG_20181106_154648.jpg?resize=525%2C300 1.5x, https:\/\/i0.wp.com\/www.bechmann.org\/amphibium\/wp-content\/uploads\/IMG_20181106_154648.jpg?resize=700%2C400 2x"},"classes":[]},{"id":3581,"url":"https:\/\/www.bechmann.org\/amphibium\/ladies-in-legzira\/","url_meta":{"origin":3573,"position":1},"title":"Ladies in Legzira","author":"Oliver","date":"3. November 2018","format":false,"excerpt":"Sidi Ifni, das Tor zur Sahara, gilt als entspannter Ort; kurz zuvor gibt es einen Strand bei Legzira. Zwei gro\u00dfe Torb\u00f6gen, die die Natur im Laufe der Zeit geschaffen hat, ragen ins Meer. Sie sind am Strand fu\u00dfl\u00e4ufig zu erreichen. An diesem gibt es auch eine Reihe einfacher Bars und\u2026","rel":"","context":"In &quot;Land&quot;","block_context":{"text":"Land","link":"https:\/\/www.bechmann.org\/amphibium\/category\/land\/"},"img":{"alt_text":"IMG_8501 (2)","src":"https:\/\/i0.wp.com\/www.bechmann.org\/amphibium\/wp-content\/uploads\/IMG_8501-2_thumb.jpg?resize=350%2C200&ssl=1","width":350,"height":200,"srcset":"https:\/\/i0.wp.com\/www.bechmann.org\/amphibium\/wp-content\/uploads\/IMG_8501-2_thumb.jpg?resize=350%2C200&ssl=1 1x, https:\/\/i0.wp.com\/www.bechmann.org\/amphibium\/wp-content\/uploads\/IMG_8501-2_thumb.jpg?resize=525%2C300&ssl=1 1.5x, https:\/\/i0.wp.com\/www.bechmann.org\/amphibium\/wp-content\/uploads\/IMG_8501-2_thumb.jpg?resize=700%2C400&ssl=1 2x"},"classes":[]},{"id":3571,"url":"https:\/\/www.bechmann.org\/amphibium\/farha-auf-dem-fahrrad\/","url_meta":{"origin":3573,"position":2},"title":"Farha auf dem Fahrrad","author":"Oliver","date":"4. November 2018","format":false,"excerpt":"Minimalismus auf Reisen mit einem Unimog? Wir bewegen uns schon low-budget und unter nahezu primitiven Umst\u00e4nden vorw\u00e4rts, doch Farha ist ganz anders unterwegs: browngirlonabike ist ihr Instagram-Name und Aussage genug. Sie betreibt ein Blog gleichen Titels. Farha ist stammt aus East London, urspr\u00fcnglich aus Kashmir, ist Frau, Muslimin und brauner\u2026","rel":"","context":"In &quot;Land&quot;","block_context":{"text":"Land","link":"https:\/\/www.bechmann.org\/amphibium\/category\/land\/"},"img":{"alt_text":"IMG_8077[2483]","src":"https:\/\/i0.wp.com\/www.bechmann.org\/amphibium\/wp-content\/uploads\/IMG_80772483_thumb.jpg?resize=350%2C200&ssl=1","width":350,"height":200,"srcset":"https:\/\/i0.wp.com\/www.bechmann.org\/amphibium\/wp-content\/uploads\/IMG_80772483_thumb.jpg?resize=350%2C200&ssl=1 1x, https:\/\/i0.wp.com\/www.bechmann.org\/amphibium\/wp-content\/uploads\/IMG_80772483_thumb.jpg?resize=525%2C300&ssl=1 1.5x, https:\/\/i0.wp.com\/www.bechmann.org\/amphibium\/wp-content\/uploads\/IMG_80772483_thumb.jpg?resize=700%2C400&ssl=1 2x"},"classes":[]},{"id":3635,"url":"https:\/\/www.bechmann.org\/amphibium\/marrakesch-el-jadida-ii-larache-ksar-seghir\/","url_meta":{"origin":3573,"position":3},"title":"Zur\u00fcck in der Zivilisation II","author":"Oliver","date":"25. November 2018","format":false,"excerpt":"Djamaa el-Fna in der Morgenstunde: Ruhe vor dem Sturm Wer von den Frankfurtern geht privat zum Kaffee- oder Apfelweintrinken auf den R\u00f6merberg, wo Touristenscharen sich im historischen Ensemble auf und ab bewegen? Na also: Unser Bekannter in Marrakesch findet es auch keine gute Idee, sich ausgerechnet im Caf\u00e9 de France\u2026","rel":"","context":"In &quot;Land&quot;","block_context":{"text":"Land","link":"https:\/\/www.bechmann.org\/amphibium\/category\/land\/"},"img":{"alt_text":"","src":"https:\/\/i0.wp.com\/www.bechmann.org\/amphibium\/wp-content\/uploads\/eljadida-1.jpg?resize=350%2C200","width":350,"height":200,"srcset":"https:\/\/i0.wp.com\/www.bechmann.org\/amphibium\/wp-content\/uploads\/eljadida-1.jpg?resize=350%2C200 1x, https:\/\/i0.wp.com\/www.bechmann.org\/amphibium\/wp-content\/uploads\/eljadida-1.jpg?resize=525%2C300 1.5x, https:\/\/i0.wp.com\/www.bechmann.org\/amphibium\/wp-content\/uploads\/eljadida-1.jpg?resize=700%2C400 2x, https:\/\/i0.wp.com\/www.bechmann.org\/amphibium\/wp-content\/uploads\/eljadida-1.jpg?resize=1050%2C600 3x, https:\/\/i0.wp.com\/www.bechmann.org\/amphibium\/wp-content\/uploads\/eljadida-1.jpg?resize=1400%2C800 4x"},"classes":[]},{"id":3639,"url":"https:\/\/www.bechmann.org\/amphibium\/im-zeichen-der-nomaden\/","url_meta":{"origin":3573,"position":4},"title":"Im Zeichen der Nomaden","author":"Oliver","date":"16. November 2018","format":false,"excerpt":"In Tan-Tan beginnt nach allgemeinem Verst\u00e4ndnis die Westsahara bzw. der Einstieg in die W\u00fcsten bzw. Halbw\u00fcsten Marokkos auf dessen westlichen Flanke. In der Geologie wird fein differenziert in semi-aride, aride und hyper-aride Regionen, also Voll- und Halbw\u00fcsten und auch Trockensavannen. Generell: 80 Prozent aller W\u00fcsten weltweit sind Fels-, Ger\u00f6ll-, Stein-\u2026","rel":"","context":"In &quot;Land&quot;","block_context":{"text":"Land","link":"https:\/\/www.bechmann.org\/amphibium\/category\/land\/"},"img":{"alt_text":"","src":"https:\/\/i0.wp.com\/www.bechmann.org\/amphibium\/wp-content\/uploads\/IMG_8571-2.jpg?resize=350%2C200","width":350,"height":200,"srcset":"https:\/\/i0.wp.com\/www.bechmann.org\/amphibium\/wp-content\/uploads\/IMG_8571-2.jpg?resize=350%2C200 1x, https:\/\/i0.wp.com\/www.bechmann.org\/amphibium\/wp-content\/uploads\/IMG_8571-2.jpg?resize=525%2C300 1.5x, https:\/\/i0.wp.com\/www.bechmann.org\/amphibium\/wp-content\/uploads\/IMG_8571-2.jpg?resize=700%2C400 2x"},"classes":[]},{"id":5051,"url":"https:\/\/www.bechmann.org\/amphibium\/wie-corona-das-unser-reisen-veraendert-hat\/","url_meta":{"origin":3573,"position":5},"title":"Wie Corona das &#038; unser Reisen ver\u00e4ndert hat","author":"Oliver","date":"16. September 2020","format":false,"excerpt":"Ford Ranger mit improvisiertem \"Beduinen-Zelt\": gem\u00fctlich = drau\u00dfen. Im Corona-Jahr 2020 sollte es im April nach Marokko gehen, im Mai nach Spanien; nach Nordafrika sogar als eine Art Guide f\u00fcr Selbstverteidigung f\u00fcr Reisende & Wildnisp\u00e4dagoge bei einer gef\u00fchrten Lkw-Tour von Eine Welt Reisen \u2013 entweder mit unserem Unimog oder unserem\u2026","rel":"","context":"In &quot;Land&quot;","block_context":{"text":"Land","link":"https:\/\/www.bechmann.org\/amphibium\/category\/land\/"},"img":{"alt_text":"","src":"https:\/\/i0.wp.com\/www.bechmann.org\/amphibium\/wp-content\/uploads\/IMG_20200817_163940-scaled.jpg?resize=350%2C200","width":350,"height":200,"srcset":"https:\/\/i0.wp.com\/www.bechmann.org\/amphibium\/wp-content\/uploads\/IMG_20200817_163940-scaled.jpg?resize=350%2C200 1x, https:\/\/i0.wp.com\/www.bechmann.org\/amphibium\/wp-content\/uploads\/IMG_20200817_163940-scaled.jpg?resize=525%2C300 1.5x, https:\/\/i0.wp.com\/www.bechmann.org\/amphibium\/wp-content\/uploads\/IMG_20200817_163940-scaled.jpg?resize=700%2C400 2x, https:\/\/i0.wp.com\/www.bechmann.org\/amphibium\/wp-content\/uploads\/IMG_20200817_163940-scaled.jpg?resize=1050%2C600 3x, https:\/\/i0.wp.com\/www.bechmann.org\/amphibium\/wp-content\/uploads\/IMG_20200817_163940-scaled.jpg?resize=1400%2C800 4x"},"classes":[]}],"jetpack_sharing_enabled":true,"_links":{"self":[{"href":"https:\/\/www.bechmann.org\/amphibium\/wp-json\/wp\/v2\/posts\/3573","targetHints":{"allow":["GET"]}}],"collection":[{"href":"https:\/\/www.bechmann.org\/amphibium\/wp-json\/wp\/v2\/posts"}],"about":[{"href":"https:\/\/www.bechmann.org\/amphibium\/wp-json\/wp\/v2\/types\/post"}],"author":[{"embeddable":true,"href":"https:\/\/www.bechmann.org\/amphibium\/wp-json\/wp\/v2\/users\/1"}],"replies":[{"embeddable":true,"href":"https:\/\/www.bechmann.org\/amphibium\/wp-json\/wp\/v2\/comments?post=3573"}],"version-history":[{"count":6,"href":"https:\/\/www.bechmann.org\/amphibium\/wp-json\/wp\/v2\/posts\/3573\/revisions"}],"predecessor-version":[{"id":3625,"href":"https:\/\/www.bechmann.org\/amphibium\/wp-json\/wp\/v2\/posts\/3573\/revisions\/3625"}],"wp:attachment":[{"href":"https:\/\/www.bechmann.org\/amphibium\/wp-json\/wp\/v2\/media?parent=3573"}],"wp:term":[{"taxonomy":"category","embeddable":true,"href":"https:\/\/www.bechmann.org\/amphibium\/wp-json\/wp\/v2\/categories?post=3573"},{"taxonomy":"post_tag","embeddable":true,"href":"https:\/\/www.bechmann.org\/amphibium\/wp-json\/wp\/v2\/tags?post=3573"}],"curies":[{"name":"wp","href":"https:\/\/api.w.org\/{rel}","templated":true}]}}