{"id":3313,"date":"2018-04-16T19:08:00","date_gmt":"2018-04-16T17:08:00","guid":{"rendered":"http:\/\/www.bechmann.org\/amphibium\/?p=3313"},"modified":"2024-04-30T13:34:10","modified_gmt":"2024-04-30T11:34:10","slug":"von-felsen-festungen-strnden-steinen","status":"publish","type":"post","link":"https:\/\/www.bechmann.org\/amphibium\/von-felsen-festungen-strnden-steinen\/","title":{"rendered":"Von Felsen &amp; Festungen, Str&auml;nden &amp; Steinen"},"content":{"rendered":"<div style=\"width: 1038px\" class=\"wp-caption aligncenter\"><a href=\"https:\/\/www.bechmann.org\/amphibium\/?p=3190\" target=\"_blank\" rel=\"noopener\"><img data-recalc-dims=\"1\" loading=\"lazy\" decoding=\"async\" style=\"display: inline; background-image: none;\" title=\"acrocorinth1\" src=\"https:\/\/i0.wp.com\/www.bechmann.org\/amphibium\/wp-content\/uploads\/acrocorinth1.jpg?resize=625%2C469&#038;ssl=1\" alt=\"acrocorinth1\" width=\"625\" height=\"469\" border=\"0\" \/><\/a><p class=\"wp-caption-text\">Park- und Stellplatz Acrocorinth<\/p><\/div>\n<p><a href=\"https:\/\/www.bechmann.org\/amphibium\/?p=3190\" target=\"_blank\" rel=\"noopener\">Leonidio<\/a> liegt weit zur\u00fcck, eine ganze K\u00fcstenstra\u00dfe lang, die hoch an die Felsen gepresst aufs blaue \u00c4g\u00e4iswasser herabblicken l\u00e4sst. Dann der Schwenk ins Landesinnere, \u00fcber Tripoli zum <a href=\"https:\/\/de.m.wikipedia.org\/wiki\/Isthmus_von_Korinth\" target=\"_blank\" rel=\"noopener\">Isthmus von Korinth<\/a>. Eine Landenge, die Ende des 19. Jahrhunderts durchstochen wurde, so dass Schiffe durch den <a href=\"https:\/\/de.m.wikipedia.org\/wiki\/Kanal_von_Korinth\" target=\"_blank\" rel=\"noopener\">Kanal von Korinth<\/a> fahren konnten. Eine Abk\u00fcrzung von 325 Kilometern war die Folge.<\/p>\n<p><a href=\"https:\/\/de.m.wikipedia.org\/wiki\/Korinth\" target=\"_blank\" rel=\"noopener\"><img data-recalc-dims=\"1\" loading=\"lazy\" decoding=\"async\" class=\"alignleft\" style=\"margin: 0px 8px 0px 0px; float: left; display: inline; background-image: none;\" title=\"kanal_korinth\" src=\"https:\/\/i0.wp.com\/www.bechmann.org\/amphibium\/wp-content\/uploads\/kanal_korinth.jpg?resize=296%2C394&#038;ssl=1\" alt=\"kanal_korinth\" width=\"296\" height=\"394\" align=\"left\" border=\"0\" \/><\/a><\/p>\n<p><a href=\"https:\/\/de.m.wikipedia.org\/wiki\/Korinth\" target=\"_blank\" rel=\"noopener\">Korinth<\/a>, zu hellenistisch-antiken Zeiten eine m\u00e4chtige Handelsstadt, zieht heutzutage Touristen wegen des Kanals an (den man mittig am besten in der N\u00e4he einer stinkenden Kl\u00e4ranlage besichtigen und schnell wieder verlassen kann; auf eines der angeblich immer noch 30 \u2013 kleineren \u2013 Schiffe pro Tag kann man lange warten), und wegen seiner antiken Relikte. Dazu geh\u00f6rt Archaia Korinth \u2013 die eigentliche Stadt bzw. Altstadt \u2013 und <a href=\"https:\/\/en.wikipedia.org\/wiki\/Acrocorinth\" target=\"_blank\" rel=\"noopener\">Acrocorinth<\/a>, eine Festung auf einem Felsen hoch \u00fcber der Stadt.<\/p>\n<p>Von Tripoli kommend ist Acrocorinth linkerhand kaum zu \u00fcbersehen. Auf einem Felsgipfel ragen hohe Mauern auf, unwillk\u00fcrlich wendet sich der Blick hinauf. Eine gewundene Stra\u00dfe f\u00fchrt hinauf, passiert Restaurants, Bars, Einkaufs- und Souvenirl\u00e4den in Archaia Korinth (wir erwerben dort einen 10-Liter-Kanister bestes lokales Oliven\u00f6l), und endet unmittelbar unter der Riesen-Burg auf einem kleinen Parkplatz-Plateau.<\/p>\n<div style=\"width: 1038px\" class=\"wp-caption aligncenter\"><a href=\"https:\/\/i0.wp.com\/www.bechmann.org\/amphibium\/wp-content\/uploads\/acrocorinth4.jpg?ssl=1\"><img data-recalc-dims=\"1\" loading=\"lazy\" decoding=\"async\" style=\"display: inline; background-image: none;\" title=\"acrocorinth4\" src=\"https:\/\/i0.wp.com\/www.bechmann.org\/amphibium\/wp-content\/uploads\/acrocorinth4_thumb.jpg?resize=625%2C468&#038;ssl=1\" alt=\"acrocorinth4\" width=\"625\" height=\"468\" border=\"0\" \/><\/a><p class=\"wp-caption-text\">Blick von Acrocorinth ins Landesinnere<\/p><\/div>\n<p>Ein wunderbarer Stellplatz hoch \u00fcber der Stadt, mit weitem Blick auf K\u00fcste und Meer. Zwei weitere Wohnmobilbesatzungen verbringen die Nacht dort und schauen auf die funkelnden Lichter der 30.000-Einwohner-Stadt und \u2013 in der anderen Richtung \u2013 das d\u00fcstere Gem\u00e4uer \u00fcber unseren K\u00f6pfen. Stille.<\/p>\n<p><!--more--><\/p>\n<p>Der Gr\u00fcnimog fungiert einmal mehr als Kommunikator: Jemand spricht uns in sehr gutem Deutsch an, Grieche oder\u2026 Pole? Ein Koreaner, der in Athen arbeitet, und anderthalb Stunden hergefahren ist, um seinem Sohn den Sonnenuntergang von Acrocorinth aus zu zeigen, wird diesen nahezu verpassen, weil er uns begeistert Fotos von der K\u00fcstenstadt <a href=\"https:\/\/de.m.wikipedia.org\/wiki\/Parga\" target=\"_blank\" rel=\"noopener\">Parga<\/a> zeigt.<\/p>\n<div class=\"tiled-gallery type-rectangular tiled-gallery-unresized\" data-original-width=\"625\" data-carousel-extra='{&quot;blog_id&quot;:1,&quot;permalink&quot;:&quot;https:\\\/\\\/www.bechmann.org\\\/amphibium\\\/von-felsen-festungen-strnden-steinen\\\/&quot;,&quot;likes_blog_id&quot;:68534324}' itemscope itemtype=\"http:\/\/schema.org\/ImageGallery\" > <div class=\"gallery-row\" style=\"width: 625px; height: 314px;\" data-original-width=\"625\" data-original-height=\"314\" > <div class=\"gallery-group images-1\" style=\"width: 417px; height: 314px;\" data-original-width=\"417\" data-original-height=\"314\" > <div class=\"tiled-gallery-item tiled-gallery-item-large\" itemprop=\"associatedMedia\" itemscope itemtype=\"http:\/\/schema.org\/ImageObject\"> <a href=\"https:\/\/www.bechmann.org\/amphibium\/von-felsen-festungen-strnden-steinen\/acrocorinth5-jpg\/\" border=\"0\" itemprop=\"url\"> <meta itemprop=\"width\" content=\"413\"> <meta itemprop=\"height\" content=\"310\"> <img decoding=\"async\" class=\"\" data-attachment-id=\"3326\" data-orig-file=\"https:\/\/www.bechmann.org\/amphibium\/wp-content\/uploads\/acrocorinth5.jpg\" data-orig-size=\"1024,768\" data-comments-opened=\"\" data-image-meta=\"{&quot;aperture&quot;:&quot;0&quot;,&quot;credit&quot;:&quot;&quot;,&quot;camera&quot;:&quot;&quot;,&quot;caption&quot;:&quot;&quot;,&quot;created_timestamp&quot;:&quot;0&quot;,&quot;copyright&quot;:&quot;&quot;,&quot;focal_length&quot;:&quot;0&quot;,&quot;iso&quot;:&quot;0&quot;,&quot;shutter_speed&quot;:&quot;0&quot;,&quot;title&quot;:&quot;&quot;,&quot;orientation&quot;:&quot;0&quot;}\" data-image-title=\"acrocorinth5.jpg\" data-image-description=\"\" data-medium-file=\"https:\/\/i0.wp.com\/www.bechmann.org\/amphibium\/wp-content\/uploads\/acrocorinth5.jpg?fit=300%2C225&#038;ssl=1\" data-large-file=\"https:\/\/i0.wp.com\/www.bechmann.org\/amphibium\/wp-content\/uploads\/acrocorinth5.jpg?fit=625%2C469&#038;ssl=1\" src=\"https:\/\/i0.wp.com\/www.bechmann.org\/amphibium\/wp-content\/uploads\/acrocorinth5.jpg?w=413&#038;h=310&#038;ssl=1\" srcset=\"https:\/\/i0.wp.com\/www.bechmann.org\/amphibium\/wp-content\/uploads\/acrocorinth5.jpg?w=1024&amp;ssl=1 1024w, https:\/\/i0.wp.com\/www.bechmann.org\/amphibium\/wp-content\/uploads\/acrocorinth5.jpg?resize=300%2C225&amp;ssl=1 300w, https:\/\/i0.wp.com\/www.bechmann.org\/amphibium\/wp-content\/uploads\/acrocorinth5.jpg?resize=768%2C576&amp;ssl=1 768w, https:\/\/i0.wp.com\/www.bechmann.org\/amphibium\/wp-content\/uploads\/acrocorinth5.jpg?resize=400%2C300&amp;ssl=1 400w\" width=\"413\" height=\"310\" loading=\"lazy\" data-original-width=\"413\" data-original-height=\"310\" itemprop=\"http:\/\/schema.org\/image\" title=\"acrocorinth5.jpg\" alt=\"Moschee vor Wehrturm\" style=\"width: 413px; height: 310px;\" \/> <\/a> <div class=\"tiled-gallery-caption\" itemprop=\"caption description\"> Moschee vor Wehrturm <\/div> <\/div> <\/div> <!-- close group --> <div class=\"gallery-group images-2\" style=\"width: 208px; height: 314px;\" data-original-width=\"208\" data-original-height=\"314\" > <div class=\"tiled-gallery-item tiled-gallery-item-small\" itemprop=\"associatedMedia\" itemscope itemtype=\"http:\/\/schema.org\/ImageObject\"> <a href=\"https:\/\/www.bechmann.org\/amphibium\/von-felsen-festungen-strnden-steinen\/acrocorinth3-jpg\/\" border=\"0\" itemprop=\"url\"> <meta itemprop=\"width\" content=\"204\"> <meta itemprop=\"height\" content=\"153\"> <img decoding=\"async\" class=\"\" data-attachment-id=\"3324\" data-orig-file=\"https:\/\/www.bechmann.org\/amphibium\/wp-content\/uploads\/acrocorinth3.jpg\" data-orig-size=\"1024,768\" data-comments-opened=\"\" data-image-meta=\"{&quot;aperture&quot;:&quot;0&quot;,&quot;credit&quot;:&quot;&quot;,&quot;camera&quot;:&quot;&quot;,&quot;caption&quot;:&quot;&quot;,&quot;created_timestamp&quot;:&quot;0&quot;,&quot;copyright&quot;:&quot;&quot;,&quot;focal_length&quot;:&quot;0&quot;,&quot;iso&quot;:&quot;0&quot;,&quot;shutter_speed&quot;:&quot;0&quot;,&quot;title&quot;:&quot;&quot;,&quot;orientation&quot;:&quot;0&quot;}\" data-image-title=\"acrocorinth3.jpg\" data-image-description=\"\" data-medium-file=\"https:\/\/i0.wp.com\/www.bechmann.org\/amphibium\/wp-content\/uploads\/acrocorinth3.jpg?fit=300%2C225&#038;ssl=1\" data-large-file=\"https:\/\/i0.wp.com\/www.bechmann.org\/amphibium\/wp-content\/uploads\/acrocorinth3.jpg?fit=625%2C469&#038;ssl=1\" src=\"https:\/\/i0.wp.com\/www.bechmann.org\/amphibium\/wp-content\/uploads\/acrocorinth3.jpg?w=204&#038;h=153&#038;ssl=1\" srcset=\"https:\/\/i0.wp.com\/www.bechmann.org\/amphibium\/wp-content\/uploads\/acrocorinth3.jpg?w=1024&amp;ssl=1 1024w, https:\/\/i0.wp.com\/www.bechmann.org\/amphibium\/wp-content\/uploads\/acrocorinth3.jpg?resize=300%2C225&amp;ssl=1 300w, https:\/\/i0.wp.com\/www.bechmann.org\/amphibium\/wp-content\/uploads\/acrocorinth3.jpg?resize=768%2C576&amp;ssl=1 768w, https:\/\/i0.wp.com\/www.bechmann.org\/amphibium\/wp-content\/uploads\/acrocorinth3.jpg?resize=400%2C300&amp;ssl=1 400w\" width=\"204\" height=\"153\" loading=\"lazy\" data-original-width=\"204\" data-original-height=\"153\" itemprop=\"http:\/\/schema.org\/image\" title=\"acrocorinth3.jpg\" alt=\"Mohnblumen vor Wehrturm\" style=\"width: 204px; height: 153px;\" \/> <\/a> <div class=\"tiled-gallery-caption\" itemprop=\"caption description\"> Mohnblumen vor Wehrturm <\/div> <\/div> <div class=\"tiled-gallery-item tiled-gallery-item-small\" itemprop=\"associatedMedia\" itemscope itemtype=\"http:\/\/schema.org\/ImageObject\"> <a href=\"https:\/\/www.bechmann.org\/amphibium\/von-felsen-festungen-strnden-steinen\/acrocorinth2-jpg\/\" border=\"0\" itemprop=\"url\"> <meta itemprop=\"width\" content=\"204\"> <meta itemprop=\"height\" content=\"153\"> <img decoding=\"async\" class=\"\" data-attachment-id=\"3322\" data-orig-file=\"https:\/\/www.bechmann.org\/amphibium\/wp-content\/uploads\/acrocorinth2.jpg\" data-orig-size=\"1024,768\" data-comments-opened=\"\" data-image-meta=\"{&quot;aperture&quot;:&quot;0&quot;,&quot;credit&quot;:&quot;&quot;,&quot;camera&quot;:&quot;&quot;,&quot;caption&quot;:&quot;&quot;,&quot;created_timestamp&quot;:&quot;0&quot;,&quot;copyright&quot;:&quot;&quot;,&quot;focal_length&quot;:&quot;0&quot;,&quot;iso&quot;:&quot;0&quot;,&quot;shutter_speed&quot;:&quot;0&quot;,&quot;title&quot;:&quot;&quot;,&quot;orientation&quot;:&quot;0&quot;}\" data-image-title=\"acrocorinth2.jpg\" data-image-description=\"\" data-medium-file=\"https:\/\/i0.wp.com\/www.bechmann.org\/amphibium\/wp-content\/uploads\/acrocorinth2.jpg?fit=300%2C225&#038;ssl=1\" data-large-file=\"https:\/\/i0.wp.com\/www.bechmann.org\/amphibium\/wp-content\/uploads\/acrocorinth2.jpg?fit=625%2C469&#038;ssl=1\" src=\"https:\/\/i0.wp.com\/www.bechmann.org\/amphibium\/wp-content\/uploads\/acrocorinth2.jpg?w=204&#038;h=153&#038;ssl=1\" srcset=\"https:\/\/i0.wp.com\/www.bechmann.org\/amphibium\/wp-content\/uploads\/acrocorinth2.jpg?w=1024&amp;ssl=1 1024w, https:\/\/i0.wp.com\/www.bechmann.org\/amphibium\/wp-content\/uploads\/acrocorinth2.jpg?resize=300%2C225&amp;ssl=1 300w, https:\/\/i0.wp.com\/www.bechmann.org\/amphibium\/wp-content\/uploads\/acrocorinth2.jpg?resize=768%2C576&amp;ssl=1 768w, https:\/\/i0.wp.com\/www.bechmann.org\/amphibium\/wp-content\/uploads\/acrocorinth2.jpg?resize=400%2C300&amp;ssl=1 400w\" width=\"204\" height=\"153\" loading=\"lazy\" data-original-width=\"204\" data-original-height=\"153\" itemprop=\"http:\/\/schema.org\/image\" title=\"acrocorinth2.jpg\" alt=\"Mohnblumen auf Festungsmauer\" style=\"width: 204px; height: 153px;\" \/> <\/a> <div class=\"tiled-gallery-caption\" itemprop=\"caption description\"> Mohnblumen auf Festungsmauer <\/div> <\/div> <\/div> <!-- close group --> <\/div> <!-- close row --> <div class=\"gallery-row\" style=\"width: 625px; height: 308px;\" data-original-width=\"625\" data-original-height=\"308\" > <div class=\"gallery-group images-2\" style=\"width: 216px; height: 308px;\" data-original-width=\"216\" data-original-height=\"308\" > <div class=\"tiled-gallery-item tiled-gallery-item-small\" itemprop=\"associatedMedia\" itemscope itemtype=\"http:\/\/schema.org\/ImageObject\"> <a href=\"https:\/\/www.bechmann.org\/amphibium\/von-felsen-festungen-strnden-steinen\/acrocorinth6-jpg\/\" border=\"0\" itemprop=\"url\"> <meta itemprop=\"width\" content=\"212\"> <meta itemprop=\"height\" content=\"141\"> <img decoding=\"async\" class=\"\" data-attachment-id=\"3328\" data-orig-file=\"https:\/\/www.bechmann.org\/amphibium\/wp-content\/uploads\/acrocorinth6.jpg\" data-orig-size=\"1024,683\" data-comments-opened=\"\" data-image-meta=\"{&quot;aperture&quot;:&quot;0&quot;,&quot;credit&quot;:&quot;&quot;,&quot;camera&quot;:&quot;&quot;,&quot;caption&quot;:&quot;&quot;,&quot;created_timestamp&quot;:&quot;0&quot;,&quot;copyright&quot;:&quot;&quot;,&quot;focal_length&quot;:&quot;0&quot;,&quot;iso&quot;:&quot;0&quot;,&quot;shutter_speed&quot;:&quot;0&quot;,&quot;title&quot;:&quot;&quot;,&quot;orientation&quot;:&quot;0&quot;}\" data-image-title=\"acrocorinth6.jpg\" data-image-description=\"\" data-medium-file=\"https:\/\/i0.wp.com\/www.bechmann.org\/amphibium\/wp-content\/uploads\/acrocorinth6.jpg?fit=300%2C200&#038;ssl=1\" data-large-file=\"https:\/\/i0.wp.com\/www.bechmann.org\/amphibium\/wp-content\/uploads\/acrocorinth6.jpg?fit=625%2C417&#038;ssl=1\" src=\"https:\/\/i0.wp.com\/www.bechmann.org\/amphibium\/wp-content\/uploads\/acrocorinth6.jpg?w=212&#038;h=141&#038;ssl=1\" srcset=\"https:\/\/i0.wp.com\/www.bechmann.org\/amphibium\/wp-content\/uploads\/acrocorinth6.jpg?w=1024&amp;ssl=1 1024w, https:\/\/i0.wp.com\/www.bechmann.org\/amphibium\/wp-content\/uploads\/acrocorinth6.jpg?resize=300%2C200&amp;ssl=1 300w, https:\/\/i0.wp.com\/www.bechmann.org\/amphibium\/wp-content\/uploads\/acrocorinth6.jpg?resize=768%2C512&amp;ssl=1 768w, https:\/\/i0.wp.com\/www.bechmann.org\/amphibium\/wp-content\/uploads\/acrocorinth6.jpg?resize=450%2C300&amp;ssl=1 450w\" width=\"212\" height=\"141\" loading=\"lazy\" data-original-width=\"212\" data-original-height=\"141\" itemprop=\"http:\/\/schema.org\/image\" title=\"acrocorinth6.jpg\" alt=\"Mohnblumen Detail\" style=\"width: 212px; height: 141px;\" \/> <\/a> <div class=\"tiled-gallery-caption\" itemprop=\"caption description\"> Mohnblumen Detail <\/div> <\/div> <div class=\"tiled-gallery-item tiled-gallery-item-small\" itemprop=\"associatedMedia\" itemscope itemtype=\"http:\/\/schema.org\/ImageObject\"> <a href=\"https:\/\/www.bechmann.org\/amphibium\/von-felsen-festungen-strnden-steinen\/acrocorinth7-jpg\/\" border=\"0\" itemprop=\"url\"> <meta itemprop=\"width\" content=\"212\"> <meta itemprop=\"height\" content=\"159\"> <img decoding=\"async\" class=\"\" data-attachment-id=\"3330\" data-orig-file=\"https:\/\/www.bechmann.org\/amphibium\/wp-content\/uploads\/acrocorinth7.jpg\" data-orig-size=\"1024,768\" data-comments-opened=\"\" data-image-meta=\"{&quot;aperture&quot;:&quot;0&quot;,&quot;credit&quot;:&quot;&quot;,&quot;camera&quot;:&quot;&quot;,&quot;caption&quot;:&quot;&quot;,&quot;created_timestamp&quot;:&quot;0&quot;,&quot;copyright&quot;:&quot;&quot;,&quot;focal_length&quot;:&quot;0&quot;,&quot;iso&quot;:&quot;0&quot;,&quot;shutter_speed&quot;:&quot;0&quot;,&quot;title&quot;:&quot;&quot;,&quot;orientation&quot;:&quot;0&quot;}\" data-image-title=\"acrocorinth7.jpg\" data-image-description=\"\" data-medium-file=\"https:\/\/i0.wp.com\/www.bechmann.org\/amphibium\/wp-content\/uploads\/acrocorinth7.jpg?fit=300%2C225&#038;ssl=1\" data-large-file=\"https:\/\/i0.wp.com\/www.bechmann.org\/amphibium\/wp-content\/uploads\/acrocorinth7.jpg?fit=625%2C469&#038;ssl=1\" src=\"https:\/\/i0.wp.com\/www.bechmann.org\/amphibium\/wp-content\/uploads\/acrocorinth7.jpg?w=212&#038;h=159&#038;ssl=1\" srcset=\"https:\/\/i0.wp.com\/www.bechmann.org\/amphibium\/wp-content\/uploads\/acrocorinth7.jpg?w=1024&amp;ssl=1 1024w, https:\/\/i0.wp.com\/www.bechmann.org\/amphibium\/wp-content\/uploads\/acrocorinth7.jpg?resize=300%2C225&amp;ssl=1 300w, https:\/\/i0.wp.com\/www.bechmann.org\/amphibium\/wp-content\/uploads\/acrocorinth7.jpg?resize=768%2C576&amp;ssl=1 768w, https:\/\/i0.wp.com\/www.bechmann.org\/amphibium\/wp-content\/uploads\/acrocorinth7.jpg?resize=400%2C300&amp;ssl=1 400w\" width=\"212\" height=\"159\" loading=\"lazy\" data-original-width=\"212\" data-original-height=\"159\" itemprop=\"http:\/\/schema.org\/image\" title=\"acrocorinth7.jpg\" alt=\"Wehrturm\" style=\"width: 212px; height: 159px;\" \/> <\/a> <div class=\"tiled-gallery-caption\" itemprop=\"caption description\"> Wehrturm <\/div> <\/div> <\/div> <!-- close group --> <div class=\"gallery-group images-1\" style=\"width: 409px; height: 308px;\" data-original-width=\"409\" data-original-height=\"308\" > <div class=\"tiled-gallery-item tiled-gallery-item-large\" itemprop=\"associatedMedia\" itemscope itemtype=\"http:\/\/schema.org\/ImageObject\"> <a href=\"https:\/\/www.bechmann.org\/amphibium\/von-felsen-festungen-strnden-steinen\/acrocorinth8-jpg\/\" border=\"0\" itemprop=\"url\"> <meta itemprop=\"width\" content=\"405\"> <meta itemprop=\"height\" content=\"304\"> <img decoding=\"async\" class=\"\" data-attachment-id=\"3332\" data-orig-file=\"https:\/\/www.bechmann.org\/amphibium\/wp-content\/uploads\/acrocorinth8.jpg\" data-orig-size=\"1024,768\" data-comments-opened=\"\" data-image-meta=\"{&quot;aperture&quot;:&quot;0&quot;,&quot;credit&quot;:&quot;&quot;,&quot;camera&quot;:&quot;&quot;,&quot;caption&quot;:&quot;&quot;,&quot;created_timestamp&quot;:&quot;0&quot;,&quot;copyright&quot;:&quot;&quot;,&quot;focal_length&quot;:&quot;0&quot;,&quot;iso&quot;:&quot;0&quot;,&quot;shutter_speed&quot;:&quot;0&quot;,&quot;title&quot;:&quot;&quot;,&quot;orientation&quot;:&quot;0&quot;}\" data-image-title=\"acrocorinth8.jpg\" data-image-description=\"\" data-medium-file=\"https:\/\/i0.wp.com\/www.bechmann.org\/amphibium\/wp-content\/uploads\/acrocorinth8.jpg?fit=300%2C225&#038;ssl=1\" data-large-file=\"https:\/\/i0.wp.com\/www.bechmann.org\/amphibium\/wp-content\/uploads\/acrocorinth8.jpg?fit=625%2C469&#038;ssl=1\" src=\"https:\/\/i0.wp.com\/www.bechmann.org\/amphibium\/wp-content\/uploads\/acrocorinth8.jpg?w=405&#038;h=304&#038;ssl=1\" srcset=\"https:\/\/i0.wp.com\/www.bechmann.org\/amphibium\/wp-content\/uploads\/acrocorinth8.jpg?w=1024&amp;ssl=1 1024w, https:\/\/i0.wp.com\/www.bechmann.org\/amphibium\/wp-content\/uploads\/acrocorinth8.jpg?resize=300%2C225&amp;ssl=1 300w, https:\/\/i0.wp.com\/www.bechmann.org\/amphibium\/wp-content\/uploads\/acrocorinth8.jpg?resize=768%2C576&amp;ssl=1 768w, https:\/\/i0.wp.com\/www.bechmann.org\/amphibium\/wp-content\/uploads\/acrocorinth8.jpg?resize=400%2C300&amp;ssl=1 400w\" width=\"405\" height=\"304\" loading=\"lazy\" data-original-width=\"405\" data-original-height=\"304\" itemprop=\"http:\/\/schema.org\/image\" title=\"acrocorinth8.jpg\" alt=\"Blick in Richtung K\u00fcste\" style=\"width: 405px; height: 304px;\" \/> <\/a> <div class=\"tiled-gallery-caption\" itemprop=\"caption description\"> Blick in Richtung K\u00fcste <\/div> <\/div> <\/div> <!-- close group --> <\/div> <!-- close row --> <div class=\"gallery-row\" style=\"width: 625px; height: 210px;\" data-original-width=\"625\" data-original-height=\"210\" > <div class=\"gallery-group images-1\" style=\"width: 313px; height: 210px;\" data-original-width=\"313\" data-original-height=\"210\" > <div class=\"tiled-gallery-item tiled-gallery-item-large\" itemprop=\"associatedMedia\" itemscope itemtype=\"http:\/\/schema.org\/ImageObject\"> <a href=\"https:\/\/www.bechmann.org\/amphibium\/von-felsen-festungen-strnden-steinen\/acrocorinth9-jpg\/\" border=\"0\" itemprop=\"url\"> <meta itemprop=\"width\" content=\"309\"> <meta itemprop=\"height\" content=\"206\"> <img decoding=\"async\" class=\"\" data-attachment-id=\"3334\" data-orig-file=\"https:\/\/www.bechmann.org\/amphibium\/wp-content\/uploads\/acrocorinth9.jpg\" data-orig-size=\"1024,683\" data-comments-opened=\"\" data-image-meta=\"{&quot;aperture&quot;:&quot;0&quot;,&quot;credit&quot;:&quot;&quot;,&quot;camera&quot;:&quot;&quot;,&quot;caption&quot;:&quot;&quot;,&quot;created_timestamp&quot;:&quot;0&quot;,&quot;copyright&quot;:&quot;&quot;,&quot;focal_length&quot;:&quot;0&quot;,&quot;iso&quot;:&quot;0&quot;,&quot;shutter_speed&quot;:&quot;0&quot;,&quot;title&quot;:&quot;&quot;,&quot;orientation&quot;:&quot;0&quot;}\" data-image-title=\"acrocorinth9.jpg\" data-image-description=\"\" data-medium-file=\"https:\/\/i0.wp.com\/www.bechmann.org\/amphibium\/wp-content\/uploads\/acrocorinth9.jpg?fit=300%2C200&#038;ssl=1\" data-large-file=\"https:\/\/i0.wp.com\/www.bechmann.org\/amphibium\/wp-content\/uploads\/acrocorinth9.jpg?fit=625%2C417&#038;ssl=1\" src=\"https:\/\/i0.wp.com\/www.bechmann.org\/amphibium\/wp-content\/uploads\/acrocorinth9.jpg?w=309&#038;h=206&#038;ssl=1\" srcset=\"https:\/\/i0.wp.com\/www.bechmann.org\/amphibium\/wp-content\/uploads\/acrocorinth9.jpg?w=1024&amp;ssl=1 1024w, https:\/\/i0.wp.com\/www.bechmann.org\/amphibium\/wp-content\/uploads\/acrocorinth9.jpg?resize=300%2C200&amp;ssl=1 300w, https:\/\/i0.wp.com\/www.bechmann.org\/amphibium\/wp-content\/uploads\/acrocorinth9.jpg?resize=768%2C512&amp;ssl=1 768w, https:\/\/i0.wp.com\/www.bechmann.org\/amphibium\/wp-content\/uploads\/acrocorinth9.jpg?resize=450%2C300&amp;ssl=1 450w\" width=\"309\" height=\"206\" loading=\"lazy\" data-original-width=\"309\" data-original-height=\"206\" itemprop=\"http:\/\/schema.org\/image\" title=\"acrocorinth9.jpg\" alt=\"Mohn-Blumen-Wiese\" style=\"width: 309px; height: 206px;\" \/> <\/a> <div class=\"tiled-gallery-caption\" itemprop=\"caption description\"> Mohn-Blumen-Wiese <\/div> <\/div> <\/div> <!-- close group --> <div class=\"gallery-group images-1\" style=\"width: 312px; height: 210px;\" data-original-width=\"312\" data-original-height=\"210\" > <div class=\"tiled-gallery-item tiled-gallery-item-large\" itemprop=\"associatedMedia\" itemscope itemtype=\"http:\/\/schema.org\/ImageObject\"> <a href=\"https:\/\/www.bechmann.org\/amphibium\/von-felsen-festungen-strnden-steinen\/acrocorinth10-jpg\/\" border=\"0\" itemprop=\"url\"> <meta itemprop=\"width\" content=\"308\"> <meta itemprop=\"height\" content=\"206\"> <img decoding=\"async\" class=\"\" data-attachment-id=\"3336\" data-orig-file=\"https:\/\/www.bechmann.org\/amphibium\/wp-content\/uploads\/acrocorinth10.jpg\" data-orig-size=\"1024,683\" data-comments-opened=\"\" data-image-meta=\"{&quot;aperture&quot;:&quot;0&quot;,&quot;credit&quot;:&quot;&quot;,&quot;camera&quot;:&quot;&quot;,&quot;caption&quot;:&quot;&quot;,&quot;created_timestamp&quot;:&quot;0&quot;,&quot;copyright&quot;:&quot;&quot;,&quot;focal_length&quot;:&quot;0&quot;,&quot;iso&quot;:&quot;0&quot;,&quot;shutter_speed&quot;:&quot;0&quot;,&quot;title&quot;:&quot;&quot;,&quot;orientation&quot;:&quot;0&quot;}\" data-image-title=\"acrocorinth10.jpg\" data-image-description=\"\" data-medium-file=\"https:\/\/i0.wp.com\/www.bechmann.org\/amphibium\/wp-content\/uploads\/acrocorinth10.jpg?fit=300%2C200&#038;ssl=1\" data-large-file=\"https:\/\/i0.wp.com\/www.bechmann.org\/amphibium\/wp-content\/uploads\/acrocorinth10.jpg?fit=625%2C417&#038;ssl=1\" src=\"https:\/\/i0.wp.com\/www.bechmann.org\/amphibium\/wp-content\/uploads\/acrocorinth10.jpg?w=308&#038;h=206&#038;ssl=1\" srcset=\"https:\/\/i0.wp.com\/www.bechmann.org\/amphibium\/wp-content\/uploads\/acrocorinth10.jpg?w=1024&amp;ssl=1 1024w, https:\/\/i0.wp.com\/www.bechmann.org\/amphibium\/wp-content\/uploads\/acrocorinth10.jpg?resize=300%2C200&amp;ssl=1 300w, https:\/\/i0.wp.com\/www.bechmann.org\/amphibium\/wp-content\/uploads\/acrocorinth10.jpg?resize=768%2C512&amp;ssl=1 768w, https:\/\/i0.wp.com\/www.bechmann.org\/amphibium\/wp-content\/uploads\/acrocorinth10.jpg?resize=450%2C300&amp;ssl=1 450w\" width=\"308\" height=\"206\" loading=\"lazy\" data-original-width=\"308\" data-original-height=\"206\" itemprop=\"http:\/\/schema.org\/image\" title=\"acrocorinth10.jpg\" alt=\"Mohnblumen auf Ruinen\" style=\"width: 308px; height: 206px;\" \/> <\/a> <div class=\"tiled-gallery-caption\" itemprop=\"caption description\"> Mohnblumen auf Ruinen <\/div> <\/div> <\/div> <!-- close group --> <\/div> <!-- close row --> <\/div>\n<p>Acrocorinth hatte wechselnde Besitzer, Besatzer und Beherrscher, und so finden sich in dem weitl\u00e4ufigen Areal sowohl \u00dcberreste von Kirchen wie Moscheen \u2013 die offensichtlich im gleichen Zeitraum nebeneinander existierten. Heutzutage, jetzt im Fr\u00fchling, faszinieren die Mohnblumen.<\/p>\n<p>In Archaia Korinth beeindrucken die \u00dcberreste des Apollo-Tempels, die der B\u00e4der aus griechischer wie r\u00f6mischer Zeit und eine im Reisebus herangekarrte US-Gospel-Gemeinde, deren jugendliche Mitglieder sich nicht zu benehmen wissen.<\/p>\n<div class=\"tiled-gallery type-rectangular tiled-gallery-unresized\" data-original-width=\"625\" data-carousel-extra='{&quot;blog_id&quot;:1,&quot;permalink&quot;:&quot;https:\\\/\\\/www.bechmann.org\\\/amphibium\\\/von-felsen-festungen-strnden-steinen\\\/&quot;,&quot;likes_blog_id&quot;:68534324}' itemscope itemtype=\"http:\/\/schema.org\/ImageGallery\" > <div class=\"gallery-row\" style=\"width: 625px; height: 210px;\" data-original-width=\"625\" data-original-height=\"210\" > <div class=\"gallery-group images-1\" style=\"width: 313px; height: 210px;\" data-original-width=\"313\" data-original-height=\"210\" > <div class=\"tiled-gallery-item tiled-gallery-item-large\" itemprop=\"associatedMedia\" itemscope itemtype=\"http:\/\/schema.org\/ImageObject\"> <a href=\"https:\/\/www.bechmann.org\/amphibium\/von-felsen-festungen-strnden-steinen\/archaiakorinth1-jpg\/\" border=\"0\" itemprop=\"url\"> <meta itemprop=\"width\" content=\"309\"> <meta itemprop=\"height\" content=\"206\"> <img decoding=\"async\" class=\"\" data-attachment-id=\"3338\" data-orig-file=\"https:\/\/www.bechmann.org\/amphibium\/wp-content\/uploads\/archaiakorinth1.jpg\" data-orig-size=\"1024,683\" data-comments-opened=\"\" data-image-meta=\"{&quot;aperture&quot;:&quot;0&quot;,&quot;credit&quot;:&quot;&quot;,&quot;camera&quot;:&quot;&quot;,&quot;caption&quot;:&quot;&quot;,&quot;created_timestamp&quot;:&quot;0&quot;,&quot;copyright&quot;:&quot;&quot;,&quot;focal_length&quot;:&quot;0&quot;,&quot;iso&quot;:&quot;0&quot;,&quot;shutter_speed&quot;:&quot;0&quot;,&quot;title&quot;:&quot;&quot;,&quot;orientation&quot;:&quot;0&quot;}\" data-image-title=\"archaiakorinth1.jpg\" data-image-description=\"\" data-medium-file=\"https:\/\/i0.wp.com\/www.bechmann.org\/amphibium\/wp-content\/uploads\/archaiakorinth1.jpg?fit=300%2C200&#038;ssl=1\" data-large-file=\"https:\/\/i0.wp.com\/www.bechmann.org\/amphibium\/wp-content\/uploads\/archaiakorinth1.jpg?fit=625%2C417&#038;ssl=1\" src=\"https:\/\/i0.wp.com\/www.bechmann.org\/amphibium\/wp-content\/uploads\/archaiakorinth1.jpg?w=309&#038;h=206&#038;ssl=1\" srcset=\"https:\/\/i0.wp.com\/www.bechmann.org\/amphibium\/wp-content\/uploads\/archaiakorinth1.jpg?w=1024&amp;ssl=1 1024w, https:\/\/i0.wp.com\/www.bechmann.org\/amphibium\/wp-content\/uploads\/archaiakorinth1.jpg?resize=300%2C200&amp;ssl=1 300w, https:\/\/i0.wp.com\/www.bechmann.org\/amphibium\/wp-content\/uploads\/archaiakorinth1.jpg?resize=768%2C512&amp;ssl=1 768w, https:\/\/i0.wp.com\/www.bechmann.org\/amphibium\/wp-content\/uploads\/archaiakorinth1.jpg?resize=450%2C300&amp;ssl=1 450w\" width=\"309\" height=\"206\" loading=\"lazy\" data-original-width=\"309\" data-original-height=\"206\" itemprop=\"http:\/\/schema.org\/image\" title=\"archaiakorinth1.jpg\" alt=\"Hintere S\u00e4ulen des Apollo-Tempels\" style=\"width: 309px; height: 206px;\" \/> <\/a> <div class=\"tiled-gallery-caption\" itemprop=\"caption description\"> Hintere S\u00e4ulen des Apollo-Tempels <\/div> <\/div> <\/div> <!-- close group --> <div class=\"gallery-group images-1\" style=\"width: 312px; height: 210px;\" data-original-width=\"312\" data-original-height=\"210\" > <div class=\"tiled-gallery-item tiled-gallery-item-large\" itemprop=\"associatedMedia\" itemscope itemtype=\"http:\/\/schema.org\/ImageObject\"> <a href=\"https:\/\/www.bechmann.org\/amphibium\/von-felsen-festungen-strnden-steinen\/archaiakorinth2-jpg\/\" border=\"0\" itemprop=\"url\"> <meta itemprop=\"width\" content=\"308\"> <meta itemprop=\"height\" content=\"206\"> <img decoding=\"async\" class=\"\" data-attachment-id=\"3340\" data-orig-file=\"https:\/\/www.bechmann.org\/amphibium\/wp-content\/uploads\/archaiakorinth2.jpg\" data-orig-size=\"1024,683\" data-comments-opened=\"\" data-image-meta=\"{&quot;aperture&quot;:&quot;0&quot;,&quot;credit&quot;:&quot;&quot;,&quot;camera&quot;:&quot;&quot;,&quot;caption&quot;:&quot;&quot;,&quot;created_timestamp&quot;:&quot;0&quot;,&quot;copyright&quot;:&quot;&quot;,&quot;focal_length&quot;:&quot;0&quot;,&quot;iso&quot;:&quot;0&quot;,&quot;shutter_speed&quot;:&quot;0&quot;,&quot;title&quot;:&quot;&quot;,&quot;orientation&quot;:&quot;0&quot;}\" data-image-title=\"archaiakorinth2.jpg\" data-image-description=\"\" data-medium-file=\"https:\/\/i0.wp.com\/www.bechmann.org\/amphibium\/wp-content\/uploads\/archaiakorinth2.jpg?fit=300%2C200&#038;ssl=1\" data-large-file=\"https:\/\/i0.wp.com\/www.bechmann.org\/amphibium\/wp-content\/uploads\/archaiakorinth2.jpg?fit=625%2C417&#038;ssl=1\" src=\"https:\/\/i0.wp.com\/www.bechmann.org\/amphibium\/wp-content\/uploads\/archaiakorinth2.jpg?w=308&#038;h=206&#038;ssl=1\" srcset=\"https:\/\/i0.wp.com\/www.bechmann.org\/amphibium\/wp-content\/uploads\/archaiakorinth2.jpg?w=1024&amp;ssl=1 1024w, https:\/\/i0.wp.com\/www.bechmann.org\/amphibium\/wp-content\/uploads\/archaiakorinth2.jpg?resize=300%2C200&amp;ssl=1 300w, https:\/\/i0.wp.com\/www.bechmann.org\/amphibium\/wp-content\/uploads\/archaiakorinth2.jpg?resize=768%2C512&amp;ssl=1 768w, https:\/\/i0.wp.com\/www.bechmann.org\/amphibium\/wp-content\/uploads\/archaiakorinth2.jpg?resize=450%2C300&amp;ssl=1 450w\" width=\"308\" height=\"206\" loading=\"lazy\" data-original-width=\"308\" data-original-height=\"206\" itemprop=\"http:\/\/schema.org\/image\" title=\"archaiakorinth2.jpg\" alt=\"US-Gruppe im Schatten\" style=\"width: 308px; height: 206px;\" \/> <\/a> <div class=\"tiled-gallery-caption\" itemprop=\"caption description\"> US-Gruppe im Schatten <\/div> <\/div> <\/div> <!-- close group --> <\/div> <!-- close row --> <\/div>\n<p>Ein kleines Mittagsmahl in einem Restaurant mit Veranda hoch \u00fcber Archaia Korinth lassen wir uns nicht nehmen, dann richtet sich die Schnauze des Gr\u00fcnimog gen Westen, gen Patras, und wir \u00fcberqueren die <a href=\"https:\/\/de.m.wikipedia.org\/wiki\/Rio-Andirrio-Br%C3%BCcke\">Charilaos-Trikoupis-Br\u00fccke<\/a>. Hier beeindruckt vor allem der enorm starke Wind, der \u00fcber diese zweitl\u00e4ngste Schr\u00e4gseilbr\u00fccke der Welt fegt.<\/p>\n<p>Das Nachtlager errichten wir in Xiliadou, nunmehr auf der nordgriechischen Seite, einem Badeort im Winterschlaf mit einem dieser langen, schmalen Sandstr\u00e4nde, die in den konsultierten Reisef\u00fchrern das Etikett \u201cTraumstrand\u201d bekommen \u2013 warum nur? Einfach ein solider kiesdurchsetzter Sandstrand, mit viel Plastikm\u00fcll. Und viel Wind.<\/p>\n<div class=\"tiled-gallery type-rectangular tiled-gallery-unresized\" data-original-width=\"625\" data-carousel-extra='{&quot;blog_id&quot;:1,&quot;permalink&quot;:&quot;https:\\\/\\\/www.bechmann.org\\\/amphibium\\\/von-felsen-festungen-strnden-steinen\\\/&quot;,&quot;likes_blog_id&quot;:68534324}' itemscope itemtype=\"http:\/\/schema.org\/ImageGallery\" > <div class=\"gallery-row\" style=\"width: 625px; height: 314px;\" data-original-width=\"625\" data-original-height=\"314\" > <div class=\"gallery-group images-1\" style=\"width: 417px; height: 314px;\" data-original-width=\"417\" data-original-height=\"314\" > <div class=\"tiled-gallery-item tiled-gallery-item-large\" itemprop=\"associatedMedia\" itemscope itemtype=\"http:\/\/schema.org\/ImageObject\"> <a href=\"https:\/\/www.bechmann.org\/amphibium\/von-felsen-festungen-strnden-steinen\/xiliadou1-jpg\/\" border=\"0\" itemprop=\"url\"> <meta itemprop=\"width\" content=\"413\"> <meta itemprop=\"height\" content=\"310\"> <img decoding=\"async\" class=\"\" data-attachment-id=\"3348\" data-orig-file=\"https:\/\/www.bechmann.org\/amphibium\/wp-content\/uploads\/xiliadou1.jpg\" data-orig-size=\"1024,768\" data-comments-opened=\"\" data-image-meta=\"{&quot;aperture&quot;:&quot;0&quot;,&quot;credit&quot;:&quot;&quot;,&quot;camera&quot;:&quot;&quot;,&quot;caption&quot;:&quot;&quot;,&quot;created_timestamp&quot;:&quot;0&quot;,&quot;copyright&quot;:&quot;&quot;,&quot;focal_length&quot;:&quot;0&quot;,&quot;iso&quot;:&quot;0&quot;,&quot;shutter_speed&quot;:&quot;0&quot;,&quot;title&quot;:&quot;&quot;,&quot;orientation&quot;:&quot;0&quot;}\" data-image-title=\"xiliadou1.jpg\" data-image-description=\"\" data-medium-file=\"https:\/\/i0.wp.com\/www.bechmann.org\/amphibium\/wp-content\/uploads\/xiliadou1.jpg?fit=300%2C225&#038;ssl=1\" data-large-file=\"https:\/\/i0.wp.com\/www.bechmann.org\/amphibium\/wp-content\/uploads\/xiliadou1.jpg?fit=625%2C469&#038;ssl=1\" src=\"https:\/\/i0.wp.com\/www.bechmann.org\/amphibium\/wp-content\/uploads\/xiliadou1.jpg?w=413&#038;h=310&#038;ssl=1\" srcset=\"https:\/\/i0.wp.com\/www.bechmann.org\/amphibium\/wp-content\/uploads\/xiliadou1.jpg?w=1024&amp;ssl=1 1024w, https:\/\/i0.wp.com\/www.bechmann.org\/amphibium\/wp-content\/uploads\/xiliadou1.jpg?resize=300%2C225&amp;ssl=1 300w, https:\/\/i0.wp.com\/www.bechmann.org\/amphibium\/wp-content\/uploads\/xiliadou1.jpg?resize=768%2C576&amp;ssl=1 768w, https:\/\/i0.wp.com\/www.bechmann.org\/amphibium\/wp-content\/uploads\/xiliadou1.jpg?resize=400%2C300&amp;ssl=1 400w\" width=\"413\" height=\"310\" loading=\"lazy\" data-original-width=\"413\" data-original-height=\"310\" itemprop=\"http:\/\/schema.org\/image\" title=\"xiliadou1.jpg\" alt=\"&quot;Traumstrand&quot; Xiliadou\" style=\"width: 413px; height: 310px;\" \/> <\/a> <div class=\"tiled-gallery-caption\" itemprop=\"caption description\"> &#8222;Traumstrand&#8220; Xiliadou <\/div> <\/div> <\/div> <!-- close group --> <div class=\"gallery-group images-2\" style=\"width: 208px; height: 314px;\" data-original-width=\"208\" data-original-height=\"314\" > <div class=\"tiled-gallery-item tiled-gallery-item-small\" itemprop=\"associatedMedia\" itemscope itemtype=\"http:\/\/schema.org\/ImageObject\"> <a href=\"https:\/\/www.bechmann.org\/amphibium\/von-felsen-festungen-strnden-steinen\/xiliadou2-jpg\/\" border=\"0\" itemprop=\"url\"> <meta itemprop=\"width\" content=\"204\"> <meta itemprop=\"height\" content=\"153\"> <img decoding=\"async\" class=\"\" data-attachment-id=\"3350\" data-orig-file=\"https:\/\/www.bechmann.org\/amphibium\/wp-content\/uploads\/xiliadou2.jpg\" data-orig-size=\"1024,768\" data-comments-opened=\"\" data-image-meta=\"{&quot;aperture&quot;:&quot;0&quot;,&quot;credit&quot;:&quot;&quot;,&quot;camera&quot;:&quot;&quot;,&quot;caption&quot;:&quot;&quot;,&quot;created_timestamp&quot;:&quot;0&quot;,&quot;copyright&quot;:&quot;&quot;,&quot;focal_length&quot;:&quot;0&quot;,&quot;iso&quot;:&quot;0&quot;,&quot;shutter_speed&quot;:&quot;0&quot;,&quot;title&quot;:&quot;&quot;,&quot;orientation&quot;:&quot;0&quot;}\" data-image-title=\"xiliadou2.jpg\" data-image-description=\"\" data-medium-file=\"https:\/\/i0.wp.com\/www.bechmann.org\/amphibium\/wp-content\/uploads\/xiliadou2.jpg?fit=300%2C225&#038;ssl=1\" data-large-file=\"https:\/\/i0.wp.com\/www.bechmann.org\/amphibium\/wp-content\/uploads\/xiliadou2.jpg?fit=625%2C469&#038;ssl=1\" src=\"https:\/\/i0.wp.com\/www.bechmann.org\/amphibium\/wp-content\/uploads\/xiliadou2.jpg?w=204&#038;h=153&#038;ssl=1\" srcset=\"https:\/\/i0.wp.com\/www.bechmann.org\/amphibium\/wp-content\/uploads\/xiliadou2.jpg?w=1024&amp;ssl=1 1024w, https:\/\/i0.wp.com\/www.bechmann.org\/amphibium\/wp-content\/uploads\/xiliadou2.jpg?resize=300%2C225&amp;ssl=1 300w, https:\/\/i0.wp.com\/www.bechmann.org\/amphibium\/wp-content\/uploads\/xiliadou2.jpg?resize=768%2C576&amp;ssl=1 768w, https:\/\/i0.wp.com\/www.bechmann.org\/amphibium\/wp-content\/uploads\/xiliadou2.jpg?resize=400%2C300&amp;ssl=1 400w\" width=\"204\" height=\"153\" loading=\"lazy\" data-original-width=\"204\" data-original-height=\"153\" itemprop=\"http:\/\/schema.org\/image\" title=\"xiliadou2.jpg\" alt=\"Winterlager Sonnenschirm-St\u00e4nder-St\u00e4nder\" style=\"width: 204px; height: 153px;\" \/> <\/a> <div class=\"tiled-gallery-caption\" itemprop=\"caption description\"> Winterlager Sonnenschirm-St\u00e4nder-St\u00e4nder <\/div> <\/div> <div class=\"tiled-gallery-item tiled-gallery-item-small\" itemprop=\"associatedMedia\" itemscope itemtype=\"http:\/\/schema.org\/ImageObject\"> <a href=\"https:\/\/www.bechmann.org\/amphibium\/von-felsen-festungen-strnden-steinen\/xiliadou3-jpg\/\" border=\"0\" itemprop=\"url\"> <meta itemprop=\"width\" content=\"204\"> <meta itemprop=\"height\" content=\"153\"> <img decoding=\"async\" class=\"\" data-attachment-id=\"3352\" data-orig-file=\"https:\/\/www.bechmann.org\/amphibium\/wp-content\/uploads\/xiliadou3.jpg\" data-orig-size=\"1024,768\" data-comments-opened=\"\" data-image-meta=\"{&quot;aperture&quot;:&quot;0&quot;,&quot;credit&quot;:&quot;&quot;,&quot;camera&quot;:&quot;&quot;,&quot;caption&quot;:&quot;&quot;,&quot;created_timestamp&quot;:&quot;0&quot;,&quot;copyright&quot;:&quot;&quot;,&quot;focal_length&quot;:&quot;0&quot;,&quot;iso&quot;:&quot;0&quot;,&quot;shutter_speed&quot;:&quot;0&quot;,&quot;title&quot;:&quot;&quot;,&quot;orientation&quot;:&quot;0&quot;}\" data-image-title=\"xiliadou3.jpg\" data-image-description=\"\" data-medium-file=\"https:\/\/i0.wp.com\/www.bechmann.org\/amphibium\/wp-content\/uploads\/xiliadou3.jpg?fit=300%2C225&#038;ssl=1\" data-large-file=\"https:\/\/i0.wp.com\/www.bechmann.org\/amphibium\/wp-content\/uploads\/xiliadou3.jpg?fit=625%2C469&#038;ssl=1\" src=\"https:\/\/i0.wp.com\/www.bechmann.org\/amphibium\/wp-content\/uploads\/xiliadou3.jpg?w=204&#038;h=153&#038;ssl=1\" srcset=\"https:\/\/i0.wp.com\/www.bechmann.org\/amphibium\/wp-content\/uploads\/xiliadou3.jpg?w=1024&amp;ssl=1 1024w, https:\/\/i0.wp.com\/www.bechmann.org\/amphibium\/wp-content\/uploads\/xiliadou3.jpg?resize=300%2C225&amp;ssl=1 300w, https:\/\/i0.wp.com\/www.bechmann.org\/amphibium\/wp-content\/uploads\/xiliadou3.jpg?resize=768%2C576&amp;ssl=1 768w, https:\/\/i0.wp.com\/www.bechmann.org\/amphibium\/wp-content\/uploads\/xiliadou3.jpg?resize=400%2C300&amp;ssl=1 400w\" width=\"204\" height=\"153\" loading=\"lazy\" data-original-width=\"204\" data-original-height=\"153\" itemprop=\"http:\/\/schema.org\/image\" title=\"xiliadou3.jpg\" alt=\"Winterlager Sonnenschirme\" style=\"width: 204px; height: 153px;\" \/> <\/a> <div class=\"tiled-gallery-caption\" itemprop=\"caption description\"> Winterlager Sonnenschirme <\/div> <\/div> <\/div> <!-- close group --> <\/div> <!-- close row --> <div class=\"gallery-row\" style=\"width: 625px; height: 157px;\" data-original-width=\"625\" data-original-height=\"157\" > <div class=\"gallery-group images-1\" style=\"width: 209px; height: 157px;\" data-original-width=\"209\" data-original-height=\"157\" > <div class=\"tiled-gallery-item tiled-gallery-item-small\" itemprop=\"associatedMedia\" itemscope itemtype=\"http:\/\/schema.org\/ImageObject\"> <a href=\"https:\/\/www.bechmann.org\/amphibium\/von-felsen-festungen-strnden-steinen\/mitikas-jpg\/\" border=\"0\" itemprop=\"url\"> <meta itemprop=\"width\" content=\"205\"> <meta itemprop=\"height\" content=\"153\"> <img decoding=\"async\" class=\"\" data-attachment-id=\"3346\" data-orig-file=\"https:\/\/www.bechmann.org\/amphibium\/wp-content\/uploads\/mitikas.jpg\" data-orig-size=\"1024,768\" data-comments-opened=\"\" data-image-meta=\"{&quot;aperture&quot;:&quot;0&quot;,&quot;credit&quot;:&quot;&quot;,&quot;camera&quot;:&quot;&quot;,&quot;caption&quot;:&quot;&quot;,&quot;created_timestamp&quot;:&quot;0&quot;,&quot;copyright&quot;:&quot;&quot;,&quot;focal_length&quot;:&quot;0&quot;,&quot;iso&quot;:&quot;0&quot;,&quot;shutter_speed&quot;:&quot;0&quot;,&quot;title&quot;:&quot;&quot;,&quot;orientation&quot;:&quot;0&quot;}\" data-image-title=\"mitikas.jpg\" data-image-description=\"\" data-medium-file=\"https:\/\/i0.wp.com\/www.bechmann.org\/amphibium\/wp-content\/uploads\/mitikas.jpg?fit=300%2C225&#038;ssl=1\" data-large-file=\"https:\/\/i0.wp.com\/www.bechmann.org\/amphibium\/wp-content\/uploads\/mitikas.jpg?fit=625%2C469&#038;ssl=1\" src=\"https:\/\/i0.wp.com\/www.bechmann.org\/amphibium\/wp-content\/uploads\/mitikas.jpg?w=205&#038;h=153&#038;ssl=1\" srcset=\"https:\/\/i0.wp.com\/www.bechmann.org\/amphibium\/wp-content\/uploads\/mitikas.jpg?w=1024&amp;ssl=1 1024w, https:\/\/i0.wp.com\/www.bechmann.org\/amphibium\/wp-content\/uploads\/mitikas.jpg?resize=300%2C225&amp;ssl=1 300w, https:\/\/i0.wp.com\/www.bechmann.org\/amphibium\/wp-content\/uploads\/mitikas.jpg?resize=768%2C576&amp;ssl=1 768w, https:\/\/i0.wp.com\/www.bechmann.org\/amphibium\/wp-content\/uploads\/mitikas.jpg?resize=400%2C300&amp;ssl=1 400w\" width=\"205\" height=\"153\" loading=\"lazy\" data-original-width=\"205\" data-original-height=\"153\" itemprop=\"http:\/\/schema.org\/image\" title=\"mitikas.jpg\" alt=\"&quot;Traumstrand&quot; Mitikas\" style=\"width: 205px; height: 153px;\" \/> <\/a> <div class=\"tiled-gallery-caption\" itemprop=\"caption description\"> &#8222;Traumstrand&#8220; Mitikas <\/div> <\/div> <\/div> <!-- close group --> <div class=\"gallery-group images-1\" style=\"width: 208px; height: 157px;\" data-original-width=\"208\" data-original-height=\"157\" > <div class=\"tiled-gallery-item tiled-gallery-item-small\" itemprop=\"associatedMedia\" itemscope itemtype=\"http:\/\/schema.org\/ImageObject\"> <a href=\"https:\/\/www.bechmann.org\/amphibium\/von-felsen-festungen-strnden-steinen\/lefkada-jpg\/\" border=\"0\" itemprop=\"url\"> <meta itemprop=\"width\" content=\"204\"> <meta itemprop=\"height\" content=\"153\"> <img decoding=\"async\" class=\"\" data-attachment-id=\"3344\" data-orig-file=\"https:\/\/www.bechmann.org\/amphibium\/wp-content\/uploads\/lefkada.jpg\" data-orig-size=\"1024,768\" data-comments-opened=\"\" data-image-meta=\"{&quot;aperture&quot;:&quot;0&quot;,&quot;credit&quot;:&quot;&quot;,&quot;camera&quot;:&quot;&quot;,&quot;caption&quot;:&quot;&quot;,&quot;created_timestamp&quot;:&quot;0&quot;,&quot;copyright&quot;:&quot;&quot;,&quot;focal_length&quot;:&quot;0&quot;,&quot;iso&quot;:&quot;0&quot;,&quot;shutter_speed&quot;:&quot;0&quot;,&quot;title&quot;:&quot;&quot;,&quot;orientation&quot;:&quot;0&quot;}\" data-image-title=\"lefkada.jpg\" data-image-description=\"\" data-medium-file=\"https:\/\/i0.wp.com\/www.bechmann.org\/amphibium\/wp-content\/uploads\/lefkada.jpg?fit=300%2C225&#038;ssl=1\" data-large-file=\"https:\/\/i0.wp.com\/www.bechmann.org\/amphibium\/wp-content\/uploads\/lefkada.jpg?fit=625%2C469&#038;ssl=1\" src=\"https:\/\/i0.wp.com\/www.bechmann.org\/amphibium\/wp-content\/uploads\/lefkada.jpg?w=204&#038;h=153&#038;ssl=1\" srcset=\"https:\/\/i0.wp.com\/www.bechmann.org\/amphibium\/wp-content\/uploads\/lefkada.jpg?w=1024&amp;ssl=1 1024w, https:\/\/i0.wp.com\/www.bechmann.org\/amphibium\/wp-content\/uploads\/lefkada.jpg?resize=300%2C225&amp;ssl=1 300w, https:\/\/i0.wp.com\/www.bechmann.org\/amphibium\/wp-content\/uploads\/lefkada.jpg?resize=768%2C576&amp;ssl=1 768w, https:\/\/i0.wp.com\/www.bechmann.org\/amphibium\/wp-content\/uploads\/lefkada.jpg?resize=400%2C300&amp;ssl=1 400w\" width=\"204\" height=\"153\" loading=\"lazy\" data-original-width=\"204\" data-original-height=\"153\" itemprop=\"http:\/\/schema.org\/image\" title=\"lefkada.jpg\" alt=\"Klapp-Dreh-Br\u00fccke Lefkada\" style=\"width: 204px; height: 153px;\" \/> <\/a> <div class=\"tiled-gallery-caption\" itemprop=\"caption description\"> Klapp-Dreh-Br\u00fccke Lefkada <\/div> <\/div> <\/div> <!-- close group --> <div class=\"gallery-group images-1\" style=\"width: 208px; height: 157px;\" data-original-width=\"208\" data-original-height=\"157\" > <div class=\"tiled-gallery-item tiled-gallery-item-small\" itemprop=\"associatedMedia\" itemscope itemtype=\"http:\/\/schema.org\/ImageObject\"> <a href=\"https:\/\/www.bechmann.org\/amphibium\/von-felsen-festungen-strnden-steinen\/astakos-jpg\/\" border=\"0\" itemprop=\"url\"> <meta itemprop=\"width\" content=\"204\"> <meta itemprop=\"height\" content=\"153\"> <img decoding=\"async\" class=\"\" data-attachment-id=\"3342\" data-orig-file=\"https:\/\/www.bechmann.org\/amphibium\/wp-content\/uploads\/astakos.jpg\" data-orig-size=\"1024,768\" data-comments-opened=\"\" data-image-meta=\"{&quot;aperture&quot;:&quot;0&quot;,&quot;credit&quot;:&quot;&quot;,&quot;camera&quot;:&quot;&quot;,&quot;caption&quot;:&quot;&quot;,&quot;created_timestamp&quot;:&quot;0&quot;,&quot;copyright&quot;:&quot;&quot;,&quot;focal_length&quot;:&quot;0&quot;,&quot;iso&quot;:&quot;0&quot;,&quot;shutter_speed&quot;:&quot;0&quot;,&quot;title&quot;:&quot;&quot;,&quot;orientation&quot;:&quot;0&quot;}\" data-image-title=\"astakos.jpg\" data-image-description=\"\" data-medium-file=\"https:\/\/i0.wp.com\/www.bechmann.org\/amphibium\/wp-content\/uploads\/astakos.jpg?fit=300%2C225&#038;ssl=1\" data-large-file=\"https:\/\/i0.wp.com\/www.bechmann.org\/amphibium\/wp-content\/uploads\/astakos.jpg?fit=625%2C469&#038;ssl=1\" src=\"https:\/\/i0.wp.com\/www.bechmann.org\/amphibium\/wp-content\/uploads\/astakos.jpg?w=204&#038;h=153&#038;ssl=1\" srcset=\"https:\/\/i0.wp.com\/www.bechmann.org\/amphibium\/wp-content\/uploads\/astakos.jpg?w=1024&amp;ssl=1 1024w, https:\/\/i0.wp.com\/www.bechmann.org\/amphibium\/wp-content\/uploads\/astakos.jpg?resize=300%2C225&amp;ssl=1 300w, https:\/\/i0.wp.com\/www.bechmann.org\/amphibium\/wp-content\/uploads\/astakos.jpg?resize=768%2C576&amp;ssl=1 768w, https:\/\/i0.wp.com\/www.bechmann.org\/amphibium\/wp-content\/uploads\/astakos.jpg?resize=400%2C300&amp;ssl=1 400w\" width=\"204\" height=\"153\" loading=\"lazy\" data-original-width=\"204\" data-original-height=\"153\" itemprop=\"http:\/\/schema.org\/image\" title=\"astakos.jpg\" alt=\"&quot;Traumstrand&quot; Astakos\" style=\"width: 204px; height: 153px;\" \/> <\/a> <div class=\"tiled-gallery-caption\" itemprop=\"caption description\"> &#8222;Traumstrand&#8220; Astakos <\/div> <\/div> <\/div> <!-- close group --> <\/div> <!-- close row --> <\/div>\n<p>Dasselbe einen Tag sp\u00e4ter, weiter n\u00f6rdlich die K\u00fcste hoch: Eine Bucht beim Fischereihafen Astakos \u2013 sie k\u00f6nnte sch\u00f6n sein, wenn nicht der herumliegende M\u00fcll und drei gro\u00dfe angelandete Kunststoffrondelle (die wohl der Muschelzucht dienen) am Strand den Eindruck versauen w\u00fcrden. Und dies ebenso wiederum einen Tag sp\u00e4ter bei Mitikas, wo wir an einem kilometerlangen Sandstrand den Gr\u00fcnimog abstellen \u2013 nachdem wir diesen Strand einmal komplett abgefahren waren, um eine halbwegs m\u00fcllfreie Stelle zu finden.<\/p>\n<p>Der weitere Weg f\u00fchrt an der Insel <a href=\"https:\/\/de.m.wikipedia.org\/wiki\/Lefkada\" target=\"_blank\" rel=\"noopener\">Lefkada<\/a> vorbei, und damit an einer weiteren Br\u00fcckenkuriosit\u00e4t: einer Klapp-Dreh-Br\u00fccke, die sich sozusagen herannahenden Schiffen aus dem Weg dreht. Einen Abstecher zu einem weiteren antiken Komplex, der Stadt <a href=\"https:\/\/de.m.wikipedia.org\/wiki\/Nikopolis_(Epirus)\" target=\"_blank\" rel=\"noopener\">Nikopolis<\/a> lassen wir uns nicht nehmen \u2013 dort \u00fcberrascht ein recht gut erhaltenes Amphitheater, das vornehmlich der Lied- und Klangkunst bei musischen Wettbewerben diente.<\/p>\n","protected":false},"excerpt":{"rendered":"<p>Leonidio liegt weit zur\u00fcck, eine ganze K\u00fcstenstra\u00dfe lang, die hoch an die Felsen gepresst aufs blaue \u00c4g\u00e4iswasser herabblicken l\u00e4sst. Dann der Schwenk ins Landesinnere, \u00fcber Tripoli zum Isthmus von Korinth. Eine Landenge, die Ende des 19. Jahrhunderts durchstochen wurde, so dass Schiffe durch den Kanal von Korinth fahren konnten. Eine Abk\u00fcrzung von 325 Kilometern war [&hellip;]<\/p>\n","protected":false},"author":1,"featured_media":0,"comment_status":"open","ping_status":"open","sticky":false,"template":"","format":"standard","meta":{"jetpack_post_was_ever_published":false,"_jetpack_newsletter_access":"","_jetpack_dont_email_post_to_subs":false,"_jetpack_newsletter_tier_id":0,"_jetpack_memberships_contains_paywalled_content":false,"_jetpack_memberships_contains_paid_content":false,"footnotes":"","jetpack_publicize_message":"Von Felsen & Festungen, Str\u00e4nden & Steinen","jetpack_publicize_feature_enabled":true,"jetpack_social_post_already_shared":true,"jetpack_social_options":{"image_generator_settings":{"template":"highway","default_image_id":0,"font":"","enabled":false},"version":2}},"categories":[2,372],"tags":[462,464,460,461,459,465,466,463],"class_list":["post-3313","post","type-post","status-publish","format-standard","hentry","category-land","category-roadstory","tag-acrocorinth","tag-astakos","tag-istmus-von-korinth","tag-kanal-von-korinth","tag-korinth","tag-mitikas","tag-nikopolis","tag-xiliadou"],"jetpack_publicize_connections":[],"jetpack_featured_media_url":"","jetpack_shortlink":"https:\/\/wp.me\/p4DyUk-Rr","jetpack-related-posts":[{"id":3304,"url":"https:\/\/www.bechmann.org\/amphibium\/stellplatzprotokoll-meteora-klster-griechenland\/","url_meta":{"origin":3313,"position":0},"title":"Stellplatzprotokoll Meteora, Griechenland","author":"Oliver","date":"4. Mai 2018","format":false,"excerpt":"Mit einem Offroad-Reisemobil unterwegs zu sein und meist die Natur zu suchen, hei\u00dft nicht, auch mal eine Touristenattraktion anzusteuern. W\u00e4re eine W\u00fcstentour in Marokko denkbar, ohne dabei mal in Marrakesch, Fes oder Meknes gewesen zu sein? Nach Olympia, Sparta\/Mystras und Korinth nunmehr die Meteora-Kl\u00f6ster im Landesinneren. Alles ist voller Touristen\u2026","rel":"","context":"In &quot;Coyote Mentoring&quot;","block_context":{"text":"Coyote Mentoring","link":"https:\/\/www.bechmann.org\/amphibium\/category\/coyote-mentoring\/"},"img":{"alt_text":"stellplatz meteora","src":"https:\/\/i0.wp.com\/www.bechmann.org\/amphibium\/wp-content\/uploads\/stellplatz-meteora_thumb.jpg?resize=350%2C200","width":350,"height":200,"srcset":"https:\/\/i0.wp.com\/www.bechmann.org\/amphibium\/wp-content\/uploads\/stellplatz-meteora_thumb.jpg?resize=350%2C200 1x, https:\/\/i0.wp.com\/www.bechmann.org\/amphibium\/wp-content\/uploads\/stellplatz-meteora_thumb.jpg?resize=525%2C300 1.5x, https:\/\/i0.wp.com\/www.bechmann.org\/amphibium\/wp-content\/uploads\/stellplatz-meteora_thumb.jpg?resize=700%2C400 2x"},"classes":[]},{"id":3358,"url":"https:\/\/www.bechmann.org\/amphibium\/stellplatzprotokoll-alonaki-griechenland\/","url_meta":{"origin":3313,"position":1},"title":"Stellplatzprotokoll Alonaki, Griechenland","author":"Oliver","date":"6. Mai 2018","format":false,"excerpt":"Nunmehr eine Bucht, eng eingefasst von Felsen, die den Namen \u201cTraumstrand\u201d auch verdient. Kaum M\u00fcll! Eine kleine Strandbar harrt flei\u00dfiger H\u00e4nde, um sie f\u00fcr die Saison in Schuss zu bringen und in Betrieb zu setzen. Oberhalb des Strandes, auf den Cliffs sind viele kleine Feuerstellen. Im Sommer ist hier bestimmt\u2026","rel":"","context":"In &quot;Coyote Mentoring&quot;","block_context":{"text":"Coyote Mentoring","link":"https:\/\/www.bechmann.org\/amphibium\/category\/coyote-mentoring\/"},"img":{"alt_text":"","src":"https:\/\/i0.wp.com\/www.bechmann.org\/amphibium\/wp-content\/uploads\/img_20180508_113759-01-1013734129.jpeg?resize=350%2C200","width":350,"height":200,"srcset":"https:\/\/i0.wp.com\/www.bechmann.org\/amphibium\/wp-content\/uploads\/img_20180508_113759-01-1013734129.jpeg?resize=350%2C200 1x, https:\/\/i0.wp.com\/www.bechmann.org\/amphibium\/wp-content\/uploads\/img_20180508_113759-01-1013734129.jpeg?resize=525%2C300 1.5x, https:\/\/i0.wp.com\/www.bechmann.org\/amphibium\/wp-content\/uploads\/img_20180508_113759-01-1013734129.jpeg?resize=700%2C400 2x, https:\/\/i0.wp.com\/www.bechmann.org\/amphibium\/wp-content\/uploads\/img_20180508_113759-01-1013734129.jpeg?resize=1050%2C600 3x, https:\/\/i0.wp.com\/www.bechmann.org\/amphibium\/wp-content\/uploads\/img_20180508_113759-01-1013734129.jpeg?resize=1400%2C800 4x"},"classes":[]},{"id":9345,"url":"https:\/\/www.bechmann.org\/amphibium\/suedafrika-vii-vx-klettern-krabbeln-im-dolerit\/","url_meta":{"origin":3313,"position":2},"title":"Klettern &amp; Krabbeln im Dolerit","author":"Oliver","date":"23. November 2024","format":false,"excerpt":"Die Campsite der Soutpoort Guest Farm liegt westlich der Stra\u00dfe von Loxton nach Carnarvon inmitten von hoch aufragenden Dolerit-Felsbl\u00f6cken. Mal was anderes, denn weite Teile der Karoo zeichnen sich dadurch aus, dass eine Windpumpe die einzige Erhebung bis zum Horizont ist. Anweisungen, wie ich die Campsite von der Asphaltstra\u00dfe aus\u2026","rel":"","context":"In &quot;Land&quot;","block_context":{"text":"Land","link":"https:\/\/www.bechmann.org\/amphibium\/category\/land\/"},"img":{"alt_text":"","src":"https:\/\/i0.wp.com\/www.bechmann.org\/amphibium\/wp-content\/uploads\/20241121_161526.jpg?resize=350%2C200&ssl=1","width":350,"height":200,"srcset":"https:\/\/i0.wp.com\/www.bechmann.org\/amphibium\/wp-content\/uploads\/20241121_161526.jpg?resize=350%2C200&ssl=1 1x, https:\/\/i0.wp.com\/www.bechmann.org\/amphibium\/wp-content\/uploads\/20241121_161526.jpg?resize=525%2C300&ssl=1 1.5x, https:\/\/i0.wp.com\/www.bechmann.org\/amphibium\/wp-content\/uploads\/20241121_161526.jpg?resize=700%2C400&ssl=1 2x, https:\/\/i0.wp.com\/www.bechmann.org\/amphibium\/wp-content\/uploads\/20241121_161526.jpg?resize=1050%2C600&ssl=1 3x, https:\/\/i0.wp.com\/www.bechmann.org\/amphibium\/wp-content\/uploads\/20241121_161526.jpg?resize=1400%2C800&ssl=1 4x"},"classes":[]},{"id":1234,"url":"https:\/\/www.bechmann.org\/amphibium\/canyoning-in-jordanien-iii-wadi-hudeira\/","url_meta":{"origin":3313,"position":3},"title":"Canyoning in Jordanien III: Wadi Hudeira","author":"Oliver","date":"30. Juni 2016","format":false,"excerpt":"Eigentlich sollte es zum Wadi Hissa gehen. Aber der Zugang war durch eine Schotter- und Schutt-Barriere versperrt, die f\u00fcr den Toyota unseres Guides ein un\u00fcberwindliches Hindernis darstellt (unser Unimog h\u00e4tte noch nicht mal die Stirn in Dackelfalten gelegt). Also wichen wir ins nicht allzu weit entfernte Wadi Hudeira aus \u2013\u2026","rel":"","context":"In &quot;Land&quot;","block_context":{"text":"Land","link":"https:\/\/www.bechmann.org\/amphibium\/category\/land\/"},"img":{"alt_text":"","src":"https:\/\/i0.wp.com\/www.bechmann.org\/amphibium\/wp-content\/uploads\/wadi-canyoning-144.jpg?resize=350%2C200","width":350,"height":200,"srcset":"https:\/\/i0.wp.com\/www.bechmann.org\/amphibium\/wp-content\/uploads\/wadi-canyoning-144.jpg?resize=350%2C200 1x, https:\/\/i0.wp.com\/www.bechmann.org\/amphibium\/wp-content\/uploads\/wadi-canyoning-144.jpg?resize=525%2C300 1.5x, https:\/\/i0.wp.com\/www.bechmann.org\/amphibium\/wp-content\/uploads\/wadi-canyoning-144.jpg?resize=700%2C400 2x"},"classes":[]},{"id":2822,"url":"https:\/\/www.bechmann.org\/amphibium\/geier-valley-im-lichtschutzgebiet\/","url_meta":{"origin":3313,"position":4},"title":"Geier-Valley im Lichtschutzgebiet","author":"Oliver","date":"20. Januar 2018","format":false,"excerpt":"Perlen liegen unentdeckt am Wegesrand. Galicien mag durch Granit-Berge und krickelige Rias eine relative Bekanntheit erreicht haben, Andalusien kennt jeder. In der Mitte Spaniens liegt unbeachtet oder unbekannt die Extremadura. Sie gilt als karg. In Hemingways \"Wem die Stunde schl\u00e4gt\" \u00fcber den Spanischen B\u00fcrgerkrieg gilt sie dem republikanischen Partisanenchef Pablo\u2026","rel":"","context":"In &quot;Land&quot;","block_context":{"text":"Land","link":"https:\/\/www.bechmann.org\/amphibium\/category\/land\/"},"img":{"alt_text":"","src":"https:\/\/i0.wp.com\/www.bechmann.org\/amphibium\/wp-content\/uploads\/esp-por-2018-1338.jpg?resize=350%2C200","width":350,"height":200,"srcset":"https:\/\/i0.wp.com\/www.bechmann.org\/amphibium\/wp-content\/uploads\/esp-por-2018-1338.jpg?resize=350%2C200 1x, https:\/\/i0.wp.com\/www.bechmann.org\/amphibium\/wp-content\/uploads\/esp-por-2018-1338.jpg?resize=525%2C300 1.5x, https:\/\/i0.wp.com\/www.bechmann.org\/amphibium\/wp-content\/uploads\/esp-por-2018-1338.jpg?resize=700%2C400 2x, https:\/\/i0.wp.com\/www.bechmann.org\/amphibium\/wp-content\/uploads\/esp-por-2018-1338.jpg?resize=1050%2C600 3x, https:\/\/i0.wp.com\/www.bechmann.org\/amphibium\/wp-content\/uploads\/esp-por-2018-1338.jpg?resize=1400%2C800 4x"},"classes":[]},{"id":1918,"url":"https:\/\/www.bechmann.org\/amphibium\/neujahr-am-ende-der-welt\/","url_meta":{"origin":3313,"position":5},"title":"Neujahr am Ende der Welt","author":"Oliver","date":"2. Januar 2017","format":false,"excerpt":"Wir sind am Ende. Am Ende der Welt, also dort, wo einen ein Unimog hintragen kann! Zumindest der Welt von Christoph Kolumbus zu seinen Zeiten. Sagres mit dem Leuchtturm am Cabo Sao Vicente ist der s\u00fcdwestlichste Zipfel Europas \u2013 ab dann kam nur Atlantik, die Azoren, und dann\u2026 Amerika. Damit\u2026","rel":"","context":"In &quot;Land&quot;","block_context":{"text":"Land","link":"https:\/\/www.bechmann.org\/amphibium\/category\/land\/"},"img":{"alt_text":"","src":"https:\/\/i0.wp.com\/www.bechmann.org\/amphibium\/wp-content\/uploads\/IMG_20170102_080145.jpg?resize=350%2C200","width":350,"height":200,"srcset":"https:\/\/i0.wp.com\/www.bechmann.org\/amphibium\/wp-content\/uploads\/IMG_20170102_080145.jpg?resize=350%2C200 1x, https:\/\/i0.wp.com\/www.bechmann.org\/amphibium\/wp-content\/uploads\/IMG_20170102_080145.jpg?resize=525%2C300 1.5x, https:\/\/i0.wp.com\/www.bechmann.org\/amphibium\/wp-content\/uploads\/IMG_20170102_080145.jpg?resize=700%2C400 2x"},"classes":[]}],"jetpack_sharing_enabled":true,"_links":{"self":[{"href":"https:\/\/www.bechmann.org\/amphibium\/wp-json\/wp\/v2\/posts\/3313","targetHints":{"allow":["GET"]}}],"collection":[{"href":"https:\/\/www.bechmann.org\/amphibium\/wp-json\/wp\/v2\/posts"}],"about":[{"href":"https:\/\/www.bechmann.org\/amphibium\/wp-json\/wp\/v2\/types\/post"}],"author":[{"embeddable":true,"href":"https:\/\/www.bechmann.org\/amphibium\/wp-json\/wp\/v2\/users\/1"}],"replies":[{"embeddable":true,"href":"https:\/\/www.bechmann.org\/amphibium\/wp-json\/wp\/v2\/comments?post=3313"}],"version-history":[{"count":7,"href":"https:\/\/www.bechmann.org\/amphibium\/wp-json\/wp\/v2\/posts\/3313\/revisions"}],"predecessor-version":[{"id":3356,"href":"https:\/\/www.bechmann.org\/amphibium\/wp-json\/wp\/v2\/posts\/3313\/revisions\/3356"}],"wp:attachment":[{"href":"https:\/\/www.bechmann.org\/amphibium\/wp-json\/wp\/v2\/media?parent=3313"}],"wp:term":[{"taxonomy":"category","embeddable":true,"href":"https:\/\/www.bechmann.org\/amphibium\/wp-json\/wp\/v2\/categories?post=3313"},{"taxonomy":"post_tag","embeddable":true,"href":"https:\/\/www.bechmann.org\/amphibium\/wp-json\/wp\/v2\/tags?post=3313"}],"curies":[{"name":"wp","href":"https:\/\/api.w.org\/{rel}","templated":true}]}}