{"id":3254,"date":"2018-04-29T21:46:00","date_gmt":"2018-04-29T19:46:00","guid":{"rendered":"http:\/\/www.bechmann.org\/amphibium\/?p=3254"},"modified":"2024-04-30T13:31:59","modified_gmt":"2024-04-30T11:31:59","slug":"wanderungen-an-vikos-voidomatis","status":"publish","type":"post","link":"https:\/\/www.bechmann.org\/amphibium\/wanderungen-an-vikos-voidomatis\/","title":{"rendered":"Wanderungen an Vikos &amp; Voidomatis"},"content":{"rendered":"<div id=\"attachment_3222\" style=\"width: 1034px\" class=\"wp-caption aligncenter\"><a href=\"https:\/\/www.bechmann.org\/amphibium\/wanderungen-an-vikos-voidomatis\/vikos-ochia2-jpg\/\" rel=\"attachment wp-att-3222\"><img data-recalc-dims=\"1\" loading=\"lazy\" decoding=\"async\" aria-describedby=\"caption-attachment-3222\" data-attachment-id=\"3222\" data-permalink=\"https:\/\/www.bechmann.org\/amphibium\/wanderungen-an-vikos-voidomatis\/vikos-ochia2-jpg\/\" data-orig-file=\"https:\/\/i0.wp.com\/www.bechmann.org\/amphibium\/wp-content\/uploads\/vikos-ochia2.jpg?fit=1024%2C768&amp;ssl=1\" data-orig-size=\"1024,768\" data-comments-opened=\"0\" data-image-meta=\"{&quot;aperture&quot;:&quot;0&quot;,&quot;credit&quot;:&quot;&quot;,&quot;camera&quot;:&quot;&quot;,&quot;caption&quot;:&quot;&quot;,&quot;created_timestamp&quot;:&quot;0&quot;,&quot;copyright&quot;:&quot;&quot;,&quot;focal_length&quot;:&quot;0&quot;,&quot;iso&quot;:&quot;0&quot;,&quot;shutter_speed&quot;:&quot;0&quot;,&quot;title&quot;:&quot;&quot;,&quot;orientation&quot;:&quot;0&quot;}\" data-image-title=\"vikos-ochia2.jpg\" data-image-description=\"\" data-image-caption=\"\" data-large-file=\"https:\/\/i0.wp.com\/www.bechmann.org\/amphibium\/wp-content\/uploads\/vikos-ochia2.jpg?fit=625%2C469&amp;ssl=1\" class=\"wp-image-3222 size-full\" src=\"https:\/\/i0.wp.com\/www.bechmann.org\/amphibium\/wp-content\/uploads\/vikos-ochia2.jpg?resize=625%2C469&#038;ssl=1\" alt=\"\" width=\"625\" height=\"469\" srcset=\"https:\/\/i0.wp.com\/www.bechmann.org\/amphibium\/wp-content\/uploads\/vikos-ochia2.jpg?w=1024&amp;ssl=1 1024w, https:\/\/i0.wp.com\/www.bechmann.org\/amphibium\/wp-content\/uploads\/vikos-ochia2.jpg?resize=300%2C225&amp;ssl=1 300w, https:\/\/i0.wp.com\/www.bechmann.org\/amphibium\/wp-content\/uploads\/vikos-ochia2.jpg?resize=768%2C576&amp;ssl=1 768w, https:\/\/i0.wp.com\/www.bechmann.org\/amphibium\/wp-content\/uploads\/vikos-ochia2.jpg?resize=400%2C300&amp;ssl=1 400w\" sizes=\"auto, (max-width: 625px) 100vw, 625px\" \/><\/a><p id=\"caption-attachment-3222\" class=\"wp-caption-text\">Vikos-Schlucht vom Ochia-Punkt gesehen<\/p><\/div>\n<p>Vom Ochia-Aussichtspunkt gesehen, einer Art mauerbefestigter Balkon mit angeschlossener reisebusfester Parkbucht, f\u00e4llt die <a href=\"https:\/\/de.wikipedia.org\/wiki\/Vikos-Schlucht\" target=\"_blank\" rel=\"noopener\">Vikos-Schlucht<\/a> rund 900 Meter in die Tiefe\u2026 so senkrecht vor den F\u00fc\u00dfen und Augen, dass auch trittsicheren und schwindelfreien Menschen das Kribbeln die Beine in den Magen hochschie\u00dft.<\/p>\n<p>Vom Ort Mononendri f\u00fchrt ein anf\u00e4nglich unbequem gepflasterter Weg hinunter. Zu diesem Zeitpunkt m\u00f6chte der Wanderer glauben, so ginge es weiter steil hinunter und am Schluchtgrund das Fl\u00fcsschen gleichen Namens entlang weiter. Aber die etwa zehn Kilometer zwischen Mononendri und dem Ort Vikos haben es durchaus in sich.<\/p>\n<div class=\"tiled-gallery type-rectangular tiled-gallery-unresized\" data-original-width=\"625\" data-carousel-extra='{&quot;blog_id&quot;:1,&quot;permalink&quot;:&quot;https:\\\/\\\/www.bechmann.org\\\/amphibium\\\/wanderungen-an-vikos-voidomatis\\\/&quot;,&quot;likes_blog_id&quot;:68534324}' itemscope itemtype=\"http:\/\/schema.org\/ImageGallery\" > <div class=\"gallery-row\" style=\"width: 625px; height: 441px;\" data-original-width=\"625\" data-original-height=\"441\" > <div class=\"gallery-group images-2\" style=\"width: 293px; height: 441px;\" data-original-width=\"293\" data-original-height=\"441\" > <div class=\"tiled-gallery-item tiled-gallery-item-large\" itemprop=\"associatedMedia\" itemscope itemtype=\"http:\/\/schema.org\/ImageObject\"> <a href=\"https:\/\/www.bechmann.org\/amphibium\/wanderungen-an-vikos-voidomatis\/vikos-schlucht2-jpg\/\" border=\"0\" itemprop=\"url\"> <meta itemprop=\"width\" content=\"289\"> <meta itemprop=\"height\" content=\"217\"> <img decoding=\"async\" class=\"\" data-attachment-id=\"3228\" data-orig-file=\"https:\/\/www.bechmann.org\/amphibium\/wp-content\/uploads\/vikos-schlucht2.jpg\" data-orig-size=\"1024,768\" data-comments-opened=\"\" data-image-meta=\"{&quot;aperture&quot;:&quot;0&quot;,&quot;credit&quot;:&quot;&quot;,&quot;camera&quot;:&quot;&quot;,&quot;caption&quot;:&quot;&quot;,&quot;created_timestamp&quot;:&quot;0&quot;,&quot;copyright&quot;:&quot;&quot;,&quot;focal_length&quot;:&quot;0&quot;,&quot;iso&quot;:&quot;0&quot;,&quot;shutter_speed&quot;:&quot;0&quot;,&quot;title&quot;:&quot;&quot;,&quot;orientation&quot;:&quot;0&quot;}\" data-image-title=\"vikos-schlucht2.jpg\" data-image-description=\"\" data-medium-file=\"https:\/\/i0.wp.com\/www.bechmann.org\/amphibium\/wp-content\/uploads\/vikos-schlucht2.jpg?fit=300%2C225&#038;ssl=1\" data-large-file=\"https:\/\/i0.wp.com\/www.bechmann.org\/amphibium\/wp-content\/uploads\/vikos-schlucht2.jpg?fit=625%2C469&#038;ssl=1\" src=\"https:\/\/i0.wp.com\/www.bechmann.org\/amphibium\/wp-content\/uploads\/vikos-schlucht2.jpg?w=289&#038;h=217&#038;ssl=1\" srcset=\"https:\/\/i0.wp.com\/www.bechmann.org\/amphibium\/wp-content\/uploads\/vikos-schlucht2.jpg?w=1024&amp;ssl=1 1024w, https:\/\/i0.wp.com\/www.bechmann.org\/amphibium\/wp-content\/uploads\/vikos-schlucht2.jpg?resize=300%2C225&amp;ssl=1 300w, https:\/\/i0.wp.com\/www.bechmann.org\/amphibium\/wp-content\/uploads\/vikos-schlucht2.jpg?resize=768%2C576&amp;ssl=1 768w, https:\/\/i0.wp.com\/www.bechmann.org\/amphibium\/wp-content\/uploads\/vikos-schlucht2.jpg?resize=400%2C300&amp;ssl=1 400w\" width=\"289\" height=\"217\" loading=\"lazy\" data-original-width=\"289\" data-original-height=\"217\" itemprop=\"http:\/\/schema.org\/image\" title=\"vikos-schlucht2.jpg\" alt=\"Beate in Krabbel-Kletter-Passage\" style=\"width: 289px; height: 217px;\" \/> <\/a> <div class=\"tiled-gallery-caption\" itemprop=\"caption description\"> Beate in Krabbel-Kletter-Passage <\/div> <\/div> <div class=\"tiled-gallery-item tiled-gallery-item-large\" itemprop=\"associatedMedia\" itemscope itemtype=\"http:\/\/schema.org\/ImageObject\"> <a href=\"https:\/\/www.bechmann.org\/amphibium\/wanderungen-an-vikos-voidomatis\/vikos-schlucht6-jpg\/\" border=\"0\" itemprop=\"url\"> <meta itemprop=\"width\" content=\"289\"> <meta itemprop=\"height\" content=\"216\"> <img decoding=\"async\" class=\"\" data-attachment-id=\"3236\" data-orig-file=\"https:\/\/www.bechmann.org\/amphibium\/wp-content\/uploads\/vikos-schlucht6.jpg\" data-orig-size=\"1024,768\" data-comments-opened=\"\" data-image-meta=\"{&quot;aperture&quot;:&quot;0&quot;,&quot;credit&quot;:&quot;&quot;,&quot;camera&quot;:&quot;&quot;,&quot;caption&quot;:&quot;&quot;,&quot;created_timestamp&quot;:&quot;0&quot;,&quot;copyright&quot;:&quot;&quot;,&quot;focal_length&quot;:&quot;0&quot;,&quot;iso&quot;:&quot;0&quot;,&quot;shutter_speed&quot;:&quot;0&quot;,&quot;title&quot;:&quot;&quot;,&quot;orientation&quot;:&quot;0&quot;}\" data-image-title=\"vikos-schlucht6.jpg\" data-image-description=\"\" data-medium-file=\"https:\/\/i0.wp.com\/www.bechmann.org\/amphibium\/wp-content\/uploads\/vikos-schlucht6.jpg?fit=300%2C225&#038;ssl=1\" data-large-file=\"https:\/\/i0.wp.com\/www.bechmann.org\/amphibium\/wp-content\/uploads\/vikos-schlucht6.jpg?fit=625%2C469&#038;ssl=1\" src=\"https:\/\/i0.wp.com\/www.bechmann.org\/amphibium\/wp-content\/uploads\/vikos-schlucht6.jpg?w=289&#038;h=216&#038;ssl=1\" srcset=\"https:\/\/i0.wp.com\/www.bechmann.org\/amphibium\/wp-content\/uploads\/vikos-schlucht6.jpg?w=1024&amp;ssl=1 1024w, https:\/\/i0.wp.com\/www.bechmann.org\/amphibium\/wp-content\/uploads\/vikos-schlucht6.jpg?resize=300%2C225&amp;ssl=1 300w, https:\/\/i0.wp.com\/www.bechmann.org\/amphibium\/wp-content\/uploads\/vikos-schlucht6.jpg?resize=768%2C576&amp;ssl=1 768w, https:\/\/i0.wp.com\/www.bechmann.org\/amphibium\/wp-content\/uploads\/vikos-schlucht6.jpg?resize=400%2C300&amp;ssl=1 400w\" width=\"289\" height=\"216\" loading=\"lazy\" data-original-width=\"289\" data-original-height=\"216\" itemprop=\"http:\/\/schema.org\/image\" title=\"vikos-schlucht6.jpg\" alt=\"Galerie steinener Wegzeiger\" style=\"width: 289px; height: 216px;\" \/> <\/a> <div class=\"tiled-gallery-caption\" itemprop=\"caption description\"> Galerie steinener Wegzeiger <\/div> <\/div> <\/div> <!-- close group --> <div class=\"gallery-group images-1\" style=\"width: 332px; height: 441px;\" data-original-width=\"332\" data-original-height=\"441\" > <div class=\"tiled-gallery-item tiled-gallery-item-large\" itemprop=\"associatedMedia\" itemscope itemtype=\"http:\/\/schema.org\/ImageObject\"> <a href=\"https:\/\/www.bechmann.org\/amphibium\/wanderungen-an-vikos-voidomatis\/vikos-schlucht5-jpg\/\" border=\"0\" itemprop=\"url\"> <meta itemprop=\"width\" content=\"328\"> <meta itemprop=\"height\" content=\"437\"> <img decoding=\"async\" class=\"\" data-attachment-id=\"3232\" data-orig-file=\"https:\/\/www.bechmann.org\/amphibium\/wp-content\/uploads\/vikos-schlucht5.jpg\" data-orig-size=\"576,768\" data-comments-opened=\"\" data-image-meta=\"{&quot;aperture&quot;:&quot;0&quot;,&quot;credit&quot;:&quot;&quot;,&quot;camera&quot;:&quot;&quot;,&quot;caption&quot;:&quot;&quot;,&quot;created_timestamp&quot;:&quot;0&quot;,&quot;copyright&quot;:&quot;&quot;,&quot;focal_length&quot;:&quot;0&quot;,&quot;iso&quot;:&quot;0&quot;,&quot;shutter_speed&quot;:&quot;0&quot;,&quot;title&quot;:&quot;&quot;,&quot;orientation&quot;:&quot;0&quot;}\" data-image-title=\"vikos-schlucht5.jpg\" data-image-description=\"\" data-medium-file=\"https:\/\/i0.wp.com\/www.bechmann.org\/amphibium\/wp-content\/uploads\/vikos-schlucht5.jpg?fit=225%2C300&#038;ssl=1\" data-large-file=\"https:\/\/i0.wp.com\/www.bechmann.org\/amphibium\/wp-content\/uploads\/vikos-schlucht5.jpg?fit=576%2C768&#038;ssl=1\" src=\"https:\/\/i0.wp.com\/www.bechmann.org\/amphibium\/wp-content\/uploads\/vikos-schlucht5.jpg?w=328&#038;h=437&#038;ssl=1\" srcset=\"https:\/\/i0.wp.com\/www.bechmann.org\/amphibium\/wp-content\/uploads\/vikos-schlucht5.jpg?w=576&amp;ssl=1 576w, https:\/\/i0.wp.com\/www.bechmann.org\/amphibium\/wp-content\/uploads\/vikos-schlucht5.jpg?resize=225%2C300&amp;ssl=1 225w\" width=\"328\" height=\"437\" loading=\"lazy\" data-original-width=\"328\" data-original-height=\"437\" itemprop=\"http:\/\/schema.org\/image\" title=\"vikos-schlucht5.jpg\" alt=\"Oliver auf dem Wanderweg\" style=\"width: 328px; height: 437px;\" \/> <\/a> <div class=\"tiled-gallery-caption\" itemprop=\"caption description\"> Oliver auf dem Wanderweg <\/div> <\/div> <\/div> <!-- close group --> <\/div> <!-- close row --> <div class=\"gallery-row\" style=\"width: 625px; height: 300px;\" data-original-width=\"625\" data-original-height=\"300\" > <div class=\"gallery-group images-1\" style=\"width: 399px; height: 300px;\" data-original-width=\"399\" data-original-height=\"300\" > <div class=\"tiled-gallery-item tiled-gallery-item-large\" itemprop=\"associatedMedia\" itemscope itemtype=\"http:\/\/schema.org\/ImageObject\"> <a href=\"https:\/\/www.bechmann.org\/amphibium\/wanderungen-an-vikos-voidomatis\/vikos-schlucht3-jpg\/\" border=\"0\" itemprop=\"url\"> <meta itemprop=\"width\" content=\"395\"> <meta itemprop=\"height\" content=\"296\"> <img decoding=\"async\" class=\"\" data-attachment-id=\"3230\" data-orig-file=\"https:\/\/www.bechmann.org\/amphibium\/wp-content\/uploads\/vikos-schlucht3.jpg\" data-orig-size=\"1024,768\" data-comments-opened=\"\" data-image-meta=\"{&quot;aperture&quot;:&quot;0&quot;,&quot;credit&quot;:&quot;&quot;,&quot;camera&quot;:&quot;&quot;,&quot;caption&quot;:&quot;&quot;,&quot;created_timestamp&quot;:&quot;0&quot;,&quot;copyright&quot;:&quot;&quot;,&quot;focal_length&quot;:&quot;0&quot;,&quot;iso&quot;:&quot;0&quot;,&quot;shutter_speed&quot;:&quot;0&quot;,&quot;title&quot;:&quot;&quot;,&quot;orientation&quot;:&quot;0&quot;}\" data-image-title=\"vikos-schlucht3.jpg\" data-image-description=\"\" data-medium-file=\"https:\/\/i0.wp.com\/www.bechmann.org\/amphibium\/wp-content\/uploads\/vikos-schlucht3.jpg?fit=300%2C225&#038;ssl=1\" data-large-file=\"https:\/\/i0.wp.com\/www.bechmann.org\/amphibium\/wp-content\/uploads\/vikos-schlucht3.jpg?fit=625%2C469&#038;ssl=1\" src=\"https:\/\/i0.wp.com\/www.bechmann.org\/amphibium\/wp-content\/uploads\/vikos-schlucht3.jpg?w=395&#038;h=296&#038;ssl=1\" srcset=\"https:\/\/i0.wp.com\/www.bechmann.org\/amphibium\/wp-content\/uploads\/vikos-schlucht3.jpg?w=1024&amp;ssl=1 1024w, https:\/\/i0.wp.com\/www.bechmann.org\/amphibium\/wp-content\/uploads\/vikos-schlucht3.jpg?resize=300%2C225&amp;ssl=1 300w, https:\/\/i0.wp.com\/www.bechmann.org\/amphibium\/wp-content\/uploads\/vikos-schlucht3.jpg?resize=768%2C576&amp;ssl=1 768w, https:\/\/i0.wp.com\/www.bechmann.org\/amphibium\/wp-content\/uploads\/vikos-schlucht3.jpg?resize=400%2C300&amp;ssl=1 400w\" width=\"395\" height=\"296\" loading=\"lazy\" data-original-width=\"395\" data-original-height=\"296\" itemprop=\"http:\/\/schema.org\/image\" title=\"vikos-schlucht3.jpg\" alt=\"Fr\u00f6schliches Ringelreihen im T\u00fcmpel\" style=\"width: 395px; height: 296px;\" \/> <\/a> <div class=\"tiled-gallery-caption\" itemprop=\"caption description\"> Fr\u00f6schliches Ringelreihen im T\u00fcmpel <\/div> <\/div> <\/div> <!-- close group --> <div class=\"gallery-group images-1\" style=\"width: 226px; height: 300px;\" data-original-width=\"226\" data-original-height=\"300\" > <div class=\"tiled-gallery-item tiled-gallery-item-small\" itemprop=\"associatedMedia\" itemscope itemtype=\"http:\/\/schema.org\/ImageObject\"> <a href=\"https:\/\/www.bechmann.org\/amphibium\/wanderungen-an-vikos-voidomatis\/vikos-schlucht4-jpg\/\" border=\"0\" itemprop=\"url\"> <meta itemprop=\"width\" content=\"222\"> <meta itemprop=\"height\" content=\"296\"> <img decoding=\"async\" class=\"\" data-attachment-id=\"3234\" data-orig-file=\"https:\/\/www.bechmann.org\/amphibium\/wp-content\/uploads\/vikos-schlucht4.jpg\" data-orig-size=\"576,768\" data-comments-opened=\"\" data-image-meta=\"{&quot;aperture&quot;:&quot;0&quot;,&quot;credit&quot;:&quot;&quot;,&quot;camera&quot;:&quot;&quot;,&quot;caption&quot;:&quot;&quot;,&quot;created_timestamp&quot;:&quot;0&quot;,&quot;copyright&quot;:&quot;&quot;,&quot;focal_length&quot;:&quot;0&quot;,&quot;iso&quot;:&quot;0&quot;,&quot;shutter_speed&quot;:&quot;0&quot;,&quot;title&quot;:&quot;&quot;,&quot;orientation&quot;:&quot;0&quot;}\" data-image-title=\"vikos-schlucht4.jpg\" data-image-description=\"\" data-medium-file=\"https:\/\/i0.wp.com\/www.bechmann.org\/amphibium\/wp-content\/uploads\/vikos-schlucht4.jpg?fit=225%2C300&#038;ssl=1\" data-large-file=\"https:\/\/i0.wp.com\/www.bechmann.org\/amphibium\/wp-content\/uploads\/vikos-schlucht4.jpg?fit=576%2C768&#038;ssl=1\" src=\"https:\/\/i0.wp.com\/www.bechmann.org\/amphibium\/wp-content\/uploads\/vikos-schlucht4.jpg?w=222&#038;h=296&#038;ssl=1\" srcset=\"https:\/\/i0.wp.com\/www.bechmann.org\/amphibium\/wp-content\/uploads\/vikos-schlucht4.jpg?w=576&amp;ssl=1 576w, https:\/\/i0.wp.com\/www.bechmann.org\/amphibium\/wp-content\/uploads\/vikos-schlucht4.jpg?resize=225%2C300&amp;ssl=1 225w\" width=\"222\" height=\"296\" loading=\"lazy\" data-original-width=\"222\" data-original-height=\"296\" itemprop=\"http:\/\/schema.org\/image\" title=\"vikos-schlucht4.jpg\" alt=\"Beate in der Vikos-Schlucht\" style=\"width: 222px; height: 296px;\" \/> <\/a> <div class=\"tiled-gallery-caption\" itemprop=\"caption description\"> Beate in der Vikos-Schlucht <\/div> <\/div> <\/div> <!-- close group --> <\/div> <!-- close row --> <\/div>\n<p>Es gibt einige Passagen zu klettern, zu kraxeln, zu krabbeln, ebenso wie schmale, br\u00f6ckelige, ger\u00f6llige Stellen, w\u00e4hrend der Pfad sich vorw\u00e4rts windend mal h\u00f6her, mal tiefer, mal am Schluchtgrund verl\u00e4uft. F\u00fcnf bis sieben Stunden sind daf\u00fcr zu kalkulieren. Verlaufen kann man sich nur schwerlich dabei; schon gar nicht, wenn man eine Wanderkarte des gesamten Gebietes in einem der Touri-Tinnef-L\u00e4den in Mononendri erwirbt.<\/p>\n<p><!--more--><\/p>\n<p>Die Vikos-Schlucht durchflie\u00dft der <a href=\"https:\/\/de.wikipedia.org\/wiki\/Voidomatis\" target=\"_blank\" rel=\"noopener\">Voidomatis<\/a>, und dieser Fluss ist vom Ort Aristi aus in entgegengesetzter, n\u00f6rdlicher Richtung entlang zu wandern. Es existiert ein rund f\u00fcnf Kilometer langer Lehrpfad mit 14 Schautafeln, entlang derer die Lebensweise paleolithischer nomadischer J\u00e4ger und die sie umgebenden Stein-, Pflanzen- und Tierwesen beschrieben und veranschaulicht wird.<\/p>\n<h3>Barfu\u00df-Wanderung entlang des Voidomatis<\/h3>\n<p>Auch dieser ist nicht ausgebaut wie ein Waldweg im hessischen Mittelgebirgsforst, sondern weist einige krickelige Passagen auf, bei denen man aus betr\u00e4chtlicher H\u00f6he auf das bet\u00f6rend sch\u00f6ne glasklare Wasser herabsieht. Der Voidomatis wird von Wildwasserkayakisten und per Rafting befahren \u2013 das Wasser ist nicht nur sch\u00f6n, sondern auch sch\u00e4umend. Und eiskalt.<\/p>\n<p>Schon die Wanderung durch die Vikos-Schlucht diente als Training \u2013 n\u00e4mlich mit den neu erworbenen 5.11-Rucks\u00e4cken und Teleskop-Wanderst\u00f6cken zu gehen. Entlang des Voidomatis lie\u00dfen wir uns \u2013 getreu der Ideen des <a href=\"https:\/\/www.bechmann.org\/amphibium\/?p=2921\" target=\"_blank\" rel=\"noopener\">Coyote Mentorings<\/a> &#8211; von der Idee der J\u00e4ger vor zehntausend Jahren inspirieren. Statt Trail-oder Wander-Schuhen zogen wir <a href=\"http:\/\/www.vibram-fivefingers.de\/\" target=\"_blank\" rel=\"noopener\">Fivefingers<\/a>-Barfu\u00dfschuhe an \u201cF\u00fc\u00dfe sind Geh-F\u00fchler\u201d, erinnerten wir uns, und tats\u00e4chlich: Ein nat\u00fcrliches Gehen und Anschmiegen an den Pfad statt Stolpern in fu\u00dffeindlichen Wanderkampfschuhen war die Folge.<\/p>\n<div class=\"tiled-gallery type-rectangular tiled-gallery-unresized\" data-original-width=\"625\" data-carousel-extra='{&quot;blog_id&quot;:1,&quot;permalink&quot;:&quot;https:\\\/\\\/www.bechmann.org\\\/amphibium\\\/wanderungen-an-vikos-voidomatis\\\/&quot;,&quot;likes_blog_id&quot;:68534324}' itemscope itemtype=\"http:\/\/schema.org\/ImageGallery\" > <div class=\"gallery-row\" style=\"width: 625px; height: 314px;\" data-original-width=\"625\" data-original-height=\"314\" > <div class=\"gallery-group images-1\" style=\"width: 417px; height: 314px;\" data-original-width=\"417\" data-original-height=\"314\" > <div class=\"tiled-gallery-item tiled-gallery-item-large\" itemprop=\"associatedMedia\" itemscope itemtype=\"http:\/\/schema.org\/ImageObject\"> <a href=\"https:\/\/www.bechmann.org\/amphibium\/wanderungen-an-vikos-voidomatis\/voidomatis-jpg\/\" border=\"0\" itemprop=\"url\"> <meta itemprop=\"width\" content=\"413\"> <meta itemprop=\"height\" content=\"310\"> <img decoding=\"async\" class=\"\" data-attachment-id=\"3238\" data-orig-file=\"https:\/\/www.bechmann.org\/amphibium\/wp-content\/uploads\/voidomatis.jpg\" data-orig-size=\"1024,768\" data-comments-opened=\"\" data-image-meta=\"{&quot;aperture&quot;:&quot;0&quot;,&quot;credit&quot;:&quot;&quot;,&quot;camera&quot;:&quot;&quot;,&quot;caption&quot;:&quot;&quot;,&quot;created_timestamp&quot;:&quot;0&quot;,&quot;copyright&quot;:&quot;&quot;,&quot;focal_length&quot;:&quot;0&quot;,&quot;iso&quot;:&quot;0&quot;,&quot;shutter_speed&quot;:&quot;0&quot;,&quot;title&quot;:&quot;&quot;,&quot;orientation&quot;:&quot;0&quot;}\" data-image-title=\"voidomatis.jpg\" data-image-description=\"\" data-medium-file=\"https:\/\/i0.wp.com\/www.bechmann.org\/amphibium\/wp-content\/uploads\/voidomatis.jpg?fit=300%2C225&#038;ssl=1\" data-large-file=\"https:\/\/i0.wp.com\/www.bechmann.org\/amphibium\/wp-content\/uploads\/voidomatis.jpg?fit=625%2C469&#038;ssl=1\" src=\"https:\/\/i0.wp.com\/www.bechmann.org\/amphibium\/wp-content\/uploads\/voidomatis.jpg?w=413&#038;h=310&#038;ssl=1\" srcset=\"https:\/\/i0.wp.com\/www.bechmann.org\/amphibium\/wp-content\/uploads\/voidomatis.jpg?w=1024&amp;ssl=1 1024w, https:\/\/i0.wp.com\/www.bechmann.org\/amphibium\/wp-content\/uploads\/voidomatis.jpg?resize=300%2C225&amp;ssl=1 300w, https:\/\/i0.wp.com\/www.bechmann.org\/amphibium\/wp-content\/uploads\/voidomatis.jpg?resize=768%2C576&amp;ssl=1 768w, https:\/\/i0.wp.com\/www.bechmann.org\/amphibium\/wp-content\/uploads\/voidomatis.jpg?resize=400%2C300&amp;ssl=1 400w\" width=\"413\" height=\"310\" loading=\"lazy\" data-original-width=\"413\" data-original-height=\"310\" itemprop=\"http:\/\/schema.org\/image\" title=\"voidomatis.jpg\" alt=\"Verwurzelungen am Flu\u00df-Ufer\" style=\"width: 413px; height: 310px;\" \/> <\/a> <div class=\"tiled-gallery-caption\" itemprop=\"caption description\"> Verwurzelungen am Flu\u00df-Ufer <\/div> <\/div> <\/div> <!-- close group --> <div class=\"gallery-group images-2\" style=\"width: 208px; height: 314px;\" data-original-width=\"208\" data-original-height=\"314\" > <div class=\"tiled-gallery-item tiled-gallery-item-small\" itemprop=\"associatedMedia\" itemscope itemtype=\"http:\/\/schema.org\/ImageObject\"> <a href=\"https:\/\/www.bechmann.org\/amphibium\/wanderungen-an-vikos-voidomatis\/voidomatis4-jpg\/\" border=\"0\" itemprop=\"url\"> <meta itemprop=\"width\" content=\"204\"> <meta itemprop=\"height\" content=\"153\"> <img decoding=\"async\" class=\"\" data-attachment-id=\"3244\" data-orig-file=\"https:\/\/www.bechmann.org\/amphibium\/wp-content\/uploads\/voidomatis4.jpg\" data-orig-size=\"1024,768\" data-comments-opened=\"\" data-image-meta=\"{&quot;aperture&quot;:&quot;0&quot;,&quot;credit&quot;:&quot;&quot;,&quot;camera&quot;:&quot;&quot;,&quot;caption&quot;:&quot;&quot;,&quot;created_timestamp&quot;:&quot;0&quot;,&quot;copyright&quot;:&quot;&quot;,&quot;focal_length&quot;:&quot;0&quot;,&quot;iso&quot;:&quot;0&quot;,&quot;shutter_speed&quot;:&quot;0&quot;,&quot;title&quot;:&quot;&quot;,&quot;orientation&quot;:&quot;0&quot;}\" data-image-title=\"voidomatis4.jpg\" data-image-description=\"\" data-medium-file=\"https:\/\/i0.wp.com\/www.bechmann.org\/amphibium\/wp-content\/uploads\/voidomatis4.jpg?fit=300%2C225&#038;ssl=1\" data-large-file=\"https:\/\/i0.wp.com\/www.bechmann.org\/amphibium\/wp-content\/uploads\/voidomatis4.jpg?fit=625%2C469&#038;ssl=1\" src=\"https:\/\/i0.wp.com\/www.bechmann.org\/amphibium\/wp-content\/uploads\/voidomatis4.jpg?w=204&#038;h=153&#038;ssl=1\" srcset=\"https:\/\/i0.wp.com\/www.bechmann.org\/amphibium\/wp-content\/uploads\/voidomatis4.jpg?w=1024&amp;ssl=1 1024w, https:\/\/i0.wp.com\/www.bechmann.org\/amphibium\/wp-content\/uploads\/voidomatis4.jpg?resize=300%2C225&amp;ssl=1 300w, https:\/\/i0.wp.com\/www.bechmann.org\/amphibium\/wp-content\/uploads\/voidomatis4.jpg?resize=768%2C576&amp;ssl=1 768w, https:\/\/i0.wp.com\/www.bechmann.org\/amphibium\/wp-content\/uploads\/voidomatis4.jpg?resize=400%2C300&amp;ssl=1 400w\" width=\"204\" height=\"153\" loading=\"lazy\" data-original-width=\"204\" data-original-height=\"153\" itemprop=\"http:\/\/schema.org\/image\" title=\"voidomatis4.jpg\" alt=\"Rafting-Start bei Aristi\" style=\"width: 204px; height: 153px;\" \/> <\/a> <div class=\"tiled-gallery-caption\" itemprop=\"caption description\"> Rafting-Start bei Aristi <\/div> <\/div> <div class=\"tiled-gallery-item tiled-gallery-item-small\" itemprop=\"associatedMedia\" itemscope itemtype=\"http:\/\/schema.org\/ImageObject\"> <a href=\"https:\/\/www.bechmann.org\/amphibium\/wanderungen-an-vikos-voidomatis\/voidomatis2-jpg\/\" border=\"0\" itemprop=\"url\"> <meta itemprop=\"width\" content=\"204\"> <meta itemprop=\"height\" content=\"153\"> <img decoding=\"async\" class=\"\" data-attachment-id=\"3240\" data-orig-file=\"https:\/\/www.bechmann.org\/amphibium\/wp-content\/uploads\/voidomatis2.jpg\" data-orig-size=\"1024,768\" data-comments-opened=\"\" data-image-meta=\"{&quot;aperture&quot;:&quot;0&quot;,&quot;credit&quot;:&quot;&quot;,&quot;camera&quot;:&quot;&quot;,&quot;caption&quot;:&quot;&quot;,&quot;created_timestamp&quot;:&quot;0&quot;,&quot;copyright&quot;:&quot;&quot;,&quot;focal_length&quot;:&quot;0&quot;,&quot;iso&quot;:&quot;0&quot;,&quot;shutter_speed&quot;:&quot;0&quot;,&quot;title&quot;:&quot;&quot;,&quot;orientation&quot;:&quot;0&quot;}\" data-image-title=\"voidomatis2.jpg\" data-image-description=\"\" data-medium-file=\"https:\/\/i0.wp.com\/www.bechmann.org\/amphibium\/wp-content\/uploads\/voidomatis2.jpg?fit=300%2C225&#038;ssl=1\" data-large-file=\"https:\/\/i0.wp.com\/www.bechmann.org\/amphibium\/wp-content\/uploads\/voidomatis2.jpg?fit=625%2C469&#038;ssl=1\" src=\"https:\/\/i0.wp.com\/www.bechmann.org\/amphibium\/wp-content\/uploads\/voidomatis2.jpg?w=204&#038;h=153&#038;ssl=1\" srcset=\"https:\/\/i0.wp.com\/www.bechmann.org\/amphibium\/wp-content\/uploads\/voidomatis2.jpg?w=1024&amp;ssl=1 1024w, https:\/\/i0.wp.com\/www.bechmann.org\/amphibium\/wp-content\/uploads\/voidomatis2.jpg?resize=300%2C225&amp;ssl=1 300w, https:\/\/i0.wp.com\/www.bechmann.org\/amphibium\/wp-content\/uploads\/voidomatis2.jpg?resize=768%2C576&amp;ssl=1 768w, https:\/\/i0.wp.com\/www.bechmann.org\/amphibium\/wp-content\/uploads\/voidomatis2.jpg?resize=400%2C300&amp;ssl=1 400w\" width=\"204\" height=\"153\" loading=\"lazy\" data-original-width=\"204\" data-original-height=\"153\" itemprop=\"http:\/\/schema.org\/image\" title=\"voidomatis2.jpg\" alt=\"Baum-Ver\u00e4stelung\" style=\"width: 204px; height: 153px;\" \/> <\/a> <div class=\"tiled-gallery-caption\" itemprop=\"caption description\"> Baum-Ver\u00e4stelung <\/div> <\/div> <\/div> <!-- close group --> <\/div> <!-- close row --> <div class=\"gallery-row\" style=\"width: 625px; height: 157px;\" data-original-width=\"625\" data-original-height=\"157\" > <div class=\"gallery-group images-1\" style=\"width: 209px; height: 157px;\" data-original-width=\"209\" data-original-height=\"157\" > <div class=\"tiled-gallery-item tiled-gallery-item-small\" itemprop=\"associatedMedia\" itemscope itemtype=\"http:\/\/schema.org\/ImageObject\"> <a href=\"https:\/\/www.bechmann.org\/amphibium\/wanderungen-an-vikos-voidomatis\/voidomatis3-jpg\/\" border=\"0\" itemprop=\"url\"> <meta itemprop=\"width\" content=\"205\"> <meta itemprop=\"height\" content=\"153\"> <img decoding=\"async\" class=\"\" data-attachment-id=\"3242\" data-orig-file=\"https:\/\/www.bechmann.org\/amphibium\/wp-content\/uploads\/voidomatis3.jpg\" data-orig-size=\"1024,768\" data-comments-opened=\"\" data-image-meta=\"{&quot;aperture&quot;:&quot;0&quot;,&quot;credit&quot;:&quot;&quot;,&quot;camera&quot;:&quot;&quot;,&quot;caption&quot;:&quot;&quot;,&quot;created_timestamp&quot;:&quot;0&quot;,&quot;copyright&quot;:&quot;&quot;,&quot;focal_length&quot;:&quot;0&quot;,&quot;iso&quot;:&quot;0&quot;,&quot;shutter_speed&quot;:&quot;0&quot;,&quot;title&quot;:&quot;&quot;,&quot;orientation&quot;:&quot;0&quot;}\" data-image-title=\"voidomatis3.jpg\" data-image-description=\"\" data-medium-file=\"https:\/\/i0.wp.com\/www.bechmann.org\/amphibium\/wp-content\/uploads\/voidomatis3.jpg?fit=300%2C225&#038;ssl=1\" data-large-file=\"https:\/\/i0.wp.com\/www.bechmann.org\/amphibium\/wp-content\/uploads\/voidomatis3.jpg?fit=625%2C469&#038;ssl=1\" src=\"https:\/\/i0.wp.com\/www.bechmann.org\/amphibium\/wp-content\/uploads\/voidomatis3.jpg?w=205&#038;h=153&#038;ssl=1\" srcset=\"https:\/\/i0.wp.com\/www.bechmann.org\/amphibium\/wp-content\/uploads\/voidomatis3.jpg?w=1024&amp;ssl=1 1024w, https:\/\/i0.wp.com\/www.bechmann.org\/amphibium\/wp-content\/uploads\/voidomatis3.jpg?resize=300%2C225&amp;ssl=1 300w, https:\/\/i0.wp.com\/www.bechmann.org\/amphibium\/wp-content\/uploads\/voidomatis3.jpg?resize=768%2C576&amp;ssl=1 768w, https:\/\/i0.wp.com\/www.bechmann.org\/amphibium\/wp-content\/uploads\/voidomatis3.jpg?resize=400%2C300&amp;ssl=1 400w\" width=\"205\" height=\"153\" loading=\"lazy\" data-original-width=\"205\" data-original-height=\"153\" itemprop=\"http:\/\/schema.org\/image\" title=\"voidomatis3.jpg\" alt=\"Baum-Tr\u00e4nke\" style=\"width: 205px; height: 153px;\" \/> <\/a> <div class=\"tiled-gallery-caption\" itemprop=\"caption description\"> Baum-Tr\u00e4nke <\/div> <\/div> <\/div> <!-- close group --> <div class=\"gallery-group images-1\" style=\"width: 208px; height: 157px;\" data-original-width=\"208\" data-original-height=\"157\" > <div class=\"tiled-gallery-item tiled-gallery-item-small\" itemprop=\"associatedMedia\" itemscope itemtype=\"http:\/\/schema.org\/ImageObject\"> <a href=\"https:\/\/www.bechmann.org\/amphibium\/wanderungen-an-vikos-voidomatis\/voidomatis5-jpg\/\" border=\"0\" itemprop=\"url\"> <meta itemprop=\"width\" content=\"204\"> <meta itemprop=\"height\" content=\"153\"> <img decoding=\"async\" class=\"\" data-attachment-id=\"3246\" data-orig-file=\"https:\/\/www.bechmann.org\/amphibium\/wp-content\/uploads\/voidomatis5.jpg\" data-orig-size=\"1024,768\" data-comments-opened=\"\" data-image-meta=\"{&quot;aperture&quot;:&quot;0&quot;,&quot;credit&quot;:&quot;&quot;,&quot;camera&quot;:&quot;&quot;,&quot;caption&quot;:&quot;&quot;,&quot;created_timestamp&quot;:&quot;0&quot;,&quot;copyright&quot;:&quot;&quot;,&quot;focal_length&quot;:&quot;0&quot;,&quot;iso&quot;:&quot;0&quot;,&quot;shutter_speed&quot;:&quot;0&quot;,&quot;title&quot;:&quot;&quot;,&quot;orientation&quot;:&quot;0&quot;}\" data-image-title=\"voidomatis5.jpg\" data-image-description=\"\" data-medium-file=\"https:\/\/i0.wp.com\/www.bechmann.org\/amphibium\/wp-content\/uploads\/voidomatis5.jpg?fit=300%2C225&#038;ssl=1\" data-large-file=\"https:\/\/i0.wp.com\/www.bechmann.org\/amphibium\/wp-content\/uploads\/voidomatis5.jpg?fit=625%2C469&#038;ssl=1\" src=\"https:\/\/i0.wp.com\/www.bechmann.org\/amphibium\/wp-content\/uploads\/voidomatis5.jpg?w=204&#038;h=153&#038;ssl=1\" srcset=\"https:\/\/i0.wp.com\/www.bechmann.org\/amphibium\/wp-content\/uploads\/voidomatis5.jpg?w=1024&amp;ssl=1 1024w, https:\/\/i0.wp.com\/www.bechmann.org\/amphibium\/wp-content\/uploads\/voidomatis5.jpg?resize=300%2C225&amp;ssl=1 300w, https:\/\/i0.wp.com\/www.bechmann.org\/amphibium\/wp-content\/uploads\/voidomatis5.jpg?resize=768%2C576&amp;ssl=1 768w, https:\/\/i0.wp.com\/www.bechmann.org\/amphibium\/wp-content\/uploads\/voidomatis5.jpg?resize=400%2C300&amp;ssl=1 400w\" width=\"204\" height=\"153\" loading=\"lazy\" data-original-width=\"204\" data-original-height=\"153\" itemprop=\"http:\/\/schema.org\/image\" title=\"voidomatis5.jpg\" alt=\"Traum-Fluss\" style=\"width: 204px; height: 153px;\" \/> <\/a> <div class=\"tiled-gallery-caption\" itemprop=\"caption description\"> Traum-Fluss <\/div> <\/div> <\/div> <!-- close group --> <div class=\"gallery-group images-1\" style=\"width: 208px; height: 157px;\" data-original-width=\"208\" data-original-height=\"157\" > <div class=\"tiled-gallery-item tiled-gallery-item-small\" itemprop=\"associatedMedia\" itemscope itemtype=\"http:\/\/schema.org\/ImageObject\"> <a href=\"https:\/\/www.bechmann.org\/amphibium\/wanderungen-an-vikos-voidomatis\/voidomatis6-jpg\/\" border=\"0\" itemprop=\"url\"> <meta itemprop=\"width\" content=\"204\"> <meta itemprop=\"height\" content=\"153\"> <img decoding=\"async\" class=\"\" data-attachment-id=\"3248\" data-orig-file=\"https:\/\/www.bechmann.org\/amphibium\/wp-content\/uploads\/voidomatis6.jpg\" data-orig-size=\"1024,768\" data-comments-opened=\"\" data-image-meta=\"{&quot;aperture&quot;:&quot;0&quot;,&quot;credit&quot;:&quot;&quot;,&quot;camera&quot;:&quot;&quot;,&quot;caption&quot;:&quot;&quot;,&quot;created_timestamp&quot;:&quot;0&quot;,&quot;copyright&quot;:&quot;&quot;,&quot;focal_length&quot;:&quot;0&quot;,&quot;iso&quot;:&quot;0&quot;,&quot;shutter_speed&quot;:&quot;0&quot;,&quot;title&quot;:&quot;&quot;,&quot;orientation&quot;:&quot;0&quot;}\" data-image-title=\"voidomatis6.jpg\" data-image-description=\"\" data-medium-file=\"https:\/\/i0.wp.com\/www.bechmann.org\/amphibium\/wp-content\/uploads\/voidomatis6.jpg?fit=300%2C225&#038;ssl=1\" data-large-file=\"https:\/\/i0.wp.com\/www.bechmann.org\/amphibium\/wp-content\/uploads\/voidomatis6.jpg?fit=625%2C469&#038;ssl=1\" src=\"https:\/\/i0.wp.com\/www.bechmann.org\/amphibium\/wp-content\/uploads\/voidomatis6.jpg?w=204&#038;h=153&#038;ssl=1\" srcset=\"https:\/\/i0.wp.com\/www.bechmann.org\/amphibium\/wp-content\/uploads\/voidomatis6.jpg?w=1024&amp;ssl=1 1024w, https:\/\/i0.wp.com\/www.bechmann.org\/amphibium\/wp-content\/uploads\/voidomatis6.jpg?resize=300%2C225&amp;ssl=1 300w, https:\/\/i0.wp.com\/www.bechmann.org\/amphibium\/wp-content\/uploads\/voidomatis6.jpg?resize=768%2C576&amp;ssl=1 768w, https:\/\/i0.wp.com\/www.bechmann.org\/amphibium\/wp-content\/uploads\/voidomatis6.jpg?resize=400%2C300&amp;ssl=1 400w\" width=\"204\" height=\"153\" loading=\"lazy\" data-original-width=\"204\" data-original-height=\"153\" itemprop=\"http:\/\/schema.org\/image\" title=\"voidomatis6.jpg\" alt=\"Traum-Strand\" style=\"width: 204px; height: 153px;\" \/> <\/a> <div class=\"tiled-gallery-caption\" itemprop=\"caption description\"> Traum-Strand <\/div> <\/div> <\/div> <!-- close group --> <\/div> <!-- close row --> <div class=\"gallery-row\" style=\"width: 625px; height: 300px;\" data-original-width=\"625\" data-original-height=\"300\" > <div class=\"gallery-group images-1\" style=\"width: 399px; height: 300px;\" data-original-width=\"399\" data-original-height=\"300\" > <div class=\"tiled-gallery-item tiled-gallery-item-large\" itemprop=\"associatedMedia\" itemscope itemtype=\"http:\/\/schema.org\/ImageObject\"> <a href=\"https:\/\/www.bechmann.org\/amphibium\/wanderungen-an-vikos-voidomatis\/voidomatis7-jpg\/\" border=\"0\" itemprop=\"url\"> <meta itemprop=\"width\" content=\"395\"> <meta itemprop=\"height\" content=\"296\"> <img decoding=\"async\" class=\"\" data-attachment-id=\"3250\" data-orig-file=\"https:\/\/www.bechmann.org\/amphibium\/wp-content\/uploads\/voidomatis7.jpg\" data-orig-size=\"1024,768\" data-comments-opened=\"\" data-image-meta=\"{&quot;aperture&quot;:&quot;0&quot;,&quot;credit&quot;:&quot;&quot;,&quot;camera&quot;:&quot;&quot;,&quot;caption&quot;:&quot;&quot;,&quot;created_timestamp&quot;:&quot;0&quot;,&quot;copyright&quot;:&quot;&quot;,&quot;focal_length&quot;:&quot;0&quot;,&quot;iso&quot;:&quot;0&quot;,&quot;shutter_speed&quot;:&quot;0&quot;,&quot;title&quot;:&quot;&quot;,&quot;orientation&quot;:&quot;0&quot;}\" data-image-title=\"voidomatis7.jpg\" data-image-description=\"\" data-medium-file=\"https:\/\/i0.wp.com\/www.bechmann.org\/amphibium\/wp-content\/uploads\/voidomatis7.jpg?fit=300%2C225&#038;ssl=1\" data-large-file=\"https:\/\/i0.wp.com\/www.bechmann.org\/amphibium\/wp-content\/uploads\/voidomatis7.jpg?fit=625%2C469&#038;ssl=1\" src=\"https:\/\/i0.wp.com\/www.bechmann.org\/amphibium\/wp-content\/uploads\/voidomatis7.jpg?w=395&#038;h=296&#038;ssl=1\" srcset=\"https:\/\/i0.wp.com\/www.bechmann.org\/amphibium\/wp-content\/uploads\/voidomatis7.jpg?w=1024&amp;ssl=1 1024w, https:\/\/i0.wp.com\/www.bechmann.org\/amphibium\/wp-content\/uploads\/voidomatis7.jpg?resize=300%2C225&amp;ssl=1 300w, https:\/\/i0.wp.com\/www.bechmann.org\/amphibium\/wp-content\/uploads\/voidomatis7.jpg?resize=768%2C576&amp;ssl=1 768w, https:\/\/i0.wp.com\/www.bechmann.org\/amphibium\/wp-content\/uploads\/voidomatis7.jpg?resize=400%2C300&amp;ssl=1 400w\" width=\"395\" height=\"296\" loading=\"lazy\" data-original-width=\"395\" data-original-height=\"296\" itemprop=\"http:\/\/schema.org\/image\" title=\"voidomatis7.jpg\" alt=\"Reines Fluss-Wasser\" style=\"width: 395px; height: 296px;\" \/> <\/a> <div class=\"tiled-gallery-caption\" itemprop=\"caption description\"> Reines Fluss-Wasser <\/div> <\/div> <\/div> <!-- close group --> <div class=\"gallery-group images-1\" style=\"width: 226px; height: 300px;\" data-original-width=\"226\" data-original-height=\"300\" > <div class=\"tiled-gallery-item tiled-gallery-item-small\" itemprop=\"associatedMedia\" itemscope itemtype=\"http:\/\/schema.org\/ImageObject\"> <a href=\"https:\/\/www.bechmann.org\/amphibium\/wanderungen-an-vikos-voidomatis\/voidomatis8-jpg\/\" border=\"0\" itemprop=\"url\"> <meta itemprop=\"width\" content=\"222\"> <meta itemprop=\"height\" content=\"296\"> <img decoding=\"async\" class=\"\" data-attachment-id=\"3252\" data-orig-file=\"https:\/\/www.bechmann.org\/amphibium\/wp-content\/uploads\/voidomatis8.jpg\" data-orig-size=\"576,768\" data-comments-opened=\"\" data-image-meta=\"{&quot;aperture&quot;:&quot;0&quot;,&quot;credit&quot;:&quot;&quot;,&quot;camera&quot;:&quot;&quot;,&quot;caption&quot;:&quot;&quot;,&quot;created_timestamp&quot;:&quot;0&quot;,&quot;copyright&quot;:&quot;&quot;,&quot;focal_length&quot;:&quot;0&quot;,&quot;iso&quot;:&quot;0&quot;,&quot;shutter_speed&quot;:&quot;0&quot;,&quot;title&quot;:&quot;&quot;,&quot;orientation&quot;:&quot;0&quot;}\" data-image-title=\"voidomatis8.jpg\" data-image-description=\"\" data-medium-file=\"https:\/\/i0.wp.com\/www.bechmann.org\/amphibium\/wp-content\/uploads\/voidomatis8.jpg?fit=225%2C300&#038;ssl=1\" data-large-file=\"https:\/\/i0.wp.com\/www.bechmann.org\/amphibium\/wp-content\/uploads\/voidomatis8.jpg?fit=576%2C768&#038;ssl=1\" src=\"https:\/\/i0.wp.com\/www.bechmann.org\/amphibium\/wp-content\/uploads\/voidomatis8.jpg?w=222&#038;h=296&#038;ssl=1\" srcset=\"https:\/\/i0.wp.com\/www.bechmann.org\/amphibium\/wp-content\/uploads\/voidomatis8.jpg?w=576&amp;ssl=1 576w, https:\/\/i0.wp.com\/www.bechmann.org\/amphibium\/wp-content\/uploads\/voidomatis8.jpg?resize=225%2C300&amp;ssl=1 225w\" width=\"222\" height=\"296\" loading=\"lazy\" data-original-width=\"222\" data-original-height=\"296\" itemprop=\"http:\/\/schema.org\/image\" title=\"voidomatis8.jpg\" alt=\"Hohl-Baum\" style=\"width: 222px; height: 296px;\" \/> <\/a> <div class=\"tiled-gallery-caption\" itemprop=\"caption description\"> Hohl-Baum <\/div> <\/div> <\/div> <!-- close group --> <\/div> <!-- close row --> <\/div>\n<p>Uns begegnete auf dem Hinweg eine gut ausgestattete Wandergruppe vorwiegend \u00e4lterer Menschen. Darunter freilich eine \u00e4ltere Dame in Alltagskleidung, freundlich l\u00e4chelnd, schon zur\u00fcck bleibend. Eine Begleiterin hatte ihr wenigstens einen Trekkingstock geliehen.<\/p>\n<p>Nach unserer halbst\u00fcndigen Vesper an einer Steinbogenbr\u00fccke am Ende des Pfades kehrten wir um und trabten den gleichen Weg zur\u00fcck. Wieder entlang wunderlich verformter, verknoteter, verwundener, verwurzelter, verwunschener B\u00e4ume. Viele von ihnen Hohl-B\u00e4ume. Entlang dem klaren, kalten Wasser. Zwischen Felswand und Flusslauf.<\/p>\n<h3>Die Nachhut<\/h3>\n<p>Kurz vor Ankunft am Ausgangsort holten wir die Nachhut der Wandergruppe ein: die \u00e4ltere Dame hatte sich tapfer durch alle steinernen Schwierigkeiten auf dem Weg geschlagen. Ihr Gro\u00dfvater hatte in dieser Region gelebt. Die 70j\u00e4hrige war schon lange einen solchen Weg nicht mehr gewandert.<\/p>\n<p>Sie war sichtlich froh, als wir ihr Wasser aus dem Trinkschlauch anboten. Weit hinter den anderen zur\u00fcckgeblieben, hatte sich allein ein Guide in Sichtweite zur\u00fcckfallen lassen. Die Wandergruppe stammte aus Athen, so war zu erfahren. Und wollte an diesem Wochenende noch weitere knackige Strecken passieren.<\/p>\n","protected":false},"excerpt":{"rendered":"<p>Vom Ochia-Aussichtspunkt gesehen, einer Art mauerbefestigter Balkon mit angeschlossener reisebusfester Parkbucht, f\u00e4llt die Vikos-Schlucht rund 900 Meter in die Tiefe\u2026 so senkrecht vor den F\u00fc\u00dfen und Augen, dass auch trittsicheren und schwindelfreien Menschen das Kribbeln die Beine in den Magen hochschie\u00dft. Vom Ort Mononendri f\u00fchrt ein anf\u00e4nglich unbequem gepflasterter Weg hinunter. Zu diesem Zeitpunkt m\u00f6chte [&hellip;]<\/p>\n","protected":false},"author":1,"featured_media":0,"comment_status":"open","ping_status":"open","sticky":false,"template":"","format":"standard","meta":{"jetpack_post_was_ever_published":false,"_jetpack_newsletter_access":"","_jetpack_dont_email_post_to_subs":false,"_jetpack_newsletter_tier_id":0,"_jetpack_memberships_contains_paywalled_content":false,"_jetpack_memberships_contains_paid_content":false,"footnotes":"","jetpack_publicize_message":"","jetpack_publicize_feature_enabled":true,"jetpack_social_post_already_shared":true,"jetpack_social_options":{"image_generator_settings":{"template":"highway","default_image_id":0,"font":"","enabled":false},"version":2}},"categories":[387,2,4],"tags":[449,451,414,448,450,447,444,445],"class_list":["post-3254","post","type-post","status-publish","format-standard","hentry","category-bilder-geschichte","category-land","category-wasser","tag-astiri","tag-epirus","tag-griechenland","tag-monodendri","tag-pindos","tag-vikos","tag-vikosschlucht","tag-voidomatis"],"jetpack_publicize_connections":[],"jetpack_featured_media_url":"","jetpack_shortlink":"https:\/\/wp.me\/p4DyUk-Qu","jetpack-related-posts":[{"id":3209,"url":"https:\/\/www.bechmann.org\/amphibium\/stellplatzprotokoll-vikosschlucht-griechenland\/","url_meta":{"origin":3254,"position":0},"title":"Stellplatzprotokoll Vikosschlucht, Griechenland","author":"Oliver","date":"27. April 2018","format":false,"excerpt":"Eine Wiese am Rand der schmalen, nahezu unbefahrenen Stra\u00dfe zum \u201cVikos-Balkon\u201d \u2013 einem Aussichtspunkt nahezu 1000 Meter hoch \u00fcber der Vikos-Schlucht. Die rund zehn Kilometer haben es ins Guinness Book geschafft als tiefste\/breiteste Schlucht der Welt. Man guckt also vom Aussichtspunkt Ochia am Rand der Schlucht tief-tief-tief runter und auf\u2026","rel":"","context":"In &quot;Coyote Mentoring&quot;","block_context":{"text":"Coyote Mentoring","link":"https:\/\/www.bechmann.org\/amphibium\/category\/coyote-mentoring\/"},"img":{"alt_text":"vikosschlucht","src":"https:\/\/i0.wp.com\/www.bechmann.org\/amphibium\/wp-content\/uploads\/vikosschlucht_thumb.jpg?resize=350%2C200","width":350,"height":200,"srcset":"https:\/\/i0.wp.com\/www.bechmann.org\/amphibium\/wp-content\/uploads\/vikosschlucht_thumb.jpg?resize=350%2C200 1x, https:\/\/i0.wp.com\/www.bechmann.org\/amphibium\/wp-content\/uploads\/vikosschlucht_thumb.jpg?resize=525%2C300 1.5x, https:\/\/i0.wp.com\/www.bechmann.org\/amphibium\/wp-content\/uploads\/vikosschlucht_thumb.jpg?resize=700%2C400 2x"},"classes":[]},{"id":493,"url":"https:\/\/www.bechmann.org\/amphibium\/auf-dem-weg-zur-todra-schlucht\/","url_meta":{"origin":3254,"position":1},"title":"Auf dem Weg zur Todra-Schlucht","author":"Oliver","date":"26. Oktober 2014","format":false,"excerpt":"Es gibt Tage in unserem Fernreise-Seminar unter reellen Bedingungen, die sind reine Fahr-Tage. Zur Erinnerung: Wir machen eine Art Expeditionstraining, rund drei Wochen lang. Motto: learning by doing. Es gibt geplante Theorie-Teile, es gibt geplante Praxisteile - wie etwa das Ger\u00f6llhang-Bergabfahren oder die Flussdurchfahrt; in der Sahara\u00a0werden wir noch zum\u2026","rel":"","context":"In &quot;Land&quot;","block_context":{"text":"Land","link":"https:\/\/www.bechmann.org\/amphibium\/category\/land\/"},"img":{"alt_text":"IMG_3369.JPG","src":"https:\/\/i0.wp.com\/www.bechmann.org\/amphibium\/wp-content\/uploads\/IMG_3369.jpg?resize=350%2C200","width":350,"height":200},"classes":[]},{"id":497,"url":"https:\/\/www.bechmann.org\/amphibium\/nichts-ist-unmoeglich-cirque-de-jaffar\/","url_meta":{"origin":3254,"position":2},"title":"Nichts ist unm\u00f6glich: Cirque de Jaffar","author":"Oliver","date":"24. Oktober 2014","format":false,"excerpt":"Der heutige Tag gl\u00e4nzt mit weiteren Highlights... In der N\u00e4he der Jaffar-Schlucht lie\u00dfen uns die Guides erst einmal - nach vorheriger Begehung und Einweisung (merke die alleroberste Regel: Gel\u00e4ndefahren = langsam fahren) eine absch\u00fcssige, rutschige Ger\u00f6llstrecke mit den Fahrzeugen hinunter kriechen. Kein Problem f\u00fcr den \"hochgel\u00e4ndeg\u00e4ngigen\" (Herstellerwerbung) Unimog, der die\u2026","rel":"","context":"In &quot;Land&quot;","block_context":{"text":"Land","link":"https:\/\/www.bechmann.org\/amphibium\/category\/land\/"},"img":{"alt_text":"Ger\u00f6ll-Abfahrtsstrecke","src":"https:\/\/i0.wp.com\/www.bechmann.org\/amphibium\/wp-content\/uploads\/IMG_6924.jpg?resize=350%2C200","width":350,"height":200,"srcset":"https:\/\/i0.wp.com\/www.bechmann.org\/amphibium\/wp-content\/uploads\/IMG_6924.jpg?resize=350%2C200 1x, https:\/\/i0.wp.com\/www.bechmann.org\/amphibium\/wp-content\/uploads\/IMG_6924.jpg?resize=525%2C300 1.5x, https:\/\/i0.wp.com\/www.bechmann.org\/amphibium\/wp-content\/uploads\/IMG_6924.jpg?resize=700%2C400 2x, https:\/\/i0.wp.com\/www.bechmann.org\/amphibium\/wp-content\/uploads\/IMG_6924.jpg?resize=1050%2C600 3x, https:\/\/i0.wp.com\/www.bechmann.org\/amphibium\/wp-content\/uploads\/IMG_6924.jpg?resize=1400%2C800 4x"},"classes":[]},{"id":1890,"url":"https:\/\/www.bechmann.org\/amphibium\/algarve-schlafplaetze-an-klippen-und-straenden\/","url_meta":{"origin":3254,"position":3},"title":"Algarve: Schlafpl\u00e4tze an Klippen und Str\u00e4nden","author":"Oliver","date":"30. Dezember 2016","format":false,"excerpt":"Wir stehen am Rande. Nicht ganz, aber wenige Meter weiter geht es steil die Felsklippen hinunter dorthin, wo die Wellen ungebremst aufschlagen. Nach mehreren flachen weiten Sandstr\u00e4nden bildet die Steilk\u00fcste am Praia de Bordeira nahe Carrapateira den Stand- und Schlafplatz unseres Unimogs. Zerkl\u00fcftete Felsen, Farbenpracht, heranrollende Wogen, Brandungsdonner, morgen werden\u2026","rel":"","context":"In &quot;Land&quot;","block_context":{"text":"Land","link":"https:\/\/www.bechmann.org\/amphibium\/category\/land\/"},"img":{"alt_text":"","src":"https:\/\/i0.wp.com\/www.bechmann.org\/amphibium\/wp-content\/uploads\/wp-image-1524333255jpg.jpg?resize=350%2C200","width":350,"height":200,"srcset":"https:\/\/i0.wp.com\/www.bechmann.org\/amphibium\/wp-content\/uploads\/wp-image-1524333255jpg.jpg?resize=350%2C200 1x, https:\/\/i0.wp.com\/www.bechmann.org\/amphibium\/wp-content\/uploads\/wp-image-1524333255jpg.jpg?resize=525%2C300 1.5x, https:\/\/i0.wp.com\/www.bechmann.org\/amphibium\/wp-content\/uploads\/wp-image-1524333255jpg.jpg?resize=700%2C400 2x, https:\/\/i0.wp.com\/www.bechmann.org\/amphibium\/wp-content\/uploads\/wp-image-1524333255jpg.jpg?resize=1050%2C600 3x, https:\/\/i0.wp.com\/www.bechmann.org\/amphibium\/wp-content\/uploads\/wp-image-1524333255jpg.jpg?resize=1400%2C800 4x"},"classes":[]},{"id":3456,"url":"https:\/\/www.bechmann.org\/amphibium\/auf-du-und-du-mit-charon-und-acheron\/","url_meta":{"origin":3254,"position":4},"title":"Auf du und du mit Charon am Acheron","author":"Oliver","date":"20. April 2018","format":false,"excerpt":"Es gibt eigentlich nur eine Gewissheit im Leben: Keiner kommt hier lebend raus. Dessen wird man sich besonders bewusst, wenn man am Totenfluss steht. Dem Ort, in dem zumindest in der griechischen Mythologie (siehe Wikipedia) der F\u00e4hrmann Charon (siehe Wikipedia) steht und \u00fcber den Fluss Acheron (siehe Wikipedia) die toten\u2026","rel":"","context":"In &quot;Land&quot;","block_context":{"text":"Land","link":"https:\/\/www.bechmann.org\/amphibium\/category\/land\/"},"img":{"alt_text":"","src":"https:\/\/i0.wp.com\/www.bechmann.org\/amphibium\/wp-content\/uploads\/GRIE-ALB-cat60-155916.jpg?resize=350%2C200","width":350,"height":200,"srcset":"https:\/\/i0.wp.com\/www.bechmann.org\/amphibium\/wp-content\/uploads\/GRIE-ALB-cat60-155916.jpg?resize=350%2C200 1x, https:\/\/i0.wp.com\/www.bechmann.org\/amphibium\/wp-content\/uploads\/GRIE-ALB-cat60-155916.jpg?resize=525%2C300 1.5x, https:\/\/i0.wp.com\/www.bechmann.org\/amphibium\/wp-content\/uploads\/GRIE-ALB-cat60-155916.jpg?resize=700%2C400 2x, https:\/\/i0.wp.com\/www.bechmann.org\/amphibium\/wp-content\/uploads\/GRIE-ALB-cat60-155916.jpg?resize=1050%2C600 3x"},"classes":[]},{"id":7064,"url":"https:\/\/www.bechmann.org\/amphibium\/pueblos-abandonados-iv-geier-valley-land-leben\/","url_meta":{"origin":3254,"position":5},"title":"Geier-Valley &#038; Land-Leben","author":"Oliver","date":"2. Juni 2023","format":false,"excerpt":"Wir rumpeln 14 Kilometer Offroad-Piste, passieren etliche Kirchen-Ruinen und erreichen abends Artieda, das auf einem H\u00fcgel oberhalb des Yesa-Staudammes liegt und \u00fcber einen kleinen kommunalen Campingplatz verf\u00fcgt. Auch gibt es eine dazugeh\u00f6rige Pilger-Herberge (bzw. umgekehrt; der Jakobsweg f\u00fchrt hier entlang). An den W\u00e4nden sind viele murales - Wandgem\u00e4lde - zu\u2026","rel":"","context":"In &quot;Land&quot;","block_context":{"text":"Land","link":"https:\/\/www.bechmann.org\/amphibium\/category\/land\/"},"img":{"alt_text":"","src":"https:\/\/i0.wp.com\/www.bechmann.org\/amphibium\/wp-content\/uploads\/IMG_20230602_080139.jpg?resize=350%2C200&ssl=1","width":350,"height":200,"srcset":"https:\/\/i0.wp.com\/www.bechmann.org\/amphibium\/wp-content\/uploads\/IMG_20230602_080139.jpg?resize=350%2C200&ssl=1 1x, https:\/\/i0.wp.com\/www.bechmann.org\/amphibium\/wp-content\/uploads\/IMG_20230602_080139.jpg?resize=525%2C300&ssl=1 1.5x, https:\/\/i0.wp.com\/www.bechmann.org\/amphibium\/wp-content\/uploads\/IMG_20230602_080139.jpg?resize=700%2C400&ssl=1 2x, https:\/\/i0.wp.com\/www.bechmann.org\/amphibium\/wp-content\/uploads\/IMG_20230602_080139.jpg?resize=1050%2C600&ssl=1 3x, https:\/\/i0.wp.com\/www.bechmann.org\/amphibium\/wp-content\/uploads\/IMG_20230602_080139.jpg?resize=1400%2C800&ssl=1 4x"},"classes":[]}],"jetpack_sharing_enabled":true,"_links":{"self":[{"href":"https:\/\/www.bechmann.org\/amphibium\/wp-json\/wp\/v2\/posts\/3254","targetHints":{"allow":["GET"]}}],"collection":[{"href":"https:\/\/www.bechmann.org\/amphibium\/wp-json\/wp\/v2\/posts"}],"about":[{"href":"https:\/\/www.bechmann.org\/amphibium\/wp-json\/wp\/v2\/types\/post"}],"author":[{"embeddable":true,"href":"https:\/\/www.bechmann.org\/amphibium\/wp-json\/wp\/v2\/users\/1"}],"replies":[{"embeddable":true,"href":"https:\/\/www.bechmann.org\/amphibium\/wp-json\/wp\/v2\/comments?post=3254"}],"version-history":[{"count":15,"href":"https:\/\/www.bechmann.org\/amphibium\/wp-json\/wp\/v2\/posts\/3254\/revisions"}],"predecessor-version":[{"id":8228,"href":"https:\/\/www.bechmann.org\/amphibium\/wp-json\/wp\/v2\/posts\/3254\/revisions\/8228"}],"wp:attachment":[{"href":"https:\/\/www.bechmann.org\/amphibium\/wp-json\/wp\/v2\/media?parent=3254"}],"wp:term":[{"taxonomy":"category","embeddable":true,"href":"https:\/\/www.bechmann.org\/amphibium\/wp-json\/wp\/v2\/categories?post=3254"},{"taxonomy":"post_tag","embeddable":true,"href":"https:\/\/www.bechmann.org\/amphibium\/wp-json\/wp\/v2\/tags?post=3254"}],"curies":[{"name":"wp","href":"https:\/\/api.w.org\/{rel}","templated":true}]}}