{"id":3177,"date":"2018-04-08T13:18:00","date_gmt":"2018-04-08T11:18:00","guid":{"rendered":"http:\/\/www.bechmann.org\/amphibium\/?p=3177"},"modified":"2024-04-30T13:33:03","modified_gmt":"2024-04-30T11:33:03","slug":"keine-eile-in-elea","status":"publish","type":"post","link":"https:\/\/www.bechmann.org\/amphibium\/keine-eile-in-elea\/","title":{"rendered":"Keine Eile in Elea"},"content":{"rendered":"<div style=\"width: 1038px\" class=\"wp-caption aligncenter\"><a href=\"https:\/\/i0.wp.com\/www.bechmann.org\/amphibium\/wp-content\/uploads\/keineeile.jpg?ssl=1\"><img data-recalc-dims=\"1\" loading=\"lazy\" decoding=\"async\" width=\"625\" height=\"468\" title=\"keineeile\" style=\"display: inline; background-image: none;\" alt=\"keineeile\" src=\"https:\/\/i0.wp.com\/www.bechmann.org\/amphibium\/wp-content\/uploads\/keineeile_thumb.jpg?resize=625%2C468&#038;ssl=1\" border=\"0\"><\/a><p class=\"wp-caption-text\">Keine Eile-Laster &amp; Amphibiums-Unimog<\/p><\/div>\n<p>In Elea gibt es ein Treffen. Manchmal sind <em>Social Media<\/em> noch \u201csocial\u201d und nicht verbr\u00e4mte Vertriebskan\u00e4le f\u00fcr Waren- oder Dienstleistungsangebote jedweder Art: Laut Instagram sind Steffi &amp; Olaf von \u201c<a href=\"http:\/\/www.keine-eile.de\" target=\"_blank\" rel=\"noopener\">Keine Eile<\/a>\u201d auf der Peloponnes unterwegs und justament kaum 20 Kilometer entfernt. Wir kommen einander entgegen, wir aus Norden, sie aus S\u00fcden und treffen uns in <a href=\"https:\/\/www.bechmann.org\/amphibium\/?p=3082\">Elea<\/a> (siehe <a href=\"https:\/\/www.bechmann.org\/amphibium\/?p=3082\">Stellplatzprotokoll Elea<\/a>) auf einem gro\u00dfen park\u00e4hnlichen Gel\u00e4nde hinter dem endlos langen Strand. .<\/p>\n<p>Steffi war bei unserer ersten Portugal-Fahrt mit den Infos in ihrem Blog \u201c<a href=\"http:\/\/www.keine-eile.de\/\" target=\"_blank\" rel=\"noopener\">Keine Eile<\/a>\u201d, das sich ausschlie\u00dflich um das <a href=\"https:\/\/www.bechmann.org\/amphibium\/?p=1985\">Leben auf R\u00e4dern<\/a> dreht, sowie mit den Infos ihrer weitern Website \u201c<a href=\"http:\/\/www.algarve-pur.de\" target=\"_blank\" rel=\"noopener\">Algarve pur<\/a>\u201d und dem dar\u00fcber herunterladbaren PDF-Roadbook zum Westen Portugals eine gro\u00dfe Hilfe (siehe auch Eintrag <a href=\"https:\/\/www.bechmann.org\/amphibium\/?p=2011\">\u201cVor- und Nachreiter\u201d hier<\/a>\u2026). Als quasi virtuelle Bekannte war sie mir durch Blogposts, Videos, Instagram-Fotos und Newsletter beinahe schon vertraut.<\/p>\n<h3>Freundlichkeit und Herzlichkeit<\/h3>\n<p>Das \u00e4hnlich wie Nima &amp; Steve von \u201c<a href=\"http:\/\/www.abenteuer-unterwegs.de\" target=\"_blank\" rel=\"noopener\">Abenteuer unterwegs<\/a>\u201d, die wir im richtigen Leben im vergangenen Winter in Portugal getroffen haben (siehe Beitrag <a href=\"https:\/\/www.bechmann.org\/amphibium\/?p=2772\">Freiheits-Postulat &amp; Neo-Imperialismus hier\u2026)<\/a>, sowie Andr\u00e9 Bonsch von <a href=\"http:\/\/www.amumot.de\" target=\"_blank\" rel=\"noopener\">Amumot<\/a> (siehe ebenso <a href=\"https:\/\/www.bechmann.org\/amphibium\/?p=2011\">\u201cVor- und Nachreiter<\/a>\u201d). Alle Genannten haben uns mit Tipps und Infos geholfen, und mit Freundlichkeit, gar Herzlichkeit begr\u00fc\u00dft und behandelt. Trotz Unterschiedlichkeiten auf einer Wellenl\u00e4nge eben\u2026<!--more-->Mobiles Leben verbindet. Mit Steffi &amp; Olaf verbrachten wir zwei zwanglose Tage in Elea, ein lockeres Miteinander und&nbsp; Zur\u00fcckziehen in die eigenen vier W\u00e4nde ohne steife F\u00f6rmlichkeiten. Und einen wunderbaren Nachtspaziergang, bei dem Steffi uns einen Dauerbewohner auf R\u00e4dern vorstellte, der eine Stra\u00dfenmusikerin zu Besuch hatte. Am Lagerfeuer genossen wir den Gitarre und Gesang.<\/p>\n<div style=\"width: 1038px\" class=\"wp-caption aligncenter\"><a href=\"https:\/\/i0.wp.com\/www.bechmann.org\/amphibium\/wp-content\/uploads\/eleasunset.jpg?ssl=1\"><img data-recalc-dims=\"1\" loading=\"lazy\" decoding=\"async\" width=\"625\" height=\"469\" title=\"eleasunset\" style=\"display: inline; background-image: none;\" alt=\"eleasunset\" src=\"https:\/\/i0.wp.com\/www.bechmann.org\/amphibium\/wp-content\/uploads\/eleasunset_thumb.jpg?resize=625%2C469&#038;ssl=1\" border=\"0\"><\/a><p class=\"wp-caption-text\">Sonnenuntergang in Elea<\/p><\/div>\n<p>Auf unserem Weg zum Leben als Reise und auf Reisen haben wir uns prim\u00e4r zweier Quellen bedient: die Offroad-Fernreiseszene (und haben hier bei drei Marokko- und einer Island-Tour mit <a href=\"http:\/\/www.eineweltreisen.org\/\" target=\"_blank\" rel=\"noopener\">Eine Welt Reisen<\/a>, sowie auf <a href=\"http:\/\/www.abenteuer-allrad.de\" target=\"_blank\" rel=\"noopener\">Abenteuer &amp; Allrad<\/a><em><\/em>-Messe und <em><a href=\"http:\/\/www.fernreisemobiltreffen.de\" target=\"_blank\" rel=\"noopener\">Willy`s Fernreisemobiltreffen<\/a><\/em> gelernt, was wir erstmal lernen konnten) und die Szenerie der modernen Nomaden wie Steffi und Nima, die in ihren Vehikeln leben und arbeiten \u2013 und zum warmen Wetter, aber nicht unbedingt ins Unwegsame streben.<\/p>\n<p>Griechenland war ein Tipp Nimas, die an und f\u00fcr sich Spanien-Fan ist; auch Portugal-Expertin Steffi hat auf der Peloponnes in ihrem Laster den Winter verbracht. Wer sich nicht in den k\u00fchleren Alentejo zur\u00fcckziehen mag, dem wird die portugiesische Algarve mittlerweile zu voll. Die Wohnmobilbranche boomt, und es zieht haufenweise Rentner aus Deutschland, Holland, Frankreich und Gro\u00dfbritannien an den s\u00fcdlichsten und w\u00e4rmsten Ort Europas.<\/p>\n<p>Mit dem Treffen Steffis wird f\u00fcr mich ein Buch rund: Ich habe alle pers\u00f6nlich getroffen, die ich zuvor nur \u00fcber die digitalen Kan\u00e4le kannte. Wir sind jetzt erwachsen.<\/p>\n","protected":false},"excerpt":{"rendered":"<p>In Elea gibt es ein Treffen. Manchmal sind Social Media noch \u201csocial\u201d und nicht verbr\u00e4mte Vertriebskan\u00e4le f\u00fcr Waren- oder Dienstleistungsangebote jedweder Art: Laut Instagram sind Steffi &amp; Olaf von \u201cKeine Eile\u201d auf der Peloponnes unterwegs und justament kaum 20 Kilometer entfernt. Wir kommen einander entgegen, wir aus Norden, sie aus S\u00fcden und treffen uns in [&hellip;]<\/p>\n","protected":false},"author":1,"featured_media":0,"comment_status":"open","ping_status":"open","sticky":false,"template":"","format":"standard","meta":{"jetpack_post_was_ever_published":false,"_jetpack_newsletter_access":"","_jetpack_dont_email_post_to_subs":false,"_jetpack_newsletter_tier_id":0,"_jetpack_memberships_contains_paywalled_content":false,"_jetpack_memberships_contains_paid_content":false,"footnotes":"","jetpack_publicize_message":"","jetpack_publicize_feature_enabled":true,"jetpack_social_post_already_shared":true,"jetpack_social_options":{"image_generator_settings":{"template":"highway","default_image_id":0,"font":"","enabled":false},"version":2}},"categories":[2,372],"tags":[416,414,439,438],"class_list":["post-3177","post","type-post","status-publish","format-standard","hentry","category-land","category-roadstory","tag-elea","tag-griechenland","tag-keine-eile","tag-steffi"],"jetpack_publicize_connections":[],"jetpack_featured_media_url":"","jetpack_shortlink":"https:\/\/wp.me\/p4DyUk-Pf","jetpack-related-posts":[{"id":3082,"url":"https:\/\/www.bechmann.org\/amphibium\/stellplatzprotokoll-elea-griechenland\/","url_meta":{"origin":3177,"position":0},"title":"Stellplatzprotokoll Elea, Griechenland","author":"Oliver","date":"7. April 2018","format":false,"excerpt":"An der K\u00fcste der West-Peloponnes, in einer Art offenem Park mit einigen weitl\u00e4ufig verstreuten Wohn- und Reisemobilen, \"bunten\" und \"normalen\" Menschen. Sch\u00f6n, dass hier jeder jeden so sein l\u00e4sst, wie er ist. Erde: Sand, Erde \/ Wasser: Meer Pflanzen: Schilf, Thymian, Klee Tiere: gro\u00dfe Ameisen, Flederm\u00e4use, Fr\u00f6sche, Grillen, Eidechsen, Hunde,\u2026","rel":"","context":"In &quot;Coyote Mentoring&quot;","block_context":{"text":"Coyote Mentoring","link":"https:\/\/www.bechmann.org\/amphibium\/category\/coyote-mentoring\/"},"img":{"alt_text":"","src":"https:\/\/i0.wp.com\/www.bechmann.org\/amphibium\/wp-content\/uploads\/img_20180408_103947-1434541053.jpg?resize=350%2C200","width":350,"height":200,"srcset":"https:\/\/i0.wp.com\/www.bechmann.org\/amphibium\/wp-content\/uploads\/img_20180408_103947-1434541053.jpg?resize=350%2C200 1x, https:\/\/i0.wp.com\/www.bechmann.org\/amphibium\/wp-content\/uploads\/img_20180408_103947-1434541053.jpg?resize=525%2C300 1.5x, https:\/\/i0.wp.com\/www.bechmann.org\/amphibium\/wp-content\/uploads\/img_20180408_103947-1434541053.jpg?resize=700%2C400 2x, https:\/\/i0.wp.com\/www.bechmann.org\/amphibium\/wp-content\/uploads\/img_20180408_103947-1434541053.jpg?resize=1050%2C600 3x, https:\/\/i0.wp.com\/www.bechmann.org\/amphibium\/wp-content\/uploads\/img_20180408_103947-1434541053.jpg?resize=1400%2C800 4x"},"classes":[]},{"id":1985,"url":"https:\/\/www.bechmann.org\/amphibium\/leben-auf-rdern\/","url_meta":{"origin":3177,"position":1},"title":"Leben auf R\u00e4dern","author":"Oliver","date":"10. Januar 2017","format":false,"excerpt":"F\u00fcr unsere Stell- und \u00dcbernachtungspl\u00e4tze in Portugal sind im Wesentlichen zwei Quellen verantwortlich. Andr\u00e9 von amumot.de und Steffi von keine-eile.de bzw. algarve-pur.de. Beide leben dauerhaft in ihren (gr\u00f6\u00dferen) Wohnmobilen und verdienen ihren Lebensunterhalt trotz und gerade beim Unterwegssein; u.a. mit dem Unterwegssein bzw. den Ger\u00e4tschaften, die man beim wohnmobilen Leben\u2026","rel":"","context":"In &quot;Land&quot;","block_context":{"text":"Land","link":"https:\/\/www.bechmann.org\/amphibium\/category\/land\/"},"img":{"alt_text":"IMG_0998","src":"https:\/\/i0.wp.com\/www.bechmann.org\/amphibium\/wp-content\/uploads\/IMG_0998_thumb.jpg?resize=350%2C200","width":350,"height":200,"srcset":"https:\/\/i0.wp.com\/www.bechmann.org\/amphibium\/wp-content\/uploads\/IMG_0998_thumb.jpg?resize=350%2C200 1x, https:\/\/i0.wp.com\/www.bechmann.org\/amphibium\/wp-content\/uploads\/IMG_0998_thumb.jpg?resize=525%2C300 1.5x"},"classes":[]},{"id":5607,"url":"https:\/\/www.bechmann.org\/amphibium\/bonnievale-bontebok-holstein-schwarzwald\/","url_meta":{"origin":3177,"position":2},"title":"Bonnievale &#038; Bontebok: Holstein &#038; Schwarzwald","author":"Oliver","date":"27. April 2021","format":false,"excerpt":"Ratschl\u00e4ge s\u00fcdafrikanischer Bekannter verweisen h\u00e4ufig auf eine Zone im S\u00fcden des Landes. Auf Landkarten, zumal in Relief- oder Satellitendarstellung, sieht diese \u00fcberwiegend gr\u00fcn aus. Wundersch\u00f6n da, hei\u00dft es dann meist, und nicht umsonst ist die Garden Route unter Einheimischen wie Touristen so beliebt. Aber schon zuvor durchf\u00e4hrt man - etwa\u2026","rel":"","context":"In &quot;Land&quot;","block_context":{"text":"Land","link":"https:\/\/www.bechmann.org\/amphibium\/category\/land\/"},"img":{"alt_text":"","src":"https:\/\/i0.wp.com\/www.bechmann.org\/amphibium\/wp-content\/uploads\/bonnievale00_5.jpg?resize=350%2C200&ssl=1","width":350,"height":200,"srcset":"https:\/\/i0.wp.com\/www.bechmann.org\/amphibium\/wp-content\/uploads\/bonnievale00_5.jpg?resize=350%2C200&ssl=1 1x, https:\/\/i0.wp.com\/www.bechmann.org\/amphibium\/wp-content\/uploads\/bonnievale00_5.jpg?resize=525%2C300&ssl=1 1.5x, https:\/\/i0.wp.com\/www.bechmann.org\/amphibium\/wp-content\/uploads\/bonnievale00_5.jpg?resize=700%2C400&ssl=1 2x, https:\/\/i0.wp.com\/www.bechmann.org\/amphibium\/wp-content\/uploads\/bonnievale00_5.jpg?resize=1050%2C600&ssl=1 3x, https:\/\/i0.wp.com\/www.bechmann.org\/amphibium\/wp-content\/uploads\/bonnievale00_5.jpg?resize=1400%2C800&ssl=1 4x"},"classes":[]},{"id":4923,"url":"https:\/\/www.bechmann.org\/amphibium\/abgesang-freiheit-nomadentum-teil-iv-gott\/","url_meta":{"origin":3177,"position":3},"title":"Abgesang Freiheit &#038; Nomadentum, Teil IV (Gott)","author":"Oliver","date":"29. Mai 2020","format":false,"excerpt":"Mensch wie Tier wie Pflanze sind auf unserem Planeten auf Sauerstoff und Nahrung angewiesen, die Sorge um diese Elemente engt grundlegend jede Freiheit ein \u2013 und daher k\u00f6nnte man die pr\u00e4historischen J\u00e4ger & Sammler als freieste Existenzform betrachten. J\u00e4ger & Sammler mussten zwar dem Wild hinterherziehen \u2013 aber ihr Nahrungsspektrum\u2026","rel":"","context":"In &quot;Philosophie&quot;","block_context":{"text":"Philosophie","link":"https:\/\/www.bechmann.org\/amphibium\/category\/philosophie\/"},"img":{"alt_text":"","src":"https:\/\/i0.wp.com\/www.bechmann.org\/amphibium\/wp-content\/uploads\/gott.png?resize=350%2C200&ssl=1","width":350,"height":200,"srcset":"https:\/\/i0.wp.com\/www.bechmann.org\/amphibium\/wp-content\/uploads\/gott.png?resize=350%2C200&ssl=1 1x, https:\/\/i0.wp.com\/www.bechmann.org\/amphibium\/wp-content\/uploads\/gott.png?resize=525%2C300&ssl=1 1.5x, https:\/\/i0.wp.com\/www.bechmann.org\/amphibium\/wp-content\/uploads\/gott.png?resize=700%2C400&ssl=1 2x, https:\/\/i0.wp.com\/www.bechmann.org\/amphibium\/wp-content\/uploads\/gott.png?resize=1050%2C600&ssl=1 3x, https:\/\/i0.wp.com\/www.bechmann.org\/amphibium\/wp-content\/uploads\/gott.png?resize=1400%2C800&ssl=1 4x"},"classes":[]},{"id":2011,"url":"https:\/\/www.bechmann.org\/amphibium\/vor-und-nach-reiter\/","url_meta":{"origin":3177,"position":4},"title":"Vor- und Nach-Reiter","author":"Oliver","date":"15. Januar 2017","format":false,"excerpt":"Es geht zur\u00fcck, unweigerlich. Nach dem Kayak-\u00a0 und dem Strand-Tag am Praia de Albandeira n\u00e4chtigten wir am Praia de Falesia (genauer: am Praia dos Tomates), einige Kilometer weiter in Richtung Faro. Dort droht der Flughafen. Und damit Beates R\u00fcck-Flug, und meine damit einhergehende R\u00fcck-Fahrt. Am Praia de Falesia sind wir\u2026","rel":"","context":"In &quot;Land&quot;","block_context":{"text":"Land","link":"https:\/\/www.bechmann.org\/amphibium\/category\/land\/"},"img":{"alt_text":"IMG_1013","src":"https:\/\/i0.wp.com\/www.bechmann.org\/amphibium\/wp-content\/uploads\/IMG_1013_thumb.jpg?resize=350%2C200","width":350,"height":200,"srcset":"https:\/\/i0.wp.com\/www.bechmann.org\/amphibium\/wp-content\/uploads\/IMG_1013_thumb.jpg?resize=350%2C200 1x, https:\/\/i0.wp.com\/www.bechmann.org\/amphibium\/wp-content\/uploads\/IMG_1013_thumb.jpg?resize=525%2C300 1.5x"},"classes":[]},{"id":3174,"url":"https:\/\/www.bechmann.org\/amphibium\/alltag-unterwegs-waschtag\/","url_meta":{"origin":3177,"position":5},"title":"Alltag unterwegs: Waschen wird &uuml;berbewertet","author":"Oliver","date":"20. Mai 2018","format":false,"excerpt":"Sich oder seine Kleidung zu waschen, wird \u00fcberbewertet. So schlecht riecht man meist gar nicht. Vor allem dann nicht, wenn man Dinge tut, die man mag; wenn man Aktivit\u00e4ten betreibt, die einen erf\u00fcllen. Schon mal aufgefallen, dass Sport-Schwei\u00df anders riecht als der Stress-Schwei\u00df des B\u00fcros? Nat\u00fcrlich kann man den Schwei\u00df\u2026","rel":"","context":"In &quot;Land&quot;","block_context":{"text":"Land","link":"https:\/\/www.bechmann.org\/amphibium\/category\/land\/"},"img":{"alt_text":"","src":"https:\/\/i0.wp.com\/www.bechmann.org\/amphibium\/wp-content\/uploads\/GRIE-ALB-cat60-111528.jpg?resize=350%2C200","width":350,"height":200,"srcset":"https:\/\/i0.wp.com\/www.bechmann.org\/amphibium\/wp-content\/uploads\/GRIE-ALB-cat60-111528.jpg?resize=350%2C200 1x, https:\/\/i0.wp.com\/www.bechmann.org\/amphibium\/wp-content\/uploads\/GRIE-ALB-cat60-111528.jpg?resize=525%2C300 1.5x, https:\/\/i0.wp.com\/www.bechmann.org\/amphibium\/wp-content\/uploads\/GRIE-ALB-cat60-111528.jpg?resize=700%2C400 2x, https:\/\/i0.wp.com\/www.bechmann.org\/amphibium\/wp-content\/uploads\/GRIE-ALB-cat60-111528.jpg?resize=1050%2C600 3x"},"classes":[]}],"jetpack_sharing_enabled":true,"_links":{"self":[{"href":"https:\/\/www.bechmann.org\/amphibium\/wp-json\/wp\/v2\/posts\/3177","targetHints":{"allow":["GET"]}}],"collection":[{"href":"https:\/\/www.bechmann.org\/amphibium\/wp-json\/wp\/v2\/posts"}],"about":[{"href":"https:\/\/www.bechmann.org\/amphibium\/wp-json\/wp\/v2\/types\/post"}],"author":[{"embeddable":true,"href":"https:\/\/www.bechmann.org\/amphibium\/wp-json\/wp\/v2\/users\/1"}],"replies":[{"embeddable":true,"href":"https:\/\/www.bechmann.org\/amphibium\/wp-json\/wp\/v2\/comments?post=3177"}],"version-history":[{"count":7,"href":"https:\/\/www.bechmann.org\/amphibium\/wp-json\/wp\/v2\/posts\/3177\/revisions"}],"predecessor-version":[{"id":8229,"href":"https:\/\/www.bechmann.org\/amphibium\/wp-json\/wp\/v2\/posts\/3177\/revisions\/8229"}],"wp:attachment":[{"href":"https:\/\/www.bechmann.org\/amphibium\/wp-json\/wp\/v2\/media?parent=3177"}],"wp:term":[{"taxonomy":"category","embeddable":true,"href":"https:\/\/www.bechmann.org\/amphibium\/wp-json\/wp\/v2\/categories?post=3177"},{"taxonomy":"post_tag","embeddable":true,"href":"https:\/\/www.bechmann.org\/amphibium\/wp-json\/wp\/v2\/tags?post=3177"}],"curies":[{"name":"wp","href":"https:\/\/api.w.org\/{rel}","templated":true}]}}