{"id":3142,"date":"2018-04-10T22:50:28","date_gmt":"2018-04-10T20:50:28","guid":{"rendered":"http:\/\/www.bechmann.org\/amphibium\/?p=3142"},"modified":"2024-04-30T13:32:50","modified_gmt":"2024-04-30T11:32:50","slug":"hellenistisches-sparta-und-byzantinisches-mystras","status":"publish","type":"post","link":"https:\/\/www.bechmann.org\/amphibium\/hellenistisches-sparta-und-byzantinisches-mystras\/","title":{"rendered":"Hellenistisches Sparta &#038; byzantinisches Mystras"},"content":{"rendered":"<div id=\"attachment_3150\" style=\"width: 3010px\" class=\"wp-caption aligncenter\"><a href=\"https:\/\/i0.wp.com\/www.bechmann.org\/amphibium\/wp-content\/uploads\/img_20180410_135302-011511814021.jpeg?ssl=1\"><img data-recalc-dims=\"1\" loading=\"lazy\" decoding=\"async\" aria-describedby=\"caption-attachment-3150\" data-attachment-id=\"3150\" data-permalink=\"https:\/\/www.bechmann.org\/amphibium\/hellenistisches-sparta-und-byzantinisches-mystras\/img_20180410_135302-011511814021-jpeg\/\" data-orig-file=\"https:\/\/i0.wp.com\/www.bechmann.org\/amphibium\/wp-content\/uploads\/img_20180410_135302-011511814021.jpeg?fit=3000%2C2250&amp;ssl=1\" data-orig-size=\"3000,2250\" data-comments-opened=\"0\" data-image-meta=\"{&quot;aperture&quot;:&quot;0&quot;,&quot;credit&quot;:&quot;&quot;,&quot;camera&quot;:&quot;&quot;,&quot;caption&quot;:&quot;&quot;,&quot;created_timestamp&quot;:&quot;0&quot;,&quot;copyright&quot;:&quot;&quot;,&quot;focal_length&quot;:&quot;0&quot;,&quot;iso&quot;:&quot;0&quot;,&quot;shutter_speed&quot;:&quot;0&quot;,&quot;title&quot;:&quot;&quot;,&quot;orientation&quot;:&quot;0&quot;}\" data-image-title=\"img_20180410_135302-011511814021.jpeg\" data-image-description=\"\" data-image-caption=\"\" data-large-file=\"https:\/\/i0.wp.com\/www.bechmann.org\/amphibium\/wp-content\/uploads\/img_20180410_135302-011511814021.jpeg?fit=625%2C469&amp;ssl=1\" class=\"wp-image-3150 size-full\" src=\"https:\/\/i0.wp.com\/www.bechmann.org\/amphibium\/wp-content\/uploads\/img_20180410_135302-011511814021.jpeg?resize=625%2C469&#038;ssl=1\" alt=\"\" width=\"625\" height=\"469\" data-temp-aztec-id=\"b28fdd7d-348b-4a0f-8a23-90c3aab5eaa6\" srcset=\"https:\/\/i0.wp.com\/www.bechmann.org\/amphibium\/wp-content\/uploads\/img_20180410_135302-011511814021.jpeg?w=3000&amp;ssl=1 3000w, https:\/\/i0.wp.com\/www.bechmann.org\/amphibium\/wp-content\/uploads\/img_20180410_135302-011511814021.jpeg?resize=300%2C225&amp;ssl=1 300w, https:\/\/i0.wp.com\/www.bechmann.org\/amphibium\/wp-content\/uploads\/img_20180410_135302-011511814021.jpeg?resize=768%2C576&amp;ssl=1 768w, https:\/\/i0.wp.com\/www.bechmann.org\/amphibium\/wp-content\/uploads\/img_20180410_135302-011511814021.jpeg?resize=1024%2C768&amp;ssl=1 1024w, https:\/\/i0.wp.com\/www.bechmann.org\/amphibium\/wp-content\/uploads\/img_20180410_135302-011511814021.jpeg?resize=400%2C300&amp;ssl=1 400w, https:\/\/i0.wp.com\/www.bechmann.org\/amphibium\/wp-content\/uploads\/img_20180410_135302-011511814021.jpeg?w=1250&amp;ssl=1 1250w, https:\/\/i0.wp.com\/www.bechmann.org\/amphibium\/wp-content\/uploads\/img_20180410_135302-011511814021.jpeg?w=1875&amp;ssl=1 1875w\" sizes=\"auto, (max-width: 625px) 100vw, 625px\" \/><\/a><p id=\"caption-attachment-3150\" class=\"wp-caption-text\">Kirche in Mystras<\/p><\/div>\n<p>Nun <a href=\"https:\/\/de.m.wikipedia.org\/wiki\/Sparta\">Sparta<\/a>. Den Ort kennt man aus der griechischen Geschichte &#8211; oder aus der Gewalt-Hollywoodeske &#8222;300&#8220;, in der die Heldentat am Thermopylen-Pass gefeiert wird, diesen schmalen Durchgang dem persischen Heer zu verstellen. Und dabei allesamt umkamen, inkl. Anf\u00fchrer Leonidas. So weit bekannt; weniger bekannt ist, dass zu den Dreihundert auch Verb\u00fcndete der Spartaner z\u00e4hlten. Die sind weitgehend vergessen.<\/p>\n<h3>Spartas Oliven\u00f6l-Museum<\/h3>\n<p>Spartas beinharte milit\u00e4rische Z\u00fcchte und Ordnung, nach der die gesamte Gesellschaft des Stadtstadtes auf der Peloponnes organisiert war, sicherte nur zeitweilig die milit\u00e4rische und politische Vorherschaft und &#8211; Zufall oder nicht &#8211; vom antiken Sparta ist kaum was Sehenswertes \u00fcbrig. Das moderne Sparta hat bestenfalls den Charme eines mediterranen Kleinst\u00e4dtchens.<\/p>\n<p>Das Bemerkenswerteste an Sparta ist sein Oliven\u00f6l-Museum. Ein regionaler Wirtschaftsfaktor, Ern\u00e4hrungs- und Gesundheitsmittel, Kulturgut.<\/p>\n<div style=\"width: 3010px\" class=\"wp-caption aligncenter\"><img data-recalc-dims=\"1\" loading=\"lazy\" decoding=\"async\" src=\"https:\/\/i0.wp.com\/www.bechmann.org\/amphibium\/wp-content\/uploads\/img_20180409_155102-01-657723953.jpeg?resize=625%2C469&#038;ssl=1\" alt=\"\" width=\"625\" height=\"469\" data-wpid=\"371\" \/><p class=\"wp-caption-text\">Altert\u00fcmliche Olivenpresse<\/p><\/div>\n<p>Der Haupt-Konkurrent Spartas, die Stadt der Denker und Demokraten Athen, ist bis heute gro\u00df, weist einige antike \u00dcberreste auf (wie etwa die Akropolis) auf und kann mit weitaus bedeutenderen milit\u00e4rischen Erfolgen gegen die Perser prunken (Marathon!). &#8222;300&#8220; &#8211; das ist eher ein M\u00e4rchen als ein Mythos. Die Spartaner selbst haben nur gefochten, nicht geschrieben. Was man \u00fcber sie wei\u00df, entstammt den Glorifizierungen oder Herabw\u00fcrdigungen sp\u00e4terer Skribenten.<\/p>\n<p><!--more--><\/p>\n<p>Was also tun in Sparta? Man f\u00e4hrt wenige Kilometer weiter, ins benachbarte Mystras. Dort zieht sich eine ganze Runinenstadt den Berg hoch &#8211; freilich nicht aus hellenistischer, sondern aus byzantinischer Zeit. Daf\u00fcr teilweise erstaunlich gut erhalten; es lassen sich dort Stunden mit Staunen verbringen. Vor allem, wenn man die Entwicklung des Christentums nur in westeurop\u00e4isch-katholischer-evangelischer Sicht kennt.<\/p>\n<h3>Ruinenstadt Mystras<\/h3>\n<p>Wir \u00fcbernachten im Unimog auf dem Parkplatz direkt vor dem Eingang der Ruinenstadt und haben das Vergn\u00fcgen, vor der Saison Kapellen, Kirchen, Kathedralen sowie Fresken &amp; Festung mit nur wenigen anderen Besuchern teilen zu m\u00fcssen.<\/p>\n<p>Die kurvige Gebirgsstra\u00dfe nach Leonidio an der Ostk\u00fcste der Peloponnes f\u00fchrt \u00fcber den malerischen Ort Kosmas, dessen verwinkelte Stra\u00dfenf\u00fchrung f\u00fcr den Unimog nicht ganz einfach zu bew\u00e4ltigen ist. Ein kurzer Stopp zwecks Orientierung l\u00e4sst ein Gesch\u00e4ft gewahr werden, in dem wir Oliven\u00f6l und Wein aus der Region erstehen. Zuvor schon hatte sich eine dieser Geschichten zugetragen, wie sie nur &#8222;on the road&#8220; passieren: Wir fahren hinter einem LKW her, auf dessen Pritsche sich die Oliven-Ernte stapelt.<\/p>\n<h3>Ein Gast-Geschenk<\/h3>\n<p>Der f\u00e4hrt zu einem Hof mit gro\u00dfer Produktionshalle &#8211; und wir hinterher in der Hoffnung, regionales Oliven\u00f6l direkt zu erwerben. Eine \u00e4ltere Frau versteht kein, ihre Tochter im Schulalter wenig englisch. Immerhin wird klar: Oliven\u00f6l gibt&#8217;s hier nicht. Doch lassen es sich die beiden nicht nehmen, uns in der Halle zu in Tonnen eingelegten Oliven zu f\u00fchren. Mehrere Handvoll holt die Mutter heraus und stopft sie in einen Bottich. Und Geld, nein, will sie nicht. Die Oliven sind ein Geschenk.<\/p>\n<p>Also haben wir nunmehr Oliven, Oliven\u00f6l, Kenntnisse \u00fcber die Oliven\u00f6l-Kultur &#8211; und Wein. Und finden auf dem Campingplatz in Leonidio direkt am Strand eine ruhige und angenehme Bleibe. Es muss nicht immer frei stehen sein. Zumal dann, wenn beim Abstellen des Fahrzeugs auff\u00e4llt, dass &#8211; mal wieder &#8211; Getriebe\u00f6l aus der Manschette am Schubrohr tropft. Alter Bekannter! Und eine Sorte \u00d6l, die drinnen bleiben sollte.<\/p>\n","protected":false},"excerpt":{"rendered":"<p>Nun Sparta. Den Ort kennt man aus der griechischen Geschichte &#8211; oder aus der Gewalt-Hollywoodeske &#8222;300&#8220;, in der die Heldentat am Thermopylen-Pass gefeiert wird, diesen schmalen Durchgang dem persischen Heer zu verstellen. Und dabei allesamt umkamen, inkl. Anf\u00fchrer Leonidas. So weit bekannt; weniger bekannt ist, dass zu den Dreihundert auch Verb\u00fcndete der Spartaner z\u00e4hlten. Die [&hellip;]<\/p>\n","protected":false},"author":1,"featured_media":0,"comment_status":"open","ping_status":"open","sticky":false,"template":"","format":"standard","meta":{"jetpack_post_was_ever_published":false,"_jetpack_newsletter_access":"","_jetpack_dont_email_post_to_subs":false,"_jetpack_newsletter_tier_id":0,"_jetpack_memberships_contains_paywalled_content":false,"_jetpack_memberships_contains_paid_content":false,"footnotes":"","jetpack_publicize_message":"","jetpack_publicize_feature_enabled":true,"jetpack_social_post_already_shared":true,"jetpack_social_options":{"image_generator_settings":{"template":"highway","default_image_id":0,"font":"","enabled":false},"version":2}},"categories":[2],"tags":[414,430,431,429,423,433,432,428],"class_list":["post-3142","post","type-post","status-publish","format-standard","hentry","category-land","tag-griechenland","tag-kosmas","tag-leonidio","tag-mystras","tag-oliven","tag-olivenmuseum","tag-olivenoel","tag-sparta"],"jetpack_publicize_connections":[],"jetpack_featured_media_url":"","jetpack_shortlink":"https:\/\/wp.me\/p4DyUk-OG","jetpack-related-posts":[{"id":3304,"url":"https:\/\/www.bechmann.org\/amphibium\/stellplatzprotokoll-meteora-klster-griechenland\/","url_meta":{"origin":3142,"position":0},"title":"Stellplatzprotokoll Meteora, Griechenland","author":"Oliver","date":"4. Mai 2018","format":false,"excerpt":"Mit einem Offroad-Reisemobil unterwegs zu sein und meist die Natur zu suchen, hei\u00dft nicht, auch mal eine Touristenattraktion anzusteuern. W\u00e4re eine W\u00fcstentour in Marokko denkbar, ohne dabei mal in Marrakesch, Fes oder Meknes gewesen zu sein? Nach Olympia, Sparta\/Mystras und Korinth nunmehr die Meteora-Kl\u00f6ster im Landesinneren. Alles ist voller Touristen\u2026","rel":"","context":"In &quot;Coyote Mentoring&quot;","block_context":{"text":"Coyote Mentoring","link":"https:\/\/www.bechmann.org\/amphibium\/category\/coyote-mentoring\/"},"img":{"alt_text":"stellplatz meteora","src":"https:\/\/i0.wp.com\/www.bechmann.org\/amphibium\/wp-content\/uploads\/stellplatz-meteora_thumb.jpg?resize=350%2C200","width":350,"height":200,"srcset":"https:\/\/i0.wp.com\/www.bechmann.org\/amphibium\/wp-content\/uploads\/stellplatz-meteora_thumb.jpg?resize=350%2C200 1x, https:\/\/i0.wp.com\/www.bechmann.org\/amphibium\/wp-content\/uploads\/stellplatz-meteora_thumb.jpg?resize=525%2C300 1.5x, https:\/\/i0.wp.com\/www.bechmann.org\/amphibium\/wp-content\/uploads\/stellplatz-meteora_thumb.jpg?resize=700%2C400 2x"},"classes":[]},{"id":3095,"url":"https:\/\/www.bechmann.org\/amphibium\/fhrfahrt-auf-die-peloponnes\/","url_meta":{"origin":3142,"position":1},"title":"F&auml;hrfahrt auf die Peloponnes","author":"Oliver","date":"2. April 2018","format":false,"excerpt":"Griechenland? Warum nach Griechenland? Am humanistischen Gymnasium war die griechische und r\u00f6mische Geschichte allgegenw\u00e4rtig, und ein in Bayern aufwachsender Bub w\u00e4re keiner, wenn er nicht von der griechischen Mythologie fasziniert gewesen w\u00e4re und all die Helden und Heldinnen, G\u00f6tter und G\u00f6ttinnen nicht bewundert h\u00e4tte. Nach dem Zwang zum Latein ab\u2026","rel":"","context":"In &quot;Land&quot;","block_context":{"text":"Land","link":"https:\/\/www.bechmann.org\/amphibium\/category\/land\/"},"img":{"alt_text":"","src":"https:\/\/i0.wp.com\/www.bechmann.org\/amphibium\/wp-content\/uploads\/IMG_3093-2_thumb.jpg?resize=350%2C200","width":350,"height":200,"srcset":"https:\/\/i0.wp.com\/www.bechmann.org\/amphibium\/wp-content\/uploads\/IMG_3093-2_thumb.jpg?resize=350%2C200 1x, https:\/\/i0.wp.com\/www.bechmann.org\/amphibium\/wp-content\/uploads\/IMG_3093-2_thumb.jpg?resize=525%2C300 1.5x, https:\/\/i0.wp.com\/www.bechmann.org\/amphibium\/wp-content\/uploads\/IMG_3093-2_thumb.jpg?resize=700%2C400 2x"},"classes":[]},{"id":3174,"url":"https:\/\/www.bechmann.org\/amphibium\/alltag-unterwegs-waschtag\/","url_meta":{"origin":3142,"position":2},"title":"Alltag unterwegs: Waschen wird &uuml;berbewertet","author":"Oliver","date":"20. Mai 2018","format":false,"excerpt":"Sich oder seine Kleidung zu waschen, wird \u00fcberbewertet. So schlecht riecht man meist gar nicht. Vor allem dann nicht, wenn man Dinge tut, die man mag; wenn man Aktivit\u00e4ten betreibt, die einen erf\u00fcllen. Schon mal aufgefallen, dass Sport-Schwei\u00df anders riecht als der Stress-Schwei\u00df des B\u00fcros? Nat\u00fcrlich kann man den Schwei\u00df\u2026","rel":"","context":"In &quot;Land&quot;","block_context":{"text":"Land","link":"https:\/\/www.bechmann.org\/amphibium\/category\/land\/"},"img":{"alt_text":"","src":"https:\/\/i0.wp.com\/www.bechmann.org\/amphibium\/wp-content\/uploads\/GRIE-ALB-cat60-111528.jpg?resize=350%2C200","width":350,"height":200,"srcset":"https:\/\/i0.wp.com\/www.bechmann.org\/amphibium\/wp-content\/uploads\/GRIE-ALB-cat60-111528.jpg?resize=350%2C200 1x, https:\/\/i0.wp.com\/www.bechmann.org\/amphibium\/wp-content\/uploads\/GRIE-ALB-cat60-111528.jpg?resize=525%2C300 1.5x, https:\/\/i0.wp.com\/www.bechmann.org\/amphibium\/wp-content\/uploads\/GRIE-ALB-cat60-111528.jpg?resize=700%2C400 2x, https:\/\/i0.wp.com\/www.bechmann.org\/amphibium\/wp-content\/uploads\/GRIE-ALB-cat60-111528.jpg?resize=1050%2C600 3x"},"classes":[]},{"id":7517,"url":"https:\/\/www.bechmann.org\/amphibium\/cabrio-tour-spanien-v-tabernas-baza\/","url_meta":{"origin":3142,"position":3},"title":"Cabrio-Tour Spanien I\/V: Tabernas &#038; Baza","author":"Oliver","date":"26. September 2023","format":false,"excerpt":"In der Desierto de Tabernas - eine der wenigen echten Halbw\u00fcsten Europas - besuchen wir den namensgebenden Ort samt dessen auf einem H\u00fcgel liegenden verfallen(d)en maurischen Kastell. Auf dem Weg von Roquetas de Mar kommen wir wieder an Plastikplanen vorbei; sp\u00e4ter dann zur Desierto de Tabernas, die wir vor zehn\u2026","rel":"","context":"In &quot;Bilder-Geschichte&quot;","block_context":{"text":"Bilder-Geschichte","link":"https:\/\/www.bechmann.org\/amphibium\/category\/bilder-geschichte\/"},"img":{"alt_text":"","src":"https:\/\/i0.wp.com\/www.bechmann.org\/amphibium\/wp-content\/uploads\/20230926_131340-scaled.jpg?resize=350%2C200&ssl=1","width":350,"height":200,"srcset":"https:\/\/i0.wp.com\/www.bechmann.org\/amphibium\/wp-content\/uploads\/20230926_131340-scaled.jpg?resize=350%2C200&ssl=1 1x, https:\/\/i0.wp.com\/www.bechmann.org\/amphibium\/wp-content\/uploads\/20230926_131340-scaled.jpg?resize=525%2C300&ssl=1 1.5x, https:\/\/i0.wp.com\/www.bechmann.org\/amphibium\/wp-content\/uploads\/20230926_131340-scaled.jpg?resize=700%2C400&ssl=1 2x, https:\/\/i0.wp.com\/www.bechmann.org\/amphibium\/wp-content\/uploads\/20230926_131340-scaled.jpg?resize=1050%2C600&ssl=1 3x, https:\/\/i0.wp.com\/www.bechmann.org\/amphibium\/wp-content\/uploads\/20230926_131340-scaled.jpg?resize=1400%2C800&ssl=1 4x"},"classes":[]},{"id":505,"url":"https:\/\/www.bechmann.org\/amphibium\/khemisset-rommani-azilal\/","url_meta":{"origin":3142,"position":4},"title":"Khemisset &#8211; Rommani &#8211; Azilal","author":"Oliver","date":"20. Oktober 2014","format":false,"excerpt":"Zum Fernreise- und Fahrseminar von Eine Welt Reisen geh\u00f6rt auch Theoriearbeit - d.h. f\u00fcr den heutigen Tag, dass wir w\u00e4hrend die Mittagsrast in Khemisset unser dickes Ringbuch auspacken und einen Vortrag \u00fcber wie Reisevorbereitung und Streckenplanung, Vegetationszonen und Klima, Fahrzeugvorbereitung und Ausr\u00fcstung, Umgang mit Land und Leuten, sowie\u00a0mit schwierigen oder\u2026","rel":"","context":"In &quot;Land&quot;","block_context":{"text":"Land","link":"https:\/\/www.bechmann.org\/amphibium\/category\/land\/"},"img":{"alt_text":"Mittagsrast in Khemisset","src":"https:\/\/i0.wp.com\/www.bechmann.org\/amphibium\/wp-content\/uploads\/IMG_04131.jpg?resize=350%2C200","width":350,"height":200,"srcset":"https:\/\/i0.wp.com\/www.bechmann.org\/amphibium\/wp-content\/uploads\/IMG_04131.jpg?resize=350%2C200 1x, https:\/\/i0.wp.com\/www.bechmann.org\/amphibium\/wp-content\/uploads\/IMG_04131.jpg?resize=525%2C300 1.5x, https:\/\/i0.wp.com\/www.bechmann.org\/amphibium\/wp-content\/uploads\/IMG_04131.jpg?resize=700%2C400 2x, https:\/\/i0.wp.com\/www.bechmann.org\/amphibium\/wp-content\/uploads\/IMG_04131.jpg?resize=1050%2C600 3x, https:\/\/i0.wp.com\/www.bechmann.org\/amphibium\/wp-content\/uploads\/IMG_04131.jpg?resize=1400%2C800 4x"},"classes":[]},{"id":3313,"url":"https:\/\/www.bechmann.org\/amphibium\/von-felsen-festungen-strnden-steinen\/","url_meta":{"origin":3142,"position":5},"title":"Von Felsen &amp; Festungen, Str&auml;nden &amp; Steinen","author":"Oliver","date":"16. April 2018","format":false,"excerpt":"Leonidio liegt weit zur\u00fcck, eine ganze K\u00fcstenstra\u00dfe lang, die hoch an die Felsen gepresst aufs blaue \u00c4g\u00e4iswasser herabblicken l\u00e4sst. Dann der Schwenk ins Landesinnere, \u00fcber Tripoli zum Isthmus von Korinth. Eine Landenge, die Ende des 19. Jahrhunderts durchstochen wurde, so dass Schiffe durch den Kanal von Korinth fahren konnten. Eine\u2026","rel":"","context":"In &quot;Land&quot;","block_context":{"text":"Land","link":"https:\/\/www.bechmann.org\/amphibium\/category\/land\/"},"img":{"alt_text":"","src":"https:\/\/i0.wp.com\/www.bechmann.org\/amphibium\/wp-content\/uploads\/acrocorinth5.jpg?resize=350%2C200","width":350,"height":200,"srcset":"https:\/\/i0.wp.com\/www.bechmann.org\/amphibium\/wp-content\/uploads\/acrocorinth5.jpg?resize=350%2C200 1x, https:\/\/i0.wp.com\/www.bechmann.org\/amphibium\/wp-content\/uploads\/acrocorinth5.jpg?resize=525%2C300 1.5x, https:\/\/i0.wp.com\/www.bechmann.org\/amphibium\/wp-content\/uploads\/acrocorinth5.jpg?resize=700%2C400 2x"},"classes":[]}],"jetpack_sharing_enabled":true,"_links":{"self":[{"href":"https:\/\/www.bechmann.org\/amphibium\/wp-json\/wp\/v2\/posts\/3142","targetHints":{"allow":["GET"]}}],"collection":[{"href":"https:\/\/www.bechmann.org\/amphibium\/wp-json\/wp\/v2\/posts"}],"about":[{"href":"https:\/\/www.bechmann.org\/amphibium\/wp-json\/wp\/v2\/types\/post"}],"author":[{"embeddable":true,"href":"https:\/\/www.bechmann.org\/amphibium\/wp-json\/wp\/v2\/users\/1"}],"replies":[{"embeddable":true,"href":"https:\/\/www.bechmann.org\/amphibium\/wp-json\/wp\/v2\/comments?post=3142"}],"version-history":[{"count":12,"href":"https:\/\/www.bechmann.org\/amphibium\/wp-json\/wp\/v2\/posts\/3142\/revisions"}],"predecessor-version":[{"id":3166,"href":"https:\/\/www.bechmann.org\/amphibium\/wp-json\/wp\/v2\/posts\/3142\/revisions\/3166"}],"wp:attachment":[{"href":"https:\/\/www.bechmann.org\/amphibium\/wp-json\/wp\/v2\/media?parent=3142"}],"wp:term":[{"taxonomy":"category","embeddable":true,"href":"https:\/\/www.bechmann.org\/amphibium\/wp-json\/wp\/v2\/categories?post=3142"},{"taxonomy":"post_tag","embeddable":true,"href":"https:\/\/www.bechmann.org\/amphibium\/wp-json\/wp\/v2\/tags?post=3142"}],"curies":[{"name":"wp","href":"https:\/\/api.w.org\/{rel}","templated":true}]}}