{"id":3095,"date":"2018-04-02T19:34:00","date_gmt":"2018-04-02T17:34:00","guid":{"rendered":"http:\/\/www.bechmann.org\/amphibium\/?p=3095"},"modified":"2024-04-30T13:33:38","modified_gmt":"2024-04-30T11:33:38","slug":"fhrfahrt-auf-die-peloponnes","status":"publish","type":"post","link":"https:\/\/www.bechmann.org\/amphibium\/fhrfahrt-auf-die-peloponnes\/","title":{"rendered":"F&auml;hrfahrt auf die Peloponnes"},"content":{"rendered":"<div style=\"width: 1038px\" class=\"wp-caption aligncenter\"><a href=\"https:\/\/i0.wp.com\/www.bechmann.org\/amphibium\/wp-content\/uploads\/IMG_3093-2.jpg?ssl=1\"><img data-recalc-dims=\"1\" loading=\"lazy\" decoding=\"async\" style=\"display: inline; background-image: none;\" title=\"IMG_3093 (2)\" src=\"https:\/\/i0.wp.com\/www.bechmann.org\/amphibium\/wp-content\/uploads\/IMG_3093-2_thumb.jpg?resize=625%2C469&#038;ssl=1\" alt=\"\" width=\"625\" height=\"469\" border=\"0\" \/><\/a><p class=\"wp-caption-text\">Gr\u00fcnimog in Griechenland<\/p><\/div>\n<p>Griechenland? Warum nach Griechenland? Am humanistischen Gymnasium war die griechische und r\u00f6mische Geschichte allgegenw\u00e4rtig, und ein in Bayern aufwachsender Bub w\u00e4re keiner, wenn er nicht von der griechischen Mythologie fasziniert gewesen w\u00e4re und all die Helden und Heldinnen, G\u00f6tter und G\u00f6ttinnen nicht bewundert h\u00e4tte.<\/p>\n<p>Nach dem Zwang zum Latein ab der f\u00fcnften Klasse aber habe ich doch lieber franz\u00f6sisch als griechisch sp\u00e4ter gew\u00e4hlt. Ansonsten hatte ich von jeher einen starken Bezug zu Spanien und seiner Lebens-Kultur. Unter anderem deswegen zog es uns in den vergangenen Jahren nach Spanien, die spanischen Pyren\u00e4en und Portugal.<\/p>\n<h3>Vom Heim- zum Ausw\u00e4rtsspiel<\/h3>\n<p>Genau deswegen nun nach Griechenland und Albanien: In europ\u00e4ische L\u00e4nder, die uns sprachlich und kulturell weitgehend fremd sind. Kein \u201cHeimspiel\u201d wie auf der Iberischen Halbinsel. Und die auf relativ kurzem Weg erreichbar sind \u2013 knapp 1100 Kilometer Fahrt durch Deutschland, die Schweiz und Italien, und schon steht man in Ancona am F\u00e4hrhafen.<\/p>\n<p>Auf dem Weg nach Portugal oder ins nordspanische Galicien w\u00e4re man da erst bei Bordeaux angelangt bzw. noch vor den Pyren\u00e4en\u2026 und h\u00e4tte enorme <em>Peag\u00e9<\/em>-Geb\u00fchren zu zahlen (besonders bei einem Siebeneinhalbtonner). In der Schweiz dagegen kostet die Autobahngeb\u00fchr dagegen \u2013 gar nichts. Aufgrund des H-Kennzeichens wird dem Gr\u00fcnimog vom Schweizer Zoll der Veteranen-Status zuerkannt.<\/p>\n<h3>Rangieren in Cattolica<\/h3>\n<p>Die Maut in Italien ist zu vernachl\u00e4ssigen, dagegen weniger der \u00fcberraschend starke Schneefall in der Schweiz am Ostersamstag, der den Verkehr in die Knie und zum vollst\u00e4ndigen Stillstand zwingt. Wir haben drei Navigationssysteme im Einsatz, eines davon ein LKW-Navi, das L\u00e4nge-Breite-H\u00f6he-Gewicht des Gr\u00fcnimogs kennt.<\/p>\n<p>Auch dieses verhindert freilich nicht, bei der Suche nach einem \u00dcbernachtungsplatz kurz vor Ancona mitten ins K\u00fcsten-\u00d6rtchen Cattolica zu geraten, dessen Ufer-Promenade eng geraten ist. Wie schon so h\u00e4ufig, ist f\u00fcr den Unimog weniger schweres Gel\u00e4nde als vielmehr kleinteiliges Ortsgebiet ein Problem. Letztlich verbringen wir nach einigem Rangieren auf einem gro\u00dfen kommunalen Parkplatz eine \u00fcberraschend ruhige Nacht \u2013 neben einer Reihe wei\u00dfer Wohnmobile.<\/p>\n<h3>\u00d6lbaumpflanzer lernt was \u00fcber Oliven<\/h3>\n<p>Am Ostersonntag ist es nur ein Katzensprung nach Ancona, wir nehmen im F\u00e4hrb\u00fcro unser reserviertes Ticket in Empfang (Danke an Nima von <a href=\"http:\/\/www.abenteuer-unterwegs,de\" target=\"_blank\" rel=\"noopener\">Abenteuer Unterwegs<\/a> f\u00fcr den Agentur-Tipp) und lernen ein M\u00fcnchner Paar kennen, das zu seinem Olivenbaum-best\u00fcckten Land in Griechenland \u00fcbersetzt und unsere Kenntnisse zu Oliven, Olivenb\u00e4ume, Olivenanbau und Oliven\u00f6l deutlich erweitert.<\/p>\n<p>Vor allem um die Info, dass alles in Deutschland erh\u00e4ltliche Oliven\u00f6l &#8211; egal ob Bio, <em>Extra Virgen<\/em> oder kaltgepresst \u2013 gepanscht, ein EU-konformer Verschnitt ist, der wirklich gutes Oliven\u00f6l vom Erzeuger nur zu einem gewissen Prozentsatz erh\u00e4lt. Das sollte jemand, der Oliver hei\u00dft, wissen \u2013 denn dieser Vorname geht wohl auf lateinischen Ursprung zur\u00fcck, dort bedeutet es \u201c\u00d6lbaumpflanzer\u201d.<\/p>\n<div style=\"width: 1038px\" class=\"wp-caption aligncenter\"><a href=\"https:\/\/i0.wp.com\/www.bechmann.org\/amphibium\/wp-content\/uploads\/IMG_20180402_093937.jpg?ssl=1\"><img data-recalc-dims=\"1\" loading=\"lazy\" decoding=\"async\" style=\"display: inline; background-image: none;\" title=\"IMG_20180402_093937\" src=\"https:\/\/i0.wp.com\/www.bechmann.org\/amphibium\/wp-content\/uploads\/IMG_20180402_093937_thumb.jpg?resize=625%2C469&#038;ssl=1\" alt=\"Ablegen in Igoumenitsa\" width=\"625\" height=\"469\" border=\"0\" \/><\/a><p class=\"wp-caption-text\">Ablegen in Igoumenitsa<\/p><\/div>\n<p>Bereichert hat auch die Konversation mit zwei georgischen Truckern, die unsere geografischen und geschichtlichen Kaukasus-Kenntnisse innerhalb zwei Warte-Stunden betr\u00e4chtlich erweitert haben. Nebenbei haben wir geholfen, das Auto eines dritten Georgiers zu reparieren. Nebenbei haben wir m\u00f6glicherweise ein neues Reiseziel f\u00fcr die Zukunft.<\/p>\n<p><!--more--><\/p>\n<p>Die F\u00e4hre von <em>Minoan Lines<\/em> legt um 17.30 Uhr ab und ist am n\u00e4chsten Nachmittag im griechischen Patras. Zuvor Zwischenstopp im nordgriechischen Igoumenitsa. Dort h\u00e4tten wir schon von Bord rollen k\u00f6nnen und w\u00e4ren so gut wie in Albanien gewesen. Aber als Kampfsportler, Marathon-L\u00e4ufer und Leichtathleten ist ein Besuch im antiken Olympia und in Sparta Pflicht \u2013 und die sind nicht all zu weit von unserem Zielhafen Patras auf der s\u00fcdgriechischen Peloponnes angesiedelt.<\/p>\n<div style=\"width: 1038px\" class=\"wp-caption alignnone\"><a href=\"https:\/\/i0.wp.com\/www.bechmann.org\/amphibium\/wp-content\/uploads\/IMG_3058-2.jpg?ssl=1\"><img data-recalc-dims=\"1\" loading=\"lazy\" decoding=\"async\" style=\"display: inline; background-image: none;\" title=\"IMG_3058 (2)\" src=\"https:\/\/i0.wp.com\/www.bechmann.org\/amphibium\/wp-content\/uploads\/IMG_3058-2_thumb.jpg?resize=625%2C469&#038;ssl=1\" alt=\"Biti bringt Bier\" width=\"625\" height=\"469\" border=\"0\" \/><\/a><p class=\"wp-caption-text\">Biti bringt Bier<\/p><\/div>\n<p>Die \u00dcberfahrt kostet f\u00fcr zwei Personen und ein Wohnmobil 180 Euro; das ist g\u00fcnstig, zumal die \u201cCruise Olympia\u201d gut in Schuss ist und alle Bordannehmlichkeiten in Betrieb sind, was man von den Marokko-F\u00e4hren von Genau nach Tanger nicht unbedingt sagen konnte \u2013 und die geh\u00f6ren der italienischen Grimaldi-Reederei. <em>Minoan Lines<\/em> auch.<\/p>\n<p>F\u00e4hrfahrten auf dem Hinweg sind meist sch\u00f6n \u2013 man sitzt bei einem Bier an Deck in der Sonne und genie\u00dft die Vorfreude. Gegen das Chaos, das die marokkanischen H\u00e4ndler mit ihren \u00fcber-\u00fcberladenen Schrott-Sprintern beim Verlassen der \u201cExcelsior\u201d in Tanger anrichteten, ist das Gekurbele der s\u00fcdeurop\u00e4ischen und s\u00fcdosteurop\u00e4ischen Lkw-Fahrer mit ihren vieltonnenschweren Sattelz\u00fcgen diszipliniert und kontrolliert.<\/p>\n<div style=\"width: 1038px\" class=\"wp-caption aligncenter\"><a href=\"https:\/\/i0.wp.com\/www.bechmann.org\/amphibium\/wp-content\/uploads\/IMG_20180402_184758.jpg?ssl=1\"><img data-recalc-dims=\"1\" loading=\"lazy\" decoding=\"async\" style=\"display: inline; background-image: none;\" title=\"IMG_20180402_184758\" src=\"https:\/\/i0.wp.com\/www.bechmann.org\/amphibium\/wp-content\/uploads\/IMG_20180402_184758_thumb.jpg?resize=625%2C469&#038;ssl=1\" alt=\"K\u00fcste bei Thines\" width=\"625\" height=\"469\" border=\"0\" \/><\/a><p class=\"wp-caption-text\">K\u00fcste bei Thines<\/p><\/div>\n<p>Nun campen wir wild und alleine an einem Strand in der N\u00e4he des \u00d6rtchens <a href=\"https:\/\/osm.org\/go\/xbtS0_g-\" target=\"_blank\" rel=\"noopener\">Thines<\/a> an der Westk\u00fcste der Peloponnes, zwischen Patras und Pyrgos entfernt. In einem kleinen Supermarkt haben wir die Vorr\u00e4te erg\u00e4nzt, und jetzt blicken wir aufs Meer. Es ist warm.<\/p>\n<p>Es k\u00f6nnte sch\u00f6n sein, wenn es nicht einen Wermutstropfen g\u00e4be: Im Wasser stehen Angler mit langen Ruten, und gewiss haben die einen gro\u00dfen Haufen Fische, die sich nicht brauchen konnten, achtlos neben den sandigen Fahrweg gekippt. Und damit beginnt diese Reise wie die vorherige geendet hat (siehe <a href=\"https:\/\/www.bechmann.org\/amphibium\/?p=2848\">Leder oder Plastik<\/a>).<\/p>\n","protected":false},"excerpt":{"rendered":"<p>Griechenland? Warum nach Griechenland? Am humanistischen Gymnasium war die griechische und r\u00f6mische Geschichte allgegenw\u00e4rtig, und ein in Bayern aufwachsender Bub w\u00e4re keiner, wenn er nicht von der griechischen Mythologie fasziniert gewesen w\u00e4re und all die Helden und Heldinnen, G\u00f6tter und G\u00f6ttinnen nicht bewundert h\u00e4tte. Nach dem Zwang zum Latein ab der f\u00fcnften Klasse aber habe [&hellip;]<\/p>\n","protected":false},"author":1,"featured_media":0,"comment_status":"open","ping_status":"open","sticky":false,"template":"","format":"standard","meta":{"jetpack_post_was_ever_published":false,"_jetpack_newsletter_access":"","_jetpack_dont_email_post_to_subs":false,"_jetpack_newsletter_tier_id":0,"_jetpack_memberships_contains_paywalled_content":false,"_jetpack_memberships_contains_paid_content":false,"footnotes":"","jetpack_publicize_message":"F\u00e4hrfahrt auf die Peloponnes wie wir nach Griechenland kommen.","jetpack_publicize_feature_enabled":true,"jetpack_social_post_already_shared":true,"jetpack_social_options":{"image_generator_settings":{"template":"highway","default_image_id":0,"font":"","enabled":false},"version":2}},"categories":[2,4],"tags":[417,422,54,414,420,440,423,418,421,419],"class_list":["post-3095","post","type-post","status-publish","format-standard","hentry","category-land","category-wasser","tag-ancona","tag-cattolica","tag-faehre","tag-griechenland","tag-igoumenitsa","tag-italien","tag-oliven","tag-patras","tag-peloponnes","tag-thines"],"jetpack_publicize_connections":[],"jetpack_featured_media_url":"","jetpack_shortlink":"https:\/\/wp.me\/p4DyUk-NV","jetpack-related-posts":[{"id":3177,"url":"https:\/\/www.bechmann.org\/amphibium\/keine-eile-in-elea\/","url_meta":{"origin":3095,"position":0},"title":"Keine Eile in Elea","author":"Oliver","date":"8. April 2018","format":false,"excerpt":"In Elea gibt es ein Treffen. Manchmal sind Social Media noch \u201csocial\u201d und nicht verbr\u00e4mte Vertriebskan\u00e4le f\u00fcr Waren- oder Dienstleistungsangebote jedweder Art: Laut Instagram sind Steffi & Olaf von \u201cKeine Eile\u201d auf der Peloponnes unterwegs und justament kaum 20 Kilometer entfernt. Wir kommen einander entgegen, wir aus Norden, sie aus\u2026","rel":"","context":"In &quot;Land&quot;","block_context":{"text":"Land","link":"https:\/\/www.bechmann.org\/amphibium\/category\/land\/"},"img":{"alt_text":"keineeile","src":"https:\/\/i0.wp.com\/www.bechmann.org\/amphibium\/wp-content\/uploads\/keineeile_thumb.jpg?resize=350%2C200","width":350,"height":200,"srcset":"https:\/\/i0.wp.com\/www.bechmann.org\/amphibium\/wp-content\/uploads\/keineeile_thumb.jpg?resize=350%2C200 1x, https:\/\/i0.wp.com\/www.bechmann.org\/amphibium\/wp-content\/uploads\/keineeile_thumb.jpg?resize=525%2C300 1.5x, https:\/\/i0.wp.com\/www.bechmann.org\/amphibium\/wp-content\/uploads\/keineeile_thumb.jpg?resize=700%2C400 2x"},"classes":[]},{"id":3075,"url":"https:\/\/www.bechmann.org\/amphibium\/stellplatzprotokoll-zacharo-griechenland\/","url_meta":{"origin":3095,"position":1},"title":"Stellplatzprotokoll Zacharo, Griechenland","author":"Oliver","date":"5. April 2018","format":false,"excerpt":"Westliche Peloponnes, nahe Zacharo, am Strand in den D\u00fcnen, im Hintergrund Berge und Bergd\u00f6rfer. Nahezu alleine. Viele Schrotpatronen, aber kaum Tiere und V\u00f6gel. Erde: Sand, Erde, Acker \/ Wasser: Meer, Teich \/ Pflanzen: Agaven-artige, Thymian, Kohl \/ Tiere: gro\u00dfe Ameisen \/ B\u00e4ume: Pinien \/ V\u00f6gel: Kr\u00e4hen, Tauben, Feldlerche, Sperlinge, Schwalben\u2026","rel":"","context":"In &quot;Coyote Mentoring&quot;","block_context":{"text":"Coyote Mentoring","link":"https:\/\/www.bechmann.org\/amphibium\/category\/coyote-mentoring\/"},"img":{"alt_text":"IMG_3252","src":"https:\/\/i0.wp.com\/www.bechmann.org\/amphibium\/wp-content\/uploads\/IMG_3252_thumb.jpg?resize=350%2C200","width":350,"height":200,"srcset":"https:\/\/i0.wp.com\/www.bechmann.org\/amphibium\/wp-content\/uploads\/IMG_3252_thumb.jpg?resize=350%2C200 1x, https:\/\/i0.wp.com\/www.bechmann.org\/amphibium\/wp-content\/uploads\/IMG_3252_thumb.jpg?resize=525%2C300 1.5x, https:\/\/i0.wp.com\/www.bechmann.org\/amphibium\/wp-content\/uploads\/IMG_3252_thumb.jpg?resize=700%2C400 2x"},"classes":[]},{"id":3082,"url":"https:\/\/www.bechmann.org\/amphibium\/stellplatzprotokoll-elea-griechenland\/","url_meta":{"origin":3095,"position":2},"title":"Stellplatzprotokoll Elea, Griechenland","author":"Oliver","date":"7. April 2018","format":false,"excerpt":"An der K\u00fcste der West-Peloponnes, in einer Art offenem Park mit einigen weitl\u00e4ufig verstreuten Wohn- und Reisemobilen, \"bunten\" und \"normalen\" Menschen. Sch\u00f6n, dass hier jeder jeden so sein l\u00e4sst, wie er ist. Erde: Sand, Erde \/ Wasser: Meer Pflanzen: Schilf, Thymian, Klee Tiere: gro\u00dfe Ameisen, Flederm\u00e4use, Fr\u00f6sche, Grillen, Eidechsen, Hunde,\u2026","rel":"","context":"In &quot;Coyote Mentoring&quot;","block_context":{"text":"Coyote Mentoring","link":"https:\/\/www.bechmann.org\/amphibium\/category\/coyote-mentoring\/"},"img":{"alt_text":"","src":"https:\/\/i0.wp.com\/www.bechmann.org\/amphibium\/wp-content\/uploads\/img_20180408_103947-1434541053.jpg?resize=350%2C200","width":350,"height":200,"srcset":"https:\/\/i0.wp.com\/www.bechmann.org\/amphibium\/wp-content\/uploads\/img_20180408_103947-1434541053.jpg?resize=350%2C200 1x, https:\/\/i0.wp.com\/www.bechmann.org\/amphibium\/wp-content\/uploads\/img_20180408_103947-1434541053.jpg?resize=525%2C300 1.5x, https:\/\/i0.wp.com\/www.bechmann.org\/amphibium\/wp-content\/uploads\/img_20180408_103947-1434541053.jpg?resize=700%2C400 2x, https:\/\/i0.wp.com\/www.bechmann.org\/amphibium\/wp-content\/uploads\/img_20180408_103947-1434541053.jpg?resize=1050%2C600 3x, https:\/\/i0.wp.com\/www.bechmann.org\/amphibium\/wp-content\/uploads\/img_20180408_103947-1434541053.jpg?resize=1400%2C800 4x"},"classes":[]},{"id":4173,"url":"https:\/\/www.bechmann.org\/amphibium\/kein-urlaub-sondern-leben\/","url_meta":{"origin":3095,"position":3},"title":"Kein Urlaub, sondern Leben","author":"Oliver","date":"30. Mai 2019","format":false,"excerpt":"MGF Cabrio - Tour in Nordportugal Spanien ist so etwas wie meine zweite Heimat. Meine Mutter lebt seit Jahrzehnten dort, zusammen mit ihrem spanischen Lebensgef\u00e4hrten (der wiederum so etwas wie mein Ersatz-Vater ist). Und mit diesem begann mein Faible f\u00fcrs Reisen: Als ich etwa 17 Jahre alt war, fuhr er\u2026","rel":"","context":"In &quot;Land&quot;","block_context":{"text":"Land","link":"https:\/\/www.bechmann.org\/amphibium\/category\/land\/"},"img":{"alt_text":"","src":"https:\/\/i0.wp.com\/www.bechmann.org\/amphibium\/wp-content\/uploads\/spanien19-1-9.jpg?resize=350%2C200&ssl=1","width":350,"height":200,"srcset":"https:\/\/i0.wp.com\/www.bechmann.org\/amphibium\/wp-content\/uploads\/spanien19-1-9.jpg?resize=350%2C200&ssl=1 1x, https:\/\/i0.wp.com\/www.bechmann.org\/amphibium\/wp-content\/uploads\/spanien19-1-9.jpg?resize=525%2C300&ssl=1 1.5x, https:\/\/i0.wp.com\/www.bechmann.org\/amphibium\/wp-content\/uploads\/spanien19-1-9.jpg?resize=700%2C400&ssl=1 2x, https:\/\/i0.wp.com\/www.bechmann.org\/amphibium\/wp-content\/uploads\/spanien19-1-9.jpg?resize=1050%2C600&ssl=1 3x, https:\/\/i0.wp.com\/www.bechmann.org\/amphibium\/wp-content\/uploads\/spanien19-1-9.jpg?resize=1400%2C800&ssl=1 4x"},"classes":[]},{"id":3142,"url":"https:\/\/www.bechmann.org\/amphibium\/hellenistisches-sparta-und-byzantinisches-mystras\/","url_meta":{"origin":3095,"position":4},"title":"Hellenistisches Sparta &#038; byzantinisches Mystras","author":"Oliver","date":"10. April 2018","format":false,"excerpt":"Nun Sparta. Den Ort kennt man aus der griechischen Geschichte - oder aus der Gewalt-Hollywoodeske \"300\", in der die Heldentat am Thermopylen-Pass gefeiert wird, diesen schmalen Durchgang dem persischen Heer zu verstellen. Und dabei allesamt umkamen, inkl. Anf\u00fchrer Leonidas. So weit bekannt; weniger bekannt ist, dass zu den Dreihundert auch\u2026","rel":"","context":"In &quot;Land&quot;","block_context":{"text":"Land","link":"https:\/\/www.bechmann.org\/amphibium\/category\/land\/"},"img":{"alt_text":"","src":"https:\/\/i0.wp.com\/www.bechmann.org\/amphibium\/wp-content\/uploads\/img_20180410_135302-011511814021.jpeg?resize=350%2C200","width":350,"height":200,"srcset":"https:\/\/i0.wp.com\/www.bechmann.org\/amphibium\/wp-content\/uploads\/img_20180410_135302-011511814021.jpeg?resize=350%2C200 1x, https:\/\/i0.wp.com\/www.bechmann.org\/amphibium\/wp-content\/uploads\/img_20180410_135302-011511814021.jpeg?resize=525%2C300 1.5x, https:\/\/i0.wp.com\/www.bechmann.org\/amphibium\/wp-content\/uploads\/img_20180410_135302-011511814021.jpeg?resize=700%2C400 2x, https:\/\/i0.wp.com\/www.bechmann.org\/amphibium\/wp-content\/uploads\/img_20180410_135302-011511814021.jpeg?resize=1050%2C600 3x, https:\/\/i0.wp.com\/www.bechmann.org\/amphibium\/wp-content\/uploads\/img_20180410_135302-011511814021.jpeg?resize=1400%2C800 4x"},"classes":[]},{"id":3138,"url":"https:\/\/www.bechmann.org\/amphibium\/abbruch-in-albanien\/","url_meta":{"origin":3095,"position":5},"title":"Abbruch in Albanien","author":"Oliver","date":"23. April 2018","format":false,"excerpt":"Der Ausflug nach Albanien w\u00e4hrt nur kurz. In einem kleinen Bergdorf mit engen Kurven bei steilem Anstieg muss ich den Unimog hin und her man\u00f6vrieren. Als ich ihn am Ortsausgang parke, ist deutlich ein pfeifendes und blubberndes Ger\u00e4usch am linken Vorderradgelege zu h\u00f6ren. Achs\u00f6l l\u00e4uft den Reifen runter. Zumindest solange\u2026","rel":"","context":"In &quot;Land&quot;","block_context":{"text":"Land","link":"https:\/\/www.bechmann.org\/amphibium\/category\/land\/"},"img":{"alt_text":"","src":"https:\/\/i0.wp.com\/www.bechmann.org\/amphibium\/wp-content\/uploads\/GRIE-ALB-3445.jpg?resize=350%2C200","width":350,"height":200,"srcset":"https:\/\/i0.wp.com\/www.bechmann.org\/amphibium\/wp-content\/uploads\/GRIE-ALB-3445.jpg?resize=350%2C200 1x, https:\/\/i0.wp.com\/www.bechmann.org\/amphibium\/wp-content\/uploads\/GRIE-ALB-3445.jpg?resize=525%2C300 1.5x, https:\/\/i0.wp.com\/www.bechmann.org\/amphibium\/wp-content\/uploads\/GRIE-ALB-3445.jpg?resize=700%2C400 2x, https:\/\/i0.wp.com\/www.bechmann.org\/amphibium\/wp-content\/uploads\/GRIE-ALB-3445.jpg?resize=1050%2C600 3x"},"classes":[]}],"jetpack_sharing_enabled":true,"_links":{"self":[{"href":"https:\/\/www.bechmann.org\/amphibium\/wp-json\/wp\/v2\/posts\/3095","targetHints":{"allow":["GET"]}}],"collection":[{"href":"https:\/\/www.bechmann.org\/amphibium\/wp-json\/wp\/v2\/posts"}],"about":[{"href":"https:\/\/www.bechmann.org\/amphibium\/wp-json\/wp\/v2\/types\/post"}],"author":[{"embeddable":true,"href":"https:\/\/www.bechmann.org\/amphibium\/wp-json\/wp\/v2\/users\/1"}],"replies":[{"embeddable":true,"href":"https:\/\/www.bechmann.org\/amphibium\/wp-json\/wp\/v2\/comments?post=3095"}],"version-history":[{"count":2,"href":"https:\/\/www.bechmann.org\/amphibium\/wp-json\/wp\/v2\/posts\/3095\/revisions"}],"predecessor-version":[{"id":3097,"href":"https:\/\/www.bechmann.org\/amphibium\/wp-json\/wp\/v2\/posts\/3095\/revisions\/3097"}],"wp:attachment":[{"href":"https:\/\/www.bechmann.org\/amphibium\/wp-json\/wp\/v2\/media?parent=3095"}],"wp:term":[{"taxonomy":"category","embeddable":true,"href":"https:\/\/www.bechmann.org\/amphibium\/wp-json\/wp\/v2\/categories?post=3095"},{"taxonomy":"post_tag","embeddable":true,"href":"https:\/\/www.bechmann.org\/amphibium\/wp-json\/wp\/v2\/tags?post=3095"}],"curies":[{"name":"wp","href":"https:\/\/api.w.org\/{rel}","templated":true}]}}