{"id":2848,"date":"2018-01-27T21:14:00","date_gmt":"2018-01-27T20:14:00","guid":{"rendered":"http:\/\/www.bechmann.org\/amphibium\/?p=2848"},"modified":"2018-02-09T12:29:32","modified_gmt":"2018-02-09T11:29:32","slug":"leder-oder-plastik","status":"publish","type":"post","link":"https:\/\/www.bechmann.org\/amphibium\/leder-oder-plastik\/","title":{"rendered":"Leder oder Plastik?"},"content":{"rendered":"<p><a href=\"https:\/\/i0.wp.com\/www.bechmann.org\/amphibium\/wp-content\/uploads\/IMG_20180124_095115-2.jpg?ssl=1\"><img data-recalc-dims=\"1\" loading=\"lazy\" decoding=\"async\" style=\"margin: 0px 12px 0px 0px; float: left; display: inline; background-image: none;\" title=\"IMG_20180124_095115 (2)\" src=\"https:\/\/i0.wp.com\/www.bechmann.org\/amphibium\/wp-content\/uploads\/IMG_20180124_095115-2_thumb.jpg?resize=417%2C554&#038;ssl=1\" alt=\"IMG_20180124_095115 (2)\" width=\"417\" height=\"554\" align=\"left\" border=\"0\" \/><\/a>Der Motor erstirbt, der Unimog kommt hinter einer D\u00fcne zum Stehen. Ein Badeort im Winterschlaf an der franz\u00f6sischen Atlantikk\u00fcste. Kein Mensch weit und breit, alle Bars und Shops vernagelt, die B\u00fcrgersteige hochgeklappt.<\/p>\n<p>Hinter der D\u00fcne liegt der Atlan-tische Ozean, die Wellen deutlich zu h\u00f6ren. In der N\u00e4he schiebt ein Schaufellader durch den Sand.<\/p>\n<p>Auf dem D\u00fcnenkamm angekommen, sieht man das Meer. Ein Meer aus M\u00fcll.<\/p>\n<p>Ein Strand \u00fcbers\u00e4t mit Plastikabf\u00e4llen. Flaschen, Fischernetze, Tonnen, Etiketten, Dosen,\u2026 unklar, ob sie von den Badeg\u00e4sten der vergangenen Saison stammen, \u00fcber Bord von Besatzungsmitgliedern vor\u00fcberfahrender Schiffe gekippt wurden oder einem Container auf dem Weg nach China stammen, der mit europ\u00e4ischen Wohlstandsresten in seinem Bauch bei einem Sturm in der aufgepeitschten See landete.<\/p>\n<p><a href=\"https:\/\/i0.wp.com\/www.bechmann.org\/amphibium\/wp-content\/uploads\/IMG_20180124_093204-2.jpg?ssl=1\"><img data-recalc-dims=\"1\" loading=\"lazy\" decoding=\"async\" style=\"display: inline; background-image: none;\" title=\"IMG_20180124_093204 (2)\" src=\"https:\/\/i0.wp.com\/www.bechmann.org\/amphibium\/wp-content\/uploads\/IMG_20180124_093204-2_thumb.jpg?resize=625%2C469&#038;ssl=1\" alt=\"IMG_20180124_093204 (2)\" width=\"625\" height=\"469\" border=\"0\" \/><\/a>Der Schaufellader scheint gerade dabei ist, all das Plastikzeug unter den Sand zu pfl\u00fcgen. Jedenfalls entsteht kein Plastikhaufen, der abtransportiert werden k\u00f6nnte.<\/p>\n<p><!--more--><\/p>\n<blockquote><p>Im Fr\u00fchjahr 2012 verendete ein Pottwal an der K\u00fcste Andalusiens. In seinem Bauch: 17 Kilo <em>Plastik<\/em>. Mehr als 100 Millionen Tonnen Kunststoff haben sich in den Weltmeeren angesammelt, sch\u00e4tzen Forscher. Sie zerfallen langsam in immer kleinere Fragmente, die von Meeresorganismen mit der Nahrung aufgenommen.<\/p><\/blockquote>\n<p>\u2026schreibt \u201e<a href=\"https:\/\/www.planet-wissen.de\/index.html\" target=\"_blank\" rel=\"noopener\">Planet Wissen<\/a>\u201c, eine Sendung von SWR und WDR, unter dem Titel \u201c<a href=\"https:\/\/www.planet-wissen.de\/technik\/werkstoffe\/kunststoff\/pwieplastikimmeer100.html\" target=\"_blank\" rel=\"noopener\">Plastik im Meer<\/a>\u201d. Das, was an die Ufer der Kontinente gesp\u00fclt wird, ist dabei nur der kleinere Teil. Das meiste Plastik schwimmt, zersetzt sich und geht unter.<\/p>\n<p><a href=\"https:\/\/i0.wp.com\/www.bechmann.org\/amphibium\/wp-content\/uploads\/IMG_20180124_095546-2.jpg?ssl=1\"><img data-recalc-dims=\"1\" loading=\"lazy\" decoding=\"async\" style=\"margin: 0px 12px 0px 0px; float: left; display: inline; background-image: none;\" title=\"IMG_20180124_095546 (2)\" src=\"https:\/\/i0.wp.com\/www.bechmann.org\/amphibium\/wp-content\/uploads\/IMG_20180124_095546-2_thumb.jpg?resize=300%2C398&#038;ssl=1\" alt=\"IMG_20180124_095546 (2)\" width=\"300\" height=\"398\" align=\"left\" border=\"0\" \/><\/a>Ein paar Meter weiter liegt ein gro\u00dfer, aalf\u00f6rmiger toter Fisch am Strand (siehe Bild oben). Im Bereich von Kopf und Hals eine klaffende Wunde; wenige Meter weiter ein weiterer. Mit einer gleichartigen Wunde.<\/p>\n<p>Die Annahme ist: Von Anglern weggeworfen. Vielleicht auch wieder ins Meer geworfen; die Brandung hat sie wom\u00f6glich zur\u00fcck gesp\u00fclt. Die Wunden an den K\u00f6pfen sind zu gleichf\u00f6rmig, als dass eine Verletzung durch eine Motorbootschraube in Frage k\u00e4me.<\/p>\n<p>Den ganzen Abend bis in die Nacht war rund um den Unimog-\u00dcbernachtungsplatz hinter der D\u00fcne Betrieb. M\u00e4nner in dicker Unterw\u00e4sche zw\u00e4ngten sich in Wathosen oder wasserfeste Overalls und zogen mit Angelruten bewaffnet gen Brandung.<\/p>\n<p>Im <a href=\"https:\/\/www.bechmann.org\/amphibium\/?p=2204\">Coyote Mentoring<\/a> gibt es den Begriff der \u201cHeiligen Jagd\u201d: Nimm nur, was du brauchst. Verwerte das ganze Tier. Habe Respekt gegen\u00fcber diesem Wesen, dass f\u00fcr dich und dein Leben sein Leben verlor.<\/p>\n<p>Weil wir nicht wollen, dass Tiere f\u00fcr uns ihr Leben verlieren, sind wir Vegetarier, mit gelegentlichen Ausfl\u00fcgen ins Vegane. Mit der Heiligen Jagd k\u00f6nnte ich dennoch leben, wenn das Leben in der Natur wie bei unseren Vorfahren es mit sich bringt, ein Tier wegen Nahrung und Werkstoffen zu t\u00f6ten. Ich habe eine Speerschleuder gebaut und mich mit dem Gedanken befasst, wie es w\u00e4re, sie in einer Outdoor- oder Survivalsituation nutzen zu m\u00fcssen.<\/p>\n<h3>Jute statt Plastik<\/h3>\n<p>Freilich: Konsequenter Veganismus f\u00fchrt dazu, dass man sich nur noch in Kunststoff kleidet. Keine Schuhe, keine Stiefel aus Leder. Beim Laufen, Schwimmen, Klettern, Kayaken &#8211; Funktionsklamotten oder Tierh\u00e4ute? Was sich da am Strand an Plastikm\u00fcll ansammelt, ist letztlich Folge einer Gesellschaft &amp; Wirtschaft, die eine endlose Menge an Kunststoffprodukten auf den Markt wirft.<\/p>\n<p>Kunststoff entsteht aus \u00d6l. Die Menschen haben also zuerst den Bauch von Mutter Erde aufgeschnitten und ihre Innereien herausgeholt, um mit dem daraus gewonnenen Plastikplunder V\u00f6gel, Fische und andere Tier samt das Wasser, aus dem der Planet zu zwei Dritteln besteht, zu vergiften. Ein achtlos weggeworfener Fisch demonstriert die r\u00e4uberische Haltung, die dahinter steht.<\/p>\n<h3>Leben mit weniger Plastik<\/h3>\n<p>Keine Plastikpl\u00fcnnen tragen zu wollen, bedeutet, Tieren ihre Haut wegzunehmen. Kunststoffklamotten zu tragen, bedeutet, ein Teil des Plastikproblems zu sein. Ein Wetterfleck aus Loden h\u00e4lt Sturm und Regen stand, doch eine Regenplastikhaut trocknet viel schneller \u2013 im beengten Wohnkoffer des <em>Gr\u00fcnimog<\/em> spielt das eine Rolle.<\/p>\n<p>Wir verlassen die Gegend um Messanges verst\u00f6rt und ratlos. Es gibt kleine Schritte, die der Einzelne tun kann. Plastikm\u00fcll vermeiden, Verpackungen ablehnen, mit eigenen wieder verwendbaren Gef\u00e4\u00dfen einkaufen gehen. Weg von Plastikflaschen, zur\u00fcck zum Glas. Bei <a href=\"utopia.de\" target=\"_blank\" rel=\"noopener\">utopia.de<\/a> finden sich <a href=\"https:\/\/utopia.de\/galerien\/leben-ohne-plastik-diese-tipps-kann-jeder-umsetzen\/\" target=\"_blank\" rel=\"noopener\">14 Tipps zum Leben mit weniger Plastik\u2026<\/a><\/p>\n<p><a href=\"https:\/\/i0.wp.com\/www.bechmann.org\/amphibium\/wp-content\/uploads\/IMG_20180125_171648-2.jpg?ssl=1\"><img data-recalc-dims=\"1\" loading=\"lazy\" decoding=\"async\" style=\"display: inline; background-image: none;\" title=\"IMG_20180125_171648 (2)\" src=\"https:\/\/i0.wp.com\/www.bechmann.org\/amphibium\/wp-content\/uploads\/IMG_20180125_171648-2_thumb.jpg?resize=625%2C469&#038;ssl=1\" alt=\"IMG_20180125_171648 (2)\" width=\"625\" height=\"469\" border=\"0\" \/><\/a><\/p>\n<p>P.S.: Der R\u00fcckweg zum station\u00e4ren Heim f\u00fchrt uns nach \u00dcbernachtungen am einsamen Lac de Lavaud und Molinet am Seitenkanal der Loire gen Gaggenau. Dort findet sich das <a href=\"http:\/\/www.unimog-museum.com\/\" target=\"_blank\" rel=\"noopener\">Unimog-Museum<\/a>. Dem statten wir noch einen Besuch ab, dann ist nach rund 6000 Kilometern in Frankreich, Spanien und Portugal in knapp sechs Wochen die <em>Home Base<\/em> wieder erreicht.<\/p>\n","protected":false},"excerpt":{"rendered":"<p>Der Motor erstirbt, der Unimog kommt hinter einer D\u00fcne zum Stehen. Ein Badeort im Winterschlaf an der franz\u00f6sischen Atlantikk\u00fcste. Kein Mensch weit und breit, alle Bars und Shops vernagelt, die B\u00fcrgersteige hochgeklappt. Hinter der D\u00fcne liegt der Atlan-tische Ozean, die Wellen deutlich zu h\u00f6ren. In der N\u00e4he schiebt ein Schaufellader durch den Sand. Auf dem [&hellip;]<\/p>\n","protected":false},"author":1,"featured_media":0,"comment_status":"open","ping_status":"open","sticky":false,"template":"","format":"standard","meta":{"jetpack_post_was_ever_published":false,"_jetpack_newsletter_access":"","_jetpack_dont_email_post_to_subs":false,"_jetpack_newsletter_tier_id":0,"_jetpack_memberships_contains_paywalled_content":false,"_jetpack_memberships_contains_paid_content":false,"footnotes":"","jetpack_publicize_message":"","jetpack_publicize_feature_enabled":true,"jetpack_social_post_already_shared":true,"jetpack_social_options":{"image_generator_settings":{"template":"highway","default_image_id":0,"font":"","enabled":false},"version":2}},"categories":[4],"tags":[383,384,382,381,385,386],"class_list":["post-2848","post","type-post","status-publish","format-standard","hentry","category-wasser","tag-fischen","tag-heilige-jagd","tag-muell","tag-plastik","tag-veganismus","tag-vegetarier"],"jetpack_publicize_connections":[],"jetpack_featured_media_url":"","jetpack_shortlink":"https:\/\/wp.me\/p4DyUk-JW","jetpack-related-posts":[{"id":3631,"url":"https:\/\/www.bechmann.org\/amphibium\/plastik-recycling-zucker-hack-die-pistenkuh\/","url_meta":{"origin":2848,"position":0},"title":"Plastik-Recycling, Zucker-Hack &amp; die Pistenkuh","author":"Oliver","date":"12. November 2018","format":false,"excerpt":"Der W\u00fcsten-Ort Tah ist in Sichtweite, doch bevor wir auf unserer nunmehr recht klaren Piste die in Nord-S\u00fcd-Richtung verlaufende Teerstra\u00dfe erreichen, kreuzt noch eine Kamelherde unseren Weg. Die Tiere sind allein unterwegs. In Tah selbst kaufen wir Trinkwasser in \u2013 leider (geht nicht anders ) \u2013 Plastikflaschen. Unser \u00e4ltliches Fahrzeug\u2026","rel":"","context":"In &quot;Alltag unterwegs&quot;","block_context":{"text":"Alltag unterwegs","link":"https:\/\/www.bechmann.org\/amphibium\/category\/alltag-unterwegs\/"},"img":{"alt_text":"See und Sand","src":"https:\/\/i0.wp.com\/www.bechmann.org\/amphibium\/wp-content\/uploads\/IMG_4327-2_thumb.jpg?resize=350%2C200&ssl=1","width":350,"height":200,"srcset":"https:\/\/i0.wp.com\/www.bechmann.org\/amphibium\/wp-content\/uploads\/IMG_4327-2_thumb.jpg?resize=350%2C200&ssl=1 1x, https:\/\/i0.wp.com\/www.bechmann.org\/amphibium\/wp-content\/uploads\/IMG_4327-2_thumb.jpg?resize=525%2C300&ssl=1 1.5x, https:\/\/i0.wp.com\/www.bechmann.org\/amphibium\/wp-content\/uploads\/IMG_4327-2_thumb.jpg?resize=700%2C400&ssl=1 2x"},"classes":[]},{"id":2011,"url":"https:\/\/www.bechmann.org\/amphibium\/vor-und-nach-reiter\/","url_meta":{"origin":2848,"position":1},"title":"Vor- und Nach-Reiter","author":"Oliver","date":"15. Januar 2017","format":false,"excerpt":"Es geht zur\u00fcck, unweigerlich. Nach dem Kayak-\u00a0 und dem Strand-Tag am Praia de Albandeira n\u00e4chtigten wir am Praia de Falesia (genauer: am Praia dos Tomates), einige Kilometer weiter in Richtung Faro. Dort droht der Flughafen. Und damit Beates R\u00fcck-Flug, und meine damit einhergehende R\u00fcck-Fahrt. Am Praia de Falesia sind wir\u2026","rel":"","context":"In &quot;Land&quot;","block_context":{"text":"Land","link":"https:\/\/www.bechmann.org\/amphibium\/category\/land\/"},"img":{"alt_text":"IMG_1013","src":"https:\/\/i0.wp.com\/www.bechmann.org\/amphibium\/wp-content\/uploads\/IMG_1013_thumb.jpg?resize=350%2C200","width":350,"height":200,"srcset":"https:\/\/i0.wp.com\/www.bechmann.org\/amphibium\/wp-content\/uploads\/IMG_1013_thumb.jpg?resize=350%2C200 1x, https:\/\/i0.wp.com\/www.bechmann.org\/amphibium\/wp-content\/uploads\/IMG_1013_thumb.jpg?resize=525%2C300 1.5x"},"classes":[]},{"id":2772,"url":"https:\/\/www.bechmann.org\/amphibium\/freiheits-postulat-neo-imperialismus\/","url_meta":{"origin":2848,"position":2},"title":"Freiheits-Postulat &amp; Neo-Imperialismus","author":"Oliver","date":"17. Januar 2018","format":false,"excerpt":"Leinen los zur rechten Zeit: Die Praia da Marinha verlie\u00dfen wir am Dienstag Mittag offensichtlich rechtzeitig \u2013 ein oder zwei Tage sp\u00e4ter wurden die dort frei stehenden Wohnmobilisten von den portugiesischen Ordnungsh\u00fctern verscheucht und Erdw\u00e4lle aufgesch\u00fcttet, um den Zugang zum Gel\u00e4nde oberhalb der Klippen des Strandes zu versperren. Solcherlei kommt\u2026","rel":"","context":"In &quot;Land&quot;","block_context":{"text":"Land","link":"https:\/\/www.bechmann.org\/amphibium\/category\/land\/"},"img":{"alt_text":"","src":"https:\/\/i0.wp.com\/www.bechmann.org\/amphibium\/wp-content\/uploads\/img_20180117_155426-960937178.jpg?resize=350%2C200","width":350,"height":200,"srcset":"https:\/\/i0.wp.com\/www.bechmann.org\/amphibium\/wp-content\/uploads\/img_20180117_155426-960937178.jpg?resize=350%2C200 1x, https:\/\/i0.wp.com\/www.bechmann.org\/amphibium\/wp-content\/uploads\/img_20180117_155426-960937178.jpg?resize=525%2C300 1.5x, https:\/\/i0.wp.com\/www.bechmann.org\/amphibium\/wp-content\/uploads\/img_20180117_155426-960937178.jpg?resize=700%2C400 2x, https:\/\/i0.wp.com\/www.bechmann.org\/amphibium\/wp-content\/uploads\/img_20180117_155426-960937178.jpg?resize=1050%2C600 3x, https:\/\/i0.wp.com\/www.bechmann.org\/amphibium\/wp-content\/uploads\/img_20180117_155426-960937178.jpg?resize=1400%2C800 4x"},"classes":[]},{"id":893,"url":"https:\/\/www.bechmann.org\/amphibium\/rendezvous-mit-einem-see-leoparden\/","url_meta":{"origin":2848,"position":3},"title":"Rendezvous mit einem See-Leoparden","author":"Oliver","date":"9. M\u00e4rz 2015","format":false,"excerpt":"Die \"MS Expedition\" hat die Antarktische Halbinsel erreicht und bewegt sich in Richtung Paradise Bay. Um 6.30 Uhr ert\u00f6nt t\u00e4glich der Weckruf der Expeditionsleitung, von sieben bis acht Uhr ist Fr\u00fchst\u00fcckszeit. Kaum gegessen, hei\u00dft es schon: Bitte in den \"Mudroom\" im Schiffsbauch hinten kommen und fertig machen zum Kayaken. Zwei-\u2026","rel":"","context":"In &quot;Bilder-Geschichte&quot;","block_context":{"text":"Bilder-Geschichte","link":"https:\/\/www.bechmann.org\/amphibium\/category\/bilder-geschichte\/"},"img":{"alt_text":"","src":"https:\/\/i0.wp.com\/www.bechmann.org\/amphibium\/wp-content\/uploads\/antarktica2015-15.jpg?resize=350%2C200","width":350,"height":200,"srcset":"https:\/\/i0.wp.com\/www.bechmann.org\/amphibium\/wp-content\/uploads\/antarktica2015-15.jpg?resize=350%2C200 1x, https:\/\/i0.wp.com\/www.bechmann.org\/amphibium\/wp-content\/uploads\/antarktica2015-15.jpg?resize=525%2C300 1.5x, https:\/\/i0.wp.com\/www.bechmann.org\/amphibium\/wp-content\/uploads\/antarktica2015-15.jpg?resize=700%2C400 2x, https:\/\/i0.wp.com\/www.bechmann.org\/amphibium\/wp-content\/uploads\/antarktica2015-15.jpg?resize=1050%2C600 3x, https:\/\/i0.wp.com\/www.bechmann.org\/amphibium\/wp-content\/uploads\/antarktica2015-15.jpg?resize=1400%2C800 4x"},"classes":[]},{"id":3573,"url":"https:\/\/www.bechmann.org\/amphibium\/verloren-in-der-weite\/","url_meta":{"origin":2848,"position":4},"title":"Verloren in der Weite","author":"Oliver","date":"9. November 2018","format":false,"excerpt":"Manchmal passieren Ungereimtheiten. Es klopft morgens an der T\u00fcr, und jemand in einem blauen Marinepullover und blauer Stoffhose steht davor und meint, er w\u00e4re Polizist - er wolle Reisepass und Fahrzeugpapiere sehen. Das ist in Marokko gang und g\u00e4be, und besonders in der Westsahara. S\u00fcdlich von Tan-Tan wird die Kontrolldichte\u2026","rel":"","context":"In &quot;Land&quot;","block_context":{"text":"Land","link":"https:\/\/www.bechmann.org\/amphibium\/category\/land\/"},"img":{"alt_text":"","src":"https:\/\/i0.wp.com\/www.bechmann.org\/amphibium\/wp-content\/uploads\/IMG_8538-2.jpg?resize=350%2C200","width":350,"height":200,"srcset":"https:\/\/i0.wp.com\/www.bechmann.org\/amphibium\/wp-content\/uploads\/IMG_8538-2.jpg?resize=350%2C200 1x, https:\/\/i0.wp.com\/www.bechmann.org\/amphibium\/wp-content\/uploads\/IMG_8538-2.jpg?resize=525%2C300 1.5x, https:\/\/i0.wp.com\/www.bechmann.org\/amphibium\/wp-content\/uploads\/IMG_8538-2.jpg?resize=700%2C400 2x"},"classes":[]},{"id":9225,"url":"https:\/\/www.bechmann.org\/amphibium\/suedafrika-vii-xiii-lazyday-mit-trampeldusche\/","url_meta":{"origin":2848,"position":5},"title":"Lazyday mit Trampeldusche","author":"Oliver","date":"19. November 2024","format":false,"excerpt":"Im Untertitel des \"Amphibiums\" hei\u00dft es ja \"Reisen & Leben\", und tats\u00e4chlich interessiert mich das Alltags-Leben neben Asphalt- oder Schotterstra\u00dfen (Erinnerung: Schotterpisten sind in S\u00fcdafrika regul\u00e4re Stra\u00dfen, kein Off-Road). Deswegen plane ich meine Routen so, dass sie Backroads nutzen, die kleine Dorpies und Small Towns des Platteland miteinander verbinden. Wie\u2026","rel":"","context":"In &quot;Land&quot;","block_context":{"text":"Land","link":"https:\/\/www.bechmann.org\/amphibium\/category\/land\/"},"img":{"alt_text":"","src":"https:\/\/i0.wp.com\/www.bechmann.org\/amphibium\/wp-content\/uploads\/20241119_090010.jpg?resize=350%2C200&ssl=1","width":350,"height":200,"srcset":"https:\/\/i0.wp.com\/www.bechmann.org\/amphibium\/wp-content\/uploads\/20241119_090010.jpg?resize=350%2C200&ssl=1 1x, https:\/\/i0.wp.com\/www.bechmann.org\/amphibium\/wp-content\/uploads\/20241119_090010.jpg?resize=525%2C300&ssl=1 1.5x, https:\/\/i0.wp.com\/www.bechmann.org\/amphibium\/wp-content\/uploads\/20241119_090010.jpg?resize=700%2C400&ssl=1 2x, https:\/\/i0.wp.com\/www.bechmann.org\/amphibium\/wp-content\/uploads\/20241119_090010.jpg?resize=1050%2C600&ssl=1 3x, https:\/\/i0.wp.com\/www.bechmann.org\/amphibium\/wp-content\/uploads\/20241119_090010.jpg?resize=1400%2C800&ssl=1 4x"},"classes":[]}],"jetpack_sharing_enabled":true,"_links":{"self":[{"href":"https:\/\/www.bechmann.org\/amphibium\/wp-json\/wp\/v2\/posts\/2848","targetHints":{"allow":["GET"]}}],"collection":[{"href":"https:\/\/www.bechmann.org\/amphibium\/wp-json\/wp\/v2\/posts"}],"about":[{"href":"https:\/\/www.bechmann.org\/amphibium\/wp-json\/wp\/v2\/types\/post"}],"author":[{"embeddable":true,"href":"https:\/\/www.bechmann.org\/amphibium\/wp-json\/wp\/v2\/users\/1"}],"replies":[{"embeddable":true,"href":"https:\/\/www.bechmann.org\/amphibium\/wp-json\/wp\/v2\/comments?post=2848"}],"version-history":[{"count":6,"href":"https:\/\/www.bechmann.org\/amphibium\/wp-json\/wp\/v2\/posts\/2848\/revisions"}],"predecessor-version":[{"id":2892,"href":"https:\/\/www.bechmann.org\/amphibium\/wp-json\/wp\/v2\/posts\/2848\/revisions\/2892"}],"wp:attachment":[{"href":"https:\/\/www.bechmann.org\/amphibium\/wp-json\/wp\/v2\/media?parent=2848"}],"wp:term":[{"taxonomy":"category","embeddable":true,"href":"https:\/\/www.bechmann.org\/amphibium\/wp-json\/wp\/v2\/categories?post=2848"},{"taxonomy":"post_tag","embeddable":true,"href":"https:\/\/www.bechmann.org\/amphibium\/wp-json\/wp\/v2\/tags?post=2848"}],"curies":[{"name":"wp","href":"https:\/\/api.w.org\/{rel}","templated":true}]}}