{"id":2365,"date":"2017-09-04T16:12:59","date_gmt":"2017-09-04T14:12:59","guid":{"rendered":"http:\/\/www.bechmann.org\/amphibium\/?p=2365"},"modified":"2017-09-06T17:50:32","modified_gmt":"2017-09-06T15:50:32","slug":"krav-maga-workshop-beim-fernreisemobiltreffen","status":"publish","type":"post","link":"https:\/\/www.bechmann.org\/amphibium\/krav-maga-workshop-beim-fernreisemobiltreffen\/","title":{"rendered":"Krav Maga-Workshop beim Fernreisemobiltreffen"},"content":{"rendered":"<div id=\"attachment_2373\" style=\"width: 950px\" class=\"wp-caption alignleft\"><img data-recalc-dims=\"1\" loading=\"lazy\" decoding=\"async\" aria-describedby=\"caption-attachment-2373\" data-attachment-id=\"2373\" data-permalink=\"https:\/\/www.bechmann.org\/amphibium\/krav-maga-workshop-beim-fernreisemobiltreffen\/img_3534\/\" data-orig-file=\"https:\/\/i0.wp.com\/www.bechmann.org\/amphibium\/wp-content\/uploads\/IMG_3534.jpg?fit=1800%2C1200&amp;ssl=1\" data-orig-size=\"1800,1200\" data-comments-opened=\"0\" data-image-meta=\"{&quot;aperture&quot;:&quot;0&quot;,&quot;credit&quot;:&quot;&quot;,&quot;camera&quot;:&quot;&quot;,&quot;caption&quot;:&quot;&quot;,&quot;created_timestamp&quot;:&quot;0&quot;,&quot;copyright&quot;:&quot;Oliver Bechmann&quot;,&quot;focal_length&quot;:&quot;0&quot;,&quot;iso&quot;:&quot;0&quot;,&quot;shutter_speed&quot;:&quot;0&quot;,&quot;title&quot;:&quot;&quot;,&quot;orientation&quot;:&quot;0&quot;}\" data-image-title=\"IMG_3534\" data-image-description=\"\" data-image-caption=\"\" data-large-file=\"https:\/\/i0.wp.com\/www.bechmann.org\/amphibium\/wp-content\/uploads\/IMG_3534.jpg?fit=625%2C417&amp;ssl=1\" class=\"wp-image-2373 size-large\" src=\"https:\/\/i0.wp.com\/www.bechmann.org\/amphibium\/wp-content\/uploads\/IMG_3534.jpg?resize=625%2C417&#038;ssl=1\" alt=\"\" width=\"625\" height=\"417\" srcset=\"https:\/\/i0.wp.com\/www.bechmann.org\/amphibium\/wp-content\/uploads\/IMG_3534.jpg?resize=1024%2C683&amp;ssl=1 1024w, https:\/\/i0.wp.com\/www.bechmann.org\/amphibium\/wp-content\/uploads\/IMG_3534.jpg?resize=300%2C200&amp;ssl=1 300w, https:\/\/i0.wp.com\/www.bechmann.org\/amphibium\/wp-content\/uploads\/IMG_3534.jpg?resize=768%2C512&amp;ssl=1 768w, https:\/\/i0.wp.com\/www.bechmann.org\/amphibium\/wp-content\/uploads\/IMG_3534.jpg?resize=450%2C300&amp;ssl=1 450w, https:\/\/i0.wp.com\/www.bechmann.org\/amphibium\/wp-content\/uploads\/IMG_3534.jpg?w=1800&amp;ssl=1 1800w, https:\/\/i0.wp.com\/www.bechmann.org\/amphibium\/wp-content\/uploads\/IMG_3534.jpg?w=1250&amp;ssl=1 1250w\" sizes=\"auto, (max-width: 625px) 100vw, 625px\" \/><p id=\"caption-attachment-2373\" class=\"wp-caption-text\">Gr\u00fcnimog (r.) mit Amphibiums-Flagge und Krav Maga Frankfurt-Transparent<\/p><\/div>\n<p><br clear=\"all\" \/>Die Welt ist ein besserer Ort als man glaubt. Und vor Ort sieht es h\u00e4ufig anders aus als im Fernsehen. Von dieser Erfahrung berichten Fernreisende und Globetrotter durchg\u00e4ngig. Weltenbummler wissen viel davon zu erz\u00e4hlen, wie freundlich und hilfsbereit gerade die Menschen in den armen Regionen der Welt sind, wie sehr diese Menschen bereit sind, ihr wenig Hab und Gut zu teilen.<\/p>\n<p>Und dass Habgier, Neid, Missgunst und Kriminalit\u00e4t eher in den St\u00e4dten bzw. in wohlhabenderem Umfeld entstehen.<\/p>\n<p>Wer in die Ferne reist und von Ort zu Ort zieht, setzt sich freilich dem Risiko des Nomaden aus &#8211; er ist mehr oder weniger alleine und dem ausgeliefert, was um ihn herum geschieht. Nomaden wiederum sind seit alters her in den Augen von St\u00e4dtern bez. fest Angesiedelten eine Gefahr gewesen &#8211; Landstreicher sieht der Ortsgebundene in den frei vagbundierenden Menschen. Fernreisende freilich kommen nicht auf einen Raubzug vorbei (wie manche Beduinenst\u00e4mme fr\u00fcher im Nahen Osten), sondern sind freundlich, friedlich und neugierig, wollen Land und Leute kennenlernen.<\/p>\n<h3>Wenn die Situation entgleitet<\/h3>\n<p>Kein Wunder also, dass Fernreisende ganz \u00fcberwiegend von fantastischen Begegnungen mit freundlichen Menschen in aller Welt berichten, und dass Problemsituationen nur sehr selten auftauchen. Aber sie existieren, und aus einem kommunikativen Missverst\u00e4ndnis kann sich schnell eine unheilvolle Dynamik entwicklen, die in eine gewaltt\u00e4tige Situation entgleitet.<\/p>\n<p>In manchen Regionen der Welt reicht es schon aus, bei der Durchfahrt durch ein entlegenes Bergdorf ein Nutztier wie ein Huhn mit dem Gel\u00e4ndewagen zu \u00fcberfahren. Schlimmer noch: Nicht selten rennen oder werfen sich Kinder vors Fahrzeug, um zu betteln.<\/p>\n<h3>Krav Maga-Workshop beim Fernreisemobiltreffen<\/h3>\n<p>Vor diesem Hintergrund haben wir einen zweist\u00fcndigen Krav Maga-Workshop auf <a href=\"http:\/\/www.fernreisemobiltreffen.de\">Willy&#8217;s Fernreisemobiltreffen<\/a> abgehalten. Rund 600 Fahrzeuge mit ihren Besatzungen kamen dazu in Enkirch an der Mosel zusammen &#8211; eine Art riesiges Familientreffen mit modernen wie altert\u00fcmlichen und sehr eigenwilligen Weltreisemobilen; das gr\u00f6\u00dfte seiner Art in Deutschland. Rund 50 Leute machten mit, auch wenn die Zahl sich mit der Zeit ausd\u00fcnnte&#8230;<\/p>\n<div class=\"tiled-gallery type-rectangular tiled-gallery-unresized\" data-original-width=\"625\" data-carousel-extra='{&quot;blog_id&quot;:1,&quot;permalink&quot;:&quot;https:\\\/\\\/www.bechmann.org\\\/amphibium\\\/krav-maga-workshop-beim-fernreisemobiltreffen\\\/&quot;,&quot;likes_blog_id&quot;:68534324}' itemscope itemtype=\"http:\/\/schema.org\/ImageGallery\" > <div class=\"gallery-row\" style=\"width: 625px; height: 280px;\" data-original-width=\"625\" data-original-height=\"280\" > <div class=\"gallery-group images-1\" style=\"width: 417px; height: 280px;\" data-original-width=\"417\" data-original-height=\"280\" > <div class=\"tiled-gallery-item tiled-gallery-item-large\" itemprop=\"associatedMedia\" itemscope itemtype=\"http:\/\/schema.org\/ImageObject\"> <a href=\"https:\/\/www.bechmann.org\/amphibium\/krav-maga-workshop-beim-fernreisemobiltreffen\/img_3506\/\" border=\"0\" itemprop=\"url\"> <meta itemprop=\"width\" content=\"413\"> <meta itemprop=\"height\" content=\"276\"> <img decoding=\"async\" class=\"\" data-attachment-id=\"2367\" data-orig-file=\"https:\/\/www.bechmann.org\/amphibium\/wp-content\/uploads\/IMG_3506.jpg\" data-orig-size=\"1800,1200\" data-comments-opened=\"\" data-image-meta=\"{&quot;aperture&quot;:&quot;0&quot;,&quot;credit&quot;:&quot;&quot;,&quot;camera&quot;:&quot;&quot;,&quot;caption&quot;:&quot;&quot;,&quot;created_timestamp&quot;:&quot;0&quot;,&quot;copyright&quot;:&quot;Oliver Bechmann&quot;,&quot;focal_length&quot;:&quot;0&quot;,&quot;iso&quot;:&quot;0&quot;,&quot;shutter_speed&quot;:&quot;0&quot;,&quot;title&quot;:&quot;&quot;,&quot;orientation&quot;:&quot;0&quot;}\" data-image-title=\"IMG_3506\" data-image-description=\"\" data-medium-file=\"https:\/\/i0.wp.com\/www.bechmann.org\/amphibium\/wp-content\/uploads\/IMG_3506.jpg?fit=300%2C200&#038;ssl=1\" data-large-file=\"https:\/\/i0.wp.com\/www.bechmann.org\/amphibium\/wp-content\/uploads\/IMG_3506.jpg?fit=625%2C417&#038;ssl=1\" src=\"https:\/\/i0.wp.com\/www.bechmann.org\/amphibium\/wp-content\/uploads\/IMG_3506.jpg?w=413&#038;h=276&#038;ssl=1\" srcset=\"https:\/\/i0.wp.com\/www.bechmann.org\/amphibium\/wp-content\/uploads\/IMG_3506.jpg?w=1800&amp;ssl=1 1800w, https:\/\/i0.wp.com\/www.bechmann.org\/amphibium\/wp-content\/uploads\/IMG_3506.jpg?resize=300%2C200&amp;ssl=1 300w, https:\/\/i0.wp.com\/www.bechmann.org\/amphibium\/wp-content\/uploads\/IMG_3506.jpg?resize=768%2C512&amp;ssl=1 768w, https:\/\/i0.wp.com\/www.bechmann.org\/amphibium\/wp-content\/uploads\/IMG_3506.jpg?resize=1024%2C683&amp;ssl=1 1024w, https:\/\/i0.wp.com\/www.bechmann.org\/amphibium\/wp-content\/uploads\/IMG_3506.jpg?resize=450%2C300&amp;ssl=1 450w, https:\/\/i0.wp.com\/www.bechmann.org\/amphibium\/wp-content\/uploads\/IMG_3506.jpg?w=1250&amp;ssl=1 1250w\" width=\"413\" height=\"276\" loading=\"lazy\" data-original-width=\"413\" data-original-height=\"276\" itemprop=\"http:\/\/schema.org\/image\" title=\"IMG_3506\" alt=\"Unimog mit Werbung f\u00fcr unser Angebot\" style=\"width: 413px; height: 276px;\" \/> <\/a> <div class=\"tiled-gallery-caption\" itemprop=\"caption description\"> Unimog mit Werbung f\u00fcr unser Angebot <\/div> <\/div> <\/div> <!-- close group --> <div class=\"gallery-group images-2\" style=\"width: 208px; height: 280px;\" data-original-width=\"208\" data-original-height=\"280\" > <div class=\"tiled-gallery-item tiled-gallery-item-small\" itemprop=\"associatedMedia\" itemscope itemtype=\"http:\/\/schema.org\/ImageObject\"> <a href=\"https:\/\/www.bechmann.org\/amphibium\/krav-maga-workshop-beim-fernreisemobiltreffen\/img_3513\/\" border=\"0\" itemprop=\"url\"> <meta itemprop=\"width\" content=\"204\"> <meta itemprop=\"height\" content=\"136\"> <img decoding=\"async\" class=\"\" data-attachment-id=\"2368\" data-orig-file=\"https:\/\/www.bechmann.org\/amphibium\/wp-content\/uploads\/IMG_3513.jpg\" data-orig-size=\"1800,1200\" data-comments-opened=\"\" data-image-meta=\"{&quot;aperture&quot;:&quot;0&quot;,&quot;credit&quot;:&quot;&quot;,&quot;camera&quot;:&quot;&quot;,&quot;caption&quot;:&quot;&quot;,&quot;created_timestamp&quot;:&quot;0&quot;,&quot;copyright&quot;:&quot;Oliver Bechmann&quot;,&quot;focal_length&quot;:&quot;0&quot;,&quot;iso&quot;:&quot;0&quot;,&quot;shutter_speed&quot;:&quot;0&quot;,&quot;title&quot;:&quot;&quot;,&quot;orientation&quot;:&quot;0&quot;}\" data-image-title=\"IMG_3513\" data-image-description=\"\" data-medium-file=\"https:\/\/i0.wp.com\/www.bechmann.org\/amphibium\/wp-content\/uploads\/IMG_3513.jpg?fit=300%2C200&#038;ssl=1\" data-large-file=\"https:\/\/i0.wp.com\/www.bechmann.org\/amphibium\/wp-content\/uploads\/IMG_3513.jpg?fit=625%2C417&#038;ssl=1\" src=\"https:\/\/i0.wp.com\/www.bechmann.org\/amphibium\/wp-content\/uploads\/IMG_3513.jpg?w=204&#038;h=136&#038;ssl=1\" srcset=\"https:\/\/i0.wp.com\/www.bechmann.org\/amphibium\/wp-content\/uploads\/IMG_3513.jpg?w=1800&amp;ssl=1 1800w, https:\/\/i0.wp.com\/www.bechmann.org\/amphibium\/wp-content\/uploads\/IMG_3513.jpg?resize=300%2C200&amp;ssl=1 300w, https:\/\/i0.wp.com\/www.bechmann.org\/amphibium\/wp-content\/uploads\/IMG_3513.jpg?resize=768%2C512&amp;ssl=1 768w, https:\/\/i0.wp.com\/www.bechmann.org\/amphibium\/wp-content\/uploads\/IMG_3513.jpg?resize=1024%2C683&amp;ssl=1 1024w, https:\/\/i0.wp.com\/www.bechmann.org\/amphibium\/wp-content\/uploads\/IMG_3513.jpg?resize=450%2C300&amp;ssl=1 450w, https:\/\/i0.wp.com\/www.bechmann.org\/amphibium\/wp-content\/uploads\/IMG_3513.jpg?w=1250&amp;ssl=1 1250w\" width=\"204\" height=\"136\" loading=\"lazy\" data-original-width=\"204\" data-original-height=\"136\" itemprop=\"http:\/\/schema.org\/image\" title=\"IMG_3513\" alt=\"Fernreisemobile \u00e4lterer Bauart - die sch\u00f6nsten\" style=\"width: 204px; height: 136px;\" \/> <\/a> <div class=\"tiled-gallery-caption\" itemprop=\"caption description\"> Fernreisemobile \u00e4lterer Bauart &#8211; die sch\u00f6nsten <\/div> <\/div> <div class=\"tiled-gallery-item tiled-gallery-item-small\" itemprop=\"associatedMedia\" itemscope itemtype=\"http:\/\/schema.org\/ImageObject\"> <a href=\"https:\/\/www.bechmann.org\/amphibium\/krav-maga-workshop-beim-fernreisemobiltreffen\/img_3556\/\" border=\"0\" itemprop=\"url\"> <meta itemprop=\"width\" content=\"204\"> <meta itemprop=\"height\" content=\"136\"> <img decoding=\"async\" class=\"\" data-attachment-id=\"2374\" data-orig-file=\"https:\/\/www.bechmann.org\/amphibium\/wp-content\/uploads\/IMG_3556.jpg\" data-orig-size=\"1800,1200\" data-comments-opened=\"\" data-image-meta=\"{&quot;aperture&quot;:&quot;0&quot;,&quot;credit&quot;:&quot;&quot;,&quot;camera&quot;:&quot;&quot;,&quot;caption&quot;:&quot;&quot;,&quot;created_timestamp&quot;:&quot;0&quot;,&quot;copyright&quot;:&quot;Oliver Bechmann&quot;,&quot;focal_length&quot;:&quot;0&quot;,&quot;iso&quot;:&quot;0&quot;,&quot;shutter_speed&quot;:&quot;0&quot;,&quot;title&quot;:&quot;&quot;,&quot;orientation&quot;:&quot;0&quot;}\" data-image-title=\"IMG_3556\" data-image-description=\"\" data-medium-file=\"https:\/\/i0.wp.com\/www.bechmann.org\/amphibium\/wp-content\/uploads\/IMG_3556.jpg?fit=300%2C200&#038;ssl=1\" data-large-file=\"https:\/\/i0.wp.com\/www.bechmann.org\/amphibium\/wp-content\/uploads\/IMG_3556.jpg?fit=625%2C417&#038;ssl=1\" src=\"https:\/\/i0.wp.com\/www.bechmann.org\/amphibium\/wp-content\/uploads\/IMG_3556.jpg?w=204&#038;h=136&#038;ssl=1\" srcset=\"https:\/\/i0.wp.com\/www.bechmann.org\/amphibium\/wp-content\/uploads\/IMG_3556.jpg?w=1800&amp;ssl=1 1800w, https:\/\/i0.wp.com\/www.bechmann.org\/amphibium\/wp-content\/uploads\/IMG_3556.jpg?resize=300%2C200&amp;ssl=1 300w, https:\/\/i0.wp.com\/www.bechmann.org\/amphibium\/wp-content\/uploads\/IMG_3556.jpg?resize=768%2C512&amp;ssl=1 768w, https:\/\/i0.wp.com\/www.bechmann.org\/amphibium\/wp-content\/uploads\/IMG_3556.jpg?resize=1024%2C683&amp;ssl=1 1024w, https:\/\/i0.wp.com\/www.bechmann.org\/amphibium\/wp-content\/uploads\/IMG_3556.jpg?resize=450%2C300&amp;ssl=1 450w, https:\/\/i0.wp.com\/www.bechmann.org\/amphibium\/wp-content\/uploads\/IMG_3556.jpg?w=1250&amp;ssl=1 1250w\" width=\"204\" height=\"136\" loading=\"lazy\" data-original-width=\"204\" data-original-height=\"136\" itemprop=\"http:\/\/schema.org\/image\" title=\"IMG_3556\" alt=\"Besuch von Freundinnen\" style=\"width: 204px; height: 136px;\" \/> <\/a> <div class=\"tiled-gallery-caption\" itemprop=\"caption description\"> Besuch von Freundinnen <\/div> <\/div> <\/div> <!-- close group --> <\/div> <!-- close row --> <div class=\"gallery-row\" style=\"width: 625px; height: 140px;\" data-original-width=\"625\" data-original-height=\"140\" > <div class=\"gallery-group images-1\" style=\"width: 209px; height: 140px;\" data-original-width=\"209\" data-original-height=\"140\" > <div class=\"tiled-gallery-item tiled-gallery-item-small\" itemprop=\"associatedMedia\" itemscope itemtype=\"http:\/\/schema.org\/ImageObject\"> <a href=\"https:\/\/www.bechmann.org\/amphibium\/krav-maga-workshop-beim-fernreisemobiltreffen\/img_3514\/\" border=\"0\" itemprop=\"url\"> <meta itemprop=\"width\" content=\"205\"> <meta itemprop=\"height\" content=\"136\"> <img decoding=\"async\" class=\"\" data-attachment-id=\"2369\" data-orig-file=\"https:\/\/www.bechmann.org\/amphibium\/wp-content\/uploads\/IMG_3514.jpg\" data-orig-size=\"1800,1200\" data-comments-opened=\"\" data-image-meta=\"{&quot;aperture&quot;:&quot;0&quot;,&quot;credit&quot;:&quot;&quot;,&quot;camera&quot;:&quot;&quot;,&quot;caption&quot;:&quot;&quot;,&quot;created_timestamp&quot;:&quot;0&quot;,&quot;copyright&quot;:&quot;Oliver Bechmann&quot;,&quot;focal_length&quot;:&quot;0&quot;,&quot;iso&quot;:&quot;0&quot;,&quot;shutter_speed&quot;:&quot;0&quot;,&quot;title&quot;:&quot;&quot;,&quot;orientation&quot;:&quot;0&quot;}\" data-image-title=\"IMG_3514\" data-image-description=\"\" data-medium-file=\"https:\/\/i0.wp.com\/www.bechmann.org\/amphibium\/wp-content\/uploads\/IMG_3514.jpg?fit=300%2C200&#038;ssl=1\" data-large-file=\"https:\/\/i0.wp.com\/www.bechmann.org\/amphibium\/wp-content\/uploads\/IMG_3514.jpg?fit=625%2C417&#038;ssl=1\" src=\"https:\/\/i0.wp.com\/www.bechmann.org\/amphibium\/wp-content\/uploads\/IMG_3514.jpg?w=205&#038;h=136&#038;ssl=1\" srcset=\"https:\/\/i0.wp.com\/www.bechmann.org\/amphibium\/wp-content\/uploads\/IMG_3514.jpg?w=1800&amp;ssl=1 1800w, https:\/\/i0.wp.com\/www.bechmann.org\/amphibium\/wp-content\/uploads\/IMG_3514.jpg?resize=300%2C200&amp;ssl=1 300w, https:\/\/i0.wp.com\/www.bechmann.org\/amphibium\/wp-content\/uploads\/IMG_3514.jpg?resize=768%2C512&amp;ssl=1 768w, https:\/\/i0.wp.com\/www.bechmann.org\/amphibium\/wp-content\/uploads\/IMG_3514.jpg?resize=1024%2C683&amp;ssl=1 1024w, https:\/\/i0.wp.com\/www.bechmann.org\/amphibium\/wp-content\/uploads\/IMG_3514.jpg?resize=450%2C300&amp;ssl=1 450w, https:\/\/i0.wp.com\/www.bechmann.org\/amphibium\/wp-content\/uploads\/IMG_3514.jpg?w=1250&amp;ssl=1 1250w\" width=\"205\" height=\"136\" loading=\"lazy\" data-original-width=\"205\" data-original-height=\"136\" itemprop=\"http:\/\/schema.org\/image\" title=\"IMG_3514\" alt=\"Ungew\u00f6hnliche L\u00f6sungen zuhauf\" style=\"width: 205px; height: 136px;\" \/> <\/a> <div class=\"tiled-gallery-caption\" itemprop=\"caption description\"> Ungew\u00f6hnliche L\u00f6sungen zuhauf <\/div> <\/div> <\/div> <!-- close group --> <div class=\"gallery-group images-1\" style=\"width: 208px; height: 140px;\" data-original-width=\"208\" data-original-height=\"140\" > <div class=\"tiled-gallery-item tiled-gallery-item-small\" itemprop=\"associatedMedia\" itemscope itemtype=\"http:\/\/schema.org\/ImageObject\"> <a href=\"https:\/\/www.bechmann.org\/amphibium\/krav-maga-workshop-beim-fernreisemobiltreffen\/img_3516\/\" border=\"0\" itemprop=\"url\"> <meta itemprop=\"width\" content=\"204\"> <meta itemprop=\"height\" content=\"136\"> <img decoding=\"async\" class=\"\" data-attachment-id=\"2370\" data-orig-file=\"https:\/\/www.bechmann.org\/amphibium\/wp-content\/uploads\/IMG_3516.jpg\" data-orig-size=\"1800,1200\" data-comments-opened=\"\" data-image-meta=\"{&quot;aperture&quot;:&quot;0&quot;,&quot;credit&quot;:&quot;&quot;,&quot;camera&quot;:&quot;&quot;,&quot;caption&quot;:&quot;&quot;,&quot;created_timestamp&quot;:&quot;0&quot;,&quot;copyright&quot;:&quot;Oliver Bechmann&quot;,&quot;focal_length&quot;:&quot;0&quot;,&quot;iso&quot;:&quot;0&quot;,&quot;shutter_speed&quot;:&quot;0&quot;,&quot;title&quot;:&quot;&quot;,&quot;orientation&quot;:&quot;0&quot;}\" data-image-title=\"IMG_3516\" data-image-description=\"\" data-medium-file=\"https:\/\/i0.wp.com\/www.bechmann.org\/amphibium\/wp-content\/uploads\/IMG_3516.jpg?fit=300%2C200&#038;ssl=1\" data-large-file=\"https:\/\/i0.wp.com\/www.bechmann.org\/amphibium\/wp-content\/uploads\/IMG_3516.jpg?fit=625%2C417&#038;ssl=1\" src=\"https:\/\/i0.wp.com\/www.bechmann.org\/amphibium\/wp-content\/uploads\/IMG_3516.jpg?w=204&#038;h=136&#038;ssl=1\" srcset=\"https:\/\/i0.wp.com\/www.bechmann.org\/amphibium\/wp-content\/uploads\/IMG_3516.jpg?w=1800&amp;ssl=1 1800w, https:\/\/i0.wp.com\/www.bechmann.org\/amphibium\/wp-content\/uploads\/IMG_3516.jpg?resize=300%2C200&amp;ssl=1 300w, https:\/\/i0.wp.com\/www.bechmann.org\/amphibium\/wp-content\/uploads\/IMG_3516.jpg?resize=768%2C512&amp;ssl=1 768w, https:\/\/i0.wp.com\/www.bechmann.org\/amphibium\/wp-content\/uploads\/IMG_3516.jpg?resize=1024%2C683&amp;ssl=1 1024w, https:\/\/i0.wp.com\/www.bechmann.org\/amphibium\/wp-content\/uploads\/IMG_3516.jpg?resize=450%2C300&amp;ssl=1 450w, https:\/\/i0.wp.com\/www.bechmann.org\/amphibium\/wp-content\/uploads\/IMG_3516.jpg?w=1250&amp;ssl=1 1250w\" width=\"204\" height=\"136\" loading=\"lazy\" data-original-width=\"204\" data-original-height=\"136\" itemprop=\"http:\/\/schema.org\/image\" title=\"IMG_3516\" alt=\"Liebevoll gepflegte Old-Mobile\" style=\"width: 204px; height: 136px;\" \/> <\/a> <div class=\"tiled-gallery-caption\" itemprop=\"caption description\"> Liebevoll gepflegte Old-Mobile <\/div> <\/div> <\/div> <!-- close group --> <div class=\"gallery-group images-1\" style=\"width: 208px; height: 140px;\" data-original-width=\"208\" data-original-height=\"140\" > <div class=\"tiled-gallery-item tiled-gallery-item-small\" itemprop=\"associatedMedia\" itemscope itemtype=\"http:\/\/schema.org\/ImageObject\"> <a href=\"https:\/\/www.bechmann.org\/amphibium\/krav-maga-workshop-beim-fernreisemobiltreffen\/img_3565\/\" border=\"0\" itemprop=\"url\"> <meta itemprop=\"width\" content=\"204\"> <meta itemprop=\"height\" content=\"136\"> <img decoding=\"async\" class=\"\" data-attachment-id=\"2375\" data-orig-file=\"https:\/\/www.bechmann.org\/amphibium\/wp-content\/uploads\/IMG_3565.jpg\" data-orig-size=\"1800,1200\" data-comments-opened=\"\" data-image-meta=\"{&quot;aperture&quot;:&quot;0&quot;,&quot;credit&quot;:&quot;&quot;,&quot;camera&quot;:&quot;&quot;,&quot;caption&quot;:&quot;&quot;,&quot;created_timestamp&quot;:&quot;0&quot;,&quot;copyright&quot;:&quot;Oliver Bechmann&quot;,&quot;focal_length&quot;:&quot;0&quot;,&quot;iso&quot;:&quot;0&quot;,&quot;shutter_speed&quot;:&quot;0&quot;,&quot;title&quot;:&quot;&quot;,&quot;orientation&quot;:&quot;0&quot;}\" data-image-title=\"IMG_3565\" data-image-description=\"\" data-medium-file=\"https:\/\/i0.wp.com\/www.bechmann.org\/amphibium\/wp-content\/uploads\/IMG_3565.jpg?fit=300%2C200&#038;ssl=1\" data-large-file=\"https:\/\/i0.wp.com\/www.bechmann.org\/amphibium\/wp-content\/uploads\/IMG_3565.jpg?fit=625%2C417&#038;ssl=1\" src=\"https:\/\/i0.wp.com\/www.bechmann.org\/amphibium\/wp-content\/uploads\/IMG_3565.jpg?w=204&#038;h=136&#038;ssl=1\" srcset=\"https:\/\/i0.wp.com\/www.bechmann.org\/amphibium\/wp-content\/uploads\/IMG_3565.jpg?w=1800&amp;ssl=1 1800w, https:\/\/i0.wp.com\/www.bechmann.org\/amphibium\/wp-content\/uploads\/IMG_3565.jpg?resize=300%2C200&amp;ssl=1 300w, https:\/\/i0.wp.com\/www.bechmann.org\/amphibium\/wp-content\/uploads\/IMG_3565.jpg?resize=768%2C512&amp;ssl=1 768w, https:\/\/i0.wp.com\/www.bechmann.org\/amphibium\/wp-content\/uploads\/IMG_3565.jpg?resize=1024%2C683&amp;ssl=1 1024w, https:\/\/i0.wp.com\/www.bechmann.org\/amphibium\/wp-content\/uploads\/IMG_3565.jpg?resize=450%2C300&amp;ssl=1 450w, https:\/\/i0.wp.com\/www.bechmann.org\/amphibium\/wp-content\/uploads\/IMG_3565.jpg?w=1250&amp;ssl=1 1250w\" width=\"204\" height=\"136\" loading=\"lazy\" data-original-width=\"204\" data-original-height=\"136\" itemprop=\"http:\/\/schema.org\/image\" title=\"IMG_3565\" alt=\"Beate im (kurzen) Regen\" style=\"width: 204px; height: 136px;\" \/> <\/a> <div class=\"tiled-gallery-caption\" itemprop=\"caption description\"> Beate im (kurzen) Regen <\/div> <\/div> <\/div> <!-- close group --> <\/div> <!-- close row --> <div class=\"gallery-row\" style=\"width: 625px; height: 210px;\" data-original-width=\"625\" data-original-height=\"210\" > <div class=\"gallery-group images-1\" style=\"width: 313px; height: 210px;\" data-original-width=\"313\" data-original-height=\"210\" > <div class=\"tiled-gallery-item tiled-gallery-item-large\" itemprop=\"associatedMedia\" itemscope itemtype=\"http:\/\/schema.org\/ImageObject\"> <a href=\"https:\/\/www.bechmann.org\/amphibium\/krav-maga-workshop-beim-fernreisemobiltreffen\/img_3521\/\" border=\"0\" itemprop=\"url\"> <meta itemprop=\"width\" content=\"309\"> <meta itemprop=\"height\" content=\"206\"> <img decoding=\"async\" class=\"\" data-attachment-id=\"2371\" data-orig-file=\"https:\/\/www.bechmann.org\/amphibium\/wp-content\/uploads\/IMG_3521.jpg\" data-orig-size=\"1800,1200\" data-comments-opened=\"\" data-image-meta=\"{&quot;aperture&quot;:&quot;0&quot;,&quot;credit&quot;:&quot;&quot;,&quot;camera&quot;:&quot;&quot;,&quot;caption&quot;:&quot;&quot;,&quot;created_timestamp&quot;:&quot;0&quot;,&quot;copyright&quot;:&quot;Oliver Bechmann&quot;,&quot;focal_length&quot;:&quot;0&quot;,&quot;iso&quot;:&quot;0&quot;,&quot;shutter_speed&quot;:&quot;0&quot;,&quot;title&quot;:&quot;&quot;,&quot;orientation&quot;:&quot;0&quot;}\" data-image-title=\"IMG_3521\" data-image-description=\"\" data-medium-file=\"https:\/\/i0.wp.com\/www.bechmann.org\/amphibium\/wp-content\/uploads\/IMG_3521.jpg?fit=300%2C200&#038;ssl=1\" data-large-file=\"https:\/\/i0.wp.com\/www.bechmann.org\/amphibium\/wp-content\/uploads\/IMG_3521.jpg?fit=625%2C417&#038;ssl=1\" src=\"https:\/\/i0.wp.com\/www.bechmann.org\/amphibium\/wp-content\/uploads\/IMG_3521.jpg?w=309&#038;h=206&#038;ssl=1\" srcset=\"https:\/\/i0.wp.com\/www.bechmann.org\/amphibium\/wp-content\/uploads\/IMG_3521.jpg?w=1800&amp;ssl=1 1800w, https:\/\/i0.wp.com\/www.bechmann.org\/amphibium\/wp-content\/uploads\/IMG_3521.jpg?resize=300%2C200&amp;ssl=1 300w, https:\/\/i0.wp.com\/www.bechmann.org\/amphibium\/wp-content\/uploads\/IMG_3521.jpg?resize=768%2C512&amp;ssl=1 768w, https:\/\/i0.wp.com\/www.bechmann.org\/amphibium\/wp-content\/uploads\/IMG_3521.jpg?resize=1024%2C683&amp;ssl=1 1024w, https:\/\/i0.wp.com\/www.bechmann.org\/amphibium\/wp-content\/uploads\/IMG_3521.jpg?resize=450%2C300&amp;ssl=1 450w, https:\/\/i0.wp.com\/www.bechmann.org\/amphibium\/wp-content\/uploads\/IMG_3521.jpg?w=1250&amp;ssl=1 1250w\" width=\"309\" height=\"206\" loading=\"lazy\" data-original-width=\"309\" data-original-height=\"206\" itemprop=\"http:\/\/schema.org\/image\" title=\"IMG_3521\" alt=\"Unimog-Parade\" style=\"width: 309px; height: 206px;\" \/> <\/a> <div class=\"tiled-gallery-caption\" itemprop=\"caption description\"> Unimog-Parade <\/div> <\/div> <\/div> <!-- close group --> <div class=\"gallery-group images-1\" style=\"width: 312px; height: 210px;\" data-original-width=\"312\" data-original-height=\"210\" > <div class=\"tiled-gallery-item tiled-gallery-item-large\" itemprop=\"associatedMedia\" itemscope itemtype=\"http:\/\/schema.org\/ImageObject\"> <a href=\"https:\/\/www.bechmann.org\/amphibium\/krav-maga-workshop-beim-fernreisemobiltreffen\/img_3528\/\" border=\"0\" itemprop=\"url\"> <meta itemprop=\"width\" content=\"308\"> <meta itemprop=\"height\" content=\"206\"> <img decoding=\"async\" class=\"\" data-attachment-id=\"2372\" data-orig-file=\"https:\/\/www.bechmann.org\/amphibium\/wp-content\/uploads\/IMG_3528.jpg\" data-orig-size=\"1800,1200\" data-comments-opened=\"\" data-image-meta=\"{&quot;aperture&quot;:&quot;0&quot;,&quot;credit&quot;:&quot;&quot;,&quot;camera&quot;:&quot;&quot;,&quot;caption&quot;:&quot;&quot;,&quot;created_timestamp&quot;:&quot;0&quot;,&quot;copyright&quot;:&quot;Oliver Bechmann&quot;,&quot;focal_length&quot;:&quot;0&quot;,&quot;iso&quot;:&quot;0&quot;,&quot;shutter_speed&quot;:&quot;0&quot;,&quot;title&quot;:&quot;&quot;,&quot;orientation&quot;:&quot;0&quot;}\" data-image-title=\"IMG_3528\" data-image-description=\"\" data-medium-file=\"https:\/\/i0.wp.com\/www.bechmann.org\/amphibium\/wp-content\/uploads\/IMG_3528.jpg?fit=300%2C200&#038;ssl=1\" data-large-file=\"https:\/\/i0.wp.com\/www.bechmann.org\/amphibium\/wp-content\/uploads\/IMG_3528.jpg?fit=625%2C417&#038;ssl=1\" src=\"https:\/\/i0.wp.com\/www.bechmann.org\/amphibium\/wp-content\/uploads\/IMG_3528.jpg?w=308&#038;h=206&#038;ssl=1\" srcset=\"https:\/\/i0.wp.com\/www.bechmann.org\/amphibium\/wp-content\/uploads\/IMG_3528.jpg?w=1800&amp;ssl=1 1800w, https:\/\/i0.wp.com\/www.bechmann.org\/amphibium\/wp-content\/uploads\/IMG_3528.jpg?resize=300%2C200&amp;ssl=1 300w, https:\/\/i0.wp.com\/www.bechmann.org\/amphibium\/wp-content\/uploads\/IMG_3528.jpg?resize=768%2C512&amp;ssl=1 768w, https:\/\/i0.wp.com\/www.bechmann.org\/amphibium\/wp-content\/uploads\/IMG_3528.jpg?resize=1024%2C683&amp;ssl=1 1024w, https:\/\/i0.wp.com\/www.bechmann.org\/amphibium\/wp-content\/uploads\/IMG_3528.jpg?resize=450%2C300&amp;ssl=1 450w, https:\/\/i0.wp.com\/www.bechmann.org\/amphibium\/wp-content\/uploads\/IMG_3528.jpg?w=1250&amp;ssl=1 1250w\" width=\"308\" height=\"206\" loading=\"lazy\" data-original-width=\"308\" data-original-height=\"206\" itemprop=\"http:\/\/schema.org\/image\" title=\"IMG_3528\" alt=\"Hanomag-Fans nebeneinander\" style=\"width: 308px; height: 206px;\" \/> <\/a> <div class=\"tiled-gallery-caption\" itemprop=\"caption description\"> Hanomag-Fans nebeneinander <\/div> <\/div> <\/div> <!-- close group --> <\/div> <!-- close row --> <\/div>\n<p>Selbstverst\u00e4ndlich betonten wir, dass erst alle Mittel und M\u00f6glichkeiten der Kommunikation und Deeskalation ausgesch\u00f6pft sein m\u00fcssen, bevor man zur physischen Selbstverteidigung greift &#8211; gleichwohl wie eine unmittelbar gegebene ernsthafte Bedrohung bzw. Gef\u00e4hrdung von Leib und Leben. Dies gilt immer und \u00fcberall, aber umso mehr, als eine \u00dcberreaktion dazu f\u00fchren kann, sich im Knast eines Landes f\u00fcr l\u00e4ngere Zeit aufzuhalten, dessen Gef\u00e4ngnis-Standards mit denen der Bundesrepublik Deutschland nicht zu vergleich sind.<br \/>\n<!--more--><\/p>\n<h3>Waffen verschlimmern die Situation<\/h3>\n<p>Gleicherma\u00dfen ist das Mitf\u00fchren von Waffen oder waffenartigen Gegenst\u00e4nden zu sehen &#8211; wer dem Aggressor mit Waffen schwere oder t\u00f6dliche Verletzungen zuf\u00fcgt, hat seine Situation in der Folge dramatisch verschlechtert. Und das eigentliche Ziel der Selbstverteidigung sollte sein, den geringstm\u00f6glichen notwendigen Schaden zu verursachen und den Weg zur\u00fcck zur Kommunikation und zur g\u00fctlichen Einigung eines Konfliktes wieder zu \u00f6ffnen.<\/p>\n<p>Wir selbst haben einmal einen Aufruhr erlebt, weil einer der Lkw&#8217;s unseres Konvois in einer engen Stra\u00dfe einem parkenden Fahrzeug einen Au\u00dfenspiegel demoliert hatte &#8211; letztlich konnte die Aufregung mit einer Geldzahlung gelegt werden. Entweichen w\u00e4re nicht m\u00f6glich gewesen &#8211; unser kleiner Fahrzeugkonvoi war vorne und hinten eingeklemmt&#8230;<\/p>\n<h3>Alltagsgegenst\u00e4nde sind Trumpf<\/h3>\n<p>Waffen oder waffenartige Gegenst\u00e4nde schaffen auch leicht Probleme bei Grenz- oder anderen Polizei- oder Milit\u00e4rkontrollen, die in manchen L\u00e4ndern Afrikas oder Asiens an der Tagesordnung sind. An Bord eines gel\u00e4ndeg\u00e4ngigen Fernreisemobils (mit dem man gerne frei campiert) befinden sich aber eine Reihe von Gegenst\u00e4nden, deren eigentliche Zweckbestimmung mit dem Fahrzeug oder dem Reisen zu tun hat &#8211; und die sehr gut als defensive Hilfsmittel eingesetzt werden k\u00f6nnen: gro\u00dfe Taschenlampen, Rad-Montiereisen, Brechstangen, Teleskop- oder h\u00f6lzerne Wanderst\u00f6cke, Regenschirme, abschraubbare Tischbeine, einbeinige Foto-Stative, Flaggenst\u00f6cke, ganz zu schweigen von \u00c4xten, Beilen oder Macheten (deren Einsatz aber unter das zuvor geschilderte Problem &#8222;Waffen&#8220; f\u00e4llt &#8211; besser Finger davon lassen oder nur im aller\u00e4u\u00dfersten Notfall benutzen!).<\/p>\n<div style=\"width: 650px\" class=\"wp-caption alignnone\"><img data-recalc-dims=\"1\" loading=\"lazy\" decoding=\"async\" src=\"https:\/\/i0.wp.com\/krav-maga-frankfurt.de\/site\/wp-content\/uploads\/IMG_20170902_130605-2.jpg?resize=625%2C469\" alt=\"IMG 20170902 130605 2\" width=\"625\" height=\"469\" border=\"0\" \/><p class=\"wp-caption-text\">Fernreisende nach unserem SV-Workshop<\/p><\/div>\n<p>Im Krav Maga sprechen wir von solcherlei Gegenst\u00e4nden als &#8222;common objects&#8220;, also Alltagsgegenst\u00e4nden, und das Training damit ist fester Bestandteil des \u00fcblichen Trainings. Dabei gehen wir immer davon aus, dass es besser ist, einen solchen Gegenstand zwischen sich und den Angreifer zu bringen, als eigene verletztliche K\u00f6rperteile wie Arme und Beine.<\/p>\n<p>Und so trainierten wir mit den interessierten Fernreisenden auf einer Wiese die Abwehr von Schlag- oder Stichangriffen mit Hilfe von stockartigen Gegenst\u00e4nden &#8211; einer brachte gar eine Kleiderstange mit! Wir waren \u00fcberrascht, auf so gro\u00dfen Zusproch zu sto\u00dfen, und dass viele Teilnehmer ohne jegliche Krav Maga- oder Kampfsport-Vorerfahrung so intensiv und begeistert mitmachten.<\/p>\n<p><a href=\"http:\/\/www.krav-maga-frankfurt.de\/site\" target=\"_blank\" rel=\"noopener\">Link zur Homepage von Krav Maga Frankfurt&#8230;<\/a><\/p>\n","protected":false},"excerpt":{"rendered":"<p>Die Welt ist ein besserer Ort als man glaubt. Und vor Ort sieht es h\u00e4ufig anders aus als im Fernsehen. Von dieser Erfahrung berichten Fernreisende und Globetrotter durchg\u00e4ngig. Weltenbummler wissen viel davon zu erz\u00e4hlen, wie freundlich und hilfsbereit gerade die Menschen in den armen Regionen der Welt sind, wie sehr diese Menschen bereit sind, ihr [&hellip;]<\/p>\n","protected":false},"author":1,"featured_media":0,"comment_status":"open","ping_status":"closed","sticky":false,"template":"","format":"standard","meta":{"jetpack_post_was_ever_published":false,"_jetpack_newsletter_access":"","_jetpack_dont_email_post_to_subs":false,"_jetpack_newsletter_tier_id":0,"_jetpack_memberships_contains_paywalled_content":false,"_jetpack_memberships_contains_paid_content":false,"footnotes":"","jetpack_publicize_message":"Krav Maga-Workshop beim Fernreisemobiltreffen","jetpack_publicize_feature_enabled":true,"jetpack_social_post_already_shared":true,"jetpack_social_options":{"image_generator_settings":{"template":"highway","default_image_id":0,"font":"","enabled":false},"version":2}},"categories":[2],"tags":[321,322,323,324,325],"class_list":["post-2365","post","type-post","status-publish","format-standard","hentry","category-land","tag-alltagsgegenstaende","tag-common-objects","tag-fernreisemobiltreffen","tag-krav-maga","tag-selbstverteidigung"],"jetpack_publicize_connections":[],"jetpack_featured_media_url":"","jetpack_shortlink":"https:\/\/wp.me\/p4DyUk-C9","jetpack-related-posts":[{"id":6993,"url":"https:\/\/www.bechmann.org\/amphibium\/was-hat-krav-maga-mit-mbsr-zu-tun\/","url_meta":{"origin":2365,"position":0},"title":"Was hat Krav Maga mit MBSR zu tun?","author":"Oliver","date":"16. August 2020","format":false,"excerpt":"Beate Bechmann: Krav Maga-Instructorin, Heilpraktikerin, Hypnose-Therapeutin Was hat Krav Maga (KM) mit\u00a0Mindfulness Based Stress Reduction\u00a0(MBSR) zu tun? Warum k\u00f6nnen wir* auf der einen Seite Selbstverteidigung und Nahkampf,\u00a0Fighting Fitness\u00a0und letztlich \u00dcberlebenstechniken und -taktiken lehren und andererseits etwas, was unter den Stichworten \u201cMeditation\u201d oder \u201cAchtsamkeit\u201d daherkommt? Mithin also einerseits etwas, was gerne\u2026","rel":"","context":"In &quot;Achtsamkeit&quot;","block_context":{"text":"Achtsamkeit","link":"https:\/\/www.bechmann.org\/amphibium\/category\/achtsamkeit\/"},"img":{"alt_text":"","src":"https:\/\/i0.wp.com\/www.bechmann.org\/amphibium\/wp-content\/uploads\/mentaltraining.jpg?resize=350%2C200&ssl=1","width":350,"height":200},"classes":[]},{"id":1245,"url":"https:\/\/www.bechmann.org\/amphibium\/kmf-geschichte-2002-bis-2020-in-bildern\/","url_meta":{"origin":2365,"position":1},"title":"Staub und &#8222;Spirit of Masada&#8220;","author":"Oliver","date":"23. Februar 2022","format":false,"excerpt":"Krav Maga-Training in Masada Krav Maga, wie es urspr\u00fcnglich war: Man hat keine Fragen gestellt, sich auf den Felsboden geschmissen und einen Tritt zum Kopf abgewehrt. Das ist die Geschichte, wie sie das vorstehende Bild erz\u00e4hlt. Es ist zum Jahreswechsel 2002\/3 entstanden; Schauplatz: die historische j\u00fcdische Festung Masada, die von\u2026","rel":"","context":"In &quot;Krav Maga&quot;","block_context":{"text":"Krav Maga","link":"https:\/\/www.bechmann.org\/amphibium\/category\/krav-maga\/"},"img":{"alt_text":"","src":"https:\/\/i0.wp.com\/www.bechmann.org\/amphibium\/wp-content\/uploads\/274666054_4887611611308324_6943697825954496729_n.jpg?resize=350%2C200&ssl=1","width":350,"height":200,"srcset":"https:\/\/i0.wp.com\/www.bechmann.org\/amphibium\/wp-content\/uploads\/274666054_4887611611308324_6943697825954496729_n.jpg?resize=350%2C200&ssl=1 1x, https:\/\/i0.wp.com\/www.bechmann.org\/amphibium\/wp-content\/uploads\/274666054_4887611611308324_6943697825954496729_n.jpg?resize=525%2C300&ssl=1 1.5x, https:\/\/i0.wp.com\/www.bechmann.org\/amphibium\/wp-content\/uploads\/274666054_4887611611308324_6943697825954496729_n.jpg?resize=700%2C400&ssl=1 2x, https:\/\/i0.wp.com\/www.bechmann.org\/amphibium\/wp-content\/uploads\/274666054_4887611611308324_6943697825954496729_n.jpg?resize=1050%2C600&ssl=1 3x, https:\/\/i0.wp.com\/www.bechmann.org\/amphibium\/wp-content\/uploads\/274666054_4887611611308324_6943697825954496729_n.jpg?resize=1400%2C800&ssl=1 4x"},"classes":[]},{"id":2447,"url":"https:\/\/www.bechmann.org\/amphibium\/abenteuer-im-norden\/","url_meta":{"origin":2365,"position":2},"title":"Abenteuer im Norden","author":"Oliver","date":"3. Oktober 2017","format":false,"excerpt":"Eigentlich wollten wir ja \u2013 wie im vergangenen Jahr \u2013 zu dem angenehm entspannten und unspektakul\u00e4ren Globetrottertreffen von Klaus D\u00e4rr bei den Bayern-Kamelen unweit M\u00fcnchens (siehe auch Beitrag \u201cK\u00f6rper-Kontakt mit Kamelen\u201d). Dann trieb es uns jedoch in die entgegengesetzte Richtung \u2013 nach Norden, zur \u201cAdventure Northside\u201d-Messe in der N\u00e4he Hamburgs\u2026","rel":"","context":"In &quot;Ausr\u00fcstung&quot;","block_context":{"text":"Ausr\u00fcstung","link":"https:\/\/www.bechmann.org\/amphibium\/category\/ausruestung\/"},"img":{"alt_text":"","src":"https:\/\/i0.wp.com\/www.bechmann.org\/amphibium\/wp-content\/uploads\/RIMG0432-2_thumb-1.jpg?resize=350%2C200","width":350,"height":200,"srcset":"https:\/\/i0.wp.com\/www.bechmann.org\/amphibium\/wp-content\/uploads\/RIMG0432-2_thumb-1.jpg?resize=350%2C200 1x, https:\/\/i0.wp.com\/www.bechmann.org\/amphibium\/wp-content\/uploads\/RIMG0432-2_thumb-1.jpg?resize=525%2C300 1.5x, https:\/\/i0.wp.com\/www.bechmann.org\/amphibium\/wp-content\/uploads\/RIMG0432-2_thumb-1.jpg?resize=700%2C400 2x"},"classes":[]},{"id":90,"url":"https:\/\/www.bechmann.org\/amphibium\/wie-alles-begann\/","url_meta":{"origin":2365,"position":3},"title":"Wie alles begann &#8211; und wohin es f\u00fchrte","author":"Oliver","date":"11. November 2019","format":false,"excerpt":"Mit Kampfsport habe ich angefangen, als ich 15 Jahre alt war. Im Urlaub waren meine Eltern und ich angegriffen worden; ich hatte dabei keine gute Figur gemacht. Mein Selbstbewusstsein war schwer l\u00e4diert. Das wollte ich \u00e4ndern und trainierte das, was in meiner Wohnumgebung m\u00f6glich war: traditionelles Wado-Ryu-Karate. Ich war mit\u2026","rel":"","context":"In &quot;Krav Maga&quot;","block_context":{"text":"Krav Maga","link":"https:\/\/www.bechmann.org\/amphibium\/category\/krav-maga\/"},"img":{"alt_text":"","src":"https:\/\/i0.wp.com\/www.bechmann.org\/amphibium\/wp-content\/uploads\/messer.jpg?resize=350%2C200&ssl=1","width":350,"height":200,"srcset":"https:\/\/i0.wp.com\/www.bechmann.org\/amphibium\/wp-content\/uploads\/messer.jpg?resize=350%2C200&ssl=1 1x, https:\/\/i0.wp.com\/www.bechmann.org\/amphibium\/wp-content\/uploads\/messer.jpg?resize=525%2C300&ssl=1 1.5x, https:\/\/i0.wp.com\/www.bechmann.org\/amphibium\/wp-content\/uploads\/messer.jpg?resize=700%2C400&ssl=1 2x, https:\/\/i0.wp.com\/www.bechmann.org\/amphibium\/wp-content\/uploads\/messer.jpg?resize=1050%2C600&ssl=1 3x"},"classes":[]},{"id":7011,"url":"https:\/\/www.bechmann.org\/amphibium\/der-anfang-so-you-may-walk-in-peace\/","url_meta":{"origin":2365,"position":4},"title":"Der Anfang: &#8222;So you may walk in peace&#8220;","author":"Oliver","date":"2. Januar 2022","format":false,"excerpt":"Krav Maga-Training nahe der Bergfestung Masada. Die israelische Selbstverteidigung Krav Maga wurde f\u00fcrs Milit\u00e4r entwickelt - und bleibt auch in ihrer zivilen Variante eng mit der Armee verkn\u00fcpft Zu Beginn des Jahres 2022 sei an dieser Stelle eine Reportage aus der \"Frankfurter Rundschau\" vom Februar 2003 wiedergegeben, in dem ich\u2026","rel":"","context":"In &quot;Krav Maga&quot;","block_context":{"text":"Krav Maga","link":"https:\/\/www.bechmann.org\/amphibium\/category\/krav-maga\/"},"img":{"alt_text":"","src":"https:\/\/i0.wp.com\/www.bechmann.org\/amphibium\/wp-content\/uploads\/masada_eyal5.jpg?resize=350%2C200&ssl=1","width":350,"height":200,"srcset":"https:\/\/i0.wp.com\/www.bechmann.org\/amphibium\/wp-content\/uploads\/masada_eyal5.jpg?resize=350%2C200&ssl=1 1x, https:\/\/i0.wp.com\/www.bechmann.org\/amphibium\/wp-content\/uploads\/masada_eyal5.jpg?resize=525%2C300&ssl=1 1.5x, https:\/\/i0.wp.com\/www.bechmann.org\/amphibium\/wp-content\/uploads\/masada_eyal5.jpg?resize=700%2C400&ssl=1 2x, https:\/\/i0.wp.com\/www.bechmann.org\/amphibium\/wp-content\/uploads\/masada_eyal5.jpg?resize=1050%2C600&ssl=1 3x"},"classes":[]},{"id":6995,"url":"https:\/\/www.bechmann.org\/amphibium\/mbsr-kurs-stress-und-wie-man-damit-umgeht\/","url_meta":{"origin":2365,"position":5},"title":"MBSR: Stress, und wie man damit umgeht","author":"Oliver","date":"11. Juli 2020","format":false,"excerpt":"Stress, und wie man damit umgeht \u2013 da hilft in gewaltt\u00e4tigen Extremsituationen Krav Maga, im Alltag, in Beruf und Familie jedoch Achtsamkeit in Form des MBSR-Programms. MBSR steht dabei f\u00fcr\u00a0Mindfulness Based Stress Reduction\u00a0\u2013 zu deutsch: Stressbew\u00e4ltigung durch Achtsamkeit. Stress ist urspr\u00fcnglich ein Begriff aus der Werkstoffkunde und wurde sp\u00e4ter in\u2026","rel":"","context":"In &quot;Achtsamkeit&quot;","block_context":{"text":"Achtsamkeit","link":"https:\/\/www.bechmann.org\/amphibium\/category\/achtsamkeit\/"},"img":{"alt_text":"","src":"https:\/\/i0.wp.com\/www.bechmann.org\/amphibium\/wp-content\/uploads\/blog-stimmen.jpg?resize=350%2C200&ssl=1","width":350,"height":200},"classes":[]}],"jetpack_sharing_enabled":true,"_links":{"self":[{"href":"https:\/\/www.bechmann.org\/amphibium\/wp-json\/wp\/v2\/posts\/2365","targetHints":{"allow":["GET"]}}],"collection":[{"href":"https:\/\/www.bechmann.org\/amphibium\/wp-json\/wp\/v2\/posts"}],"about":[{"href":"https:\/\/www.bechmann.org\/amphibium\/wp-json\/wp\/v2\/types\/post"}],"author":[{"embeddable":true,"href":"https:\/\/www.bechmann.org\/amphibium\/wp-json\/wp\/v2\/users\/1"}],"replies":[{"embeddable":true,"href":"https:\/\/www.bechmann.org\/amphibium\/wp-json\/wp\/v2\/comments?post=2365"}],"version-history":[{"count":3,"href":"https:\/\/www.bechmann.org\/amphibium\/wp-json\/wp\/v2\/posts\/2365\/revisions"}],"predecessor-version":[{"id":2377,"href":"https:\/\/www.bechmann.org\/amphibium\/wp-json\/wp\/v2\/posts\/2365\/revisions\/2377"}],"wp:attachment":[{"href":"https:\/\/www.bechmann.org\/amphibium\/wp-json\/wp\/v2\/media?parent=2365"}],"wp:term":[{"taxonomy":"category","embeddable":true,"href":"https:\/\/www.bechmann.org\/amphibium\/wp-json\/wp\/v2\/categories?post=2365"},{"taxonomy":"post_tag","embeddable":true,"href":"https:\/\/www.bechmann.org\/amphibium\/wp-json\/wp\/v2\/tags?post=2365"}],"curies":[{"name":"wp","href":"https:\/\/api.w.org\/{rel}","templated":true}]}}