{"id":2097,"date":"2016-05-30T19:17:00","date_gmt":"2016-05-30T17:17:00","guid":{"rendered":"http:\/\/www.bechmann.org\/amphibium\/?p=2097"},"modified":"2024-04-30T11:35:58","modified_gmt":"2024-04-30T09:35:58","slug":"coyote-mind-kernroutinen-und-kraftplatz","status":"publish","type":"post","link":"https:\/\/www.bechmann.org\/amphibium\/coyote-mind-kernroutinen-und-kraftplatz\/","title":{"rendered":"Coyote Mind: Kernroutinen und Kraftplatz"},"content":{"rendered":"<div style=\"width: 374px\" class=\"wp-caption alignright\"><a href=\"https:\/\/i0.wp.com\/www.bechmann.org\/amphibium\/wp-content\/uploads\/IMG_20170212_2240461.jpg?ssl=1\"><img data-recalc-dims=\"1\" loading=\"lazy\" decoding=\"async\" style=\"background-image: none; padding-top: 0px; padding-left: 0px; margin: 0px 0px 0px 8px; display: inline; padding-right: 0px; border: 0px;\" title=\"IMG_20170212_224046(1)\" src=\"https:\/\/i0.wp.com\/www.bechmann.org\/amphibium\/wp-content\/uploads\/IMG_20170212_2240461_thumb.jpg?resize=364%2C484&#038;ssl=1\" alt=\"IMG_20170212_224046(1)\" width=\"364\" height=\"484\" align=\"right\" border=\"0\" \/><\/a><p class=\"wp-caption-text\">Tattoo: Kojote-Mond-Kaktus<\/p><\/div>\n<p>Zeitlebens habe ich mich am Rande wohl gef\u00fchlt. Ich wollte nie im Mittelpunkt stehen, war als Bub schon recht selbstgen\u00fcgsam, konnte stundenlang alleine in meinem Zimmer spielen, aber ebenso mit den anderen Jungens in den Wald gehen und mit Holzschwertern gegeneinander k\u00e4mpfen oder die Sandgrube so weit wie m\u00f6glich hinunterspringen.<\/p>\n<p>Aber ich musste dabei nie der Star sein. Sp\u00e4ter verbrachte ich einige Jahre im Journalismus \u2013 und diesen Beruf hatte ich durchaus auch vor dem Hintergrund gew\u00e4hlt, als Berichterstatter nicht im Zentrum, sondern am Rande eines Geschehens zu stehen. Es sozusagen vom Seitenaus zu betrachten.<\/p>\n<p>Ich gab diesen Beruf u.a. deswegen auf, weil ich es leid hatte, nur \u00fcber andere zu berichten, die etwas taten. Ich wollte selbst jemand sein, der etwas tut. Das Tun und Sein eine hohe \u00dcbereinstimmung haben. Das f\u00fchrte &#8211; zus\u00e4tzlich zu anderen Gr\u00fcnden &#8211; zu der <a href=\"http:\/\/www.krav-maga-frankfurt.de\/site\" target=\"_blank\" rel=\"noopener noreferrer\">Krav Maga-Schule<\/a>, mit der ich seit mehr als zehn Jahren meinen Lebensunterhalt verdiene. Aber auch diese folgt eher minimalistischen, denn expansiven Kriterien. Und sie existiert eher am Rande des gro\u00dfen Kampfsportget\u00fcmmels, nach den (mitunter eigenwilligen) Regeln, die wir \u2013 <a href=\"https:\/\/www.bechmann.org\/amphibium\/?page_id=2\" target=\"_blank\" rel=\"noopener noreferrer\">Beate und ich<\/a> \u2013 setzen.<\/p>\n<h3>Call of the Wild<\/h3>\n<p>Es ist mir geg\u00f6nnt, auf beeindruckende Leute zu treffen, die ihre Existenz am Rande des Mainstreams etabliert haben, nachdem sie fr\u00fcher oder sp\u00e4ter eine Laufbahn in der b\u00fcrgerlichen Mitte oder Durchnittlichkeit aufgegeben hatten: <a href=\"https:\/\/www.bechmann.org\/amphibium\/?p=1360\" target=\"_blank\" rel=\"noopener noreferrer\">Gangolf, der Hippie<\/a>, der so sehr am Rande lebt und so wenig besitzt, dass er sogar von den deutschen Steuerbeh\u00f6rden in Ruhe gelassen wird; Peter Tesch mit seinen Schlittenhunden (<a href=\"http:\/\/www.husky-tours.net\">www.husky-tours.net<\/a>) und Axel Trapp mit seiner <a href=\"http:\/\/www.wurzeltrapp.de\" target=\"_blank\" rel=\"noopener noreferrer\">Wildnisschule<\/a> etwa\u2026<\/p>\n<p><!--more--><\/p>\n<p>Kann es ein Zufall sein \u2013 im Universum gibt es ja angeblich keine \u2013 dass mich eine Art \u201ccall of the wild\u201d zum <a href=\"http:\/\/www.wurzeltrapp.de\" target=\"_blank\" rel=\"noopener noreferrer\">Wurzeltrapp<\/a> f\u00fchrte? Genauer: Ein \u201cGlobetrotter\u201d-Prospekt, in der eine Wurzeltrapp-Veranstaltung zu den \u201cKernroutinen\u201d des <em>Coyote Mentorings<\/em> aufgelistet war und die ich, einem inneren Ruf folgend, buchte.<\/p>\n<div style=\"width: 654px\" class=\"wp-caption alignnone\"><a href=\"https:\/\/i0.wp.com\/www.bechmann.org\/amphibium\/wp-content\/uploads\/IMG_4583-1.jpg?ssl=1\"><img data-recalc-dims=\"1\" loading=\"lazy\" decoding=\"async\" style=\"background-image: none; padding-top: 0px; padding-left: 0px; display: inline; padding-right: 0px; border-width: 0px;\" title=\"IMG_4583\" src=\"https:\/\/i0.wp.com\/www.bechmann.org\/amphibium\/wp-content\/uploads\/IMG_4583_thumb-1.jpg?resize=625%2C470&#038;ssl=1\" alt=\"IMG_4583\" width=\"625\" height=\"470\" border=\"0\" \/><\/a><p class=\"wp-caption-text\">Tipi im Outdoor-Zentrum Lahntal<\/p><\/div>\n<p>So fand ich mich im Anfang Mai schlie\u00dflich mit Axel Trapp und drei Erzieherinnen eines Waldkindergartens im <a href=\"http:\/\/outdoor-zentrum-lahntal.de\/startseite-ozl.html\" target=\"_blank\" rel=\"noopener noreferrer\">Outdoor-Zentrum Lahntal<\/a> vor einem Tipi (siehe\u00a0 Bild) wieder\u2026 zum ersten Wochenende in puncto \u201cCoyote Teaching :: the Art of Mentoring\u201d wieder\u2026 Naturverst\u00e4ndnis nach indianisch-nativer Art zu erfahren, zu erleben, und zu wiederum vermitteln zu lernen.<\/p>\n<p>Auf <a href=\"http:\/\/www.wurzeltrapp.de\" target=\"_blank\" rel=\"noopener noreferrer\">Axel Trapps Homepage<\/a> hei\u00dft es dazu:<\/p>\n<blockquote><p>Die Kernroutinen, oder auch Herzroutinen der Wildnisp\u00e4dagogik sind uralte \u00fcberlieferte Gewohnheiten der indigenen V\u00f6lker.<\/p><\/blockquote>\n<p>Und:<\/p>\n<blockquote><p>Im Unterschied zu unserem Bildungssystem interessiert hier nicht, wie gut oder wie viele Informationen jemand speichern kann. Es geht um Erfahrungen, Sinne, Wahrnehmung, die Sprache des Herzens, Empathie, heimisch werden an einem Ort\u2026<\/p><\/blockquote>\n<p>Die Kernroutinen sind immer wieder kehrende Standard-Abl\u00e4ufe im Naturerleben, vergleichbar den Finger\u00fcbungen in der Musik. Sie sind weder Unterrichtsstunden noch Kenntnisse, sondern Lerngewohnheiten, die tiefe Verbindungen zur Natur schaffen.<\/p>\n<h3>Wahrnehmen, was verborgen blieb<\/h3>\n<p>Das Ziel beim \u00dcben und Verst\u00e4rken dieser Herzroutinen ist es, so hei\u00dft es, eine auf der Natur basierende Wahrnehmung wieder zur Gewohnheit werden zu lassen. Dabei werden Gehirnmuster geformt, neue angelegt. Die Wahrnehmung \u00e4ndert sich: Man sieht, h\u00f6rt, riecht, f\u00fchlt, was vorher da war &#8211; aber einem verborgen blieb.<\/p>\n<p>Sitzplatz. Sinne erweitern. Geschichte des Tages. Vogelsprache. F\u00e4hrtenlesen. Kartografieren. Herumstreifen. Tiere nachahmen. Mit dem inneren Auge sehen. Survivalfertigkeiten \u00fcben. Dank sagen.<\/p>\n<h3>Kojoten als Grenzg\u00e4nger<\/h3>\n<p>Bestimmungsb\u00fccher etwa, also naturwissenschaftliche Kenntnisse, sind dabei nicht verp\u00f6nt: Die Kojoten-Metapher steht f\u00fcr Grenzg\u00e4nger zwischen Natur und Intuition, Wissenschaft und Fakten. Es geht um Erfahrungs- und Erlebniswissen, <strong>gekoppelt mit Faktenwissen<\/strong>. &#8222;Indem wir den Kojoten als unseren F\u00fchrer annehmen, lernen wir sowohl die wissenschaftliche Landkarte wie auch das Terrain unserer Landschaft kennen,\u201d hei\u00dft es im grundlegenden Werk zur Wildnisp\u00e4dagogik, dem \u201cCoyote-Guide\u201d.<\/p>\n<p>Ich fand im \u201cCoyote Guide\u201d ein Zitat, in dem ich mich beschrieben sah:<\/p>\n<blockquote><p>Die echten Kojoten lauern am Rande der menschlichen Siedlungen, immer gerade au\u00dferhalb unserer Sicht- und Reichweite. Sie halten ihre Augen nach allen Seiten offen, st\u00e4ndig auf der Hut und wachsam gegen\u00fcber potenziellen Gefahren oder Gelegenheiten. So jagen sie, so leben sie &#8211; aufmerksam am Rande.<\/p><\/blockquote>\n<p>Das war er, der \u201ccall of the wild\u201d. Nach dem ersten \u201cKernroutinen\u201d-Wochenende war\u2019s um mich geschehen: Konnte es ein weiterer Zufall sein, das seit Mitte der 80er Jahre ein Kojoten-Tattoo auf meiner rechten Schulter prangt (siehe Bild oben)? Das auf unserem Unimog der Amarok-Wolf aus der Inuit-Sagenwelt zu sehen ist?<\/p>\n<p>Kojoten kenne ich seit ich Karl-May-Romane gelesen habe. Bei Winnetou &amp; Co. kommen sie meistens als &#8222;feige Kojoten&#8220; daher, die den Schwanz einklemmen. Das aber ist offensichtlich arttypisch immer der Fall, und keineswegs ein Zeichen besonderer Feigheit. Erst viel sp\u00e4ter habe ich Erik Zimens Buch &#8222;Der Wolf&#8220; gelesen und begriffen, dass W\u00f6lfe, Kojoten und Schakale gar nicht feig, sondern nur scheu und vorsichtig sind. Und manchmal eben auch listig.<\/p>\n<h3>Ein Ort wie ein bester Freund<\/h3>\n<p>Seit geraumer Zeit schon gehe ich mindestens einmal pro Woche eine Stunde lang auf meinen Sitzplatz. Vorl\u00e4ufer ist eine buddhistische Praxis:\u00a0 In der Achtsamkeits-Meditation gibt es eine \u00dcbung, die \u201cDeveloping Intimacy with a favourite Place\u201d hei\u00dft (siehe \u201c<a href=\"https:\/\/www.amazon.de\/Awake-Wild-Mindfulness-Self-Discovery-Meditations\/dp\/1930722559\/ref=sr_1_1?ie=UTF8&amp;qid=1495136136&amp;sr=8-1&amp;keywords=awake+in+the+wild\" target=\"_blank\" rel=\"noopener noreferrer\">Awake in the Wild<\/a>\u201d von Mark Coleman). Wie \u00e4hnlich! Zitat \u201cCoyote-Guide\u201d:<\/p>\n<blockquote><p>Ein Ort wie ein bester Freund. Alleine und still sitzen, bevor man in spielerischer Weise die Umgebung erkundet. Den Platz als Biotop gut kennen lernen &#8211; B\u00f6den, Pflanzen, Tiere, B\u00e4ume, V\u00f6gel, Wetter &#8211; zu jeder Tages- und Nachtzeit, in jeder Jahreszeit, bei jedem Wetter. Dieser Platz wird zu ihrem Nest, Ihrer Nische, Ihrem Lernort, Ihrem Spielplatz beim Spurensuchen, und auch zu Ihrem R\u00fcckzugsort und Ihrem pers\u00f6nlichen Zentrum f\u00fcr Erneuerung.<\/p><\/blockquote>\n<p>F\u00fcr mich ist der Sitzplatz in der Tat: ein Kraft-Platz. Ein Ort, wo der Kojote <em>lebt<\/em>.<\/p>\n","protected":false},"excerpt":{"rendered":"<p>Zeitlebens habe ich mich am Rande wohl gef\u00fchlt. Ich wollte nie im Mittelpunkt stehen, war als Bub schon recht selbstgen\u00fcgsam, konnte stundenlang alleine in meinem Zimmer spielen, aber ebenso mit den anderen Jungens in den Wald gehen und mit Holzschwertern gegeneinander k\u00e4mpfen oder die Sandgrube so weit wie m\u00f6glich hinunterspringen. Aber ich musste dabei nie [&hellip;]<\/p>\n","protected":false},"author":1,"featured_media":0,"comment_status":"open","ping_status":"open","sticky":false,"template":"","format":"standard","meta":{"jetpack_post_was_ever_published":false,"_jetpack_newsletter_access":"","_jetpack_dont_email_post_to_subs":false,"_jetpack_newsletter_tier_id":0,"_jetpack_memberships_contains_paywalled_content":false,"_jetpack_memberships_contains_paid_content":false,"footnotes":"","jetpack_publicize_message":"","jetpack_publicize_feature_enabled":true,"jetpack_social_post_already_shared":true,"jetpack_social_options":{"image_generator_settings":{"template":"highway","default_image_id":0,"font":"","enabled":false},"version":2}},"categories":[270],"tags":[274,271],"class_list":["post-2097","post","type-post","status-publish","format-standard","hentry","category-coyote-mentoring","tag-sitzplatz","tag-wildnispaedagogik"],"jetpack_publicize_connections":[],"jetpack_featured_media_url":"","jetpack_shortlink":"https:\/\/wp.me\/p4DyUk-xP","jetpack-related-posts":[{"id":2089,"url":"https:\/\/www.bechmann.org\/amphibium\/coyote-mentoring-ein-kreis-schliet-sich\/","url_meta":{"origin":2097,"position":0},"title":"Coyote Mentoring: Ein Kreis schlie\u00dft sich","author":"Oliver","date":"27. Februar 2017","format":false,"excerpt":"Mit dem Gel\u00e4nde-Reisemobil unterwegs zu sein, bedeutet, nah dran sein zu wollen. Intensiv zu (er-)leben. Kontakt zur Umgebung zu haben. Sich nicht abzuschlie\u00dfen. Mit einem Reisemobil verschanzt man sich in der Regel nicht auf einem Campingplatz, sondern sucht freie Stellpl\u00e4tze. Sucht Natur. Sucht N\u00e4he. Und man lebt in einem Reisemobil\u2026","rel":"","context":"In &quot;Coyote Mentoring&quot;","block_context":{"text":"Coyote Mentoring","link":"https:\/\/www.bechmann.org\/amphibium\/category\/coyote-mentoring\/"},"img":{"alt_text":"Coyote Mentoring: Laubh\u00fctte","src":"https:\/\/i0.wp.com\/www.bechmann.org\/amphibium\/wp-content\/uploads\/IMG_20170225_152236.jpg?resize=350%2C200","width":350,"height":200,"srcset":"https:\/\/i0.wp.com\/www.bechmann.org\/amphibium\/wp-content\/uploads\/IMG_20170225_152236.jpg?resize=350%2C200 1x, https:\/\/i0.wp.com\/www.bechmann.org\/amphibium\/wp-content\/uploads\/IMG_20170225_152236.jpg?resize=525%2C300 1.5x, https:\/\/i0.wp.com\/www.bechmann.org\/amphibium\/wp-content\/uploads\/IMG_20170225_152236.jpg?resize=700%2C400 2x"},"classes":[]},{"id":2095,"url":"https:\/\/www.bechmann.org\/amphibium\/coyote-mentoring-am-sitzplatz\/","url_meta":{"origin":2097,"position":1},"title":"Coyote Mentoring: am Sitzplatz","author":"Oliver","date":"8. M\u00e4rz 2017","format":false,"excerpt":"Das erste Modul unserer Ausbildung zum Wildnisp\u00e4dagogen nach Art des \"Coyote Mentorings\" liegt rund eine Woche zur\u00fcck. Wir brennen darauf, loszulegen und die erworbenen Kenntnisse anzuwenden. Vor allem nat\u00fcrlich, die Sitzplatz-Kernroutine zu etablieren. Den Sitzplatz soll man zu allen Jahreszeiten, allen Tageszeiten, bei jedem Wetter mindestens einmal pro Woche eine\u2026","rel":"","context":"In &quot;Coyote Mentoring&quot;","block_context":{"text":"Coyote Mentoring","link":"https:\/\/www.bechmann.org\/amphibium\/category\/coyote-mentoring\/"},"img":{"alt_text":"","src":"https:\/\/i0.wp.com\/www.bechmann.org\/amphibium\/wp-content\/uploads\/IMG_20170315_185209-1024x768.jpg?resize=350%2C200","width":350,"height":200,"srcset":"https:\/\/i0.wp.com\/www.bechmann.org\/amphibium\/wp-content\/uploads\/IMG_20170315_185209-1024x768.jpg?resize=350%2C200 1x, https:\/\/i0.wp.com\/www.bechmann.org\/amphibium\/wp-content\/uploads\/IMG_20170315_185209-1024x768.jpg?resize=525%2C300 1.5x, https:\/\/i0.wp.com\/www.bechmann.org\/amphibium\/wp-content\/uploads\/IMG_20170315_185209-1024x768.jpg?resize=700%2C400 2x"},"classes":[]},{"id":2562,"url":"https:\/\/www.bechmann.org\/amphibium\/coyote-mentoring-schluss-mit-dem-wilden-jahr\/","url_meta":{"origin":2097,"position":2},"title":"Coyote Mentoring: Schluss mit dem wilden Jahr!","author":"Oliver","date":"17. Dezember 2017","format":false,"excerpt":"Ende und Anfang. Nach dem Acht-Schilde-Modell ist alles ein Kreislauf, kein Anfang, kein Ende; kein Ende, kein Anfang. F\u00fcr die frischgebackenen Coyote Mentoren ist das \u201cwilde\u201d Jahr vorbei, sie werden im sechsten und abschlie\u00dfenden Modul der Wildnisp\u00e4dagogik-Ausbildung \u201causgewildert\u201d in einen neuen Anfang. Walk on your own feet. Zuvor stellten wir\u2026","rel":"","context":"In &quot;Coyote Mentoring&quot;","block_context":{"text":"Coyote Mentoring","link":"https:\/\/www.bechmann.org\/amphibium\/category\/coyote-mentoring\/"},"img":{"alt_text":"P1070320 (2)","src":"https:\/\/i0.wp.com\/www.bechmann.org\/amphibium\/wp-content\/uploads\/P1070320-2_thumb.jpg?resize=350%2C200","width":350,"height":200,"srcset":"https:\/\/i0.wp.com\/www.bechmann.org\/amphibium\/wp-content\/uploads\/P1070320-2_thumb.jpg?resize=350%2C200 1x, https:\/\/i0.wp.com\/www.bechmann.org\/amphibium\/wp-content\/uploads\/P1070320-2_thumb.jpg?resize=525%2C300 1.5x, https:\/\/i0.wp.com\/www.bechmann.org\/amphibium\/wp-content\/uploads\/P1070320-2_thumb.jpg?resize=700%2C400 2x, https:\/\/i0.wp.com\/www.bechmann.org\/amphibium\/wp-content\/uploads\/P1070320-2_thumb.jpg?resize=1050%2C600 3x, https:\/\/i0.wp.com\/www.bechmann.org\/amphibium\/wp-content\/uploads\/P1070320-2_thumb.jpg?resize=1400%2C800 4x"},"classes":[]},{"id":8502,"url":"https:\/\/www.bechmann.org\/amphibium\/namibia-iii-xv-mariental-mesosaurus-fossil-camp\/","url_meta":{"origin":2097,"position":3},"title":"Mariental &amp; Mesosaurus Fossil Camp: Blah-blah in Beep-beep","author":"Oliver","date":"19. Februar 2024","format":false,"excerpt":"Morgend\u00e4mmerung im Mesosaurus Fossil Camp Auf Reisen gibt es nat\u00fcrlich auch allt\u00e4gliche Vorg\u00e4nge, so was wie einen Haushalt; und wie man sich eben im Alltag um Einkauf und Versorgung zu k\u00fcmmern hat, so gilt dies eben auch f\u00fcr den Reise-Alltag. Nur, dass Fahrzeug und Unterkunft nicht getrennt, sondern eins sind.\u2026","rel":"","context":"In &quot;Achtsamkeit in der Wildnis&quot;","block_context":{"text":"Achtsamkeit in der Wildnis","link":"https:\/\/www.bechmann.org\/amphibium\/category\/achtsamkeit-in-der-wildnis\/"},"img":{"alt_text":"","src":"https:\/\/i0.wp.com\/www.bechmann.org\/amphibium\/wp-content\/uploads\/20240220_060635.jpg?resize=350%2C200&ssl=1","width":350,"height":200,"srcset":"https:\/\/i0.wp.com\/www.bechmann.org\/amphibium\/wp-content\/uploads\/20240220_060635.jpg?resize=350%2C200&ssl=1 1x, https:\/\/i0.wp.com\/www.bechmann.org\/amphibium\/wp-content\/uploads\/20240220_060635.jpg?resize=525%2C300&ssl=1 1.5x, https:\/\/i0.wp.com\/www.bechmann.org\/amphibium\/wp-content\/uploads\/20240220_060635.jpg?resize=700%2C400&ssl=1 2x, https:\/\/i0.wp.com\/www.bechmann.org\/amphibium\/wp-content\/uploads\/20240220_060635.jpg?resize=1050%2C600&ssl=1 3x, https:\/\/i0.wp.com\/www.bechmann.org\/amphibium\/wp-content\/uploads\/20240220_060635.jpg?resize=1400%2C800&ssl=1 4x"},"classes":[]},{"id":2163,"url":"https:\/\/www.bechmann.org\/amphibium\/coyote-mentoring-am-see-mit-anderer-sicht\/","url_meta":{"origin":2097,"position":4},"title":"Coyote Mentoring: Am See, mit anderer Sicht","author":"Oliver","date":"11. Juni 2017","format":false,"excerpt":"Wie sehr die Ausbildung in der Wildnisp\u00e4dagogik, im Coyote Mentoring, doch die Sinne sch\u00e4rft! Ich kletterte aus dem Fernreisemobil, und sofort erfasste mich ein kleiner Wind, der mich sanft umh\u00fcllte, und ich sp\u00fcrte ihn sofort. Ich h\u00f6re immer die Elstern, immer die Elstern... und kann mittlerweile deren Ruf von dem\u2026","rel":"","context":"In &quot;Coyote Mentoring&quot;","block_context":{"text":"Coyote Mentoring","link":"https:\/\/www.bechmann.org\/amphibium\/category\/coyote-mentoring\/"},"img":{"alt_text":"","src":"https:\/\/i0.wp.com\/www.bechmann.org\/amphibium\/wp-content\/uploads\/IMG_20170610_1340322.jpg?resize=350%2C200","width":350,"height":200,"srcset":"https:\/\/i0.wp.com\/www.bechmann.org\/amphibium\/wp-content\/uploads\/IMG_20170610_1340322.jpg?resize=350%2C200 1x, https:\/\/i0.wp.com\/www.bechmann.org\/amphibium\/wp-content\/uploads\/IMG_20170610_1340322.jpg?resize=525%2C300 1.5x, https:\/\/i0.wp.com\/www.bechmann.org\/amphibium\/wp-content\/uploads\/IMG_20170610_1340322.jpg?resize=700%2C400 2x, https:\/\/i0.wp.com\/www.bechmann.org\/amphibium\/wp-content\/uploads\/IMG_20170610_1340322.jpg?resize=1050%2C600 3x, https:\/\/i0.wp.com\/www.bechmann.org\/amphibium\/wp-content\/uploads\/IMG_20170610_1340322.jpg?resize=1400%2C800 4x"},"classes":[]},{"id":1854,"url":"https:\/\/www.bechmann.org\/amphibium\/ankommen-abfahren-freude-wehmut\/","url_meta":{"origin":2097,"position":5},"title":"Ankommen \/ Abfahren &#8211; Freude \/ Wehmut","author":"Oliver","date":"23. Dezember 2016","format":false,"excerpt":"Die Altstadt Salamancas bleibt unbesucht. Es ist so was von neblig, dass ich zwar nahe ans Stadtzentrum fahre, einen guten Standplatz auf dem Parkplatz einer Schule finde - aber dennoch eine Kehrtwende einlege: Die sch\u00f6ne Altstadt verdient Bewunderung bei W\u00e4rme und guter Laune, nicht im neblig-Tr\u00fcben, Klammen, Kalten. Schade: Salamanca\u2026","rel":"","context":"In &quot;Land&quot;","block_context":{"text":"Land","link":"https:\/\/www.bechmann.org\/amphibium\/category\/land\/"},"img":{"alt_text":"","src":"https:\/\/i0.wp.com\/www.bechmann.org\/amphibium\/wp-content\/uploads\/wp-image-1617395138jpg.jpg?resize=350%2C200","width":350,"height":200,"srcset":"https:\/\/i0.wp.com\/www.bechmann.org\/amphibium\/wp-content\/uploads\/wp-image-1617395138jpg.jpg?resize=350%2C200 1x, https:\/\/i0.wp.com\/www.bechmann.org\/amphibium\/wp-content\/uploads\/wp-image-1617395138jpg.jpg?resize=525%2C300 1.5x, https:\/\/i0.wp.com\/www.bechmann.org\/amphibium\/wp-content\/uploads\/wp-image-1617395138jpg.jpg?resize=700%2C400 2x, https:\/\/i0.wp.com\/www.bechmann.org\/amphibium\/wp-content\/uploads\/wp-image-1617395138jpg.jpg?resize=1050%2C600 3x, https:\/\/i0.wp.com\/www.bechmann.org\/amphibium\/wp-content\/uploads\/wp-image-1617395138jpg.jpg?resize=1400%2C800 4x"},"classes":[]}],"jetpack_sharing_enabled":true,"_links":{"self":[{"href":"https:\/\/www.bechmann.org\/amphibium\/wp-json\/wp\/v2\/posts\/2097","targetHints":{"allow":["GET"]}}],"collection":[{"href":"https:\/\/www.bechmann.org\/amphibium\/wp-json\/wp\/v2\/posts"}],"about":[{"href":"https:\/\/www.bechmann.org\/amphibium\/wp-json\/wp\/v2\/types\/post"}],"author":[{"embeddable":true,"href":"https:\/\/www.bechmann.org\/amphibium\/wp-json\/wp\/v2\/users\/1"}],"replies":[{"embeddable":true,"href":"https:\/\/www.bechmann.org\/amphibium\/wp-json\/wp\/v2\/comments?post=2097"}],"version-history":[{"count":10,"href":"https:\/\/www.bechmann.org\/amphibium\/wp-json\/wp\/v2\/posts\/2097\/revisions"}],"predecessor-version":[{"id":2146,"href":"https:\/\/www.bechmann.org\/amphibium\/wp-json\/wp\/v2\/posts\/2097\/revisions\/2146"}],"wp:attachment":[{"href":"https:\/\/www.bechmann.org\/amphibium\/wp-json\/wp\/v2\/media?parent=2097"}],"wp:term":[{"taxonomy":"category","embeddable":true,"href":"https:\/\/www.bechmann.org\/amphibium\/wp-json\/wp\/v2\/categories?post=2097"},{"taxonomy":"post_tag","embeddable":true,"href":"https:\/\/www.bechmann.org\/amphibium\/wp-json\/wp\/v2\/tags?post=2097"}],"curies":[{"name":"wp","href":"https:\/\/api.w.org\/{rel}","templated":true}]}}