{"id":2011,"date":"2017-01-15T23:28:00","date_gmt":"2017-01-15T22:28:00","guid":{"rendered":"http:\/\/www.bechmann.org\/amphibium\/?p=2011"},"modified":"2017-06-17T12:45:16","modified_gmt":"2017-06-17T10:45:16","slug":"vor-und-nach-reiter","status":"publish","type":"post","link":"https:\/\/www.bechmann.org\/amphibium\/vor-und-nach-reiter\/","title":{"rendered":"Vor- und Nach-Reiter"},"content":{"rendered":"<div style=\"width: 654px\" class=\"wp-caption alignnone\"><a href=\"https:\/\/i0.wp.com\/www.bechmann.org\/amphibium\/wp-content\/uploads\/IMG_1013.jpg?ssl=1\"><img data-recalc-dims=\"1\" loading=\"lazy\" decoding=\"async\" style=\"background-image: none; padding-top: 0px; padding-left: 0px; display: inline; padding-right: 0px; border-width: 0px;\" title=\"IMG_1013\" src=\"https:\/\/i0.wp.com\/www.bechmann.org\/amphibium\/wp-content\/uploads\/IMG_1013_thumb.jpg?resize=625%2C418&#038;ssl=1\" alt=\"IMG_1013\" width=\"625\" height=\"418\" border=\"0\" \/><\/a><p class=\"wp-caption-text\">Beate und Oliver B. &#8211; wohnhaft \u00dcberall, Gr\u00fcnimoghausen.<\/p><\/div>\n<p>Es geht zur\u00fcck, unweigerlich. Nach dem <a href=\"https:\/\/www.bechmann.org\/amphibium\/?p=1997\">Kayak-\u00a0 und dem Strand-Tag am Praia de Albandeira<\/a> n\u00e4chtigten wir am <a href=\"https:\/\/www.google.de\/maps\/place\/Praia+da+Fal%C3%A9sia\/@37.0817162,-8.1897854,13z\/data=!4m5!3m4!1s0x0:0x8d275b4ac2580492!8m2!3d37.0865768!4d-8.1682491\" target=\"_blank\">Praia de Falesia<\/a> (genauer: am <a href=\"https:\/\/www.google.de\/maps\/place\/Praia+dos+Tomates\/@37.0817162,-8.1897854,13z\/data=!4m5!3m4!1s0x0:0xefc38332c9acd9d5!8m2!3d37.0787195!4d-8.1424999\" target=\"_blank\">Praia dos Tomates<\/a>), einige Kilometer weiter in Richtung <a href=\"https:\/\/de.wikipedia.org\/wiki\/Faro\" target=\"_blank\">Faro<\/a>. Dort droht der Flughafen.<\/p>\n<p>Und damit Beates R\u00fcck-Flug, und meine damit einhergehende R\u00fcck-Fahrt. Am Praia de Falesia sind wir nicht nur dem Flughafen nahe und k\u00f6nnen diesen am Folgetag in 40 Minuten erreichen, sondern auch mehr denn je dem Touristenrummel \u2013 zwischen Albufeira und Faro reiht sich ein Hotel ans andere, ein Club an den anderen, gibt es kaum L\u00fccken zwischen Restaurants und Bars&#8230;<\/p>\n<div id=\"attachment_2024\" style=\"width: 2010px\" class=\"wp-caption alignnone\"><a href=\"https:\/\/i0.wp.com\/www.bechmann.org\/amphibium\/wp-content\/uploads\/wp-image-544159100jpg.jpg?ssl=1\"><img data-recalc-dims=\"1\" loading=\"lazy\" decoding=\"async\" aria-describedby=\"caption-attachment-2024\" data-attachment-id=\"2024\" data-permalink=\"https:\/\/www.bechmann.org\/amphibium\/vor-und-nach-reiter\/wp-image-544159100jpg-jpg\/\" data-orig-file=\"https:\/\/i0.wp.com\/www.bechmann.org\/amphibium\/wp-content\/uploads\/wp-image-544159100jpg.jpg?fit=2000%2C1500&amp;ssl=1\" data-orig-size=\"2000,1500\" data-comments-opened=\"0\" data-image-meta=\"{&quot;aperture&quot;:&quot;0&quot;,&quot;credit&quot;:&quot;&quot;,&quot;camera&quot;:&quot;&quot;,&quot;caption&quot;:&quot;&quot;,&quot;created_timestamp&quot;:&quot;0&quot;,&quot;copyright&quot;:&quot;&quot;,&quot;focal_length&quot;:&quot;0&quot;,&quot;iso&quot;:&quot;0&quot;,&quot;shutter_speed&quot;:&quot;0&quot;,&quot;title&quot;:&quot;&quot;,&quot;orientation&quot;:&quot;0&quot;}\" data-image-title=\"wp-image-544159100jpg.jpg\" data-image-description=\"\" data-image-caption=\"\" data-large-file=\"https:\/\/i0.wp.com\/www.bechmann.org\/amphibium\/wp-content\/uploads\/wp-image-544159100jpg.jpg?fit=625%2C469&amp;ssl=1\" class=\"wp-image-2024 size-full\" src=\"https:\/\/i0.wp.com\/www.bechmann.org\/amphibium\/wp-content\/uploads\/wp-image-544159100jpg.jpg?resize=625%2C469&#038;ssl=1\" width=\"625\" height=\"469\" \/><\/a><p id=\"caption-attachment-2024\" class=\"wp-caption-text\">Gr\u00fcnimog &#8211; allein auf weiter Flur.<\/p><\/div>\n<p>Der Gr\u00fcnimog, wie wir unser Fahrzeug gerne titulieren, steht wie ein urzeitliches Monster auf einem gro\u00dfen Parkplatz hinter den Strand-Klippen; ansonsten wird dieser von wei\u00dfen Plastikmobilen beherrscht, darunter auch der ein oder andere Luxusliner. U.a. der, den wir schon in Lagos hinter der Marina sahen: Dort hatte ihn sein Besitzer fein s\u00e4uberlich mit Dutzenden Litern Wasser und einem Schrubber geputzt.<\/p>\n<p>Wasser scheint das Fahrzeug also im \u00dcberfluss an Bord zu haben, nicht aber gen\u00fcgend Strom f\u00fcr das, was er konsumiert \u2013 den wie k\u00f6nnte es sein, dass es einen lautstarken Benzin-Stromgenerator sonst br\u00e4uchte? Wir hingegen sind seit nunmehr vier bis f\u00fcnf Wochen unterwegs und haben nicht einmal Landstrom gezapft. Lichtmaschine und Solarpanels sei Dank \u2013 und dass wir ressourcensparend agieren.<\/p>\n<h3>Ressourcen sind kostbar<\/h3>\n<p>Den eigentlich ist der Unimog klein (na, sagen wir: kompakt) und alle Ressourcenspeicher sind knapp dimensioniert: egal, ob die f\u00fcr Diesel, Strom oder Wasser. Also gehen wir sparsam mit diesen kostbaren G\u00fctern um. Bei einer W\u00fcstenfahrt kann man eben unterwegs nicht nachtanken; und unsere Mentalit\u00e4t n\u00e4hert sich nach zwei Marokko-Fahrten der eines Beduinen (Dazu ein andermal mehr in einem eigenen Beitrag).<br \/>\n<!--more--><br \/>\n<span style=\"font-size: small;\">(Abgesehen davon sind offizielle Womo-Stellpl\u00e4tze, die man ja manchmal wegen Ver- und Entsorgung anfahren muss, meist unertr\u00e4glich \u2013 ich verstehe nicht, wie man sich in Lagos auf diese Schottersteinw\u00fcste nahe des Fu\u00dfballstadions inmitten des Stra\u00dfenl\u00e4rms stellen kann. Und auch wenn der Campingplatz Trindade mitten in der Stadt das Doppelte kosten mag, so ist er doch eine Oase der Ruhe und obendrein ganz h\u00fcbsch mit seinen Hecken und Eukalyptusb\u00e4umen. Abgesehen davon steht man zwischen Marina und Strand am allerbesten; und einen Geheimtipp kann man das auch nicht nennen).<\/span><\/p>\n<h3>Megaliner und Solapanels<\/h3>\n<p>Viele Plastik-Wohnmobile scheinen so konstruiert zu sein, dass sie den heimischen Luxus und Lebensstil einfach nur auf vier oder mehr R\u00e4der stellen. Nicht ohne meine Satellitensch\u00fcssel! \u2026 scheint das Motto zu sein. Verwunderlich, dass die Solarfl\u00e4chen auf diesen hunderttausende Euro teuren Megalinern nicht analog zu deren Strom-Konsumption gebaut sind. Und dass sie immer Lackierungen von Touareg-Karawanen hinten drauf haben.<\/p>\n<p><span style=\"font-size: small;\">(Vielleicht ist es das, was ich am Gr\u00fcnimog so mag: Dass er so verdammt unvollkommen ist. Das hilft, agil und wach zu bleiben.)<\/span><\/p>\n<h3>Wohnmobiltechnik und Webdesign<\/h3>\n<p>Nach dem Abschied von Beate am Flughafen fuhr ich auf den Stellplatz zur\u00fcck, um vor der Abfahrt den Gr\u00fcnimog zu checken und noch ein bisschen Ruhe zu haben. Und siehe da: Andr\u00e9 von <a href=\"http:\/\/www.amumot.de\">www.amumot.de<\/a>, dem ich ein St\u00fcckweit hinterher gefahren bin, bevor ich Beate in Lissabon vor drei Wochen vom Flughafen abholte, und seine Freundin Tanja von <a href=\"http:\/\/www.crosli.de\">www.crosli.de<\/a> stehen nunmehr auf dem Platz!<\/p>\n<p>Beide kenne ich bislang nicht pers\u00f6nlich \u2013 nur ihre Blogs und ihre Tipps. Andr\u00e9 verdient sich seinen Lebensunterhalt mit <a href=\"http:\/\/www.amumot.de\" target=\"_blank\">Wohnmobiltechnik<\/a>, Tanja den ihren mit <a href=\"http:\/\/www.crosli.de\" target=\"_blank\">Webdesign und Online-Marketing<\/a>. Beide leben dauerhaft in ihren Fahrzeugen. In gewisser Hinsicht bin ich den beiden seit der franz\u00f6sisch-spanischen Grenze nachgefahren \u2013 von <a href=\"https:\/\/www.bechmann.org\/amphibium\/?p=1854\">Salamanca<\/a> und Baskenland (<a href=\"https:\/\/www.bechmann.org\/amphibium\/?p=1850\">Zegama<\/a>) \u00fcber Stausee und <a href=\"https:\/\/www.bechmann.org\/amphibium\/?p=1854\">Barril de Alva<\/a> bis zum <a href=\"https:\/\/www.bechmann.org\/amphibium\/?p=1882\">Campingplatz in Lissabon<\/a>.<\/p>\n<h3>Das Universum kennt keine Zuf\u00e4lle<\/h3>\n<p>Schierer Pragmatismus: Unsere Portugal-Reise war so gut wie gar nicht vorbereitet, und da erwies sich Andr\u00e9s Blog, in dem er seine nahezu zeitgleiche Tour zum \u00dcberwintern in Portugal beschrieb, als fantastische Quelle. Also besuchte ich ihn heute kurz in seinem \u201ctiny truck\u201d, der sein Zuhause darstellt und bedankte mich. Leider musste ich dann los gen Rhein-Main; so musste ein l\u00e4ngeres Gespr\u00e4ch ausbleiben.<\/p>\n<p>An der S\u00fcdk\u00fcste waren wir aneinander vorbeigefahren. Er in Boca do Rio, wir am <a href=\"https:\/\/www.bechmann.org\/amphibium\/?p=1951\">Praia de Ingrina<\/a>. Er in Albufeira, wir in <a href=\"https:\/\/www.bechmann.org\/amphibium\/?p=1918\">Sagres<\/a>. Er in Sagres, wir in <a href=\"https:\/\/www.bechmann.org\/amphibium\/?p=1985\">Armacao de Pera<\/a>. Und dann ein Aufeinandertreffen zuf\u00e4llig an einem Parkplatz am Praia de Falesia.<\/p>\n<div style=\"width: 654px\" class=\"wp-caption alignnone\"><a href=\"https:\/\/i0.wp.com\/www.bechmann.org\/amphibium\/wp-content\/uploads\/IMG_20170115_074742.jpg?ssl=1\"><img data-recalc-dims=\"1\" loading=\"lazy\" decoding=\"async\" style=\"background-image: none; padding-top: 0px; padding-left: 0px; display: inline; padding-right: 0px; border-width: 0px;\" title=\"IMG_20170115_074742\" src=\"https:\/\/i0.wp.com\/www.bechmann.org\/amphibium\/wp-content\/uploads\/IMG_20170115_074742_thumb.jpg?resize=625%2C470&#038;ssl=1\" alt=\"IMG_20170115_074742\" width=\"625\" height=\"470\" border=\"0\" \/><\/a><p class=\"wp-caption-text\">Angler am Praia dos Tomatoes.<\/p><\/div>\n<p>Da am Strand unerwartet ein Angelwettbewerb stattfand, war ich seit sechs Uhr wach \u2013 da fuhr Auto um Auto samt schwer f\u00fcr den Fischfang ger\u00fcsteten Anglern vor. Sp\u00e4testens seit den B\u00f6llersch\u00fcssen, mit denen anscheinend der Wettkampf er\u00f6ffnet wurde, dachte ich, alle in ihren Wohnmobilen m\u00fcssten wach sein\u2026 Ich klopfte also an. Hundegebell, ein verschlafen wirkender Amumot-Andr\u00e9 \u00f6ffnete.<\/p>\n<p>Wie mein Fahr-Lehrer Andr\u00e9 Schwartz von <a href=\"http:\/\/www.eineweltreisen.org\" target=\"_blank\">EIne Welt Reisen<\/a> formuliert, habe ich dann den \u201cRiemen auf die Orgel\u201d geschmissen und bin abgedampft. Mautstrecken vermeidend, war mir eine wundersch\u00f6ne Route inmitten von Korkeichen- und Eukalyptusw\u00e4ldern, Oliven- und Orangenhainen, Weinst\u00f6cken, schwarzen Schweinen und braunen Rindern (sowie plattgefahrenen Marder-Leichen) geg\u00f6nnt.<\/p>\n<p>Irgendwann, auf der Landstra\u00dfe, portugiesisch-spanische Grenze: Extremadura, wo ich noch nie war. Dann Badajoz, dann Caceres. Dann Autobahn. Dann <a href=\"https:\/\/www.bechmann.org\/amphibium\/?p=1850\">Salamanca<\/a>. Morgen rund 600 Kilometer in rund neun Stunden Fahrt. Bis vor die spanisch-franz\u00f6sische Grenze. \u00dcbernachten am Stausee bei Vitoria vielleicht? Oder wieder <a href=\"https:\/\/www.bechmann.org\/amphibium\/?p=1850\">Zegama<\/a>?<\/p>\n<hr \/>\n<p>P.S. Unsere Reise-Route ab Lissabon ist Steffi von <a href=\"http:\/\/www.keine-eile.de\" target=\"_blank\">keine-eile.de<\/a> (bzw. <a href=\"http:\/\/www.algarve-pur.de\" target=\"_blank\">algarve-pur.de<\/a>) geschuldet; d.h. genauer: Ihren Blogs wie ihrem <a href=\"https:\/\/www.algarve-pur.de\/produkt\/roadtrip-algarve-westkueste-wohnmobil\/\" target=\"_blank\">eBook zur Algarve<\/a>\u00a0 Kann ich empfehlen, wer sich f\u00fcr einen Roadtrip in die Gegend interessiert, dem sei das PDF-Heft ans Herz gelegt.<\/p>\n","protected":false},"excerpt":{"rendered":"<p>Es geht zur\u00fcck, unweigerlich. Nach dem Kayak-\u00a0 und dem Strand-Tag am Praia de Albandeira n\u00e4chtigten wir am Praia de Falesia (genauer: am Praia dos Tomates), einige Kilometer weiter in Richtung Faro. Dort droht der Flughafen. Und damit Beates R\u00fcck-Flug, und meine damit einhergehende R\u00fcck-Fahrt. Am Praia de Falesia sind wir nicht nur dem Flughafen nahe [&hellip;]<\/p>\n","protected":false},"author":1,"featured_media":0,"comment_status":"open","ping_status":"open","sticky":false,"template":"","format":"standard","meta":{"jetpack_post_was_ever_published":false,"_jetpack_newsletter_access":"","_jetpack_dont_email_post_to_subs":true,"_jetpack_newsletter_tier_id":0,"_jetpack_memberships_contains_paywalled_content":false,"_jetpack_memberships_contains_paid_content":false,"footnotes":"","jetpack_publicize_message":"","jetpack_publicize_feature_enabled":true,"jetpack_social_post_already_shared":true,"jetpack_social_options":{"image_generator_settings":{"template":"highway","default_image_id":0,"font":"","enabled":false},"version":2}},"categories":[2],"tags":[264,266,261,262,263,265],"class_list":["post-2011","post","type-post","status-publish","format-standard","hentry","category-land","tag-albufeira","tag-algarve-pur-de","tag-amumot-de","tag-crosli-de","tag-faro","tag-keine-eile-de"],"jetpack_publicize_connections":[],"jetpack_featured_media_url":"","jetpack_shortlink":"https:\/\/wp.me\/p4DyUk-wr","jetpack-related-posts":[{"id":1918,"url":"https:\/\/www.bechmann.org\/amphibium\/neujahr-am-ende-der-welt\/","url_meta":{"origin":2011,"position":0},"title":"Neujahr am Ende der Welt","author":"Oliver","date":"2. Januar 2017","format":false,"excerpt":"Wir sind am Ende. Am Ende der Welt, also dort, wo einen ein Unimog hintragen kann! Zumindest der Welt von Christoph Kolumbus zu seinen Zeiten. Sagres mit dem Leuchtturm am Cabo Sao Vicente ist der s\u00fcdwestlichste Zipfel Europas \u2013 ab dann kam nur Atlantik, die Azoren, und dann\u2026 Amerika. Damit\u2026","rel":"","context":"In &quot;Land&quot;","block_context":{"text":"Land","link":"https:\/\/www.bechmann.org\/amphibium\/category\/land\/"},"img":{"alt_text":"","src":"https:\/\/i0.wp.com\/www.bechmann.org\/amphibium\/wp-content\/uploads\/IMG_20170102_080145.jpg?resize=350%2C200","width":350,"height":200,"srcset":"https:\/\/i0.wp.com\/www.bechmann.org\/amphibium\/wp-content\/uploads\/IMG_20170102_080145.jpg?resize=350%2C200 1x, https:\/\/i0.wp.com\/www.bechmann.org\/amphibium\/wp-content\/uploads\/IMG_20170102_080145.jpg?resize=525%2C300 1.5x, https:\/\/i0.wp.com\/www.bechmann.org\/amphibium\/wp-content\/uploads\/IMG_20170102_080145.jpg?resize=700%2C400 2x"},"classes":[]},{"id":2772,"url":"https:\/\/www.bechmann.org\/amphibium\/freiheits-postulat-neo-imperialismus\/","url_meta":{"origin":2011,"position":1},"title":"Freiheits-Postulat &amp; Neo-Imperialismus","author":"Oliver","date":"17. Januar 2018","format":false,"excerpt":"Leinen los zur rechten Zeit: Die Praia da Marinha verlie\u00dfen wir am Dienstag Mittag offensichtlich rechtzeitig \u2013 ein oder zwei Tage sp\u00e4ter wurden die dort frei stehenden Wohnmobilisten von den portugiesischen Ordnungsh\u00fctern verscheucht und Erdw\u00e4lle aufgesch\u00fcttet, um den Zugang zum Gel\u00e4nde oberhalb der Klippen des Strandes zu versperren. Solcherlei kommt\u2026","rel":"","context":"In &quot;Land&quot;","block_context":{"text":"Land","link":"https:\/\/www.bechmann.org\/amphibium\/category\/land\/"},"img":{"alt_text":"","src":"https:\/\/i0.wp.com\/www.bechmann.org\/amphibium\/wp-content\/uploads\/img_20180117_155426-960937178.jpg?resize=350%2C200","width":350,"height":200,"srcset":"https:\/\/i0.wp.com\/www.bechmann.org\/amphibium\/wp-content\/uploads\/img_20180117_155426-960937178.jpg?resize=350%2C200 1x, https:\/\/i0.wp.com\/www.bechmann.org\/amphibium\/wp-content\/uploads\/img_20180117_155426-960937178.jpg?resize=525%2C300 1.5x, https:\/\/i0.wp.com\/www.bechmann.org\/amphibium\/wp-content\/uploads\/img_20180117_155426-960937178.jpg?resize=700%2C400 2x, https:\/\/i0.wp.com\/www.bechmann.org\/amphibium\/wp-content\/uploads\/img_20180117_155426-960937178.jpg?resize=1050%2C600 3x, https:\/\/i0.wp.com\/www.bechmann.org\/amphibium\/wp-content\/uploads\/img_20180117_155426-960937178.jpg?resize=1400%2C800 4x"},"classes":[]},{"id":1890,"url":"https:\/\/www.bechmann.org\/amphibium\/algarve-schlafplaetze-an-klippen-und-straenden\/","url_meta":{"origin":2011,"position":2},"title":"Algarve: Schlafpl\u00e4tze an Klippen und Str\u00e4nden","author":"Oliver","date":"30. Dezember 2016","format":false,"excerpt":"Wir stehen am Rande. Nicht ganz, aber wenige Meter weiter geht es steil die Felsklippen hinunter dorthin, wo die Wellen ungebremst aufschlagen. Nach mehreren flachen weiten Sandstr\u00e4nden bildet die Steilk\u00fcste am Praia de Bordeira nahe Carrapateira den Stand- und Schlafplatz unseres Unimogs. Zerkl\u00fcftete Felsen, Farbenpracht, heranrollende Wogen, Brandungsdonner, morgen werden\u2026","rel":"","context":"In &quot;Land&quot;","block_context":{"text":"Land","link":"https:\/\/www.bechmann.org\/amphibium\/category\/land\/"},"img":{"alt_text":"","src":"https:\/\/i0.wp.com\/www.bechmann.org\/amphibium\/wp-content\/uploads\/wp-image-1524333255jpg.jpg?resize=350%2C200","width":350,"height":200,"srcset":"https:\/\/i0.wp.com\/www.bechmann.org\/amphibium\/wp-content\/uploads\/wp-image-1524333255jpg.jpg?resize=350%2C200 1x, https:\/\/i0.wp.com\/www.bechmann.org\/amphibium\/wp-content\/uploads\/wp-image-1524333255jpg.jpg?resize=525%2C300 1.5x, https:\/\/i0.wp.com\/www.bechmann.org\/amphibium\/wp-content\/uploads\/wp-image-1524333255jpg.jpg?resize=700%2C400 2x, https:\/\/i0.wp.com\/www.bechmann.org\/amphibium\/wp-content\/uploads\/wp-image-1524333255jpg.jpg?resize=1050%2C600 3x, https:\/\/i0.wp.com\/www.bechmann.org\/amphibium\/wp-content\/uploads\/wp-image-1524333255jpg.jpg?resize=1400%2C800 4x"},"classes":[]},{"id":1951,"url":"https:\/\/www.bechmann.org\/amphibium\/stadt-land-strand\/","url_meta":{"origin":2011,"position":3},"title":"Stadt, Land, Strand","author":"Oliver","date":"6. Januar 2017","format":false,"excerpt":"Am Praia de Ingrina sind wir drei Tage und N\u00e4chte geblieben. Ein Gl\u00fcckstreffer. Freies Stehen direkt an der brandungsumtosten K\u00fcste, nahezu allein auf weiter Flur, ein paar Wohnmobile, besonders von Surfern, in der Landschaft locker verteilt. Wanderungen auf schmalen Trampelpfaden entlang der Klippen f\u00fchrten uns zum Praia Zavial und tags\u2026","rel":"","context":"In &quot;Land&quot;","block_context":{"text":"Land","link":"https:\/\/www.bechmann.org\/amphibium\/category\/land\/"},"img":{"alt_text":"","src":"https:\/\/i0.wp.com\/www.bechmann.org\/amphibium\/wp-content\/uploads\/IMG_20170103_172442.jpg?resize=350%2C200","width":350,"height":200,"srcset":"https:\/\/i0.wp.com\/www.bechmann.org\/amphibium\/wp-content\/uploads\/IMG_20170103_172442.jpg?resize=350%2C200 1x, https:\/\/i0.wp.com\/www.bechmann.org\/amphibium\/wp-content\/uploads\/IMG_20170103_172442.jpg?resize=525%2C300 1.5x, https:\/\/i0.wp.com\/www.bechmann.org\/amphibium\/wp-content\/uploads\/IMG_20170103_172442.jpg?resize=700%2C400 2x"},"classes":[]},{"id":1869,"url":"https:\/\/www.bechmann.org\/amphibium\/heilig-abend-am-atlantik-strand\/","url_meta":{"origin":2011,"position":4},"title":"Heilig-Abend am Atlantik-Strand","author":"Oliver","date":"25. Dezember 2016","format":false,"excerpt":"Heiligabend. Allein. Am Strand. Das ist wohl der erste Heiligabend in meinem Leben, den ich alleine verbringe. Der Unimog steht am Strand, genauer dem Praia das Piedras Negras an Portugals Atlantikk\u00fcste, n\u00f6rdlich von Lissabon. In der Ferne blinkt ein Leuchtturm. Au\u00dfer mir ist niemand hier. Drau\u00dfen rauscht das Meer, die\u2026","rel":"","context":"In &quot;Land&quot;","block_context":{"text":"Land","link":"https:\/\/www.bechmann.org\/amphibium\/category\/land\/"},"img":{"alt_text":"RIMG0034 (2)","src":"https:\/\/i0.wp.com\/www.bechmann.org\/amphibium\/wp-content\/uploads\/RIMG0034-2_thumb.jpg?resize=350%2C200","width":350,"height":200,"srcset":"https:\/\/i0.wp.com\/www.bechmann.org\/amphibium\/wp-content\/uploads\/RIMG0034-2_thumb.jpg?resize=350%2C200 1x, https:\/\/i0.wp.com\/www.bechmann.org\/amphibium\/wp-content\/uploads\/RIMG0034-2_thumb.jpg?resize=525%2C300 1.5x"},"classes":[]},{"id":7528,"url":"https:\/\/www.bechmann.org\/amphibium\/cabrio-tour-vii-baiona-reboredo-ribadavia\/","url_meta":{"origin":2011,"position":5},"title":"Cabrio-Tour I\/VII: Baiona &#038; Reboredo &#038; Ribadavia","author":"Oliver","date":"1. Oktober 2023","format":false,"excerpt":"Ab Toledo flitzen an uns La Mancha, Extremadura und Kastilien & Le\u00f3n vorbei\u2026 In Portugal, eigentlich schon vorher, beginnen die grauen Granitbuckel und gr\u00fcnen Baumberge. Beinahe langweilig, wenn man aus dem roten Sand rund um Almeria, Tabernas, Baza und Toledo kommt. In Porto angekommen beziehen wir Quartier in einem kleinen\u2026","rel":"","context":"In &quot;Bilder-Geschichte&quot;","block_context":{"text":"Bilder-Geschichte","link":"https:\/\/www.bechmann.org\/amphibium\/category\/bilder-geschichte\/"},"img":{"alt_text":"","src":"https:\/\/i0.wp.com\/www.bechmann.org\/amphibium\/wp-content\/uploads\/20231001_160338-scaled.jpg?resize=350%2C200&ssl=1","width":350,"height":200,"srcset":"https:\/\/i0.wp.com\/www.bechmann.org\/amphibium\/wp-content\/uploads\/20231001_160338-scaled.jpg?resize=350%2C200&ssl=1 1x, https:\/\/i0.wp.com\/www.bechmann.org\/amphibium\/wp-content\/uploads\/20231001_160338-scaled.jpg?resize=525%2C300&ssl=1 1.5x, https:\/\/i0.wp.com\/www.bechmann.org\/amphibium\/wp-content\/uploads\/20231001_160338-scaled.jpg?resize=700%2C400&ssl=1 2x, https:\/\/i0.wp.com\/www.bechmann.org\/amphibium\/wp-content\/uploads\/20231001_160338-scaled.jpg?resize=1050%2C600&ssl=1 3x, https:\/\/i0.wp.com\/www.bechmann.org\/amphibium\/wp-content\/uploads\/20231001_160338-scaled.jpg?resize=1400%2C800&ssl=1 4x"},"classes":[]}],"jetpack_sharing_enabled":true,"_links":{"self":[{"href":"https:\/\/www.bechmann.org\/amphibium\/wp-json\/wp\/v2\/posts\/2011","targetHints":{"allow":["GET"]}}],"collection":[{"href":"https:\/\/www.bechmann.org\/amphibium\/wp-json\/wp\/v2\/posts"}],"about":[{"href":"https:\/\/www.bechmann.org\/amphibium\/wp-json\/wp\/v2\/types\/post"}],"author":[{"embeddable":true,"href":"https:\/\/www.bechmann.org\/amphibium\/wp-json\/wp\/v2\/users\/1"}],"replies":[{"embeddable":true,"href":"https:\/\/www.bechmann.org\/amphibium\/wp-json\/wp\/v2\/comments?post=2011"}],"version-history":[{"count":11,"href":"https:\/\/www.bechmann.org\/amphibium\/wp-json\/wp\/v2\/posts\/2011\/revisions"}],"predecessor-version":[{"id":2178,"href":"https:\/\/www.bechmann.org\/amphibium\/wp-json\/wp\/v2\/posts\/2011\/revisions\/2178"}],"wp:attachment":[{"href":"https:\/\/www.bechmann.org\/amphibium\/wp-json\/wp\/v2\/media?parent=2011"}],"wp:term":[{"taxonomy":"category","embeddable":true,"href":"https:\/\/www.bechmann.org\/amphibium\/wp-json\/wp\/v2\/categories?post=2011"},{"taxonomy":"post_tag","embeddable":true,"href":"https:\/\/www.bechmann.org\/amphibium\/wp-json\/wp\/v2\/tags?post=2011"}],"curies":[{"name":"wp","href":"https:\/\/api.w.org\/{rel}","templated":true}]}}