{"id":1997,"date":"2017-01-12T21:45:00","date_gmt":"2017-01-12T20:45:00","guid":{"rendered":"http:\/\/www.bechmann.org\/amphibium\/?p=1997"},"modified":"2017-06-17T12:45:56","modified_gmt":"2017-06-17T10:45:56","slug":"kayaken-an-der-algarve-kste","status":"publish","type":"post","link":"https:\/\/www.bechmann.org\/amphibium\/kayaken-an-der-algarve-kste\/","title":{"rendered":"Kayaken an der Algarve-K\u00fcste"},"content":{"rendered":"<div style=\"width: 654px\" class=\"wp-caption alignnone\"><a href=\"https:\/\/i0.wp.com\/www.bechmann.org\/amphibium\/wp-content\/uploads\/RIMG0112-2.jpg?ssl=1\"><img data-recalc-dims=\"1\" loading=\"lazy\" decoding=\"async\" style=\"background-image: none; padding-top: 0px; padding-left: 0px; display: inline; padding-right: 0px; border-width: 0px;\" title=\"RIMG0112 (2)\" src=\"https:\/\/i0.wp.com\/www.bechmann.org\/amphibium\/wp-content\/uploads\/RIMG0112-2_thumb.jpg?resize=625%2C470&#038;ssl=1\" alt=\"RIMG0112 (2)\" width=\"625\" height=\"470\" border=\"0\" \/><\/a><p class=\"wp-caption-text\">Strand-Landung mit dem Falt-Kayak.<\/p><\/div>\n<p>In mentalen Trainings wird ist der Perspektivenwechsel ein h\u00e4ufig eingesetztes Mittel. Und k\u00f6nnte es einen besseren Perspektivenwechsel f\u00fcr das Landtier Mensch geben, von der See-Seite aufs Land zu schauen? Und w\u00fcrde das der Idee des \u201cAmphibiums\u201d, also: Leben an Land und am\/auf dem Wasser und den \u00dcbergangszonen, besser gerecht werden?<\/p>\n<p>Der Blick vom Wasser auf die K\u00fcste, zumal Steilk\u00fcste, ist ein ganz anderer: Man sieht die Nischen, die H\u00f6hlen, die Seev\u00f6gel auf Augenh\u00f6he oder hoch droben, man umkurvt Felsen und paddelt in Grotten, die sonst \u00fcberhaupt nicht zu erreichen w\u00e4ren. Ganz andere Perspektiven, ganz andere Ein-Sichten tuen sich auf.<\/p>\n<h3>Zwischenstopp an Land<\/h3>\n<p>Ein Zwischenstopp lie\u00df uns an einem Strand landen, zu dem kein Land-Weg f\u00fchrte. Eine klitzekleine Robinsonade. Ein sanftes Meer und eine 18 Grad warme Sonne meinten es freundlich mit uns; wir futterten den noch aus Island stammenden Trockenfisch unseres Proviants \u2013 das bedeutet angesichts der regionalen protugiesischen Spezialit\u00e4t des Bacalhau (eben getrockneten, gesalzenen Kabeljaus) so etwas wie Eulen nach Athen tragen.<\/p>\n<p>Rund 19 Grad in der portugiesischen Winter-Sonne \u2013 folglich wird einem in den (schwarzen) Neopren-Klamotten beim Paddeln und auch am Strand mehr als warm.<\/p>\n<div class=\"tiled-gallery type-rectangular tiled-gallery-unresized\" data-original-width=\"625\" data-carousel-extra='{&quot;blog_id&quot;:1,&quot;permalink&quot;:&quot;https:\\\/\\\/www.bechmann.org\\\/amphibium\\\/kayaken-an-der-algarve-kste\\\/&quot;,&quot;likes_blog_id&quot;:68534324}' itemscope itemtype=\"http:\/\/schema.org\/ImageGallery\" > <div class=\"gallery-row\" style=\"width: 625px; height: 299px;\" data-original-width=\"625\" data-original-height=\"299\" > <div class=\"gallery-group images-1\" style=\"width: 421px; height: 299px;\" data-original-width=\"421\" data-original-height=\"299\" > <div class=\"tiled-gallery-item tiled-gallery-item-large\" itemprop=\"associatedMedia\" itemscope itemtype=\"http:\/\/schema.org\/ImageObject\"> <a href=\"https:\/\/www.bechmann.org\/amphibium\/kayaken-an-der-algarve-kste\/rimg0119-2-jpg-2\/\" border=\"0\" itemprop=\"url\"> <meta itemprop=\"width\" content=\"417\"> <meta itemprop=\"height\" content=\"295\"> <img decoding=\"async\" class=\"\" data-attachment-id=\"2002\" data-orig-file=\"https:\/\/www.bechmann.org\/amphibium\/wp-content\/uploads\/RIMG0119-2-1.jpg\" data-orig-size=\"1024,724\" data-comments-opened=\"\" data-image-meta=\"{&quot;aperture&quot;:&quot;0&quot;,&quot;credit&quot;:&quot;&quot;,&quot;camera&quot;:&quot;&quot;,&quot;caption&quot;:&quot;&quot;,&quot;created_timestamp&quot;:&quot;0&quot;,&quot;copyright&quot;:&quot;&quot;,&quot;focal_length&quot;:&quot;0&quot;,&quot;iso&quot;:&quot;0&quot;,&quot;shutter_speed&quot;:&quot;0&quot;,&quot;title&quot;:&quot;&quot;,&quot;orientation&quot;:&quot;0&quot;}\" data-image-title=\"RIMG0119-2.jpg\" data-image-description=\"\" data-medium-file=\"https:\/\/i0.wp.com\/www.bechmann.org\/amphibium\/wp-content\/uploads\/RIMG0119-2-1.jpg?fit=300%2C212&#038;ssl=1\" data-large-file=\"https:\/\/i0.wp.com\/www.bechmann.org\/amphibium\/wp-content\/uploads\/RIMG0119-2-1.jpg?fit=625%2C442&#038;ssl=1\" src=\"https:\/\/i0.wp.com\/www.bechmann.org\/amphibium\/wp-content\/uploads\/RIMG0119-2-1.jpg?w=417&#038;h=295&#038;ssl=1\" srcset=\"https:\/\/i0.wp.com\/www.bechmann.org\/amphibium\/wp-content\/uploads\/RIMG0119-2-1.jpg?w=1024&amp;ssl=1 1024w, https:\/\/i0.wp.com\/www.bechmann.org\/amphibium\/wp-content\/uploads\/RIMG0119-2-1.jpg?resize=300%2C212&amp;ssl=1 300w, https:\/\/i0.wp.com\/www.bechmann.org\/amphibium\/wp-content\/uploads\/RIMG0119-2-1.jpg?resize=768%2C543&amp;ssl=1 768w, https:\/\/i0.wp.com\/www.bechmann.org\/amphibium\/wp-content\/uploads\/RIMG0119-2-1.jpg?resize=424%2C300&amp;ssl=1 424w\" width=\"417\" height=\"295\" loading=\"lazy\" data-original-width=\"417\" data-original-height=\"295\" itemprop=\"http:\/\/schema.org\/image\" title=\"RIMG0119-2.jpg\" alt=\"Torbogen im Wasser.\" style=\"width: 417px; height: 295px;\" \/> <\/a> <div class=\"tiled-gallery-caption\" itemprop=\"caption description\"> Torbogen im Wasser. <\/div> <\/div> <\/div> <!-- close group --> <div class=\"gallery-group images-2\" style=\"width: 204px; height: 299px;\" data-original-width=\"204\" data-original-height=\"299\" > <div class=\"tiled-gallery-item tiled-gallery-item-small\" itemprop=\"associatedMedia\" itemscope itemtype=\"http:\/\/schema.org\/ImageObject\"> <a href=\"https:\/\/www.bechmann.org\/amphibium\/kayaken-an-der-algarve-kste\/rimg0103-jpg\/\" border=\"0\" itemprop=\"url\"> <meta itemprop=\"width\" content=\"200\"> <meta itemprop=\"height\" content=\"150\"> <img decoding=\"async\" class=\"\" data-attachment-id=\"2000\" data-orig-file=\"https:\/\/www.bechmann.org\/amphibium\/wp-content\/uploads\/RIMG0103.jpg\" data-orig-size=\"1024,768\" data-comments-opened=\"\" data-image-meta=\"{&quot;aperture&quot;:&quot;0&quot;,&quot;credit&quot;:&quot;&quot;,&quot;camera&quot;:&quot;&quot;,&quot;caption&quot;:&quot;&quot;,&quot;created_timestamp&quot;:&quot;0&quot;,&quot;copyright&quot;:&quot;&quot;,&quot;focal_length&quot;:&quot;0&quot;,&quot;iso&quot;:&quot;0&quot;,&quot;shutter_speed&quot;:&quot;0&quot;,&quot;title&quot;:&quot;&quot;,&quot;orientation&quot;:&quot;0&quot;}\" data-image-title=\"RIMG0103.jpg\" data-image-description=\"\" data-medium-file=\"https:\/\/i0.wp.com\/www.bechmann.org\/amphibium\/wp-content\/uploads\/RIMG0103.jpg?fit=300%2C225&#038;ssl=1\" data-large-file=\"https:\/\/i0.wp.com\/www.bechmann.org\/amphibium\/wp-content\/uploads\/RIMG0103.jpg?fit=625%2C469&#038;ssl=1\" src=\"https:\/\/i0.wp.com\/www.bechmann.org\/amphibium\/wp-content\/uploads\/RIMG0103.jpg?w=200&#038;h=150&#038;ssl=1\" srcset=\"https:\/\/i0.wp.com\/www.bechmann.org\/amphibium\/wp-content\/uploads\/RIMG0103.jpg?w=1024&amp;ssl=1 1024w, https:\/\/i0.wp.com\/www.bechmann.org\/amphibium\/wp-content\/uploads\/RIMG0103.jpg?resize=300%2C225&amp;ssl=1 300w, https:\/\/i0.wp.com\/www.bechmann.org\/amphibium\/wp-content\/uploads\/RIMG0103.jpg?resize=768%2C576&amp;ssl=1 768w, https:\/\/i0.wp.com\/www.bechmann.org\/amphibium\/wp-content\/uploads\/RIMG0103.jpg?resize=400%2C300&amp;ssl=1 400w\" width=\"200\" height=\"150\" loading=\"lazy\" data-original-width=\"200\" data-original-height=\"150\" itemprop=\"http:\/\/schema.org\/image\" title=\"RIMG0103.jpg\" alt=\"Fels-Algarve vom Wasser aus.\" style=\"width: 200px; height: 150px;\" \/> <\/a> <div class=\"tiled-gallery-caption\" itemprop=\"caption description\"> Fels-Algarve vom Wasser aus. <\/div> <\/div> <div class=\"tiled-gallery-item tiled-gallery-item-small\" itemprop=\"associatedMedia\" itemscope itemtype=\"http:\/\/schema.org\/ImageObject\"> <a href=\"https:\/\/www.bechmann.org\/amphibium\/kayaken-an-der-algarve-kste\/rimg0131-2-jpg\/\" border=\"0\" itemprop=\"url\"> <meta itemprop=\"width\" content=\"200\"> <meta itemprop=\"height\" content=\"141\"> <img decoding=\"async\" class=\"\" data-attachment-id=\"1991\" data-orig-file=\"https:\/\/www.bechmann.org\/amphibium\/wp-content\/uploads\/RIMG0131-2.jpg\" data-orig-size=\"1024,720\" data-comments-opened=\"\" data-image-meta=\"{&quot;aperture&quot;:&quot;0&quot;,&quot;credit&quot;:&quot;&quot;,&quot;camera&quot;:&quot;&quot;,&quot;caption&quot;:&quot;&quot;,&quot;created_timestamp&quot;:&quot;0&quot;,&quot;copyright&quot;:&quot;&quot;,&quot;focal_length&quot;:&quot;0&quot;,&quot;iso&quot;:&quot;0&quot;,&quot;shutter_speed&quot;:&quot;0&quot;,&quot;title&quot;:&quot;&quot;,&quot;orientation&quot;:&quot;0&quot;}\" data-image-title=\"RIMG0131-2.jpg\" data-image-description=\"\" data-medium-file=\"https:\/\/i0.wp.com\/www.bechmann.org\/amphibium\/wp-content\/uploads\/RIMG0131-2.jpg?fit=300%2C211&#038;ssl=1\" data-large-file=\"https:\/\/i0.wp.com\/www.bechmann.org\/amphibium\/wp-content\/uploads\/RIMG0131-2.jpg?fit=625%2C439&#038;ssl=1\" src=\"https:\/\/i0.wp.com\/www.bechmann.org\/amphibium\/wp-content\/uploads\/RIMG0131-2.jpg?w=200&#038;h=141&#038;ssl=1\" srcset=\"https:\/\/i0.wp.com\/www.bechmann.org\/amphibium\/wp-content\/uploads\/RIMG0131-2.jpg?w=1024&amp;ssl=1 1024w, https:\/\/i0.wp.com\/www.bechmann.org\/amphibium\/wp-content\/uploads\/RIMG0131-2.jpg?resize=300%2C211&amp;ssl=1 300w, https:\/\/i0.wp.com\/www.bechmann.org\/amphibium\/wp-content\/uploads\/RIMG0131-2.jpg?resize=768%2C540&amp;ssl=1 768w, https:\/\/i0.wp.com\/www.bechmann.org\/amphibium\/wp-content\/uploads\/RIMG0131-2.jpg?resize=427%2C300&amp;ssl=1 427w\" width=\"200\" height=\"141\" loading=\"lazy\" data-original-width=\"200\" data-original-height=\"141\" itemprop=\"http:\/\/schema.org\/image\" title=\"RIMG0131-2.jpg\" alt=\"Grotte nahe Praia de Albandeira.\" style=\"width: 200px; height: 141px;\" \/> <\/a> <div class=\"tiled-gallery-caption\" itemprop=\"caption description\"> Grotte nahe Praia de Albandeira. <\/div> <\/div> <\/div> <!-- close group --> <\/div> <!-- close row --> <\/div>\n<p>Nach unserem gestrigen Kayak-Ausflug (ok, zugegeben: Der Zusammenbau unseres Falt-Kayaks hatte mangels Routine beinahe solange gedauert wie die Tour selbst) lagen wir am Albandeira-Strand in der Sonne, als ein freundlicher Mann aus Frammersbach vorbeikam, der uns von den Klippen hoch droben wahrgenommen und fotografiert hatte. Der meinte: \u201cIhr seid so zu beneiden!\u201d<br \/>\n<!--more--><br \/>\nHeute konnten wir die Tour nicht wiederholen oder erweitern, da Gezeiten, Wind und Wellen gegen uns waren und wir an dem Strand vor der Unimog-Haust\u00fcr das Kayak nicht ins Wasser bringen konnten. Nach Fu\u00df- und Kayak-Wandern g\u00f6nnten wir uns also einen Strand-Tag nach einer Morgen-Meditation im Sonnenaufgang gegen 7 Uhr. Tats\u00e4chlich sind wir in den vergangenen Wochen h\u00e4ufig zwischen zehn und elf Uhr zu Bett gegangen und zwischen sieben und acht Uhr wach geworden\u2026<\/p>\n<div style=\"width: 654px\" class=\"wp-caption alignnone\"><a href=\"https:\/\/i0.wp.com\/www.bechmann.org\/amphibium\/wp-content\/uploads\/IMG_20170112_1736002.jpg?ssl=1\"><img data-recalc-dims=\"1\" loading=\"lazy\" decoding=\"async\" style=\"background-image: none; padding-top: 0px; padding-left: 0px; display: inline; padding-right: 0px; border-width: 0px;\" title=\"IMG_20170112_173600(2)\" src=\"https:\/\/i0.wp.com\/www.bechmann.org\/amphibium\/wp-content\/uploads\/IMG_20170112_1736002_thumb.jpg?resize=625%2C470&#038;ssl=1\" alt=\"IMG_20170112_173600(2)\" width=\"625\" height=\"470\" border=\"0\" \/><\/a><p class=\"wp-caption-text\">Sonnenaufgang.<\/p><\/div>\n<p>Unser Unimog hat \u2013 wie so h\u00e4ufig \u2013 auch an diesem Standplatz f\u00fcr kommunikative Kontakte gesorgt; entweder dreht es sich ums Fahrzeug selbst oder um den damit verbundenen Reise- oder gar Lebensstil. Heute kamen wir u.a. mit einem Schotten ins Gespr\u00e4ch, der eine Pause auf seiner Wanderung die K\u00fcste entlang einlegte und sich zu uns an den Fr\u00fchst\u00fcckstisch gesellte.<\/p>\n<p>Themen: minimalistisch reisen und leben, die kulturelle Linie der Kelten von den britischen Inseln \u00fcber die franz\u00f6sische Bretagne und das spanische Galicien bis hin nach Portugal, Brexit und schottische Separatisten, die Angst des kleinen Mannes und das Erstarken rechter Parteien, anglo-amerikanischer Konsumismus, Merkels Fl\u00fcchtlingspolitik, die Zukunft der EU und des Euros f\u00fcr die eigenen Reise- und Lebenspl\u00e4ne.<\/p>\n<div style=\"width: 654px\" class=\"wp-caption alignnone\"><a href=\"https:\/\/i0.wp.com\/www.bechmann.org\/amphibium\/wp-content\/uploads\/IMG_20170112_100053-2.jpg?ssl=1\"><img data-recalc-dims=\"1\" loading=\"lazy\" decoding=\"async\" style=\"background-image: none; padding-top: 0px; padding-left: 0px; display: inline; padding-right: 0px; border-width: 0px;\" title=\"IMG_20170112_100053 (2)\" src=\"https:\/\/i0.wp.com\/www.bechmann.org\/amphibium\/wp-content\/uploads\/IMG_20170112_100053-2_thumb.jpg?resize=625%2C470&#038;ssl=1\" alt=\"IMG_20170112_100053 (2)\" width=\"625\" height=\"470\" border=\"0\" \/><\/a><p class=\"wp-caption-text\">Fr\u00fchst\u00fcck im Fels-Sessel.<\/p><\/div>\n<p>Sp\u00e4ter, gen Abend, wechselten sich Sonne und Mond bei Untergehen bzw. Aufgehen ab. Kaum war im Westen die eine verschwunden, tauchte im Westen der andere \u00fcber den Str\u00e4uchern auf den umgebenden Klippen auf. Die Sterne funkelten dazu.<\/p>\n","protected":false},"excerpt":{"rendered":"<p>In mentalen Trainings wird ist der Perspektivenwechsel ein h\u00e4ufig eingesetztes Mittel. Und k\u00f6nnte es einen besseren Perspektivenwechsel f\u00fcr das Landtier Mensch geben, von der See-Seite aufs Land zu schauen? Und w\u00fcrde das der Idee des \u201cAmphibiums\u201d, also: Leben an Land und am\/auf dem Wasser und den \u00dcbergangszonen, besser gerecht werden? Der Blick vom Wasser auf [&hellip;]<\/p>\n","protected":false},"author":1,"featured_media":0,"comment_status":"open","ping_status":"open","sticky":false,"template":"","format":"standard","meta":{"jetpack_post_was_ever_published":false,"_jetpack_newsletter_access":"","_jetpack_dont_email_post_to_subs":true,"_jetpack_newsletter_tier_id":0,"_jetpack_memberships_contains_paywalled_content":false,"_jetpack_memberships_contains_paid_content":false,"footnotes":"","jetpack_publicize_message":"","jetpack_publicize_feature_enabled":true,"jetpack_social_post_already_shared":true,"jetpack_social_options":{"image_generator_settings":{"template":"highway","default_image_id":0,"font":"","enabled":false},"version":2}},"categories":[4],"tags":[260,136],"class_list":["post-1997","post","type-post","status-publish","format-standard","hentry","category-wasser","tag-albandeira","tag-kayak"],"jetpack_publicize_connections":[],"jetpack_featured_media_url":"","jetpack_shortlink":"https:\/\/wp.me\/p4DyUk-wd","jetpack-related-posts":[{"id":3397,"url":"https:\/\/www.bechmann.org\/amphibium\/zur-nutria-gehrt-ein-kayak\/","url_meta":{"origin":1997,"position":0},"title":"Zur Nutria geh&ouml;rt ein Kayak","author":"Oliver","date":"17. August 2018","format":false,"excerpt":"Mit der Nutria auf Tuchf\u00fchlung: Auf der Lahn erleben wir das das semiaquatische Tier v\u00f6llig entspannt aus vielleicht zwei Metern Entfernung \u2013 ruhig sind wir mit unserem Kayak herangepaddelt. Die, wie sie manchmal auch genannt wird, Biberratte, sollte nicht mit der Bisamratte verwechselt werden, die \u00fcbrigens keine Ratte ist, sondern\u2026","rel":"","context":"In &quot;Ausr\u00fcstung&quot;","block_context":{"text":"Ausr\u00fcstung","link":"https:\/\/www.bechmann.org\/amphibium\/category\/ausruestung\/"},"img":{"alt_text":"IMG_20180817_150827","src":"https:\/\/i0.wp.com\/www.bechmann.org\/amphibium\/wp-content\/uploads\/IMG_20180817_150827_thumb.jpg?resize=350%2C200&ssl=1","width":350,"height":200,"srcset":"https:\/\/i0.wp.com\/www.bechmann.org\/amphibium\/wp-content\/uploads\/IMG_20180817_150827_thumb.jpg?resize=350%2C200&ssl=1 1x, https:\/\/i0.wp.com\/www.bechmann.org\/amphibium\/wp-content\/uploads\/IMG_20180817_150827_thumb.jpg?resize=525%2C300&ssl=1 1.5x, https:\/\/i0.wp.com\/www.bechmann.org\/amphibium\/wp-content\/uploads\/IMG_20180817_150827_thumb.jpg?resize=700%2C400&ssl=1 2x"},"classes":[]},{"id":8750,"url":"https:\/\/www.bechmann.org\/amphibium\/suedafrika-vii-wale-in-der-walker-bay\/","url_meta":{"origin":1997,"position":1},"title":"Wale in der Walker Bay","author":"Oliver","date":"7. Oktober 2024","format":false,"excerpt":"Da steigt der Wal unversehens in die H\u00f6he und f\u00e4llt klatschend ins Wasser zur\u00fcck. Und noch einmal. Noch einmal. Und: noch einmal. Der Jubel ist gro\u00df an Bord, und das umso lauter und exaltierter als eine italienische Reisegruppe 90 Prozent der Passagiere der Whale Watching-Tour ausmacht. Willkommen an der Whale\u2026","rel":"","context":"In &quot;Land&quot;","block_context":{"text":"Land","link":"https:\/\/www.bechmann.org\/amphibium\/category\/land\/"},"img":{"alt_text":"","src":"https:\/\/i0.wp.com\/www.bechmann.org\/amphibium\/wp-content\/uploads\/DSC04296.jpg?resize=350%2C200&ssl=1","width":350,"height":200,"srcset":"https:\/\/i0.wp.com\/www.bechmann.org\/amphibium\/wp-content\/uploads\/DSC04296.jpg?resize=350%2C200&ssl=1 1x, https:\/\/i0.wp.com\/www.bechmann.org\/amphibium\/wp-content\/uploads\/DSC04296.jpg?resize=525%2C300&ssl=1 1.5x, https:\/\/i0.wp.com\/www.bechmann.org\/amphibium\/wp-content\/uploads\/DSC04296.jpg?resize=700%2C400&ssl=1 2x, https:\/\/i0.wp.com\/www.bechmann.org\/amphibium\/wp-content\/uploads\/DSC04296.jpg?resize=1050%2C600&ssl=1 3x, https:\/\/i0.wp.com\/www.bechmann.org\/amphibium\/wp-content\/uploads\/DSC04296.jpg?resize=1400%2C800&ssl=1 4x"},"classes":[]},{"id":895,"url":"https:\/\/www.bechmann.org\/amphibium\/kayak-kampf-an-neptuns-blasebalg\/","url_meta":{"origin":1997,"position":2},"title":"Kayak-Kampf an Neptuns Blasebalg","author":"Oliver","date":"11. M\u00e4rz 2015","format":false,"excerpt":"Die \"MS Expedition\" steuert nach Norden, in Richtung Deception Island, schon Teil der South Shetlands: Eigentlich ist das dortige Port Foster der mit Wasser zugelaufene Caldera eines Vulkanes, der bis heute aktiv ist. Sieht man auf die Insel aus der Vogelperspektive, dann sieht sie wie ein Ring aus. Es gibt\u2026","rel":"","context":"In &quot;Land&quot;","block_context":{"text":"Land","link":"https:\/\/www.bechmann.org\/amphibium\/category\/land\/"},"img":{"alt_text":"","src":"https:\/\/i0.wp.com\/www.bechmann.org\/amphibium\/wp-content\/uploads\/antarctica2015_whalersbay-15.jpg?resize=350%2C200","width":350,"height":200,"srcset":"https:\/\/i0.wp.com\/www.bechmann.org\/amphibium\/wp-content\/uploads\/antarctica2015_whalersbay-15.jpg?resize=350%2C200 1x, https:\/\/i0.wp.com\/www.bechmann.org\/amphibium\/wp-content\/uploads\/antarctica2015_whalersbay-15.jpg?resize=525%2C300 1.5x, https:\/\/i0.wp.com\/www.bechmann.org\/amphibium\/wp-content\/uploads\/antarctica2015_whalersbay-15.jpg?resize=700%2C400 2x, https:\/\/i0.wp.com\/www.bechmann.org\/amphibium\/wp-content\/uploads\/antarctica2015_whalersbay-15.jpg?resize=1050%2C600 3x, https:\/\/i0.wp.com\/www.bechmann.org\/amphibium\/wp-content\/uploads\/antarctica2015_whalersbay-15.jpg?resize=1400%2C800 4x"},"classes":[]},{"id":1671,"url":"https:\/\/www.bechmann.org\/amphibium\/fjord-kayaken-und-ein-seehund\/","url_meta":{"origin":1997,"position":3},"title":"Fjord-Kayaken und ein Seehund","author":"Oliver","date":"24. August 2016","format":false,"excerpt":"Wir \u00fcbernachten nahe der Werkstatt, in der schon die Ersatzteile auf uns warten. Die Truppe dort ist knurrig und des Englischen eingeschr\u00e4nkt, aber ausreichend, kundig. Ein H\u00fcne mit Glatze und Vollbart erkl\u00e4rt, dass es auch ohne Reparatur ginge (was den Getriebe\u00f6lverlust angeht), ansonsten werden rund 500 Euro f\u00fcr diesen Befund\u2026","rel":"","context":"In &quot;Land&quot;","block_context":{"text":"Land","link":"https:\/\/www.bechmann.org\/amphibium\/category\/land\/"},"img":{"alt_text":"","src":"https:\/\/i0.wp.com\/www.bechmann.org\/amphibium\/wp-content\/uploads\/island2016-502.jpg?resize=350%2C200","width":350,"height":200,"srcset":"https:\/\/i0.wp.com\/www.bechmann.org\/amphibium\/wp-content\/uploads\/island2016-502.jpg?resize=350%2C200 1x, https:\/\/i0.wp.com\/www.bechmann.org\/amphibium\/wp-content\/uploads\/island2016-502.jpg?resize=525%2C300 1.5x, https:\/\/i0.wp.com\/www.bechmann.org\/amphibium\/wp-content\/uploads\/island2016-502.jpg?resize=700%2C400 2x, https:\/\/i0.wp.com\/www.bechmann.org\/amphibium\/wp-content\/uploads\/island2016-502.jpg?resize=1050%2C600 3x, https:\/\/i0.wp.com\/www.bechmann.org\/amphibium\/wp-content\/uploads\/island2016-502.jpg?resize=1400%2C800 4x"},"classes":[]},{"id":2959,"url":"https:\/\/www.bechmann.org\/amphibium\/port-lockroy-und-petermann-island-paradise-bay-und-danco-island\/","url_meta":{"origin":1997,"position":4},"title":"Rendezvous mit Pinguinen und Walen","author":"Oliver","date":"10. M\u00e4rz 2015","format":false,"excerpt":"Zugegeben: Die Antarktis mag nur Nummer Drei sein. Der Mond mag lebensfeindlicher sein, die gro\u00dfe Unterwasserwelt unseres blauen Planeten auch. Auf Mond und unter Wasser ist das menschliche Leben nur mit Hilfe technischer Ger\u00e4te m\u00f6glich. Aber auch in der Antarktis ist das Gef\u00fchl allgegenw\u00e4rtig, nur ein kurzfristig geduldeter Gast und\u2026","rel":"","context":"In &quot;Bilder-Geschichte&quot;","block_context":{"text":"Bilder-Geschichte","link":"https:\/\/www.bechmann.org\/amphibium\/category\/bilder-geschichte\/"},"img":{"alt_text":"","src":"https:\/\/i0.wp.com\/www.bechmann.org\/amphibium\/wp-content\/uploads\/antarctica2015_lockroy-21.jpg?resize=350%2C200","width":350,"height":200,"srcset":"https:\/\/i0.wp.com\/www.bechmann.org\/amphibium\/wp-content\/uploads\/antarctica2015_lockroy-21.jpg?resize=350%2C200 1x, https:\/\/i0.wp.com\/www.bechmann.org\/amphibium\/wp-content\/uploads\/antarctica2015_lockroy-21.jpg?resize=525%2C300 1.5x, https:\/\/i0.wp.com\/www.bechmann.org\/amphibium\/wp-content\/uploads\/antarctica2015_lockroy-21.jpg?resize=700%2C400 2x, https:\/\/i0.wp.com\/www.bechmann.org\/amphibium\/wp-content\/uploads\/antarctica2015_lockroy-21.jpg?resize=1050%2C600 3x, https:\/\/i0.wp.com\/www.bechmann.org\/amphibium\/wp-content\/uploads\/antarctica2015_lockroy-21.jpg?resize=1400%2C800 4x"},"classes":[]},{"id":3190,"url":"https:\/\/www.bechmann.org\/amphibium\/zeitraubender-reise-alltag\/","url_meta":{"origin":1997,"position":5},"title":"Zeitraubender Reise-Alltag","author":"Oliver","date":"13. April 2018","format":false,"excerpt":"Das Tropfen des Getriebe\u00f6ls aus der Manschette am Schubrohr des Gr\u00fcnimogs erweist sich morgens als vernachl\u00e4ssigbare Gr\u00f6\u00dfe. Es bereitet dennoch Sorgen, indes: Die M\u00fcckenplage w\u00e4hrend der Nacht war ernster zu nehmen. Nach einer weiteren Nacht mit kaum Schlaf kommt ein Mittel der Wildnisp\u00e4dagogik zum Einsatz. R\u00e4uchern. Das so genannte smudging\u2026","rel":"","context":"In &quot;Alltag unterwegs&quot;","block_context":{"text":"Alltag unterwegs","link":"https:\/\/www.bechmann.org\/amphibium\/category\/alltag-unterwegs\/"},"img":{"alt_text":"leonidiocamping","src":"https:\/\/i0.wp.com\/www.bechmann.org\/amphibium\/wp-content\/uploads\/leonidiocamping_thumb.jpg?resize=350%2C200","width":350,"height":200,"srcset":"https:\/\/i0.wp.com\/www.bechmann.org\/amphibium\/wp-content\/uploads\/leonidiocamping_thumb.jpg?resize=350%2C200 1x, https:\/\/i0.wp.com\/www.bechmann.org\/amphibium\/wp-content\/uploads\/leonidiocamping_thumb.jpg?resize=525%2C300 1.5x, https:\/\/i0.wp.com\/www.bechmann.org\/amphibium\/wp-content\/uploads\/leonidiocamping_thumb.jpg?resize=700%2C400 2x"},"classes":[]}],"jetpack_sharing_enabled":true,"_links":{"self":[{"href":"https:\/\/www.bechmann.org\/amphibium\/wp-json\/wp\/v2\/posts\/1997","targetHints":{"allow":["GET"]}}],"collection":[{"href":"https:\/\/www.bechmann.org\/amphibium\/wp-json\/wp\/v2\/posts"}],"about":[{"href":"https:\/\/www.bechmann.org\/amphibium\/wp-json\/wp\/v2\/types\/post"}],"author":[{"embeddable":true,"href":"https:\/\/www.bechmann.org\/amphibium\/wp-json\/wp\/v2\/users\/1"}],"replies":[{"embeddable":true,"href":"https:\/\/www.bechmann.org\/amphibium\/wp-json\/wp\/v2\/comments?post=1997"}],"version-history":[{"count":10,"href":"https:\/\/www.bechmann.org\/amphibium\/wp-json\/wp\/v2\/posts\/1997\/revisions"}],"predecessor-version":[{"id":2179,"href":"https:\/\/www.bechmann.org\/amphibium\/wp-json\/wp\/v2\/posts\/1997\/revisions\/2179"}],"wp:attachment":[{"href":"https:\/\/www.bechmann.org\/amphibium\/wp-json\/wp\/v2\/media?parent=1997"}],"wp:term":[{"taxonomy":"category","embeddable":true,"href":"https:\/\/www.bechmann.org\/amphibium\/wp-json\/wp\/v2\/categories?post=1997"},{"taxonomy":"post_tag","embeddable":true,"href":"https:\/\/www.bechmann.org\/amphibium\/wp-json\/wp\/v2\/tags?post=1997"}],"curies":[{"name":"wp","href":"https:\/\/api.w.org\/{rel}","templated":true}]}}