{"id":1985,"date":"2017-01-10T21:19:00","date_gmt":"2017-01-10T20:19:00","guid":{"rendered":"http:\/\/www.bechmann.org\/amphibium\/?p=1985"},"modified":"2017-06-17T12:47:16","modified_gmt":"2017-06-17T10:47:16","slug":"leben-auf-rdern","status":"publish","type":"post","link":"https:\/\/www.bechmann.org\/amphibium\/leben-auf-rdern\/","title":{"rendered":"Leben auf R\u00e4dern"},"content":{"rendered":"<p><a href=\"https:\/\/i0.wp.com\/www.bechmann.org\/amphibium\/wp-content\/uploads\/IMG_0998.jpg?ssl=1\"><img data-recalc-dims=\"1\" loading=\"lazy\" decoding=\"async\" title=\"IMG_0998\" style=\"border-left-width: 0px; border-right-width: 0px; background-image: none; border-bottom-width: 0px; padding-top: 0px; padding-left: 0px; display: inline; padding-right: 0px; border-top-width: 0px\" border=\"0\" alt=\"IMG_0998\" src=\"https:\/\/i0.wp.com\/www.bechmann.org\/amphibium\/wp-content\/uploads\/IMG_0998_thumb.jpg?resize=625%2C418&#038;ssl=1\" width=\"625\" height=\"418\"><\/a><\/p>\n<p>F\u00fcr unsere Stell- und \u00dcbernachtungspl\u00e4tze in Portugal sind im Wesentlichen zwei Quellen verantwortlich. Andr\u00e9 von <a href=\"http:\/\/www.amumot.de\" target=\"_blank\">amumot.de<\/a> und Steffi von <a href=\"http:\/\/www.keine-eile.de\" target=\"_blank\">keine-eile.de<\/a> bzw. <a href=\"http:\/\/www.algarve-pur.de\" target=\"_blank\">algarve-pur.de<\/a>. Beide leben dauerhaft in ihren (gr\u00f6\u00dferen) Wohnmobilen und verdienen ihren Lebensunterhalt trotz und gerade beim Unterwegssein; u.a. mit dem Unterwegssein bzw. den Ger\u00e4tschaften, die man beim wohnmobilen Leben braucht. <\/p>\n<p>Andr\u00e9 und Steffi touren mit ihren Lebensgef\u00e4hrten und Fahrzeugen ganz \u00fcberwiegend auf Asphalt; und von dieser Art moderner Nomaden gibt es mehr als man glaubt. Sie bewegen sich h\u00e4ufig in \u00e4lteren, sehr individuell gestalteten Fahrzeugen im Sommer in mitteleurop\u00e4ischen und im Winter in s\u00fcdeurop\u00e4ischen Gefilden; der ein oder andere wagt auch mal den Sprung nach Marokko. Manche betreiben Kletter- und Kayaksport und verdienen sich Geld mit entsprechenden Routen-Ratgebern.<\/p>\n<p><a href=\"https:\/\/i0.wp.com\/www.bechmann.org\/amphibium\/wp-content\/uploads\/IMG_0671.jpg?ssl=1\"><img data-recalc-dims=\"1\" loading=\"lazy\" decoding=\"async\" title=\"IMG_0671\" style=\"border-left-width: 0px; border-right-width: 0px; background-image: none; border-bottom-width: 0px; padding-top: 0px; padding-left: 0px; display: inline; padding-right: 0px; border-top-width: 0px\" border=\"0\" alt=\"IMG_0671\" src=\"https:\/\/i0.wp.com\/www.bechmann.org\/amphibium\/wp-content\/uploads\/IMG_0671_thumb.jpg?resize=625%2C418&#038;ssl=1\" width=\"625\" height=\"418\"><\/a><\/p>\n<p>Allerdings z\u00e4hlen sie nicht zu den Fernreisemobilisten, mit denen wir bislang zu tun hatten, und zu denen wir uns mit dem Unimog auch eher z\u00e4hlen. Offroader und Overlander sind \u00fcberwiegend zeitlich begrenzt unterwegs, auch wenn der \u201clong way down\u201d (durch Afrika bis nach Kapstadt) oder der \u201clong way round\u201d (von Europa in die Mongolei oder nach China) oder die Panamericana Monate und Jahre dauern k\u00f6nnen. Asphalt-Wohnmobile sieht man auf der <a href=\"http:\/\/www.abenteuer-allrad.de\" target=\"_blank\">\u201cAbenteuer &amp; Allrad\u201d-Messe<\/a> oder <a href=\"http:\/\/www.willy-janssen.de\" target=\"_blank\">Willy\u2019s Fernreisemobiltreffen<\/a> und \u00e4hnlichen Veranstaltungen eher weniger.<\/p>\n<p><!--more--><\/p>\n<p>Und so sind Fern<em>reise<\/em>mobile \u00fcberwiegend Mobile, mit denen man reist, und Wohnmobile solche, in denen man \u00fcberwiegend wohnt. Letztere sind h\u00e4ufig mit allerlei Zierrat und Topfpflanzen gem\u00fctlich gestaltet, w\u00e4hrend bei ersteren das Durch- und Weiterkommen und der damit einhergehende Pragmatismus vorherrscht. Wohn-Mobil-Leben praktizieren au\u00dferdem Surfer, Naturfreaks und Hippies u.\u00e4.&nbsp; (und eine v\u00f6llig andere Klientel sind die Urlauber in Plastik-Wohnmobilen, deren prim\u00e4re Sorge die Ausrichtung der Satellitensch\u00fcssel ist). <\/p>\n<p><a href=\"https:\/\/i0.wp.com\/www.bechmann.org\/amphibium\/wp-content\/uploads\/IMG_0897.jpg?ssl=1\"><img data-recalc-dims=\"1\" loading=\"lazy\" decoding=\"async\" title=\"IMG_0897\" style=\"border-top: 0px; border-right: 0px; background-image: none; border-bottom: 0px; padding-top: 0px; padding-left: 0px; border-left: 0px; display: inline; padding-right: 0px\" border=\"0\" alt=\"IMG_0897\" src=\"https:\/\/i0.wp.com\/www.bechmann.org\/amphibium\/wp-content\/uploads\/IMG_0897_thumb.jpg?resize=625%2C418&#038;ssl=1\" width=\"625\" height=\"418\"><\/a><\/p>\n<p>F\u00fcr uns spielt das Outdoor- und Natur(er)leben nach unserer Erfahrung mit den <a href=\"http:\/\/www.wurzeltrapp.de\" target=\"_blank\">Wurzeltrapp<\/a>-Wochenenden ein gro\u00dfe Rolle, ebenso wie wandern, laufen, klettern, schwimmen, kayaken, vielleicht auch irgendwann mal reiten. Offroadfahren ist eher Mittel zum Zweck als Selbstzweck. Aber von den Leben-im-Wohnmobil-Leuten kann man sehr viel lernen; letztlich gibt es gro\u00dfe Schnittmengen. <\/p>\n<p>In den vergangenen drei Wochen habe ich in Portugal allemal zwei Fernreisemobile gesehen. Wir sind in Alentejo und Algarve so ziemlich die einzigen gewesen, die auf Stollenreifen und mit ein Meter Bodenfreiheit unterwegs sind. Aber uns ist, <a href=\"https:\/\/www.bechmann.org\/amphibium\/?p=1973\">wie erw\u00e4hnt<\/a>, sehr viel Begeisterung entgegen geschlagen, und die hat u.a. daf\u00fcr gesorgt, dass wir heute an einem kleinen, recht unbekannten Strand stehen \u2013 denn dieser Tipp kam von einem \u00f6rtlichen Offroad-Freak (und Mercedes G-Fahrer), den wir am Sonntag in den D\u00fcnen \u00f6stlich von Armacao de Pera kennengelernt haben. <\/p>\n<p><a href=\"https:\/\/i0.wp.com\/www.bechmann.org\/amphibium\/wp-content\/uploads\/IMG_0972.jpg?ssl=1\"><img data-recalc-dims=\"1\" loading=\"lazy\" decoding=\"async\" title=\"IMG_0972\" style=\"border-top: 0px; border-right: 0px; background-image: none; border-bottom: 0px; padding-top: 0px; padding-left: 0px; border-left: 0px; display: inline; padding-right: 0px\" border=\"0\" alt=\"IMG_0972\" src=\"https:\/\/i0.wp.com\/www.bechmann.org\/amphibium\/wp-content\/uploads\/IMG_0972_thumb.jpg?resize=625%2C418&#038;ssl=1\" width=\"625\" height=\"418\"><\/a><\/p>\n<p>Montags haben wir einen Strand-Spaziergang unternommen und sind durch Armacao de Pera flaniert; heute sind wir die gleiche Strecke am Meeressaum gejoggt, nachdem wir zuvor lange Kaffee trinkend in der Sonne vor dem Auto sa\u00dfen. Zuvor waren wir zum Sonnenaufgang aus den Federn gekrochen und hatten uns an der nahegelegenen Lagune mit ihrer gro\u00dfen Vielfalt an Zug- und anderen V\u00f6gel einer Morgen-Meditation und Naturbetrachtung gewidmet. <\/p>\n<p>Viele gute Standpl\u00e4tze haben sich in den vergangenen Tagen und Wochen aneinandergereiht, aber heute haben wir einen Top-Treffer gezogen: Eine kleine Bucht, eingerahmt von bizarren Felsen, feiner Sand-Strand; und wir sind nahezu alleine mit dem Wind, der den Unimog sanft schaukeln l\u00e4sst. <\/p>\n","protected":false},"excerpt":{"rendered":"<p>F\u00fcr unsere Stell- und \u00dcbernachtungspl\u00e4tze in Portugal sind im Wesentlichen zwei Quellen verantwortlich. Andr\u00e9 von amumot.de und Steffi von keine-eile.de bzw. algarve-pur.de. Beide leben dauerhaft in ihren (gr\u00f6\u00dferen) Wohnmobilen und verdienen ihren Lebensunterhalt trotz und gerade beim Unterwegssein; u.a. mit dem Unterwegssein bzw. den Ger\u00e4tschaften, die man beim wohnmobilen Leben braucht. Andr\u00e9 und Steffi touren [&hellip;]<\/p>\n","protected":false},"author":1,"featured_media":0,"comment_status":"open","ping_status":"open","sticky":false,"template":"","format":"standard","meta":{"jetpack_post_was_ever_published":false,"_jetpack_newsletter_access":"","_jetpack_dont_email_post_to_subs":true,"_jetpack_newsletter_tier_id":0,"_jetpack_memberships_contains_paywalled_content":false,"_jetpack_memberships_contains_paid_content":false,"footnotes":"","jetpack_publicize_message":"","jetpack_publicize_feature_enabled":true,"jetpack_social_post_already_shared":true,"jetpack_social_options":{"image_generator_settings":{"template":"highway","default_image_id":0,"font":"","enabled":false},"version":2}},"categories":[2],"tags":[255,257,258,259,256],"class_list":["post-1985","post","type-post","status-publish","format-standard","hentry","category-land","tag-armacao-de-pera","tag-fernreisemobil","tag-nomaden","tag-vagabunden","tag-wohnmobil"],"jetpack_publicize_connections":[],"jetpack_featured_media_url":"","jetpack_shortlink":"https:\/\/wp.me\/p4DyUk-w1","jetpack-related-posts":[{"id":3177,"url":"https:\/\/www.bechmann.org\/amphibium\/keine-eile-in-elea\/","url_meta":{"origin":1985,"position":0},"title":"Keine Eile in Elea","author":"Oliver","date":"8. April 2018","format":false,"excerpt":"In Elea gibt es ein Treffen. Manchmal sind Social Media noch \u201csocial\u201d und nicht verbr\u00e4mte Vertriebskan\u00e4le f\u00fcr Waren- oder Dienstleistungsangebote jedweder Art: Laut Instagram sind Steffi & Olaf von \u201cKeine Eile\u201d auf der Peloponnes unterwegs und justament kaum 20 Kilometer entfernt. Wir kommen einander entgegen, wir aus Norden, sie aus\u2026","rel":"","context":"In &quot;Land&quot;","block_context":{"text":"Land","link":"https:\/\/www.bechmann.org\/amphibium\/category\/land\/"},"img":{"alt_text":"keineeile","src":"https:\/\/i0.wp.com\/www.bechmann.org\/amphibium\/wp-content\/uploads\/keineeile_thumb.jpg?resize=350%2C200","width":350,"height":200,"srcset":"https:\/\/i0.wp.com\/www.bechmann.org\/amphibium\/wp-content\/uploads\/keineeile_thumb.jpg?resize=350%2C200 1x, https:\/\/i0.wp.com\/www.bechmann.org\/amphibium\/wp-content\/uploads\/keineeile_thumb.jpg?resize=525%2C300 1.5x, https:\/\/i0.wp.com\/www.bechmann.org\/amphibium\/wp-content\/uploads\/keineeile_thumb.jpg?resize=700%2C400 2x"},"classes":[]},{"id":2011,"url":"https:\/\/www.bechmann.org\/amphibium\/vor-und-nach-reiter\/","url_meta":{"origin":1985,"position":1},"title":"Vor- und Nach-Reiter","author":"Oliver","date":"15. Januar 2017","format":false,"excerpt":"Es geht zur\u00fcck, unweigerlich. Nach dem Kayak-\u00a0 und dem Strand-Tag am Praia de Albandeira n\u00e4chtigten wir am Praia de Falesia (genauer: am Praia dos Tomates), einige Kilometer weiter in Richtung Faro. Dort droht der Flughafen. Und damit Beates R\u00fcck-Flug, und meine damit einhergehende R\u00fcck-Fahrt. Am Praia de Falesia sind wir\u2026","rel":"","context":"In &quot;Land&quot;","block_context":{"text":"Land","link":"https:\/\/www.bechmann.org\/amphibium\/category\/land\/"},"img":{"alt_text":"IMG_1013","src":"https:\/\/i0.wp.com\/www.bechmann.org\/amphibium\/wp-content\/uploads\/IMG_1013_thumb.jpg?resize=350%2C200","width":350,"height":200,"srcset":"https:\/\/i0.wp.com\/www.bechmann.org\/amphibium\/wp-content\/uploads\/IMG_1013_thumb.jpg?resize=350%2C200 1x, https:\/\/i0.wp.com\/www.bechmann.org\/amphibium\/wp-content\/uploads\/IMG_1013_thumb.jpg?resize=525%2C300 1.5x"},"classes":[]},{"id":2656,"url":"https:\/\/www.bechmann.org\/amphibium\/costa-vicentina-von-klippen-und-strnden\/","url_meta":{"origin":1985,"position":2},"title":"Costa Vicentina: von Klippen und Str&auml;nden","author":"Oliver","date":"14. Januar 2018","format":false,"excerpt":"Genug der St\u00e4dte! Nach Santiago de Compostela, Ourense, Porto und Lissabon nun raus dahin, wo wir wirklich hinwollen als frisch gebackene Wildnisp\u00e4dagogen & Coyote Mentoren \u2013 in die Natur! Von Lissabon ging es \u00fcber Setubal gen Santiago do Cacem, vorbei an der an sich beeindruckenden Lagune von Santo Andr\u00e9 \u2013\u2026","rel":"","context":"In &quot;Land&quot;","block_context":{"text":"Land","link":"https:\/\/www.bechmann.org\/amphibium\/category\/land\/"},"img":{"alt_text":"","src":"https:\/\/i0.wp.com\/www.bechmann.org\/amphibium\/wp-content\/uploads\/IMG_20180108_115932-EFFECTS_thumb.jpg?resize=350%2C200","width":350,"height":200,"srcset":"https:\/\/i0.wp.com\/www.bechmann.org\/amphibium\/wp-content\/uploads\/IMG_20180108_115932-EFFECTS_thumb.jpg?resize=350%2C200 1x, https:\/\/i0.wp.com\/www.bechmann.org\/amphibium\/wp-content\/uploads\/IMG_20180108_115932-EFFECTS_thumb.jpg?resize=525%2C300 1.5x, https:\/\/i0.wp.com\/www.bechmann.org\/amphibium\/wp-content\/uploads\/IMG_20180108_115932-EFFECTS_thumb.jpg?resize=700%2C400 2x, https:\/\/i0.wp.com\/www.bechmann.org\/amphibium\/wp-content\/uploads\/IMG_20180108_115932-EFFECTS_thumb.jpg?resize=1050%2C600 3x, https:\/\/i0.wp.com\/www.bechmann.org\/amphibium\/wp-content\/uploads\/IMG_20180108_115932-EFFECTS_thumb.jpg?resize=1400%2C800 4x"},"classes":[]},{"id":525,"url":"https:\/\/www.bechmann.org\/amphibium\/familien-und-fuersten\/","url_meta":{"origin":1985,"position":3},"title":"Familien und F\u00fcrsten","author":"Oliver","date":"1. November 2014","format":false,"excerpt":"Wir \u00fcbernachten bei einer Familie, die eine Plantage auf einer Hochebene des Anti-Atlas, irgendwo in der Provinz Quazarzate. Sie bewirten uns morgens mit einem Fr\u00fchst\u00fcck und zeigen uns Bew\u00e4sserungsanlagen f\u00fcr ihren Frucht- und Gem\u00fcseanbau. Der ist \u00fcberwiegend zur Selbstversorgung gedacht. Tats\u00e4chlich kommen die Einwohner nicht so recht mit der Algenbildung\u2026","rel":"","context":"In &quot;Land&quot;","block_context":{"text":"Land","link":"https:\/\/www.bechmann.org\/amphibium\/category\/land\/"},"img":{"alt_text":"","src":"https:\/\/i0.wp.com\/www.bechmann.org\/amphibium\/wp-content\/uploads\/IMG_3417.jpg?resize=350%2C200","width":350,"height":200,"srcset":"https:\/\/i0.wp.com\/www.bechmann.org\/amphibium\/wp-content\/uploads\/IMG_3417.jpg?resize=350%2C200 1x, https:\/\/i0.wp.com\/www.bechmann.org\/amphibium\/wp-content\/uploads\/IMG_3417.jpg?resize=525%2C300 1.5x, https:\/\/i0.wp.com\/www.bechmann.org\/amphibium\/wp-content\/uploads\/IMG_3417.jpg?resize=700%2C400 2x, https:\/\/i0.wp.com\/www.bechmann.org\/amphibium\/wp-content\/uploads\/IMG_3417.jpg?resize=1050%2C600 3x, https:\/\/i0.wp.com\/www.bechmann.org\/amphibium\/wp-content\/uploads\/IMG_3417.jpg?resize=1400%2C800 4x"},"classes":[]},{"id":2772,"url":"https:\/\/www.bechmann.org\/amphibium\/freiheits-postulat-neo-imperialismus\/","url_meta":{"origin":1985,"position":4},"title":"Freiheits-Postulat &amp; Neo-Imperialismus","author":"Oliver","date":"17. Januar 2018","format":false,"excerpt":"Leinen los zur rechten Zeit: Die Praia da Marinha verlie\u00dfen wir am Dienstag Mittag offensichtlich rechtzeitig \u2013 ein oder zwei Tage sp\u00e4ter wurden die dort frei stehenden Wohnmobilisten von den portugiesischen Ordnungsh\u00fctern verscheucht und Erdw\u00e4lle aufgesch\u00fcttet, um den Zugang zum Gel\u00e4nde oberhalb der Klippen des Strandes zu versperren. Solcherlei kommt\u2026","rel":"","context":"In &quot;Land&quot;","block_context":{"text":"Land","link":"https:\/\/www.bechmann.org\/amphibium\/category\/land\/"},"img":{"alt_text":"","src":"https:\/\/i0.wp.com\/www.bechmann.org\/amphibium\/wp-content\/uploads\/img_20180117_155426-960937178.jpg?resize=350%2C200","width":350,"height":200,"srcset":"https:\/\/i0.wp.com\/www.bechmann.org\/amphibium\/wp-content\/uploads\/img_20180117_155426-960937178.jpg?resize=350%2C200 1x, https:\/\/i0.wp.com\/www.bechmann.org\/amphibium\/wp-content\/uploads\/img_20180117_155426-960937178.jpg?resize=525%2C300 1.5x, https:\/\/i0.wp.com\/www.bechmann.org\/amphibium\/wp-content\/uploads\/img_20180117_155426-960937178.jpg?resize=700%2C400 2x, https:\/\/i0.wp.com\/www.bechmann.org\/amphibium\/wp-content\/uploads\/img_20180117_155426-960937178.jpg?resize=1050%2C600 3x, https:\/\/i0.wp.com\/www.bechmann.org\/amphibium\/wp-content\/uploads\/img_20180117_155426-960937178.jpg?resize=1400%2C800 4x"},"classes":[]},{"id":2247,"url":"https:\/\/www.bechmann.org\/amphibium\/joy-und-happiness-in-plum-village\/","url_meta":{"origin":1985,"position":5},"title":"&#8222;Joy&#8220; und &#8222;Happiness&#8220; in Plum Village","author":"Oliver","date":"22. Juli 2017","format":false,"excerpt":"Plum Village ist ein magischer Ort, doch seine Magie besteht nicht im Ort, sondern in den Menschen, die diesen Ort beleben. Es sind die Nonnen und M\u00f6nche, die ihn zu etwas Besonderem machen; es sind die Menschen, die ihn besuchen und mit den \"Profis\" und engagierten Laien mit einem fr\u00f6hlichen\u2026","rel":"","context":"In &quot;Land&quot;","block_context":{"text":"Land","link":"https:\/\/www.bechmann.org\/amphibium\/category\/land\/"},"img":{"alt_text":"","src":"https:\/\/i0.wp.com\/www.bechmann.org\/amphibium\/wp-content\/uploads\/IMG_20170718_121614.jpg?resize=350%2C200","width":350,"height":200,"srcset":"https:\/\/i0.wp.com\/www.bechmann.org\/amphibium\/wp-content\/uploads\/IMG_20170718_121614.jpg?resize=350%2C200 1x, https:\/\/i0.wp.com\/www.bechmann.org\/amphibium\/wp-content\/uploads\/IMG_20170718_121614.jpg?resize=525%2C300 1.5x, https:\/\/i0.wp.com\/www.bechmann.org\/amphibium\/wp-content\/uploads\/IMG_20170718_121614.jpg?resize=700%2C400 2x, https:\/\/i0.wp.com\/www.bechmann.org\/amphibium\/wp-content\/uploads\/IMG_20170718_121614.jpg?resize=1050%2C600 3x, https:\/\/i0.wp.com\/www.bechmann.org\/amphibium\/wp-content\/uploads\/IMG_20170718_121614.jpg?resize=1400%2C800 4x"},"classes":[]}],"jetpack_sharing_enabled":true,"_links":{"self":[{"href":"https:\/\/www.bechmann.org\/amphibium\/wp-json\/wp\/v2\/posts\/1985","targetHints":{"allow":["GET"]}}],"collection":[{"href":"https:\/\/www.bechmann.org\/amphibium\/wp-json\/wp\/v2\/posts"}],"about":[{"href":"https:\/\/www.bechmann.org\/amphibium\/wp-json\/wp\/v2\/types\/post"}],"author":[{"embeddable":true,"href":"https:\/\/www.bechmann.org\/amphibium\/wp-json\/wp\/v2\/users\/1"}],"replies":[{"embeddable":true,"href":"https:\/\/www.bechmann.org\/amphibium\/wp-json\/wp\/v2\/comments?post=1985"}],"version-history":[{"count":2,"href":"https:\/\/www.bechmann.org\/amphibium\/wp-json\/wp\/v2\/posts\/1985\/revisions"}],"predecessor-version":[{"id":2180,"href":"https:\/\/www.bechmann.org\/amphibium\/wp-json\/wp\/v2\/posts\/1985\/revisions\/2180"}],"wp:attachment":[{"href":"https:\/\/www.bechmann.org\/amphibium\/wp-json\/wp\/v2\/media?parent=1985"}],"wp:term":[{"taxonomy":"category","embeddable":true,"href":"https:\/\/www.bechmann.org\/amphibium\/wp-json\/wp\/v2\/categories?post=1985"},{"taxonomy":"post_tag","embeddable":true,"href":"https:\/\/www.bechmann.org\/amphibium\/wp-json\/wp\/v2\/tags?post=1985"}],"curies":[{"name":"wp","href":"https:\/\/api.w.org\/{rel}","templated":true}]}}