{"id":1973,"date":"2017-01-08T22:18:00","date_gmt":"2017-01-08T21:18:00","guid":{"rendered":"http:\/\/www.bechmann.org\/amphibium\/?p=1973"},"modified":"2017-06-17T12:49:18","modified_gmt":"2017-06-17T10:49:18","slug":"weinprobe-frs-franzsische-fernsehen","status":"publish","type":"post","link":"https:\/\/www.bechmann.org\/amphibium\/weinprobe-frs-franzsische-fernsehen\/","title":{"rendered":"Weinprobe f\u00fcrs franz\u00f6sische Fernsehen"},"content":{"rendered":"<div style=\"width: 654px\" class=\"wp-caption alignnone\"><img data-recalc-dims=\"1\" loading=\"lazy\" decoding=\"async\" title=\"PICT_20170108_112546 (1)\" border=\"0\" alt=\"PICT_20170108_112546 (1)\" src=\"https:\/\/i0.wp.com\/www.bechmann.org\/amphibium\/wp-content\/uploads\/PICT_20170108_112546-1_thumb.jpg?resize=625%2C470&#038;ssl=1\" width=\"625\" height=\"470\"><p class=\"wp-caption-text\">Kathedrale in Silves.<\/p><\/div>\n<p>Ein Sonntag. Wie kein anderer. Wie kein anderer Tag zuvor in den vergangenen drei Wochen. Nach den vielen Strand-Tagen und \u2013N\u00e4chten trieb es uns gestern ins Hinterland, nach Silves, in dem mit dem maurischen Kastell aus dem 12.\/13. Jahrhundert ein portugiesisches Nationalmonument zu finden ist. Erbaut und genutzt von den Eroberern der Almoraviden und Almohaden von der anderen Seite des Atlantiks, Richtung Afrika.<\/p>\n<p>Zweimal waren wir in Marokko mit dem Unimog gewesen, und hatten dort von den St\u00e4mmen s\u00fcdlich des Atlas gelesen, die es im 12. Jahrhundert aus der sandig-staubigen-felsigen W\u00fcstenei auf die iberische Halbinsel zog, gierig nach Gr\u00fcn und Wasser und Verbreitung des einzig wahren Glaubens (und ihrer jeweiligen Auslegung davon): <a href=\"https:\/\/de.wikipedia.org\/wiki\/Almoraviden\" target=\"_blank\">Almoraviden<\/a> und <a href=\"https:\/\/de.wikipedia.org\/wiki\/Almohaden\" target=\"_blank\">Almohaden<\/a>, gefolgt von einer dritten Welle harter Beduinen-Krieger (deren Name ich vergessen habe): Die ersteren verweichlichten im angenehmen s\u00fcdiberischen Lebensstil und wurden von den zweiteren verdr\u00e4ngt, die ebenso ihre <em>Toughness<\/em> verloren und von den dritten \u00fcberwunden wurden\u2026\u00b4(na ja, die Geschichte ist insgesamt komplizierter, deswegen die Verweise auf die Wikipedia).<\/p>\n<h3>Kastell und Kathedrale in Silves<\/h3>\n<p>Wir nutzen einen der drei (!) Wohnmobil-Stellpl\u00e4tze in Silves, prall gef\u00fcllt mit wei\u00dfen Plastik-Wohnmobilen, dicht Seite an Seite auf Schotter geparkt, mit sorgf\u00e4ltig ausgerichteter Satellitensch\u00fcssel. Nicht unser Stil, aber manchmal muss das sein; zur Ver- und Entsorgung, und richtig duschen ist auch sch\u00f6n.<\/p>\n<div class=\"tiled-gallery type-rectangular tiled-gallery-unresized\" data-original-width=\"625\" data-carousel-extra='{&quot;blog_id&quot;:1,&quot;permalink&quot;:&quot;https:\\\/\\\/www.bechmann.org\\\/amphibium\\\/weinprobe-frs-franzsische-fernsehen\\\/&quot;,&quot;likes_blog_id&quot;:68534324}' itemscope itemtype=\"http:\/\/schema.org\/ImageGallery\" > <div class=\"gallery-row\" style=\"width: 625px; height: 314px;\" data-original-width=\"625\" data-original-height=\"314\" > <div class=\"gallery-group images-1\" style=\"width: 417px; height: 314px;\" data-original-width=\"417\" data-original-height=\"314\" > <div class=\"tiled-gallery-item tiled-gallery-item-large\" itemprop=\"associatedMedia\" itemscope itemtype=\"http:\/\/schema.org\/ImageObject\"> <a href=\"https:\/\/www.bechmann.org\/amphibium\/weinprobe-frs-franzsische-fernsehen\/dsc00216-jpg\/\" border=\"0\" itemprop=\"url\"> <meta itemprop=\"width\" content=\"413\"> <meta itemprop=\"height\" content=\"310\"> <img decoding=\"async\" class=\"\" data-attachment-id=\"1970\" data-orig-file=\"https:\/\/www.bechmann.org\/amphibium\/wp-content\/uploads\/DSC00216.jpg\" data-orig-size=\"644,484\" data-comments-opened=\"\" data-image-meta=\"{&quot;aperture&quot;:&quot;0&quot;,&quot;credit&quot;:&quot;&quot;,&quot;camera&quot;:&quot;&quot;,&quot;caption&quot;:&quot;&quot;,&quot;created_timestamp&quot;:&quot;0&quot;,&quot;copyright&quot;:&quot;&quot;,&quot;focal_length&quot;:&quot;0&quot;,&quot;iso&quot;:&quot;0&quot;,&quot;shutter_speed&quot;:&quot;0&quot;,&quot;title&quot;:&quot;&quot;,&quot;orientation&quot;:&quot;0&quot;}\" data-image-title=\"DSC00216.jpg\" data-image-description=\"\" data-medium-file=\"https:\/\/i0.wp.com\/www.bechmann.org\/amphibium\/wp-content\/uploads\/DSC00216.jpg?fit=300%2C225&#038;ssl=1\" data-large-file=\"https:\/\/i0.wp.com\/www.bechmann.org\/amphibium\/wp-content\/uploads\/DSC00216.jpg?fit=625%2C470&#038;ssl=1\" src=\"https:\/\/i0.wp.com\/www.bechmann.org\/amphibium\/wp-content\/uploads\/DSC00216.jpg?w=413&#038;h=310&#038;ssl=1\" srcset=\"https:\/\/i0.wp.com\/www.bechmann.org\/amphibium\/wp-content\/uploads\/DSC00216.jpg?w=644&amp;ssl=1 644w, https:\/\/i0.wp.com\/www.bechmann.org\/amphibium\/wp-content\/uploads\/DSC00216.jpg?resize=300%2C225&amp;ssl=1 300w, https:\/\/i0.wp.com\/www.bechmann.org\/amphibium\/wp-content\/uploads\/DSC00216.jpg?resize=399%2C300&amp;ssl=1 399w\" width=\"413\" height=\"310\" loading=\"lazy\" data-original-width=\"413\" data-original-height=\"310\" itemprop=\"http:\/\/schema.org\/image\" title=\"DSC00216.jpg\" alt=\"St\u00f6rche auf Stadtmauer.\" style=\"width: 413px; height: 310px;\" \/> <\/a> <div class=\"tiled-gallery-caption\" itemprop=\"caption description\"> St\u00f6rche auf Stadtmauer. <\/div> <\/div> <\/div> <!-- close group --> <div class=\"gallery-group images-2\" style=\"width: 208px; height: 314px;\" data-original-width=\"208\" data-original-height=\"314\" > <div class=\"tiled-gallery-item tiled-gallery-item-small\" itemprop=\"associatedMedia\" itemscope itemtype=\"http:\/\/schema.org\/ImageObject\"> <a href=\"https:\/\/www.bechmann.org\/amphibium\/weinprobe-frs-franzsische-fernsehen\/pict_20170108_112431-jpg\/\" border=\"0\" itemprop=\"url\"> <meta itemprop=\"width\" content=\"204\"> <meta itemprop=\"height\" content=\"153\"> <img decoding=\"async\" class=\"\" data-attachment-id=\"1966\" data-orig-file=\"https:\/\/www.bechmann.org\/amphibium\/wp-content\/uploads\/PICT_20170108_112431.jpg\" data-orig-size=\"1024,768\" data-comments-opened=\"\" data-image-meta=\"{&quot;aperture&quot;:&quot;0&quot;,&quot;credit&quot;:&quot;&quot;,&quot;camera&quot;:&quot;&quot;,&quot;caption&quot;:&quot;&quot;,&quot;created_timestamp&quot;:&quot;0&quot;,&quot;copyright&quot;:&quot;&quot;,&quot;focal_length&quot;:&quot;0&quot;,&quot;iso&quot;:&quot;0&quot;,&quot;shutter_speed&quot;:&quot;0&quot;,&quot;title&quot;:&quot;&quot;,&quot;orientation&quot;:&quot;0&quot;}\" data-image-title=\"PICT_20170108_112431.jpg\" data-image-description=\"\" data-medium-file=\"https:\/\/i0.wp.com\/www.bechmann.org\/amphibium\/wp-content\/uploads\/PICT_20170108_112431.jpg?fit=300%2C225&#038;ssl=1\" data-large-file=\"https:\/\/i0.wp.com\/www.bechmann.org\/amphibium\/wp-content\/uploads\/PICT_20170108_112431.jpg?fit=625%2C469&#038;ssl=1\" src=\"https:\/\/i0.wp.com\/www.bechmann.org\/amphibium\/wp-content\/uploads\/PICT_20170108_112431.jpg?w=204&#038;h=153&#038;ssl=1\" srcset=\"https:\/\/i0.wp.com\/www.bechmann.org\/amphibium\/wp-content\/uploads\/PICT_20170108_112431.jpg?w=1024&amp;ssl=1 1024w, https:\/\/i0.wp.com\/www.bechmann.org\/amphibium\/wp-content\/uploads\/PICT_20170108_112431.jpg?resize=300%2C225&amp;ssl=1 300w, https:\/\/i0.wp.com\/www.bechmann.org\/amphibium\/wp-content\/uploads\/PICT_20170108_112431.jpg?resize=768%2C576&amp;ssl=1 768w, https:\/\/i0.wp.com\/www.bechmann.org\/amphibium\/wp-content\/uploads\/PICT_20170108_112431.jpg?resize=400%2C300&amp;ssl=1 400w\" width=\"204\" height=\"153\" loading=\"lazy\" data-original-width=\"204\" data-original-height=\"153\" itemprop=\"http:\/\/schema.org\/image\" title=\"PICT_20170108_112431.jpg\" alt=\"Kathedrale in Silves.\" style=\"width: 204px; height: 153px;\" \/> <\/a> <div class=\"tiled-gallery-caption\" itemprop=\"caption description\"> Kathedrale in Silves. <\/div> <\/div> <div class=\"tiled-gallery-item tiled-gallery-item-small\" itemprop=\"associatedMedia\" itemscope itemtype=\"http:\/\/schema.org\/ImageObject\"> <a href=\"https:\/\/www.bechmann.org\/amphibium\/weinprobe-frs-franzsische-fernsehen\/dsc00242-jpg\/\" border=\"0\" itemprop=\"url\"> <meta itemprop=\"width\" content=\"204\"> <meta itemprop=\"height\" content=\"153\"> <img decoding=\"async\" class=\"\" data-attachment-id=\"1964\" data-orig-file=\"https:\/\/www.bechmann.org\/amphibium\/wp-content\/uploads\/DSC00242.jpg\" data-orig-size=\"1024,768\" data-comments-opened=\"\" data-image-meta=\"{&quot;aperture&quot;:&quot;0&quot;,&quot;credit&quot;:&quot;&quot;,&quot;camera&quot;:&quot;&quot;,&quot;caption&quot;:&quot;&quot;,&quot;created_timestamp&quot;:&quot;0&quot;,&quot;copyright&quot;:&quot;&quot;,&quot;focal_length&quot;:&quot;0&quot;,&quot;iso&quot;:&quot;0&quot;,&quot;shutter_speed&quot;:&quot;0&quot;,&quot;title&quot;:&quot;&quot;,&quot;orientation&quot;:&quot;0&quot;}\" data-image-title=\"DSC00242.jpg\" data-image-description=\"\" data-medium-file=\"https:\/\/i0.wp.com\/www.bechmann.org\/amphibium\/wp-content\/uploads\/DSC00242.jpg?fit=300%2C225&#038;ssl=1\" data-large-file=\"https:\/\/i0.wp.com\/www.bechmann.org\/amphibium\/wp-content\/uploads\/DSC00242.jpg?fit=625%2C469&#038;ssl=1\" src=\"https:\/\/i0.wp.com\/www.bechmann.org\/amphibium\/wp-content\/uploads\/DSC00242.jpg?w=204&#038;h=153&#038;ssl=1\" srcset=\"https:\/\/i0.wp.com\/www.bechmann.org\/amphibium\/wp-content\/uploads\/DSC00242.jpg?w=1024&amp;ssl=1 1024w, https:\/\/i0.wp.com\/www.bechmann.org\/amphibium\/wp-content\/uploads\/DSC00242.jpg?resize=300%2C225&amp;ssl=1 300w, https:\/\/i0.wp.com\/www.bechmann.org\/amphibium\/wp-content\/uploads\/DSC00242.jpg?resize=768%2C576&amp;ssl=1 768w, https:\/\/i0.wp.com\/www.bechmann.org\/amphibium\/wp-content\/uploads\/DSC00242.jpg?resize=400%2C300&amp;ssl=1 400w\" width=\"204\" height=\"153\" loading=\"lazy\" data-original-width=\"204\" data-original-height=\"153\" itemprop=\"http:\/\/schema.org\/image\" title=\"DSC00242.jpg\" alt=\"Kastell in Silves.\" style=\"width: 204px; height: 153px;\" \/> <\/a> <div class=\"tiled-gallery-caption\" itemprop=\"caption description\"> Kastell in Silves. <\/div> <\/div> <\/div> <!-- close group --> <\/div> <!-- close row --> <\/div>\n<p>&nbsp;<\/p>\n<p><a href=\"https:\/\/goo.gl\/photos\/Q6wi5szM6dU9dki88\" target=\"_blank\">Film zu Silves\u2026hier klicken!<\/a><\/p>\n<p>Im Kastell neben der Kathedrale \u2013 kurz wohnten wir der sonnt\u00e4glichen katholischen Messe bei &#8211; fand sich ein \u00fcberraschend h\u00fcbsches Caf\u00e9-Bar-Restaurant, in dem wir die warme Sonne genossen und schlenderten anschlie\u00dfend durch Stra\u00dfen und Gassen, die \u00fcblicherweise mit dem Attribut \u201cpittoresk\u201d versehen werden. \u00dcber unseren K\u00f6pfen kreisten Dutzende (!) St\u00f6rche, segelten knapp \u00fcber die H\u00e4userd\u00e4cher und klapperten nach Landung in einem der zahllosen Nester mit den Schn\u00e4beln (scheinbar \u00fcberwintern alle St\u00f6rche in Silves).<\/p>\n<p><!--more--><\/p>\n<p>Google wei\u00df alles (und zeigt es einem auch gnadenlos in Google Now), aber nicht immer und \u00fcberall. So war der Datenkrake der Meinung, die nahe gelegene <a href=\"http:\/\/www.quintadofrances.com\/\" target=\"_blank\">Quinta do Frances Winery<\/a> h\u00e4tte sonntags offen \u2013 als wir dort ankamen, erwies sich das als Fehlinformation: Das gilt nur f\u00fcr den Sommer. Das Weingut hat im Winter geschlossen. Yeah! Google macht Fehler, es besteht Grund zur Hoffnung, der Matrix gelegentlich zu entkommen\u2026<\/p>\n<p><a href=\"https:\/\/i0.wp.com\/www.bechmann.org\/amphibium\/wp-content\/uploads\/IMG_20170108_143436.jpg?ssl=1\"><img data-recalc-dims=\"1\" loading=\"lazy\" decoding=\"async\" title=\"IMG_20170108_143436\" style=\"border-left-width: 0px; border-right-width: 0px; background-image: none; border-bottom-width: 0px; padding-top: 0px; padding-left: 0px; display: inline; padding-right: 0px; border-top-width: 0px\" border=\"0\" alt=\"IMG_20170108_143436\" src=\"https:\/\/i0.wp.com\/www.bechmann.org\/amphibium\/wp-content\/uploads\/IMG_20170108_143436_thumb.jpg?resize=625%2C470&#038;ssl=1\" width=\"625\" height=\"470\"><\/a><\/p>\n<p>Aber das Universum war mit uns: Da ein franz\u00f6sisches Filmteam f\u00fcr einen Beitrag eines TV-Reisejournales drehen und dabei eine Szene aufnehmen wollte, in der eine Weinprobe dargestellt wurde, \u00fcberredeten sie uns, als Statisten zu dienen. Somit kamen wir zu einer vergn\u00fcglichen Runde, zwei Kartons Rot- und Rosewein und einem Auftritt irgendwann im franz\u00f6sischen Fernsehen\u2026 Und das in unseren schlampigen Unimog-Klamotten.<\/p>\n<p>Auf der Weiterfahrt erwarben wir an einem Stra\u00dfen-Stand Obst und Gem\u00fcse und stellten den Unimog \u00f6stlich von Amacao de Pera in die D\u00fcnen. Seit Beginn der Reise wurde unser Fahrzeug zahllose Male mit einem \u201cThumbs up\u201d-Geste begr\u00fc\u00dft, aber ein Jeepfahrer und Offroad-Begeisterter, der neben uns hielt, \u00fcberschlug sich regelrecht vor Begeisterung und mochte sich kaum mehr von dem 4&#215;4-Lkw l\u00f6sen. Er gab uns ein paar Tipps, speziell zu einem sch\u00f6nen Strand, zu dem wir mit dem Unimog hinabklettern k\u00f6nnten\u2026 (den werden wir morgen besuchen).<\/p>\n<h3>Lieber Alentejo als Armacao de Pera und Albufeira<\/h3>\n<p>Die Gegend um Armacao de Pera, hin zu Albufeira, ist vielleicht mit der spanischen Costa Brava oder Costa del Sol nicht zu vergleichen, aber wenn man von Alentejo und S\u00fcdwestalgarve kommt, doch ziemlich touristisch, voll, laut. Sangria-im-Eimer-saufen gibt\u2019s hier wohl nicht, aber wenn es auf einer Tourismus-Site \u00fcber den Ort hei\u00dft\u2026<\/p>\n<blockquote>\n<p>Arma\u00e7\u00e3o de P\u00eara ist ein sehr lebhafter Urlaubsort mit einer Vielzahl an Gesch\u00e4ften, Restaurants und Bars, von denen viele an der belebten Promenade liegen, die den Strand s\u00e4umt. Da viele davon bis sp\u00e4t in die Nacht ge\u00f6ffnet sind, ist dies auch ein beliebter Ort, um abends auszugehen.<\/p>\n<\/blockquote>\n<p>\u2026 und einen Blick auf die Hotelt\u00fcrme und Bettenburgen westlich wirft, dann kann man sich einen Reim drauf machen. So was ertrage ich nur an zwei Orten in der Welt: Tel Aviv und Eilat.<\/p>\n<p>Wir sind nach Osten in die D\u00fcnen ausgewichen, stehen mit ein paar wenigen Wohnmobilen im Sand hinter gro\u00dfen B\u00fcschen. Die GNR l\u00e4sst einen hier angeblich in Ruhe, wenn man nicht so aussieht, als wolle man Pfeiler in den Boden rammen. Ich hege sogar die Vermutung, dass bei der allerorten anzutreffenden Unimog-Begeisterung GNR-Gendarme mit ihren Nissan Patrol-Gel\u00e4ndewagen uns eher in eine Fachsimpelei verwickeln w\u00fcrden\u2026 <\/p>\n","protected":false},"excerpt":{"rendered":"<p>Ein Sonntag. Wie kein anderer. Wie kein anderer Tag zuvor in den vergangenen drei Wochen. Nach den vielen Strand-Tagen und \u2013N\u00e4chten trieb es uns gestern ins Hinterland, nach Silves, in dem mit dem maurischen Kastell aus dem 12.\/13. Jahrhundert ein portugiesisches Nationalmonument zu finden ist. Erbaut und genutzt von den Eroberern der Almoraviden und Almohaden [&hellip;]<\/p>\n","protected":false},"author":1,"featured_media":0,"comment_status":"open","ping_status":"open","sticky":false,"template":"","format":"standard","meta":{"jetpack_post_was_ever_published":false,"_jetpack_newsletter_access":"","_jetpack_dont_email_post_to_subs":false,"_jetpack_newsletter_tier_id":0,"_jetpack_memberships_contains_paywalled_content":false,"_jetpack_memberships_contains_paid_content":false,"footnotes":"","jetpack_publicize_message":"","jetpack_publicize_feature_enabled":true,"jetpack_social_post_already_shared":true,"jetpack_social_options":{"image_generator_settings":{"template":"highway","default_image_id":0,"font":"","enabled":false},"version":2}},"categories":[2],"tags":[255,254],"class_list":["post-1973","post","type-post","status-publish","format-standard","hentry","category-land","tag-armacao-de-pera","tag-silves"],"jetpack_publicize_connections":[],"jetpack_featured_media_url":"","jetpack_shortlink":"https:\/\/wp.me\/p4DyUk-vP","jetpack-related-posts":[{"id":1997,"url":"https:\/\/www.bechmann.org\/amphibium\/kayaken-an-der-algarve-kste\/","url_meta":{"origin":1973,"position":0},"title":"Kayaken an der Algarve-K\u00fcste","author":"Oliver","date":"12. Januar 2017","format":false,"excerpt":"In mentalen Trainings wird ist der Perspektivenwechsel ein h\u00e4ufig eingesetztes Mittel. Und k\u00f6nnte es einen besseren Perspektivenwechsel f\u00fcr das Landtier Mensch geben, von der See-Seite aufs Land zu schauen? Und w\u00fcrde das der Idee des \u201cAmphibiums\u201d, also: Leben an Land und am\/auf dem Wasser und den \u00dcbergangszonen, besser gerecht werden?\u2026","rel":"","context":"In &quot;Wasser&quot;","block_context":{"text":"Wasser","link":"https:\/\/www.bechmann.org\/amphibium\/category\/wasser\/"},"img":{"alt_text":"","src":"https:\/\/i0.wp.com\/www.bechmann.org\/amphibium\/wp-content\/uploads\/RIMG0119-2-1.jpg?resize=350%2C200","width":350,"height":200,"srcset":"https:\/\/i0.wp.com\/www.bechmann.org\/amphibium\/wp-content\/uploads\/RIMG0119-2-1.jpg?resize=350%2C200 1x, https:\/\/i0.wp.com\/www.bechmann.org\/amphibium\/wp-content\/uploads\/RIMG0119-2-1.jpg?resize=525%2C300 1.5x, https:\/\/i0.wp.com\/www.bechmann.org\/amphibium\/wp-content\/uploads\/RIMG0119-2-1.jpg?resize=700%2C400 2x"},"classes":[]},{"id":3190,"url":"https:\/\/www.bechmann.org\/amphibium\/zeitraubender-reise-alltag\/","url_meta":{"origin":1973,"position":1},"title":"Zeitraubender Reise-Alltag","author":"Oliver","date":"13. April 2018","format":false,"excerpt":"Das Tropfen des Getriebe\u00f6ls aus der Manschette am Schubrohr des Gr\u00fcnimogs erweist sich morgens als vernachl\u00e4ssigbare Gr\u00f6\u00dfe. Es bereitet dennoch Sorgen, indes: Die M\u00fcckenplage w\u00e4hrend der Nacht war ernster zu nehmen. Nach einer weiteren Nacht mit kaum Schlaf kommt ein Mittel der Wildnisp\u00e4dagogik zum Einsatz. R\u00e4uchern. Das so genannte smudging\u2026","rel":"","context":"In &quot;Alltag unterwegs&quot;","block_context":{"text":"Alltag unterwegs","link":"https:\/\/www.bechmann.org\/amphibium\/category\/alltag-unterwegs\/"},"img":{"alt_text":"leonidiocamping","src":"https:\/\/i0.wp.com\/www.bechmann.org\/amphibium\/wp-content\/uploads\/leonidiocamping_thumb.jpg?resize=350%2C200","width":350,"height":200,"srcset":"https:\/\/i0.wp.com\/www.bechmann.org\/amphibium\/wp-content\/uploads\/leonidiocamping_thumb.jpg?resize=350%2C200 1x, https:\/\/i0.wp.com\/www.bechmann.org\/amphibium\/wp-content\/uploads\/leonidiocamping_thumb.jpg?resize=525%2C300 1.5x, https:\/\/i0.wp.com\/www.bechmann.org\/amphibium\/wp-content\/uploads\/leonidiocamping_thumb.jpg?resize=700%2C400 2x"},"classes":[]},{"id":4210,"url":"https:\/\/www.bechmann.org\/amphibium\/anderswo-ist-es-vielleicht-besser\/","url_meta":{"origin":1973,"position":2},"title":"Anderswo ist es vielleicht besser","author":"Oliver","date":"5. Mai 2019","format":false,"excerpt":"Dahin, wo's besser ist... Die Festung Europa abschotten? Vor denen aus Afrika? Aber von \"denen\" stammen wir doch ab. W\u00e4re nicht vor vielen vielen vielen Jahren jemand in Ost- oder S\u00fcdafrika, wo die Menschheit entstanden ist, jemand auf die Idee gekommen, dass es anderswo besser sein k\u00f6nnte, so w\u00fcrden wir\u2026","rel":"","context":"In &quot;Land&quot;","block_context":{"text":"Land","link":"https:\/\/www.bechmann.org\/amphibium\/category\/land\/"},"img":{"alt_text":"","src":"https:\/\/i0.wp.com\/www.bechmann.org\/amphibium\/wp-content\/uploads\/skeleton.jpg?resize=350%2C200&ssl=1","width":350,"height":200,"srcset":"https:\/\/i0.wp.com\/www.bechmann.org\/amphibium\/wp-content\/uploads\/skeleton.jpg?resize=350%2C200&ssl=1 1x, https:\/\/i0.wp.com\/www.bechmann.org\/amphibium\/wp-content\/uploads\/skeleton.jpg?resize=525%2C300&ssl=1 1.5x, https:\/\/i0.wp.com\/www.bechmann.org\/amphibium\/wp-content\/uploads\/skeleton.jpg?resize=700%2C400&ssl=1 2x, https:\/\/i0.wp.com\/www.bechmann.org\/amphibium\/wp-content\/uploads\/skeleton.jpg?resize=1050%2C600&ssl=1 3x, https:\/\/i0.wp.com\/www.bechmann.org\/amphibium\/wp-content\/uploads\/skeleton.jpg?resize=1400%2C800&ssl=1 4x"},"classes":[]},{"id":2562,"url":"https:\/\/www.bechmann.org\/amphibium\/coyote-mentoring-schluss-mit-dem-wilden-jahr\/","url_meta":{"origin":1973,"position":3},"title":"Coyote Mentoring: Schluss mit dem wilden Jahr!","author":"Oliver","date":"17. Dezember 2017","format":false,"excerpt":"Ende und Anfang. Nach dem Acht-Schilde-Modell ist alles ein Kreislauf, kein Anfang, kein Ende; kein Ende, kein Anfang. F\u00fcr die frischgebackenen Coyote Mentoren ist das \u201cwilde\u201d Jahr vorbei, sie werden im sechsten und abschlie\u00dfenden Modul der Wildnisp\u00e4dagogik-Ausbildung \u201causgewildert\u201d in einen neuen Anfang. Walk on your own feet. Zuvor stellten wir\u2026","rel":"","context":"In &quot;Coyote Mentoring&quot;","block_context":{"text":"Coyote Mentoring","link":"https:\/\/www.bechmann.org\/amphibium\/category\/coyote-mentoring\/"},"img":{"alt_text":"P1070320 (2)","src":"https:\/\/i0.wp.com\/www.bechmann.org\/amphibium\/wp-content\/uploads\/P1070320-2_thumb.jpg?resize=350%2C200","width":350,"height":200,"srcset":"https:\/\/i0.wp.com\/www.bechmann.org\/amphibium\/wp-content\/uploads\/P1070320-2_thumb.jpg?resize=350%2C200 1x, https:\/\/i0.wp.com\/www.bechmann.org\/amphibium\/wp-content\/uploads\/P1070320-2_thumb.jpg?resize=525%2C300 1.5x, https:\/\/i0.wp.com\/www.bechmann.org\/amphibium\/wp-content\/uploads\/P1070320-2_thumb.jpg?resize=700%2C400 2x, https:\/\/i0.wp.com\/www.bechmann.org\/amphibium\/wp-content\/uploads\/P1070320-2_thumb.jpg?resize=1050%2C600 3x, https:\/\/i0.wp.com\/www.bechmann.org\/amphibium\/wp-content\/uploads\/P1070320-2_thumb.jpg?resize=1400%2C800 4x"},"classes":[]},{"id":2204,"url":"https:\/\/www.bechmann.org\/amphibium\/coyote-mentoring-pflanzen-heilige-jagd\/","url_meta":{"origin":1973,"position":4},"title":"Coyote Mentoring:  Pflanzen &#038; Heilige Jagd","author":"Oliver","date":"26. Juni 2017","format":false,"excerpt":"Der Wandspruch ist in der Jugendherberge Hoherodskopf im Eingangsbereich zu lesen - und k\u00f6nnte es ein besseres Motto f\u00fcr die Ausbildung zum Wildnisp\u00e4dagogen geben, die Beate und ich derzeit durchlaufen? Zum dritten Modul haben sich die rund zwei Dutzend Teilnehmer, ganz \u00fcberwiegend im Rhein-Main-Gebiet ans\u00e4ssig, am vergangenen Freitag auf der\u2026","rel":"","context":"In &quot;Coyote Mentoring&quot;","block_context":{"text":"Coyote Mentoring","link":"https:\/\/www.bechmann.org\/amphibium\/category\/coyote-mentoring\/"},"img":{"alt_text":"","src":"https:\/\/i0.wp.com\/www.bechmann.org\/amphibium\/wp-content\/uploads\/PSX_20170623_232207-225x300.jpg?resize=350%2C200","width":350,"height":200},"classes":[]},{"id":2112,"url":"https:\/\/www.bechmann.org\/amphibium\/coyote-mentoring-feuer-voegel\/","url_meta":{"origin":1973,"position":5},"title":"Coyote Mentoring: Feuer &#038; V\u00f6gel","author":"Oliver","date":"24. April 2017","format":false,"excerpt":"Feuer machen nach archaischer Art ist nicht wirklich einfach. Das erlebten wir beim zweiten Modul der Wildnisp\u00e4dagogik am vergangenen Wochenende bei den Versuchen, mit einem Feuerbohrset dem Zunderh\u00e4ufchen ein Fl\u00e4mmlein zu entlocken... Wie berichtet, nutzen wir Amphibiums-Reisenden unsere Verweilzeit im station\u00e4ren Zuhause zu einer Ausbildung als \"Coyote Mentor\" der Wildnisp\u00e4daggik\u2026","rel":"","context":"In &quot;Coyote Mentoring&quot;","block_context":{"text":"Coyote Mentoring","link":"https:\/\/www.bechmann.org\/amphibium\/category\/coyote-mentoring\/"},"img":{"alt_text":"","src":"https:\/\/i0.wp.com\/www.bechmann.org\/amphibium\/wp-content\/uploads\/gruenimog.jpg?resize=350%2C200","width":350,"height":200,"srcset":"https:\/\/i0.wp.com\/www.bechmann.org\/amphibium\/wp-content\/uploads\/gruenimog.jpg?resize=350%2C200 1x, https:\/\/i0.wp.com\/www.bechmann.org\/amphibium\/wp-content\/uploads\/gruenimog.jpg?resize=525%2C300 1.5x, https:\/\/i0.wp.com\/www.bechmann.org\/amphibium\/wp-content\/uploads\/gruenimog.jpg?resize=700%2C400 2x, https:\/\/i0.wp.com\/www.bechmann.org\/amphibium\/wp-content\/uploads\/gruenimog.jpg?resize=1050%2C600 3x"},"classes":[]}],"jetpack_sharing_enabled":true,"_links":{"self":[{"href":"https:\/\/www.bechmann.org\/amphibium\/wp-json\/wp\/v2\/posts\/1973","targetHints":{"allow":["GET"]}}],"collection":[{"href":"https:\/\/www.bechmann.org\/amphibium\/wp-json\/wp\/v2\/posts"}],"about":[{"href":"https:\/\/www.bechmann.org\/amphibium\/wp-json\/wp\/v2\/types\/post"}],"author":[{"embeddable":true,"href":"https:\/\/www.bechmann.org\/amphibium\/wp-json\/wp\/v2\/users\/1"}],"replies":[{"embeddable":true,"href":"https:\/\/www.bechmann.org\/amphibium\/wp-json\/wp\/v2\/comments?post=1973"}],"version-history":[{"count":4,"href":"https:\/\/www.bechmann.org\/amphibium\/wp-json\/wp\/v2\/posts\/1973\/revisions"}],"predecessor-version":[{"id":2181,"href":"https:\/\/www.bechmann.org\/amphibium\/wp-json\/wp\/v2\/posts\/1973\/revisions\/2181"}],"wp:attachment":[{"href":"https:\/\/www.bechmann.org\/amphibium\/wp-json\/wp\/v2\/media?parent=1973"}],"wp:term":[{"taxonomy":"category","embeddable":true,"href":"https:\/\/www.bechmann.org\/amphibium\/wp-json\/wp\/v2\/categories?post=1973"},{"taxonomy":"post_tag","embeddable":true,"href":"https:\/\/www.bechmann.org\/amphibium\/wp-json\/wp\/v2\/tags?post=1973"}],"curies":[{"name":"wp","href":"https:\/\/api.w.org\/{rel}","templated":true}]}}