{"id":1951,"date":"2017-01-06T23:40:00","date_gmt":"2017-01-06T22:40:00","guid":{"rendered":"http:\/\/www.bechmann.org\/amphibium\/?p=1951"},"modified":"2017-06-17T12:49:37","modified_gmt":"2017-06-17T10:49:37","slug":"stadt-land-strand","status":"publish","type":"post","link":"https:\/\/www.bechmann.org\/amphibium\/stadt-land-strand\/","title":{"rendered":"Stadt, Land, Strand"},"content":{"rendered":"<p><a href=\"https:\/\/i0.wp.com\/www.bechmann.org\/amphibium\/wp-content\/uploads\/IMG_0438-2.jpg?ssl=1\"><img data-recalc-dims=\"1\" loading=\"lazy\" decoding=\"async\" style=\"background-image: none; padding-top: 0px; padding-left: 0px; display: inline; padding-right: 0px; border-width: 0px;\" title=\"IMG_0438 (2)\" src=\"https:\/\/i0.wp.com\/www.bechmann.org\/amphibium\/wp-content\/uploads\/IMG_0438-2_thumb.jpg?resize=625%2C470&#038;ssl=1\" alt=\"IMG_0438 (2)\" width=\"625\" height=\"470\" border=\"0\" \/><\/a><\/p>\n<p>Am Praia de Ingrina sind wir drei Tage und N\u00e4chte geblieben. Ein Gl\u00fcckstreffer. Freies Stehen direkt an der brandungsumtosten K\u00fcste, nahezu allein auf weiter Flur, ein paar Wohnmobile, besonders von Surfern, in der Landschaft locker verteilt. Wanderungen auf schmalen Trampelpfaden entlang der Klippen f\u00fchrten uns zum Praia Zavial und tags darauf zum Praia de Barranco &#8211; eine Surfer-Hochburg.<\/p>\n<p>Danach haben wir uns in Lagos an den Stadt-Strand gestellt, nachdem wir eine Nacht auf dem Campingplatz inmitten der Stadt zu Ver- und Entsorgung sowie einen Bummel in die kleinen Stra\u00dfen und Gassen des historisches Kern innerhalb der Mauern aus Mauren-Zeiten genutzt haben.<\/p>\n<div class=\"tiled-gallery type-rectangular tiled-gallery-unresized\" data-original-width=\"625\" data-carousel-extra='{&quot;blog_id&quot;:1,&quot;permalink&quot;:&quot;https:\\\/\\\/www.bechmann.org\\\/amphibium\\\/stadt-land-strand\\\/&quot;,&quot;likes_blog_id&quot;:68534324}' itemscope itemtype=\"http:\/\/schema.org\/ImageGallery\" > <div class=\"gallery-row\" style=\"width: 625px; height: 314px;\" data-original-width=\"625\" data-original-height=\"314\" > <div class=\"gallery-group images-1\" style=\"width: 417px; height: 314px;\" data-original-width=\"417\" data-original-height=\"314\" > <div class=\"tiled-gallery-item tiled-gallery-item-large\" itemprop=\"associatedMedia\" itemscope itemtype=\"http:\/\/schema.org\/ImageObject\"> <a href=\"https:\/\/www.bechmann.org\/amphibium\/stadt-land-strand\/img_20170103_172442-jpg\/\" border=\"0\" itemprop=\"url\"> <meta itemprop=\"width\" content=\"413\"> <meta itemprop=\"height\" content=\"310\"> <img decoding=\"async\" class=\"\" data-attachment-id=\"1947\" data-orig-file=\"https:\/\/www.bechmann.org\/amphibium\/wp-content\/uploads\/IMG_20170103_172442.jpg\" data-orig-size=\"1024,768\" data-comments-opened=\"\" data-image-meta=\"{&quot;aperture&quot;:&quot;0&quot;,&quot;credit&quot;:&quot;&quot;,&quot;camera&quot;:&quot;&quot;,&quot;caption&quot;:&quot;&quot;,&quot;created_timestamp&quot;:&quot;0&quot;,&quot;copyright&quot;:&quot;&quot;,&quot;focal_length&quot;:&quot;0&quot;,&quot;iso&quot;:&quot;0&quot;,&quot;shutter_speed&quot;:&quot;0&quot;,&quot;title&quot;:&quot;&quot;,&quot;orientation&quot;:&quot;0&quot;}\" data-image-title=\"IMG_20170103_172442.jpg\" data-image-description=\"\" data-medium-file=\"https:\/\/i0.wp.com\/www.bechmann.org\/amphibium\/wp-content\/uploads\/IMG_20170103_172442.jpg?fit=300%2C225&#038;ssl=1\" data-large-file=\"https:\/\/i0.wp.com\/www.bechmann.org\/amphibium\/wp-content\/uploads\/IMG_20170103_172442.jpg?fit=625%2C469&#038;ssl=1\" src=\"https:\/\/i0.wp.com\/www.bechmann.org\/amphibium\/wp-content\/uploads\/IMG_20170103_172442.jpg?w=413&#038;h=310&#038;ssl=1\" srcset=\"https:\/\/i0.wp.com\/www.bechmann.org\/amphibium\/wp-content\/uploads\/IMG_20170103_172442.jpg?w=1024&amp;ssl=1 1024w, https:\/\/i0.wp.com\/www.bechmann.org\/amphibium\/wp-content\/uploads\/IMG_20170103_172442.jpg?resize=300%2C225&amp;ssl=1 300w, https:\/\/i0.wp.com\/www.bechmann.org\/amphibium\/wp-content\/uploads\/IMG_20170103_172442.jpg?resize=768%2C576&amp;ssl=1 768w, https:\/\/i0.wp.com\/www.bechmann.org\/amphibium\/wp-content\/uploads\/IMG_20170103_172442.jpg?resize=400%2C300&amp;ssl=1 400w\" width=\"413\" height=\"310\" loading=\"lazy\" data-original-width=\"413\" data-original-height=\"310\" itemprop=\"http:\/\/schema.org\/image\" title=\"IMG_20170103_172442.jpg\" alt=\"Auf dem Weg zum Praia Barranco.\" style=\"width: 413px; height: 310px;\" \/> <\/a> <div class=\"tiled-gallery-caption\" itemprop=\"caption description\"> Auf dem Weg zum Praia Barranco. <\/div> <\/div> <\/div> <!-- close group --> <div class=\"gallery-group images-2\" style=\"width: 208px; height: 314px;\" data-original-width=\"208\" data-original-height=\"314\" > <div class=\"tiled-gallery-item tiled-gallery-item-small\" itemprop=\"associatedMedia\" itemscope itemtype=\"http:\/\/schema.org\/ImageObject\"> <a href=\"https:\/\/www.bechmann.org\/amphibium\/stadt-land-strand\/rimg0079-jpg-2\/\" border=\"0\" itemprop=\"url\"> <meta itemprop=\"width\" content=\"204\"> <meta itemprop=\"height\" content=\"153\"> <img decoding=\"async\" class=\"\" data-attachment-id=\"1949\" data-orig-file=\"https:\/\/www.bechmann.org\/amphibium\/wp-content\/uploads\/RIMG0079-1.jpg\" data-orig-size=\"1024,768\" data-comments-opened=\"\" data-image-meta=\"{&quot;aperture&quot;:&quot;0&quot;,&quot;credit&quot;:&quot;&quot;,&quot;camera&quot;:&quot;&quot;,&quot;caption&quot;:&quot;&quot;,&quot;created_timestamp&quot;:&quot;0&quot;,&quot;copyright&quot;:&quot;&quot;,&quot;focal_length&quot;:&quot;0&quot;,&quot;iso&quot;:&quot;0&quot;,&quot;shutter_speed&quot;:&quot;0&quot;,&quot;title&quot;:&quot;&quot;,&quot;orientation&quot;:&quot;0&quot;}\" data-image-title=\"RIMG0079.jpg\" data-image-description=\"\" data-medium-file=\"https:\/\/i0.wp.com\/www.bechmann.org\/amphibium\/wp-content\/uploads\/RIMG0079-1.jpg?fit=300%2C225&#038;ssl=1\" data-large-file=\"https:\/\/i0.wp.com\/www.bechmann.org\/amphibium\/wp-content\/uploads\/RIMG0079-1.jpg?fit=625%2C469&#038;ssl=1\" src=\"https:\/\/i0.wp.com\/www.bechmann.org\/amphibium\/wp-content\/uploads\/RIMG0079-1.jpg?w=204&#038;h=153&#038;ssl=1\" srcset=\"https:\/\/i0.wp.com\/www.bechmann.org\/amphibium\/wp-content\/uploads\/RIMG0079-1.jpg?w=1024&amp;ssl=1 1024w, https:\/\/i0.wp.com\/www.bechmann.org\/amphibium\/wp-content\/uploads\/RIMG0079-1.jpg?resize=300%2C225&amp;ssl=1 300w, https:\/\/i0.wp.com\/www.bechmann.org\/amphibium\/wp-content\/uploads\/RIMG0079-1.jpg?resize=768%2C576&amp;ssl=1 768w, https:\/\/i0.wp.com\/www.bechmann.org\/amphibium\/wp-content\/uploads\/RIMG0079-1.jpg?resize=400%2C300&amp;ssl=1 400w\" width=\"204\" height=\"153\" loading=\"lazy\" data-original-width=\"204\" data-original-height=\"153\" itemprop=\"http:\/\/schema.org\/image\" title=\"RIMG0079.jpg\" alt=\"Auf dem Weg zum Praia Barranco.\" style=\"width: 204px; height: 153px;\" \/> <\/a> <div class=\"tiled-gallery-caption\" itemprop=\"caption description\"> Auf dem Weg zum Praia Barranco. <\/div> <\/div> <div class=\"tiled-gallery-item tiled-gallery-item-small\" itemprop=\"associatedMedia\" itemscope itemtype=\"http:\/\/schema.org\/ImageObject\"> <a href=\"https:\/\/www.bechmann.org\/amphibium\/stadt-land-strand\/img_0447-2-jpg\/\" border=\"0\" itemprop=\"url\"> <meta itemprop=\"width\" content=\"204\"> <meta itemprop=\"height\" content=\"153\"> <img decoding=\"async\" class=\"\" data-attachment-id=\"1943\" data-orig-file=\"https:\/\/www.bechmann.org\/amphibium\/wp-content\/uploads\/IMG_0447-2.jpg\" data-orig-size=\"1024,768\" data-comments-opened=\"\" data-image-meta=\"{&quot;aperture&quot;:&quot;0&quot;,&quot;credit&quot;:&quot;&quot;,&quot;camera&quot;:&quot;&quot;,&quot;caption&quot;:&quot;&quot;,&quot;created_timestamp&quot;:&quot;0&quot;,&quot;copyright&quot;:&quot;&quot;,&quot;focal_length&quot;:&quot;0&quot;,&quot;iso&quot;:&quot;0&quot;,&quot;shutter_speed&quot;:&quot;0&quot;,&quot;title&quot;:&quot;&quot;,&quot;orientation&quot;:&quot;0&quot;}\" data-image-title=\"IMG_0447-2.jpg\" data-image-description=\"\" data-medium-file=\"https:\/\/i0.wp.com\/www.bechmann.org\/amphibium\/wp-content\/uploads\/IMG_0447-2.jpg?fit=300%2C225&#038;ssl=1\" data-large-file=\"https:\/\/i0.wp.com\/www.bechmann.org\/amphibium\/wp-content\/uploads\/IMG_0447-2.jpg?fit=625%2C469&#038;ssl=1\" src=\"https:\/\/i0.wp.com\/www.bechmann.org\/amphibium\/wp-content\/uploads\/IMG_0447-2.jpg?w=204&#038;h=153&#038;ssl=1\" srcset=\"https:\/\/i0.wp.com\/www.bechmann.org\/amphibium\/wp-content\/uploads\/IMG_0447-2.jpg?w=1024&amp;ssl=1 1024w, https:\/\/i0.wp.com\/www.bechmann.org\/amphibium\/wp-content\/uploads\/IMG_0447-2.jpg?resize=300%2C225&amp;ssl=1 300w, https:\/\/i0.wp.com\/www.bechmann.org\/amphibium\/wp-content\/uploads\/IMG_0447-2.jpg?resize=768%2C576&amp;ssl=1 768w, https:\/\/i0.wp.com\/www.bechmann.org\/amphibium\/wp-content\/uploads\/IMG_0447-2.jpg?resize=400%2C300&amp;ssl=1 400w\" width=\"204\" height=\"153\" loading=\"lazy\" data-original-width=\"204\" data-original-height=\"153\" itemprop=\"http:\/\/schema.org\/image\" title=\"IMG_0447-2.jpg\" alt=\"Am Praia de Barranco.\" style=\"width: 204px; height: 153px;\" \/> <\/a> <div class=\"tiled-gallery-caption\" itemprop=\"caption description\"> Am Praia de Barranco. <\/div> <\/div> <\/div> <!-- close group --> <\/div> <!-- close row --> <div class=\"gallery-row\" style=\"width: 625px; height: 314px;\" data-original-width=\"625\" data-original-height=\"314\" > <div class=\"gallery-group images-2\" style=\"width: 208px; height: 314px;\" data-original-width=\"208\" data-original-height=\"314\" > <div class=\"tiled-gallery-item tiled-gallery-item-small\" itemprop=\"associatedMedia\" itemscope itemtype=\"http:\/\/schema.org\/ImageObject\"> <a href=\"https:\/\/www.bechmann.org\/amphibium\/stadt-land-strand\/img_0443-2-jpg\/\" border=\"0\" itemprop=\"url\"> <meta itemprop=\"width\" content=\"204\"> <meta itemprop=\"height\" content=\"153\"> <img decoding=\"async\" class=\"\" data-attachment-id=\"1941\" data-orig-file=\"https:\/\/www.bechmann.org\/amphibium\/wp-content\/uploads\/IMG_0443-2.jpg\" data-orig-size=\"1024,768\" data-comments-opened=\"\" data-image-meta=\"{&quot;aperture&quot;:&quot;0&quot;,&quot;credit&quot;:&quot;&quot;,&quot;camera&quot;:&quot;&quot;,&quot;caption&quot;:&quot;&quot;,&quot;created_timestamp&quot;:&quot;0&quot;,&quot;copyright&quot;:&quot;&quot;,&quot;focal_length&quot;:&quot;0&quot;,&quot;iso&quot;:&quot;0&quot;,&quot;shutter_speed&quot;:&quot;0&quot;,&quot;title&quot;:&quot;&quot;,&quot;orientation&quot;:&quot;0&quot;}\" data-image-title=\"IMG_0443-2.jpg\" data-image-description=\"\" data-medium-file=\"https:\/\/i0.wp.com\/www.bechmann.org\/amphibium\/wp-content\/uploads\/IMG_0443-2.jpg?fit=300%2C225&#038;ssl=1\" data-large-file=\"https:\/\/i0.wp.com\/www.bechmann.org\/amphibium\/wp-content\/uploads\/IMG_0443-2.jpg?fit=625%2C469&#038;ssl=1\" src=\"https:\/\/i0.wp.com\/www.bechmann.org\/amphibium\/wp-content\/uploads\/IMG_0443-2.jpg?w=204&#038;h=153&#038;ssl=1\" srcset=\"https:\/\/i0.wp.com\/www.bechmann.org\/amphibium\/wp-content\/uploads\/IMG_0443-2.jpg?w=1024&amp;ssl=1 1024w, https:\/\/i0.wp.com\/www.bechmann.org\/amphibium\/wp-content\/uploads\/IMG_0443-2.jpg?resize=300%2C225&amp;ssl=1 300w, https:\/\/i0.wp.com\/www.bechmann.org\/amphibium\/wp-content\/uploads\/IMG_0443-2.jpg?resize=768%2C576&amp;ssl=1 768w, https:\/\/i0.wp.com\/www.bechmann.org\/amphibium\/wp-content\/uploads\/IMG_0443-2.jpg?resize=400%2C300&amp;ssl=1 400w\" width=\"204\" height=\"153\" loading=\"lazy\" data-original-width=\"204\" data-original-height=\"153\" itemprop=\"http:\/\/schema.org\/image\" title=\"IMG_0443-2.jpg\" alt=\"Fels-Formation.\" style=\"width: 204px; height: 153px;\" \/> <\/a> <div class=\"tiled-gallery-caption\" itemprop=\"caption description\"> Fels-Formation. <\/div> <\/div> <div class=\"tiled-gallery-item tiled-gallery-item-small\" itemprop=\"associatedMedia\" itemscope itemtype=\"http:\/\/schema.org\/ImageObject\"> <a href=\"https:\/\/www.bechmann.org\/amphibium\/stadt-land-strand\/rimg0089-2-jpg\/\" border=\"0\" itemprop=\"url\"> <meta itemprop=\"width\" content=\"204\"> <meta itemprop=\"height\" content=\"153\"> <img decoding=\"async\" class=\"\" data-attachment-id=\"1945\" data-orig-file=\"https:\/\/www.bechmann.org\/amphibium\/wp-content\/uploads\/RIMG0089-2.jpg\" data-orig-size=\"1024,768\" data-comments-opened=\"\" data-image-meta=\"{&quot;aperture&quot;:&quot;0&quot;,&quot;credit&quot;:&quot;&quot;,&quot;camera&quot;:&quot;&quot;,&quot;caption&quot;:&quot;&quot;,&quot;created_timestamp&quot;:&quot;0&quot;,&quot;copyright&quot;:&quot;&quot;,&quot;focal_length&quot;:&quot;0&quot;,&quot;iso&quot;:&quot;0&quot;,&quot;shutter_speed&quot;:&quot;0&quot;,&quot;title&quot;:&quot;&quot;,&quot;orientation&quot;:&quot;0&quot;}\" data-image-title=\"RIMG0089-2.jpg\" data-image-description=\"\" data-medium-file=\"https:\/\/i0.wp.com\/www.bechmann.org\/amphibium\/wp-content\/uploads\/RIMG0089-2.jpg?fit=300%2C225&#038;ssl=1\" data-large-file=\"https:\/\/i0.wp.com\/www.bechmann.org\/amphibium\/wp-content\/uploads\/RIMG0089-2.jpg?fit=625%2C469&#038;ssl=1\" src=\"https:\/\/i0.wp.com\/www.bechmann.org\/amphibium\/wp-content\/uploads\/RIMG0089-2.jpg?w=204&#038;h=153&#038;ssl=1\" srcset=\"https:\/\/i0.wp.com\/www.bechmann.org\/amphibium\/wp-content\/uploads\/RIMG0089-2.jpg?w=1024&amp;ssl=1 1024w, https:\/\/i0.wp.com\/www.bechmann.org\/amphibium\/wp-content\/uploads\/RIMG0089-2.jpg?resize=300%2C225&amp;ssl=1 300w, https:\/\/i0.wp.com\/www.bechmann.org\/amphibium\/wp-content\/uploads\/RIMG0089-2.jpg?resize=768%2C576&amp;ssl=1 768w, https:\/\/i0.wp.com\/www.bechmann.org\/amphibium\/wp-content\/uploads\/RIMG0089-2.jpg?resize=400%2C300&amp;ssl=1 400w\" width=\"204\" height=\"153\" loading=\"lazy\" data-original-width=\"204\" data-original-height=\"153\" itemprop=\"http:\/\/schema.org\/image\" title=\"RIMG0089-2.jpg\" alt=\"Brutfelsen im Meer.\" style=\"width: 204px; height: 153px;\" \/> <\/a> <div class=\"tiled-gallery-caption\" itemprop=\"caption description\"> Brutfelsen im Meer. <\/div> <\/div> <\/div> <!-- close group --> <div class=\"gallery-group images-1\" style=\"width: 417px; height: 314px;\" data-original-width=\"417\" data-original-height=\"314\" > <div class=\"tiled-gallery-item tiled-gallery-item-large\" itemprop=\"associatedMedia\" itemscope itemtype=\"http:\/\/schema.org\/ImageObject\"> <a href=\"https:\/\/www.bechmann.org\/amphibium\/stadt-land-strand\/img_0466-jpg\/\" border=\"0\" itemprop=\"url\"> <meta itemprop=\"width\" content=\"413\"> <meta itemprop=\"height\" content=\"310\"> <img decoding=\"async\" class=\"\" data-attachment-id=\"1953\" data-orig-file=\"https:\/\/www.bechmann.org\/amphibium\/wp-content\/uploads\/IMG_0466.jpg\" data-orig-size=\"1024,768\" data-comments-opened=\"\" data-image-meta=\"{&quot;aperture&quot;:&quot;0&quot;,&quot;credit&quot;:&quot;&quot;,&quot;camera&quot;:&quot;&quot;,&quot;caption&quot;:&quot;&quot;,&quot;created_timestamp&quot;:&quot;0&quot;,&quot;copyright&quot;:&quot;&quot;,&quot;focal_length&quot;:&quot;0&quot;,&quot;iso&quot;:&quot;0&quot;,&quot;shutter_speed&quot;:&quot;0&quot;,&quot;title&quot;:&quot;&quot;,&quot;orientation&quot;:&quot;0&quot;}\" data-image-title=\"IMG_0466.jpg\" data-image-description=\"\" data-medium-file=\"https:\/\/i0.wp.com\/www.bechmann.org\/amphibium\/wp-content\/uploads\/IMG_0466.jpg?fit=300%2C225&#038;ssl=1\" data-large-file=\"https:\/\/i0.wp.com\/www.bechmann.org\/amphibium\/wp-content\/uploads\/IMG_0466.jpg?fit=625%2C469&#038;ssl=1\" src=\"https:\/\/i0.wp.com\/www.bechmann.org\/amphibium\/wp-content\/uploads\/IMG_0466.jpg?w=413&#038;h=310&#038;ssl=1\" srcset=\"https:\/\/i0.wp.com\/www.bechmann.org\/amphibium\/wp-content\/uploads\/IMG_0466.jpg?w=1024&amp;ssl=1 1024w, https:\/\/i0.wp.com\/www.bechmann.org\/amphibium\/wp-content\/uploads\/IMG_0466.jpg?resize=300%2C225&amp;ssl=1 300w, https:\/\/i0.wp.com\/www.bechmann.org\/amphibium\/wp-content\/uploads\/IMG_0466.jpg?resize=768%2C576&amp;ssl=1 768w, https:\/\/i0.wp.com\/www.bechmann.org\/amphibium\/wp-content\/uploads\/IMG_0466.jpg?resize=400%2C300&amp;ssl=1 400w\" width=\"413\" height=\"310\" loading=\"lazy\" data-original-width=\"413\" data-original-height=\"310\" itemprop=\"http:\/\/schema.org\/image\" title=\"IMG_0466.jpg\" alt=\"Modell einer Karavelle.\" style=\"width: 413px; height: 310px;\" \/> <\/a> <div class=\"tiled-gallery-caption\" itemprop=\"caption description\"> Modell einer Karavelle. <\/div> <\/div> <\/div> <!-- close group --> <\/div> <!-- close row --> <div class=\"gallery-row\" style=\"width: 625px; height: 158px;\" data-original-width=\"625\" data-original-height=\"158\" > <div class=\"gallery-group images-1\" style=\"width: 209px; height: 158px;\" data-original-width=\"209\" data-original-height=\"158\" > <div class=\"tiled-gallery-item tiled-gallery-item-small\" itemprop=\"associatedMedia\" itemscope itemtype=\"http:\/\/schema.org\/ImageObject\"> <a href=\"https:\/\/www.bechmann.org\/amphibium\/stadt-land-strand\/img_20170105_151312\/\" border=\"0\" itemprop=\"url\"> <meta itemprop=\"width\" content=\"205\"> <meta itemprop=\"height\" content=\"154\"> <img decoding=\"async\" class=\"\" data-attachment-id=\"1959\" data-orig-file=\"https:\/\/www.bechmann.org\/amphibium\/wp-content\/uploads\/IMG_20170105_151312.jpg\" data-orig-size=\"4160,3120\" data-comments-opened=\"\" data-image-meta=\"{&quot;aperture&quot;:&quot;2&quot;,&quot;credit&quot;:&quot;&quot;,&quot;camera&quot;:&quot;QCAM-AA&quot;,&quot;caption&quot;:&quot;&quot;,&quot;created_timestamp&quot;:&quot;1483629194&quot;,&quot;copyright&quot;:&quot;&quot;,&quot;focal_length&quot;:&quot;3.65&quot;,&quot;iso&quot;:&quot;66&quot;,&quot;shutter_speed&quot;:&quot;0.0014992503748126&quot;,&quot;title&quot;:&quot;&quot;,&quot;orientation&quot;:&quot;0&quot;}\" data-image-title=\"img_20170105_151312\" data-image-description=\"\" data-medium-file=\"https:\/\/i0.wp.com\/www.bechmann.org\/amphibium\/wp-content\/uploads\/IMG_20170105_151312.jpg?fit=300%2C225&#038;ssl=1\" data-large-file=\"https:\/\/i0.wp.com\/www.bechmann.org\/amphibium\/wp-content\/uploads\/IMG_20170105_151312.jpg?fit=625%2C469&#038;ssl=1\" src=\"https:\/\/i0.wp.com\/www.bechmann.org\/amphibium\/wp-content\/uploads\/IMG_20170105_151312.jpg?w=205&#038;h=154&#038;ssl=1\" srcset=\"https:\/\/i0.wp.com\/www.bechmann.org\/amphibium\/wp-content\/uploads\/IMG_20170105_151312.jpg?w=4160&amp;ssl=1 4160w, https:\/\/i0.wp.com\/www.bechmann.org\/amphibium\/wp-content\/uploads\/IMG_20170105_151312.jpg?resize=300%2C225&amp;ssl=1 300w, https:\/\/i0.wp.com\/www.bechmann.org\/amphibium\/wp-content\/uploads\/IMG_20170105_151312.jpg?resize=768%2C576&amp;ssl=1 768w, https:\/\/i0.wp.com\/www.bechmann.org\/amphibium\/wp-content\/uploads\/IMG_20170105_151312.jpg?resize=1024%2C768&amp;ssl=1 1024w, https:\/\/i0.wp.com\/www.bechmann.org\/amphibium\/wp-content\/uploads\/IMG_20170105_151312.jpg?resize=400%2C300&amp;ssl=1 400w, https:\/\/i0.wp.com\/www.bechmann.org\/amphibium\/wp-content\/uploads\/IMG_20170105_151312.jpg?w=1250&amp;ssl=1 1250w, https:\/\/i0.wp.com\/www.bechmann.org\/amphibium\/wp-content\/uploads\/IMG_20170105_151312.jpg?w=1875&amp;ssl=1 1875w\" width=\"205\" height=\"154\" loading=\"lazy\" data-original-width=\"205\" data-original-height=\"154\" itemprop=\"http:\/\/schema.org\/image\" title=\"img_20170105_151312\" alt=\"L\u00fcften am Stadt-Strand in Lagos.\" style=\"width: 205px; height: 154px;\" \/> <\/a> <div class=\"tiled-gallery-caption\" itemprop=\"caption description\"> L\u00fcften am Stadt-Strand in Lagos. <\/div> <\/div> <\/div> <!-- close group --> <div class=\"gallery-group images-1\" style=\"width: 207px; height: 158px;\" data-original-width=\"207\" data-original-height=\"158\" > <div class=\"tiled-gallery-item tiled-gallery-item-small\" itemprop=\"associatedMedia\" itemscope itemtype=\"http:\/\/schema.org\/ImageObject\"> <a href=\"https:\/\/www.bechmann.org\/amphibium\/stadt-land-strand\/img_20170105_161652-01\/\" border=\"0\" itemprop=\"url\"> <meta itemprop=\"width\" content=\"203\"> <meta itemprop=\"height\" content=\"154\"> <img decoding=\"async\" class=\"\" data-attachment-id=\"1960\" data-orig-file=\"https:\/\/www.bechmann.org\/amphibium\/wp-content\/uploads\/IMG_20170105_161652-01.jpg\" data-orig-size=\"3512,2663\" data-comments-opened=\"\" data-image-meta=\"{&quot;aperture&quot;:&quot;2&quot;,&quot;credit&quot;:&quot;&quot;,&quot;camera&quot;:&quot;QCAM-AA&quot;,&quot;caption&quot;:&quot;&quot;,&quot;created_timestamp&quot;:&quot;1483633014&quot;,&quot;copyright&quot;:&quot;&quot;,&quot;focal_length&quot;:&quot;3.65&quot;,&quot;iso&quot;:&quot;66&quot;,&quot;shutter_speed&quot;:&quot;0.0015503875968992&quot;,&quot;title&quot;:&quot;&quot;,&quot;orientation&quot;:&quot;1&quot;}\" data-image-title=\"img_20170105_161652-01\" data-image-description=\"\" data-medium-file=\"https:\/\/i0.wp.com\/www.bechmann.org\/amphibium\/wp-content\/uploads\/IMG_20170105_161652-01.jpg?fit=300%2C227&#038;ssl=1\" data-large-file=\"https:\/\/i0.wp.com\/www.bechmann.org\/amphibium\/wp-content\/uploads\/IMG_20170105_161652-01.jpg?fit=625%2C474&#038;ssl=1\" src=\"https:\/\/i0.wp.com\/www.bechmann.org\/amphibium\/wp-content\/uploads\/IMG_20170105_161652-01.jpg?w=203&#038;h=154&#038;ssl=1\" srcset=\"https:\/\/i0.wp.com\/www.bechmann.org\/amphibium\/wp-content\/uploads\/IMG_20170105_161652-01.jpg?w=3512&amp;ssl=1 3512w, https:\/\/i0.wp.com\/www.bechmann.org\/amphibium\/wp-content\/uploads\/IMG_20170105_161652-01.jpg?resize=300%2C227&amp;ssl=1 300w, https:\/\/i0.wp.com\/www.bechmann.org\/amphibium\/wp-content\/uploads\/IMG_20170105_161652-01.jpg?resize=768%2C582&amp;ssl=1 768w, https:\/\/i0.wp.com\/www.bechmann.org\/amphibium\/wp-content\/uploads\/IMG_20170105_161652-01.jpg?resize=1024%2C776&amp;ssl=1 1024w, https:\/\/i0.wp.com\/www.bechmann.org\/amphibium\/wp-content\/uploads\/IMG_20170105_161652-01.jpg?resize=396%2C300&amp;ssl=1 396w, https:\/\/i0.wp.com\/www.bechmann.org\/amphibium\/wp-content\/uploads\/IMG_20170105_161652-01.jpg?w=1250&amp;ssl=1 1250w, https:\/\/i0.wp.com\/www.bechmann.org\/amphibium\/wp-content\/uploads\/IMG_20170105_161652-01.jpg?w=1875&amp;ssl=1 1875w\" width=\"203\" height=\"154\" loading=\"lazy\" data-original-width=\"203\" data-original-height=\"154\" itemprop=\"http:\/\/schema.org\/image\" title=\"img_20170105_161652-01\" alt=\"Stellplatz an der Marina in Lagos.\" style=\"width: 203px; height: 154px;\" \/> <\/a> <div class=\"tiled-gallery-caption\" itemprop=\"caption description\"> Stellplatz an der Marina in Lagos. <\/div> <\/div> <\/div> <!-- close group --> <div class=\"gallery-group images-1\" style=\"width: 209px; height: 158px;\" data-original-width=\"209\" data-original-height=\"158\" > <div class=\"tiled-gallery-item tiled-gallery-item-small\" itemprop=\"associatedMedia\" itemscope itemtype=\"http:\/\/schema.org\/ImageObject\"> <a href=\"https:\/\/www.bechmann.org\/amphibium\/stadt-land-strand\/img_20170107_150245\/\" border=\"0\" itemprop=\"url\"> <meta itemprop=\"width\" content=\"205\"> <meta itemprop=\"height\" content=\"154\"> <img decoding=\"async\" class=\"\" data-attachment-id=\"1961\" data-orig-file=\"https:\/\/www.bechmann.org\/amphibium\/wp-content\/uploads\/IMG_20170107_150245.jpg\" data-orig-size=\"4160,3120\" data-comments-opened=\"\" data-image-meta=\"{&quot;aperture&quot;:&quot;2&quot;,&quot;credit&quot;:&quot;&quot;,&quot;camera&quot;:&quot;QCAM-AA&quot;,&quot;caption&quot;:&quot;&quot;,&quot;created_timestamp&quot;:&quot;1483801367&quot;,&quot;copyright&quot;:&quot;&quot;,&quot;focal_length&quot;:&quot;3.65&quot;,&quot;iso&quot;:&quot;66&quot;,&quot;shutter_speed&quot;:&quot;0.0015898251192369&quot;,&quot;title&quot;:&quot;&quot;,&quot;orientation&quot;:&quot;0&quot;}\" data-image-title=\"img_20170107_150245\" data-image-description=\"\" data-medium-file=\"https:\/\/i0.wp.com\/www.bechmann.org\/amphibium\/wp-content\/uploads\/IMG_20170107_150245.jpg?fit=300%2C225&#038;ssl=1\" data-large-file=\"https:\/\/i0.wp.com\/www.bechmann.org\/amphibium\/wp-content\/uploads\/IMG_20170107_150245.jpg?fit=625%2C469&#038;ssl=1\" src=\"https:\/\/i0.wp.com\/www.bechmann.org\/amphibium\/wp-content\/uploads\/IMG_20170107_150245.jpg?w=205&#038;h=154&#038;ssl=1\" srcset=\"https:\/\/i0.wp.com\/www.bechmann.org\/amphibium\/wp-content\/uploads\/IMG_20170107_150245.jpg?w=4160&amp;ssl=1 4160w, https:\/\/i0.wp.com\/www.bechmann.org\/amphibium\/wp-content\/uploads\/IMG_20170107_150245.jpg?resize=300%2C225&amp;ssl=1 300w, https:\/\/i0.wp.com\/www.bechmann.org\/amphibium\/wp-content\/uploads\/IMG_20170107_150245.jpg?resize=768%2C576&amp;ssl=1 768w, https:\/\/i0.wp.com\/www.bechmann.org\/amphibium\/wp-content\/uploads\/IMG_20170107_150245.jpg?resize=1024%2C768&amp;ssl=1 1024w, https:\/\/i0.wp.com\/www.bechmann.org\/amphibium\/wp-content\/uploads\/IMG_20170107_150245.jpg?resize=400%2C300&amp;ssl=1 400w, https:\/\/i0.wp.com\/www.bechmann.org\/amphibium\/wp-content\/uploads\/IMG_20170107_150245.jpg?w=1250&amp;ssl=1 1250w, https:\/\/i0.wp.com\/www.bechmann.org\/amphibium\/wp-content\/uploads\/IMG_20170107_150245.jpg?w=1875&amp;ssl=1 1875w\" width=\"205\" height=\"154\" loading=\"lazy\" data-original-width=\"205\" data-original-height=\"154\" itemprop=\"http:\/\/schema.org\/image\" title=\"img_20170107_150245\" alt=\"Ponta de Piedade.\" style=\"width: 205px; height: 154px;\" \/> <\/a> <div class=\"tiled-gallery-caption\" itemprop=\"caption description\"> Ponta de Piedade. <\/div> <\/div> <\/div> <!-- close group --> <\/div> <!-- close row --> <\/div>\n<p>Am Stadt-Strand standen wir inmitten von hochpreisigen Riesenmobilen und freakigen bunten Bussen, trafen und sprachen andere Reisende und manch einen, der in seinem Wohnmobil nicht nur zeitweilig reist, sondern dauerhaft lebt. Und eine junge Frau kam so minimalistisch in ihrem zum Schlaflager umgebauten Dacia Logan daher, dass wir den Hut vor ihr ziehen konnten \u2013 mit so wenig k\u00f6nnten wir dann doch nicht; und dann kommt einen die Beengtheit und Beschr\u00e4nktheit eines 30 Jahre alten Unimogs wie der pure Luxus vor.<br \/>\n<!--more--><br \/>\nWir joggten acht Kilometer auf dem Sand direkt an der Brandung, bewunderten die zerkl\u00fcfteten Formationen der Fels-Algarve an Ponta de Piedade und taten sonst nicht viel. Was ja das Zielvorhaben war. Einmal lie\u00dfen wir unser Falt-Kayak in der kabbeligen See der Flut zu Wasser, kehrten aber bald wieder um, weil die Sonne dunklen Wolken weichen musste und das Licht grau wurde.<\/p>\n<h3>Fr\u00fche Entdecker und Eroberer<\/h3>\n<p>Andere waren da mutiger. Lagos war fr\u00fcher eine ber\u00fchmte Seefahrerstadt. Fr\u00fche Entdecker und Eroberer stammten von dort, Gil Eanes und Heinrich der Seefahrer, die mit ihrem gro\u00dfen Mut und kleinen Schiffen &#8211; siehe das vorstehend Bild der Karavelle, mit der Bartolomeu Diaz gen Afrika segelte &#8211; ins Unbekannte segelten und den Weg f\u00fcr die gro\u00dfen Namen wie Vasco da Gama und Christoph Kolumbus ebneten.<\/p>\n","protected":false},"excerpt":{"rendered":"<p>Am Praia de Ingrina sind wir drei Tage und N\u00e4chte geblieben. Ein Gl\u00fcckstreffer. Freies Stehen direkt an der brandungsumtosten K\u00fcste, nahezu allein auf weiter Flur, ein paar Wohnmobile, besonders von Surfern, in der Landschaft locker verteilt. Wanderungen auf schmalen Trampelpfaden entlang der Klippen f\u00fchrten uns zum Praia Zavial und tags darauf zum Praia de Barranco [&hellip;]<\/p>\n","protected":false},"author":1,"featured_media":0,"comment_status":"open","ping_status":"open","sticky":false,"template":"","format":"standard","meta":{"jetpack_post_was_ever_published":false,"_jetpack_newsletter_access":"","_jetpack_dont_email_post_to_subs":true,"_jetpack_newsletter_tier_id":0,"_jetpack_memberships_contains_paywalled_content":false,"_jetpack_memberships_contains_paid_content":false,"footnotes":"","jetpack_publicize_message":"","jetpack_publicize_feature_enabled":true,"jetpack_social_post_already_shared":true,"jetpack_social_options":{"image_generator_settings":{"template":"highway","default_image_id":0,"font":"","enabled":false},"version":2}},"categories":[2,4],"tags":[253,252],"class_list":["post-1951","post","type-post","status-publish","format-standard","hentry","category-land","category-wasser","tag-lagos","tag-praia-de-ingrina"],"jetpack_publicize_connections":[],"jetpack_featured_media_url":"","jetpack_shortlink":"https:\/\/wp.me\/p4DyUk-vt","jetpack-related-posts":[{"id":2772,"url":"https:\/\/www.bechmann.org\/amphibium\/freiheits-postulat-neo-imperialismus\/","url_meta":{"origin":1951,"position":0},"title":"Freiheits-Postulat &amp; Neo-Imperialismus","author":"Oliver","date":"17. Januar 2018","format":false,"excerpt":"Leinen los zur rechten Zeit: Die Praia da Marinha verlie\u00dfen wir am Dienstag Mittag offensichtlich rechtzeitig \u2013 ein oder zwei Tage sp\u00e4ter wurden die dort frei stehenden Wohnmobilisten von den portugiesischen Ordnungsh\u00fctern verscheucht und Erdw\u00e4lle aufgesch\u00fcttet, um den Zugang zum Gel\u00e4nde oberhalb der Klippen des Strandes zu versperren. Solcherlei kommt\u2026","rel":"","context":"In &quot;Land&quot;","block_context":{"text":"Land","link":"https:\/\/www.bechmann.org\/amphibium\/category\/land\/"},"img":{"alt_text":"","src":"https:\/\/i0.wp.com\/www.bechmann.org\/amphibium\/wp-content\/uploads\/img_20180117_155426-960937178.jpg?resize=350%2C200","width":350,"height":200,"srcset":"https:\/\/i0.wp.com\/www.bechmann.org\/amphibium\/wp-content\/uploads\/img_20180117_155426-960937178.jpg?resize=350%2C200 1x, https:\/\/i0.wp.com\/www.bechmann.org\/amphibium\/wp-content\/uploads\/img_20180117_155426-960937178.jpg?resize=525%2C300 1.5x, https:\/\/i0.wp.com\/www.bechmann.org\/amphibium\/wp-content\/uploads\/img_20180117_155426-960937178.jpg?resize=700%2C400 2x, https:\/\/i0.wp.com\/www.bechmann.org\/amphibium\/wp-content\/uploads\/img_20180117_155426-960937178.jpg?resize=1050%2C600 3x, https:\/\/i0.wp.com\/www.bechmann.org\/amphibium\/wp-content\/uploads\/img_20180117_155426-960937178.jpg?resize=1400%2C800 4x"},"classes":[]},{"id":2011,"url":"https:\/\/www.bechmann.org\/amphibium\/vor-und-nach-reiter\/","url_meta":{"origin":1951,"position":1},"title":"Vor- und Nach-Reiter","author":"Oliver","date":"15. Januar 2017","format":false,"excerpt":"Es geht zur\u00fcck, unweigerlich. Nach dem Kayak-\u00a0 und dem Strand-Tag am Praia de Albandeira n\u00e4chtigten wir am Praia de Falesia (genauer: am Praia dos Tomates), einige Kilometer weiter in Richtung Faro. Dort droht der Flughafen. Und damit Beates R\u00fcck-Flug, und meine damit einhergehende R\u00fcck-Fahrt. Am Praia de Falesia sind wir\u2026","rel":"","context":"In &quot;Land&quot;","block_context":{"text":"Land","link":"https:\/\/www.bechmann.org\/amphibium\/category\/land\/"},"img":{"alt_text":"IMG_1013","src":"https:\/\/i0.wp.com\/www.bechmann.org\/amphibium\/wp-content\/uploads\/IMG_1013_thumb.jpg?resize=350%2C200","width":350,"height":200,"srcset":"https:\/\/i0.wp.com\/www.bechmann.org\/amphibium\/wp-content\/uploads\/IMG_1013_thumb.jpg?resize=350%2C200 1x, https:\/\/i0.wp.com\/www.bechmann.org\/amphibium\/wp-content\/uploads\/IMG_1013_thumb.jpg?resize=525%2C300 1.5x"},"classes":[]},{"id":1890,"url":"https:\/\/www.bechmann.org\/amphibium\/algarve-schlafplaetze-an-klippen-und-straenden\/","url_meta":{"origin":1951,"position":2},"title":"Algarve: Schlafpl\u00e4tze an Klippen und Str\u00e4nden","author":"Oliver","date":"30. Dezember 2016","format":false,"excerpt":"Wir stehen am Rande. Nicht ganz, aber wenige Meter weiter geht es steil die Felsklippen hinunter dorthin, wo die Wellen ungebremst aufschlagen. Nach mehreren flachen weiten Sandstr\u00e4nden bildet die Steilk\u00fcste am Praia de Bordeira nahe Carrapateira den Stand- und Schlafplatz unseres Unimogs. Zerkl\u00fcftete Felsen, Farbenpracht, heranrollende Wogen, Brandungsdonner, morgen werden\u2026","rel":"","context":"In &quot;Land&quot;","block_context":{"text":"Land","link":"https:\/\/www.bechmann.org\/amphibium\/category\/land\/"},"img":{"alt_text":"","src":"https:\/\/i0.wp.com\/www.bechmann.org\/amphibium\/wp-content\/uploads\/wp-image-1524333255jpg.jpg?resize=350%2C200","width":350,"height":200,"srcset":"https:\/\/i0.wp.com\/www.bechmann.org\/amphibium\/wp-content\/uploads\/wp-image-1524333255jpg.jpg?resize=350%2C200 1x, https:\/\/i0.wp.com\/www.bechmann.org\/amphibium\/wp-content\/uploads\/wp-image-1524333255jpg.jpg?resize=525%2C300 1.5x, https:\/\/i0.wp.com\/www.bechmann.org\/amphibium\/wp-content\/uploads\/wp-image-1524333255jpg.jpg?resize=700%2C400 2x, https:\/\/i0.wp.com\/www.bechmann.org\/amphibium\/wp-content\/uploads\/wp-image-1524333255jpg.jpg?resize=1050%2C600 3x, https:\/\/i0.wp.com\/www.bechmann.org\/amphibium\/wp-content\/uploads\/wp-image-1524333255jpg.jpg?resize=1400%2C800 4x"},"classes":[]},{"id":1918,"url":"https:\/\/www.bechmann.org\/amphibium\/neujahr-am-ende-der-welt\/","url_meta":{"origin":1951,"position":3},"title":"Neujahr am Ende der Welt","author":"Oliver","date":"2. Januar 2017","format":false,"excerpt":"Wir sind am Ende. Am Ende der Welt, also dort, wo einen ein Unimog hintragen kann! Zumindest der Welt von Christoph Kolumbus zu seinen Zeiten. Sagres mit dem Leuchtturm am Cabo Sao Vicente ist der s\u00fcdwestlichste Zipfel Europas \u2013 ab dann kam nur Atlantik, die Azoren, und dann\u2026 Amerika. Damit\u2026","rel":"","context":"In &quot;Land&quot;","block_context":{"text":"Land","link":"https:\/\/www.bechmann.org\/amphibium\/category\/land\/"},"img":{"alt_text":"","src":"https:\/\/i0.wp.com\/www.bechmann.org\/amphibium\/wp-content\/uploads\/IMG_20170102_080145.jpg?resize=350%2C200","width":350,"height":200,"srcset":"https:\/\/i0.wp.com\/www.bechmann.org\/amphibium\/wp-content\/uploads\/IMG_20170102_080145.jpg?resize=350%2C200 1x, https:\/\/i0.wp.com\/www.bechmann.org\/amphibium\/wp-content\/uploads\/IMG_20170102_080145.jpg?resize=525%2C300 1.5x, https:\/\/i0.wp.com\/www.bechmann.org\/amphibium\/wp-content\/uploads\/IMG_20170102_080145.jpg?resize=700%2C400 2x"},"classes":[]},{"id":1882,"url":"https:\/\/www.bechmann.org\/amphibium\/rundgang-in-lissabon\/","url_meta":{"origin":1951,"position":4},"title":"Rundgang in Lissabon","author":"Oliver","date":"26. Dezember 2016","format":false,"excerpt":"Lissabon ist eine bedeutende europ\u00e4ische Kulturstadt, Portugals Hauptstadt und architektonischer Zeuge der vergangenen portugiesischen Weltmachts-Zeiten und verf\u00fcgt im Vergleich dazu \u00fcber einen \u00fcberraschend \u00fcbersichtlichen Flughafen. (Vielleicht ist der Frankfurter Flughafen einfach auch nur \u00fcbergro\u00df). Am Flughafen habe ich gestern Beate in den Abendstunden abgeholt, die Heiligabend noch mit ihrer Mutter\u2026","rel":"","context":"In &quot;Land&quot;","block_context":{"text":"Land","link":"https:\/\/www.bechmann.org\/amphibium\/category\/land\/"},"img":{"alt_text":"","src":"https:\/\/i0.wp.com\/www.bechmann.org\/amphibium\/wp-content\/uploads\/wp-image-896189366jpg.jpg?resize=350%2C200","width":350,"height":200,"srcset":"https:\/\/i0.wp.com\/www.bechmann.org\/amphibium\/wp-content\/uploads\/wp-image-896189366jpg.jpg?resize=350%2C200 1x, https:\/\/i0.wp.com\/www.bechmann.org\/amphibium\/wp-content\/uploads\/wp-image-896189366jpg.jpg?resize=525%2C300 1.5x, https:\/\/i0.wp.com\/www.bechmann.org\/amphibium\/wp-content\/uploads\/wp-image-896189366jpg.jpg?resize=700%2C400 2x, https:\/\/i0.wp.com\/www.bechmann.org\/amphibium\/wp-content\/uploads\/wp-image-896189366jpg.jpg?resize=1050%2C600 3x, https:\/\/i0.wp.com\/www.bechmann.org\/amphibium\/wp-content\/uploads\/wp-image-896189366jpg.jpg?resize=1400%2C800 4x"},"classes":[]},{"id":2724,"url":"https:\/\/www.bechmann.org\/amphibium\/al-gharb-im-westen-andalusiens\/","url_meta":{"origin":1951,"position":5},"title":"Al Gharb &#8211; im Westen Andalusiens","author":"Oliver","date":"15. Januar 2018","format":false,"excerpt":"Nunmehr Algarve. Al-Gharb al-andalus haben die Mauren diesen Landstrich im (S\u00fcd-) Westen der iberischen Halbinsel genannt. Und das hei\u00dft es tats\u00e4chlich \u2013 \u201cim Westen Andalusiens\u201d, so die \u00dcbersetzung von \u201cal-gharb al-andalus\u201d. Aber nicht gleich an die K\u00fcste \u2013 ab und zu muss es im Reisemobil einen Ver- und Entsorgungstag geben,\u2026","rel":"","context":"In &quot;Land&quot;","block_context":{"text":"Land","link":"https:\/\/www.bechmann.org\/amphibium\/category\/land\/"},"img":{"alt_text":"","src":"https:\/\/i0.wp.com\/www.bechmann.org\/amphibium\/wp-content\/uploads\/img_20180114_1456122-1488936860..jpg?resize=350%2C200","width":350,"height":200,"srcset":"https:\/\/i0.wp.com\/www.bechmann.org\/amphibium\/wp-content\/uploads\/img_20180114_1456122-1488936860..jpg?resize=350%2C200 1x, https:\/\/i0.wp.com\/www.bechmann.org\/amphibium\/wp-content\/uploads\/img_20180114_1456122-1488936860..jpg?resize=525%2C300 1.5x, https:\/\/i0.wp.com\/www.bechmann.org\/amphibium\/wp-content\/uploads\/img_20180114_1456122-1488936860..jpg?resize=700%2C400 2x, https:\/\/i0.wp.com\/www.bechmann.org\/amphibium\/wp-content\/uploads\/img_20180114_1456122-1488936860..jpg?resize=1050%2C600 3x, https:\/\/i0.wp.com\/www.bechmann.org\/amphibium\/wp-content\/uploads\/img_20180114_1456122-1488936860..jpg?resize=1400%2C800 4x"},"classes":[]}],"jetpack_sharing_enabled":true,"_links":{"self":[{"href":"https:\/\/www.bechmann.org\/amphibium\/wp-json\/wp\/v2\/posts\/1951","targetHints":{"allow":["GET"]}}],"collection":[{"href":"https:\/\/www.bechmann.org\/amphibium\/wp-json\/wp\/v2\/posts"}],"about":[{"href":"https:\/\/www.bechmann.org\/amphibium\/wp-json\/wp\/v2\/types\/post"}],"author":[{"embeddable":true,"href":"https:\/\/www.bechmann.org\/amphibium\/wp-json\/wp\/v2\/users\/1"}],"replies":[{"embeddable":true,"href":"https:\/\/www.bechmann.org\/amphibium\/wp-json\/wp\/v2\/comments?post=1951"}],"version-history":[{"count":7,"href":"https:\/\/www.bechmann.org\/amphibium\/wp-json\/wp\/v2\/posts\/1951\/revisions"}],"predecessor-version":[{"id":2182,"href":"https:\/\/www.bechmann.org\/amphibium\/wp-json\/wp\/v2\/posts\/1951\/revisions\/2182"}],"wp:attachment":[{"href":"https:\/\/www.bechmann.org\/amphibium\/wp-json\/wp\/v2\/media?parent=1951"}],"wp:term":[{"taxonomy":"category","embeddable":true,"href":"https:\/\/www.bechmann.org\/amphibium\/wp-json\/wp\/v2\/categories?post=1951"},{"taxonomy":"post_tag","embeddable":true,"href":"https:\/\/www.bechmann.org\/amphibium\/wp-json\/wp\/v2\/tags?post=1951"}],"curies":[{"name":"wp","href":"https:\/\/api.w.org\/{rel}","templated":true}]}}