{"id":1918,"date":"2017-01-02T22:42:00","date_gmt":"2017-01-02T21:42:00","guid":{"rendered":"http:\/\/www.bechmann.org\/amphibium\/?p=1918"},"modified":"2017-06-17T12:50:05","modified_gmt":"2017-06-17T10:50:05","slug":"neujahr-am-ende-der-welt","status":"publish","type":"post","link":"https:\/\/www.bechmann.org\/amphibium\/neujahr-am-ende-der-welt\/","title":{"rendered":"Neujahr am Ende der Welt"},"content":{"rendered":"<div style=\"width: 654px\" class=\"wp-caption alignnone\"><a href=\"https:\/\/i0.wp.com\/www.bechmann.org\/amphibium\/wp-content\/uploads\/IMG_0423.jpg?ssl=1\"><img data-recalc-dims=\"1\" loading=\"lazy\" decoding=\"async\" style=\"background-image: none; padding-top: 0px; padding-left: 0px; display: inline; padding-right: 0px; border-width: 0px;\" title=\"IMG_0423\" src=\"https:\/\/i0.wp.com\/www.bechmann.org\/amphibium\/wp-content\/uploads\/IMG_0423_thumb.jpg?resize=625%2C470&#038;ssl=1\" alt=\"IMG_0423\" width=\"625\" height=\"470\" border=\"0\" \/><\/a><p class=\"wp-caption-text\">Leuchtturm am Cabo Sao Vicente.<\/p><\/div>\n<p>Wir sind am Ende.<\/p>\n<p>Am Ende der Welt, also dort, wo einen ein Unimog hintragen kann!<\/p>\n<p>Zumindest der Welt von Christoph Kolumbus zu seinen Zeiten. Sagres mit dem Leuchtturm am Cabo Sao Vicente ist der s\u00fcdwestlichste Zipfel Europas \u2013 ab dann kam nur Atlantik, die Azoren, und dann\u2026 Amerika.<\/p>\n<p>Damit waren wir nach dem galizischen Cap Finisterre am oberen, nordwestlichen Zipfel Iberiens gelegen (nach spanischem, fr\u00fcherem Verst\u00e4ndnis das Ende der Welt), sowie oberhalb des 66. Breitengrades im Norden wie unterhalb des 66. Breitengrades im S\u00fcden gewesen. Also zumindest mit eurozentrischem Blick an allen Enden der Welt.<br \/>\n<!--more--><br \/>\n<div style=\"width: 654px\" class=\"wp-caption alignnone\"><a href=\"https:\/\/i0.wp.com\/www.bechmann.org\/amphibium\/wp-content\/uploads\/IMG_0430.jpg?ssl=1\"><img data-recalc-dims=\"1\" loading=\"lazy\" decoding=\"async\" style=\"background-image: none; padding-top: 0px; padding-left: 0px; display: inline; padding-right: 0px; border: 0px;\" title=\"IMG_0430\" src=\"https:\/\/i0.wp.com\/www.bechmann.org\/amphibium\/wp-content\/uploads\/IMG_0430_thumb.jpg?resize=625%2C470&#038;ssl=1\" alt=\"IMG_0430\" width=\"625\" height=\"470\" border=\"0\" \/><\/a><p class=\"wp-caption-text\">Ende der Welt: Hinterm Horizont geht&#8217;s weiter&#8230;<\/p><\/div><\/p>\n<p>Sagres gilt auch als Surferhochburg, und ich hatte gedacht, dass es in dem Ort eine Silvesterparty geben m\u00fcsste\u2026 wenn es sie gegeben hat, war sie nicht laut genug, um von uns geh\u00f6rt zu werden. Wir standen auf dem Parkplatz vor der Festung von Sagres, um uns herum eine Menge anderer (Plastik-)Wohnmobile \u2013 aber auch bei denen herrschte Ruhe. Wenn wir aus dem Fenster ins Zwielicht sahen, kamen wir uns vor wie auf dem Friedhof der Wohnmobile.<\/p>\n<p>Immerhin war das Feuerwerk, das von einem Hotelkomplex aus abgeschossen wurde, was her und hielt lange an. Vielleicht wurde dort rauschend gefeiert.<\/p>\n<div style=\"width: 654px\" class=\"wp-caption alignnone\"><a href=\"https:\/\/i0.wp.com\/www.bechmann.org\/amphibium\/wp-content\/uploads\/IMG_20170101_145838.jpg?ssl=1\"><img data-recalc-dims=\"1\" loading=\"lazy\" decoding=\"async\" style=\"background-image: none; padding-top: 0px; padding-left: 0px; display: inline; padding-right: 0px; border: 0px;\" title=\"IMG_20170101_145838\" src=\"https:\/\/i0.wp.com\/www.bechmann.org\/amphibium\/wp-content\/uploads\/IMG_20170101_145838_thumb.jpg?resize=625%2C470&#038;ssl=1\" alt=\"IMG_20170101_145838\" width=\"625\" height=\"470\" border=\"0\" \/><\/a><p class=\"wp-caption-text\">\u00dcbernachtungsplatz am Praia de Ingrina.<\/p><\/div>\n<p>Am Neujahrstag sind wir dann an den wenige Kilometer entfernten Praia de Ingrina umgezogen, und haben dort einen abgelegen Stellplatz inmitten von Felsen, tosender Brandung und Ausblick auf die Felsk\u00fcsten rings umher gefunden. Und sind fast alleine.<\/p>\n<p><iframe loading=\"lazy\" src=\"https:\/\/player.vimeo.com\/video\/197750310?autoplay=1&amp;byline=0\" width=\"680\" height=\"383\" frameborder=\"0\" allowfullscreen=\"allowfullscreen\"><\/iframe><\/p>\n<p><a href=\"https:\/\/vimeo.com\/197750310\">Praia de Ingrina, Algarve, Portugal<\/a> from <a href=\"https:\/\/vimeo.com\/bechtie\">Oliver Bechmann<\/a> on <a href=\"https:\/\/vimeo.com\">Vimeo<\/a>.<\/p>\n<p>Heute sind wir \u2013 trotz vielversprechendem Sonnenaufgang &#8211; bei graubedecktem Himmel, aber angenehmen 18-19 Grad sowie st\u00fcrmischem Wind (5-6 Beaufort, 60-72 km\/h) zu einer Wanderung entlang der Brandung und den Klippen ausgezogen. Zwischendurch begann es zu regnen.<\/p>\n<div class=\"tiled-gallery type-rectangular tiled-gallery-unresized\" data-original-width=\"625\" data-carousel-extra='{&quot;blog_id&quot;:1,&quot;permalink&quot;:&quot;https:\\\/\\\/www.bechmann.org\\\/amphibium\\\/neujahr-am-ende-der-welt\\\/&quot;,&quot;likes_blog_id&quot;:68534324}' itemscope itemtype=\"http:\/\/schema.org\/ImageGallery\" > <div class=\"gallery-row\" style=\"width: 625px; height: 314px;\" data-original-width=\"625\" data-original-height=\"314\" > <div class=\"gallery-group images-1\" style=\"width: 417px; height: 314px;\" data-original-width=\"417\" data-original-height=\"314\" > <div class=\"tiled-gallery-item tiled-gallery-item-large\" itemprop=\"associatedMedia\" itemscope itemtype=\"http:\/\/schema.org\/ImageObject\"> <a href=\"https:\/\/www.bechmann.org\/amphibium\/neujahr-am-ende-der-welt\/img_20170102_080145-jpg\/\" border=\"0\" itemprop=\"url\"> <meta itemprop=\"width\" content=\"413\"> <meta itemprop=\"height\" content=\"310\"> <img decoding=\"async\" class=\"\" data-attachment-id=\"1927\" data-orig-file=\"https:\/\/www.bechmann.org\/amphibium\/wp-content\/uploads\/IMG_20170102_080145.jpg\" data-orig-size=\"1024,768\" data-comments-opened=\"\" data-image-meta=\"{&quot;aperture&quot;:&quot;0&quot;,&quot;credit&quot;:&quot;&quot;,&quot;camera&quot;:&quot;&quot;,&quot;caption&quot;:&quot;&quot;,&quot;created_timestamp&quot;:&quot;0&quot;,&quot;copyright&quot;:&quot;&quot;,&quot;focal_length&quot;:&quot;0&quot;,&quot;iso&quot;:&quot;0&quot;,&quot;shutter_speed&quot;:&quot;0&quot;,&quot;title&quot;:&quot;&quot;,&quot;orientation&quot;:&quot;0&quot;}\" data-image-title=\"IMG_20170102_080145.jpg\" data-image-description=\"\" data-medium-file=\"https:\/\/i0.wp.com\/www.bechmann.org\/amphibium\/wp-content\/uploads\/IMG_20170102_080145.jpg?fit=300%2C225&#038;ssl=1\" data-large-file=\"https:\/\/i0.wp.com\/www.bechmann.org\/amphibium\/wp-content\/uploads\/IMG_20170102_080145.jpg?fit=625%2C469&#038;ssl=1\" src=\"https:\/\/i0.wp.com\/www.bechmann.org\/amphibium\/wp-content\/uploads\/IMG_20170102_080145.jpg?w=413&#038;h=310&#038;ssl=1\" srcset=\"https:\/\/i0.wp.com\/www.bechmann.org\/amphibium\/wp-content\/uploads\/IMG_20170102_080145.jpg?w=1024&amp;ssl=1 1024w, https:\/\/i0.wp.com\/www.bechmann.org\/amphibium\/wp-content\/uploads\/IMG_20170102_080145.jpg?resize=300%2C225&amp;ssl=1 300w, https:\/\/i0.wp.com\/www.bechmann.org\/amphibium\/wp-content\/uploads\/IMG_20170102_080145.jpg?resize=768%2C576&amp;ssl=1 768w, https:\/\/i0.wp.com\/www.bechmann.org\/amphibium\/wp-content\/uploads\/IMG_20170102_080145.jpg?resize=400%2C300&amp;ssl=1 400w\" width=\"413\" height=\"310\" loading=\"lazy\" data-original-width=\"413\" data-original-height=\"310\" itemprop=\"http:\/\/schema.org\/image\" title=\"IMG_20170102_080145.jpg\" alt=\"Sonnenaufgang durchs Schlafzimmerfenster...\" style=\"width: 413px; height: 310px;\" \/> <\/a> <div class=\"tiled-gallery-caption\" itemprop=\"caption description\"> Sonnenaufgang durchs Schlafzimmerfenster&#8230; <\/div> <\/div> <\/div> <!-- close group --> <div class=\"gallery-group images-2\" style=\"width: 208px; height: 314px;\" data-original-width=\"208\" data-original-height=\"314\" > <div class=\"tiled-gallery-item tiled-gallery-item-small\" itemprop=\"associatedMedia\" itemscope itemtype=\"http:\/\/schema.org\/ImageObject\"> <a href=\"https:\/\/www.bechmann.org\/amphibium\/neujahr-am-ende-der-welt\/img_20170102_150521-jpg\/\" border=\"0\" itemprop=\"url\"> <meta itemprop=\"width\" content=\"204\"> <meta itemprop=\"height\" content=\"153\"> <img decoding=\"async\" class=\"\" data-attachment-id=\"1931\" data-orig-file=\"https:\/\/www.bechmann.org\/amphibium\/wp-content\/uploads\/IMG_20170102_150521.jpg\" data-orig-size=\"1024,768\" data-comments-opened=\"\" data-image-meta=\"{&quot;aperture&quot;:&quot;0&quot;,&quot;credit&quot;:&quot;&quot;,&quot;camera&quot;:&quot;&quot;,&quot;caption&quot;:&quot;&quot;,&quot;created_timestamp&quot;:&quot;0&quot;,&quot;copyright&quot;:&quot;&quot;,&quot;focal_length&quot;:&quot;0&quot;,&quot;iso&quot;:&quot;0&quot;,&quot;shutter_speed&quot;:&quot;0&quot;,&quot;title&quot;:&quot;&quot;,&quot;orientation&quot;:&quot;0&quot;}\" data-image-title=\"IMG_20170102_150521.jpg\" data-image-description=\"\" data-medium-file=\"https:\/\/i0.wp.com\/www.bechmann.org\/amphibium\/wp-content\/uploads\/IMG_20170102_150521.jpg?fit=300%2C225&#038;ssl=1\" data-large-file=\"https:\/\/i0.wp.com\/www.bechmann.org\/amphibium\/wp-content\/uploads\/IMG_20170102_150521.jpg?fit=625%2C469&#038;ssl=1\" src=\"https:\/\/i0.wp.com\/www.bechmann.org\/amphibium\/wp-content\/uploads\/IMG_20170102_150521.jpg?w=204&#038;h=153&#038;ssl=1\" srcset=\"https:\/\/i0.wp.com\/www.bechmann.org\/amphibium\/wp-content\/uploads\/IMG_20170102_150521.jpg?w=1024&amp;ssl=1 1024w, https:\/\/i0.wp.com\/www.bechmann.org\/amphibium\/wp-content\/uploads\/IMG_20170102_150521.jpg?resize=300%2C225&amp;ssl=1 300w, https:\/\/i0.wp.com\/www.bechmann.org\/amphibium\/wp-content\/uploads\/IMG_20170102_150521.jpg?resize=768%2C576&amp;ssl=1 768w, https:\/\/i0.wp.com\/www.bechmann.org\/amphibium\/wp-content\/uploads\/IMG_20170102_150521.jpg?resize=400%2C300&amp;ssl=1 400w\" width=\"204\" height=\"153\" loading=\"lazy\" data-original-width=\"204\" data-original-height=\"153\" itemprop=\"http:\/\/schema.org\/image\" title=\"IMG_20170102_150521.jpg\" alt=\"Praia de Ingrina.\" style=\"width: 204px; height: 153px;\" \/> <\/a> <div class=\"tiled-gallery-caption\" itemprop=\"caption description\"> Praia de Ingrina. <\/div> <\/div> <div class=\"tiled-gallery-item tiled-gallery-item-small\" itemprop=\"associatedMedia\" itemscope itemtype=\"http:\/\/schema.org\/ImageObject\"> <a href=\"https:\/\/www.bechmann.org\/amphibium\/neujahr-am-ende-der-welt\/img_20170102_145018-jpg\/\" border=\"0\" itemprop=\"url\"> <meta itemprop=\"width\" content=\"204\"> <meta itemprop=\"height\" content=\"153\"> <img decoding=\"async\" class=\"\" data-attachment-id=\"1929\" data-orig-file=\"https:\/\/www.bechmann.org\/amphibium\/wp-content\/uploads\/IMG_20170102_145018.jpg\" data-orig-size=\"1024,768\" data-comments-opened=\"\" data-image-meta=\"{&quot;aperture&quot;:&quot;0&quot;,&quot;credit&quot;:&quot;&quot;,&quot;camera&quot;:&quot;&quot;,&quot;caption&quot;:&quot;&quot;,&quot;created_timestamp&quot;:&quot;0&quot;,&quot;copyright&quot;:&quot;&quot;,&quot;focal_length&quot;:&quot;0&quot;,&quot;iso&quot;:&quot;0&quot;,&quot;shutter_speed&quot;:&quot;0&quot;,&quot;title&quot;:&quot;&quot;,&quot;orientation&quot;:&quot;0&quot;}\" data-image-title=\"IMG_20170102_145018.jpg\" data-image-description=\"\" data-medium-file=\"https:\/\/i0.wp.com\/www.bechmann.org\/amphibium\/wp-content\/uploads\/IMG_20170102_145018.jpg?fit=300%2C225&#038;ssl=1\" data-large-file=\"https:\/\/i0.wp.com\/www.bechmann.org\/amphibium\/wp-content\/uploads\/IMG_20170102_145018.jpg?fit=625%2C469&#038;ssl=1\" src=\"https:\/\/i0.wp.com\/www.bechmann.org\/amphibium\/wp-content\/uploads\/IMG_20170102_145018.jpg?w=204&#038;h=153&#038;ssl=1\" srcset=\"https:\/\/i0.wp.com\/www.bechmann.org\/amphibium\/wp-content\/uploads\/IMG_20170102_145018.jpg?w=1024&amp;ssl=1 1024w, https:\/\/i0.wp.com\/www.bechmann.org\/amphibium\/wp-content\/uploads\/IMG_20170102_145018.jpg?resize=300%2C225&amp;ssl=1 300w, https:\/\/i0.wp.com\/www.bechmann.org\/amphibium\/wp-content\/uploads\/IMG_20170102_145018.jpg?resize=768%2C576&amp;ssl=1 768w, https:\/\/i0.wp.com\/www.bechmann.org\/amphibium\/wp-content\/uploads\/IMG_20170102_145018.jpg?resize=400%2C300&amp;ssl=1 400w\" width=\"204\" height=\"153\" loading=\"lazy\" data-original-width=\"204\" data-original-height=\"153\" itemprop=\"http:\/\/schema.org\/image\" title=\"IMG_20170102_145018.jpg\" alt=\"Beate am Strand.\" style=\"width: 204px; height: 153px;\" \/> <\/a> <div class=\"tiled-gallery-caption\" itemprop=\"caption description\"> Beate am Strand. <\/div> <\/div> <\/div> <!-- close group --> <\/div> <!-- close row --> <div class=\"gallery-row\" style=\"width: 625px; height: 235px;\" data-original-width=\"625\" data-original-height=\"235\" > <div class=\"gallery-group images-1\" style=\"width: 313px; height: 235px;\" data-original-width=\"313\" data-original-height=\"235\" > <div class=\"tiled-gallery-item tiled-gallery-item-large\" itemprop=\"associatedMedia\" itemscope itemtype=\"http:\/\/schema.org\/ImageObject\"> <a href=\"https:\/\/www.bechmann.org\/amphibium\/neujahr-am-ende-der-welt\/rimg0079-jpg\/\" border=\"0\" itemprop=\"url\"> <meta itemprop=\"width\" content=\"309\"> <meta itemprop=\"height\" content=\"231\"> <img decoding=\"async\" class=\"\" data-attachment-id=\"1933\" data-orig-file=\"https:\/\/www.bechmann.org\/amphibium\/wp-content\/uploads\/RIMG0079.jpg\" data-orig-size=\"1024,768\" data-comments-opened=\"\" data-image-meta=\"{&quot;aperture&quot;:&quot;0&quot;,&quot;credit&quot;:&quot;&quot;,&quot;camera&quot;:&quot;&quot;,&quot;caption&quot;:&quot;&quot;,&quot;created_timestamp&quot;:&quot;0&quot;,&quot;copyright&quot;:&quot;&quot;,&quot;focal_length&quot;:&quot;0&quot;,&quot;iso&quot;:&quot;0&quot;,&quot;shutter_speed&quot;:&quot;0&quot;,&quot;title&quot;:&quot;&quot;,&quot;orientation&quot;:&quot;0&quot;}\" data-image-title=\"RIMG0079.jpg\" data-image-description=\"\" data-medium-file=\"https:\/\/i0.wp.com\/www.bechmann.org\/amphibium\/wp-content\/uploads\/RIMG0079.jpg?fit=300%2C225&#038;ssl=1\" data-large-file=\"https:\/\/i0.wp.com\/www.bechmann.org\/amphibium\/wp-content\/uploads\/RIMG0079.jpg?fit=625%2C469&#038;ssl=1\" src=\"https:\/\/i0.wp.com\/www.bechmann.org\/amphibium\/wp-content\/uploads\/RIMG0079.jpg?w=309&#038;h=231&#038;ssl=1\" srcset=\"https:\/\/i0.wp.com\/www.bechmann.org\/amphibium\/wp-content\/uploads\/RIMG0079.jpg?w=1024&amp;ssl=1 1024w, https:\/\/i0.wp.com\/www.bechmann.org\/amphibium\/wp-content\/uploads\/RIMG0079.jpg?resize=300%2C225&amp;ssl=1 300w, https:\/\/i0.wp.com\/www.bechmann.org\/amphibium\/wp-content\/uploads\/RIMG0079.jpg?resize=768%2C576&amp;ssl=1 768w, https:\/\/i0.wp.com\/www.bechmann.org\/amphibium\/wp-content\/uploads\/RIMG0079.jpg?resize=400%2C300&amp;ssl=1 400w\" width=\"309\" height=\"231\" loading=\"lazy\" data-original-width=\"309\" data-original-height=\"231\" itemprop=\"http:\/\/schema.org\/image\" title=\"RIMG0079.jpg\" alt=\"Windgepeitschte Brandung.\" style=\"width: 309px; height: 231px;\" \/> <\/a> <div class=\"tiled-gallery-caption\" itemprop=\"caption description\"> Windgepeitschte Brandung. <\/div> <\/div> <\/div> <!-- close group --> <div class=\"gallery-group images-1\" style=\"width: 312px; height: 235px;\" data-original-width=\"312\" data-original-height=\"235\" > <div class=\"tiled-gallery-item tiled-gallery-item-large\" itemprop=\"associatedMedia\" itemscope itemtype=\"http:\/\/schema.org\/ImageObject\"> <a href=\"https:\/\/www.bechmann.org\/amphibium\/neujahr-am-ende-der-welt\/rimg0084-jpg\/\" border=\"0\" itemprop=\"url\"> <meta itemprop=\"width\" content=\"308\"> <meta itemprop=\"height\" content=\"231\"> <img decoding=\"async\" class=\"\" data-attachment-id=\"1935\" data-orig-file=\"https:\/\/www.bechmann.org\/amphibium\/wp-content\/uploads\/RIMG0084.jpg\" data-orig-size=\"1024,768\" data-comments-opened=\"\" data-image-meta=\"{&quot;aperture&quot;:&quot;0&quot;,&quot;credit&quot;:&quot;&quot;,&quot;camera&quot;:&quot;&quot;,&quot;caption&quot;:&quot;&quot;,&quot;created_timestamp&quot;:&quot;0&quot;,&quot;copyright&quot;:&quot;&quot;,&quot;focal_length&quot;:&quot;0&quot;,&quot;iso&quot;:&quot;0&quot;,&quot;shutter_speed&quot;:&quot;0&quot;,&quot;title&quot;:&quot;&quot;,&quot;orientation&quot;:&quot;0&quot;}\" data-image-title=\"RIMG0084.jpg\" data-image-description=\"\" data-medium-file=\"https:\/\/i0.wp.com\/www.bechmann.org\/amphibium\/wp-content\/uploads\/RIMG0084.jpg?fit=300%2C225&#038;ssl=1\" data-large-file=\"https:\/\/i0.wp.com\/www.bechmann.org\/amphibium\/wp-content\/uploads\/RIMG0084.jpg?fit=625%2C469&#038;ssl=1\" src=\"https:\/\/i0.wp.com\/www.bechmann.org\/amphibium\/wp-content\/uploads\/RIMG0084.jpg?w=308&#038;h=231&#038;ssl=1\" srcset=\"https:\/\/i0.wp.com\/www.bechmann.org\/amphibium\/wp-content\/uploads\/RIMG0084.jpg?w=1024&amp;ssl=1 1024w, https:\/\/i0.wp.com\/www.bechmann.org\/amphibium\/wp-content\/uploads\/RIMG0084.jpg?resize=300%2C225&amp;ssl=1 300w, https:\/\/i0.wp.com\/www.bechmann.org\/amphibium\/wp-content\/uploads\/RIMG0084.jpg?resize=768%2C576&amp;ssl=1 768w, https:\/\/i0.wp.com\/www.bechmann.org\/amphibium\/wp-content\/uploads\/RIMG0084.jpg?resize=400%2C300&amp;ssl=1 400w\" width=\"308\" height=\"231\" loading=\"lazy\" data-original-width=\"308\" data-original-height=\"231\" itemprop=\"http:\/\/schema.org\/image\" title=\"RIMG0084.jpg\" alt=\"Regennasser Heimweg.\" style=\"width: 308px; height: 231px;\" \/> <\/a> <div class=\"tiled-gallery-caption\" itemprop=\"caption description\"> Regennasser Heimweg. <\/div> <\/div> <\/div> <!-- close group --> <\/div> <!-- close row --> <\/div>\n<p>Und haben ansonsten einen faulen, gem\u00fctlichen Tag im Unimog gepflegt.<\/p>\n<p>&nbsp;<\/p>\n","protected":false},"excerpt":{"rendered":"<p>Wir sind am Ende. Am Ende der Welt, also dort, wo einen ein Unimog hintragen kann! Zumindest der Welt von Christoph Kolumbus zu seinen Zeiten. Sagres mit dem Leuchtturm am Cabo Sao Vicente ist der s\u00fcdwestlichste Zipfel Europas \u2013 ab dann kam nur Atlantik, die Azoren, und dann\u2026 Amerika. Damit waren wir nach dem galizischen [&hellip;]<\/p>\n","protected":false},"author":1,"featured_media":0,"comment_status":"open","ping_status":"open","sticky":false,"template":"","format":"standard","meta":{"jetpack_post_was_ever_published":false,"_jetpack_newsletter_access":"","_jetpack_dont_email_post_to_subs":false,"_jetpack_newsletter_tier_id":0,"_jetpack_memberships_contains_paywalled_content":false,"_jetpack_memberships_contains_paid_content":false,"footnotes":"","jetpack_publicize_message":"","jetpack_publicize_feature_enabled":true,"jetpack_social_post_already_shared":true,"jetpack_social_options":{"image_generator_settings":{"template":"highway","default_image_id":0,"font":"","enabled":false},"version":2}},"categories":[2,4],"tags":[239,252,251],"class_list":["post-1918","post","type-post","status-publish","format-standard","hentry","category-land","category-wasser","tag-portugal","tag-praia-de-ingrina","tag-sagres"],"jetpack_publicize_connections":[],"jetpack_featured_media_url":"","jetpack_shortlink":"https:\/\/wp.me\/p4DyUk-uW","jetpack-related-posts":[{"id":1890,"url":"https:\/\/www.bechmann.org\/amphibium\/algarve-schlafplaetze-an-klippen-und-straenden\/","url_meta":{"origin":1918,"position":0},"title":"Algarve: Schlafpl\u00e4tze an Klippen und Str\u00e4nden","author":"Oliver","date":"30. Dezember 2016","format":false,"excerpt":"Wir stehen am Rande. Nicht ganz, aber wenige Meter weiter geht es steil die Felsklippen hinunter dorthin, wo die Wellen ungebremst aufschlagen. Nach mehreren flachen weiten Sandstr\u00e4nden bildet die Steilk\u00fcste am Praia de Bordeira nahe Carrapateira den Stand- und Schlafplatz unseres Unimogs. Zerkl\u00fcftete Felsen, Farbenpracht, heranrollende Wogen, Brandungsdonner, morgen werden\u2026","rel":"","context":"In &quot;Land&quot;","block_context":{"text":"Land","link":"https:\/\/www.bechmann.org\/amphibium\/category\/land\/"},"img":{"alt_text":"","src":"https:\/\/i0.wp.com\/www.bechmann.org\/amphibium\/wp-content\/uploads\/wp-image-1524333255jpg.jpg?resize=350%2C200","width":350,"height":200,"srcset":"https:\/\/i0.wp.com\/www.bechmann.org\/amphibium\/wp-content\/uploads\/wp-image-1524333255jpg.jpg?resize=350%2C200 1x, https:\/\/i0.wp.com\/www.bechmann.org\/amphibium\/wp-content\/uploads\/wp-image-1524333255jpg.jpg?resize=525%2C300 1.5x, https:\/\/i0.wp.com\/www.bechmann.org\/amphibium\/wp-content\/uploads\/wp-image-1524333255jpg.jpg?resize=700%2C400 2x, https:\/\/i0.wp.com\/www.bechmann.org\/amphibium\/wp-content\/uploads\/wp-image-1524333255jpg.jpg?resize=1050%2C600 3x, https:\/\/i0.wp.com\/www.bechmann.org\/amphibium\/wp-content\/uploads\/wp-image-1524333255jpg.jpg?resize=1400%2C800 4x"},"classes":[]},{"id":1673,"url":"https:\/\/www.bechmann.org\/amphibium\/66-grad-nord-von-leuchtturm-zu-leuchturm\/","url_meta":{"origin":1918,"position":1},"title":"66 Grad Nord: von Leuchtturm zu Leuchturm","author":"Oliver","date":"26. August 2016","format":false,"excerpt":"Wir haben gestern lange geschlafen, uns Zeit gelassen, das Fahrzeug entsorgt,\u00a0 uns in prima gew\u00e4rmten Duschen geputzt\u2026 Von Kopasker bis zum Nordpolarkreis: Es sind nur wenige Kilometer, die wir auf der gleich n\u00f6rdlich vor\/hinter Kopasker beginnenden Piste zur\u00fccklegen \u2013 immer an der K\u00fcste entlang... \u2026zuerst besuchten wir einen Brutfelsen mit\u2026","rel":"","context":"In &quot;Land&quot;","block_context":{"text":"Land","link":"https:\/\/www.bechmann.org\/amphibium\/category\/land\/"},"img":{"alt_text":"Basst\u00f6lpel-Brutfelsen bei Hraunhafnartangi","src":"https:\/\/i0.wp.com\/www.bechmann.org\/amphibium\/wp-content\/uploads\/island2016-523.jpg?resize=350%2C200","width":350,"height":200,"srcset":"https:\/\/i0.wp.com\/www.bechmann.org\/amphibium\/wp-content\/uploads\/island2016-523.jpg?resize=350%2C200 1x, https:\/\/i0.wp.com\/www.bechmann.org\/amphibium\/wp-content\/uploads\/island2016-523.jpg?resize=525%2C300 1.5x, https:\/\/i0.wp.com\/www.bechmann.org\/amphibium\/wp-content\/uploads\/island2016-523.jpg?resize=700%2C400 2x, https:\/\/i0.wp.com\/www.bechmann.org\/amphibium\/wp-content\/uploads\/island2016-523.jpg?resize=1050%2C600 3x, https:\/\/i0.wp.com\/www.bechmann.org\/amphibium\/wp-content\/uploads\/island2016-523.jpg?resize=1400%2C800 4x"},"classes":[]},{"id":2562,"url":"https:\/\/www.bechmann.org\/amphibium\/coyote-mentoring-schluss-mit-dem-wilden-jahr\/","url_meta":{"origin":1918,"position":2},"title":"Coyote Mentoring: Schluss mit dem wilden Jahr!","author":"Oliver","date":"17. Dezember 2017","format":false,"excerpt":"Ende und Anfang. Nach dem Acht-Schilde-Modell ist alles ein Kreislauf, kein Anfang, kein Ende; kein Ende, kein Anfang. F\u00fcr die frischgebackenen Coyote Mentoren ist das \u201cwilde\u201d Jahr vorbei, sie werden im sechsten und abschlie\u00dfenden Modul der Wildnisp\u00e4dagogik-Ausbildung \u201causgewildert\u201d in einen neuen Anfang. Walk on your own feet. Zuvor stellten wir\u2026","rel":"","context":"In &quot;Coyote Mentoring&quot;","block_context":{"text":"Coyote Mentoring","link":"https:\/\/www.bechmann.org\/amphibium\/category\/coyote-mentoring\/"},"img":{"alt_text":"P1070320 (2)","src":"https:\/\/i0.wp.com\/www.bechmann.org\/amphibium\/wp-content\/uploads\/P1070320-2_thumb.jpg?resize=350%2C200","width":350,"height":200,"srcset":"https:\/\/i0.wp.com\/www.bechmann.org\/amphibium\/wp-content\/uploads\/P1070320-2_thumb.jpg?resize=350%2C200 1x, https:\/\/i0.wp.com\/www.bechmann.org\/amphibium\/wp-content\/uploads\/P1070320-2_thumb.jpg?resize=525%2C300 1.5x, https:\/\/i0.wp.com\/www.bechmann.org\/amphibium\/wp-content\/uploads\/P1070320-2_thumb.jpg?resize=700%2C400 2x, https:\/\/i0.wp.com\/www.bechmann.org\/amphibium\/wp-content\/uploads\/P1070320-2_thumb.jpg?resize=1050%2C600 3x, https:\/\/i0.wp.com\/www.bechmann.org\/amphibium\/wp-content\/uploads\/P1070320-2_thumb.jpg?resize=1400%2C800 4x"},"classes":[]},{"id":1671,"url":"https:\/\/www.bechmann.org\/amphibium\/fjord-kayaken-und-ein-seehund\/","url_meta":{"origin":1918,"position":3},"title":"Fjord-Kayaken und ein Seehund","author":"Oliver","date":"24. August 2016","format":false,"excerpt":"Wir \u00fcbernachten nahe der Werkstatt, in der schon die Ersatzteile auf uns warten. Die Truppe dort ist knurrig und des Englischen eingeschr\u00e4nkt, aber ausreichend, kundig. Ein H\u00fcne mit Glatze und Vollbart erkl\u00e4rt, dass es auch ohne Reparatur ginge (was den Getriebe\u00f6lverlust angeht), ansonsten werden rund 500 Euro f\u00fcr diesen Befund\u2026","rel":"","context":"In &quot;Land&quot;","block_context":{"text":"Land","link":"https:\/\/www.bechmann.org\/amphibium\/category\/land\/"},"img":{"alt_text":"","src":"https:\/\/i0.wp.com\/www.bechmann.org\/amphibium\/wp-content\/uploads\/island2016-502.jpg?resize=350%2C200","width":350,"height":200,"srcset":"https:\/\/i0.wp.com\/www.bechmann.org\/amphibium\/wp-content\/uploads\/island2016-502.jpg?resize=350%2C200 1x, https:\/\/i0.wp.com\/www.bechmann.org\/amphibium\/wp-content\/uploads\/island2016-502.jpg?resize=525%2C300 1.5x, https:\/\/i0.wp.com\/www.bechmann.org\/amphibium\/wp-content\/uploads\/island2016-502.jpg?resize=700%2C400 2x, https:\/\/i0.wp.com\/www.bechmann.org\/amphibium\/wp-content\/uploads\/island2016-502.jpg?resize=1050%2C600 3x, https:\/\/i0.wp.com\/www.bechmann.org\/amphibium\/wp-content\/uploads\/island2016-502.jpg?resize=1400%2C800 4x"},"classes":[]},{"id":322,"url":"https:\/\/www.bechmann.org\/amphibium\/amphibienschuhe\/","url_meta":{"origin":1918,"position":4},"title":"Schuhe f\u00fcrs amphibische Leben","author":"Oliver","date":"4. September 2009","format":false,"excerpt":"F\u00fcr ein Leben zwischen Land und Wasser braucht es entsprechende Schuhe. Wanderstiefel sind eine Sache, Gummistiefel eine andere, Beide schlie\u00dfen aber vor den Elementen \"Wasser\" und \"Erde\" ab - das ist ihr Sinn und Zweck. Wenn man die Elemente bewusst erfahren will, braucht es Schuhe, die zarten St\u00e4dter-F\u00fc\u00dfen Schutz gew\u00e4hren,\u2026","rel":"","context":"In &quot;Ausr\u00fcstung&quot;","block_context":{"text":"Ausr\u00fcstung","link":"https:\/\/www.bechmann.org\/amphibium\/category\/ausruestung\/"},"img":{"alt_text":"Fivefingers-Barfusschuhe","src":"https:\/\/i0.wp.com\/www.bechmann.org\/amphibium\/wp-content\/uploads\/p_1600_1200_49480269-92f6-4ffc-91aa-e73781e72587.jpeg?resize=350%2C200","width":350,"height":200},"classes":[]},{"id":2011,"url":"https:\/\/www.bechmann.org\/amphibium\/vor-und-nach-reiter\/","url_meta":{"origin":1918,"position":5},"title":"Vor- und Nach-Reiter","author":"Oliver","date":"15. Januar 2017","format":false,"excerpt":"Es geht zur\u00fcck, unweigerlich. Nach dem Kayak-\u00a0 und dem Strand-Tag am Praia de Albandeira n\u00e4chtigten wir am Praia de Falesia (genauer: am Praia dos Tomates), einige Kilometer weiter in Richtung Faro. Dort droht der Flughafen. Und damit Beates R\u00fcck-Flug, und meine damit einhergehende R\u00fcck-Fahrt. Am Praia de Falesia sind wir\u2026","rel":"","context":"In &quot;Land&quot;","block_context":{"text":"Land","link":"https:\/\/www.bechmann.org\/amphibium\/category\/land\/"},"img":{"alt_text":"IMG_1013","src":"https:\/\/i0.wp.com\/www.bechmann.org\/amphibium\/wp-content\/uploads\/IMG_1013_thumb.jpg?resize=350%2C200","width":350,"height":200,"srcset":"https:\/\/i0.wp.com\/www.bechmann.org\/amphibium\/wp-content\/uploads\/IMG_1013_thumb.jpg?resize=350%2C200 1x, https:\/\/i0.wp.com\/www.bechmann.org\/amphibium\/wp-content\/uploads\/IMG_1013_thumb.jpg?resize=525%2C300 1.5x"},"classes":[]}],"jetpack_sharing_enabled":true,"_links":{"self":[{"href":"https:\/\/www.bechmann.org\/amphibium\/wp-json\/wp\/v2\/posts\/1918","targetHints":{"allow":["GET"]}}],"collection":[{"href":"https:\/\/www.bechmann.org\/amphibium\/wp-json\/wp\/v2\/posts"}],"about":[{"href":"https:\/\/www.bechmann.org\/amphibium\/wp-json\/wp\/v2\/types\/post"}],"author":[{"embeddable":true,"href":"https:\/\/www.bechmann.org\/amphibium\/wp-json\/wp\/v2\/users\/1"}],"replies":[{"embeddable":true,"href":"https:\/\/www.bechmann.org\/amphibium\/wp-json\/wp\/v2\/comments?post=1918"}],"version-history":[{"count":5,"href":"https:\/\/www.bechmann.org\/amphibium\/wp-json\/wp\/v2\/posts\/1918\/revisions"}],"predecessor-version":[{"id":2183,"href":"https:\/\/www.bechmann.org\/amphibium\/wp-json\/wp\/v2\/posts\/1918\/revisions\/2183"}],"wp:attachment":[{"href":"https:\/\/www.bechmann.org\/amphibium\/wp-json\/wp\/v2\/media?parent=1918"}],"wp:term":[{"taxonomy":"category","embeddable":true,"href":"https:\/\/www.bechmann.org\/amphibium\/wp-json\/wp\/v2\/categories?post=1918"},{"taxonomy":"post_tag","embeddable":true,"href":"https:\/\/www.bechmann.org\/amphibium\/wp-json\/wp\/v2\/tags?post=1918"}],"curies":[{"name":"wp","href":"https:\/\/api.w.org\/{rel}","templated":true}]}}