{"id":1882,"date":"2016-12-26T21:23:00","date_gmt":"2016-12-26T20:23:00","guid":{"rendered":"http:\/\/www.bechmann.org\/amphibium\/?p=1882"},"modified":"2017-06-17T12:52:28","modified_gmt":"2017-06-17T10:52:28","slug":"rundgang-in-lissabon","status":"publish","type":"post","link":"https:\/\/www.bechmann.org\/amphibium\/rundgang-in-lissabon\/","title":{"rendered":"Rundgang in Lissabon"},"content":{"rendered":"<div id=\"attachment_1881\" style=\"width: 2010px\" class=\"wp-caption alignnone\"><a href=\"https:\/\/i0.wp.com\/www.bechmann.org\/amphibium\/wp-content\/uploads\/wp-image-337588190jpg.jpg?ssl=1\"><img data-recalc-dims=\"1\" loading=\"lazy\" decoding=\"async\" aria-describedby=\"caption-attachment-1881\" data-attachment-id=\"1881\" data-permalink=\"https:\/\/www.bechmann.org\/amphibium\/rundgang-in-lissabon\/wp-image-337588190jpg-jpg\/\" data-orig-file=\"https:\/\/i0.wp.com\/www.bechmann.org\/amphibium\/wp-content\/uploads\/wp-image-337588190jpg.jpg?fit=2000%2C1663&amp;ssl=1\" data-orig-size=\"2000,1663\" data-comments-opened=\"0\" data-image-meta=\"{&quot;aperture&quot;:&quot;0&quot;,&quot;credit&quot;:&quot;&quot;,&quot;camera&quot;:&quot;&quot;,&quot;caption&quot;:&quot;&quot;,&quot;created_timestamp&quot;:&quot;0&quot;,&quot;copyright&quot;:&quot;&quot;,&quot;focal_length&quot;:&quot;0&quot;,&quot;iso&quot;:&quot;0&quot;,&quot;shutter_speed&quot;:&quot;0&quot;,&quot;title&quot;:&quot;&quot;,&quot;orientation&quot;:&quot;0&quot;}\" data-image-title=\"wp-image-337588190jpg.jpg\" data-image-description=\"\" data-image-caption=\"&lt;p&gt;Im Castelo de Sao Jorge.&lt;\/p&gt;\n\" data-large-file=\"https:\/\/i0.wp.com\/www.bechmann.org\/amphibium\/wp-content\/uploads\/wp-image-337588190jpg.jpg?fit=625%2C519&amp;ssl=1\" class=\"wp-image-1881 size-full\" src=\"https:\/\/i0.wp.com\/www.bechmann.org\/amphibium\/wp-content\/uploads\/wp-image-337588190jpg.jpg?resize=625%2C520&#038;ssl=1\" width=\"625\" height=\"520\" \/><\/a><p id=\"caption-attachment-1881\" class=\"wp-caption-text\">Im Castelo de Sao Jorge<\/p><\/div>\n<p>Lissabon ist eine bedeutende europ\u00e4ische Kulturstadt, Portugals Hauptstadt und architektonischer Zeuge der vergangenen portugiesischen Weltmachts-Zeiten und verf\u00fcgt im Vergleich dazu \u00fcber einen \u00fcberraschend \u00fcbersichtlichen Flughafen.<\/p>\n<p>(Vielleicht ist der Frankfurter Flughafen einfach auch nur \u00fcbergro\u00df).<\/p>\n<p>Am Flughafen habe ich gestern Beate in den Abendstunden abgeholt, die Heiligabend noch mit ihrer Mutter in der Heimat verbracht hat. Von meiner vorherigen \u00dcbernachtungsstation am Praia das Piedras Negras bin ich nach einem Spaziergang und einer Morgen-Meditation mit Blick auf die Brandung z\u00fcgig aufgebrochen, hab\u2019 einen Abstecher nach Nazar\u00e9 eingebaut und bei einem Intermarch\u00e9 entlang der Strecke zwecks Tanken und Einkaufen Halt gemacht.<\/p>\n<div class=\"tiled-gallery type-rectangular tiled-gallery-unresized\" data-original-width=\"625\" data-carousel-extra='{&quot;blog_id&quot;:1,&quot;permalink&quot;:&quot;https:\\\/\\\/www.bechmann.org\\\/amphibium\\\/rundgang-in-lissabon\\\/&quot;,&quot;likes_blog_id&quot;:68534324}' itemscope itemtype=\"http:\/\/schema.org\/ImageGallery\" > <div class=\"gallery-row\" style=\"width: 625px; height: 333px;\" data-original-width=\"625\" data-original-height=\"333\" > <div class=\"gallery-group images-1\" style=\"width: 443px; height: 333px;\" data-original-width=\"443\" data-original-height=\"333\" > <div class=\"tiled-gallery-item tiled-gallery-item-large\" itemprop=\"associatedMedia\" itemscope itemtype=\"http:\/\/schema.org\/ImageObject\"> <a href=\"https:\/\/www.bechmann.org\/amphibium\/rundgang-in-lissabon\/wp-image-896189366jpg-jpg\/\" border=\"0\" itemprop=\"url\"> <meta itemprop=\"width\" content=\"439\"> <meta itemprop=\"height\" content=\"329\"> <img decoding=\"async\" class=\"\" data-attachment-id=\"1880\" data-orig-file=\"https:\/\/www.bechmann.org\/amphibium\/wp-content\/uploads\/wp-image-896189366jpg.jpg\" data-orig-size=\"2000,1500\" data-comments-opened=\"\" data-image-meta=\"{&quot;aperture&quot;:&quot;0&quot;,&quot;credit&quot;:&quot;&quot;,&quot;camera&quot;:&quot;&quot;,&quot;caption&quot;:&quot;&quot;,&quot;created_timestamp&quot;:&quot;0&quot;,&quot;copyright&quot;:&quot;&quot;,&quot;focal_length&quot;:&quot;0&quot;,&quot;iso&quot;:&quot;0&quot;,&quot;shutter_speed&quot;:&quot;0&quot;,&quot;title&quot;:&quot;&quot;,&quot;orientation&quot;:&quot;0&quot;}\" data-image-title=\"wp-image-896189366jpg.jpg\" data-image-description=\"\" data-medium-file=\"https:\/\/i0.wp.com\/www.bechmann.org\/amphibium\/wp-content\/uploads\/wp-image-896189366jpg.jpg?fit=300%2C225&#038;ssl=1\" data-large-file=\"https:\/\/i0.wp.com\/www.bechmann.org\/amphibium\/wp-content\/uploads\/wp-image-896189366jpg.jpg?fit=625%2C469&#038;ssl=1\" src=\"https:\/\/i0.wp.com\/www.bechmann.org\/amphibium\/wp-content\/uploads\/wp-image-896189366jpg.jpg?w=439&#038;h=329&#038;ssl=1\" srcset=\"https:\/\/i0.wp.com\/www.bechmann.org\/amphibium\/wp-content\/uploads\/wp-image-896189366jpg.jpg?w=2000&amp;ssl=1 2000w, https:\/\/i0.wp.com\/www.bechmann.org\/amphibium\/wp-content\/uploads\/wp-image-896189366jpg.jpg?resize=300%2C225&amp;ssl=1 300w, https:\/\/i0.wp.com\/www.bechmann.org\/amphibium\/wp-content\/uploads\/wp-image-896189366jpg.jpg?resize=768%2C576&amp;ssl=1 768w, https:\/\/i0.wp.com\/www.bechmann.org\/amphibium\/wp-content\/uploads\/wp-image-896189366jpg.jpg?resize=1024%2C768&amp;ssl=1 1024w, https:\/\/i0.wp.com\/www.bechmann.org\/amphibium\/wp-content\/uploads\/wp-image-896189366jpg.jpg?resize=400%2C300&amp;ssl=1 400w, https:\/\/i0.wp.com\/www.bechmann.org\/amphibium\/wp-content\/uploads\/wp-image-896189366jpg.jpg?w=1250&amp;ssl=1 1250w, https:\/\/i0.wp.com\/www.bechmann.org\/amphibium\/wp-content\/uploads\/wp-image-896189366jpg.jpg?w=1875&amp;ssl=1 1875w\" width=\"439\" height=\"329\" loading=\"lazy\" data-original-width=\"439\" data-original-height=\"329\" itemprop=\"http:\/\/schema.org\/image\" title=\"wp-image-896189366jpg.jpg\" alt=\"Blick vom Castelo de Sao Jorge Richtung Hafen.\" style=\"width: 439px; height: 329px;\" \/> <\/a> <div class=\"tiled-gallery-caption\" itemprop=\"caption description\"> Blick vom Castelo de Sao Jorge Richtung Hafen. <\/div> <\/div> <\/div> <!-- close group --> <div class=\"gallery-group images-2\" style=\"width: 182px; height: 333px;\" data-original-width=\"182\" data-original-height=\"333\" > <div class=\"tiled-gallery-item tiled-gallery-item-small\" itemprop=\"associatedMedia\" itemscope itemtype=\"http:\/\/schema.org\/ImageObject\"> <a href=\"https:\/\/www.bechmann.org\/amphibium\/rundgang-in-lissabon\/wp-image-337588190jpg-jpg\/\" border=\"0\" itemprop=\"url\"> <meta itemprop=\"width\" content=\"178\"> <meta itemprop=\"height\" content=\"148\"> <img decoding=\"async\" class=\"\" data-attachment-id=\"1881\" data-orig-file=\"https:\/\/www.bechmann.org\/amphibium\/wp-content\/uploads\/wp-image-337588190jpg.jpg\" data-orig-size=\"2000,1663\" data-comments-opened=\"\" data-image-meta=\"{&quot;aperture&quot;:&quot;0&quot;,&quot;credit&quot;:&quot;&quot;,&quot;camera&quot;:&quot;&quot;,&quot;caption&quot;:&quot;&quot;,&quot;created_timestamp&quot;:&quot;0&quot;,&quot;copyright&quot;:&quot;&quot;,&quot;focal_length&quot;:&quot;0&quot;,&quot;iso&quot;:&quot;0&quot;,&quot;shutter_speed&quot;:&quot;0&quot;,&quot;title&quot;:&quot;&quot;,&quot;orientation&quot;:&quot;0&quot;}\" data-image-title=\"wp-image-337588190jpg.jpg\" data-image-description=\"\" data-medium-file=\"https:\/\/i0.wp.com\/www.bechmann.org\/amphibium\/wp-content\/uploads\/wp-image-337588190jpg.jpg?fit=300%2C249&#038;ssl=1\" data-large-file=\"https:\/\/i0.wp.com\/www.bechmann.org\/amphibium\/wp-content\/uploads\/wp-image-337588190jpg.jpg?fit=625%2C519&#038;ssl=1\" src=\"https:\/\/i0.wp.com\/www.bechmann.org\/amphibium\/wp-content\/uploads\/wp-image-337588190jpg.jpg?w=178&#038;h=148&#038;ssl=1\" srcset=\"https:\/\/i0.wp.com\/www.bechmann.org\/amphibium\/wp-content\/uploads\/wp-image-337588190jpg.jpg?w=2000&amp;ssl=1 2000w, https:\/\/i0.wp.com\/www.bechmann.org\/amphibium\/wp-content\/uploads\/wp-image-337588190jpg.jpg?resize=300%2C249&amp;ssl=1 300w, https:\/\/i0.wp.com\/www.bechmann.org\/amphibium\/wp-content\/uploads\/wp-image-337588190jpg.jpg?resize=768%2C639&amp;ssl=1 768w, https:\/\/i0.wp.com\/www.bechmann.org\/amphibium\/wp-content\/uploads\/wp-image-337588190jpg.jpg?resize=1024%2C851&amp;ssl=1 1024w, https:\/\/i0.wp.com\/www.bechmann.org\/amphibium\/wp-content\/uploads\/wp-image-337588190jpg.jpg?resize=361%2C300&amp;ssl=1 361w, https:\/\/i0.wp.com\/www.bechmann.org\/amphibium\/wp-content\/uploads\/wp-image-337588190jpg.jpg?w=1250&amp;ssl=1 1250w, https:\/\/i0.wp.com\/www.bechmann.org\/amphibium\/wp-content\/uploads\/wp-image-337588190jpg.jpg?w=1875&amp;ssl=1 1875w\" width=\"178\" height=\"148\" loading=\"lazy\" data-original-width=\"178\" data-original-height=\"148\" itemprop=\"http:\/\/schema.org\/image\" title=\"wp-image-337588190jpg.jpg\" alt=\"Im Castelo de Sao Jorge.\" style=\"width: 178px; height: 148px;\" \/> <\/a> <div class=\"tiled-gallery-caption\" itemprop=\"caption description\"> Im Castelo de Sao Jorge. <\/div> <\/div> <div class=\"tiled-gallery-item tiled-gallery-item-small\" itemprop=\"associatedMedia\" itemscope itemtype=\"http:\/\/schema.org\/ImageObject\"> <a href=\"https:\/\/www.bechmann.org\/amphibium\/rundgang-in-lissabon\/wp-image-977994266jpg-jpg\/\" border=\"0\" itemprop=\"url\"> <meta itemprop=\"width\" content=\"178\"> <meta itemprop=\"height\" content=\"177\"> <img decoding=\"async\" class=\"\" data-attachment-id=\"1879\" data-orig-file=\"https:\/\/www.bechmann.org\/amphibium\/wp-content\/uploads\/wp-image-977994266jpg.jpg\" data-orig-size=\"2000,2000\" data-comments-opened=\"\" data-image-meta=\"{&quot;aperture&quot;:&quot;0&quot;,&quot;credit&quot;:&quot;&quot;,&quot;camera&quot;:&quot;&quot;,&quot;caption&quot;:&quot;&quot;,&quot;created_timestamp&quot;:&quot;0&quot;,&quot;copyright&quot;:&quot;&quot;,&quot;focal_length&quot;:&quot;0&quot;,&quot;iso&quot;:&quot;0&quot;,&quot;shutter_speed&quot;:&quot;0&quot;,&quot;title&quot;:&quot;&quot;,&quot;orientation&quot;:&quot;0&quot;}\" data-image-title=\"wp-image-977994266jpg.jpg\" data-image-description=\"\" data-medium-file=\"https:\/\/i0.wp.com\/www.bechmann.org\/amphibium\/wp-content\/uploads\/wp-image-977994266jpg.jpg?fit=300%2C300&#038;ssl=1\" data-large-file=\"https:\/\/i0.wp.com\/www.bechmann.org\/amphibium\/wp-content\/uploads\/wp-image-977994266jpg.jpg?fit=625%2C625&#038;ssl=1\" src=\"https:\/\/i0.wp.com\/www.bechmann.org\/amphibium\/wp-content\/uploads\/wp-image-977994266jpg.jpg?w=178&#038;h=177&#038;ssl=1\" srcset=\"https:\/\/i0.wp.com\/www.bechmann.org\/amphibium\/wp-content\/uploads\/wp-image-977994266jpg.jpg?w=2000&amp;ssl=1 2000w, https:\/\/i0.wp.com\/www.bechmann.org\/amphibium\/wp-content\/uploads\/wp-image-977994266jpg.jpg?resize=150%2C150&amp;ssl=1 150w, https:\/\/i0.wp.com\/www.bechmann.org\/amphibium\/wp-content\/uploads\/wp-image-977994266jpg.jpg?resize=300%2C300&amp;ssl=1 300w, https:\/\/i0.wp.com\/www.bechmann.org\/amphibium\/wp-content\/uploads\/wp-image-977994266jpg.jpg?resize=768%2C768&amp;ssl=1 768w, https:\/\/i0.wp.com\/www.bechmann.org\/amphibium\/wp-content\/uploads\/wp-image-977994266jpg.jpg?resize=1024%2C1024&amp;ssl=1 1024w, https:\/\/i0.wp.com\/www.bechmann.org\/amphibium\/wp-content\/uploads\/wp-image-977994266jpg.jpg?w=1250&amp;ssl=1 1250w, https:\/\/i0.wp.com\/www.bechmann.org\/amphibium\/wp-content\/uploads\/wp-image-977994266jpg.jpg?w=1875&amp;ssl=1 1875w\" width=\"178\" height=\"177\" loading=\"lazy\" data-original-width=\"178\" data-original-height=\"177\" itemprop=\"http:\/\/schema.org\/image\" title=\"wp-image-977994266jpg.jpg\" alt=\"Im Lissaboner Stadtteil Belem.\" style=\"width: 178px; height: 177px;\" \/> <\/a> <div class=\"tiled-gallery-caption\" itemprop=\"caption description\"> Im Lissaboner Stadtteil Belem. <\/div> <\/div> <\/div> <!-- close group --> <\/div> <!-- close row --> <\/div>\n<p>In Lissabon habe ich den Unimog auf dem dortigen Campingplatz im Stadtteil Amadora abgestellt \u2013 alle paar Tage mal richtig duschen tut auch gut; au\u00dferdem steht das Fahrzeug dort recht einbruchsicher. Auf dem Lande mache ich mir solche \u00dcberlegungen nie zu eigen, in jeder Gro\u00dfstadt der Welt schon. Landbev\u00f6lkerung ist h\u00e4ufig arm, aber ehrlich.<br \/>\n<!--more--><br \/>\nAuf der Iberischen Halbinsel ist der 25.12. was in Deutschland der 24.12. ist, deswegen herrschte relative Ruhe; der Mann an der Campingplatz-Rezeption war gar der Meinung, dass kaum ein Taxis zu kriegen sein d\u00fcrfte\u2026<\/p>\n<h3>Zu Fu\u00df durch Lissabon \u2013 von Amadora ins Bairro Alto<\/h3>\n<p>Beate und ich sind zwar nur wegen des Rendezvous am Flughafen nach Lissabon gefahren bzw. geflogen \u2013 aber da wir nun mal vor Ort waren, wollten wir wenigstens einen kleinen Stadtbummel nicht unterlassen haben. Ein bisschen Atmosph\u00e4re schnuppern. Bus und Taxi haben wir ignoriert, sondern sind gelaufen, was uns eine rund 20 Kilometer lange Tour nach Belem bzw. die Altstadt eingebracht hat.<\/p>\n<p>Wenn man mit Hilfe eines Navis so l\u00e4uft, ergibt es sich, dass man an vielen Ecken und Kanten einer Stadt vorbeikommt, die der Sightseeing-Bus meidet, an denen Linienbus vorbeirauscht und die man im Taxi auf der Stadtautobahn gar nicht wahrnimmt. Der Ex-Journalist in mir sieht halt gerne hinter die Fassaden und wirft den Blick nicht nur auf die Highlights. Was man zu Lissabon wissen kann, steht in der <a href=\"https:\/\/de.wikipedia.org\/wiki\/Lissabon\" target=\"_blank\">Wikipedia\u2026 also hier klicken\u2026<\/a><\/p>\n<h3>Rundgang und Rundblick<\/h3>\n<p>Letztlich aber sind wir am <em>Torre de Belem<\/em>, der <em>Ponte 25. de Abril, <\/em>den Hafen entlang und am <em>Castelo de Sao Jorge<\/em> (wie alle Touristen) vorbeigekommen und haben in der Altstadt in der Fu\u00dfg\u00e4ngerzone nicht weit des altehrw\u00fcrdigen Fahrstuhles von der Unter- zur Oberstadt (<em>Elevador de Santa Justa<\/em>) in einer recht rustikalen Kneipe zu Abend gegessen. Portugiesen, Spanier, Franzosen, Holl\u00e4nder und Briten um uns herum \u2013 egal, die Ober beherrschten all diese Sprachen.<\/p>\n<p>Vom Kastell hat man einen eindrucksvollen Blick \u00fcber der Stadt in alle Himmelsrichtungen. Nach den 20 Kilometern strammen Laufens durch die Stadt und mit vollgeschlagenem Bauch haben wir uns dann f\u00fcr ein Taxi f\u00fcr den R\u00fcckweg entschieden \u2013 das w\u00e4ren sonst noch mal rund acht Kilometer gewesen.<\/p>\n<h3>Ignoriert: Kunst und Kultur<\/h3>\n<p>Was wir nicht gemacht haben: In irgendeinem der vielen spannenden Museen gewesen. Europ\u00e4ische bzw. anglo-amerikanische Kunst, Kultur, Architektur sind nicht meine Spezialgebiete \u2013 wenn mir jemand das nicht erkl\u00e4rt, kann ich nicht so viel damit anfangen.<\/p>\n<p>Au\u00dferdem: Wir sind ja nicht nach Lissabon um Lissabons willen gekommen. Ein Fehler, gewiss, wie wir nach dem Rundgang festgestellt haben \u2013 aber ein St\u00e4dtetrip w\u00e4re eher was f\u00fcr ein verl\u00e4ngertes Wochenende mit einem Flugzeug als Transportmittel. Vielleicht ein andermal.<\/p>\n","protected":false},"excerpt":{"rendered":"<p>Lissabon ist eine bedeutende europ\u00e4ische Kulturstadt, Portugals Hauptstadt und architektonischer Zeuge der vergangenen portugiesischen Weltmachts-Zeiten und verf\u00fcgt im Vergleich dazu \u00fcber einen \u00fcberraschend \u00fcbersichtlichen Flughafen. (Vielleicht ist der Frankfurter Flughafen einfach auch nur \u00fcbergro\u00df). Am Flughafen habe ich gestern Beate in den Abendstunden abgeholt, die Heiligabend noch mit ihrer Mutter in der Heimat verbracht hat. [&hellip;]<\/p>\n","protected":false},"author":1,"featured_media":0,"comment_status":"open","ping_status":"open","sticky":false,"template":"","format":"standard","meta":{"jetpack_post_was_ever_published":false,"_jetpack_newsletter_access":"","_jetpack_dont_email_post_to_subs":false,"_jetpack_newsletter_tier_id":0,"_jetpack_memberships_contains_paywalled_content":false,"_jetpack_memberships_contains_paid_content":false,"footnotes":"","jetpack_publicize_message":"","jetpack_publicize_feature_enabled":true,"jetpack_social_post_already_shared":true,"jetpack_social_options":{"image_generator_settings":{"template":"highway","default_image_id":0,"font":"","enabled":false},"version":2}},"categories":[2],"tags":[246,245,247,244],"class_list":["post-1882","post","type-post","status-publish","format-standard","hentry","category-land","tag-bairro-alto","tag-belem","tag-castelo-de-sao-jorge","tag-lissabon"],"jetpack_publicize_connections":[],"jetpack_featured_media_url":"","jetpack_shortlink":"https:\/\/wp.me\/p4DyUk-um","jetpack-related-posts":[{"id":2011,"url":"https:\/\/www.bechmann.org\/amphibium\/vor-und-nach-reiter\/","url_meta":{"origin":1882,"position":0},"title":"Vor- und Nach-Reiter","author":"Oliver","date":"15. Januar 2017","format":false,"excerpt":"Es geht zur\u00fcck, unweigerlich. Nach dem Kayak-\u00a0 und dem Strand-Tag am Praia de Albandeira n\u00e4chtigten wir am Praia de Falesia (genauer: am Praia dos Tomates), einige Kilometer weiter in Richtung Faro. Dort droht der Flughafen. Und damit Beates R\u00fcck-Flug, und meine damit einhergehende R\u00fcck-Fahrt. Am Praia de Falesia sind wir\u2026","rel":"","context":"In &quot;Land&quot;","block_context":{"text":"Land","link":"https:\/\/www.bechmann.org\/amphibium\/category\/land\/"},"img":{"alt_text":"IMG_1013","src":"https:\/\/i0.wp.com\/www.bechmann.org\/amphibium\/wp-content\/uploads\/IMG_1013_thumb.jpg?resize=350%2C200","width":350,"height":200,"srcset":"https:\/\/i0.wp.com\/www.bechmann.org\/amphibium\/wp-content\/uploads\/IMG_1013_thumb.jpg?resize=350%2C200 1x, https:\/\/i0.wp.com\/www.bechmann.org\/amphibium\/wp-content\/uploads\/IMG_1013_thumb.jpg?resize=525%2C300 1.5x"},"classes":[]},{"id":2613,"url":"https:\/\/www.bechmann.org\/amphibium\/wildnis-leben-am-strand-und-in-lissabon\/","url_meta":{"origin":1882,"position":1},"title":"Wildnis-Leben &ndash; am Strand und in Lissabon","author":"Oliver","date":"4. Januar 2018","format":false,"excerpt":"Wir sind vor vier Tagen in der N\u00e4he von San Pedro do Moel angekommen. In der Nacht mit diesem unglaublichen Vollmond, so dass wir erst einmal den erst-besten Parkplatz oberhalb der D\u00fcnen w\u00e4hlten, um uns am kommenden Morgen besser zu organisieren\u2026 Was gelang, und so standen wir nach einem Erkundungsspaziergang\u2026","rel":"","context":"In &quot;Land&quot;","block_context":{"text":"Land","link":"https:\/\/www.bechmann.org\/amphibium\/category\/land\/"},"img":{"alt_text":"","src":"https:\/\/i0.wp.com\/www.bechmann.org\/amphibium\/wp-content\/uploads\/IMG_20180102_130834_thumb.jpg?resize=350%2C200","width":350,"height":200,"srcset":"https:\/\/i0.wp.com\/www.bechmann.org\/amphibium\/wp-content\/uploads\/IMG_20180102_130834_thumb.jpg?resize=350%2C200 1x, https:\/\/i0.wp.com\/www.bechmann.org\/amphibium\/wp-content\/uploads\/IMG_20180102_130834_thumb.jpg?resize=525%2C300 1.5x, https:\/\/i0.wp.com\/www.bechmann.org\/amphibium\/wp-content\/uploads\/IMG_20180102_130834_thumb.jpg?resize=700%2C400 2x, https:\/\/i0.wp.com\/www.bechmann.org\/amphibium\/wp-content\/uploads\/IMG_20180102_130834_thumb.jpg?resize=1050%2C600 3x, https:\/\/i0.wp.com\/www.bechmann.org\/amphibium\/wp-content\/uploads\/IMG_20180102_130834_thumb.jpg?resize=1400%2C800 4x"},"classes":[]},{"id":1869,"url":"https:\/\/www.bechmann.org\/amphibium\/heilig-abend-am-atlantik-strand\/","url_meta":{"origin":1882,"position":2},"title":"Heilig-Abend am Atlantik-Strand","author":"Oliver","date":"25. Dezember 2016","format":false,"excerpt":"Heiligabend. Allein. Am Strand. Das ist wohl der erste Heiligabend in meinem Leben, den ich alleine verbringe. Der Unimog steht am Strand, genauer dem Praia das Piedras Negras an Portugals Atlantikk\u00fcste, n\u00f6rdlich von Lissabon. In der Ferne blinkt ein Leuchtturm. Au\u00dfer mir ist niemand hier. Drau\u00dfen rauscht das Meer, die\u2026","rel":"","context":"In &quot;Land&quot;","block_context":{"text":"Land","link":"https:\/\/www.bechmann.org\/amphibium\/category\/land\/"},"img":{"alt_text":"RIMG0034 (2)","src":"https:\/\/i0.wp.com\/www.bechmann.org\/amphibium\/wp-content\/uploads\/RIMG0034-2_thumb.jpg?resize=350%2C200","width":350,"height":200,"srcset":"https:\/\/i0.wp.com\/www.bechmann.org\/amphibium\/wp-content\/uploads\/RIMG0034-2_thumb.jpg?resize=350%2C200 1x, https:\/\/i0.wp.com\/www.bechmann.org\/amphibium\/wp-content\/uploads\/RIMG0034-2_thumb.jpg?resize=525%2C300 1.5x"},"classes":[]},{"id":1847,"url":"https:\/\/www.bechmann.org\/amphibium\/gen-sden-ins-warme\/","url_meta":{"origin":1882,"position":3},"title":"Gen S\u00fcden, ins Warme","author":"Oliver","date":"20. Dezember 2016","format":false,"excerpt":"Mein Freund G. lebt das Gegenteil. Er hat sich f\u00fcr ein fest stehendes Haus entschieden, ein altes obendrein, in der Ferne noch dazu. D.h., f\u00fcr ihn ist es nicht mehr fern, denn seit geraumer Zeit hat es ihm seine Firma erm\u00f6glicht, im Home Office zu arbeiten\u2026 und weil es dabei\u2026","rel":"","context":"In &quot;Land&quot;","block_context":{"text":"Land","link":"https:\/\/www.bechmann.org\/amphibium\/category\/land\/"},"img":{"alt_text":"","src":"https:\/\/i0.wp.com\/www.bechmann.org\/amphibium\/wp-content\/uploads\/wp-image-349001985jpg.jpg?resize=350%2C200","width":350,"height":200,"srcset":"https:\/\/i0.wp.com\/www.bechmann.org\/amphibium\/wp-content\/uploads\/wp-image-349001985jpg.jpg?resize=350%2C200 1x, https:\/\/i0.wp.com\/www.bechmann.org\/amphibium\/wp-content\/uploads\/wp-image-349001985jpg.jpg?resize=525%2C300 1.5x, https:\/\/i0.wp.com\/www.bechmann.org\/amphibium\/wp-content\/uploads\/wp-image-349001985jpg.jpg?resize=700%2C400 2x, https:\/\/i0.wp.com\/www.bechmann.org\/amphibium\/wp-content\/uploads\/wp-image-349001985jpg.jpg?resize=1050%2C600 3x, https:\/\/i0.wp.com\/www.bechmann.org\/amphibium\/wp-content\/uploads\/wp-image-349001985jpg.jpg?resize=1400%2C800 4x"},"classes":[]},{"id":2656,"url":"https:\/\/www.bechmann.org\/amphibium\/costa-vicentina-von-klippen-und-strnden\/","url_meta":{"origin":1882,"position":4},"title":"Costa Vicentina: von Klippen und Str&auml;nden","author":"Oliver","date":"14. Januar 2018","format":false,"excerpt":"Genug der St\u00e4dte! Nach Santiago de Compostela, Ourense, Porto und Lissabon nun raus dahin, wo wir wirklich hinwollen als frisch gebackene Wildnisp\u00e4dagogen & Coyote Mentoren \u2013 in die Natur! Von Lissabon ging es \u00fcber Setubal gen Santiago do Cacem, vorbei an der an sich beeindruckenden Lagune von Santo Andr\u00e9 \u2013\u2026","rel":"","context":"In &quot;Land&quot;","block_context":{"text":"Land","link":"https:\/\/www.bechmann.org\/amphibium\/category\/land\/"},"img":{"alt_text":"","src":"https:\/\/i0.wp.com\/www.bechmann.org\/amphibium\/wp-content\/uploads\/IMG_20180108_115932-EFFECTS_thumb.jpg?resize=350%2C200","width":350,"height":200,"srcset":"https:\/\/i0.wp.com\/www.bechmann.org\/amphibium\/wp-content\/uploads\/IMG_20180108_115932-EFFECTS_thumb.jpg?resize=350%2C200 1x, https:\/\/i0.wp.com\/www.bechmann.org\/amphibium\/wp-content\/uploads\/IMG_20180108_115932-EFFECTS_thumb.jpg?resize=525%2C300 1.5x, https:\/\/i0.wp.com\/www.bechmann.org\/amphibium\/wp-content\/uploads\/IMG_20180108_115932-EFFECTS_thumb.jpg?resize=700%2C400 2x, https:\/\/i0.wp.com\/www.bechmann.org\/amphibium\/wp-content\/uploads\/IMG_20180108_115932-EFFECTS_thumb.jpg?resize=1050%2C600 3x, https:\/\/i0.wp.com\/www.bechmann.org\/amphibium\/wp-content\/uploads\/IMG_20180108_115932-EFFECTS_thumb.jpg?resize=1400%2C800 4x"},"classes":[]},{"id":8705,"url":"https:\/\/www.bechmann.org\/amphibium\/namibia-iii-xix-kleinmond\/","url_meta":{"origin":1882,"position":5},"title":"Keine Z\u00e4une in Kleinmond","author":"Oliver","date":"1. M\u00e4rz 2024","format":false,"excerpt":"Atlantikk\u00fcste des s\u00fcdlichen S\u00fcdafrikas bei Kleinmond Nach einer halben Woche so was wie Alltagsleben in Stellenbosch (auch mal interessant so zu tun, als wurde man ortsans\u00e4ssig wohnen), vormittags gepackt, dann ab gen Strand. Der Ort hat einen und hei\u00dft simplerweise auch so. Er erweist sich als s\u00fcdafrikanische Variante eines beliebigen\u2026","rel":"","context":"In &quot;Land&quot;","block_context":{"text":"Land","link":"https:\/\/www.bechmann.org\/amphibium\/category\/land\/"},"img":{"alt_text":"","src":"https:\/\/i0.wp.com\/www.bechmann.org\/amphibium\/wp-content\/uploads\/20240229_153152.jpg?resize=350%2C200&ssl=1","width":350,"height":200,"srcset":"https:\/\/i0.wp.com\/www.bechmann.org\/amphibium\/wp-content\/uploads\/20240229_153152.jpg?resize=350%2C200&ssl=1 1x, https:\/\/i0.wp.com\/www.bechmann.org\/amphibium\/wp-content\/uploads\/20240229_153152.jpg?resize=525%2C300&ssl=1 1.5x, https:\/\/i0.wp.com\/www.bechmann.org\/amphibium\/wp-content\/uploads\/20240229_153152.jpg?resize=700%2C400&ssl=1 2x, https:\/\/i0.wp.com\/www.bechmann.org\/amphibium\/wp-content\/uploads\/20240229_153152.jpg?resize=1050%2C600&ssl=1 3x, https:\/\/i0.wp.com\/www.bechmann.org\/amphibium\/wp-content\/uploads\/20240229_153152.jpg?resize=1400%2C800&ssl=1 4x"},"classes":[]}],"jetpack_sharing_enabled":true,"_links":{"self":[{"href":"https:\/\/www.bechmann.org\/amphibium\/wp-json\/wp\/v2\/posts\/1882","targetHints":{"allow":["GET"]}}],"collection":[{"href":"https:\/\/www.bechmann.org\/amphibium\/wp-json\/wp\/v2\/posts"}],"about":[{"href":"https:\/\/www.bechmann.org\/amphibium\/wp-json\/wp\/v2\/types\/post"}],"author":[{"embeddable":true,"href":"https:\/\/www.bechmann.org\/amphibium\/wp-json\/wp\/v2\/users\/1"}],"replies":[{"embeddable":true,"href":"https:\/\/www.bechmann.org\/amphibium\/wp-json\/wp\/v2\/comments?post=1882"}],"version-history":[{"count":7,"href":"https:\/\/www.bechmann.org\/amphibium\/wp-json\/wp\/v2\/posts\/1882\/revisions"}],"predecessor-version":[{"id":2185,"href":"https:\/\/www.bechmann.org\/amphibium\/wp-json\/wp\/v2\/posts\/1882\/revisions\/2185"}],"wp:attachment":[{"href":"https:\/\/www.bechmann.org\/amphibium\/wp-json\/wp\/v2\/media?parent=1882"}],"wp:term":[{"taxonomy":"category","embeddable":true,"href":"https:\/\/www.bechmann.org\/amphibium\/wp-json\/wp\/v2\/categories?post=1882"},{"taxonomy":"post_tag","embeddable":true,"href":"https:\/\/www.bechmann.org\/amphibium\/wp-json\/wp\/v2\/tags?post=1882"}],"curies":[{"name":"wp","href":"https:\/\/api.w.org\/{rel}","templated":true}]}}