{"id":1854,"date":"2016-12-23T20:30:00","date_gmt":"2016-12-23T19:30:00","guid":{"rendered":"http:\/\/www.bechmann.org\/amphibium\/?p=1854"},"modified":"2017-06-17T12:53:49","modified_gmt":"2017-06-17T10:53:49","slug":"ankommen-abfahren-freude-wehmut","status":"publish","type":"post","link":"https:\/\/www.bechmann.org\/amphibium\/ankommen-abfahren-freude-wehmut\/","title":{"rendered":"Ankommen \/ Abfahren &#8211; Freude \/ Wehmut"},"content":{"rendered":"<p><a href=\"https:\/\/i0.wp.com\/www.bechmann.org\/amphibium\/wp-content\/uploads\/wp-image-1617395138jpg.jpg?ssl=1\"><img data-recalc-dims=\"1\" loading=\"lazy\" decoding=\"async\" data-attachment-id=\"1859\" data-permalink=\"https:\/\/www.bechmann.org\/amphibium\/ankommen-abfahren-freude-wehmut\/wp-image-1617395138jpg-jpg\/\" data-orig-file=\"https:\/\/i0.wp.com\/www.bechmann.org\/amphibium\/wp-content\/uploads\/wp-image-1617395138jpg.jpg?fit=2000%2C2000&amp;ssl=1\" data-orig-size=\"2000,2000\" data-comments-opened=\"0\" data-image-meta=\"{&quot;aperture&quot;:&quot;0&quot;,&quot;credit&quot;:&quot;&quot;,&quot;camera&quot;:&quot;&quot;,&quot;caption&quot;:&quot;&quot;,&quot;created_timestamp&quot;:&quot;0&quot;,&quot;copyright&quot;:&quot;&quot;,&quot;focal_length&quot;:&quot;0&quot;,&quot;iso&quot;:&quot;0&quot;,&quot;shutter_speed&quot;:&quot;0&quot;,&quot;title&quot;:&quot;&quot;,&quot;orientation&quot;:&quot;0&quot;}\" data-image-title=\"wp-image-1617395138jpg.jpg\" data-image-description=\"\" data-image-caption=\"\" data-large-file=\"https:\/\/i0.wp.com\/www.bechmann.org\/amphibium\/wp-content\/uploads\/wp-image-1617395138jpg.jpg?fit=625%2C625&amp;ssl=1\" class=\"wp-image-1859 alignnone size-full\" alt=\"\" src=\"https:\/\/i0.wp.com\/www.bechmann.org\/amphibium\/wp-content\/uploads\/wp-image-1617395138jpg.jpg?resize=625%2C625&#038;ssl=1\" width=\"625\" height=\"625\"><\/a>Die Altstadt Salamancas bleibt unbesucht. Es ist so was von neblig, dass ich zwar nahe ans Stadtzentrum fahre, einen guten Standplatz auf dem Parkplatz einer Schule finde &#8211; aber dennoch eine Kehrtwende einlege: Die sch\u00f6ne Altstadt verdient Bewunderung bei W\u00e4rme und guter Laune, nicht im neblig-Tr\u00fcben, Klammen, Kalten. <\/p>\n<p>Schade: Salamanca beherbergt eine altehrw\u00fcrdige Universit\u00e4t, und als ich vor Jahrzehnten als 16-J\u00e4hriger dort vorbeikam, d\u00fcnkte sie mich als ein traditioneller Ort der Ratio und des Diskurses, und sie gab mir den Glauben an Vernunft und Verstand mit auf den Weg. Ich w\u00e4re gerne entlang der Bogeng\u00e4nge gewandelt\u2026 <\/p>\n<h3>Sch\u00f6ne Stellpl\u00e4tze in Sabugal und Benquerenca<\/h3>\n<p>Es geht im \u2013 \u00dcberraschung &#8211; Nebel gen Portugal, dann auf die Landstra\u00dfe nach Sabugal. Weitere \u00dcberraschung: Diese Gegend Portugals gleicht nahezu v\u00f6llig dem mir vertrauten spanischen Galicien \u2013 Granitbl\u00f6cke, Granitsteine, M\u00e4uerchen aus Granit, sogar die Weinreben ranken sich an Granitstelen, verlassene H\u00e4user, verlassene D\u00f6rfer.<\/p>\n<p>Der Stausee bei Sabugal k\u00f6nnte ein sch\u00f6ner Stellplatz sein, aber ihm bleibt nur eine Rast vorbehalten. Immerhin widme ich seinem Ufer eine Gehmeditation. Besser kann man einen Ort nicht in sich aufnehmen. Danach fahre ich nach Benquerenca, auch dort ein attraktiver Womo-Stellplatz, der zur \u00dcbernachtung einl\u00e4dt. Ich z\u00f6gere. W\u00fcrde gerne hier bleiben, doch wenn ich weiterfahre, k\u00f6nnte ich es schaffen, vor dem Einbrechen der Dunkelheit in Barril de Alva zu sein \u2013 und von dort aus w\u00fcrde es bis zur Atlantikk\u00fcste nicht mehr fern sein\u2026&nbsp; <\/p>\n<p><!--more--><\/p>\n<p><a href=\"https:\/\/i0.wp.com\/www.bechmann.org\/amphibium\/wp-content\/uploads\/wp-image-1754307154jpg.jpg?ssl=1\"><img data-recalc-dims=\"1\" loading=\"lazy\" decoding=\"async\" data-attachment-id=\"1860\" data-permalink=\"https:\/\/www.bechmann.org\/amphibium\/ankommen-abfahren-freude-wehmut\/wp-image-1754307154jpg-jpg\/\" data-orig-file=\"https:\/\/i0.wp.com\/www.bechmann.org\/amphibium\/wp-content\/uploads\/wp-image-1754307154jpg.jpg?fit=2000%2C1500&amp;ssl=1\" data-orig-size=\"2000,1500\" data-comments-opened=\"0\" data-image-meta=\"{&quot;aperture&quot;:&quot;0&quot;,&quot;credit&quot;:&quot;&quot;,&quot;camera&quot;:&quot;&quot;,&quot;caption&quot;:&quot;&quot;,&quot;created_timestamp&quot;:&quot;0&quot;,&quot;copyright&quot;:&quot;&quot;,&quot;focal_length&quot;:&quot;0&quot;,&quot;iso&quot;:&quot;0&quot;,&quot;shutter_speed&quot;:&quot;0&quot;,&quot;title&quot;:&quot;&quot;,&quot;orientation&quot;:&quot;0&quot;}\" data-image-title=\"wp-image-1754307154jpg.jpg\" data-image-description=\"\" data-image-caption=\"\" data-large-file=\"https:\/\/i0.wp.com\/www.bechmann.org\/amphibium\/wp-content\/uploads\/wp-image-1754307154jpg.jpg?fit=625%2C469&amp;ssl=1\" class=\"wp-image-1860 alignnone size-full\" alt=\"\" src=\"https:\/\/i0.wp.com\/www.bechmann.org\/amphibium\/wp-content\/uploads\/wp-image-1754307154jpg.jpg?resize=625%2C469&#038;ssl=1\" width=\"625\" height=\"469\"><\/a><br \/>Es folgt ein stundenlanges wildes Gekurbel \u00fcber rund 80 Kilometer krickelige portugiesische Berg-Landstra\u00dfe, von Umleitungen verwirrte Navis, widerspr\u00fcchliche Angaben darob, Einfahrt in Lkw-ungeeignete Engp\u00e4sse, an schmalen Passagen entgegen kommende oder gar wendende Busse, einmal eine unseren Erfahrungen im marokkanischen Atlas \u00e4hnliche nicht asphaltierte Bergpiste. Im Dunkeln sehe ich mich h\u00e4ufiger gen\u00f6tigt, die vorderen und seitlichen Arbeitsscheinwerfer auf LED-Basis einzuschalten \u2013 gut, dass wir sie f\u00fcr solche F\u00e4lle haben montieren lassen. <\/p>\n<p>Man muss wissen: Die Navigon-App auf meinem \u00e4ltlichen iPad wei\u00df, dass sie ein Wohnmobil mit den Au\u00dfenma\u00dfen 600x230x360 Zentimeter navigiert (zumindest ist das in den Einstellungen festgelegt), ist aber bei der Stra\u00dfenf\u00fchrung recht unzuverl\u00e4ssig. Der Datenkrake von Google auf meinem CATPhone indes verf\u00fcgt \u00fcber sehr gute Stra\u00dfenkenntnisse und eine sehr pr\u00e4zise Sprachf\u00fchrung, geht aber von einem Pkw aus (wei\u00df aber zu jedem Zeitpunkt, wo ich bin, wo ich war, und vermutlich auch, wo ich sein werde).<\/p>\n<h3>Barril de Alva l\u00e4dt zum Verweilen ein<\/h3>\n<p>Ich nutze beide parallel und muss im Zweifelsfalle intuitiv entscheiden, welcher Empfehlung ich den Vorrang gebe. Navigieren-bei-Gucken ist auch hilfreich. Wenn Busse, Lkw, wenigstens Mercedes- oder Ducato-Sprinter einem entgegen kommen oder geparkt sind \u2013 dann sollte der Unimog da auch durchpassen. Schlie\u00dflich gl\u00fcckliche Ankunft, wenn auch entnervt, in Barril de Alva. Es ist stockfinster. <\/p>\n<p>Am n\u00e4chsten Morgen wird sich der Ort mit Fluss und Br\u00fccke (siehe vorstehendes Bild)&nbsp; beim Sonnenaufgang idyllisch pr\u00e4sentieren. Anlass f\u00fcr eine Sinnesmeditation, wie ich sie beim <em>Coyote Teaching<\/em> vom <a href=\"http:\/\/www.wurzeltrapp.de\" target=\"_blank\">Wurzeltrapp<\/a> gelernt habe. Schmerzhaft, dass Reisen nicht nur ankommen bedeutet. Sondern auch abfahren (m\u00fcssen). <\/p>\n","protected":false},"excerpt":{"rendered":"<p>Die Altstadt Salamancas bleibt unbesucht. Es ist so was von neblig, dass ich zwar nahe ans Stadtzentrum fahre, einen guten Standplatz auf dem Parkplatz einer Schule finde &#8211; aber dennoch eine Kehrtwende einlege: Die sch\u00f6ne Altstadt verdient Bewunderung bei W\u00e4rme und guter Laune, nicht im neblig-Tr\u00fcben, Klammen, Kalten. Schade: Salamanca beherbergt eine altehrw\u00fcrdige Universit\u00e4t, und [&hellip;]<\/p>\n","protected":false},"author":1,"featured_media":0,"comment_status":"open","ping_status":"open","sticky":false,"template":"","format":"standard","meta":{"jetpack_post_was_ever_published":false,"_jetpack_newsletter_access":"","_jetpack_dont_email_post_to_subs":true,"_jetpack_newsletter_tier_id":0,"_jetpack_memberships_contains_paywalled_content":false,"_jetpack_memberships_contains_paid_content":false,"footnotes":"","jetpack_publicize_message":"","jetpack_publicize_feature_enabled":true,"jetpack_social_post_already_shared":true,"jetpack_social_options":{"image_generator_settings":{"template":"highway","default_image_id":0,"font":"","enabled":false},"version":2}},"categories":[2,4],"tags":[238,237,11,239,236,234],"class_list":["post-1854","post","type-post","status-publish","format-standard","hentry","category-land","category-wasser","tag-barril-de-alva","tag-benquerenca","tag-meditation","tag-portugal","tag-sabugal","tag-salamanca"],"jetpack_publicize_connections":[],"jetpack_featured_media_url":"","jetpack_shortlink":"https:\/\/wp.me\/p4DyUk-tU","jetpack-related-posts":[{"id":2770,"url":"https:\/\/www.bechmann.org\/amphibium\/der-frosch-auf-dem-totenkopf\/","url_meta":{"origin":1854,"position":0},"title":"Der Frosch auf dem Totenkopf","author":"Oliver","date":"22. Januar 2018","format":false,"excerpt":"Salamanca! Eine Stadt mit einer besonderen Bedeutung \u2013 sie verf\u00fcgt \u00fcber eine bekannte Universit\u00e4t, und diese war relativ fr\u00fch relativ fortschrittlich: Sie wurde im Jahr 1218 gegr\u00fcndet. Schon im 16. Jahrhundert, als hier in der sogenannten Schule von Salamanca der Grundstein f\u00fcr die neuzeitliche humanistische Naturrechtslehre gelegt wurde, z\u00e4hlte sie\u2026","rel":"","context":"In &quot;Land&quot;","block_context":{"text":"Land","link":"https:\/\/www.bechmann.org\/amphibium\/category\/land\/"},"img":{"alt_text":"","src":"https:\/\/i0.wp.com\/www.bechmann.org\/amphibium\/wp-content\/uploads\/esp-por-2018-871.jpg?resize=350%2C200","width":350,"height":200,"srcset":"https:\/\/i0.wp.com\/www.bechmann.org\/amphibium\/wp-content\/uploads\/esp-por-2018-871.jpg?resize=350%2C200 1x, https:\/\/i0.wp.com\/www.bechmann.org\/amphibium\/wp-content\/uploads\/esp-por-2018-871.jpg?resize=525%2C300 1.5x, https:\/\/i0.wp.com\/www.bechmann.org\/amphibium\/wp-content\/uploads\/esp-por-2018-871.jpg?resize=700%2C400 2x, https:\/\/i0.wp.com\/www.bechmann.org\/amphibium\/wp-content\/uploads\/esp-por-2018-871.jpg?resize=1050%2C600 3x, https:\/\/i0.wp.com\/www.bechmann.org\/amphibium\/wp-content\/uploads\/esp-por-2018-871.jpg?resize=1400%2C800 4x"},"classes":[]},{"id":1673,"url":"https:\/\/www.bechmann.org\/amphibium\/66-grad-nord-von-leuchtturm-zu-leuchturm\/","url_meta":{"origin":1854,"position":1},"title":"66 Grad Nord: von Leuchtturm zu Leuchturm","author":"Oliver","date":"26. August 2016","format":false,"excerpt":"Wir haben gestern lange geschlafen, uns Zeit gelassen, das Fahrzeug entsorgt,\u00a0 uns in prima gew\u00e4rmten Duschen geputzt\u2026 Von Kopasker bis zum Nordpolarkreis: Es sind nur wenige Kilometer, die wir auf der gleich n\u00f6rdlich vor\/hinter Kopasker beginnenden Piste zur\u00fccklegen \u2013 immer an der K\u00fcste entlang... \u2026zuerst besuchten wir einen Brutfelsen mit\u2026","rel":"","context":"In &quot;Land&quot;","block_context":{"text":"Land","link":"https:\/\/www.bechmann.org\/amphibium\/category\/land\/"},"img":{"alt_text":"Basst\u00f6lpel-Brutfelsen bei Hraunhafnartangi","src":"https:\/\/i0.wp.com\/www.bechmann.org\/amphibium\/wp-content\/uploads\/island2016-523.jpg?resize=350%2C200","width":350,"height":200,"srcset":"https:\/\/i0.wp.com\/www.bechmann.org\/amphibium\/wp-content\/uploads\/island2016-523.jpg?resize=350%2C200 1x, https:\/\/i0.wp.com\/www.bechmann.org\/amphibium\/wp-content\/uploads\/island2016-523.jpg?resize=525%2C300 1.5x, https:\/\/i0.wp.com\/www.bechmann.org\/amphibium\/wp-content\/uploads\/island2016-523.jpg?resize=700%2C400 2x, https:\/\/i0.wp.com\/www.bechmann.org\/amphibium\/wp-content\/uploads\/island2016-523.jpg?resize=1050%2C600 3x, https:\/\/i0.wp.com\/www.bechmann.org\/amphibium\/wp-content\/uploads\/island2016-523.jpg?resize=1400%2C800 4x"},"classes":[]},{"id":4173,"url":"https:\/\/www.bechmann.org\/amphibium\/kein-urlaub-sondern-leben\/","url_meta":{"origin":1854,"position":2},"title":"Kein Urlaub, sondern Leben","author":"Oliver","date":"30. Mai 2019","format":false,"excerpt":"MGF Cabrio - Tour in Nordportugal Spanien ist so etwas wie meine zweite Heimat. Meine Mutter lebt seit Jahrzehnten dort, zusammen mit ihrem spanischen Lebensgef\u00e4hrten (der wiederum so etwas wie mein Ersatz-Vater ist). Und mit diesem begann mein Faible f\u00fcrs Reisen: Als ich etwa 17 Jahre alt war, fuhr er\u2026","rel":"","context":"In &quot;Land&quot;","block_context":{"text":"Land","link":"https:\/\/www.bechmann.org\/amphibium\/category\/land\/"},"img":{"alt_text":"","src":"https:\/\/i0.wp.com\/www.bechmann.org\/amphibium\/wp-content\/uploads\/spanien19-1-9.jpg?resize=350%2C200&ssl=1","width":350,"height":200,"srcset":"https:\/\/i0.wp.com\/www.bechmann.org\/amphibium\/wp-content\/uploads\/spanien19-1-9.jpg?resize=350%2C200&ssl=1 1x, https:\/\/i0.wp.com\/www.bechmann.org\/amphibium\/wp-content\/uploads\/spanien19-1-9.jpg?resize=525%2C300&ssl=1 1.5x, https:\/\/i0.wp.com\/www.bechmann.org\/amphibium\/wp-content\/uploads\/spanien19-1-9.jpg?resize=700%2C400&ssl=1 2x, https:\/\/i0.wp.com\/www.bechmann.org\/amphibium\/wp-content\/uploads\/spanien19-1-9.jpg?resize=1050%2C600&ssl=1 3x, https:\/\/i0.wp.com\/www.bechmann.org\/amphibium\/wp-content\/uploads\/spanien19-1-9.jpg?resize=1400%2C800&ssl=1 4x"},"classes":[]},{"id":8705,"url":"https:\/\/www.bechmann.org\/amphibium\/namibia-iii-xix-kleinmond\/","url_meta":{"origin":1854,"position":3},"title":"Keine Z\u00e4une in Kleinmond","author":"Oliver","date":"1. M\u00e4rz 2024","format":false,"excerpt":"Atlantikk\u00fcste des s\u00fcdlichen S\u00fcdafrikas bei Kleinmond Nach einer halben Woche so was wie Alltagsleben in Stellenbosch (auch mal interessant so zu tun, als wurde man ortsans\u00e4ssig wohnen), vormittags gepackt, dann ab gen Strand. Der Ort hat einen und hei\u00dft simplerweise auch so. Er erweist sich als s\u00fcdafrikanische Variante eines beliebigen\u2026","rel":"","context":"In &quot;Land&quot;","block_context":{"text":"Land","link":"https:\/\/www.bechmann.org\/amphibium\/category\/land\/"},"img":{"alt_text":"","src":"https:\/\/i0.wp.com\/www.bechmann.org\/amphibium\/wp-content\/uploads\/20240229_153152.jpg?resize=350%2C200&ssl=1","width":350,"height":200,"srcset":"https:\/\/i0.wp.com\/www.bechmann.org\/amphibium\/wp-content\/uploads\/20240229_153152.jpg?resize=350%2C200&ssl=1 1x, https:\/\/i0.wp.com\/www.bechmann.org\/amphibium\/wp-content\/uploads\/20240229_153152.jpg?resize=525%2C300&ssl=1 1.5x, https:\/\/i0.wp.com\/www.bechmann.org\/amphibium\/wp-content\/uploads\/20240229_153152.jpg?resize=700%2C400&ssl=1 2x, https:\/\/i0.wp.com\/www.bechmann.org\/amphibium\/wp-content\/uploads\/20240229_153152.jpg?resize=1050%2C600&ssl=1 3x, https:\/\/i0.wp.com\/www.bechmann.org\/amphibium\/wp-content\/uploads\/20240229_153152.jpg?resize=1400%2C800&ssl=1 4x"},"classes":[]},{"id":5047,"url":"https:\/\/www.bechmann.org\/amphibium\/porto-mi-amor\/","url_meta":{"origin":1854,"position":4},"title":"Porto, mi amor&#8230;","author":"Oliver","date":"10. September 2020","format":false,"excerpt":"Porto, die nordportugiesische Stadt, das sind nicht die Port-Wein-Kellereien; nicht die historische Tram; nicht die altehrw\u00fcrdigen Kirchen & Kathedralen. F\u00fcr mich ist das Susana Silva - eine eher unbekannte Strassenmusikerin. Zum offiziellen Porto, dessen Altstadt ein Touristenmagnet ist, hei\u00dft es in der Wikipedia: Porto ['po\u027etu] ist die zweitgr\u00f6\u00dfte Stadt Portugals.\u2026","rel":"","context":"In &quot;Land&quot;","block_context":{"text":"Land","link":"https:\/\/www.bechmann.org\/amphibium\/category\/land\/"},"img":{"alt_text":"","src":"https:\/\/i0.wp.com\/www.bechmann.org\/amphibium\/wp-content\/uploads\/portoharbour-scaled.jpg?resize=350%2C200&ssl=1","width":350,"height":200,"srcset":"https:\/\/i0.wp.com\/www.bechmann.org\/amphibium\/wp-content\/uploads\/portoharbour-scaled.jpg?resize=350%2C200&ssl=1 1x, https:\/\/i0.wp.com\/www.bechmann.org\/amphibium\/wp-content\/uploads\/portoharbour-scaled.jpg?resize=525%2C300&ssl=1 1.5x, https:\/\/i0.wp.com\/www.bechmann.org\/amphibium\/wp-content\/uploads\/portoharbour-scaled.jpg?resize=700%2C400&ssl=1 2x, https:\/\/i0.wp.com\/www.bechmann.org\/amphibium\/wp-content\/uploads\/portoharbour-scaled.jpg?resize=1050%2C600&ssl=1 3x, https:\/\/i0.wp.com\/www.bechmann.org\/amphibium\/wp-content\/uploads\/portoharbour-scaled.jpg?resize=1400%2C800&ssl=1 4x"},"classes":[]},{"id":2567,"url":"https:\/\/www.bechmann.org\/amphibium\/berge-brcken-und-brecher\/","url_meta":{"origin":1854,"position":5},"title":"Berge, Br&uuml;cken und Brecher","author":"Oliver","date":"1. Januar 2018","format":false,"excerpt":"Wir stehen jetzt endlich am Meer. \u201cEndlich\u201d: Liegt dieser Sto\u00dfseufzer daran, dass wir Menschen zu 70 Prozent aus Wasser bestehen? In der Danksagung des Coyote Mentorings danken wir dem Wasser, aus dem Mutter Erde zu zwei Dritteln besteht. Wir sind dem Wasser n\u00e4her, als wir glauben, und sind auch aus\u2026","rel":"","context":"In &quot;Land&quot;","block_context":{"text":"Land","link":"https:\/\/www.bechmann.org\/amphibium\/category\/land\/"},"img":{"alt_text":"","src":"https:\/\/i0.wp.com\/www.bechmann.org\/amphibium\/wp-content\/uploads\/IMG_2370-2_thumb.jpg?resize=350%2C200","width":350,"height":200,"srcset":"https:\/\/i0.wp.com\/www.bechmann.org\/amphibium\/wp-content\/uploads\/IMG_2370-2_thumb.jpg?resize=350%2C200 1x, https:\/\/i0.wp.com\/www.bechmann.org\/amphibium\/wp-content\/uploads\/IMG_2370-2_thumb.jpg?resize=525%2C300 1.5x, https:\/\/i0.wp.com\/www.bechmann.org\/amphibium\/wp-content\/uploads\/IMG_2370-2_thumb.jpg?resize=700%2C400 2x, https:\/\/i0.wp.com\/www.bechmann.org\/amphibium\/wp-content\/uploads\/IMG_2370-2_thumb.jpg?resize=1050%2C600 3x, https:\/\/i0.wp.com\/www.bechmann.org\/amphibium\/wp-content\/uploads\/IMG_2370-2_thumb.jpg?resize=1400%2C800 4x"},"classes":[]}],"jetpack_sharing_enabled":true,"_links":{"self":[{"href":"https:\/\/www.bechmann.org\/amphibium\/wp-json\/wp\/v2\/posts\/1854","targetHints":{"allow":["GET"]}}],"collection":[{"href":"https:\/\/www.bechmann.org\/amphibium\/wp-json\/wp\/v2\/posts"}],"about":[{"href":"https:\/\/www.bechmann.org\/amphibium\/wp-json\/wp\/v2\/types\/post"}],"author":[{"embeddable":true,"href":"https:\/\/www.bechmann.org\/amphibium\/wp-json\/wp\/v2\/users\/1"}],"replies":[{"embeddable":true,"href":"https:\/\/www.bechmann.org\/amphibium\/wp-json\/wp\/v2\/comments?post=1854"}],"version-history":[{"count":4,"href":"https:\/\/www.bechmann.org\/amphibium\/wp-json\/wp\/v2\/posts\/1854\/revisions"}],"predecessor-version":[{"id":2187,"href":"https:\/\/www.bechmann.org\/amphibium\/wp-json\/wp\/v2\/posts\/1854\/revisions\/2187"}],"wp:attachment":[{"href":"https:\/\/www.bechmann.org\/amphibium\/wp-json\/wp\/v2\/media?parent=1854"}],"wp:term":[{"taxonomy":"category","embeddable":true,"href":"https:\/\/www.bechmann.org\/amphibium\/wp-json\/wp\/v2\/categories?post=1854"},{"taxonomy":"post_tag","embeddable":true,"href":"https:\/\/www.bechmann.org\/amphibium\/wp-json\/wp\/v2\/tags?post=1854"}],"curies":[{"name":"wp","href":"https:\/\/api.w.org\/{rel}","templated":true}]}}