{"id":1850,"date":"2016-12-22T20:38:00","date_gmt":"2016-12-22T19:38:00","guid":{"rendered":"http:\/\/www.bechmann.org\/amphibium\/?p=1850"},"modified":"2017-06-17T12:54:22","modified_gmt":"2017-06-17T10:54:22","slug":"always-follow-the-truck-traces","status":"publish","type":"post","link":"https:\/\/www.bechmann.org\/amphibium\/always-follow-the-truck-traces\/","title":{"rendered":"Always follow the truck traces"},"content":{"rendered":"<p><a href=\"https:\/\/i0.wp.com\/www.bechmann.org\/amphibium\/wp-content\/uploads\/wp-image-316925986jpg.jpg?ssl=1\"><img data-recalc-dims=\"1\" loading=\"lazy\" decoding=\"async\" data-attachment-id=\"1857\" data-permalink=\"https:\/\/www.bechmann.org\/amphibium\/always-follow-the-truck-traces\/wp-image-316925986jpg-jpg\/\" data-orig-file=\"https:\/\/i0.wp.com\/www.bechmann.org\/amphibium\/wp-content\/uploads\/wp-image-316925986jpg.jpg?fit=2000%2C2000&amp;ssl=1\" data-orig-size=\"2000,2000\" data-comments-opened=\"0\" data-image-meta=\"{&quot;aperture&quot;:&quot;0&quot;,&quot;credit&quot;:&quot;&quot;,&quot;camera&quot;:&quot;&quot;,&quot;caption&quot;:&quot;&quot;,&quot;created_timestamp&quot;:&quot;0&quot;,&quot;copyright&quot;:&quot;&quot;,&quot;focal_length&quot;:&quot;0&quot;,&quot;iso&quot;:&quot;0&quot;,&quot;shutter_speed&quot;:&quot;0&quot;,&quot;title&quot;:&quot;&quot;,&quot;orientation&quot;:&quot;0&quot;}\" data-image-title=\"wp-image-316925986jpg.jpg\" data-image-description=\"\" data-image-caption=\"\" data-large-file=\"https:\/\/i0.wp.com\/www.bechmann.org\/amphibium\/wp-content\/uploads\/wp-image-316925986jpg.jpg?fit=625%2C625&amp;ssl=1\" class=\"wp-image-1857 alignnone size-full\" alt=\"\" src=\"https:\/\/i0.wp.com\/www.bechmann.org\/amphibium\/wp-content\/uploads\/wp-image-316925986jpg.jpg?resize=625%2C625&#038;ssl=1\" width=\"625\" height=\"625\"><\/a><br \/>Da meine Mutter im spanischen Galicien an der Atlantikk\u00fcste seit Jahrzehnten wohnt, bin ich viele Jahre viele tausend Kilometer dorthin zu Besuch gefahren. Man quert dann zwangsl\u00e4ufig das Baskenland, und immer habe ich die gleiche Erinnerung: d\u00fcster, grau, schwer, erdr\u00fcckende Berge, schlechtes Wetter, h\u00e4ssliche Industrieanlagen in die T\u00e4ler gepresst. Kaum bin ich \u00fcber die Grenze bei Irun, erfasst mich die traditionelle Euskadi-Depression.<\/p>\n<p>Zum ersten Mal erfahre ich das Baskenland nunmehr nicht von der Autobahn in Richtung Burgos und Ourense, sondern habe die Mautpiste so bald wie m\u00f6glich nach Grenz\u00fcbertritt verlassen. \u00dcber kleine, krickelige Landstra\u00dfen bin ich in Zegama gelandet, auf einem Wohnmobil-Stellplatz am Hang. Ausgangspunkt f\u00fcr ein kleines Wander- und Trailrun-Paradies. Vielleicht ist das ja was f\u00fcr unseren geplanten sommerlichen Besuch der Pyren\u00e4en und Nordspaniens \u2013 und k\u00f6nnte ein Gegengewicht zur Euskadi-Depression schaffen\u2026<\/p>\n<h3><span id=\"img_container_1482607025927\" class=\"img_container\"><\/span><a href=\"https:\/\/i0.wp.com\/www.bechmann.org\/amphibium\/wp-content\/uploads\/wp-image-1330022649jpg.jpg?ssl=1\"><img data-recalc-dims=\"1\" loading=\"lazy\" decoding=\"async\" data-attachment-id=\"1856\" data-permalink=\"https:\/\/www.bechmann.org\/amphibium\/always-follow-the-truck-traces\/wp-image-1330022649jpg-jpg\/\" data-orig-file=\"https:\/\/i0.wp.com\/www.bechmann.org\/amphibium\/wp-content\/uploads\/wp-image-1330022649jpg.jpg?fit=2000%2C1500&amp;ssl=1\" data-orig-size=\"2000,1500\" data-comments-opened=\"0\" data-image-meta=\"{&quot;aperture&quot;:&quot;0&quot;,&quot;credit&quot;:&quot;&quot;,&quot;camera&quot;:&quot;&quot;,&quot;caption&quot;:&quot;&quot;,&quot;created_timestamp&quot;:&quot;0&quot;,&quot;copyright&quot;:&quot;&quot;,&quot;focal_length&quot;:&quot;0&quot;,&quot;iso&quot;:&quot;0&quot;,&quot;shutter_speed&quot;:&quot;0&quot;,&quot;title&quot;:&quot;&quot;,&quot;orientation&quot;:&quot;0&quot;}\" data-image-title=\"wp-image-1330022649jpg.jpg\" data-image-description=\"\" data-image-caption=\"\" data-large-file=\"https:\/\/i0.wp.com\/www.bechmann.org\/amphibium\/wp-content\/uploads\/wp-image-1330022649jpg.jpg?fit=625%2C469&amp;ssl=1\" class=\"wp-image-1856 alignnone size-full\" alt=\"\" src=\"https:\/\/i0.wp.com\/www.bechmann.org\/amphibium\/wp-content\/uploads\/wp-image-1330022649jpg.jpg?resize=625%2C469&#038;ssl=1\" width=\"625\" height=\"469\"><\/a><\/h3>\n<p>Dorthin bin ich gestern Nacht nur auf Umwegen geraten, nachdem ich meine Navi-Anweisungen fehlinterpretiert hatte, und auf einer engen-kleinen-schmalen Auffahrt mit Spitzkehren in ein paar Sackgassen, Hinterh\u00f6fen und schlie\u00dflich im Niemandsland landete. Eigentlich ist der Unimog mit seinen sechs Metern L\u00e4nge und 2,30 Metern Breite nicht wirklich gro\u00df, aber f\u00fcr spanische Seiten- und Anliegerstra\u00dfen doch sperrig. Und im Dunkeln zu wenden, ist alleine nicht wirklich einfach.<\/p>\n<p>Heute bin ich im \u2013 wie k\u00f6nnte es im Baskenland anders sein \u2013 im Tr\u00fcben, Regnerischen, Nebligen aufgewacht und hab schnell den Motor angeworfen. Eine winzige, schmale Stra\u00dfe mit Felsr\u00e4ndern folgt; vielleicht ist es sogar besser gewesen, dass ich die in der gestrigen Nacht nicht so richtig gesehen habe. Bei 3,60 Meter Fahrzeug-H\u00f6he hofft der Fahrzeug-Lenker, dass er keine B\u00e4ume, deren \u00c4ste, \u00dcberh\u00e4nge o.a. streift.<\/p>\n<h3>Frei sein geht mit ausgeliefert sein einher<\/h3>\n<p>Dann werden die Stra\u00dfen immer breiter, schlie\u00dflich rollen die alten Milit\u00e4rreifen auf der Autovia. Ab dann wird\u2019s langweilig, aber auch bequemer und schneller. Der Unimog schnurrt fast. Auch wenn ich immer wieder besorgt auf ungew\u00f6hnliche Ger\u00e4usche lausche. Keine unsere Touren ging bislang ohne \u2013 teilweise gravierende oder gef\u00e4hrliche \u2013 Pannen vonstatten; eine gewisses nerv\u00f6ses Grundrauschen bleibt niemals aus.<\/p>\n<p><!--more--><\/p>\n<p>Das Navi f\u00e4llt prompt im entscheidenden Moment aus und ich f\u00e4lle bei der Live-Navigation nach Gef\u00fchl prompt die falsche Entscheidung. Ich fahre zehn Kilometer die Autobahn in die falsche Richtung, dann zur\u00fcck auf der N1, dann wieder Autovia. \u00c4rgernisse gehen auch anders: Bei einem Tankstopp stelle ich fest: Jemand hat sich am Schloss der Beifahrert\u00fcr wohl mit einem Schraubenzieher zu schaffen gemacht \u2013 aber wann und wo? Wohl am ehesten auf der f\u00fcr Gauner ber\u00fcchtigten Frankreich-Transitstrecke; beunruhigend bleibt, dass ich nichts davon gemerkt habe und das Fahrzeug so gut wie nie verlassen hatte\u2026<\/p>\n<h3>Binde dein Kamel an<\/h3>\n<p>Ich \u00fcberpr\u00fcfe meine Sicherheitsstrategie \u2013 ja, es gibt eine \u2013 und beschlie\u00dfe, nichts mehr im Fahrerhaus zu lassen. Ich benutze zwar ohnehin keine neuwertigen oder High-End-Ger\u00e4te \u2013 was Teil meiner Sicherheitsstrategie wie meiner Lebensphilosophie ist (Ja, ich habe eine. Minimalismus. Und &#8211; Allah ist gro\u00df, aber er sagt auch: Binde dein Kamel an!).<\/p>\n<p>Immer wieder machen wir die Erfahrung, dass die gro\u00dfe Freiheit auch ihre Schattenseiten hat: Der Vagabund ist eben auch vogelfrei, ausgeliefert, schutzlos gegen\u00fcber den Ortsans\u00e4ssigen (die ihn immer in der Geschichte als Gefahr betrachtet und daher verfolgt haben). Er muss sich selbst alleine, der genutzten Technik vertrauen. Der Vagabund kann nur eines: weiter.<\/p>\n<h3>Lkw-Rastst\u00e4tten sind Schutz-Orte<\/h3>\n<p>Ich komme bis Salamanca, und \u00fcbernachte dort in einem nie gebauten Wohngebiet, nahe einer Tankstelle, viele Lkws stehen auch rum. Es gibt hier nur Stra\u00dfen, Laternen, Parkbuchten und leere Bauparzellen. Ich empfinde Lkws immer als wohltuend und suche ihre N\u00e4he. Da ist immer jemand, der sich mit Lkws auskennt und der helfen kann.<\/p>\n<p>Auch mag ich das Brummen der Diesel, ich schlafe gut dabei; auch beim Ger\u00e4usch von K\u00fchl-Aggregaten. Auch wenn der Vegetarier-und-Teilzeitveganer in mir nicht vorstellen mag, was da gek\u00fchlt wird. In der Ferne sieht man die Kathedrale, dramatisch angestrahlt. Da geht es morgen hin, nehme ich mir vor. So viel Zeit muss sein.<\/p>\n","protected":false},"excerpt":{"rendered":"<p>Da meine Mutter im spanischen Galicien an der Atlantikk\u00fcste seit Jahrzehnten wohnt, bin ich viele Jahre viele tausend Kilometer dorthin zu Besuch gefahren. Man quert dann zwangsl\u00e4ufig das Baskenland, und immer habe ich die gleiche Erinnerung: d\u00fcster, grau, schwer, erdr\u00fcckende Berge, schlechtes Wetter, h\u00e4ssliche Industrieanlagen in die T\u00e4ler gepresst. Kaum bin ich \u00fcber die Grenze [&hellip;]<\/p>\n","protected":false},"author":1,"featured_media":0,"comment_status":"open","ping_status":"open","sticky":false,"template":"","format":"standard","meta":{"jetpack_post_was_ever_published":false,"_jetpack_newsletter_access":"","_jetpack_dont_email_post_to_subs":true,"_jetpack_newsletter_tier_id":0,"_jetpack_memberships_contains_paywalled_content":false,"_jetpack_memberships_contains_paid_content":false,"footnotes":"","jetpack_publicize_message":"","jetpack_publicize_feature_enabled":true,"jetpack_social_post_already_shared":true,"jetpack_social_options":{"image_generator_settings":{"template":"highway","default_image_id":0,"font":"","enabled":false},"version":2}},"categories":[2],"tags":[232,235,234,240,233,231],"class_list":["post-1850","post","type-post","status-publish","format-standard","hentry","category-land","tag-baskenland","tag-lkw","tag-salamanca","tag-spanien","tag-vagabund","tag-zegama"],"jetpack_publicize_connections":[],"jetpack_featured_media_url":"","jetpack_shortlink":"https:\/\/wp.me\/p4DyUk-tQ","jetpack-related-posts":[{"id":1847,"url":"https:\/\/www.bechmann.org\/amphibium\/gen-sden-ins-warme\/","url_meta":{"origin":1850,"position":0},"title":"Gen S\u00fcden, ins Warme","author":"Oliver","date":"20. Dezember 2016","format":false,"excerpt":"Mein Freund G. lebt das Gegenteil. Er hat sich f\u00fcr ein fest stehendes Haus entschieden, ein altes obendrein, in der Ferne noch dazu. D.h., f\u00fcr ihn ist es nicht mehr fern, denn seit geraumer Zeit hat es ihm seine Firma erm\u00f6glicht, im Home Office zu arbeiten\u2026 und weil es dabei\u2026","rel":"","context":"In &quot;Land&quot;","block_context":{"text":"Land","link":"https:\/\/www.bechmann.org\/amphibium\/category\/land\/"},"img":{"alt_text":"","src":"https:\/\/i0.wp.com\/www.bechmann.org\/amphibium\/wp-content\/uploads\/wp-image-349001985jpg.jpg?resize=350%2C200","width":350,"height":200,"srcset":"https:\/\/i0.wp.com\/www.bechmann.org\/amphibium\/wp-content\/uploads\/wp-image-349001985jpg.jpg?resize=350%2C200 1x, https:\/\/i0.wp.com\/www.bechmann.org\/amphibium\/wp-content\/uploads\/wp-image-349001985jpg.jpg?resize=525%2C300 1.5x, https:\/\/i0.wp.com\/www.bechmann.org\/amphibium\/wp-content\/uploads\/wp-image-349001985jpg.jpg?resize=700%2C400 2x, https:\/\/i0.wp.com\/www.bechmann.org\/amphibium\/wp-content\/uploads\/wp-image-349001985jpg.jpg?resize=1050%2C600 3x, https:\/\/i0.wp.com\/www.bechmann.org\/amphibium\/wp-content\/uploads\/wp-image-349001985jpg.jpg?resize=1400%2C800 4x"},"classes":[]},{"id":2011,"url":"https:\/\/www.bechmann.org\/amphibium\/vor-und-nach-reiter\/","url_meta":{"origin":1850,"position":1},"title":"Vor- und Nach-Reiter","author":"Oliver","date":"15. Januar 2017","format":false,"excerpt":"Es geht zur\u00fcck, unweigerlich. Nach dem Kayak-\u00a0 und dem Strand-Tag am Praia de Albandeira n\u00e4chtigten wir am Praia de Falesia (genauer: am Praia dos Tomates), einige Kilometer weiter in Richtung Faro. Dort droht der Flughafen. Und damit Beates R\u00fcck-Flug, und meine damit einhergehende R\u00fcck-Fahrt. Am Praia de Falesia sind wir\u2026","rel":"","context":"In &quot;Land&quot;","block_context":{"text":"Land","link":"https:\/\/www.bechmann.org\/amphibium\/category\/land\/"},"img":{"alt_text":"IMG_1013","src":"https:\/\/i0.wp.com\/www.bechmann.org\/amphibium\/wp-content\/uploads\/IMG_1013_thumb.jpg?resize=350%2C200","width":350,"height":200,"srcset":"https:\/\/i0.wp.com\/www.bechmann.org\/amphibium\/wp-content\/uploads\/IMG_1013_thumb.jpg?resize=350%2C200 1x, https:\/\/i0.wp.com\/www.bechmann.org\/amphibium\/wp-content\/uploads\/IMG_1013_thumb.jpg?resize=525%2C300 1.5x"},"classes":[]},{"id":2033,"url":"https:\/\/www.bechmann.org\/amphibium\/bye-bye-sonne\/","url_meta":{"origin":1850,"position":2},"title":"Bye bye, W\u00e4rme","author":"Oliver","date":"19. Januar 2017","format":false,"excerpt":"Beim Stichwort \"\u00dcberwintern\" im S\u00fcden habe ich das Wort \"Winter\" nicht wirklich wahr oder ernst genommen. Ich habe nur in Richtung S\u00fcden gedacht, aber nicht daran, dass es auch irgendwann mal wieder nach Norden geht. In den Ort, an dem ich mich nach wie vor \u00fcberwiegend aufhalte. Also - das\u2026","rel":"","context":"In &quot;Land&quot;","block_context":{"text":"Land","link":"https:\/\/www.bechmann.org\/amphibium\/category\/land\/"},"img":{"alt_text":"","src":"https:\/\/i0.wp.com\/www.bechmann.org\/amphibium\/wp-content\/uploads\/IMG_3467-2.jpg?resize=350%2C200","width":350,"height":200,"srcset":"https:\/\/i0.wp.com\/www.bechmann.org\/amphibium\/wp-content\/uploads\/IMG_3467-2.jpg?resize=350%2C200 1x, https:\/\/i0.wp.com\/www.bechmann.org\/amphibium\/wp-content\/uploads\/IMG_3467-2.jpg?resize=525%2C300 1.5x, https:\/\/i0.wp.com\/www.bechmann.org\/amphibium\/wp-content\/uploads\/IMG_3467-2.jpg?resize=700%2C400 2x, https:\/\/i0.wp.com\/www.bechmann.org\/amphibium\/wp-content\/uploads\/IMG_3467-2.jpg?resize=1050%2C600 3x, https:\/\/i0.wp.com\/www.bechmann.org\/amphibium\/wp-content\/uploads\/IMG_3467-2.jpg?resize=1400%2C800 4x"},"classes":[]},{"id":5600,"url":"https:\/\/www.bechmann.org\/amphibium\/suedafrika-das-land-ist-verloren\/","url_meta":{"origin":1850,"position":3},"title":"S\u00fcdafrika: Das Land ist verloren","author":"Oliver","date":"17. April 2021","format":false,"excerpt":"Auf diesem Bild ist ein Teich unter Felsen versteckt... In Clanwilliam im Norden der Zederberge gehe ich in einem SPAR-Supermarkt einkaufen, und kaum bin ich drinnen, meldet sich der an Bord es Land Rovers zur\u00fcckgelassene GPS-Tracker mit einem Geschwindigkeits- und Ersch\u00fctterungsalarm auf meinem Smartphone... Wie, kaum stellt man das Auto\u2026","rel":"","context":"In &quot;Bilder-Geschichte&quot;","block_context":{"text":"Bilder-Geschichte","link":"https:\/\/www.bechmann.org\/amphibium\/category\/bilder-geschichte\/"},"img":{"alt_text":"","src":"https:\/\/i0.wp.com\/www.bechmann.org\/amphibium\/wp-content\/uploads\/IMG_20210415_090926.jpg?resize=350%2C200&ssl=1","width":350,"height":200,"srcset":"https:\/\/i0.wp.com\/www.bechmann.org\/amphibium\/wp-content\/uploads\/IMG_20210415_090926.jpg?resize=350%2C200&ssl=1 1x, https:\/\/i0.wp.com\/www.bechmann.org\/amphibium\/wp-content\/uploads\/IMG_20210415_090926.jpg?resize=525%2C300&ssl=1 1.5x, https:\/\/i0.wp.com\/www.bechmann.org\/amphibium\/wp-content\/uploads\/IMG_20210415_090926.jpg?resize=700%2C400&ssl=1 2x, https:\/\/i0.wp.com\/www.bechmann.org\/amphibium\/wp-content\/uploads\/IMG_20210415_090926.jpg?resize=1050%2C600&ssl=1 3x, https:\/\/i0.wp.com\/www.bechmann.org\/amphibium\/wp-content\/uploads\/IMG_20210415_090926.jpg?resize=1400%2C800&ssl=1 4x"},"classes":[]},{"id":5607,"url":"https:\/\/www.bechmann.org\/amphibium\/bonnievale-bontebok-holstein-schwarzwald\/","url_meta":{"origin":1850,"position":4},"title":"Bonnievale &#038; Bontebok: Holstein &#038; Schwarzwald","author":"Oliver","date":"27. April 2021","format":false,"excerpt":"Ratschl\u00e4ge s\u00fcdafrikanischer Bekannter verweisen h\u00e4ufig auf eine Zone im S\u00fcden des Landes. Auf Landkarten, zumal in Relief- oder Satellitendarstellung, sieht diese \u00fcberwiegend gr\u00fcn aus. Wundersch\u00f6n da, hei\u00dft es dann meist, und nicht umsonst ist die Garden Route unter Einheimischen wie Touristen so beliebt. Aber schon zuvor durchf\u00e4hrt man - etwa\u2026","rel":"","context":"In &quot;Land&quot;","block_context":{"text":"Land","link":"https:\/\/www.bechmann.org\/amphibium\/category\/land\/"},"img":{"alt_text":"","src":"https:\/\/i0.wp.com\/www.bechmann.org\/amphibium\/wp-content\/uploads\/bonnievale00_5.jpg?resize=350%2C200&ssl=1","width":350,"height":200,"srcset":"https:\/\/i0.wp.com\/www.bechmann.org\/amphibium\/wp-content\/uploads\/bonnievale00_5.jpg?resize=350%2C200&ssl=1 1x, https:\/\/i0.wp.com\/www.bechmann.org\/amphibium\/wp-content\/uploads\/bonnievale00_5.jpg?resize=525%2C300&ssl=1 1.5x, https:\/\/i0.wp.com\/www.bechmann.org\/amphibium\/wp-content\/uploads\/bonnievale00_5.jpg?resize=700%2C400&ssl=1 2x, https:\/\/i0.wp.com\/www.bechmann.org\/amphibium\/wp-content\/uploads\/bonnievale00_5.jpg?resize=1050%2C600&ssl=1 3x, https:\/\/i0.wp.com\/www.bechmann.org\/amphibium\/wp-content\/uploads\/bonnievale00_5.jpg?resize=1400%2C800&ssl=1 4x"},"classes":[]},{"id":1357,"url":"https:\/\/www.bechmann.org\/amphibium\/rund-um-die-rhn-rundum-die-rhn\/","url_meta":{"origin":1850,"position":5},"title":"Rund um die Rh&ouml;n \/ rundum, die Rh&ouml;n","author":"Oliver","date":"17. Juli 2016","format":false,"excerpt":"Als eine Gruppe von Volleyball-Jugendlichen per Fahrrad ans Ufer des bis dahin still ruhenden Sees bei Pfordt st\u00fcrmte und ein Netz neben dem Unimog aufbaute, war klar: Aufbruch! Ein paar Kilometer nur, dann war Point Alpha erreicht und ich besichtigte nicht allzu ausf\u00fchrlich die Gedenkst\u00e4tte. Das m\u00f6chte ich lieber mit\u2026","rel":"","context":"In &quot;Land&quot;","block_context":{"text":"Land","link":"https:\/\/www.bechmann.org\/amphibium\/category\/land\/"},"img":{"alt_text":"","src":"https:\/\/i0.wp.com\/www.bechmann.org\/amphibium\/wp-content\/uploads\/RIMG0443.jpg?resize=350%2C200","width":350,"height":200,"srcset":"https:\/\/i0.wp.com\/www.bechmann.org\/amphibium\/wp-content\/uploads\/RIMG0443.jpg?resize=350%2C200 1x, https:\/\/i0.wp.com\/www.bechmann.org\/amphibium\/wp-content\/uploads\/RIMG0443.jpg?resize=525%2C300 1.5x, https:\/\/i0.wp.com\/www.bechmann.org\/amphibium\/wp-content\/uploads\/RIMG0443.jpg?resize=700%2C400 2x"},"classes":[]}],"jetpack_sharing_enabled":true,"_links":{"self":[{"href":"https:\/\/www.bechmann.org\/amphibium\/wp-json\/wp\/v2\/posts\/1850","targetHints":{"allow":["GET"]}}],"collection":[{"href":"https:\/\/www.bechmann.org\/amphibium\/wp-json\/wp\/v2\/posts"}],"about":[{"href":"https:\/\/www.bechmann.org\/amphibium\/wp-json\/wp\/v2\/types\/post"}],"author":[{"embeddable":true,"href":"https:\/\/www.bechmann.org\/amphibium\/wp-json\/wp\/v2\/users\/1"}],"replies":[{"embeddable":true,"href":"https:\/\/www.bechmann.org\/amphibium\/wp-json\/wp\/v2\/comments?post=1850"}],"version-history":[{"count":6,"href":"https:\/\/www.bechmann.org\/amphibium\/wp-json\/wp\/v2\/posts\/1850\/revisions"}],"predecessor-version":[{"id":2188,"href":"https:\/\/www.bechmann.org\/amphibium\/wp-json\/wp\/v2\/posts\/1850\/revisions\/2188"}],"wp:attachment":[{"href":"https:\/\/www.bechmann.org\/amphibium\/wp-json\/wp\/v2\/media?parent=1850"}],"wp:term":[{"taxonomy":"category","embeddable":true,"href":"https:\/\/www.bechmann.org\/amphibium\/wp-json\/wp\/v2\/categories?post=1850"},{"taxonomy":"post_tag","embeddable":true,"href":"https:\/\/www.bechmann.org\/amphibium\/wp-json\/wp\/v2\/tags?post=1850"}],"curies":[{"name":"wp","href":"https:\/\/api.w.org\/{rel}","templated":true}]}}