{"id":1673,"date":"2016-08-26T21:33:00","date_gmt":"2016-08-26T19:33:00","guid":{"rendered":"http:\/\/www.bechmann.org\/amphibium\/?p=1673"},"modified":"2016-09-24T17:04:17","modified_gmt":"2016-09-24T15:04:18","slug":"66-grad-nord-von-leuchtturm-zu-leuchturm","status":"publish","type":"post","link":"https:\/\/www.bechmann.org\/amphibium\/66-grad-nord-von-leuchtturm-zu-leuchturm\/","title":{"rendered":"66 Grad Nord: von Leuchtturm zu Leuchturm"},"content":{"rendered":"<div id=\"attachment_1774\" style=\"width: 1810px\" class=\"wp-caption alignleft\"><img data-recalc-dims=\"1\" loading=\"lazy\" decoding=\"async\" aria-describedby=\"caption-attachment-1774\" data-attachment-id=\"1774\" data-permalink=\"https:\/\/www.bechmann.org\/amphibium\/66-grad-nord-von-leuchtturm-zu-leuchturm\/island2016-529\/\" data-orig-file=\"https:\/\/i0.wp.com\/www.bechmann.org\/amphibium\/wp-content\/uploads\/island2016-529.jpg?fit=1800%2C1200&amp;ssl=1\" data-orig-size=\"1800,1200\" data-comments-opened=\"0\" data-image-meta=\"{&quot;aperture&quot;:&quot;0&quot;,&quot;credit&quot;:&quot;&quot;,&quot;camera&quot;:&quot;&quot;,&quot;caption&quot;:&quot;&quot;,&quot;created_timestamp&quot;:&quot;0&quot;,&quot;copyright&quot;:&quot;Oliver Bechmann&quot;,&quot;focal_length&quot;:&quot;0&quot;,&quot;iso&quot;:&quot;0&quot;,&quot;shutter_speed&quot;:&quot;0&quot;,&quot;title&quot;:&quot;&quot;,&quot;orientation&quot;:&quot;0&quot;}\" data-image-title=\"island2016-529\" data-image-description=\"\" data-image-caption=\"\" data-large-file=\"https:\/\/i0.wp.com\/www.bechmann.org\/amphibium\/wp-content\/uploads\/island2016-529.jpg?fit=625%2C417&amp;ssl=1\" class=\"wp-image-1774 size-full\" src=\"https:\/\/i0.wp.com\/www.bechmann.org\/amphibium\/wp-content\/uploads\/island2016-529.jpg?resize=625%2C417&#038;ssl=1\" alt=\"\u00dcbernachtungsplatz im Treibgut\" width=\"625\" height=\"417\" srcset=\"https:\/\/i0.wp.com\/www.bechmann.org\/amphibium\/wp-content\/uploads\/island2016-529.jpg?w=1800&amp;ssl=1 1800w, https:\/\/i0.wp.com\/www.bechmann.org\/amphibium\/wp-content\/uploads\/island2016-529.jpg?resize=300%2C200&amp;ssl=1 300w, https:\/\/i0.wp.com\/www.bechmann.org\/amphibium\/wp-content\/uploads\/island2016-529.jpg?resize=768%2C512&amp;ssl=1 768w, https:\/\/i0.wp.com\/www.bechmann.org\/amphibium\/wp-content\/uploads\/island2016-529.jpg?resize=1024%2C683&amp;ssl=1 1024w, https:\/\/i0.wp.com\/www.bechmann.org\/amphibium\/wp-content\/uploads\/island2016-529.jpg?resize=450%2C300&amp;ssl=1 450w, https:\/\/i0.wp.com\/www.bechmann.org\/amphibium\/wp-content\/uploads\/island2016-529.jpg?w=1250&amp;ssl=1 1250w\" sizes=\"auto, (max-width: 625px) 100vw, 625px\" \/><p id=\"caption-attachment-1774\" class=\"wp-caption-text\">\u00dcbernachtungsplatz im Treibgut<\/p><\/div>\n<p>Wir haben gestern lange geschlafen, uns Zeit gelassen, das Fahrzeug entsorgt,\u00a0 uns in prima gew\u00e4rmten Duschen geputzt\u2026 Von Kopasker bis zum Nordpolarkreis: Es sind nur wenige Kilometer, die wir auf der gleich n\u00f6rdlich vor\/hinter Kopasker beginnenden Piste zur\u00fccklegen \u2013 immer an der K\u00fcste entlang&#8230;<\/p>\n<p>\u2026zuerst besuchten wir einen Brutfelsen mit Basst\u00f6lpeln; dort befindet sich unter dem Namen Nupskatla eine verlassen wirkende Farm (in der wohl mal ein bekannter Schriftsteller gelebt hat). Was den Charme der Ostfjorde ausmacht, erleben wir hier (wie in den kommenden Tagen): Sie sind touristisch eher unerschlossen, keine Busse fahren den langen Weg von Reykjavik hierhin, wo es kaum etwas zu sehen gibt als: Island pur. Island eher unverf\u00e4lscht. Island-so-wie-es-jenseits-der-Besucherattraktionen-ist.<\/p>\n<div class=\"tiled-gallery type-rectangular tiled-gallery-unresized\" data-original-width=\"625\" data-carousel-extra='{&quot;blog_id&quot;:1,&quot;permalink&quot;:&quot;https:\\\/\\\/www.bechmann.org\\\/amphibium\\\/66-grad-nord-von-leuchtturm-zu-leuchturm\\\/&quot;,&quot;likes_blog_id&quot;:68534324}' itemscope itemtype=\"http:\/\/schema.org\/ImageGallery\" > <div class=\"gallery-row\" style=\"width: 625px; height: 178px;\" data-original-width=\"625\" data-original-height=\"178\" > <div class=\"gallery-group images-1\" style=\"width: 313px; height: 178px;\" data-original-width=\"313\" data-original-height=\"178\" > <div class=\"tiled-gallery-item tiled-gallery-item-large\" itemprop=\"associatedMedia\" itemscope itemtype=\"http:\/\/schema.org\/ImageObject\"> <a href=\"https:\/\/www.bechmann.org\/amphibium\/66-grad-nord-von-leuchtturm-zu-leuchturm\/island2016-523\/\" border=\"0\" itemprop=\"url\"> <meta itemprop=\"width\" content=\"309\"> <meta itemprop=\"height\" content=\"174\"> <img decoding=\"async\" class=\"\" data-attachment-id=\"1768\" data-orig-file=\"https:\/\/www.bechmann.org\/amphibium\/wp-content\/uploads\/island2016-523.jpg\" data-orig-size=\"1800,1013\" data-comments-opened=\"\" data-image-meta=\"{&quot;aperture&quot;:&quot;0&quot;,&quot;credit&quot;:&quot;&quot;,&quot;camera&quot;:&quot;&quot;,&quot;caption&quot;:&quot;&quot;,&quot;created_timestamp&quot;:&quot;0&quot;,&quot;copyright&quot;:&quot;Oliver Bechmann&quot;,&quot;focal_length&quot;:&quot;0&quot;,&quot;iso&quot;:&quot;0&quot;,&quot;shutter_speed&quot;:&quot;0&quot;,&quot;title&quot;:&quot;&quot;,&quot;orientation&quot;:&quot;0&quot;}\" data-image-title=\"island2016-523\" data-image-description=\"\" data-medium-file=\"https:\/\/i0.wp.com\/www.bechmann.org\/amphibium\/wp-content\/uploads\/island2016-523.jpg?fit=300%2C169&#038;ssl=1\" data-large-file=\"https:\/\/i0.wp.com\/www.bechmann.org\/amphibium\/wp-content\/uploads\/island2016-523.jpg?fit=625%2C352&#038;ssl=1\" src=\"https:\/\/i0.wp.com\/www.bechmann.org\/amphibium\/wp-content\/uploads\/island2016-523.jpg?w=309&#038;h=174&#038;ssl=1\" srcset=\"https:\/\/i0.wp.com\/www.bechmann.org\/amphibium\/wp-content\/uploads\/island2016-523.jpg?w=1800&amp;ssl=1 1800w, https:\/\/i0.wp.com\/www.bechmann.org\/amphibium\/wp-content\/uploads\/island2016-523.jpg?resize=300%2C169&amp;ssl=1 300w, https:\/\/i0.wp.com\/www.bechmann.org\/amphibium\/wp-content\/uploads\/island2016-523.jpg?resize=768%2C432&amp;ssl=1 768w, https:\/\/i0.wp.com\/www.bechmann.org\/amphibium\/wp-content\/uploads\/island2016-523.jpg?resize=1024%2C576&amp;ssl=1 1024w, https:\/\/i0.wp.com\/www.bechmann.org\/amphibium\/wp-content\/uploads\/island2016-523.jpg?resize=500%2C281&amp;ssl=1 500w, https:\/\/i0.wp.com\/www.bechmann.org\/amphibium\/wp-content\/uploads\/island2016-523.jpg?w=1250&amp;ssl=1 1250w\" width=\"309\" height=\"174\" loading=\"lazy\" data-original-width=\"309\" data-original-height=\"174\" itemprop=\"http:\/\/schema.org\/image\" title=\"island2016-523\" alt=\"Basst\u00f6lpel-Brutfelsen bei Hraunhafnartangi\" style=\"width: 309px; height: 174px;\" \/> <\/a> <div class=\"tiled-gallery-caption\" itemprop=\"caption description\"> Basst\u00f6lpel-Brutfelsen bei Hraunhafnartangi <\/div> <\/div> <\/div> <!-- close group --> <div class=\"gallery-group images-1\" style=\"width: 312px; height: 178px;\" data-original-width=\"312\" data-original-height=\"178\" > <div class=\"tiled-gallery-item tiled-gallery-item-large\" itemprop=\"associatedMedia\" itemscope itemtype=\"http:\/\/schema.org\/ImageObject\"> <a href=\"https:\/\/www.bechmann.org\/amphibium\/66-grad-nord-von-leuchtturm-zu-leuchturm\/island2016-528\/\" border=\"0\" itemprop=\"url\"> <meta itemprop=\"width\" content=\"308\"> <meta itemprop=\"height\" content=\"174\"> <img decoding=\"async\" class=\"\" data-attachment-id=\"1773\" data-orig-file=\"https:\/\/www.bechmann.org\/amphibium\/wp-content\/uploads\/island2016-528.jpg\" data-orig-size=\"1800,1013\" data-comments-opened=\"\" data-image-meta=\"{&quot;aperture&quot;:&quot;0&quot;,&quot;credit&quot;:&quot;&quot;,&quot;camera&quot;:&quot;&quot;,&quot;caption&quot;:&quot;&quot;,&quot;created_timestamp&quot;:&quot;0&quot;,&quot;copyright&quot;:&quot;Oliver Bechmann&quot;,&quot;focal_length&quot;:&quot;0&quot;,&quot;iso&quot;:&quot;0&quot;,&quot;shutter_speed&quot;:&quot;0&quot;,&quot;title&quot;:&quot;&quot;,&quot;orientation&quot;:&quot;0&quot;}\" data-image-title=\"island2016-528\" data-image-description=\"\" data-medium-file=\"https:\/\/i0.wp.com\/www.bechmann.org\/amphibium\/wp-content\/uploads\/island2016-528.jpg?fit=300%2C169&#038;ssl=1\" data-large-file=\"https:\/\/i0.wp.com\/www.bechmann.org\/amphibium\/wp-content\/uploads\/island2016-528.jpg?fit=625%2C352&#038;ssl=1\" src=\"https:\/\/i0.wp.com\/www.bechmann.org\/amphibium\/wp-content\/uploads\/island2016-528.jpg?w=308&#038;h=174&#038;ssl=1\" srcset=\"https:\/\/i0.wp.com\/www.bechmann.org\/amphibium\/wp-content\/uploads\/island2016-528.jpg?w=1800&amp;ssl=1 1800w, https:\/\/i0.wp.com\/www.bechmann.org\/amphibium\/wp-content\/uploads\/island2016-528.jpg?resize=300%2C169&amp;ssl=1 300w, https:\/\/i0.wp.com\/www.bechmann.org\/amphibium\/wp-content\/uploads\/island2016-528.jpg?resize=768%2C432&amp;ssl=1 768w, https:\/\/i0.wp.com\/www.bechmann.org\/amphibium\/wp-content\/uploads\/island2016-528.jpg?resize=1024%2C576&amp;ssl=1 1024w, https:\/\/i0.wp.com\/www.bechmann.org\/amphibium\/wp-content\/uploads\/island2016-528.jpg?resize=500%2C281&amp;ssl=1 500w, https:\/\/i0.wp.com\/www.bechmann.org\/amphibium\/wp-content\/uploads\/island2016-528.jpg?w=1250&amp;ssl=1 1250w\" width=\"308\" height=\"174\" loading=\"lazy\" data-original-width=\"308\" data-original-height=\"174\" itemprop=\"http:\/\/schema.org\/image\" title=\"island2016-528\" alt=\"Brutfelsen an der Langanes-K\u00fcste\" style=\"width: 308px; height: 174px;\" \/> <\/a> <div class=\"tiled-gallery-caption\" itemprop=\"caption description\"> Brutfelsen Stori-Karl an der Langanes-K\u00fcste <\/div> <\/div> <\/div> <!-- close group --> <\/div> <!-- close row --> <\/div>\n<p><iframe loading=\"lazy\" src=\"https:\/\/player.vimeo.com\/video\/184114509\" width=\"640\" height=\"360\" frameborder=\"0\" allowfullscreen=\"allowfullscreen\"><\/iframe><\/p>\n<p><a href=\"https:\/\/vimeo.com\/184114509\">Island: Brutfelsen von Basst\u00f6lpeln<\/a> from <a href=\"https:\/\/vimeo.com\/bechtie\">Oliver Bechmann<\/a> on <a href=\"https:\/\/vimeo.com\">Vimeo<\/a>.<\/p>\n<p>Dann steuerten wir zum n\u00f6rdlichsten Punkt Islands, nur drei Kilometer entfernt vom Nordpolarkreis \u2013 das feiern wir mit einem kleinen Picknick direkt am Meer, nahe des Leuchtturmes. Der Ort hei\u00dft Hraunhafnartangi. Nachdem wir den S\u00fcdpolarkreis auf unserer Antarktis-Reise im M\u00e4rz 2015 \u00fcberquert hatten, was das ein Muss: Weiter gen Norden schaffen wir es nicht mit dem Unimog &#8211; Gr\u00f6nland, Spitzbergen, sogar die zu Island z\u00e4hlende Insel Grimsey bleiben dieses Mal unerreichbar. Aber 66,32 Grad Nord sollen es wenigstens sein!<\/p>\n<p>Die Nacht verbringen wir nicht fern des Leuchtturmes (der dritte nach denen in Akureyri und Kopasker) inmitten von angeschwemmten Treibholz und \u00dcberresten von Fischer-Netzen\u2026 dort hinzugelangen, war des Unimog w\u00fcrdig (siehe erstes Bild oben).<\/p>\n<p><iframe loading=\"lazy\" src=\"https:\/\/player.vimeo.com\/video\/184114508\" width=\"640\" height=\"360\" frameborder=\"0\" allowfullscreen=\"allowfullscreen\"><\/iframe><\/p>\n<p><a href=\"https:\/\/vimeo.com\/184114508\">Island: Ostforde &#8211; Halbinsel Langanes<\/a> from <a href=\"https:\/\/vimeo.com\/bechtie\">Oliver Bechmann<\/a> on <a href=\"https:\/\/vimeo.com\">Vimeo<\/a>.<\/p>\n<p>Von Hraunhafnartangi sind wir nach weiterem gem\u00fctlichen Ausschlafen und Kaffee trinken weiter gefahren und schwingen uns auf unseren Reise-Rhythmus ein: Bleiben alle paar Kilometer stehen, um was anzusehen \u2013 verfallene H\u00e4user, Cliffs, Basst\u00f6pel und andere Seev\u00f6gel&#8230; wir wollen zur Halbinsel Langanes, aber wir haben Zeit zum Verweilen.<\/p>\n<p>In Raufahrh\u00f6fn besichtigen wir kurz eine neumodische Stonehenge-Nachbildung, die entweder teilweise verfallen oder noch nicht fertig ist. Es ist dunkel-neblig und regnerisch, und aus der Beschreibung der Anlage l\u00e4\u00dft sich nicht wirklich erfahren, ob sie noch nicht fertig oder schon wieder zerfallen ist.<\/p>\n<div class=\"tiled-gallery type-rectangular tiled-gallery-unresized\" data-original-width=\"625\" data-carousel-extra='{&quot;blog_id&quot;:1,&quot;permalink&quot;:&quot;https:\\\/\\\/www.bechmann.org\\\/amphibium\\\/66-grad-nord-von-leuchtturm-zu-leuchturm\\\/&quot;,&quot;likes_blog_id&quot;:68534324}' itemscope itemtype=\"http:\/\/schema.org\/ImageGallery\" > <div class=\"gallery-row\" style=\"width: 625px; height: 264px;\" data-original-width=\"625\" data-original-height=\"264\" > <div class=\"gallery-group images-1\" style=\"width: 394px; height: 264px;\" data-original-width=\"394\" data-original-height=\"264\" > <div class=\"tiled-gallery-item tiled-gallery-item-large\" itemprop=\"associatedMedia\" itemscope itemtype=\"http:\/\/schema.org\/ImageObject\"> <a href=\"https:\/\/www.bechmann.org\/amphibium\/66-grad-nord-von-leuchtturm-zu-leuchturm\/island2016-527\/\" border=\"0\" itemprop=\"url\"> <meta itemprop=\"width\" content=\"390\"> <meta itemprop=\"height\" content=\"260\"> <img decoding=\"async\" class=\"\" data-attachment-id=\"1772\" data-orig-file=\"https:\/\/www.bechmann.org\/amphibium\/wp-content\/uploads\/island2016-527.jpg\" data-orig-size=\"1800,1200\" data-comments-opened=\"\" data-image-meta=\"{&quot;aperture&quot;:&quot;0&quot;,&quot;credit&quot;:&quot;&quot;,&quot;camera&quot;:&quot;&quot;,&quot;caption&quot;:&quot;&quot;,&quot;created_timestamp&quot;:&quot;0&quot;,&quot;copyright&quot;:&quot;Oliver Bechmann&quot;,&quot;focal_length&quot;:&quot;0&quot;,&quot;iso&quot;:&quot;0&quot;,&quot;shutter_speed&quot;:&quot;0&quot;,&quot;title&quot;:&quot;&quot;,&quot;orientation&quot;:&quot;0&quot;}\" data-image-title=\"island2016-527\" data-image-description=\"\" data-medium-file=\"https:\/\/i0.wp.com\/www.bechmann.org\/amphibium\/wp-content\/uploads\/island2016-527.jpg?fit=300%2C200&#038;ssl=1\" data-large-file=\"https:\/\/i0.wp.com\/www.bechmann.org\/amphibium\/wp-content\/uploads\/island2016-527.jpg?fit=625%2C417&#038;ssl=1\" src=\"https:\/\/i0.wp.com\/www.bechmann.org\/amphibium\/wp-content\/uploads\/island2016-527.jpg?w=390&#038;h=260&#038;ssl=1\" srcset=\"https:\/\/i0.wp.com\/www.bechmann.org\/amphibium\/wp-content\/uploads\/island2016-527.jpg?w=1800&amp;ssl=1 1800w, https:\/\/i0.wp.com\/www.bechmann.org\/amphibium\/wp-content\/uploads\/island2016-527.jpg?resize=300%2C200&amp;ssl=1 300w, https:\/\/i0.wp.com\/www.bechmann.org\/amphibium\/wp-content\/uploads\/island2016-527.jpg?resize=768%2C512&amp;ssl=1 768w, https:\/\/i0.wp.com\/www.bechmann.org\/amphibium\/wp-content\/uploads\/island2016-527.jpg?resize=1024%2C683&amp;ssl=1 1024w, https:\/\/i0.wp.com\/www.bechmann.org\/amphibium\/wp-content\/uploads\/island2016-527.jpg?resize=450%2C300&amp;ssl=1 450w, https:\/\/i0.wp.com\/www.bechmann.org\/amphibium\/wp-content\/uploads\/island2016-527.jpg?w=1250&amp;ssl=1 1250w\" width=\"390\" height=\"260\" loading=\"lazy\" data-original-width=\"390\" data-original-height=\"260\" itemprop=\"http:\/\/schema.org\/image\" title=\"island2016-527\" alt=\"Verfallenes Haus bei Hraunhafnartangi\" style=\"width: 390px; height: 260px;\" \/> <\/a> <div class=\"tiled-gallery-caption\" itemprop=\"caption description\"> Verfallenes Haus bei Hraunhafnartangi <\/div> <\/div> <\/div> <!-- close group --> <div class=\"gallery-group images-2\" style=\"width: 231px; height: 264px;\" data-original-width=\"231\" data-original-height=\"264\" > <div class=\"tiled-gallery-item tiled-gallery-item-small\" itemprop=\"associatedMedia\" itemscope itemtype=\"http:\/\/schema.org\/ImageObject\"> <a href=\"https:\/\/www.bechmann.org\/amphibium\/66-grad-nord-von-leuchtturm-zu-leuchturm\/island2016-511\/\" border=\"0\" itemprop=\"url\"> <meta itemprop=\"width\" content=\"227\"> <meta itemprop=\"height\" content=\"128\"> <img decoding=\"async\" class=\"\" data-attachment-id=\"1765\" data-orig-file=\"https:\/\/www.bechmann.org\/amphibium\/wp-content\/uploads\/island2016-511.jpg\" data-orig-size=\"1800,1013\" data-comments-opened=\"\" data-image-meta=\"{&quot;aperture&quot;:&quot;0&quot;,&quot;credit&quot;:&quot;&quot;,&quot;camera&quot;:&quot;&quot;,&quot;caption&quot;:&quot;&quot;,&quot;created_timestamp&quot;:&quot;0&quot;,&quot;copyright&quot;:&quot;Oliver Bechmann&quot;,&quot;focal_length&quot;:&quot;0&quot;,&quot;iso&quot;:&quot;0&quot;,&quot;shutter_speed&quot;:&quot;0&quot;,&quot;title&quot;:&quot;&quot;,&quot;orientation&quot;:&quot;0&quot;}\" data-image-title=\"island2016-511\" data-image-description=\"\" data-medium-file=\"https:\/\/i0.wp.com\/www.bechmann.org\/amphibium\/wp-content\/uploads\/island2016-511.jpg?fit=300%2C169&#038;ssl=1\" data-large-file=\"https:\/\/i0.wp.com\/www.bechmann.org\/amphibium\/wp-content\/uploads\/island2016-511.jpg?fit=625%2C352&#038;ssl=1\" src=\"https:\/\/i0.wp.com\/www.bechmann.org\/amphibium\/wp-content\/uploads\/island2016-511.jpg?w=227&#038;h=128&#038;ssl=1\" srcset=\"https:\/\/i0.wp.com\/www.bechmann.org\/amphibium\/wp-content\/uploads\/island2016-511.jpg?w=1800&amp;ssl=1 1800w, https:\/\/i0.wp.com\/www.bechmann.org\/amphibium\/wp-content\/uploads\/island2016-511.jpg?resize=300%2C169&amp;ssl=1 300w, https:\/\/i0.wp.com\/www.bechmann.org\/amphibium\/wp-content\/uploads\/island2016-511.jpg?resize=768%2C432&amp;ssl=1 768w, https:\/\/i0.wp.com\/www.bechmann.org\/amphibium\/wp-content\/uploads\/island2016-511.jpg?resize=1024%2C576&amp;ssl=1 1024w, https:\/\/i0.wp.com\/www.bechmann.org\/amphibium\/wp-content\/uploads\/island2016-511.jpg?resize=500%2C281&amp;ssl=1 500w, https:\/\/i0.wp.com\/www.bechmann.org\/amphibium\/wp-content\/uploads\/island2016-511.jpg?w=1250&amp;ssl=1 1250w\" width=\"227\" height=\"128\" loading=\"lazy\" data-original-width=\"227\" data-original-height=\"128\" itemprop=\"http:\/\/schema.org\/image\" title=\"island2016-511\" alt=\"Neo-&quot;Stonehenge&quot; bei Raufarh\u00f6fn\" style=\"width: 227px; height: 128px;\" \/> <\/a> <div class=\"tiled-gallery-caption\" itemprop=\"caption description\"> Neo-&#8222;Stonehenge&#8220; bei Raufarh\u00f6fn <\/div> <\/div> <div class=\"tiled-gallery-item tiled-gallery-item-small\" itemprop=\"associatedMedia\" itemscope itemtype=\"http:\/\/schema.org\/ImageObject\"> <a href=\"https:\/\/www.bechmann.org\/amphibium\/66-grad-nord-von-leuchtturm-zu-leuchturm\/island2016-522\/\" border=\"0\" itemprop=\"url\"> <meta itemprop=\"width\" content=\"227\"> <meta itemprop=\"height\" content=\"128\"> <img decoding=\"async\" class=\"\" data-attachment-id=\"1767\" data-orig-file=\"https:\/\/www.bechmann.org\/amphibium\/wp-content\/uploads\/island2016-522.jpg\" data-orig-size=\"1800,1013\" data-comments-opened=\"\" data-image-meta=\"{&quot;aperture&quot;:&quot;0&quot;,&quot;credit&quot;:&quot;&quot;,&quot;camera&quot;:&quot;&quot;,&quot;caption&quot;:&quot;&quot;,&quot;created_timestamp&quot;:&quot;0&quot;,&quot;copyright&quot;:&quot;Oliver Bechmann&quot;,&quot;focal_length&quot;:&quot;0&quot;,&quot;iso&quot;:&quot;0&quot;,&quot;shutter_speed&quot;:&quot;0&quot;,&quot;title&quot;:&quot;&quot;,&quot;orientation&quot;:&quot;0&quot;}\" data-image-title=\"island2016-522\" data-image-description=\"\" data-medium-file=\"https:\/\/i0.wp.com\/www.bechmann.org\/amphibium\/wp-content\/uploads\/island2016-522.jpg?fit=300%2C169&#038;ssl=1\" data-large-file=\"https:\/\/i0.wp.com\/www.bechmann.org\/amphibium\/wp-content\/uploads\/island2016-522.jpg?fit=625%2C352&#038;ssl=1\" src=\"https:\/\/i0.wp.com\/www.bechmann.org\/amphibium\/wp-content\/uploads\/island2016-522.jpg?w=227&#038;h=128&#038;ssl=1\" srcset=\"https:\/\/i0.wp.com\/www.bechmann.org\/amphibium\/wp-content\/uploads\/island2016-522.jpg?w=1800&amp;ssl=1 1800w, https:\/\/i0.wp.com\/www.bechmann.org\/amphibium\/wp-content\/uploads\/island2016-522.jpg?resize=300%2C169&amp;ssl=1 300w, https:\/\/i0.wp.com\/www.bechmann.org\/amphibium\/wp-content\/uploads\/island2016-522.jpg?resize=768%2C432&amp;ssl=1 768w, https:\/\/i0.wp.com\/www.bechmann.org\/amphibium\/wp-content\/uploads\/island2016-522.jpg?resize=1024%2C576&amp;ssl=1 1024w, https:\/\/i0.wp.com\/www.bechmann.org\/amphibium\/wp-content\/uploads\/island2016-522.jpg?resize=500%2C281&amp;ssl=1 500w, https:\/\/i0.wp.com\/www.bechmann.org\/amphibium\/wp-content\/uploads\/island2016-522.jpg?w=1250&amp;ssl=1 1250w\" width=\"227\" height=\"128\" loading=\"lazy\" data-original-width=\"227\" data-original-height=\"128\" itemprop=\"http:\/\/schema.org\/image\" title=\"island2016-522\" alt=\"Trabbi in P\u00f6rsh\u00f6fn\" style=\"width: 227px; height: 128px;\" \/> <\/a> <div class=\"tiled-gallery-caption\" itemprop=\"caption description\"> Trabbi in P\u00f6rsh\u00f6fn <\/div> <\/div> <\/div> <!-- close group --> <\/div> <!-- close row --> <\/div>\n<p>In P\u00f6rsh\u00f6fn gibt es einen uninteressanten Campingplatz, ein futureskes Schwimmbad und eine <em>Vinbudin<\/em> (also Wein und Schnaps-Verkaufsladen) zu bewundern. Das soll gar nicht ironisch klingen &#8211; wir genie\u00dfen es nach all den gro\u00dfen Naturwundern den isl\u00e4ndischen Alltag zu entdecken.<\/p>\n<p>Dann geht es eine lange Schotterpiste raus auf die Halbinsel Langanes bis zum Leuchtturm Fontur, entlang der Cliffs und der Basst\u00f6lpel-Kolonie auf dem Felsen Stori-Karl (siehe Bilder vorstehend) und schier unendlicher Mengen an Treibholz \u2013 dass das niemand verwendet oder wenigstens verheizt!<\/p>\n<div class=\"tiled-gallery type-rectangular tiled-gallery-unresized\" data-original-width=\"625\" data-carousel-extra='{&quot;blog_id&quot;:1,&quot;permalink&quot;:&quot;https:\\\/\\\/www.bechmann.org\\\/amphibium\\\/66-grad-nord-von-leuchtturm-zu-leuchturm\\\/&quot;,&quot;likes_blog_id&quot;:68534324}' itemscope itemtype=\"http:\/\/schema.org\/ImageGallery\" > <div class=\"gallery-row\" style=\"width: 625px; height: 192px;\" data-original-width=\"625\" data-original-height=\"192\" > <div class=\"gallery-group images-1\" style=\"width: 339px; height: 192px;\" data-original-width=\"339\" data-original-height=\"192\" > <div class=\"tiled-gallery-item tiled-gallery-item-large\" itemprop=\"associatedMedia\" itemscope itemtype=\"http:\/\/schema.org\/ImageObject\"> <a href=\"https:\/\/www.bechmann.org\/amphibium\/66-grad-nord-von-leuchtturm-zu-leuchturm\/island2016-530\/\" border=\"0\" itemprop=\"url\"> <meta itemprop=\"width\" content=\"335\"> <meta itemprop=\"height\" content=\"188\"> <img decoding=\"async\" class=\"\" data-attachment-id=\"1775\" data-orig-file=\"https:\/\/www.bechmann.org\/amphibium\/wp-content\/uploads\/island2016-530.jpg\" data-orig-size=\"1800,1013\" data-comments-opened=\"\" data-image-meta=\"{&quot;aperture&quot;:&quot;0&quot;,&quot;credit&quot;:&quot;&quot;,&quot;camera&quot;:&quot;&quot;,&quot;caption&quot;:&quot;&quot;,&quot;created_timestamp&quot;:&quot;0&quot;,&quot;copyright&quot;:&quot;Oliver Bechmann&quot;,&quot;focal_length&quot;:&quot;0&quot;,&quot;iso&quot;:&quot;0&quot;,&quot;shutter_speed&quot;:&quot;0&quot;,&quot;title&quot;:&quot;&quot;,&quot;orientation&quot;:&quot;0&quot;}\" data-image-title=\"island2016-530\" data-image-description=\"\" data-medium-file=\"https:\/\/i0.wp.com\/www.bechmann.org\/amphibium\/wp-content\/uploads\/island2016-530.jpg?fit=300%2C169&#038;ssl=1\" data-large-file=\"https:\/\/i0.wp.com\/www.bechmann.org\/amphibium\/wp-content\/uploads\/island2016-530.jpg?fit=625%2C352&#038;ssl=1\" src=\"https:\/\/i0.wp.com\/www.bechmann.org\/amphibium\/wp-content\/uploads\/island2016-530.jpg?w=335&#038;h=188&#038;ssl=1\" srcset=\"https:\/\/i0.wp.com\/www.bechmann.org\/amphibium\/wp-content\/uploads\/island2016-530.jpg?w=1800&amp;ssl=1 1800w, https:\/\/i0.wp.com\/www.bechmann.org\/amphibium\/wp-content\/uploads\/island2016-530.jpg?resize=300%2C169&amp;ssl=1 300w, https:\/\/i0.wp.com\/www.bechmann.org\/amphibium\/wp-content\/uploads\/island2016-530.jpg?resize=768%2C432&amp;ssl=1 768w, https:\/\/i0.wp.com\/www.bechmann.org\/amphibium\/wp-content\/uploads\/island2016-530.jpg?resize=1024%2C576&amp;ssl=1 1024w, https:\/\/i0.wp.com\/www.bechmann.org\/amphibium\/wp-content\/uploads\/island2016-530.jpg?resize=500%2C281&amp;ssl=1 500w, https:\/\/i0.wp.com\/www.bechmann.org\/amphibium\/wp-content\/uploads\/island2016-530.jpg?w=1250&amp;ssl=1 1250w\" width=\"335\" height=\"188\" loading=\"lazy\" data-original-width=\"335\" data-original-height=\"188\" itemprop=\"http:\/\/schema.org\/image\" title=\"island2016-530\" alt=\"Treibholz an der Langanes-Healbinsel\" style=\"width: 335px; height: 188px;\" \/> <\/a> <div class=\"tiled-gallery-caption\" itemprop=\"caption description\"> Treibholz an der Langanes-Healbinsel <\/div> <\/div> <\/div> <!-- close group --> <div class=\"gallery-group images-1\" style=\"width: 286px; height: 192px;\" data-original-width=\"286\" data-original-height=\"192\" > <div class=\"tiled-gallery-item tiled-gallery-item-large\" itemprop=\"associatedMedia\" itemscope itemtype=\"http:\/\/schema.org\/ImageObject\"> <a href=\"https:\/\/www.bechmann.org\/amphibium\/66-grad-nord-von-leuchtturm-zu-leuchturm\/island2016-525\/\" border=\"0\" itemprop=\"url\"> <meta itemprop=\"width\" content=\"282\"> <meta itemprop=\"height\" content=\"188\"> <img decoding=\"async\" class=\"\" data-attachment-id=\"1770\" data-orig-file=\"https:\/\/www.bechmann.org\/amphibium\/wp-content\/uploads\/island2016-525.jpg\" data-orig-size=\"1800,1200\" data-comments-opened=\"\" data-image-meta=\"{&quot;aperture&quot;:&quot;0&quot;,&quot;credit&quot;:&quot;&quot;,&quot;camera&quot;:&quot;&quot;,&quot;caption&quot;:&quot;&quot;,&quot;created_timestamp&quot;:&quot;0&quot;,&quot;copyright&quot;:&quot;Oliver Bechmann&quot;,&quot;focal_length&quot;:&quot;0&quot;,&quot;iso&quot;:&quot;0&quot;,&quot;shutter_speed&quot;:&quot;0&quot;,&quot;title&quot;:&quot;&quot;,&quot;orientation&quot;:&quot;0&quot;}\" data-image-title=\"island2016-525\" data-image-description=\"\" data-medium-file=\"https:\/\/i0.wp.com\/www.bechmann.org\/amphibium\/wp-content\/uploads\/island2016-525.jpg?fit=300%2C200&#038;ssl=1\" data-large-file=\"https:\/\/i0.wp.com\/www.bechmann.org\/amphibium\/wp-content\/uploads\/island2016-525.jpg?fit=625%2C417&#038;ssl=1\" src=\"https:\/\/i0.wp.com\/www.bechmann.org\/amphibium\/wp-content\/uploads\/island2016-525.jpg?w=282&#038;h=188&#038;ssl=1\" srcset=\"https:\/\/i0.wp.com\/www.bechmann.org\/amphibium\/wp-content\/uploads\/island2016-525.jpg?w=1800&amp;ssl=1 1800w, https:\/\/i0.wp.com\/www.bechmann.org\/amphibium\/wp-content\/uploads\/island2016-525.jpg?resize=300%2C200&amp;ssl=1 300w, https:\/\/i0.wp.com\/www.bechmann.org\/amphibium\/wp-content\/uploads\/island2016-525.jpg?resize=768%2C512&amp;ssl=1 768w, https:\/\/i0.wp.com\/www.bechmann.org\/amphibium\/wp-content\/uploads\/island2016-525.jpg?resize=1024%2C683&amp;ssl=1 1024w, https:\/\/i0.wp.com\/www.bechmann.org\/amphibium\/wp-content\/uploads\/island2016-525.jpg?resize=450%2C300&amp;ssl=1 450w, https:\/\/i0.wp.com\/www.bechmann.org\/amphibium\/wp-content\/uploads\/island2016-525.jpg?w=1250&amp;ssl=1 1250w\" width=\"282\" height=\"188\" loading=\"lazy\" data-original-width=\"282\" data-original-height=\"188\" itemprop=\"http:\/\/schema.org\/image\" title=\"island2016-525\" alt=\"Fischernetze und Treibholz bei Hraunhafnartangi\" style=\"width: 282px; height: 188px;\" \/> <\/a> <div class=\"tiled-gallery-caption\" itemprop=\"caption description\"> Fischernetze und Treibholz bei Hraunhafnartangi <\/div> <\/div> <\/div> <!-- close group --> <\/div> <!-- close row --> <div class=\"gallery-row\" style=\"width: 625px; height: 353px;\" data-original-width=\"625\" data-original-height=\"353\" > <div class=\"gallery-group images-1\" style=\"width: 625px; height: 353px;\" data-original-width=\"625\" data-original-height=\"353\" > <div class=\"tiled-gallery-item tiled-gallery-item-large\" itemprop=\"associatedMedia\" itemscope itemtype=\"http:\/\/schema.org\/ImageObject\"> <a href=\"https:\/\/www.bechmann.org\/amphibium\/66-grad-nord-von-leuchtturm-zu-leuchturm\/island2016-524\/\" border=\"0\" itemprop=\"url\"> <meta itemprop=\"width\" content=\"621\"> <meta itemprop=\"height\" content=\"349\"> <img decoding=\"async\" class=\"\" data-attachment-id=\"1769\" data-orig-file=\"https:\/\/www.bechmann.org\/amphibium\/wp-content\/uploads\/island2016-524.jpg\" data-orig-size=\"1800,1013\" data-comments-opened=\"\" data-image-meta=\"{&quot;aperture&quot;:&quot;0&quot;,&quot;credit&quot;:&quot;&quot;,&quot;camera&quot;:&quot;&quot;,&quot;caption&quot;:&quot;&quot;,&quot;created_timestamp&quot;:&quot;0&quot;,&quot;copyright&quot;:&quot;Oliver Bechmann&quot;,&quot;focal_length&quot;:&quot;0&quot;,&quot;iso&quot;:&quot;0&quot;,&quot;shutter_speed&quot;:&quot;0&quot;,&quot;title&quot;:&quot;&quot;,&quot;orientation&quot;:&quot;0&quot;}\" data-image-title=\"island2016-524\" data-image-description=\"\" data-medium-file=\"https:\/\/i0.wp.com\/www.bechmann.org\/amphibium\/wp-content\/uploads\/island2016-524.jpg?fit=300%2C169&#038;ssl=1\" data-large-file=\"https:\/\/i0.wp.com\/www.bechmann.org\/amphibium\/wp-content\/uploads\/island2016-524.jpg?fit=625%2C352&#038;ssl=1\" src=\"https:\/\/i0.wp.com\/www.bechmann.org\/amphibium\/wp-content\/uploads\/island2016-524.jpg?w=621&#038;h=349&#038;ssl=1\" srcset=\"https:\/\/i0.wp.com\/www.bechmann.org\/amphibium\/wp-content\/uploads\/island2016-524.jpg?w=1800&amp;ssl=1 1800w, https:\/\/i0.wp.com\/www.bechmann.org\/amphibium\/wp-content\/uploads\/island2016-524.jpg?resize=300%2C169&amp;ssl=1 300w, https:\/\/i0.wp.com\/www.bechmann.org\/amphibium\/wp-content\/uploads\/island2016-524.jpg?resize=768%2C432&amp;ssl=1 768w, https:\/\/i0.wp.com\/www.bechmann.org\/amphibium\/wp-content\/uploads\/island2016-524.jpg?resize=1024%2C576&amp;ssl=1 1024w, https:\/\/i0.wp.com\/www.bechmann.org\/amphibium\/wp-content\/uploads\/island2016-524.jpg?resize=500%2C281&amp;ssl=1 500w, https:\/\/i0.wp.com\/www.bechmann.org\/amphibium\/wp-content\/uploads\/island2016-524.jpg?w=1250&amp;ssl=1 1250w\" width=\"621\" height=\"349\" loading=\"lazy\" data-original-width=\"621\" data-original-height=\"349\" itemprop=\"http:\/\/schema.org\/image\" title=\"island2016-524\" alt=\"Treibholz an der K\u00fcste\" style=\"width: 621px; height: 349px;\" \/> <\/a> <div class=\"tiled-gallery-caption\" itemprop=\"caption description\"> Treibholz an der K\u00fcste <\/div> <\/div> <\/div> <!-- close group --> <\/div> <!-- close row --> <\/div>\n<p>Wir nehmen ein paar Kleinteile mit und verfeuern sie sp\u00e4ter zuhause &#8211; sie brennen prima. Angeblich kommt all das Holz aus Russland, Kanada, auch Norwegen&#8230; In einem kleinen Museum, das (viel) fr\u00fcher als Pfarrgemeindehaus diente, ist kein Kamin zu entdecken.<\/p>\n<div id=\"attachment_1776\" style=\"width: 1810px\" class=\"wp-caption alignleft\"><img data-recalc-dims=\"1\" loading=\"lazy\" decoding=\"async\" aria-describedby=\"caption-attachment-1776\" data-attachment-id=\"1776\" data-permalink=\"https:\/\/www.bechmann.org\/amphibium\/66-grad-nord-von-leuchtturm-zu-leuchturm\/island2016-531\/\" data-orig-file=\"https:\/\/i0.wp.com\/www.bechmann.org\/amphibium\/wp-content\/uploads\/island2016-531.jpg?fit=1800%2C1013&amp;ssl=1\" data-orig-size=\"1800,1013\" data-comments-opened=\"0\" data-image-meta=\"{&quot;aperture&quot;:&quot;0&quot;,&quot;credit&quot;:&quot;&quot;,&quot;camera&quot;:&quot;&quot;,&quot;caption&quot;:&quot;&quot;,&quot;created_timestamp&quot;:&quot;0&quot;,&quot;copyright&quot;:&quot;Oliver Bechmann&quot;,&quot;focal_length&quot;:&quot;0&quot;,&quot;iso&quot;:&quot;0&quot;,&quot;shutter_speed&quot;:&quot;0&quot;,&quot;title&quot;:&quot;&quot;,&quot;orientation&quot;:&quot;0&quot;}\" data-image-title=\"island2016-531\" data-image-description=\"\" data-image-caption=\"&lt;p&gt;Unimog am Fontur-Leuchtturm&lt;\/p&gt;\n\" data-large-file=\"https:\/\/i0.wp.com\/www.bechmann.org\/amphibium\/wp-content\/uploads\/island2016-531.jpg?fit=625%2C352&amp;ssl=1\" class=\"size-full wp-image-1776\" src=\"https:\/\/i0.wp.com\/www.bechmann.org\/amphibium\/wp-content\/uploads\/island2016-531.jpg?resize=625%2C352&#038;ssl=1\" alt=\"Unimog am Fontur-Leuchtturm\" width=\"625\" height=\"352\" srcset=\"https:\/\/i0.wp.com\/www.bechmann.org\/amphibium\/wp-content\/uploads\/island2016-531.jpg?w=1800&amp;ssl=1 1800w, https:\/\/i0.wp.com\/www.bechmann.org\/amphibium\/wp-content\/uploads\/island2016-531.jpg?resize=300%2C169&amp;ssl=1 300w, https:\/\/i0.wp.com\/www.bechmann.org\/amphibium\/wp-content\/uploads\/island2016-531.jpg?resize=768%2C432&amp;ssl=1 768w, https:\/\/i0.wp.com\/www.bechmann.org\/amphibium\/wp-content\/uploads\/island2016-531.jpg?resize=1024%2C576&amp;ssl=1 1024w, https:\/\/i0.wp.com\/www.bechmann.org\/amphibium\/wp-content\/uploads\/island2016-531.jpg?resize=500%2C281&amp;ssl=1 500w, https:\/\/i0.wp.com\/www.bechmann.org\/amphibium\/wp-content\/uploads\/island2016-531.jpg?w=1250&amp;ssl=1 1250w\" sizes=\"auto, (max-width: 625px) 100vw, 625px\" \/><p id=\"caption-attachment-1776\" class=\"wp-caption-text\">Unimog am Fontur-Leuchtturm<\/p><\/div>\n<p><br clear=\"all\" \/><br \/>\nEs windet, es regnet, es ist neblig \u2013 selten so entfernt von allem und jedem gef\u00fchlt. Hier h\u00f6rt Island im Nordwesten auf und es f\u00fchlt sich an, als sei man am Ende der Welt. Mehr als am Cap Finisterre etwa\u2026 Nur ein paar Schafe da. Wenn die Erde eine Scheibe w\u00e4re, k\u00f6nnte am Cliff nach dem Leuchtturm (dem vierten in der Reihe der vergangenen vier Tage) Schluss sein.<\/p>\n","protected":false},"excerpt":{"rendered":"<p>Wir haben gestern lange geschlafen, uns Zeit gelassen, das Fahrzeug entsorgt,\u00a0 uns in prima gew\u00e4rmten Duschen geputzt\u2026 Von Kopasker bis zum Nordpolarkreis: Es sind nur wenige Kilometer, die wir auf der gleich n\u00f6rdlich vor\/hinter Kopasker beginnenden Piste zur\u00fccklegen \u2013 immer an der K\u00fcste entlang&#8230; \u2026zuerst besuchten wir einen Brutfelsen mit Basst\u00f6lpeln; dort befindet sich unter [&hellip;]<\/p>\n","protected":false},"author":1,"featured_media":0,"comment_status":"open","ping_status":"open","sticky":false,"template":"","format":"standard","meta":{"jetpack_post_was_ever_published":false,"_jetpack_newsletter_access":"","_jetpack_dont_email_post_to_subs":false,"_jetpack_newsletter_tier_id":0,"_jetpack_memberships_contains_paywalled_content":false,"_jetpack_memberships_contains_paid_content":false,"footnotes":"","jetpack_publicize_message":"","jetpack_publicize_feature_enabled":true,"jetpack_social_post_already_shared":true,"jetpack_social_options":{"image_generator_settings":{"template":"highway","default_image_id":0,"font":"","enabled":false},"version":2}},"categories":[2],"tags":[198,199,197,193,196,211,195,194],"class_list":["post-1673","post","type-post","status-publish","format-standard","hentry","category-land","tag-ende-der-welt","tag-finisterre","tag-fontur","tag-hraunhafnartangi","tag-langanes","tag-nordpolarkreis","tag-poershoefn","tag-raufahrhoefn"],"jetpack_publicize_connections":[],"jetpack_featured_media_url":"","jetpack_shortlink":"https:\/\/wp.me\/p4DyUk-qZ","jetpack-related-posts":[{"id":1671,"url":"https:\/\/www.bechmann.org\/amphibium\/fjord-kayaken-und-ein-seehund\/","url_meta":{"origin":1673,"position":0},"title":"Fjord-Kayaken und ein Seehund","author":"Oliver","date":"24. August 2016","format":false,"excerpt":"Wir \u00fcbernachten nahe der Werkstatt, in der schon die Ersatzteile auf uns warten. Die Truppe dort ist knurrig und des Englischen eingeschr\u00e4nkt, aber ausreichend, kundig. Ein H\u00fcne mit Glatze und Vollbart erkl\u00e4rt, dass es auch ohne Reparatur ginge (was den Getriebe\u00f6lverlust angeht), ansonsten werden rund 500 Euro f\u00fcr diesen Befund\u2026","rel":"","context":"In &quot;Land&quot;","block_context":{"text":"Land","link":"https:\/\/www.bechmann.org\/amphibium\/category\/land\/"},"img":{"alt_text":"","src":"https:\/\/i0.wp.com\/www.bechmann.org\/amphibium\/wp-content\/uploads\/island2016-502.jpg?resize=350%2C200","width":350,"height":200,"srcset":"https:\/\/i0.wp.com\/www.bechmann.org\/amphibium\/wp-content\/uploads\/island2016-502.jpg?resize=350%2C200 1x, https:\/\/i0.wp.com\/www.bechmann.org\/amphibium\/wp-content\/uploads\/island2016-502.jpg?resize=525%2C300 1.5x, https:\/\/i0.wp.com\/www.bechmann.org\/amphibium\/wp-content\/uploads\/island2016-502.jpg?resize=700%2C400 2x, https:\/\/i0.wp.com\/www.bechmann.org\/amphibium\/wp-content\/uploads\/island2016-502.jpg?resize=1050%2C600 3x, https:\/\/i0.wp.com\/www.bechmann.org\/amphibium\/wp-content\/uploads\/island2016-502.jpg?resize=1400%2C800 4x"},"classes":[]},{"id":1795,"url":"https:\/\/www.bechmann.org\/amphibium\/island-being-comfortable-in-the-uncomfortable\/","url_meta":{"origin":1673,"position":1},"title":"Island: being comfortable in the uncomfortable!","author":"Oliver","date":"4. September 2016","format":false,"excerpt":"Von Bakkargedi sind es ein paar Kilometer Piste bis zum Anschluss ans Asphaltband. Ab diesem Punkt ist Egilsstadir an der Ringstra\u00dfe schnell erreicht. Wenn nicht mehr nur die \u201cNorr\u00f6na\u201d-F\u00e4hre der Smyril-Line Wohnmobil- und Gel\u00e4ndewagenfahrer im Hafen Seydisfj\u00f6rdur anlanden l\u00e4sst, sondern auch\u00a0 Kreuzfahrtschiffe anlegen, wird es mit der relativen Unber\u00fchrtheit der\u2026","rel":"","context":"In &quot;Land&quot;","block_context":{"text":"Land","link":"https:\/\/www.bechmann.org\/amphibium\/category\/land\/"},"img":{"alt_text":"Tour rund um Island","src":"https:\/\/i0.wp.com\/www.bechmann.org\/amphibium\/wp-content\/uploads\/IMG_0045.jpg?resize=350%2C200","width":350,"height":200,"srcset":"https:\/\/i0.wp.com\/www.bechmann.org\/amphibium\/wp-content\/uploads\/IMG_0045.jpg?resize=350%2C200 1x, https:\/\/i0.wp.com\/www.bechmann.org\/amphibium\/wp-content\/uploads\/IMG_0045.jpg?resize=525%2C300 1.5x, https:\/\/i0.wp.com\/www.bechmann.org\/amphibium\/wp-content\/uploads\/IMG_0045.jpg?resize=700%2C400 2x"},"classes":[]},{"id":1985,"url":"https:\/\/www.bechmann.org\/amphibium\/leben-auf-rdern\/","url_meta":{"origin":1673,"position":2},"title":"Leben auf R\u00e4dern","author":"Oliver","date":"10. Januar 2017","format":false,"excerpt":"F\u00fcr unsere Stell- und \u00dcbernachtungspl\u00e4tze in Portugal sind im Wesentlichen zwei Quellen verantwortlich. Andr\u00e9 von amumot.de und Steffi von keine-eile.de bzw. algarve-pur.de. Beide leben dauerhaft in ihren (gr\u00f6\u00dferen) Wohnmobilen und verdienen ihren Lebensunterhalt trotz und gerade beim Unterwegssein; u.a. mit dem Unterwegssein bzw. den Ger\u00e4tschaften, die man beim wohnmobilen Leben\u2026","rel":"","context":"In &quot;Land&quot;","block_context":{"text":"Land","link":"https:\/\/www.bechmann.org\/amphibium\/category\/land\/"},"img":{"alt_text":"IMG_0998","src":"https:\/\/i0.wp.com\/www.bechmann.org\/amphibium\/wp-content\/uploads\/IMG_0998_thumb.jpg?resize=350%2C200","width":350,"height":200,"srcset":"https:\/\/i0.wp.com\/www.bechmann.org\/amphibium\/wp-content\/uploads\/IMG_0998_thumb.jpg?resize=350%2C200 1x, https:\/\/i0.wp.com\/www.bechmann.org\/amphibium\/wp-content\/uploads\/IMG_0998_thumb.jpg?resize=525%2C300 1.5x"},"classes":[]},{"id":3590,"url":"https:\/\/www.bechmann.org\/amphibium\/der-weg-in-die-westsahara\/","url_meta":{"origin":1673,"position":3},"title":"Der Weg in die Westsahara","author":"Oliver","date":"7. November 2018","format":false,"excerpt":"Farah ist gen S\u00fcden aufgebrochen (siehe Beitrag \u201cFarah auf dem Fahrrad\u201d), die Ladies und wir besteigen ein Fischerboot. Es geht raus auf die Lagune, um den Flamingos und Reihern n\u00e4her zu kommen. Z\u00e4he Verhandlungen um den Preis sind voraus gegangen, dann legen wir ab und schaukeln in der Brandung den\u2026","rel":"","context":"In &quot;Land&quot;","block_context":{"text":"Land","link":"https:\/\/www.bechmann.org\/amphibium\/category\/land\/"},"img":{"alt_text":"","src":"https:\/\/i0.wp.com\/www.bechmann.org\/amphibium\/wp-content\/uploads\/IMG_20181106_154648.jpg?resize=350%2C200","width":350,"height":200,"srcset":"https:\/\/i0.wp.com\/www.bechmann.org\/amphibium\/wp-content\/uploads\/IMG_20181106_154648.jpg?resize=350%2C200 1x, https:\/\/i0.wp.com\/www.bechmann.org\/amphibium\/wp-content\/uploads\/IMG_20181106_154648.jpg?resize=525%2C300 1.5x, https:\/\/i0.wp.com\/www.bechmann.org\/amphibium\/wp-content\/uploads\/IMG_20181106_154648.jpg?resize=700%2C400 2x"},"classes":[]},{"id":1186,"url":"https:\/\/www.bechmann.org\/amphibium\/allein-im-tetra-tree-hotel\/","url_meta":{"origin":1673,"position":4},"title":"Allein im Tetra Tree Hotel","author":"Oliver","date":"28. Juni 2016","format":false,"excerpt":"\u00a0 Nachdem wir das Krav Maga Global Expert-Camp in Haifa \u2013 also quasi unseren berufsbedingten Aufenthaltsgrund in Israel \u2013 hinter uns gebracht haben (und zuvor einen Relax-Tag in Tel Aviv samt abendlichen Ouzo am Strand), wollten wir uns ein bisschen erholen und unsere zweite Heimat genie\u00dfen. Letzteres ist Israel jedenfalls\u2026","rel":"","context":"In &quot;Land&quot;","block_context":{"text":"Land","link":"https:\/\/www.bechmann.org\/amphibium\/category\/land\/"},"img":{"alt_text":"","src":"https:\/\/i0.wp.com\/www.bechmann.org\/amphibium\/wp-content\/uploads\/telaviv-bb-balkon.jpg?resize=350%2C200","width":350,"height":200,"srcset":"https:\/\/i0.wp.com\/www.bechmann.org\/amphibium\/wp-content\/uploads\/telaviv-bb-balkon.jpg?resize=350%2C200 1x, https:\/\/i0.wp.com\/www.bechmann.org\/amphibium\/wp-content\/uploads\/telaviv-bb-balkon.jpg?resize=525%2C300 1.5x, https:\/\/i0.wp.com\/www.bechmann.org\/amphibium\/wp-content\/uploads\/telaviv-bb-balkon.jpg?resize=700%2C400 2x, https:\/\/i0.wp.com\/www.bechmann.org\/amphibium\/wp-content\/uploads\/telaviv-bb-balkon.jpg?resize=1050%2C600 3x, https:\/\/i0.wp.com\/www.bechmann.org\/amphibium\/wp-content\/uploads\/telaviv-bb-balkon.jpg?resize=1400%2C800 4x"},"classes":[]},{"id":918,"url":"https:\/\/www.bechmann.org\/amphibium\/tag-1-ablegen-in-genua\/","url_meta":{"origin":1673,"position":5},"title":"Ablegen in Genua","author":"Oliver","date":"8. Oktober 2015","format":false,"excerpt":"Es geht nach Marokko. Zum dritten Mal. Zum zweiten Mal mit unserem mehr als 30 Jahre alten Unimog. Der d\u00fcrfte mittlerweile H-Kennzeichen tragen, das Gutachten daf\u00fcr liegt daheim. Bevor er die bekommt, wollen wir noch testen \u2013 von den Berliner Reise- und Fahrzeugtechnik-Spezialisten von eineweltreisen.org hat er einen zeitgem\u00e4\u00dfen Gas-Herd\u2026","rel":"","context":"In &quot;Wasser&quot;","block_context":{"text":"Wasser","link":"https:\/\/www.bechmann.org\/amphibium\/category\/wasser\/"},"img":{"alt_text":"IMG_4320","src":"https:\/\/i0.wp.com\/www.bechmann.org\/amphibium\/wp-content\/uploads\/IMG_4320_thumb.jpg?resize=350%2C200","width":350,"height":200,"srcset":"https:\/\/i0.wp.com\/www.bechmann.org\/amphibium\/wp-content\/uploads\/IMG_4320_thumb.jpg?resize=350%2C200 1x, https:\/\/i0.wp.com\/www.bechmann.org\/amphibium\/wp-content\/uploads\/IMG_4320_thumb.jpg?resize=525%2C300 1.5x"},"classes":[]}],"jetpack_sharing_enabled":true,"_links":{"self":[{"href":"https:\/\/www.bechmann.org\/amphibium\/wp-json\/wp\/v2\/posts\/1673","targetHints":{"allow":["GET"]}}],"collection":[{"href":"https:\/\/www.bechmann.org\/amphibium\/wp-json\/wp\/v2\/posts"}],"about":[{"href":"https:\/\/www.bechmann.org\/amphibium\/wp-json\/wp\/v2\/types\/post"}],"author":[{"embeddable":true,"href":"https:\/\/www.bechmann.org\/amphibium\/wp-json\/wp\/v2\/users\/1"}],"replies":[{"embeddable":true,"href":"https:\/\/www.bechmann.org\/amphibium\/wp-json\/wp\/v2\/comments?post=1673"}],"version-history":[{"count":7,"href":"https:\/\/www.bechmann.org\/amphibium\/wp-json\/wp\/v2\/posts\/1673\/revisions"}],"predecessor-version":[{"id":1780,"href":"https:\/\/www.bechmann.org\/amphibium\/wp-json\/wp\/v2\/posts\/1673\/revisions\/1780"}],"wp:attachment":[{"href":"https:\/\/www.bechmann.org\/amphibium\/wp-json\/wp\/v2\/media?parent=1673"}],"wp:term":[{"taxonomy":"category","embeddable":true,"href":"https:\/\/www.bechmann.org\/amphibium\/wp-json\/wp\/v2\/categories?post=1673"},{"taxonomy":"post_tag","embeddable":true,"href":"https:\/\/www.bechmann.org\/amphibium\/wp-json\/wp\/v2\/tags?post=1673"}],"curies":[{"name":"wp","href":"https:\/\/api.w.org\/{rel}","templated":true}]}}