{"id":1437,"date":"2016-08-06T21:00:00","date_gmt":"2016-08-06T19:00:00","guid":{"rendered":"http:\/\/www.bechmann.org\/amphibium\/?p=1437"},"modified":"2016-09-17T12:21:42","modified_gmt":"2016-09-17T10:21:42","slug":"mondlandschaften-aus-lava-und-eis","status":"publish","type":"post","link":"https:\/\/www.bechmann.org\/amphibium\/mondlandschaften-aus-lava-und-eis\/","title":{"rendered":"Mondlandschaften aus Lava und Eis"},"content":{"rendered":"<p><a href=\"https:\/\/i0.wp.com\/www.bechmann.org\/amphibium\/wp-content\/uploads\/RIMG0554-2.jpg?ssl=1\"><img data-recalc-dims=\"1\" loading=\"lazy\" decoding=\"async\" style=\"background-image: none; padding-top: 0px; padding-left: 0px; display: inline; padding-right: 0px; border-width: 0px;\" title=\"RIMG0554 (2)\" src=\"https:\/\/i0.wp.com\/www.bechmann.org\/amphibium\/wp-content\/uploads\/RIMG0554-2_thumb.jpg?resize=625%2C353&#038;ssl=1\" alt=\"RIMG0554 (2)\" width=\"625\" height=\"353\" border=\"0\" \/><\/a><br \/>\n<span style=\"font-size: small;\">Tiefe Erdspalte am Staudamm.<\/span><\/p>\n<p>Viele Offroad-Lkws, so hat Andr\u00e9 von <a href=\"http:\/\/www.eineweltreisen.org\" target=\"_blank\">Eine Welt Reisen<\/a> gesagt, werden zwar mit allem Ausstattungs- und Ausr\u00fcstungs-Schnickschnack ausgestattet \u2013 aber in Island fahren sie dann doch h\u00e4ufig nur auf der asphaltierten Ringstra\u00dfe (oder auf ihren Abzweigen) zusammen mit ganz normalen Wohnmobilen und den gro\u00dfen Reisebussen. Ins Hochland w\u00fcrden sie sich nicht trauen\u2026<\/p>\n<p>Wir besichtigen einen Staudamm, der mit enormen Aufwand errichtet wurde und dessen Stromleitungen nicht weniger aufw\u00e4ndig unterirdisch verlegt und an die K\u00fcste gef\u00fchrt wurden. Natur, sonst so heilig, wurde da der Energieproduktion f\u00fcr eine Aluminium-H\u00fctte an der K\u00fcste geopfert. Auf der anderen Seite der Staumauer ist eine imposante Felsspalte zu sehen \u2013 urspr\u00fcnglich vom nunmehr gestauten Fluss geschaffen, und m\u00f6glicherweise durch ein Erdbeben irgendwann weit aufgerissen (siehe vorstehendes Bild).<\/p>\n<p><a href=\"https:\/\/i0.wp.com\/www.bechmann.org\/amphibium\/wp-content\/uploads\/IMG_0449-2.jpg?ssl=1\"><img data-recalc-dims=\"1\" loading=\"lazy\" decoding=\"async\" style=\"background-image: none; padding-top: 0px; padding-left: 0px; display: inline; padding-right: 0px; border-width: 0px;\" title=\"IMG_0449 (2)\" src=\"https:\/\/i0.wp.com\/www.bechmann.org\/amphibium\/wp-content\/uploads\/IMG_0449-2_thumb.jpg?resize=625%2C418&#038;ssl=1\" alt=\"IMG_0449 (2)\" width=\"625\" height=\"418\" border=\"0\" \/><\/a><br \/>\n<span style=\"font-size: small;\">Lava-Landschaft im isl\u00e4ndischen Hochland.<\/span><\/p>\n<p>Dann verlassen wir den Asphalt, lassen Luft aus in den Reifen und biegen auf eine der \u00fcblichen Landesstra\u00dfen Islands ein \u2013 eine der vielen, eher mehr als weniger \u00fcblen, Schotterpisten. Erste endlos scheinbare Lavalandschaften ziehen an uns, manchmal im Schritttempo, vorbei &#8211; so langsam manv\u00f6vrieren wir unsere Fahrzeuge \u00fcber die schlaglochreichen <em>gravel roads<\/em> des Hochlandes oberhalb des Vatnaj\u00f6kull.<\/p>\n<p><!--more--><\/p>\n<p>Irland mag als \u201cgr\u00fcne Insel\u201d apostrophiert werden, Island ist das nur teilweise (wenn, dann auch sehr eindrucksvoll) \u2013 in den viele Quadratkilometer gro\u00dfen Fl\u00e4chen des Hochlands herrscht Stunde um Stunde das Grau vor. Nur selten kommt ein Fahrzeug entgegen, und wenn, dann ein Land Rover oder Toyota oder ein Dodge Pick-up mit Kabinenaufbau. Wir sind allein, nicht wirklich fern der Zivilisation \u2013 aber das Gef\u00fchl kommt dennoch nach Kilometer um Kilometer an Lava-\u00d6dnis dennoch auf.<\/p>\n<div class=\"tiled-gallery type-rectangular tiled-gallery-unresized\" data-original-width=\"625\" data-carousel-extra='{&quot;blog_id&quot;:1,&quot;permalink&quot;:&quot;https:\\\/\\\/www.bechmann.org\\\/amphibium\\\/mondlandschaften-aus-lava-und-eis\\\/&quot;,&quot;likes_blog_id&quot;:68534324}' itemscope itemtype=\"http:\/\/schema.org\/ImageGallery\" > <div class=\"gallery-row\" style=\"width: 625px; height: 279px;\" data-original-width=\"625\" data-original-height=\"279\" > <div class=\"gallery-group images-1\" style=\"width: 417px; height: 279px;\" data-original-width=\"417\" data-original-height=\"279\" > <div class=\"tiled-gallery-item tiled-gallery-item-large\" itemprop=\"associatedMedia\" itemscope itemtype=\"http:\/\/schema.org\/ImageObject\"> <a href=\"https:\/\/www.bechmann.org\/amphibium\/mondlandschaften-aus-lava-und-eis\/img_0388-2\/\" border=\"0\" itemprop=\"url\"> <meta itemprop=\"width\" content=\"413\"> <meta itemprop=\"height\" content=\"275\"> <img decoding=\"async\" class=\"\" data-attachment-id=\"1587\" data-orig-file=\"https:\/\/www.bechmann.org\/amphibium\/wp-content\/uploads\/IMG_0388-2.jpg\" data-orig-size=\"1600,1066\" data-comments-opened=\"\" data-image-meta=\"{&quot;aperture&quot;:&quot;9&quot;,&quot;credit&quot;:&quot;Photographer: Oliver Bechmann&quot;,&quot;camera&quot;:&quot;Canon EOS 5D Mark II&quot;,&quot;caption&quot;:&quot;&quot;,&quot;created_timestamp&quot;:&quot;1470409980&quot;,&quot;copyright&quot;:&quot;Copyright: Oliver Bechmann&quot;,&quot;focal_length&quot;:&quot;80&quot;,&quot;iso&quot;:&quot;200&quot;,&quot;shutter_speed&quot;:&quot;0.005&quot;,&quot;title&quot;:&quot;&quot;,&quot;orientation&quot;:&quot;1&quot;}\" data-image-title=\"IMG_0388 (2)\" data-image-description=\"\" data-medium-file=\"https:\/\/i0.wp.com\/www.bechmann.org\/amphibium\/wp-content\/uploads\/IMG_0388-2.jpg?fit=300%2C200&#038;ssl=1\" data-large-file=\"https:\/\/i0.wp.com\/www.bechmann.org\/amphibium\/wp-content\/uploads\/IMG_0388-2.jpg?fit=625%2C416&#038;ssl=1\" src=\"https:\/\/i0.wp.com\/www.bechmann.org\/amphibium\/wp-content\/uploads\/IMG_0388-2.jpg?w=413&#038;h=275&#038;ssl=1\" srcset=\"https:\/\/i0.wp.com\/www.bechmann.org\/amphibium\/wp-content\/uploads\/IMG_0388-2.jpg?w=1600&amp;ssl=1 1600w, https:\/\/i0.wp.com\/www.bechmann.org\/amphibium\/wp-content\/uploads\/IMG_0388-2.jpg?resize=300%2C200&amp;ssl=1 300w, https:\/\/i0.wp.com\/www.bechmann.org\/amphibium\/wp-content\/uploads\/IMG_0388-2.jpg?resize=768%2C512&amp;ssl=1 768w, https:\/\/i0.wp.com\/www.bechmann.org\/amphibium\/wp-content\/uploads\/IMG_0388-2.jpg?resize=1024%2C682&amp;ssl=1 1024w, https:\/\/i0.wp.com\/www.bechmann.org\/amphibium\/wp-content\/uploads\/IMG_0388-2.jpg?resize=450%2C300&amp;ssl=1 450w, https:\/\/i0.wp.com\/www.bechmann.org\/amphibium\/wp-content\/uploads\/IMG_0388-2.jpg?w=1250&amp;ssl=1 1250w\" width=\"413\" height=\"275\" loading=\"lazy\" data-original-width=\"413\" data-original-height=\"275\" itemprop=\"http:\/\/schema.org\/image\" title=\"IMG_0388 (2)\" alt=\"IMG_0388 (2)\" style=\"width: 413px; height: 275px;\" \/> <\/a> <\/div> <\/div> <!-- close group --> <div class=\"gallery-group images-2\" style=\"width: 208px; height: 279px;\" data-original-width=\"208\" data-original-height=\"279\" > <div class=\"tiled-gallery-item tiled-gallery-item-small\" itemprop=\"associatedMedia\" itemscope itemtype=\"http:\/\/schema.org\/ImageObject\"> <a href=\"https:\/\/www.bechmann.org\/amphibium\/mondlandschaften-aus-lava-und-eis\/img_0408-2\/\" border=\"0\" itemprop=\"url\"> <meta itemprop=\"width\" content=\"204\"> <meta itemprop=\"height\" content=\"136\"> <img decoding=\"async\" class=\"\" data-attachment-id=\"1589\" data-orig-file=\"https:\/\/www.bechmann.org\/amphibium\/wp-content\/uploads\/IMG_0408-2.jpg\" data-orig-size=\"1600,1066\" data-comments-opened=\"\" data-image-meta=\"{&quot;aperture&quot;:&quot;8&quot;,&quot;credit&quot;:&quot;Photographer: Oliver Bechmann&quot;,&quot;camera&quot;:&quot;Canon EOS 5D Mark II&quot;,&quot;caption&quot;:&quot;&quot;,&quot;created_timestamp&quot;:&quot;1470412169&quot;,&quot;copyright&quot;:&quot;Copyright: Oliver Bechmann&quot;,&quot;focal_length&quot;:&quot;135&quot;,&quot;iso&quot;:&quot;200&quot;,&quot;shutter_speed&quot;:&quot;0.003125&quot;,&quot;title&quot;:&quot;&quot;,&quot;orientation&quot;:&quot;1&quot;}\" data-image-title=\"IMG_0408 (2)\" data-image-description=\"\" data-medium-file=\"https:\/\/i0.wp.com\/www.bechmann.org\/amphibium\/wp-content\/uploads\/IMG_0408-2.jpg?fit=300%2C200&#038;ssl=1\" data-large-file=\"https:\/\/i0.wp.com\/www.bechmann.org\/amphibium\/wp-content\/uploads\/IMG_0408-2.jpg?fit=625%2C416&#038;ssl=1\" src=\"https:\/\/i0.wp.com\/www.bechmann.org\/amphibium\/wp-content\/uploads\/IMG_0408-2.jpg?w=204&#038;h=136&#038;ssl=1\" srcset=\"https:\/\/i0.wp.com\/www.bechmann.org\/amphibium\/wp-content\/uploads\/IMG_0408-2.jpg?w=1600&amp;ssl=1 1600w, https:\/\/i0.wp.com\/www.bechmann.org\/amphibium\/wp-content\/uploads\/IMG_0408-2.jpg?resize=300%2C200&amp;ssl=1 300w, https:\/\/i0.wp.com\/www.bechmann.org\/amphibium\/wp-content\/uploads\/IMG_0408-2.jpg?resize=768%2C512&amp;ssl=1 768w, https:\/\/i0.wp.com\/www.bechmann.org\/amphibium\/wp-content\/uploads\/IMG_0408-2.jpg?resize=1024%2C682&amp;ssl=1 1024w, https:\/\/i0.wp.com\/www.bechmann.org\/amphibium\/wp-content\/uploads\/IMG_0408-2.jpg?resize=450%2C300&amp;ssl=1 450w, https:\/\/i0.wp.com\/www.bechmann.org\/amphibium\/wp-content\/uploads\/IMG_0408-2.jpg?w=1250&amp;ssl=1 1250w\" width=\"204\" height=\"136\" loading=\"lazy\" data-original-width=\"204\" data-original-height=\"136\" itemprop=\"http:\/\/schema.org\/image\" title=\"IMG_0408 (2)\" alt=\"IMG_0408 (2)\" style=\"width: 204px; height: 136px;\" \/> <\/a> <\/div> <div class=\"tiled-gallery-item tiled-gallery-item-small\" itemprop=\"associatedMedia\" itemscope itemtype=\"http:\/\/schema.org\/ImageObject\"> <a href=\"https:\/\/www.bechmann.org\/amphibium\/mondlandschaften-aus-lava-und-eis\/img_0449-2\/\" border=\"0\" itemprop=\"url\"> <meta itemprop=\"width\" content=\"204\"> <meta itemprop=\"height\" content=\"135\"> <img decoding=\"async\" class=\"\" data-attachment-id=\"1590\" data-orig-file=\"https:\/\/www.bechmann.org\/amphibium\/wp-content\/uploads\/IMG_0449-2-1.jpg\" data-orig-size=\"1600,1066\" data-comments-opened=\"\" data-image-meta=\"{&quot;aperture&quot;:&quot;8&quot;,&quot;credit&quot;:&quot;Photographer: Oliver Bechmann&quot;,&quot;camera&quot;:&quot;Canon EOS 5D Mark II&quot;,&quot;caption&quot;:&quot;&quot;,&quot;created_timestamp&quot;:&quot;1470417855&quot;,&quot;copyright&quot;:&quot;Copyright: Oliver Bechmann&quot;,&quot;focal_length&quot;:&quot;135&quot;,&quot;iso&quot;:&quot;200&quot;,&quot;shutter_speed&quot;:&quot;0.004&quot;,&quot;title&quot;:&quot;&quot;,&quot;orientation&quot;:&quot;1&quot;}\" data-image-title=\"IMG_0449 (2)\" data-image-description=\"\" data-medium-file=\"https:\/\/i0.wp.com\/www.bechmann.org\/amphibium\/wp-content\/uploads\/IMG_0449-2-1.jpg?fit=300%2C200&#038;ssl=1\" data-large-file=\"https:\/\/i0.wp.com\/www.bechmann.org\/amphibium\/wp-content\/uploads\/IMG_0449-2-1.jpg?fit=625%2C416&#038;ssl=1\" src=\"https:\/\/i0.wp.com\/www.bechmann.org\/amphibium\/wp-content\/uploads\/IMG_0449-2-1.jpg?w=204&#038;h=135&#038;ssl=1\" srcset=\"https:\/\/i0.wp.com\/www.bechmann.org\/amphibium\/wp-content\/uploads\/IMG_0449-2-1.jpg?w=1600&amp;ssl=1 1600w, https:\/\/i0.wp.com\/www.bechmann.org\/amphibium\/wp-content\/uploads\/IMG_0449-2-1.jpg?resize=300%2C200&amp;ssl=1 300w, https:\/\/i0.wp.com\/www.bechmann.org\/amphibium\/wp-content\/uploads\/IMG_0449-2-1.jpg?resize=768%2C512&amp;ssl=1 768w, https:\/\/i0.wp.com\/www.bechmann.org\/amphibium\/wp-content\/uploads\/IMG_0449-2-1.jpg?resize=1024%2C682&amp;ssl=1 1024w, https:\/\/i0.wp.com\/www.bechmann.org\/amphibium\/wp-content\/uploads\/IMG_0449-2-1.jpg?resize=450%2C300&amp;ssl=1 450w, https:\/\/i0.wp.com\/www.bechmann.org\/amphibium\/wp-content\/uploads\/IMG_0449-2-1.jpg?w=1250&amp;ssl=1 1250w\" width=\"204\" height=\"135\" loading=\"lazy\" data-original-width=\"204\" data-original-height=\"135\" itemprop=\"http:\/\/schema.org\/image\" title=\"IMG_0449 (2)\" alt=\"IMG_0449 (2)\" style=\"width: 204px; height: 135px;\" \/> <\/a> <\/div> <\/div> <!-- close group --> <\/div> <!-- close row --> <div class=\"gallery-row\" style=\"width: 625px; height: 210px;\" data-original-width=\"625\" data-original-height=\"210\" > <div class=\"gallery-group images-1\" style=\"width: 313px; height: 210px;\" data-original-width=\"313\" data-original-height=\"210\" > <div class=\"tiled-gallery-item tiled-gallery-item-large\" itemprop=\"associatedMedia\" itemscope itemtype=\"http:\/\/schema.org\/ImageObject\"> <a href=\"https:\/\/www.bechmann.org\/amphibium\/mondlandschaften-aus-lava-und-eis\/img_0471-2\/\" border=\"0\" itemprop=\"url\"> <meta itemprop=\"width\" content=\"309\"> <meta itemprop=\"height\" content=\"206\"> <img decoding=\"async\" class=\"\" data-attachment-id=\"1591\" data-orig-file=\"https:\/\/www.bechmann.org\/amphibium\/wp-content\/uploads\/IMG_0471-2.jpg\" data-orig-size=\"1600,1066\" data-comments-opened=\"\" data-image-meta=\"{&quot;aperture&quot;:&quot;10&quot;,&quot;credit&quot;:&quot;Photographer: Oliver Bechmann&quot;,&quot;camera&quot;:&quot;Canon EOS 5D Mark II&quot;,&quot;caption&quot;:&quot;&quot;,&quot;created_timestamp&quot;:&quot;1470418126&quot;,&quot;copyright&quot;:&quot;Copyright: Oliver Bechmann&quot;,&quot;focal_length&quot;:&quot;85&quot;,&quot;iso&quot;:&quot;200&quot;,&quot;shutter_speed&quot;:&quot;0.004&quot;,&quot;title&quot;:&quot;&quot;,&quot;orientation&quot;:&quot;1&quot;}\" data-image-title=\"IMG_0471 (2)\" data-image-description=\"\" data-medium-file=\"https:\/\/i0.wp.com\/www.bechmann.org\/amphibium\/wp-content\/uploads\/IMG_0471-2.jpg?fit=300%2C200&#038;ssl=1\" data-large-file=\"https:\/\/i0.wp.com\/www.bechmann.org\/amphibium\/wp-content\/uploads\/IMG_0471-2.jpg?fit=625%2C416&#038;ssl=1\" src=\"https:\/\/i0.wp.com\/www.bechmann.org\/amphibium\/wp-content\/uploads\/IMG_0471-2.jpg?w=309&#038;h=206&#038;ssl=1\" srcset=\"https:\/\/i0.wp.com\/www.bechmann.org\/amphibium\/wp-content\/uploads\/IMG_0471-2.jpg?w=1600&amp;ssl=1 1600w, https:\/\/i0.wp.com\/www.bechmann.org\/amphibium\/wp-content\/uploads\/IMG_0471-2.jpg?resize=300%2C200&amp;ssl=1 300w, https:\/\/i0.wp.com\/www.bechmann.org\/amphibium\/wp-content\/uploads\/IMG_0471-2.jpg?resize=768%2C512&amp;ssl=1 768w, https:\/\/i0.wp.com\/www.bechmann.org\/amphibium\/wp-content\/uploads\/IMG_0471-2.jpg?resize=1024%2C682&amp;ssl=1 1024w, https:\/\/i0.wp.com\/www.bechmann.org\/amphibium\/wp-content\/uploads\/IMG_0471-2.jpg?resize=450%2C300&amp;ssl=1 450w, https:\/\/i0.wp.com\/www.bechmann.org\/amphibium\/wp-content\/uploads\/IMG_0471-2.jpg?w=1250&amp;ssl=1 1250w\" width=\"309\" height=\"206\" loading=\"lazy\" data-original-width=\"309\" data-original-height=\"206\" itemprop=\"http:\/\/schema.org\/image\" title=\"IMG_0471 (2)\" alt=\"IMG_0471 (2)\" style=\"width: 309px; height: 206px;\" \/> <\/a> <\/div> <\/div> <!-- close group --> <div class=\"gallery-group images-1\" style=\"width: 312px; height: 210px;\" data-original-width=\"312\" data-original-height=\"210\" > <div class=\"tiled-gallery-item tiled-gallery-item-large\" itemprop=\"associatedMedia\" itemscope itemtype=\"http:\/\/schema.org\/ImageObject\"> <a href=\"https:\/\/www.bechmann.org\/amphibium\/mondlandschaften-aus-lava-und-eis\/img_0499-2\/\" border=\"0\" itemprop=\"url\"> <meta itemprop=\"width\" content=\"308\"> <meta itemprop=\"height\" content=\"206\"> <img decoding=\"async\" class=\"\" data-attachment-id=\"1592\" data-orig-file=\"https:\/\/www.bechmann.org\/amphibium\/wp-content\/uploads\/IMG_0499-2.jpg\" data-orig-size=\"1600,1066\" data-comments-opened=\"\" data-image-meta=\"{&quot;aperture&quot;:&quot;10&quot;,&quot;credit&quot;:&quot;Photographer: Oliver Bechmann&quot;,&quot;camera&quot;:&quot;Canon EOS 5D Mark II&quot;,&quot;caption&quot;:&quot;&quot;,&quot;created_timestamp&quot;:&quot;1470421523&quot;,&quot;copyright&quot;:&quot;Copyright: Oliver Bechmann&quot;,&quot;focal_length&quot;:&quot;33&quot;,&quot;iso&quot;:&quot;200&quot;,&quot;shutter_speed&quot;:&quot;0.004&quot;,&quot;title&quot;:&quot;&quot;,&quot;orientation&quot;:&quot;1&quot;}\" data-image-title=\"IMG_0499 (2)\" data-image-description=\"\" data-medium-file=\"https:\/\/i0.wp.com\/www.bechmann.org\/amphibium\/wp-content\/uploads\/IMG_0499-2.jpg?fit=300%2C200&#038;ssl=1\" data-large-file=\"https:\/\/i0.wp.com\/www.bechmann.org\/amphibium\/wp-content\/uploads\/IMG_0499-2.jpg?fit=625%2C416&#038;ssl=1\" src=\"https:\/\/i0.wp.com\/www.bechmann.org\/amphibium\/wp-content\/uploads\/IMG_0499-2.jpg?w=308&#038;h=206&#038;ssl=1\" srcset=\"https:\/\/i0.wp.com\/www.bechmann.org\/amphibium\/wp-content\/uploads\/IMG_0499-2.jpg?w=1600&amp;ssl=1 1600w, https:\/\/i0.wp.com\/www.bechmann.org\/amphibium\/wp-content\/uploads\/IMG_0499-2.jpg?resize=300%2C200&amp;ssl=1 300w, https:\/\/i0.wp.com\/www.bechmann.org\/amphibium\/wp-content\/uploads\/IMG_0499-2.jpg?resize=768%2C512&amp;ssl=1 768w, https:\/\/i0.wp.com\/www.bechmann.org\/amphibium\/wp-content\/uploads\/IMG_0499-2.jpg?resize=1024%2C682&amp;ssl=1 1024w, https:\/\/i0.wp.com\/www.bechmann.org\/amphibium\/wp-content\/uploads\/IMG_0499-2.jpg?resize=450%2C300&amp;ssl=1 450w, https:\/\/i0.wp.com\/www.bechmann.org\/amphibium\/wp-content\/uploads\/IMG_0499-2.jpg?w=1250&amp;ssl=1 1250w\" width=\"308\" height=\"206\" loading=\"lazy\" data-original-width=\"308\" data-original-height=\"206\" itemprop=\"http:\/\/schema.org\/image\" title=\"IMG_0499 (2)\" alt=\"IMG_0499 (2)\" style=\"width: 308px; height: 206px;\" \/> <\/a> <\/div> <\/div> <!-- close group --> <\/div> <!-- close row --> <\/div>\n<p>Lava-Schlieren, Lava-Brocken, feingemahlener Lava-Sand, \u00fcberraschend garniert mit gr\u00fcn und lila Bewuchs, sowie Felsen und gelegentlichen Flussdurchfahrten. Die sind mal breiter, mal schmaler, mal niedriger, mal tiefer, mal ruhiger, mal rei\u00dfender. Alle aber kein Problem f\u00fcr unser Trio aus IFA, Iveco und Unimog.<\/p>\n<p>Unsere Reisegruppe zieht sich h\u00e4ufig weit auseinander, wir legen spontane Fotostopps ein, manchmal besteht kein Sichtkontakt mehr, aber eine Funkverbindung. Wir wissen: An der n\u00e4chsten Weggabelung werden Andr\u00e9 und Anne von <a href=\"http:\/\/www.eineweltreisen.org\" target=\"_blank\">Eine Welt Reisen<\/a> im F\u00fchrungsfahrzeug warten.<\/p>\n<p><a href=\"https:\/\/i0.wp.com\/www.bechmann.org\/amphibium\/wp-content\/uploads\/IMG_0477-2.jpg?ssl=1\"><img data-recalc-dims=\"1\" loading=\"lazy\" decoding=\"async\" style=\"background-image: none; padding-top: 0px; padding-left: 0px; display: inline; padding-right: 0px; border-width: 0px;\" title=\"IMG_0477 (2)\" src=\"https:\/\/i0.wp.com\/www.bechmann.org\/amphibium\/wp-content\/uploads\/IMG_0477-2_thumb.jpg?resize=625%2C418&#038;ssl=1\" alt=\"IMG_0477 (2)\" width=\"625\" height=\"418\" border=\"0\" \/><\/a><br \/>\n<span style=\"font-size: small;\">Unterwegs an der Tagesordung: Fluss-Durchfahrt.<\/span><\/p>\n<p>Unterwegs stoppen wir zwecks einer kleinen Wanderung zu einer Eish\u00f6hle, immer wieder \u00fcberrascht, dass ein Gletscher doch so \u201cschmutzig\u201d (Ascheregen der Vulkanausbr\u00fcche) wirkt. Nachdem wir uns die Eish\u00f6hle angesehen und unser F\u00fchrungsteam festgestellt hat, dass eine Wanderung auf die andere Fluss-Seite mittlerweile nicht mehr m\u00f6glich ist, trinken wir nach alter Geologen-Sitte einen Whisky mit uraltem Gletscher-Eis.<\/p>\n<p>In Island ist vieles \u201cunpredictable\u201d\u00a0 &#8211; das Wetter und die Erdformationen: Das eine wechselt t\u00e4glich, wenn nicht st\u00fcndlich, das andere innerhalb weniger Monate oder Jahre.<\/p>\n<p><a href=\"https:\/\/i0.wp.com\/www.bechmann.org\/amphibium\/wp-content\/uploads\/IMG_0563-2.jpg?ssl=1\"><img data-recalc-dims=\"1\" loading=\"lazy\" decoding=\"async\" style=\"background-image: none; padding-top: 0px; padding-left: 0px; display: inline; padding-right: 0px; border-width: 0px;\" title=\"IMG_0563 (2)\" src=\"https:\/\/i0.wp.com\/www.bechmann.org\/amphibium\/wp-content\/uploads\/IMG_0563-2_thumb.jpg?resize=625%2C418&#038;ssl=1\" alt=\"IMG_0563 (2)\" width=\"625\" height=\"418\" border=\"0\" \/><\/a><br \/>\n<span style=\"font-size: small;\">Zugang zu einer Eish\u00f6hle am Vatnaj\u00f6kull-Gletscher.<\/span><\/p>\n<p>Die Landschaft Islands ver\u00e4ndert sich schnell \u2013 was im Vorjahr noch zug\u00e4nglich war, kann \u00fcbersp\u00fclt, abgebrochen, zugesch\u00fcttet oder sonstwie verschwunden sein. Oder eine Br\u00fccke zerst\u00f6rt.<\/p>\n<p>Auch eine solche Eish\u00f6hle zu betreten, kann gef\u00e4hrlich sein \u2013 jederzeit kann ein tonnenschweres St\u00fcck abbrechen und die unter ihm Stehenden begraben. Eish\u00f6hlen, Felsr\u00e4nder, Cliffs, Erdabbr\u00fcche \u2013 da existiert keine dauerhafte Solidit\u00e4t.<\/p>\n<p><a href=\"https:\/\/i0.wp.com\/www.bechmann.org\/amphibium\/wp-content\/uploads\/IMG_0577-2.jpg?ssl=1\"><img data-recalc-dims=\"1\" loading=\"lazy\" decoding=\"async\" style=\"background-image: none; padding-top: 0px; padding-left: 0px; display: inline; padding-right: 0px; border-width: 0px;\" title=\"IMG_0577 (2)\" src=\"https:\/\/i0.wp.com\/www.bechmann.org\/amphibium\/wp-content\/uploads\/IMG_0577-2_thumb.jpg?resize=625%2C418&#038;ssl=1\" alt=\"IMG_0577 (2)\" width=\"625\" height=\"418\" border=\"0\" \/><\/a><br \/>\n<span style=\"font-size: small;\">Eish\u00f6hle am Vatnaj\u00f6kull-Gletscher.<\/span><\/p>\n<p>Wir fahren bis zu einer <em>Campsite<\/em> im Kverkfj\u00f6ll-Gebiet, nahe des Askja-Sees. Dort findet sich eine Art Rezeption, ein wachsamer Ranger des Naturparks, eine einfache Gemeinschafts-Unterkunft mit K\u00fcche und einige Stellpl\u00e4tze f\u00fcr kleine und gro\u00dfe Gel\u00e4ndewagen. Wir stehen neben einem Land Rover Defender 90, dessen Besatzung wir schon auf der F\u00e4hre gesehen haben \u2013 in diesen Gegenden sind eben die Leute desgleichen Schlags unterwegs, da begegnet man sich immer wieder an neuralgischen Punkten.<\/p>\n<p>Immer, wenn wir die Besatzungen der kleinen Fahrzeuge ihre Dach- oder Bodenzelte aufschlagen sehen, freuen wir uns \u00fcber unsere auch rustikale, aber beheizte Wohnkabine auf der Pritsche des Unimog. Sehr gem\u00fctlich, wenn der isl\u00e4ndische kalte Wind pfeift. Das war es, was uns an einem \u2013 im Falle des Unimogs kompakten \u2013 Offroad-Lkw gereizt hat: Stehenbleiben, Motor abstellen, ab in die Wohnkabine, Heizung an, und in den eigenen festen vier W\u00e4nden was kochen. Und den Ausblick aus dem Fenster genie\u00dfen\u2026<\/p>\n<p><a href=\"https:\/\/i0.wp.com\/www.bechmann.org\/amphibium\/wp-content\/uploads\/IMG_0522-2.jpg?ssl=1\"><img data-recalc-dims=\"1\" loading=\"lazy\" decoding=\"async\" style=\"background-image: none; padding-top: 0px; padding-left: 0px; display: inline; padding-right: 0px; border-width: 0px;\" title=\"IMG_0522 (2)\" src=\"https:\/\/i0.wp.com\/www.bechmann.org\/amphibium\/wp-content\/uploads\/IMG_0522-2_thumb.jpg?resize=625%2C418&#038;ssl=1\" alt=\"IMG_0522 (2)\" width=\"625\" height=\"418\" border=\"0\" \/><\/a><br \/>\n<span style=\"font-size: small;\">Ausblick an der Kverkfj\u00f6ll-Campsite.<br \/>\n<\/span><\/p>\n","protected":false},"excerpt":{"rendered":"<p>Tiefe Erdspalte am Staudamm. Viele Offroad-Lkws, so hat Andr\u00e9 von Eine Welt Reisen gesagt, werden zwar mit allem Ausstattungs- und Ausr\u00fcstungs-Schnickschnack ausgestattet \u2013 aber in Island fahren sie dann doch h\u00e4ufig nur auf der asphaltierten Ringstra\u00dfe (oder auf ihren Abzweigen) zusammen mit ganz normalen Wohnmobilen und den gro\u00dfen Reisebussen. Ins Hochland w\u00fcrden sie sich nicht [&hellip;]<\/p>\n","protected":false},"author":1,"featured_media":0,"comment_status":"open","ping_status":"open","sticky":false,"template":"","format":"standard","meta":{"jetpack_post_was_ever_published":false,"_jetpack_newsletter_access":"","_jetpack_dont_email_post_to_subs":true,"_jetpack_newsletter_tier_id":0,"_jetpack_memberships_contains_paywalled_content":false,"_jetpack_memberships_contains_paid_content":false,"footnotes":"","jetpack_publicize_message":"","jetpack_publicize_feature_enabled":true,"jetpack_social_post_already_shared":true,"jetpack_social_options":{"image_generator_settings":{"template":"highway","default_image_id":0,"font":"","enabled":false},"version":2}},"categories":[2],"tags":[179,170],"class_list":["post-1437","post","type-post","status-publish","format-standard","hentry","category-land","tag-kverkfjoell","tag-vatnajoekull"],"jetpack_publicize_connections":[],"jetpack_featured_media_url":"","jetpack_shortlink":"https:\/\/wp.me\/p4DyUk-nb","jetpack-related-posts":[{"id":7064,"url":"https:\/\/www.bechmann.org\/amphibium\/pueblos-abandonados-iv-geier-valley-land-leben\/","url_meta":{"origin":1437,"position":0},"title":"Geier-Valley &#038; Land-Leben","author":"Oliver","date":"2. Juni 2023","format":false,"excerpt":"Wir rumpeln 14 Kilometer Offroad-Piste, passieren etliche Kirchen-Ruinen und erreichen abends Artieda, das auf einem H\u00fcgel oberhalb des Yesa-Staudammes liegt und \u00fcber einen kleinen kommunalen Campingplatz verf\u00fcgt. Auch gibt es eine dazugeh\u00f6rige Pilger-Herberge (bzw. umgekehrt; der Jakobsweg f\u00fchrt hier entlang). An den W\u00e4nden sind viele murales - Wandgem\u00e4lde - zu\u2026","rel":"","context":"In &quot;Land&quot;","block_context":{"text":"Land","link":"https:\/\/www.bechmann.org\/amphibium\/category\/land\/"},"img":{"alt_text":"","src":"https:\/\/i0.wp.com\/www.bechmann.org\/amphibium\/wp-content\/uploads\/IMG_20230602_080139.jpg?resize=350%2C200&ssl=1","width":350,"height":200,"srcset":"https:\/\/i0.wp.com\/www.bechmann.org\/amphibium\/wp-content\/uploads\/IMG_20230602_080139.jpg?resize=350%2C200&ssl=1 1x, https:\/\/i0.wp.com\/www.bechmann.org\/amphibium\/wp-content\/uploads\/IMG_20230602_080139.jpg?resize=525%2C300&ssl=1 1.5x, https:\/\/i0.wp.com\/www.bechmann.org\/amphibium\/wp-content\/uploads\/IMG_20230602_080139.jpg?resize=700%2C400&ssl=1 2x, https:\/\/i0.wp.com\/www.bechmann.org\/amphibium\/wp-content\/uploads\/IMG_20230602_080139.jpg?resize=1050%2C600&ssl=1 3x, https:\/\/i0.wp.com\/www.bechmann.org\/amphibium\/wp-content\/uploads\/IMG_20230602_080139.jpg?resize=1400%2C800&ssl=1 4x"},"classes":[]},{"id":1973,"url":"https:\/\/www.bechmann.org\/amphibium\/weinprobe-frs-franzsische-fernsehen\/","url_meta":{"origin":1437,"position":1},"title":"Weinprobe f\u00fcrs franz\u00f6sische Fernsehen","author":"Oliver","date":"8. Januar 2017","format":false,"excerpt":"Ein Sonntag. Wie kein anderer. Wie kein anderer Tag zuvor in den vergangenen drei Wochen. Nach den vielen Strand-Tagen und \u2013N\u00e4chten trieb es uns gestern ins Hinterland, nach Silves, in dem mit dem maurischen Kastell aus dem 12.\/13. Jahrhundert ein portugiesisches Nationalmonument zu finden ist. Erbaut und genutzt von den\u2026","rel":"","context":"In &quot;Land&quot;","block_context":{"text":"Land","link":"https:\/\/www.bechmann.org\/amphibium\/category\/land\/"},"img":{"alt_text":"","src":"https:\/\/i0.wp.com\/www.bechmann.org\/amphibium\/wp-content\/uploads\/DSC00216.jpg?resize=350%2C200","width":350,"height":200,"srcset":"https:\/\/i0.wp.com\/www.bechmann.org\/amphibium\/wp-content\/uploads\/DSC00216.jpg?resize=350%2C200 1x, https:\/\/i0.wp.com\/www.bechmann.org\/amphibium\/wp-content\/uploads\/DSC00216.jpg?resize=525%2C300 1.5x"},"classes":[]},{"id":2295,"url":"https:\/\/www.bechmann.org\/amphibium\/schlamm-und-schluchten\/","url_meta":{"origin":1437,"position":2},"title":"Schlamm und Schluchten","author":"Oliver","date":"1. August 2017","format":false,"excerpt":"Der Mediano-Stausee war als eindrucksvoll im Reisef\u00fchrer beschrieben worden, aber er erwies sich bei hochsommerlichem Niedrigwasser mit seinem Schlamm-und Schmodder-Ufer eher als unbegehbar - der See selbst sehr sch\u00f6n, aber eben unzug\u00e4nglich; Schwimmen wie Kayaken fiel wie am Yesa-Staudamm erneut aus. Daf\u00fcr erkundeten wir ein weiteres verlassenes Dorf \u2013 das\u2026","rel":"","context":"In &quot;Land&quot;","block_context":{"text":"Land","link":"https:\/\/www.bechmann.org\/amphibium\/category\/land\/"},"img":{"alt_text":"RIMG0368 (2)","src":"https:\/\/i0.wp.com\/www.bechmann.org\/amphibium\/wp-content\/uploads\/RIMG0368-2_thumb.jpg?resize=350%2C200","width":350,"height":200,"srcset":"https:\/\/i0.wp.com\/www.bechmann.org\/amphibium\/wp-content\/uploads\/RIMG0368-2_thumb.jpg?resize=350%2C200 1x, https:\/\/i0.wp.com\/www.bechmann.org\/amphibium\/wp-content\/uploads\/RIMG0368-2_thumb.jpg?resize=525%2C300 1.5x, https:\/\/i0.wp.com\/www.bechmann.org\/amphibium\/wp-content\/uploads\/RIMG0368-2_thumb.jpg?resize=700%2C400 2x"},"classes":[]},{"id":1245,"url":"https:\/\/www.bechmann.org\/amphibium\/kmf-geschichte-2002-bis-2020-in-bildern\/","url_meta":{"origin":1437,"position":3},"title":"Staub und &#8222;Spirit of Masada&#8220;","author":"Oliver","date":"23. Februar 2022","format":false,"excerpt":"Krav Maga-Training in Masada Krav Maga, wie es urspr\u00fcnglich war: Man hat keine Fragen gestellt, sich auf den Felsboden geschmissen und einen Tritt zum Kopf abgewehrt. Das ist die Geschichte, wie sie das vorstehende Bild erz\u00e4hlt. Es ist zum Jahreswechsel 2002\/3 entstanden; Schauplatz: die historische j\u00fcdische Festung Masada, die von\u2026","rel":"","context":"In &quot;Krav Maga&quot;","block_context":{"text":"Krav Maga","link":"https:\/\/www.bechmann.org\/amphibium\/category\/krav-maga\/"},"img":{"alt_text":"","src":"https:\/\/i0.wp.com\/www.bechmann.org\/amphibium\/wp-content\/uploads\/274666054_4887611611308324_6943697825954496729_n.jpg?resize=350%2C200&ssl=1","width":350,"height":200,"srcset":"https:\/\/i0.wp.com\/www.bechmann.org\/amphibium\/wp-content\/uploads\/274666054_4887611611308324_6943697825954496729_n.jpg?resize=350%2C200&ssl=1 1x, https:\/\/i0.wp.com\/www.bechmann.org\/amphibium\/wp-content\/uploads\/274666054_4887611611308324_6943697825954496729_n.jpg?resize=525%2C300&ssl=1 1.5x, https:\/\/i0.wp.com\/www.bechmann.org\/amphibium\/wp-content\/uploads\/274666054_4887611611308324_6943697825954496729_n.jpg?resize=700%2C400&ssl=1 2x, https:\/\/i0.wp.com\/www.bechmann.org\/amphibium\/wp-content\/uploads\/274666054_4887611611308324_6943697825954496729_n.jpg?resize=1050%2C600&ssl=1 3x, https:\/\/i0.wp.com\/www.bechmann.org\/amphibium\/wp-content\/uploads\/274666054_4887611611308324_6943697825954496729_n.jpg?resize=1400%2C800&ssl=1 4x"},"classes":[]},{"id":4001,"url":"https:\/\/www.bechmann.org\/amphibium\/bushmen-ein-primitives-volk\/","url_meta":{"origin":1437,"position":4},"title":"Bushmen: Ein primitives Volk?","author":"Oliver","date":"13. Januar 2019","format":false,"excerpt":"Ausblick der Campsite No. 4 \"Chimelo\" in Okonjima Die San haben eine gewisse Bekanntheit als \u201eKalahari Bushmen\u201c erlangt, in Namibia z\u00e4hlen sie zu den urspr\u00fcnglichen V\u00f6lkern. Bekannt geworden sind sie durch ihre urspr\u00fcngliche Lebensweise nahe und im Einklang mit der Natur \u2013 und ihre Ausdauer-Hetzjagden auf Beute-Tiere: Sie rennen \u00fcber\u2026","rel":"","context":"In &quot;Land&quot;","block_context":{"text":"Land","link":"https:\/\/www.bechmann.org\/amphibium\/category\/land\/"},"img":{"alt_text":"Campsite No. 5 \"Chimelo\"","src":"https:\/\/i0.wp.com\/www.bechmann.org\/amphibium\/wp-content\/uploads\/okonjima_chimelo.jpg?resize=350%2C200&ssl=1","width":350,"height":200,"srcset":"https:\/\/i0.wp.com\/www.bechmann.org\/amphibium\/wp-content\/uploads\/okonjima_chimelo.jpg?resize=350%2C200&ssl=1 1x, https:\/\/i0.wp.com\/www.bechmann.org\/amphibium\/wp-content\/uploads\/okonjima_chimelo.jpg?resize=525%2C300&ssl=1 1.5x, https:\/\/i0.wp.com\/www.bechmann.org\/amphibium\/wp-content\/uploads\/okonjima_chimelo.jpg?resize=700%2C400&ssl=1 2x, https:\/\/i0.wp.com\/www.bechmann.org\/amphibium\/wp-content\/uploads\/okonjima_chimelo.jpg?resize=1050%2C600&ssl=1 3x, https:\/\/i0.wp.com\/www.bechmann.org\/amphibium\/wp-content\/uploads\/okonjima_chimelo.jpg?resize=1400%2C800&ssl=1 4x"},"classes":[]},{"id":1122,"url":"https:\/\/www.bechmann.org\/amphibium\/skilaufen-am-feldberg\/","url_meta":{"origin":1437,"position":5},"title":"Skilaufen am Feldberg","author":"Oliver","date":"29. M\u00e4rz 2016","format":false,"excerpt":"Nach den Schneeschuhen am Vortag haben wir unsere Wintersport-Exkursionen fortgesetzt und haben uns l\u00e4ngliche Bretter unter die F\u00fc\u00dfe geschnallt. Besonders bei den Alpinski waren die Erwartungen wie Bef\u00fcrchtungen gro\u00df: Beate hatte das letzte mal vor zwanzig Jahren auf Skiern gestanden, ich gar vor drei\u00dfig Jahren \u2013 allerdings damals mit sehr\u2026","rel":"","context":"In &quot;Land&quot;","block_context":{"text":"Land","link":"https:\/\/www.bechmann.org\/amphibium\/category\/land\/"},"img":{"alt_text":"12108768_1026772227397920_1724166695910860519_n (480x640)","src":"https:\/\/i0.wp.com\/www.bechmann.org\/amphibium\/wp-content\/uploads\/12108768_1026772227397920_1724166695910860519_n-480x640_thumb.jpg?resize=350%2C200","width":350,"height":200},"classes":[]}],"jetpack_sharing_enabled":true,"_links":{"self":[{"href":"https:\/\/www.bechmann.org\/amphibium\/wp-json\/wp\/v2\/posts\/1437","targetHints":{"allow":["GET"]}}],"collection":[{"href":"https:\/\/www.bechmann.org\/amphibium\/wp-json\/wp\/v2\/posts"}],"about":[{"href":"https:\/\/www.bechmann.org\/amphibium\/wp-json\/wp\/v2\/types\/post"}],"author":[{"embeddable":true,"href":"https:\/\/www.bechmann.org\/amphibium\/wp-json\/wp\/v2\/users\/1"}],"replies":[{"embeddable":true,"href":"https:\/\/www.bechmann.org\/amphibium\/wp-json\/wp\/v2\/comments?post=1437"}],"version-history":[{"count":6,"href":"https:\/\/www.bechmann.org\/amphibium\/wp-json\/wp\/v2\/posts\/1437\/revisions"}],"predecessor-version":[{"id":1687,"href":"https:\/\/www.bechmann.org\/amphibium\/wp-json\/wp\/v2\/posts\/1437\/revisions\/1687"}],"wp:attachment":[{"href":"https:\/\/www.bechmann.org\/amphibium\/wp-json\/wp\/v2\/media?parent=1437"}],"wp:term":[{"taxonomy":"category","embeddable":true,"href":"https:\/\/www.bechmann.org\/amphibium\/wp-json\/wp\/v2\/categories?post=1437"},{"taxonomy":"post_tag","embeddable":true,"href":"https:\/\/www.bechmann.org\/amphibium\/wp-json\/wp\/v2\/tags?post=1437"}],"curies":[{"name":"wp","href":"https:\/\/api.w.org\/{rel}","templated":true}]}}