{"id":1406,"date":"2016-08-16T23:11:00","date_gmt":"2016-08-16T21:11:00","guid":{"rendered":"http:\/\/www.bechmann.org\/amphibium\/?p=1406"},"modified":"2016-10-10T12:27:16","modified_gmt":"2016-10-10T10:27:16","slug":"happy-birthday-ich-habe-den-unimog-versenkt","status":"publish","type":"post","link":"https:\/\/www.bechmann.org\/amphibium\/happy-birthday-ich-habe-den-unimog-versenkt\/","title":{"rendered":"Happy Birthday! Ich habe den Unimog versenkt!"},"content":{"rendered":"<p><a href=\"https:\/\/i0.wp.com\/www.bechmann.org\/amphibium\/wp-content\/uploads\/RIMG0874-2.jpg?ssl=1\"><img data-recalc-dims=\"1\" loading=\"lazy\" decoding=\"async\" style=\"background-image: none; padding-top: 0px; padding-left: 0px; display: inline; padding-right: 0px; border: 0px;\" title=\"RIMG0874 (2)\" src=\"https:\/\/i0.wp.com\/www.bechmann.org\/amphibium\/wp-content\/uploads\/RIMG0874-2_thumb.jpg?resize=625%2C353&#038;ssl=1\" alt=\"RIMG0874 (2)\" width=\"625\" height=\"353\" border=\"0\" \/><\/a><br \/>\n<span style=\"font-size: small;\">Kein Unimog-Auspuff \u2013 rauchender Schlot in Hveravellir.<\/span><\/p>\n<p>Regen, Nebel, starker Wind: Ab 75 km\/h bzw. 9 Beaufort gilt dem Deutschen Wetterdienst eine Windbewegung als st\u00fcrmisch\u2026vermutlich waren wir gestern Morgen davon noch weit entfernt, auch wenn es sich nach Sturm angef\u00fchlt hat. Die ganze Nacht hat der Unimog geschwankt, der Wind um die Ecken des Autos geheult, der Regen aufs Dach getrommelt.<\/p>\n<p>Off-Day in Kerlangarfj\u00f6ll somit: Wir verbringen einen kalten Tag warm im Bett und vor B\u00fcchern und Laptop. Der leckende Wellendichtring ist ernst zu nehmen \u2013 da sollte was passieren. Nach einer Internet-Recherche durch Unimog-Foren und \u2013Schrauberseiten \u2013 Gl\u00fcck, dass wir tats\u00e4chlich mal eine akzeptable Internet-Verbindung haben; ist selten der Fall in diesen Tagen &#8211; nehmen wir Kontakt mit unserer <a href=\"http:\/\/martin-langenselbold.de\/\" target=\"_blank\">Unimog-Werkstatt im heimischen Langenselbold<\/a> auf; Firmenchef Klaus Martin hilft sofort und unb\u00fcrokratisch und schickt uns Infos und Explosionszeichnungen des Antriebsstranges per MMS aufs Smartphone.<\/p>\n<h3>We love Icelanders<\/h3>\n<p>Jon Harkur Olafsson wird sich als ein ferner Freund erweisen. Der Mann arbeitet im Kundendienst beim <a href=\"http:\/\/www.askja.is\" target=\"_blank\">Mercedes-H\u00e4ndler Askja<\/a> in Reykjavik und ordert f\u00fcr uns Wellendichtring und Gaspedalfedern. Und obendrein schickt er diese Teile uneigenn\u00fctzig an eine Lkw-Werkstatt in Akureyri im Norden Islands, die er extra f\u00fcr und recherchiert hat \u2013 denn in diese Richtung sind wir unterwegs; nach Reykjavik zur\u00fcck zu fahren w\u00fcrde das Ende der (gemeinsamen) Reise bedeuten. Einmal mehr erweisen sich die Nachfahren der Wikinger als gro\u00dfartige Menschen.<\/p>\n<p><!--more--><\/p>\n<p>Beates Geburtstag heute verbringen wir nach Abfahrt von Kerlangarfj\u00f6ll im hei\u00dfen Bad von Hveravellir \u2013 wo man auch rauchende Schlote und blubbernde Hei\u00df-Quellen besichtigen und bestaunen kann. Wir sto\u00dfen im warmen bis hei\u00dfen Wasser an und ziehen uns dann in Regen, frischem Wind und K\u00e4lte um. Dann essen und trinken wir Linsensuppe bzw. Kakao\/Kaffee in der nahegelegenen H\u00fctte.<\/p>\n<p><a href=\"https:\/\/i0.wp.com\/www.bechmann.org\/amphibium\/wp-content\/uploads\/RIMG0867-2.jpg?ssl=1\"><img data-recalc-dims=\"1\" loading=\"lazy\" decoding=\"async\" style=\"background-image: none; padding-top: 0px; padding-left: 0px; display: inline; padding-right: 0px; border: 0px;\" title=\"RIMG0867 (2)\" src=\"https:\/\/i0.wp.com\/www.bechmann.org\/amphibium\/wp-content\/uploads\/RIMG0867-2_thumb.jpg?resize=625%2C353&#038;ssl=1\" alt=\"RIMG0867 (2)\" width=\"625\" height=\"353\" border=\"0\" \/><\/a><br \/>\n<span style=\"font-size: small;\">Hei\u00dfe Quelle in Hveravellir.<\/span><\/p>\n<p>Auf der Weiterfahrt sehen wir den gr\u00f6\u00dften und sch\u00f6nsten Regenbogen unseres Lebens \u00fcber eine Pr\u00e4rie-artigen Landschaft. Auf enger und schwieriger Piste passiert\u2019s dann prompt: Bei einer Passage mit tiefem Schlamm bleibt der Iveco mit seinem vom deutschen T\u00dcPV vorgeschriebenen r\u00fcckw\u00e4rtigen Unterfahrschutz h\u00e4ngen. Wir packen die Bergungsgurte aus \u2013 aber ihn r\u00fcckw\u00e4rts rausziehen mit dem Unimog klappt nicht\u2026 der Unterfahrschutz klemmt fest. Und dann: Beim Versuch, den Unimog vor der Iveco zu setzen, muss ich den Iveco links passieren \u2013 und versenke ich den Unimog schr\u00e4g stehend in noch tieferem Schlamm.<\/p>\n<p>Beates 55. Geburtstag artet folglich in eine Schlamm-Schlacht aus, in der drei Gel\u00e4nde-Lkws, diverse aneinander geknotete Bergungsgurte und eine zerst\u00f6rte Winde am IFA eine Rolle spielen werden. Erfahrenerweise hatte Andr\u00e9 seinen IFA aus der Schlamm-Passage schon herausgefahren \u2013 und kann so, auf festem Untergrund platziert, Hilfestellung mit der Heckwinde seines Elftonners leisten.<\/p>\n<h3>Bergungsgurte versaut, Winde zerst\u00f6rt<\/h3>\n<p>Darauf muss der IFA zuerst den Unimog heraus-winden, dann folgt ein vergeblicher Versuch, den Iveco per Bergungsgurte mit dem Unimog von vorne rauszuziehen. Erst die Kombination IFA-Winde-zieht-Unimog-der-zieht-Iveco (also so eine Art Dreierkette) klappt \u2026 danach aber sind die Bergungsgurte eng verschlungen und verknotet, und die Winde des IFA kaputt. Wir hatten vergessen in der Aufregung, dass sie weiter lief und die Verbindungssch\u00e4kel einsaugte\u2026 und an deren Metalltr\u00fcmmern hat sie sich dann verschluckt.<\/p>\n<p>Wir fahren weiter zu unserem einsamen Standplatz f\u00fcr diese Nacht, neben einem Bach, umgeben von Bergen. Die abendlichen Stunden vergehen damit, ineinander verknotete Bergungsgurte, an denen ein paar Tonnen Lkw gehangen haben, voneinander und vom eingearbeiteten Schlamm zu trennen.<\/p>\n<p>P.S.: Wir werden sp\u00e4ter erfahren, dass ein Niederl\u00e4nder seinen Unimog nur wenige Tage nach uns an dieser Stelle versenkt hat, aber gr\u00fcndlich. Alleine auf weiter Flur, blieb dem Mann nichts anderes \u00fcbrig, als den isl\u00e4ndischen Rettungsdienst anzurufen, der sein Fahrzeug dann rauszog. Die Aktion soll \u00fcbrigens keine Krone gekostet haben.<\/p>\n","protected":false},"excerpt":{"rendered":"<p>Kein Unimog-Auspuff \u2013 rauchender Schlot in Hveravellir. Regen, Nebel, starker Wind: Ab 75 km\/h bzw. 9 Beaufort gilt dem Deutschen Wetterdienst eine Windbewegung als st\u00fcrmisch\u2026vermutlich waren wir gestern Morgen davon noch weit entfernt, auch wenn es sich nach Sturm angef\u00fchlt hat. Die ganze Nacht hat der Unimog geschwankt, der Wind um die Ecken des Autos [&hellip;]<\/p>\n","protected":false},"author":1,"featured_media":0,"comment_status":"open","ping_status":"open","sticky":false,"template":"","format":"standard","meta":{"jetpack_post_was_ever_published":false,"_jetpack_newsletter_access":"","_jetpack_dont_email_post_to_subs":true,"_jetpack_newsletter_tier_id":0,"_jetpack_memberships_contains_paywalled_content":false,"_jetpack_memberships_contains_paid_content":false,"footnotes":"","jetpack_publicize_message":"","jetpack_publicize_feature_enabled":true,"jetpack_social_post_already_shared":true,"jetpack_social_options":{"image_generator_settings":{"template":"highway","default_image_id":0,"font":"","enabled":false},"version":2}},"categories":[2],"tags":[176,175,177,178],"class_list":["post-1406","post","type-post","status-publish","format-standard","hentry","category-land","tag-geburtstag","tag-kerlangarfjoell","tag-schlamm","tag-winde"],"jetpack_publicize_connections":[],"jetpack_featured_media_url":"","jetpack_shortlink":"https:\/\/wp.me\/p4DyUk-mG","jetpack-related-posts":[{"id":4486,"url":"https:\/\/www.bechmann.org\/amphibium\/unimog-das-ende-einer-freundschaft\/","url_meta":{"origin":1406,"position":0},"title":"Unimog: das Ende einer Freundschaft?","author":"Oliver","date":"25. August 2019","format":false,"excerpt":"Gr\u00fcner Unimog bei Fluss-Durchfahrt in Marokko... \u201cMal sehen, ob er dieses Mal mehr als 50 Kilometer weit kommt\u201d, habe ich zum Werkstattmeister frotzelnd gesagt. H\u00e4tte ich wohl nicht tun sollen: Das Schicksal erweist sich ob solcher Unbotm\u00e4\u00dfigkeit als ungn\u00e4dig und f\u00fchrt ein heftiges Krachen herbei. Ein Krachen, von dem sp\u00e4ter\u2026","rel":"","context":"In &quot;Achtsamkeit&quot;","block_context":{"text":"Achtsamkeit","link":"https:\/\/www.bechmann.org\/amphibium\/category\/achtsamkeit\/"},"img":{"alt_text":"Zeltplatz mit H\u00e4ngematte","src":"https:\/\/i0.wp.com\/www.bechmann.org\/amphibium\/wp-content\/uploads\/IMG_20190817_140614-scaled.jpg?resize=350%2C200","width":350,"height":200,"srcset":"https:\/\/i0.wp.com\/www.bechmann.org\/amphibium\/wp-content\/uploads\/IMG_20190817_140614-scaled.jpg?resize=350%2C200 1x, https:\/\/i0.wp.com\/www.bechmann.org\/amphibium\/wp-content\/uploads\/IMG_20190817_140614-scaled.jpg?resize=525%2C300 1.5x, https:\/\/i0.wp.com\/www.bechmann.org\/amphibium\/wp-content\/uploads\/IMG_20190817_140614-scaled.jpg?resize=700%2C400 2x, https:\/\/i0.wp.com\/www.bechmann.org\/amphibium\/wp-content\/uploads\/IMG_20190817_140614-scaled.jpg?resize=1050%2C600 3x, https:\/\/i0.wp.com\/www.bechmann.org\/amphibium\/wp-content\/uploads\/IMG_20190817_140614-scaled.jpg?resize=1400%2C800 4x"},"classes":[]},{"id":1129,"url":"https:\/\/www.bechmann.org\/amphibium\/keilriemen-und-kurbelwelle\/","url_meta":{"origin":1406,"position":1},"title":"Keilriemen und Kurbelwelle","author":"Oliver","date":"31. M\u00e4rz 2016","format":false,"excerpt":"Wir steigen ein, der Motor springt an, ich schaue auf die Anzeige mit dem Betriebsdruck f\u00fcr die Bremsanlage. Wir fahren mit dem Unimog einen (kleinen) Lkw, da wird \u00fcber Luftdruck gebremst\u2026 d.h., eigentlich sorgt der Luftdruck daf\u00fcr, dass die Federspeicher sich von den Bremsen l\u00f6sen und damit ein Fahren \u00fcberhaupt\u2026","rel":"","context":"In &quot;Land&quot;","block_context":{"text":"Land","link":"https:\/\/www.bechmann.org\/amphibium\/category\/land\/"},"img":{"alt_text":"IMG_481127844 (591x640)","src":"https:\/\/i0.wp.com\/www.bechmann.org\/amphibium\/wp-content\/uploads\/IMG_481127844-591x640_thumb.jpg?resize=350%2C200","width":350,"height":200},"classes":[]},{"id":3524,"url":"https:\/\/www.bechmann.org\/amphibium\/flchtlinge-nach-marokko-bringen\/","url_meta":{"origin":1406,"position":2},"title":"Fl&uuml;chtlinge nach Marokko bringen","author":"Oliver","date":"27. Oktober 2018","format":false,"excerpt":"Man kann in eine Gasse in Genua fahren, an deren Eingang ein Schild darauf verweist, dass der Weg nur zwei Meter breit ist. Man muss es aber nicht. Wenn man es mit einem 2,30 Meter breiten Unimog dennoch tut, weil das Lkw-(!)-Navigationssystem dahinter einen Parkplatz w\u00e4hnt, sollte man sich nicht\u2026","rel":"","context":"In &quot;Land&quot;","block_context":{"text":"Land","link":"https:\/\/www.bechmann.org\/amphibium\/category\/land\/"},"img":{"alt_text":"faehre-2","src":"https:\/\/i0.wp.com\/www.bechmann.org\/amphibium\/wp-content\/uploads\/faehre-2_thumb.jpg?resize=350%2C200&ssl=1","width":350,"height":200,"srcset":"https:\/\/i0.wp.com\/www.bechmann.org\/amphibium\/wp-content\/uploads\/faehre-2_thumb.jpg?resize=350%2C200&ssl=1 1x, https:\/\/i0.wp.com\/www.bechmann.org\/amphibium\/wp-content\/uploads\/faehre-2_thumb.jpg?resize=525%2C300&ssl=1 1.5x, https:\/\/i0.wp.com\/www.bechmann.org\/amphibium\/wp-content\/uploads\/faehre-2_thumb.jpg?resize=700%2C400&ssl=1 2x"},"classes":[]},{"id":3581,"url":"https:\/\/www.bechmann.org\/amphibium\/ladies-in-legzira\/","url_meta":{"origin":1406,"position":3},"title":"Ladies in Legzira","author":"Oliver","date":"3. November 2018","format":false,"excerpt":"Sidi Ifni, das Tor zur Sahara, gilt als entspannter Ort; kurz zuvor gibt es einen Strand bei Legzira. Zwei gro\u00dfe Torb\u00f6gen, die die Natur im Laufe der Zeit geschaffen hat, ragen ins Meer. Sie sind am Strand fu\u00dfl\u00e4ufig zu erreichen. An diesem gibt es auch eine Reihe einfacher Bars und\u2026","rel":"","context":"In &quot;Land&quot;","block_context":{"text":"Land","link":"https:\/\/www.bechmann.org\/amphibium\/category\/land\/"},"img":{"alt_text":"IMG_8501 (2)","src":"https:\/\/i0.wp.com\/www.bechmann.org\/amphibium\/wp-content\/uploads\/IMG_8501-2_thumb.jpg?resize=350%2C200&ssl=1","width":350,"height":200,"srcset":"https:\/\/i0.wp.com\/www.bechmann.org\/amphibium\/wp-content\/uploads\/IMG_8501-2_thumb.jpg?resize=350%2C200&ssl=1 1x, https:\/\/i0.wp.com\/www.bechmann.org\/amphibium\/wp-content\/uploads\/IMG_8501-2_thumb.jpg?resize=525%2C300&ssl=1 1.5x, https:\/\/i0.wp.com\/www.bechmann.org\/amphibium\/wp-content\/uploads\/IMG_8501-2_thumb.jpg?resize=700%2C400&ssl=1 2x"},"classes":[]},{"id":531,"url":"https:\/\/www.bechmann.org\/amphibium\/stuermische-strandspaziergaenge-am-mittelmeer\/","url_meta":{"origin":1406,"position":4},"title":"St\u00fcrmische Strandspazierg\u00e4nge am Mittelmeer","author":"Oliver","date":"5. November 2014","format":false,"excerpt":"Zeit zum Aufwiedersehensagen: Rolf bleibt mitsamt seinem Magirus in Marokko und tourt weitere drei Wochen mit seiner Frau, die per Flugzeug anreist. Hubertus und B\u00e4rbel fahren im Iveco nach Tanger, um nach Spanien \u00fcberzusetzen und dort weiter zu \"cruisen\". Andr\u00e9 und Holger im IFA sowie\u00a0Beate und ich im Unimog steuern\u2026","rel":"","context":"In &quot;Land&quot;","block_context":{"text":"Land","link":"https:\/\/www.bechmann.org\/amphibium\/category\/land\/"},"img":{"alt_text":"Beate bei der Abfahrt","src":"https:\/\/i0.wp.com\/www.bechmann.org\/amphibium\/wp-content\/uploads\/IMG_3442.jpg?resize=350%2C200","width":350,"height":200,"srcset":"https:\/\/i0.wp.com\/www.bechmann.org\/amphibium\/wp-content\/uploads\/IMG_3442.jpg?resize=350%2C200 1x, https:\/\/i0.wp.com\/www.bechmann.org\/amphibium\/wp-content\/uploads\/IMG_3442.jpg?resize=525%2C300 1.5x, https:\/\/i0.wp.com\/www.bechmann.org\/amphibium\/wp-content\/uploads\/IMG_3442.jpg?resize=700%2C400 2x, https:\/\/i0.wp.com\/www.bechmann.org\/amphibium\/wp-content\/uploads\/IMG_3442.jpg?resize=1050%2C600 3x, https:\/\/i0.wp.com\/www.bechmann.org\/amphibium\/wp-content\/uploads\/IMG_3442.jpg?resize=1400%2C800 4x"},"classes":[]},{"id":1116,"url":"https:\/\/www.bechmann.org\/amphibium\/schneeschuhe-und-starterbatterien\/","url_meta":{"origin":1406,"position":5},"title":"Schneeschuhe und Starterbatterien","author":"Oliver","date":"27. M\u00e4rz 2016","format":false,"excerpt":"Zum ersten Mal im Leben auf Schneeschuhen unterwegs \u2013 und uns gleich auf dem v\u00f6llig vernebelten Feldberg verlaufen. Bei klarer Sicht m\u00f6gen die Hinweiszeichen f\u00fcr den Seebuck-Trail ja gut zu sehen sein, aber nicht nur wir hatten Schwierigkeiten mit der Orientierung an diesem Tag. Auch ein anderes P\u00e4rchen irrte zwischen\u2026","rel":"","context":"In &quot;Land&quot;","block_context":{"text":"Land","link":"https:\/\/www.bechmann.org\/amphibium\/category\/land\/"},"img":{"alt_text":"RIMG0173 (1024x576)","src":"https:\/\/i0.wp.com\/www.bechmann.org\/amphibium\/wp-content\/uploads\/RIMG0173-1024x576_thumb.jpg?resize=350%2C200","width":350,"height":200,"srcset":"https:\/\/i0.wp.com\/www.bechmann.org\/amphibium\/wp-content\/uploads\/RIMG0173-1024x576_thumb.jpg?resize=350%2C200 1x, https:\/\/i0.wp.com\/www.bechmann.org\/amphibium\/wp-content\/uploads\/RIMG0173-1024x576_thumb.jpg?resize=525%2C300 1.5x"},"classes":[]}],"jetpack_sharing_enabled":true,"_links":{"self":[{"href":"https:\/\/www.bechmann.org\/amphibium\/wp-json\/wp\/v2\/posts\/1406","targetHints":{"allow":["GET"]}}],"collection":[{"href":"https:\/\/www.bechmann.org\/amphibium\/wp-json\/wp\/v2\/posts"}],"about":[{"href":"https:\/\/www.bechmann.org\/amphibium\/wp-json\/wp\/v2\/types\/post"}],"author":[{"embeddable":true,"href":"https:\/\/www.bechmann.org\/amphibium\/wp-json\/wp\/v2\/users\/1"}],"replies":[{"embeddable":true,"href":"https:\/\/www.bechmann.org\/amphibium\/wp-json\/wp\/v2\/comments?post=1406"}],"version-history":[{"count":4,"href":"https:\/\/www.bechmann.org\/amphibium\/wp-json\/wp\/v2\/posts\/1406\/revisions"}],"predecessor-version":[{"id":1828,"href":"https:\/\/www.bechmann.org\/amphibium\/wp-json\/wp\/v2\/posts\/1406\/revisions\/1828"}],"wp:attachment":[{"href":"https:\/\/www.bechmann.org\/amphibium\/wp-json\/wp\/v2\/media?parent=1406"}],"wp:term":[{"taxonomy":"category","embeddable":true,"href":"https:\/\/www.bechmann.org\/amphibium\/wp-json\/wp\/v2\/categories?post=1406"},{"taxonomy":"post_tag","embeddable":true,"href":"https:\/\/www.bechmann.org\/amphibium\/wp-json\/wp\/v2\/tags?post=1406"}],"curies":[{"name":"wp","href":"https:\/\/api.w.org\/{rel}","templated":true}]}}