{"id":1369,"date":"2016-07-21T23:02:00","date_gmt":"2016-07-21T21:02:00","guid":{"rendered":"http:\/\/www.bechmann.org\/amphibium\/?p=1369"},"modified":"2016-07-22T18:02:42","modified_gmt":"2016-07-22T16:02:42","slug":"sonnenanbeter-und-spiebrger","status":"publish","type":"post","link":"https:\/\/www.bechmann.org\/amphibium\/sonnenanbeter-und-spiebrger\/","title":{"rendered":"Sonnenanbeter und Spie&szlig;b&uuml;rger"},"content":{"rendered":"<p><a href=\"https:\/\/i0.wp.com\/www.bechmann.org\/amphibium\/wp-content\/uploads\/RIMG0513.jpg?ssl=1\"><img data-recalc-dims=\"1\" loading=\"lazy\" decoding=\"async\" title=\"RIMG0513\" style=\"border-left-width: 0px; border-right-width: 0px; background-image: none; border-bottom-width: 0px; padding-top: 0px; padding-left: 0px; display: inline; padding-right: 0px; border-top-width: 0px\" border=\"0\" alt=\"RIMG0513\" src=\"https:\/\/i0.wp.com\/www.bechmann.org\/amphibium\/wp-content\/uploads\/RIMG0513_thumb.jpg?resize=625%2C353&#038;ssl=1\" width=\"625\" height=\"353\"><\/a><\/p>\n<p>Man sieht sich irgendwann bestimm irgendwo einmal, hat Gandolf bei seiner Abfahrt&nbsp; gesagt, und daf\u00fcr, dass es eine kurze Begegnung war, war es eine sehr r\u00fchrende Verabschiedung am Dienstag. <\/p>\n<p>Mittwoch morgen fr\u00fchst\u00fcckte eine Nilg\u00e4nse-Familie Schr\u00e4g gegen\u00fcber, und der See blieb tats\u00e4chlich bis in den sp\u00e4ten&nbsp; Vormittag still und von weiteren Besuchern verschont. Ein paar Besucher waren nett, besonders eine h\u00fcbsche, junge Dame, die sich als Australien- und Neuseeland-Reisende entpuppte und die sich f\u00fcr das Innenleben des Unimog interessierte ebenso wie eine muntere Jonglier-Truppe aus zwei agilen \u00e4lteren Damen und drei jungen Leute, die mit Diabolos, Hula-Reifen und Frisbees in der Sonne spielten. <\/p>\n<h3>Besuch bei Schlittenhunden <\/h3>\n<p>Sp\u00e4ter ein paar Rocker, die ihre Harleys im Schatten des Unimog parken wollten &#8211; und ganz freundlich abzogen, als ich erkl\u00e4rte, gleich ausparken zu m\u00fcssen&#8230; Am See kommt offensichtlich eine sehr bunte, gut gelaunte und lockere Gemeinde aus ganz verschiedenen Typen zusammen. <\/p>\n<p>Ich bin noch eine Runde schwimmen gegangen, bevor ich begann, zusammen zu packen. Dann habe ich mich auf den Weg nach Neuhof-Hauswurz gemacht, wo Peter Tesch mit Frau Petra und 38 Schlittenhunden zusammen lebt. Die wollte ich unbedingt mal wieder sehen und streicheln &#8211; und wer mal eine tolle Tour mit diesen lauffreudigen Viechern machen will, ob in der Rh\u00f6n oder in&nbsp; Schweden, der soll sich mal <a href=\"http:\/\/www.husky-tours.net\">www.husky-tours.net<\/a> ansehen! Der Peter ist ein absoluter Profi auf seinem Gebiet. <\/p>\n<h3>Gr\u00fcnimog in Spie\u00dfb\u00fcrgers Schrebergarten<\/h3>\n<p>Donnerstag bin ich mit Beate dann nach K\u00f6ln gefahren &#8211; sie absolviert dort eine Fortbildung in schamanistischen Techniken (obwohl sie ja eigentlich der <a href=\"http:\/\/www.akupunktur-tuina.de\" target=\"_blank\">chinesischen Medizin<\/a> verhaftet ist; aber schadet ja nichts, mal \u00fcber den Tellerrand hinauszusehen) und so haben wir den Abend mit einer sch\u00f6nen Feuerzeremonie am Rhein-Ufer verbracht: Gesungen, gerasselt und einen Ritus vollzogen. <\/p>\n<p>Krasser Gegensatz zu all dem ist der Campingplatz, auf dem wir notgedrungen Quartier bezogen haben, weil der Unimog mal wieder ordentlich Strom laden muss. Spie\u00dfb\u00fcrgers Schrebergarten &#8211; nein, der Gr\u00fcnimog steht als absoluter Exot inmitten all dieser sauberen, eingehen Biederkeit da rum. Wird mir ein R\u00e4tsel bleiben, warum es die Leute in die Natur zieht, aber nur unter Wahrung des heimischen Wohn-Standards und des Satelliten-TV.&nbsp; <\/p>\n","protected":false},"excerpt":{"rendered":"<p>Man sieht sich irgendwann bestimm irgendwo einmal, hat Gandolf bei seiner Abfahrt&nbsp; gesagt, und daf\u00fcr, dass es eine kurze Begegnung war, war es eine sehr r\u00fchrende Verabschiedung am Dienstag. Mittwoch morgen fr\u00fchst\u00fcckte eine Nilg\u00e4nse-Familie Schr\u00e4g gegen\u00fcber, und der See blieb tats\u00e4chlich bis in den sp\u00e4ten&nbsp; Vormittag still und von weiteren Besuchern verschont. Ein paar Besucher [&hellip;]<\/p>\n","protected":false},"author":1,"featured_media":0,"comment_status":"open","ping_status":"open","sticky":false,"template":"","format":"standard","meta":{"jetpack_post_was_ever_published":false,"_jetpack_newsletter_access":"","_jetpack_dont_email_post_to_subs":false,"_jetpack_newsletter_tier_id":0,"_jetpack_memberships_contains_paywalled_content":false,"_jetpack_memberships_contains_paid_content":false,"footnotes":"","jetpack_publicize_message":"","jetpack_publicize_feature_enabled":true,"jetpack_social_post_already_shared":true,"jetpack_social_options":{"image_generator_settings":{"template":"highway","default_image_id":0,"font":"","enabled":false},"version":2}},"categories":[2,4],"tags":[166,163,164,162,165],"class_list":["post-1369","post","type-post","status-publish","format-standard","hentry","category-land","category-wasser","tag-feuerzeremonie","tag-husky-tours","tag-koeln","tag-peter-tesch","tag-schamanismus"],"jetpack_publicize_connections":[],"jetpack_featured_media_url":"","jetpack_shortlink":"https:\/\/wp.me\/p4DyUk-m5","jetpack-related-posts":[{"id":2343,"url":"https:\/\/www.bechmann.org\/amphibium\/ultratrail-in-montgarri\/","url_meta":{"origin":1369,"position":0},"title":"Ultratrail in Montgarri","author":"Oliver","date":"9. August 2017","format":false,"excerpt":"In Montgarri fand eine Art Renaissance statt. Am Ende des oberen Val d'Aran, dem Naut Aran, gibt es ein refugio (also eine Schutzh\u00fctte) und eine alte Kirche. Man spricht hier katalanisch, was in meinen Ohren sich ein bisschen wie portugiesisch anh\u00f6rt - aber so viele Portugiesen k\u00f6nnen sich ja nicht\u2026","rel":"","context":"In &quot;Land&quot;","block_context":{"text":"Land","link":"https:\/\/www.bechmann.org\/amphibium\/category\/land\/"},"img":{"alt_text":"RIMG0424","src":"https:\/\/i0.wp.com\/www.bechmann.org\/amphibium\/wp-content\/uploads\/RIMG0424.jpg?resize=350%2C200","width":350,"height":200,"srcset":"https:\/\/i0.wp.com\/www.bechmann.org\/amphibium\/wp-content\/uploads\/RIMG0424.jpg?resize=350%2C200 1x, https:\/\/i0.wp.com\/www.bechmann.org\/amphibium\/wp-content\/uploads\/RIMG0424.jpg?resize=525%2C300 1.5x"},"classes":[]},{"id":495,"url":"https:\/\/www.bechmann.org\/amphibium\/reparatur-verletzten-versorgung-film-abend\/","url_meta":{"origin":1369,"position":1},"title":"Reparatur. Verletzten-Versorgung. Film-Abend.","author":"Oliver","date":"25. Oktober 2014","format":false,"excerpt":"Die Abfahrt heute morgen ist nach 200 Metern zu Ende, das F\u00fchrerhaus des L60 ist verzogen und muss gerichtet werden. Andr\u00e9 war gestern im Dunkeln in der Schlucht irgendwo dagegen geknallt - und heute muss er feststellen, dass am nach vorne klappbaren F\u00fchrerhaus des IFA ein Bolzen gebrochen ist. Folge:\u2026","rel":"","context":"In &quot;Land&quot;","block_context":{"text":"Land","link":"https:\/\/www.bechmann.org\/amphibium\/category\/land\/"},"img":{"alt_text":"","src":"https:\/\/i0.wp.com\/www.bechmann.org\/amphibium\/wp-content\/uploads\/IMG_3357.jpg?resize=350%2C200","width":350,"height":200,"srcset":"https:\/\/i0.wp.com\/www.bechmann.org\/amphibium\/wp-content\/uploads\/IMG_3357.jpg?resize=350%2C200 1x, https:\/\/i0.wp.com\/www.bechmann.org\/amphibium\/wp-content\/uploads\/IMG_3357.jpg?resize=525%2C300 1.5x, https:\/\/i0.wp.com\/www.bechmann.org\/amphibium\/wp-content\/uploads\/IMG_3357.jpg?resize=700%2C400 2x, https:\/\/i0.wp.com\/www.bechmann.org\/amphibium\/wp-content\/uploads\/IMG_3357.jpg?resize=1050%2C600 3x, https:\/\/i0.wp.com\/www.bechmann.org\/amphibium\/wp-content\/uploads\/IMG_3357.jpg?resize=1400%2C800 4x"},"classes":[]},{"id":8857,"url":"https:\/\/www.bechmann.org\/amphibium\/suedafrika-vii-im-fruehling-lachen-die-blueten\/","url_meta":{"origin":1369,"position":2},"title":"Im Fr\u00fchling lachen die Bl\u00fcten","author":"Oliver","date":"21. Oktober 2024","format":false,"excerpt":"Wieder unterwegs, weiter in die Wildnis des s\u00fcdafrikanischen bush; nach einem Intermezzo in Stellenbosch samt Schie\u00dfeinlage in Moorreesburg: Zuvor war der Hecktr\u00e4ger f\u00fcrs Reserverad - erneut - gebrochen. Der war schon vor einem Jahr bei der Fahrt durch Baviaanskloof (siehe: Swartberg und Baviaanskloof) gerissen und ein Farmarbeiter auf der Kudukaya-Farm\u2026","rel":"","context":"In &quot;Land&quot;","block_context":{"text":"Land","link":"https:\/\/www.bechmann.org\/amphibium\/category\/land\/"},"img":{"alt_text":"","src":"https:\/\/i0.wp.com\/www.bechmann.org\/amphibium\/wp-content\/uploads\/DSC04601.jpg?resize=350%2C200&ssl=1","width":350,"height":200,"srcset":"https:\/\/i0.wp.com\/www.bechmann.org\/amphibium\/wp-content\/uploads\/DSC04601.jpg?resize=350%2C200&ssl=1 1x, https:\/\/i0.wp.com\/www.bechmann.org\/amphibium\/wp-content\/uploads\/DSC04601.jpg?resize=525%2C300&ssl=1 1.5x, https:\/\/i0.wp.com\/www.bechmann.org\/amphibium\/wp-content\/uploads\/DSC04601.jpg?resize=700%2C400&ssl=1 2x, https:\/\/i0.wp.com\/www.bechmann.org\/amphibium\/wp-content\/uploads\/DSC04601.jpg?resize=1050%2C600&ssl=1 3x, https:\/\/i0.wp.com\/www.bechmann.org\/amphibium\/wp-content\/uploads\/DSC04601.jpg?resize=1400%2C800&ssl=1 4x"},"classes":[]},{"id":6992,"url":"https:\/\/www.bechmann.org\/amphibium\/krieger-pflanzenfresser\/","url_meta":{"origin":1369,"position":3},"title":"Krieger &#038; Pflanzenfresser","author":"Oliver","date":"15. Oktober 2020","format":false,"excerpt":"Vor vielen, vielen Jahren sa\u00dfen ein Nachfahre der Wikinger und einer der Germanen w\u00e4hrend eines einw\u00f6chigen Krav Maga-Trainingscamps beim Mittagessen beisammen \u2013 d.h. ich a\u00df, er nicht. Der schwedische KM-Instructor war (und ist) ein H\u00fcne an Gestalt, gleichwohl er mir fr\u00fcher bulliger und breiter erschienen war. Tats\u00e4chlich, so gab er\u2026","rel":"","context":"In &quot;Intervallfasten&quot;","block_context":{"text":"Intervallfasten","link":"https:\/\/www.bechmann.org\/amphibium\/category\/intervallfasten\/"},"img":{"alt_text":"","src":"https:\/\/i0.wp.com\/www.bechmann.org\/amphibium\/wp-content\/uploads\/56a9d201d0dc373889bbb535966ac26a.jpg?resize=350%2C200&ssl=1","width":350,"height":200,"srcset":"https:\/\/i0.wp.com\/www.bechmann.org\/amphibium\/wp-content\/uploads\/56a9d201d0dc373889bbb535966ac26a.jpg?resize=350%2C200&ssl=1 1x, https:\/\/i0.wp.com\/www.bechmann.org\/amphibium\/wp-content\/uploads\/56a9d201d0dc373889bbb535966ac26a.jpg?resize=525%2C300&ssl=1 1.5x, https:\/\/i0.wp.com\/www.bechmann.org\/amphibium\/wp-content\/uploads\/56a9d201d0dc373889bbb535966ac26a.jpg?resize=700%2C400&ssl=1 2x"},"classes":[]},{"id":2562,"url":"https:\/\/www.bechmann.org\/amphibium\/coyote-mentoring-schluss-mit-dem-wilden-jahr\/","url_meta":{"origin":1369,"position":4},"title":"Coyote Mentoring: Schluss mit dem wilden Jahr!","author":"Oliver","date":"17. Dezember 2017","format":false,"excerpt":"Ende und Anfang. Nach dem Acht-Schilde-Modell ist alles ein Kreislauf, kein Anfang, kein Ende; kein Ende, kein Anfang. F\u00fcr die frischgebackenen Coyote Mentoren ist das \u201cwilde\u201d Jahr vorbei, sie werden im sechsten und abschlie\u00dfenden Modul der Wildnisp\u00e4dagogik-Ausbildung \u201causgewildert\u201d in einen neuen Anfang. Walk on your own feet. Zuvor stellten wir\u2026","rel":"","context":"In &quot;Coyote Mentoring&quot;","block_context":{"text":"Coyote Mentoring","link":"https:\/\/www.bechmann.org\/amphibium\/category\/coyote-mentoring\/"},"img":{"alt_text":"P1070320 (2)","src":"https:\/\/i0.wp.com\/www.bechmann.org\/amphibium\/wp-content\/uploads\/P1070320-2_thumb.jpg?resize=350%2C200","width":350,"height":200,"srcset":"https:\/\/i0.wp.com\/www.bechmann.org\/amphibium\/wp-content\/uploads\/P1070320-2_thumb.jpg?resize=350%2C200 1x, https:\/\/i0.wp.com\/www.bechmann.org\/amphibium\/wp-content\/uploads\/P1070320-2_thumb.jpg?resize=525%2C300 1.5x, https:\/\/i0.wp.com\/www.bechmann.org\/amphibium\/wp-content\/uploads\/P1070320-2_thumb.jpg?resize=700%2C400 2x, https:\/\/i0.wp.com\/www.bechmann.org\/amphibium\/wp-content\/uploads\/P1070320-2_thumb.jpg?resize=1050%2C600 3x, https:\/\/i0.wp.com\/www.bechmann.org\/amphibium\/wp-content\/uploads\/P1070320-2_thumb.jpg?resize=1400%2C800 4x"},"classes":[]},{"id":1437,"url":"https:\/\/www.bechmann.org\/amphibium\/mondlandschaften-aus-lava-und-eis\/","url_meta":{"origin":1369,"position":5},"title":"Mondlandschaften aus Lava und Eis","author":"Oliver","date":"6. August 2016","format":false,"excerpt":"Tiefe Erdspalte am Staudamm. Viele Offroad-Lkws, so hat Andr\u00e9 von Eine Welt Reisen gesagt, werden zwar mit allem Ausstattungs- und Ausr\u00fcstungs-Schnickschnack ausgestattet \u2013 aber in Island fahren sie dann doch h\u00e4ufig nur auf der asphaltierten Ringstra\u00dfe (oder auf ihren Abzweigen) zusammen mit ganz normalen Wohnmobilen und den gro\u00dfen Reisebussen. Ins\u2026","rel":"","context":"In &quot;Land&quot;","block_context":{"text":"Land","link":"https:\/\/www.bechmann.org\/amphibium\/category\/land\/"},"img":{"alt_text":"","src":"https:\/\/i0.wp.com\/www.bechmann.org\/amphibium\/wp-content\/uploads\/IMG_0388-2.jpg?resize=350%2C200","width":350,"height":200,"srcset":"https:\/\/i0.wp.com\/www.bechmann.org\/amphibium\/wp-content\/uploads\/IMG_0388-2.jpg?resize=350%2C200 1x, https:\/\/i0.wp.com\/www.bechmann.org\/amphibium\/wp-content\/uploads\/IMG_0388-2.jpg?resize=525%2C300 1.5x, https:\/\/i0.wp.com\/www.bechmann.org\/amphibium\/wp-content\/uploads\/IMG_0388-2.jpg?resize=700%2C400 2x, https:\/\/i0.wp.com\/www.bechmann.org\/amphibium\/wp-content\/uploads\/IMG_0388-2.jpg?resize=1050%2C600 3x, https:\/\/i0.wp.com\/www.bechmann.org\/amphibium\/wp-content\/uploads\/IMG_0388-2.jpg?resize=1400%2C800 4x"},"classes":[]}],"jetpack_sharing_enabled":true,"_links":{"self":[{"href":"https:\/\/www.bechmann.org\/amphibium\/wp-json\/wp\/v2\/posts\/1369","targetHints":{"allow":["GET"]}}],"collection":[{"href":"https:\/\/www.bechmann.org\/amphibium\/wp-json\/wp\/v2\/posts"}],"about":[{"href":"https:\/\/www.bechmann.org\/amphibium\/wp-json\/wp\/v2\/types\/post"}],"author":[{"embeddable":true,"href":"https:\/\/www.bechmann.org\/amphibium\/wp-json\/wp\/v2\/users\/1"}],"replies":[{"embeddable":true,"href":"https:\/\/www.bechmann.org\/amphibium\/wp-json\/wp\/v2\/comments?post=1369"}],"version-history":[{"count":4,"href":"https:\/\/www.bechmann.org\/amphibium\/wp-json\/wp\/v2\/posts\/1369\/revisions"}],"predecessor-version":[{"id":1373,"href":"https:\/\/www.bechmann.org\/amphibium\/wp-json\/wp\/v2\/posts\/1369\/revisions\/1373"}],"wp:attachment":[{"href":"https:\/\/www.bechmann.org\/amphibium\/wp-json\/wp\/v2\/media?parent=1369"}],"wp:term":[{"taxonomy":"category","embeddable":true,"href":"https:\/\/www.bechmann.org\/amphibium\/wp-json\/wp\/v2\/categories?post=1369"},{"taxonomy":"post_tag","embeddable":true,"href":"https:\/\/www.bechmann.org\/amphibium\/wp-json\/wp\/v2\/tags?post=1369"}],"curies":[{"name":"wp","href":"https:\/\/api.w.org\/{rel}","templated":true}]}}