{"id":1149,"date":"2016-05-29T13:34:24","date_gmt":"2016-05-29T11:34:24","guid":{"rendered":"http:\/\/www.bechmann.org\/amphibium\/?p=1149"},"modified":"2016-06-03T13:16:28","modified_gmt":"2016-06-03T11:16:28","slug":"abenteuer-allrad-und-offroad-hoch2","status":"publish","type":"post","link":"https:\/\/www.bechmann.org\/amphibium\/abenteuer-allrad-und-offroad-hoch2\/","title":{"rendered":"&ldquo;Abenteuer Allrad&rdquo; und &ldquo;Offroad Hoch2&rdquo;"},"content":{"rendered":"<div style=\"width: 654px\" class=\"wp-caption alignnone\"><a href=\"https:\/\/i0.wp.com\/www.bechmann.org\/amphibium\/wp-content\/uploads\/RIMG0223-2.jpg?ssl=1\"><img data-recalc-dims=\"1\" loading=\"lazy\" decoding=\"async\" style=\"background-image: none; padding-top: 0px; padding-left: 0px; display: inline; padding-right: 0px; border: 0px;\" title=\"RIMG0223 (2)\" src=\"https:\/\/i0.wp.com\/www.bechmann.org\/amphibium\/wp-content\/uploads\/RIMG0223-2_thumb.jpg?resize=625%2C353&#038;ssl=1\" alt=\"Beate und ihr neuer Leder-Hut\" width=\"625\" height=\"353\" border=\"0\" \/><\/a><p class=\"wp-caption-text\">Beate auf der Allrad-Messe<\/p><\/div>\n<p>Wir verbringen das verl\u00e4ngerte Wochenende auf zwei Offroad-Veranstaltungen, die gegens\u00e4tzlicher kaum sein k\u00f6nnten. Von Mittwoch Abend bis Freitag Mittag besuchten wir die \u201cAbenteuer Allrad\u201d-Messe in Bad Kissingen, fuhren dann aber nach Hause, weil Oliver abends und samstags wegen des aktuell laufenden <a href=\"http:\/\/krav-maga-frankfurt.de\/site\/?page_id=1110\" target=\"_blank\">MBSR-Achtwochenkurses<\/a> arbeiten musste. Aber schon am Samstag Abend nahmen wir wieder im Unimog Platz, um uns die <a href=\"http:\/\/www.offroadhoch2.de\" target=\"_blank\">Offroad Hoch2<\/a>-Veranstaltung in Nieder-Moos im Vogelsberg anzusehen. Von letzterer hatten wir eher zuf\u00e4llig erfahren.<\/p>\n<p>Die <a href=\"http:\/\/www.abenteuer-allrad.de\" target=\"_blank\">Abenteuer Allrad<\/a> gilt als die gr\u00f6\u00dfte Offroad-Messe Europas. Vier Tage lang wird Bad Kissingen von Allrad-Lkw\u2019s, Land Rovern, Buschtaxis und anderen mehr oder weniger gel\u00e4ndeg\u00e4ngigen Fahrzeugen geflutet. Die Camp Area f\u00fcr die Besucher mit ihren Fahrzeugen und Zelten ist Mittwoch Abend schon gerammelt voll. Man hockt nah beieinander, aber das ist auch das Sch\u00f6ne daran \u2013 man sieht viele spannende Autos und spannende, manchmal schr\u00e4ge Menschen. Mit denen kann man nat\u00fcrlich auch sprechen.<\/p>\n<div style=\"width: 654px\" class=\"wp-caption alignnone\"><a href=\"https:\/\/i0.wp.com\/www.bechmann.org\/amphibium\/wp-content\/uploads\/RIMG0221-2.jpg?ssl=1\"><img data-recalc-dims=\"1\" loading=\"lazy\" decoding=\"async\" style=\"background-image: none; padding-top: 0px; padding-left: 0px; display: inline; padding-right: 0px; border: 0px;\" title=\"RIMG0221 (2)\" src=\"https:\/\/i0.wp.com\/www.bechmann.org\/amphibium\/wp-content\/uploads\/RIMG0221-2_thumb.jpg?resize=625%2C353&#038;ssl=1\" alt=\"Beate pr\u00fcft Kabinen-Ausbau\" width=\"625\" height=\"353\" border=\"0\" \/><\/a><p class=\"wp-caption-text\">Beate pr\u00fcft Kabinen-Ausbau<\/p><\/div>\n<p>Das Messegel\u00e4nde ist eine Busshuttle-Fahrt weit entfernt. Dort sind zahllose Hersteller von allem, was mit Offroad- und Outdoor-Reisen zu tun hat, zu finden. Vom Gro\u00df-Lkw bis zur Klapp-Zahnb\u00fcrste. Ich habe mir endlich auf dem Stand von <a href=\"http:\/\/www.schmiedeglut.de\" target=\"_blank\">Schmiedeglut<\/a> eine Lederscheide f\u00fcr mein bei <a href=\"http:\/\/www.schmiedeglut.de\" target=\"_blank\">Schmiedeglut<\/a> selbst geschmiedetes Outdoor-Messer gekauft und einen Khaki-Tagesrucksack mit vielen, vielen Innentaschen, Stauf\u00e4chern und Molle-Schlaufen erworben (eigentlich so ein milit\u00e4risches Assault-Backpack), Beate einen fantastischen australischen Leder-Hut.<\/p>\n<p>Die Camp Area der Besucher mit hunderten Fahrzeugen ist so was wie die Sekund\u00e4r-Messe \u2013 aber von Usern f\u00fcr User sozusagen. Man kann herumstreifen und sich mit den Fahrern dar\u00fcber unterhalten, was sie warum wie gebaut haben, was etwas taugt und was nicht. Tats\u00e4chlich so was wie ein Internetforum, nur im echten Leben und zum Anfassen.<\/p>\n<p><!--more--><\/p>\n<p>Manche finden die Abenteuer Allrad zu gedr\u00e4ngt, zu \u201cschicki-micki\u201d (was wir nicht nachvollziehen k\u00f6nnen \u2013 dort geht\u2019s zumindest auf der Camp Area auch derb zu und trifft man eine Menge raue Typen) und zu kommerziell.<\/p>\n<div class=\"tiled-gallery type-rectangular tiled-gallery-unresized\" data-original-width=\"625\" data-carousel-extra='{&quot;blog_id&quot;:1,&quot;permalink&quot;:&quot;https:\\\/\\\/www.bechmann.org\\\/amphibium\\\/abenteuer-allrad-und-offroad-hoch2\\\/&quot;,&quot;likes_blog_id&quot;:68534324}' itemscope itemtype=\"http:\/\/schema.org\/ImageGallery\" > <div class=\"gallery-row\" style=\"width: 625px; height: 249px;\" data-original-width=\"625\" data-original-height=\"249\" > <div class=\"gallery-group images-1\" style=\"width: 437px; height: 249px;\" data-original-width=\"437\" data-original-height=\"249\" > <div class=\"tiled-gallery-item tiled-gallery-item-large\" itemprop=\"associatedMedia\" itemscope itemtype=\"http:\/\/schema.org\/ImageObject\"> <a href=\"https:\/\/www.bechmann.org\/amphibium\/abenteuer-allrad-und-offroad-hoch2\/rimg0230-2_thumb-jpg\/\" border=\"0\" itemprop=\"url\"> <meta itemprop=\"width\" content=\"433\"> <meta itemprop=\"height\" content=\"245\"> <img decoding=\"async\" class=\"\" data-attachment-id=\"1148\" data-orig-file=\"https:\/\/www.bechmann.org\/amphibium\/wp-content\/uploads\/RIMG0230-2_thumb.jpg\" data-orig-size=\"644,364\" data-comments-opened=\"\" data-image-meta=\"{&quot;aperture&quot;:&quot;0&quot;,&quot;credit&quot;:&quot;&quot;,&quot;camera&quot;:&quot;&quot;,&quot;caption&quot;:&quot;&quot;,&quot;created_timestamp&quot;:&quot;0&quot;,&quot;copyright&quot;:&quot;&quot;,&quot;focal_length&quot;:&quot;0&quot;,&quot;iso&quot;:&quot;0&quot;,&quot;shutter_speed&quot;:&quot;0&quot;,&quot;title&quot;:&quot;&quot;,&quot;orientation&quot;:&quot;0&quot;}\" data-image-title=\"RIMG0230-2_thumb.jpg\" data-image-description=\"\" data-medium-file=\"https:\/\/i0.wp.com\/www.bechmann.org\/amphibium\/wp-content\/uploads\/RIMG0230-2_thumb.jpg?fit=300%2C170&#038;ssl=1\" data-large-file=\"https:\/\/i0.wp.com\/www.bechmann.org\/amphibium\/wp-content\/uploads\/RIMG0230-2_thumb.jpg?fit=625%2C353&#038;ssl=1\" src=\"https:\/\/i0.wp.com\/www.bechmann.org\/amphibium\/wp-content\/uploads\/RIMG0230-2_thumb.jpg?w=433&#038;h=245&#038;ssl=1\" srcset=\"https:\/\/i0.wp.com\/www.bechmann.org\/amphibium\/wp-content\/uploads\/RIMG0230-2_thumb.jpg?w=644&amp;ssl=1 644w, https:\/\/i0.wp.com\/www.bechmann.org\/amphibium\/wp-content\/uploads\/RIMG0230-2_thumb.jpg?resize=300%2C170&amp;ssl=1 300w, https:\/\/i0.wp.com\/www.bechmann.org\/amphibium\/wp-content\/uploads\/RIMG0230-2_thumb.jpg?resize=500%2C283&amp;ssl=1 500w\" width=\"433\" height=\"245\" loading=\"lazy\" data-original-width=\"433\" data-original-height=\"245\" itemprop=\"http:\/\/schema.org\/image\" title=\"RIMG0230-2_thumb.jpg\" alt=\"Fahrzeuge auf Offroad Hoch2\" style=\"width: 433px; height: 245px;\" \/> <\/a> <div class=\"tiled-gallery-caption\" itemprop=\"caption description\"> Fahrzeuge auf Offroad Hoch2 <\/div> <\/div> <\/div> <!-- close group --> <div class=\"gallery-group images-1\" style=\"width: 188px; height: 249px;\" data-original-width=\"188\" data-original-height=\"249\" > <div class=\"tiled-gallery-item tiled-gallery-item-small\" itemprop=\"associatedMedia\" itemscope itemtype=\"http:\/\/schema.org\/ImageObject\"> <a href=\"https:\/\/www.bechmann.org\/amphibium\/abenteuer-allrad-und-offroad-hoch2\/img_4635\/\" border=\"0\" itemprop=\"url\"> <meta itemprop=\"width\" content=\"184\"> <meta itemprop=\"height\" content=\"245\"> <img decoding=\"async\" class=\"\" data-attachment-id=\"1153\" data-orig-file=\"https:\/\/www.bechmann.org\/amphibium\/wp-content\/uploads\/IMG_4635.jpg\" data-orig-size=\"2448,3264\" data-comments-opened=\"\" data-image-meta=\"{&quot;aperture&quot;:&quot;2.4&quot;,&quot;credit&quot;:&quot;&quot;,&quot;camera&quot;:&quot;&quot;,&quot;caption&quot;:&quot;&quot;,&quot;created_timestamp&quot;:&quot;1464464211&quot;,&quot;copyright&quot;:&quot;&quot;,&quot;focal_length&quot;:&quot;4.28&quot;,&quot;iso&quot;:&quot;64&quot;,&quot;shutter_speed&quot;:&quot;0.025&quot;,&quot;title&quot;:&quot;&quot;,&quot;orientation&quot;:&quot;1&quot;}\" data-image-title=\"IMG_4635\" data-image-description=\"\" data-medium-file=\"https:\/\/i0.wp.com\/www.bechmann.org\/amphibium\/wp-content\/uploads\/IMG_4635.jpg?fit=225%2C300&#038;ssl=1\" data-large-file=\"https:\/\/i0.wp.com\/www.bechmann.org\/amphibium\/wp-content\/uploads\/IMG_4635.jpg?fit=625%2C833&#038;ssl=1\" src=\"https:\/\/i0.wp.com\/www.bechmann.org\/amphibium\/wp-content\/uploads\/IMG_4635.jpg?w=184&#038;h=245&#038;ssl=1\" srcset=\"https:\/\/i0.wp.com\/www.bechmann.org\/amphibium\/wp-content\/uploads\/IMG_4635.jpg?w=2448&amp;ssl=1 2448w, https:\/\/i0.wp.com\/www.bechmann.org\/amphibium\/wp-content\/uploads\/IMG_4635.jpg?resize=225%2C300&amp;ssl=1 225w, https:\/\/i0.wp.com\/www.bechmann.org\/amphibium\/wp-content\/uploads\/IMG_4635.jpg?resize=768%2C1024&amp;ssl=1 768w, https:\/\/i0.wp.com\/www.bechmann.org\/amphibium\/wp-content\/uploads\/IMG_4635.jpg?w=1250&amp;ssl=1 1250w, https:\/\/i0.wp.com\/www.bechmann.org\/amphibium\/wp-content\/uploads\/IMG_4635.jpg?w=1875&amp;ssl=1 1875w\" width=\"184\" height=\"245\" loading=\"lazy\" data-original-width=\"184\" data-original-height=\"245\" itemprop=\"http:\/\/schema.org\/image\" title=\"IMG_4635\" alt=\"Nachbarliche Landy-Parade\" style=\"width: 184px; height: 245px;\" \/> <\/a> <div class=\"tiled-gallery-caption\" itemprop=\"caption description\"> Nachbarliche Landy-Parade <\/div> <\/div> <\/div> <!-- close group --> <\/div> <!-- close row --> <div class=\"gallery-row\" style=\"width: 625px; height: 391px;\" data-original-width=\"625\" data-original-height=\"391\" > <div class=\"gallery-group images-1\" style=\"width: 625px; height: 391px;\" data-original-width=\"625\" data-original-height=\"391\" > <div class=\"tiled-gallery-item tiled-gallery-item-large\" itemprop=\"associatedMedia\" itemscope itemtype=\"http:\/\/schema.org\/ImageObject\"> <a href=\"https:\/\/www.bechmann.org\/amphibium\/abenteuer-allrad-und-offroad-hoch2\/img_4638\/\" border=\"0\" itemprop=\"url\"> <meta itemprop=\"width\" content=\"621\"> <meta itemprop=\"height\" content=\"387\"> <img decoding=\"async\" class=\"\" data-attachment-id=\"1154\" data-orig-file=\"https:\/\/www.bechmann.org\/amphibium\/wp-content\/uploads\/IMG_4638.jpg\" data-orig-size=\"1200,748\" data-comments-opened=\"\" data-image-meta=\"{&quot;aperture&quot;:&quot;0&quot;,&quot;credit&quot;:&quot;&quot;,&quot;camera&quot;:&quot;&quot;,&quot;caption&quot;:&quot;&quot;,&quot;created_timestamp&quot;:&quot;0&quot;,&quot;copyright&quot;:&quot;&quot;,&quot;focal_length&quot;:&quot;0&quot;,&quot;iso&quot;:&quot;0&quot;,&quot;shutter_speed&quot;:&quot;0&quot;,&quot;title&quot;:&quot;&quot;,&quot;orientation&quot;:&quot;0&quot;}\" data-image-title=\"IMG_4638\" data-image-description=\"\" data-medium-file=\"https:\/\/i0.wp.com\/www.bechmann.org\/amphibium\/wp-content\/uploads\/IMG_4638.jpg?fit=300%2C187&#038;ssl=1\" data-large-file=\"https:\/\/i0.wp.com\/www.bechmann.org\/amphibium\/wp-content\/uploads\/IMG_4638.jpg?fit=625%2C389&#038;ssl=1\" src=\"https:\/\/i0.wp.com\/www.bechmann.org\/amphibium\/wp-content\/uploads\/IMG_4638.jpg?w=621&#038;h=387&#038;ssl=1\" srcset=\"https:\/\/i0.wp.com\/www.bechmann.org\/amphibium\/wp-content\/uploads\/IMG_4638.jpg?w=1200&amp;ssl=1 1200w, https:\/\/i0.wp.com\/www.bechmann.org\/amphibium\/wp-content\/uploads\/IMG_4638.jpg?resize=300%2C187&amp;ssl=1 300w, https:\/\/i0.wp.com\/www.bechmann.org\/amphibium\/wp-content\/uploads\/IMG_4638.jpg?resize=768%2C479&amp;ssl=1 768w, https:\/\/i0.wp.com\/www.bechmann.org\/amphibium\/wp-content\/uploads\/IMG_4638.jpg?resize=1024%2C638&amp;ssl=1 1024w, https:\/\/i0.wp.com\/www.bechmann.org\/amphibium\/wp-content\/uploads\/IMG_4638.jpg?resize=481%2C300&amp;ssl=1 481w\" width=\"621\" height=\"387\" loading=\"lazy\" data-original-width=\"621\" data-original-height=\"387\" itemprop=\"http:\/\/schema.org\/image\" title=\"IMG_4638\" alt=\"Einsamer Unimog auf Offroad Hoch2\" style=\"width: 621px; height: 387px;\" \/> <\/a> <div class=\"tiled-gallery-caption\" itemprop=\"caption description\"> Einsamer Unimog auf Offroad Hoch2 <\/div> <\/div> <\/div> <!-- close group --> <\/div> <!-- close row --> <\/div>\n<p>Die <a href=\"http:\/\/www.offroadhoch2.de\" target=\"_blank\">Offroad Hoch2<\/a> \u2013 Veranstaltung ist demgegen\u00fcber sehr simpel, sehr famili\u00e4r, sehr wenig besucht. Es verlieren sich rund zwei Dutzend Fahrzeuge auf einem weitl\u00e4ufigen Hanggel\u00e4nde. Man hat hier viel von dem, was man in der Camp Area nicht hat: Platz.<\/p>\n<p>Der ist tats\u00e4chlich so beliebt, dass man eine(r) zur Stippvisite nach Bad Kissingen r\u00fcberf\u00e4hrt, um abends wieder im Vogelsberg zu sein. Zu eng, zu voll, zu laut, lautet das Verdikt \u00fcber die Camp Area und die Messe.<\/p>\n<p>Das Rahmenangebot der Offroad Hoch2 besteht aus dem des \u201cFreizeitparks Vulkan\u201d und immerhin am gestrigen Samstag einem spannenden Foto- und Videovortrag von Ruth und J\u00fcrgen Haberhauer von\u00a0 <a href=\"http:\/\/www.sojombo.de\">www.sojombo.de<\/a> \u00fcber ihre Reise nach Karelien und die Kola-Halbinsel bzw. nach Murmansk. Und genau da wollen wir ja im n\u00e4chsten Jahr mit unseren Freunden von <a href=\"http:\/\/www.eineweltreisen.org\" target=\"_blank\">Eine Welt Reisen<\/a> hin! (BTW: Deren neue Homepage ich entworfen und gestaltet habe, und deren Stand auf der <a href=\"http:\/\/www.abenteuer-allrad.de\" target=\"_blank\">Abenteuer Allrad<\/a> wir nat\u00fcrlich besucht haben).<\/p>\n<h3>Nichts zu tun, nichts zu sehen, nichts zu erwarten<\/h3>\n<p>Auf der Offroad Hoch2 gibt es viel Platz, weiter nichts zu sehen und zu tun. Aber auch das hat ja eine wichtige Qualit\u00e4t (siehe <a href=\"http:\/\/krav-maga-frankfurt.de\/site\/?page_id=1110\" target=\"_blank\">Achtsamkeit<\/a>), w\u00e4hrend die Abenteuer Allrad demgegen\u00fcber fast schon \u00fcberw\u00e4ltigend ist. Allerdings hat man in Bad Kissingen etwas nicht zu bieten, mit dem man in Nieder-Moos heute aufwartet: Dem l\u00e4rmenden Gekreische von ferngesteuerten Modellbooten, mit denen Wettrennen auf dem nahegelegenen Weiher ausgetragen werden.<\/p>\n<p>Wir sehen den heutigen Tag daher als Ruhetag. An solchen Tagen tun wir nichts oder k\u00fcmmern uns um Fahrzeug oder Ausr\u00fcstung, bereiten Fotos auf oder bloggen. F\u00fcr uns ist das auch immer ein bisschen so-tun-als-ob, wenn wir langfristig bzw. dauerhaft unterwegs w\u00e4ren. Auch dann g\u00e4be es ja solche Tage.<\/p>\n","protected":false},"excerpt":{"rendered":"<p>Wir verbringen das verl\u00e4ngerte Wochenende auf zwei Offroad-Veranstaltungen, die gegens\u00e4tzlicher kaum sein k\u00f6nnten. Von Mittwoch Abend bis Freitag Mittag besuchten wir die \u201cAbenteuer Allrad\u201d-Messe in Bad Kissingen, fuhren dann aber nach Hause, weil Oliver abends und samstags wegen des aktuell laufenden MBSR-Achtwochenkurses arbeiten musste. Aber schon am Samstag Abend nahmen wir wieder im Unimog Platz, [&hellip;]<\/p>\n","protected":false},"author":1,"featured_media":0,"comment_status":"open","ping_status":"open","sticky":false,"template":"","format":"standard","meta":{"jetpack_post_was_ever_published":false,"_jetpack_newsletter_access":"","_jetpack_dont_email_post_to_subs":false,"_jetpack_newsletter_tier_id":0,"_jetpack_memberships_contains_paywalled_content":false,"_jetpack_memberships_contains_paid_content":false,"footnotes":"","jetpack_publicize_message":"","jetpack_publicize_feature_enabled":true,"jetpack_social_post_already_shared":true,"jetpack_social_options":{"image_generator_settings":{"template":"highway","default_image_id":0,"font":"","enabled":false},"version":2}},"categories":[2],"tags":[132,134,135,133],"class_list":["post-1149","post","type-post","status-publish","format-standard","hentry","category-land","tag-abenteuer-allrad","tag-bad-kissingen","tag-nieder-moos","tag-offroad-hoch2"],"jetpack_publicize_connections":[],"jetpack_featured_media_url":"","jetpack_shortlink":"https:\/\/wp.me\/p4DyUk-ix","jetpack-related-posts":[{"id":2194,"url":"https:\/\/www.bechmann.org\/amphibium\/allradmesse\/","url_meta":{"origin":1149,"position":0},"title":"Zum dritten Mal auf der Allradmesse","author":"Oliver","date":"17. Juni 2017","format":false,"excerpt":"Einmal mehr im Fernsehen - zuletzt waren wir ja in einem franz\u00f6sischen Spartensender zum Weinbau zu sehen gewesen (siehe Beitrag Weinprobe f\u00fcrs franz\u00f6sische Fernsehen). Tats\u00e4chlich muss es hei\u00dfen: \"einmal mehr gefilmt\", denn die tschechische Crew von turas.tv, die uns besucht hat, produziert (Video-)Filme f\u00fcr dieses E-Magazin rund um Camping-, 4x4-\u2026","rel":"","context":"In &quot;Ausr\u00fcstung&quot;","block_context":{"text":"Ausr\u00fcstung","link":"https:\/\/www.bechmann.org\/amphibium\/category\/ausruestung\/"},"img":{"alt_text":"Beate bei der R\u00e4ucher-Zeremonie","src":"https:\/\/i0.wp.com\/www.bechmann.org\/amphibium\/wp-content\/uploads\/abenteuerallra17_raeuchern.jpg?resize=350%2C200","width":350,"height":200,"srcset":"https:\/\/i0.wp.com\/www.bechmann.org\/amphibium\/wp-content\/uploads\/abenteuerallra17_raeuchern.jpg?resize=350%2C200 1x, https:\/\/i0.wp.com\/www.bechmann.org\/amphibium\/wp-content\/uploads\/abenteuerallra17_raeuchern.jpg?resize=525%2C300 1.5x, https:\/\/i0.wp.com\/www.bechmann.org\/amphibium\/wp-content\/uploads\/abenteuerallra17_raeuchern.jpg?resize=700%2C400 2x, https:\/\/i0.wp.com\/www.bechmann.org\/amphibium\/wp-content\/uploads\/abenteuerallra17_raeuchern.jpg?resize=1050%2C600 3x"},"classes":[]},{"id":2447,"url":"https:\/\/www.bechmann.org\/amphibium\/abenteuer-im-norden\/","url_meta":{"origin":1149,"position":1},"title":"Abenteuer im Norden","author":"Oliver","date":"3. Oktober 2017","format":false,"excerpt":"Eigentlich wollten wir ja \u2013 wie im vergangenen Jahr \u2013 zu dem angenehm entspannten und unspektakul\u00e4ren Globetrottertreffen von Klaus D\u00e4rr bei den Bayern-Kamelen unweit M\u00fcnchens (siehe auch Beitrag \u201cK\u00f6rper-Kontakt mit Kamelen\u201d). Dann trieb es uns jedoch in die entgegengesetzte Richtung \u2013 nach Norden, zur \u201cAdventure Northside\u201d-Messe in der N\u00e4he Hamburgs\u2026","rel":"","context":"In &quot;Ausr\u00fcstung&quot;","block_context":{"text":"Ausr\u00fcstung","link":"https:\/\/www.bechmann.org\/amphibium\/category\/ausruestung\/"},"img":{"alt_text":"","src":"https:\/\/i0.wp.com\/www.bechmann.org\/amphibium\/wp-content\/uploads\/RIMG0432-2_thumb-1.jpg?resize=350%2C200","width":350,"height":200,"srcset":"https:\/\/i0.wp.com\/www.bechmann.org\/amphibium\/wp-content\/uploads\/RIMG0432-2_thumb-1.jpg?resize=350%2C200 1x, https:\/\/i0.wp.com\/www.bechmann.org\/amphibium\/wp-content\/uploads\/RIMG0432-2_thumb-1.jpg?resize=525%2C300 1.5x, https:\/\/i0.wp.com\/www.bechmann.org\/amphibium\/wp-content\/uploads\/RIMG0432-2_thumb-1.jpg?resize=700%2C400 2x"},"classes":[]},{"id":4493,"url":"https:\/\/www.bechmann.org\/amphibium\/schmieden-und-schaerfen\/","url_meta":{"origin":1149,"position":2},"title":"Schmieden und Sch\u00e4rfen","author":"Oliver","date":"15. Juni 2019","format":false,"excerpt":"Dreimal Hand-Arbeit - zweimal von Profis, einmal das Erstlingswerk vom Amateur... Ein Messer zu schmieden, hatte ich beim Nandger von Schmiedeglut schon w\u00e4hrend der Ausbildung zum Wildnisp\u00e4dagogen gelernt - das war zwar nicht Teil davon, aber sozusagen ein unabh\u00e4ngig davon organisiertes \"Spin-off\": Wenn man viel im Wald unterwegs ist und\u2026","rel":"","context":"In &quot;Ausr\u00fcstung&quot;","block_context":{"text":"Ausr\u00fcstung","link":"https:\/\/www.bechmann.org\/amphibium\/category\/ausruestung\/"},"img":{"alt_text":"Gl\u00fchende Esse","src":"https:\/\/i0.wp.com\/www.bechmann.org\/amphibium\/wp-content\/uploads\/IMG_2856.jpg?resize=350%2C200","width":350,"height":200,"srcset":"https:\/\/i0.wp.com\/www.bechmann.org\/amphibium\/wp-content\/uploads\/IMG_2856.jpg?resize=350%2C200 1x, https:\/\/i0.wp.com\/www.bechmann.org\/amphibium\/wp-content\/uploads\/IMG_2856.jpg?resize=525%2C300 1.5x, https:\/\/i0.wp.com\/www.bechmann.org\/amphibium\/wp-content\/uploads\/IMG_2856.jpg?resize=700%2C400 2x, https:\/\/i0.wp.com\/www.bechmann.org\/amphibium\/wp-content\/uploads\/IMG_2856.jpg?resize=1050%2C600 3x, https:\/\/i0.wp.com\/www.bechmann.org\/amphibium\/wp-content\/uploads\/IMG_2856.jpg?resize=1400%2C800 4x"},"classes":[]},{"id":3177,"url":"https:\/\/www.bechmann.org\/amphibium\/keine-eile-in-elea\/","url_meta":{"origin":1149,"position":3},"title":"Keine Eile in Elea","author":"Oliver","date":"8. April 2018","format":false,"excerpt":"In Elea gibt es ein Treffen. Manchmal sind Social Media noch \u201csocial\u201d und nicht verbr\u00e4mte Vertriebskan\u00e4le f\u00fcr Waren- oder Dienstleistungsangebote jedweder Art: Laut Instagram sind Steffi & Olaf von \u201cKeine Eile\u201d auf der Peloponnes unterwegs und justament kaum 20 Kilometer entfernt. Wir kommen einander entgegen, wir aus Norden, sie aus\u2026","rel":"","context":"In &quot;Land&quot;","block_context":{"text":"Land","link":"https:\/\/www.bechmann.org\/amphibium\/category\/land\/"},"img":{"alt_text":"keineeile","src":"https:\/\/i0.wp.com\/www.bechmann.org\/amphibium\/wp-content\/uploads\/keineeile_thumb.jpg?resize=350%2C200","width":350,"height":200,"srcset":"https:\/\/i0.wp.com\/www.bechmann.org\/amphibium\/wp-content\/uploads\/keineeile_thumb.jpg?resize=350%2C200 1x, https:\/\/i0.wp.com\/www.bechmann.org\/amphibium\/wp-content\/uploads\/keineeile_thumb.jpg?resize=525%2C300 1.5x, https:\/\/i0.wp.com\/www.bechmann.org\/amphibium\/wp-content\/uploads\/keineeile_thumb.jpg?resize=700%2C400 2x"},"classes":[]},{"id":1985,"url":"https:\/\/www.bechmann.org\/amphibium\/leben-auf-rdern\/","url_meta":{"origin":1149,"position":4},"title":"Leben auf R\u00e4dern","author":"Oliver","date":"10. Januar 2017","format":false,"excerpt":"F\u00fcr unsere Stell- und \u00dcbernachtungspl\u00e4tze in Portugal sind im Wesentlichen zwei Quellen verantwortlich. Andr\u00e9 von amumot.de und Steffi von keine-eile.de bzw. algarve-pur.de. Beide leben dauerhaft in ihren (gr\u00f6\u00dferen) Wohnmobilen und verdienen ihren Lebensunterhalt trotz und gerade beim Unterwegssein; u.a. mit dem Unterwegssein bzw. den Ger\u00e4tschaften, die man beim wohnmobilen Leben\u2026","rel":"","context":"In &quot;Land&quot;","block_context":{"text":"Land","link":"https:\/\/www.bechmann.org\/amphibium\/category\/land\/"},"img":{"alt_text":"IMG_0998","src":"https:\/\/i0.wp.com\/www.bechmann.org\/amphibium\/wp-content\/uploads\/IMG_0998_thumb.jpg?resize=350%2C200","width":350,"height":200,"srcset":"https:\/\/i0.wp.com\/www.bechmann.org\/amphibium\/wp-content\/uploads\/IMG_0998_thumb.jpg?resize=350%2C200 1x, https:\/\/i0.wp.com\/www.bechmann.org\/amphibium\/wp-content\/uploads\/IMG_0998_thumb.jpg?resize=525%2C300 1.5x"},"classes":[]},{"id":6322,"url":"https:\/\/www.bechmann.org\/amphibium\/mikro-abenteuer-i-uckermark\/","url_meta":{"origin":1149,"position":5},"title":"Mikro-Abenteuer I: Uckermark","author":"Oliver","date":"21. Juli 2021","format":false,"excerpt":"Wenn man Offroad-Reisen im s\u00fcdlichen und n\u00f6rdlichen Afrika unternommen hat \u2013 oder auch in Island, in den Pyren\u00e4en und in der nordgriechisch-albanischen Grenzregion, dann erscheint einem Deutschland als wenig herausfordernd, wenn man mit einem Gel\u00e4ndefahrzeug unterwegs ist. Nat\u00fcrlich gibt es Offroad-Parks in meist ehemaligen Tagebaugebieten \u2013 aber die sind halt\u2026","rel":"","context":"In &quot;Land&quot;","block_context":{"text":"Land","link":"https:\/\/www.bechmann.org\/amphibium\/category\/land\/"},"img":{"alt_text":"","src":"https:\/\/i0.wp.com\/www.bechmann.org\/amphibium\/wp-content\/uploads\/damph_00-1.jpg?resize=350%2C200&ssl=1","width":350,"height":200,"srcset":"https:\/\/i0.wp.com\/www.bechmann.org\/amphibium\/wp-content\/uploads\/damph_00-1.jpg?resize=350%2C200&ssl=1 1x, https:\/\/i0.wp.com\/www.bechmann.org\/amphibium\/wp-content\/uploads\/damph_00-1.jpg?resize=525%2C300&ssl=1 1.5x, https:\/\/i0.wp.com\/www.bechmann.org\/amphibium\/wp-content\/uploads\/damph_00-1.jpg?resize=700%2C400&ssl=1 2x, https:\/\/i0.wp.com\/www.bechmann.org\/amphibium\/wp-content\/uploads\/damph_00-1.jpg?resize=1050%2C600&ssl=1 3x, https:\/\/i0.wp.com\/www.bechmann.org\/amphibium\/wp-content\/uploads\/damph_00-1.jpg?resize=1400%2C800&ssl=1 4x"},"classes":[]}],"jetpack_sharing_enabled":true,"_links":{"self":[{"href":"https:\/\/www.bechmann.org\/amphibium\/wp-json\/wp\/v2\/posts\/1149","targetHints":{"allow":["GET"]}}],"collection":[{"href":"https:\/\/www.bechmann.org\/amphibium\/wp-json\/wp\/v2\/posts"}],"about":[{"href":"https:\/\/www.bechmann.org\/amphibium\/wp-json\/wp\/v2\/types\/post"}],"author":[{"embeddable":true,"href":"https:\/\/www.bechmann.org\/amphibium\/wp-json\/wp\/v2\/users\/1"}],"replies":[{"embeddable":true,"href":"https:\/\/www.bechmann.org\/amphibium\/wp-json\/wp\/v2\/comments?post=1149"}],"version-history":[{"count":6,"href":"https:\/\/www.bechmann.org\/amphibium\/wp-json\/wp\/v2\/posts\/1149\/revisions"}],"predecessor-version":[{"id":1157,"href":"https:\/\/www.bechmann.org\/amphibium\/wp-json\/wp\/v2\/posts\/1149\/revisions\/1157"}],"wp:attachment":[{"href":"https:\/\/www.bechmann.org\/amphibium\/wp-json\/wp\/v2\/media?parent=1149"}],"wp:term":[{"taxonomy":"category","embeddable":true,"href":"https:\/\/www.bechmann.org\/amphibium\/wp-json\/wp\/v2\/categories?post=1149"},{"taxonomy":"post_tag","embeddable":true,"href":"https:\/\/www.bechmann.org\/amphibium\/wp-json\/wp\/v2\/tags?post=1149"}],"curies":[{"name":"wp","href":"https:\/\/api.w.org\/{rel}","templated":true}]}}