{"id":1063,"date":"2015-10-25T18:40:00","date_gmt":"2015-10-25T17:40:00","guid":{"rendered":"http:\/\/www.bechmann.org\/amphibium\/?p=1063"},"modified":"2015-11-07T16:42:41","modified_gmt":"2015-11-07T15:42:41","slug":"dreck-im-diesel","status":"publish","type":"post","link":"https:\/\/www.bechmann.org\/amphibium\/dreck-im-diesel\/","title":{"rendered":"Dreck im Diesel"},"content":{"rendered":"<p><a href=\"https:\/\/i0.wp.com\/www.bechmann.org\/amphibium\/wp-content\/uploads\/IMG_9630.jpg?ssl=1\"><img data-recalc-dims=\"1\" loading=\"lazy\" decoding=\"async\" title=\"IMG_9630\" style=\"border-top: 0px; border-right: 0px; background-image: none; border-bottom: 0px; padding-top: 0px; padding-left: 0px; border-left: 0px; display: inline; padding-right: 0px\" border=\"0\" alt=\"IMG_9630\" src=\"https:\/\/i0.wp.com\/www.bechmann.org\/amphibium\/wp-content\/uploads\/IMG_9630_thumb.jpg?resize=625%2C470&#038;ssl=1\" width=\"625\" height=\"470\"><\/a><\/p>\n<p>Von Telouet nach Marrakesch verl\u00e4uft quasi die landschaftlich sehr reizvolle Schlussetappe des Fernreiseseminars von <a href=\"http:\/\/eineweltreisen.org\" target=\"_blank\">eineweltreisen.org<\/a>. Fantastische Panoramen zuhauf, ebenso in Lehm an die Bergw\u00e4nde gedr\u00fcckte D\u00f6rfer, viele weitgehend verlassen und in Ruinen. <\/p>\n<p>Die gewundene Stra\u00dfe ist zu Beginn sehr schmal, in schlechtem Zustand, teilweise ist gar kein Asphalt mehr vorhanden. Eine Baustelle nach der anderen, und manche davon scheint vergessen worden zu sein. Zerfallene Br\u00fccken. Nach rund 20 Kilometern m\u00fcndet sie auf eine Hauptroute nach Marrakesch ein, danach wird es unruhig. Noch 100 Kilometer. <\/p>\n<p><a href=\"https:\/\/i0.wp.com\/www.bechmann.org\/amphibium\/wp-content\/uploads\/IMG_9636.jpg?ssl=1\"><img data-recalc-dims=\"1\" loading=\"lazy\" decoding=\"async\" title=\"IMG_9636\" style=\"border-top: 0px; border-right: 0px; background-image: none; border-bottom: 0px; padding-top: 0px; padding-left: 0px; border-left: 0px; display: inline; padding-right: 0px\" border=\"0\" alt=\"IMG_9636\" src=\"https:\/\/i0.wp.com\/www.bechmann.org\/amphibium\/wp-content\/uploads\/IMG_9636_thumb.jpg?resize=625%2C470&#038;ssl=1\" width=\"625\" height=\"470\"><\/a><\/p>\n<p>Viele marokkanische Transport- und Touristenfahrzeuge haben es eilig und suchen ungeduldig ihr Ziel zu erreichen. Dazwischen gro\u00dfdimensionierte Sattelschlepper und Busse. \u00dcberholen und \u00fcberholt werden. Manchmal wirkt die Dachlast gr\u00f6\u00dfer als das eigentliche Fahrzeug. Unser Konvoi aus sieben Offroad-Lkw muss \u00fcberholt werden und \u00fcberholen. Die vorausfahrenden Fahrzeuge melden per Funk den hinteren, wenn kein Auto entgegenkommt und sie freie Bahn haben.<\/p>\n<p><!--more--><\/p>\n<p>Je n\u00e4her Marrakesch r\u00fcckt, desto opulenter und pr\u00e4chtiger Villen und G\u00e4rten am Wegesrande. BMW-Limousinen wechseln sich mit Esels- und Pferde-Fuhrwerken ab. Dazwischen wuseln \u00fcberall Mopeds und Roller. Unser Campingplatz liegt in La Palmeraie, einem etwas au\u00dferhalb liegenden Stadtteil, in dem es von Golf- und Luxus-Resorts wimmelt. Dazwischen wird zu Kamel- und Quad-Touren geladen. <\/p>\n<p><a href=\"https:\/\/i0.wp.com\/www.bechmann.org\/amphibium\/wp-content\/uploads\/IMG_9664.jpg?ssl=1\"><img data-recalc-dims=\"1\" loading=\"lazy\" decoding=\"async\" title=\"IMG_9664\" style=\"border-top: 0px; border-right: 0px; background-image: none; border-bottom: 0px; padding-top: 0px; padding-left: 0px; border-left: 0px; display: inline; padding-right: 0px\" border=\"0\" alt=\"IMG_9664\" src=\"https:\/\/i0.wp.com\/www.bechmann.org\/amphibium\/wp-content\/uploads\/IMG_9664_thumb.jpg?resize=625%2C470&#038;ssl=1\" width=\"625\" height=\"470\"><\/a><\/p>\n<p>Allerdings muss man diese Stra\u00dfe erst erreichen: Unser Unimog startet an diesem Morgen nicht. Was einigerma\u00dfen verwundert, hatten wir ihn doch nachmittags zuvor munter laufend abgestellt. Jetzt aber hustet er qualmend vor sich hin und r\u00fclpst sich dann in den Stillstand. <\/p>\n<p>Unimog-Fahrer und -Experte Franz aus Dingolfing hat den Fehler schnell gefunden \u2013 es hapert an der Dieselzufuhr. Und das Kontrollglas an der Vorf\u00f6rderpumpe zeigt eigenartige kleine schwarze Partikel im Sprit, die dort nichts zu suchen haben. Unser Auto leider unter Verstopfung. <\/p>\n<p><a href=\"https:\/\/i0.wp.com\/www.bechmann.org\/amphibium\/wp-content\/uploads\/IMG_9640.jpg?ssl=1\"><img data-recalc-dims=\"1\" loading=\"lazy\" decoding=\"async\" title=\"IMG_9640\" style=\"border-top: 0px; border-right: 0px; background-image: none; border-bottom: 0px; padding-top: 0px; padding-left: 0px; border-left: 0px; display: inline; padding-right: 0px\" border=\"0\" alt=\"IMG_9640\" src=\"https:\/\/i0.wp.com\/www.bechmann.org\/amphibium\/wp-content\/uploads\/IMG_9640_thumb.jpg?resize=625%2C470&#038;ssl=1\" width=\"625\" height=\"470\"><\/a><\/p>\n<p>Die Dreck-Partikel k\u00f6nnen nur der Umpump-Aktion entstammen, als wir am dritten Unimog in der Gruppe den Diesel aus dessen angerissenem Tank umf\u00fcllten. Ob die Partikel aus diesem Tank kommen oder aus der dazu erstmalig genutzten Pumpe, bleibt offen. Franz reinigt das Schauglas und den darin befindlichen kleinen Filter entschlossen mit Bremsen-Reiniger. Tats\u00e4chlich kommt unser Fahrzeug danach ohne weiteres Stocken in Gang. <\/p>\n<p>In Marrakesch verbringen wir den verbleibenden Tag mit allerlei Aufr\u00e4umarbeiten und Ruhe. Tourguide Holger von <a href=\"http:\/\/erlebnis-offroad.com\/\" target=\"_blank\">erlebnis-offroad.com<\/a> referiert noch ein Seminar-Thema: Outdoor-Erste Hilfe. Wir gehen fr\u00fch ins Bett.<\/p>\n","protected":false},"excerpt":{"rendered":"<p>Von Telouet nach Marrakesch verl\u00e4uft quasi die landschaftlich sehr reizvolle Schlussetappe des Fernreiseseminars von eineweltreisen.org. Fantastische Panoramen zuhauf, ebenso in Lehm an die Bergw\u00e4nde gedr\u00fcckte D\u00f6rfer, viele weitgehend verlassen und in Ruinen. Die gewundene Stra\u00dfe ist zu Beginn sehr schmal, in schlechtem Zustand, teilweise ist gar kein Asphalt mehr vorhanden. Eine Baustelle nach der anderen, [&hellip;]<\/p>\n","protected":false},"author":1,"featured_media":0,"comment_status":"open","ping_status":"open","sticky":false,"template":"","format":"standard","meta":{"jetpack_post_was_ever_published":false,"_jetpack_newsletter_access":"","_jetpack_dont_email_post_to_subs":false,"_jetpack_newsletter_tier_id":0,"_jetpack_memberships_contains_paywalled_content":false,"_jetpack_memberships_contains_paid_content":false,"footnotes":"","jetpack_publicize_message":"","jetpack_publicize_feature_enabled":true,"jetpack_social_post_already_shared":true,"jetpack_social_options":{"image_generator_settings":{"template":"highway","default_image_id":0,"font":"","enabled":false},"version":2}},"categories":[2],"tags":[112,34,88,85],"class_list":["post-1063","post","type-post","status-publish","format-standard","hentry","category-land","tag-fernreiseseminar","tag-marokko","tag-marrakesh","tag-telouet"],"jetpack_publicize_connections":[],"jetpack_featured_media_url":"","jetpack_shortlink":"https:\/\/wp.me\/p4DyUk-h9","jetpack-related-posts":[{"id":3304,"url":"https:\/\/www.bechmann.org\/amphibium\/stellplatzprotokoll-meteora-klster-griechenland\/","url_meta":{"origin":1063,"position":0},"title":"Stellplatzprotokoll Meteora, Griechenland","author":"Oliver","date":"4. Mai 2018","format":false,"excerpt":"Mit einem Offroad-Reisemobil unterwegs zu sein und meist die Natur zu suchen, hei\u00dft nicht, auch mal eine Touristenattraktion anzusteuern. W\u00e4re eine W\u00fcstentour in Marokko denkbar, ohne dabei mal in Marrakesch, Fes oder Meknes gewesen zu sein? Nach Olympia, Sparta\/Mystras und Korinth nunmehr die Meteora-Kl\u00f6ster im Landesinneren. Alles ist voller Touristen\u2026","rel":"","context":"In &quot;Coyote Mentoring&quot;","block_context":{"text":"Coyote Mentoring","link":"https:\/\/www.bechmann.org\/amphibium\/category\/coyote-mentoring\/"},"img":{"alt_text":"stellplatz meteora","src":"https:\/\/i0.wp.com\/www.bechmann.org\/amphibium\/wp-content\/uploads\/stellplatz-meteora_thumb.jpg?resize=350%2C200","width":350,"height":200,"srcset":"https:\/\/i0.wp.com\/www.bechmann.org\/amphibium\/wp-content\/uploads\/stellplatz-meteora_thumb.jpg?resize=350%2C200 1x, https:\/\/i0.wp.com\/www.bechmann.org\/amphibium\/wp-content\/uploads\/stellplatz-meteora_thumb.jpg?resize=525%2C300 1.5x, https:\/\/i0.wp.com\/www.bechmann.org\/amphibium\/wp-content\/uploads\/stellplatz-meteora_thumb.jpg?resize=700%2C400 2x"},"classes":[]},{"id":1072,"url":"https:\/\/www.bechmann.org\/amphibium\/marrakesch-asilah-tanger-med-frankfurt\/","url_meta":{"origin":1063,"position":1},"title":"Marrakesch. Asilah. Tanger Med. Frankfurt.","author":"Oliver","date":"28. Oktober 2015","format":false,"excerpt":"Marrakesch \u2013 willkommen im Mainstream-Tourismus! In Marrakesch ist viel erlaubt und vieles m\u00f6glich, was auf dem flachen marokkanischen Lande undenkbar w\u00e4re. Der Kleidungsstil junger Frauen etwa. Sp\u00e4ter, beim Imbiss heute, wird sich eine dieser junge Frauen so hinter mich setzen, dass ein Blick auf den sexy roten Tanga-Slip nicht ausbleiben\u2026","rel":"","context":"In &quot;Land&quot;","block_context":{"text":"Land","link":"https:\/\/www.bechmann.org\/amphibium\/category\/land\/"},"img":{"alt_text":"IMG_9724","src":"https:\/\/i0.wp.com\/www.bechmann.org\/amphibium\/wp-content\/uploads\/IMG_9724_thumb.jpg?resize=350%2C200","width":350,"height":200,"srcset":"https:\/\/i0.wp.com\/www.bechmann.org\/amphibium\/wp-content\/uploads\/IMG_9724_thumb.jpg?resize=350%2C200 1x, https:\/\/i0.wp.com\/www.bechmann.org\/amphibium\/wp-content\/uploads\/IMG_9724_thumb.jpg?resize=525%2C300 1.5x"},"classes":[]},{"id":3635,"url":"https:\/\/www.bechmann.org\/amphibium\/marrakesch-el-jadida-ii-larache-ksar-seghir\/","url_meta":{"origin":1063,"position":2},"title":"Zur\u00fcck in der Zivilisation II","author":"Oliver","date":"25. November 2018","format":false,"excerpt":"Djamaa el-Fna in der Morgenstunde: Ruhe vor dem Sturm Wer von den Frankfurtern geht privat zum Kaffee- oder Apfelweintrinken auf den R\u00f6merberg, wo Touristenscharen sich im historischen Ensemble auf und ab bewegen? Na also: Unser Bekannter in Marrakesch findet es auch keine gute Idee, sich ausgerechnet im Caf\u00e9 de France\u2026","rel":"","context":"In &quot;Land&quot;","block_context":{"text":"Land","link":"https:\/\/www.bechmann.org\/amphibium\/category\/land\/"},"img":{"alt_text":"","src":"https:\/\/i0.wp.com\/www.bechmann.org\/amphibium\/wp-content\/uploads\/eljadida-1.jpg?resize=350%2C200","width":350,"height":200,"srcset":"https:\/\/i0.wp.com\/www.bechmann.org\/amphibium\/wp-content\/uploads\/eljadida-1.jpg?resize=350%2C200 1x, https:\/\/i0.wp.com\/www.bechmann.org\/amphibium\/wp-content\/uploads\/eljadida-1.jpg?resize=525%2C300 1.5x, https:\/\/i0.wp.com\/www.bechmann.org\/amphibium\/wp-content\/uploads\/eljadida-1.jpg?resize=700%2C400 2x, https:\/\/i0.wp.com\/www.bechmann.org\/amphibium\/wp-content\/uploads\/eljadida-1.jpg?resize=1050%2C600 3x, https:\/\/i0.wp.com\/www.bechmann.org\/amphibium\/wp-content\/uploads\/eljadida-1.jpg?resize=1400%2C800 4x"},"classes":[]},{"id":1026,"url":"https:\/\/www.bechmann.org\/amphibium\/musik-im-sandteich\/","url_meta":{"origin":1063,"position":3},"title":"Musik im Sandteich","author":"Oliver","date":"21. Oktober 2015","format":false,"excerpt":"Endlich im Sand! Auch wenn das Atlasgebirge seinen eigenen Reiz hat, so f\u00e4hrt man Europ\u00e4er doch nach Marokko, weil die W\u00fcste lebt und ruft. Wie erw\u00e4hnt, sind die beiden Sahara-Ausl\u00e4ufer, Erg Chegaga und Erg Chebbi, ein T\u00fcmpel im Verh\u00e4ltnis zu dem Sandmeer, das in Algerien, Mauretanien, Libyen oder sogar im\u2026","rel":"","context":"In &quot;Land&quot;","block_context":{"text":"Land","link":"https:\/\/www.bechmann.org\/amphibium\/category\/land\/"},"img":{"alt_text":"IMG_8061","src":"https:\/\/i0.wp.com\/www.bechmann.org\/amphibium\/wp-content\/uploads\/IMG_8061_thumb.jpg?resize=350%2C200","width":350,"height":200,"srcset":"https:\/\/i0.wp.com\/www.bechmann.org\/amphibium\/wp-content\/uploads\/IMG_8061_thumb.jpg?resize=350%2C200 1x, https:\/\/i0.wp.com\/www.bechmann.org\/amphibium\/wp-content\/uploads\/IMG_8061_thumb.jpg?resize=525%2C300 1.5x"},"classes":[]},{"id":1044,"url":"https:\/\/www.bechmann.org\/amphibium\/tchechische-militroldies\/","url_meta":{"origin":1063,"position":4},"title":"Tschechische Milit\u00e4roldies","author":"Oliver","date":"23. Oktober 2015","format":false,"excerpt":"Der morgendliche Blick aus dem Fahrzeug-Fenster zeigt sonnen-bestrahlte Sand-D\u00fcnen. Der morgendliche Gang \u00fcber den n\u00e4chstgelegenen D\u00fcnen-Kamm zur Outdoor-Toilette zeigt Desert Camps in allen vier Himmelsrichtungen \u2013 meist mit Touristen aus Marrakesch belegt, die zum kurzweiligen Camel-Trip per LandCruiser eingekarrt werden. In der marokkanischen Sand-W\u00fcste ist man nicht wirklich allein. Aber\u2026","rel":"","context":"In &quot;Land&quot;","block_context":{"text":"Land","link":"https:\/\/www.bechmann.org\/amphibium\/category\/land\/"},"img":{"alt_text":"IMG_8214","src":"https:\/\/i0.wp.com\/www.bechmann.org\/amphibium\/wp-content\/uploads\/IMG_8214_thumb.jpg?resize=350%2C200","width":350,"height":200,"srcset":"https:\/\/i0.wp.com\/www.bechmann.org\/amphibium\/wp-content\/uploads\/IMG_8214_thumb.jpg?resize=350%2C200 1x, https:\/\/i0.wp.com\/www.bechmann.org\/amphibium\/wp-content\/uploads\/IMG_8214_thumb.jpg?resize=525%2C300 1.5x"},"classes":[]},{"id":6,"url":"https:\/\/www.bechmann.org\/amphibium\/dass-dir-rose-dir-ein-beispiel-gebe\/","url_meta":{"origin":1063,"position":5},"title":"Dass die Rose dir ein Beispiel gebe","author":"Oliver","date":"5. Mai 2014","format":false,"excerpt":"Zur\u00fcck von unserer Marokko-Tour vom 6.-28. April; eine besondere Herausforderung, die wir\u00a0mit der Z\u00e4higkeit von\u00a0\u00a0(Ex-)Triathleten gut zu \u00fcberstehen wussten: Mehr als zwei Tage jeweils Hin- und R\u00fcckfahrt mit der F\u00e4hre, dann ging es in Tanger Med los - \u00fcber Chefchaouen, Fes, Modelt, Imilchil in die Sahara-Ausl\u00e4ufer bei Zagora und \u00fcber\u2026","rel":"","context":"In &quot;Land&quot;","block_context":{"text":"Land","link":"https:\/\/www.bechmann.org\/amphibium\/category\/land\/"},"img":{"alt_text":"Hafis-Poem","src":"https:\/\/i0.wp.com\/www.bechmann.org\/amphibium\/wp-content\/uploads\/Marokko2014-14.jpg?resize=350%2C200","width":350,"height":200,"srcset":"https:\/\/i0.wp.com\/www.bechmann.org\/amphibium\/wp-content\/uploads\/Marokko2014-14.jpg?resize=350%2C200 1x, https:\/\/i0.wp.com\/www.bechmann.org\/amphibium\/wp-content\/uploads\/Marokko2014-14.jpg?resize=525%2C300 1.5x, https:\/\/i0.wp.com\/www.bechmann.org\/amphibium\/wp-content\/uploads\/Marokko2014-14.jpg?resize=700%2C400 2x"},"classes":[]}],"jetpack_sharing_enabled":true,"_links":{"self":[{"href":"https:\/\/www.bechmann.org\/amphibium\/wp-json\/wp\/v2\/posts\/1063","targetHints":{"allow":["GET"]}}],"collection":[{"href":"https:\/\/www.bechmann.org\/amphibium\/wp-json\/wp\/v2\/posts"}],"about":[{"href":"https:\/\/www.bechmann.org\/amphibium\/wp-json\/wp\/v2\/types\/post"}],"author":[{"embeddable":true,"href":"https:\/\/www.bechmann.org\/amphibium\/wp-json\/wp\/v2\/users\/1"}],"replies":[{"embeddable":true,"href":"https:\/\/www.bechmann.org\/amphibium\/wp-json\/wp\/v2\/comments?post=1063"}],"version-history":[{"count":2,"href":"https:\/\/www.bechmann.org\/amphibium\/wp-json\/wp\/v2\/posts\/1063\/revisions"}],"predecessor-version":[{"id":1090,"href":"https:\/\/www.bechmann.org\/amphibium\/wp-json\/wp\/v2\/posts\/1063\/revisions\/1090"}],"wp:attachment":[{"href":"https:\/\/www.bechmann.org\/amphibium\/wp-json\/wp\/v2\/media?parent=1063"}],"wp:term":[{"taxonomy":"category","embeddable":true,"href":"https:\/\/www.bechmann.org\/amphibium\/wp-json\/wp\/v2\/categories?post=1063"},{"taxonomy":"post_tag","embeddable":true,"href":"https:\/\/www.bechmann.org\/amphibium\/wp-json\/wp\/v2\/tags?post=1063"}],"curies":[{"name":"wp","href":"https:\/\/api.w.org\/{rel}","templated":true}]}}