{"id":10196,"date":"2026-02-27T20:42:26","date_gmt":"2026-02-27T19:42:26","guid":{"rendered":"https:\/\/www.bechmann.org\/amphibium\/?p=10196"},"modified":"2026-03-11T19:26:08","modified_gmt":"2026-03-11T18:26:08","slug":"das-amphibium-in-den-sozialen-medien","status":"publish","type":"post","link":"https:\/\/www.bechmann.org\/amphibium\/das-amphibium-in-den-sozialen-medien\/","title":{"rendered":"Das Amphibium in den Sozialen Medien"},"content":{"rendered":"\n<p>Feierabend! Finito! Das Amphibium verabschiedet sich: Auf Wiedersehen im Fediverse!<br>Was sich zu schreiben und zu zeigen lohnt, findet sich auf Mastodon:<\/p>\n\n\n\n<ul class=\"wp-block-list\">\n<li>-> @dasamphibium@mastodon.africa<\/li>\n<\/ul>\n\n\n\n<p>Wer nicht hat, bitte Mastodon-Account erstellen. Wie geht das?<\/p>\n\n\n\n<p><a href=\"https:\/\/www.bfdi.bund.de\/SharedDocs\/Kurzmeldungen\/DE\/2022\/04_Schnelleinstieg-Mastodon.html\" target=\"_blank\" rel=\"noreferrer noopener\">Mastodon-Schnelleinstieg (hier klicken)<\/a>. Danach &#8222;@dasamphibium&#8220; suchen und folgen.<\/p>\n\n\n\n<p>Was ist das Fediverse? -&gt; Siehe <a href=\"https:\/\/de.wikipedia.org\/wiki\/Fediverse\" target=\"_blank\" rel=\"noreferrer noopener\">Wikipedia (..hier klicken)<\/a><\/p>\n\n\n\n<p><\/p>\n","protected":false},"excerpt":{"rendered":"<p>Feierabend! Finito! Das Amphibium verabschiedet sich: Auf Wiedersehen im Fediverse!Was sich zu schreiben und zu zeigen lohnt, findet sich auf Mastodon: Wer nicht hat, bitte Mastodon-Account erstellen. Wie geht das? Mastodon-Schnelleinstieg (hier klicken). Danach &#8222;@dasamphibium&#8220; suchen und folgen. Was ist das Fediverse? -&gt; Siehe Wikipedia (..hier klicken)<\/p>\n","protected":false},"author":1,"featured_media":0,"comment_status":"open","ping_status":"open","sticky":false,"template":"","format":"standard","meta":{"jetpack_post_was_ever_published":false,"_jetpack_newsletter_access":"","_jetpack_dont_email_post_to_subs":false,"_jetpack_newsletter_tier_id":0,"_jetpack_memberships_contains_paywalled_content":false,"_jetpack_memberships_contains_paid_content":false,"footnotes":"","jetpack_publicize_message":"","jetpack_publicize_feature_enabled":true,"jetpack_social_post_already_shared":true,"jetpack_social_options":{"image_generator_settings":{"template":"highway","default_image_id":0,"font":"","enabled":false},"version":2}},"categories":[2],"tags":[1027,1025,1026],"class_list":["post-10196","post","type-post","status-publish","format-standard","hentry","category-land","tag-bluesky","tag-fediverse","tag-mastodon"],"jetpack_publicize_connections":[],"jetpack_featured_media_url":"","jetpack_shortlink":"https:\/\/wp.me\/p4DyUk-2Es","jetpack-related-posts":[{"id":10050,"url":"https:\/\/www.bechmann.org\/amphibium\/photoshortstory-buffelsrivier\/","url_meta":{"origin":10196,"position":0},"title":"Photoshortstory: Buffelsrivier","author":"Oliver","date":"27. November 2025","format":false,"excerpt":"#dasamphibium #photoshortstory #southafrica #buffelsrivier #somewhere #nowhere #travel #overlanding #gravelpad #graveltravel #offroad #offroadlife #outdoor #outdoorlife #landrover #landroverdefender #landroverlife #landrovervagabond #vagabond #bushcamping #goingslowlynowhere Welche Geschichte erz\u00e4hlen dir die Bilder? Schreib' deine als Kommentar\u2026","rel":"","context":"In &quot;Land&quot;","block_context":{"text":"Land","link":"https:\/\/www.bechmann.org\/amphibium\/category\/land\/"},"img":{"alt_text":"","src":"https:\/\/i0.wp.com\/www.bechmann.org\/amphibium\/wp-content\/uploads\/IMG_20251127_163855668.jpg?fit=1200%2C900&ssl=1&resize=350%2C200","width":350,"height":200,"srcset":"https:\/\/i0.wp.com\/www.bechmann.org\/amphibium\/wp-content\/uploads\/IMG_20251127_163855668.jpg?fit=1200%2C900&ssl=1&resize=350%2C200 1x, https:\/\/i0.wp.com\/www.bechmann.org\/amphibium\/wp-content\/uploads\/IMG_20251127_163855668.jpg?fit=1200%2C900&ssl=1&resize=525%2C300 1.5x, https:\/\/i0.wp.com\/www.bechmann.org\/amphibium\/wp-content\/uploads\/IMG_20251127_163855668.jpg?fit=1200%2C900&ssl=1&resize=700%2C400 2x, https:\/\/i0.wp.com\/www.bechmann.org\/amphibium\/wp-content\/uploads\/IMG_20251127_163855668.jpg?fit=1200%2C900&ssl=1&resize=1050%2C600 3x"},"classes":[]},{"id":7515,"url":"https:\/\/www.bechmann.org\/amphibium\/cabrio-tour-spanien-iv-nerja-aguadulce\/","url_meta":{"origin":10196,"position":1},"title":"Cabrio-Tour Spanien I\/IV: Nerja &#038; Aguadulce","author":"Oliver","date":"25. September 2023","format":false,"excerpt":"Wassermangel und Plastikplanen: Der Aushang an der Stranddusche belehrt dar\u00fcber, sie nur zum Abduschen zu nutzen - und nicht zum Reinigen von Sport- und Spielger\u00e4ten. Spielt im Moment aber keine Rolle: Das Wasser ist g\u00e4nzlich abgedreht. Auf der H\u00f6he von Motril erhebt sich an Land das \"mare plastico\" : Kilometer\u2026","rel":"","context":"In &quot;Bilder-Geschichte&quot;","block_context":{"text":"Bilder-Geschichte","link":"https:\/\/www.bechmann.org\/amphibium\/category\/bilder-geschichte\/"},"img":{"alt_text":"","src":"https:\/\/i0.wp.com\/www.bechmann.org\/amphibium\/wp-content\/uploads\/20230924_150023-scaled.jpg?resize=350%2C200&ssl=1","width":350,"height":200,"srcset":"https:\/\/i0.wp.com\/www.bechmann.org\/amphibium\/wp-content\/uploads\/20230924_150023-scaled.jpg?resize=350%2C200&ssl=1 1x, https:\/\/i0.wp.com\/www.bechmann.org\/amphibium\/wp-content\/uploads\/20230924_150023-scaled.jpg?resize=525%2C300&ssl=1 1.5x, https:\/\/i0.wp.com\/www.bechmann.org\/amphibium\/wp-content\/uploads\/20230924_150023-scaled.jpg?resize=700%2C400&ssl=1 2x, https:\/\/i0.wp.com\/www.bechmann.org\/amphibium\/wp-content\/uploads\/20230924_150023-scaled.jpg?resize=1050%2C600&ssl=1 3x, https:\/\/i0.wp.com\/www.bechmann.org\/amphibium\/wp-content\/uploads\/20230924_150023-scaled.jpg?resize=1400%2C800&ssl=1 4x"},"classes":[]},{"id":10031,"url":"https:\/\/www.bechmann.org\/amphibium\/photoshortstory-kagga-kamma\/","url_meta":{"origin":10196,"position":2},"title":"Photoshortstory: Kagga Kamma II","author":"Oliver","date":"26. November 2025","format":false,"excerpt":"dasamphibium #photoshortstory #southafrica #kaggakamma #somewhere #nowhere #travel #overlanding #gravelpad #graveltravel #offroad #offroadlife #outdoor #outdoorlife #landrover #landroverdefender #landroverlife #landrovervagabond #vagabond #bushcamping #goingslowlynowhere Welche Geschichte erz\u00e4hlen dir die Bilder? Schreib' deine als Kommentar...","rel":"","context":"In &quot;Land&quot;","block_context":{"text":"Land","link":"https:\/\/www.bechmann.org\/amphibium\/category\/land\/"},"img":{"alt_text":"","src":"https:\/\/i0.wp.com\/www.bechmann.org\/amphibium\/wp-content\/uploads\/20251126_145830.jpg?fit=1200%2C900&ssl=1&resize=350%2C200","width":350,"height":200,"srcset":"https:\/\/i0.wp.com\/www.bechmann.org\/amphibium\/wp-content\/uploads\/20251126_145830.jpg?fit=1200%2C900&ssl=1&resize=350%2C200 1x, https:\/\/i0.wp.com\/www.bechmann.org\/amphibium\/wp-content\/uploads\/20251126_145830.jpg?fit=1200%2C900&ssl=1&resize=525%2C300 1.5x, https:\/\/i0.wp.com\/www.bechmann.org\/amphibium\/wp-content\/uploads\/20251126_145830.jpg?fit=1200%2C900&ssl=1&resize=700%2C400 2x, https:\/\/i0.wp.com\/www.bechmann.org\/amphibium\/wp-content\/uploads\/20251126_145830.jpg?fit=1200%2C900&ssl=1&resize=1050%2C600 3x"},"classes":[]},{"id":7510,"url":"https:\/\/www.bechmann.org\/amphibium\/cabrio-tour-spanien-ii-merida-la-linea-de-la-concepcion\/","url_meta":{"origin":10196,"position":3},"title":"Cabrio-Tour Spanien I\/II: M\u00e9rida &#038; La Linea de la Conc\u00e9pcion","author":"Oliver","date":"20. September 2023","format":false,"excerpt":"Google Maps f\u00fchrt uns im kleinen Fiat 500 mit Rolldach durch verbrannte portugiesische Landschaften, Korkeichenw\u00e4lder und bringt uns zu spanischen Olivenhainen. In M\u00e9rida in der s\u00fcdspanischen Extremadura beziehen wir Quartier im farbenfrohen Hotel \"La Flor do Al-Andalus\" und wandern tags darauf durch die von r\u00f6mischen Ruinen gepr\u00e4gte Stadt. (Aufs Bild\u2026","rel":"","context":"In &quot;Bilder-Geschichte&quot;","block_context":{"text":"Bilder-Geschichte","link":"https:\/\/www.bechmann.org\/amphibium\/category\/bilder-geschichte\/"},"img":{"alt_text":"","src":"https:\/\/i0.wp.com\/www.bechmann.org\/amphibium\/wp-content\/uploads\/20230920_2034012-scaled.jpg?resize=350%2C200&ssl=1","width":350,"height":200,"srcset":"https:\/\/i0.wp.com\/www.bechmann.org\/amphibium\/wp-content\/uploads\/20230920_2034012-scaled.jpg?resize=350%2C200&ssl=1 1x, https:\/\/i0.wp.com\/www.bechmann.org\/amphibium\/wp-content\/uploads\/20230920_2034012-scaled.jpg?resize=525%2C300&ssl=1 1.5x, https:\/\/i0.wp.com\/www.bechmann.org\/amphibium\/wp-content\/uploads\/20230920_2034012-scaled.jpg?resize=700%2C400&ssl=1 2x, https:\/\/i0.wp.com\/www.bechmann.org\/amphibium\/wp-content\/uploads\/20230920_2034012-scaled.jpg?resize=1050%2C600&ssl=1 3x, https:\/\/i0.wp.com\/www.bechmann.org\/amphibium\/wp-content\/uploads\/20230920_2034012-scaled.jpg?resize=1400%2C800&ssl=1 4x"},"classes":[]},{"id":10074,"url":"https:\/\/www.bechmann.org\/amphibium\/photoshortstory-tankwa-karoo-iii-2\/","url_meta":{"origin":10196,"position":4},"title":"Photoshortstory: Tankwa Karoo III","author":"Oliver","date":"24. November 2025","format":false,"excerpt":"#dasamphibium #photoshortstory #southafrica #tankwakaroo #somewhere #nowhere #travel #overlanding #gravelpad #graveltravel #offroad #offroadlife #outdoor #outdoorlife #landrover #landroverdefender #landroverlife #landrovervagabond #vagabond #nonomad #bushcamping #goingslowlynowhere Welche Geschichte erz\u00e4hlen dir die Bilder? Schreib\u2018 deine als Kommentar\u2026","rel":"","context":"In &quot;Land&quot;","block_context":{"text":"Land","link":"https:\/\/www.bechmann.org\/amphibium\/category\/land\/"},"img":{"alt_text":"","src":"https:\/\/i0.wp.com\/www.bechmann.org\/amphibium\/wp-content\/uploads\/DSC06387-1.jpg?resize=350%2C200&ssl=1","width":350,"height":200,"srcset":"https:\/\/i0.wp.com\/www.bechmann.org\/amphibium\/wp-content\/uploads\/DSC06387-1.jpg?resize=350%2C200&ssl=1 1x, https:\/\/i0.wp.com\/www.bechmann.org\/amphibium\/wp-content\/uploads\/DSC06387-1.jpg?resize=525%2C300&ssl=1 1.5x, https:\/\/i0.wp.com\/www.bechmann.org\/amphibium\/wp-content\/uploads\/DSC06387-1.jpg?resize=700%2C400&ssl=1 2x, https:\/\/i0.wp.com\/www.bechmann.org\/amphibium\/wp-content\/uploads\/DSC06387-1.jpg?resize=1050%2C600&ssl=1 3x, https:\/\/i0.wp.com\/www.bechmann.org\/amphibium\/wp-content\/uploads\/DSC06387-1.jpg?resize=1400%2C800&ssl=1 4x"},"classes":[]},{"id":7517,"url":"https:\/\/www.bechmann.org\/amphibium\/cabrio-tour-spanien-v-tabernas-baza\/","url_meta":{"origin":10196,"position":5},"title":"Cabrio-Tour Spanien I\/V: Tabernas &#038; Baza","author":"Oliver","date":"26. September 2023","format":false,"excerpt":"In der Desierto de Tabernas - eine der wenigen echten Halbw\u00fcsten Europas - besuchen wir den namensgebenden Ort samt dessen auf einem H\u00fcgel liegenden verfallen(d)en maurischen Kastell. Auf dem Weg von Roquetas de Mar kommen wir wieder an Plastikplanen vorbei; sp\u00e4ter dann zur Desierto de Tabernas, die wir vor zehn\u2026","rel":"","context":"In &quot;Bilder-Geschichte&quot;","block_context":{"text":"Bilder-Geschichte","link":"https:\/\/www.bechmann.org\/amphibium\/category\/bilder-geschichte\/"},"img":{"alt_text":"","src":"https:\/\/i0.wp.com\/www.bechmann.org\/amphibium\/wp-content\/uploads\/20230926_131340-scaled.jpg?resize=350%2C200&ssl=1","width":350,"height":200,"srcset":"https:\/\/i0.wp.com\/www.bechmann.org\/amphibium\/wp-content\/uploads\/20230926_131340-scaled.jpg?resize=350%2C200&ssl=1 1x, https:\/\/i0.wp.com\/www.bechmann.org\/amphibium\/wp-content\/uploads\/20230926_131340-scaled.jpg?resize=525%2C300&ssl=1 1.5x, https:\/\/i0.wp.com\/www.bechmann.org\/amphibium\/wp-content\/uploads\/20230926_131340-scaled.jpg?resize=700%2C400&ssl=1 2x, https:\/\/i0.wp.com\/www.bechmann.org\/amphibium\/wp-content\/uploads\/20230926_131340-scaled.jpg?resize=1050%2C600&ssl=1 3x, https:\/\/i0.wp.com\/www.bechmann.org\/amphibium\/wp-content\/uploads\/20230926_131340-scaled.jpg?resize=1400%2C800&ssl=1 4x"},"classes":[]}],"jetpack_sharing_enabled":true,"_links":{"self":[{"href":"https:\/\/www.bechmann.org\/amphibium\/wp-json\/wp\/v2\/posts\/10196","targetHints":{"allow":["GET"]}}],"collection":[{"href":"https:\/\/www.bechmann.org\/amphibium\/wp-json\/wp\/v2\/posts"}],"about":[{"href":"https:\/\/www.bechmann.org\/amphibium\/wp-json\/wp\/v2\/types\/post"}],"author":[{"embeddable":true,"href":"https:\/\/www.bechmann.org\/amphibium\/wp-json\/wp\/v2\/users\/1"}],"replies":[{"embeddable":true,"href":"https:\/\/www.bechmann.org\/amphibium\/wp-json\/wp\/v2\/comments?post=10196"}],"version-history":[{"count":6,"href":"https:\/\/www.bechmann.org\/amphibium\/wp-json\/wp\/v2\/posts\/10196\/revisions"}],"predecessor-version":[{"id":10212,"href":"https:\/\/www.bechmann.org\/amphibium\/wp-json\/wp\/v2\/posts\/10196\/revisions\/10212"}],"wp:attachment":[{"href":"https:\/\/www.bechmann.org\/amphibium\/wp-json\/wp\/v2\/media?parent=10196"}],"wp:term":[{"taxonomy":"category","embeddable":true,"href":"https:\/\/www.bechmann.org\/amphibium\/wp-json\/wp\/v2\/categories?post=10196"},{"taxonomy":"post_tag","embeddable":true,"href":"https:\/\/www.bechmann.org\/amphibium\/wp-json\/wp\/v2\/tags?post=10196"}],"curies":[{"name":"wp","href":"https:\/\/api.w.org\/{rel}","templated":true}]}}